{"id":28005,"date":"2024-06-25T13:41:59","date_gmt":"2024-06-25T11:41:59","guid":{"rendered":"https:\/\/www.werbewoche.ch\/?p=217153"},"modified":"2024-11-10T09:26:03","modified_gmt":"2024-11-10T08:26:03","slug":"wirz-gestaltet-die-gesundheitswelt-zollikerberg","status":"publish","type":"post","link":"https:\/\/www.organisator.ch\/de\/marketing\/2024-06-25\/wirz-gestaltet-die-gesundheitswelt-zollikerberg\/","title":{"rendered":"Wirz gestaltet die Gesundheitswelt Zollikerberg"},"content":{"rendered":"<p><img class=\"aligncenter wp-image-217157 size-full\" src=\"https:\/\/www.werbewoche.ch\/wp-content\/uploads\/2024\/06\/1_TItelbild-1800-x-1200.jpg\" alt=\"Gesundheitswelt Zollikerberg\" width=\"1200\" height=\"800\" \/><\/p>\r\n<p>Vor 165 Jahren schlossen sich mutige Frauen zusammen, um die Pflege zu professionalisieren und das Gesundheitssystem zu verbessern. Die Gesundheitsorganisation umfasst heute \u00fcber 1\u2019600 Mitarbeitende in acht Betrieben \u2013 darunter das Spital Zollikerberg.<\/p>\r\n<p>Gemeinsam mit Wirz startete die Stiftung ein umfassendes Zukunftsprojekt. Ziel war es, die Identit\u00e4t nach innen und aussen besser erlebbar zu machen und sich noch klarer zu positionieren. \u00abUnsere menschlichen Werte in Verbindung mit qualitativ hochstehenden Gesundheitsdienstleistungen unterscheidet uns im Markt. Diese St\u00e4rken wollen wir in den Fokus r\u00fccken und f\u00fcr die Menschen besser sichtbar machen\u00bb, erkl\u00e4rt Stiftungsdirektorin Regine Strittmatter.<\/p>\r\n<p><a href=\"https:\/\/www.werbewoche.ch\/wp-content\/uploads\/2024\/06\/5_medien-1800-x-1209.jpg\"><img class=\"attachment-full size-full\" src=\"https:\/\/www.werbewoche.ch\/wp-content\/uploads\/2024\/06\/5_medien-1800-x-1209.jpg\" alt=\"\" width=\"1200\" height=\"800\" \/><\/a> <a href=\"https:\/\/www.werbewoche.ch\/wp-content\/uploads\/2024\/06\/7_medien-1800-x-1212.jpg\"><img class=\"attachment-full size-full\" src=\"https:\/\/www.werbewoche.ch\/wp-content\/uploads\/2024\/06\/7_medien-1800-x-1212.jpg\" alt=\"\" width=\"1200\" height=\"800\" \/><\/a><\/p>\r\n<h3><strong>Werteorientierte Transformation<\/strong><\/h3>\r\n<p>Die Agentur entwickelte gemeinsam mit der Stiftung und den Betrieben Schritt f\u00fcr Schritt den neuen Auftritt. In der ersten Phase wurde auf Basis der Stiftungsziele eine gruppenweite Kommunikationsstrategie erarbeitet. Danach folgte die \u00dcbersetzung in einen Markenauftritt, der Werte und Haltung ins Zentrum r\u00fcckt und f\u00fcr alle Betriebe eine differenzierende Marktpositionierung erm\u00f6glicht. Anschliessend erfolgte die Implementierung und \u00dcbersetzung in konkrete Mittel und Massnahmen. Im Zentrum standen dabei die Konzeption und Entwicklung der gruppenweiten Website.<\/p>\r\n<p>\u00abDie gemeinsamen Werte sind stark verankert und treiben diese Organisation voran. Wir haben diese Kraft genutzt, um das Profil zu sch\u00e4rfen und erlebbar zu machen. Der neue Auftritt inspiriert, schafft N\u00e4he und \u00f6ffnet neue Zukunftsperspektiven\u00bb, sagt Pascal K\u00fcnzli, Director Brand Consulting bei Wirz.<\/p>\r\n<p><img class=\"aligncenter wp-image-217158 size-full\" src=\"https:\/\/www.werbewoche.ch\/wp-content\/uploads\/2024\/06\/3_medien-1800-x-1208-e1719320604479.jpg\" alt=\"\" width=\"1200\" height=\"560\" \/><\/p>\r\n<h3><strong>Aufbruch in die Gesundheitszukunft<\/strong><\/h3>\r\n<p>Um den Menschen das breite Leistungsangebot klarer zu vermitteln, wurde zus\u00e4tzlich zum neuen Auftritt die \u00abGesundheitswelt Zollikerberg\u00bb geschaffen. Sie fasst unter einem Namen zusammen, was die Stiftung und ihre acht Betriebe tagt\u00e4glich leisten. Die Dachmarke bringt den ganzheitlichen Gesundheitsansatz auf den Punkt, schafft \u00dcbersicht und Zusammengeh\u00f6rigkeit. Die Dachmarke positioniert die Gesundheitswelt auch bei potenziellen Arbeitnehmenden und zeigt dabei die vielseitigen Karrierem\u00f6glichkeiten auf.<\/p>\r\n<p>Mit der <a href=\"https:\/\/gesundheitswelt-zollikerberg.ch\/de\" rel=\"noopener\">Lancierung der neuen Website<\/a> Ende M\u00e4rz 2024 wurde ein entscheidender Meilenstein erreicht. Wirz begleitete die Stiftung in allen Projektphasen und unterst\u00fctzte mit strategischer Beratung, Kreation und Umsetzung in Branding und Kommunikation. Das Resultat ist ein grundlegend weiterentwickelter Auftritt, der mehr Sichtbarkeit und Relevanz schafft und auf das fokussiert, worauf es in der Gesundheitswelt Zollikerberg ankommt: F\u00fcr Menschen da sein \u2013 in jeder Lebenslage.<\/p>\r\n<p><\/p>\r\n<hr \/>\r\n<p><strong>Verantwortlich bei der Gesundheitswelt Zollikerberg: <\/strong>Lic. oec. HSG Katharina Kull-Benz (Pr\u00e4sidentin des Stiftungsrates), Dr. Regine Strittmatter (Stiftungsdirektorin), Annika Perrozzi (Leiterin Kommunikation &amp; Marketing Stiftung Diakoniewerk Neum\u00fcnster), Daniela Thier (Leiterin Marketing &amp; Kommunikation Spital Zollikerberg). <strong>Verantwortlich bei Wirz Group: <\/strong>Pascal K\u00fcnzli, Timo Lorch, Ann-Iris Weinblum, Bastian Heer, Louise Chanton.<\/p>","protected":false},"excerpt":{"rendered":"<p>Den Menschen in seiner Ganzheitlichkeit betrachten und umfassend helfen \u2013 das ist der Kern der Stiftung Diakoniewerk Neum\u00fcnster \u2013 Schweizerische Pflegerinnenschule. Mit gruppenweiter Kommunikationsstrategie, neuem Markenauftritt und neuer Dachmarke r\u00fcckt Wirz diese Haltung der Stiftung ins Zentrum ihrer Identit\u00e4t.<\/p>\n","protected":false},"author":8,"featured_media":0,"comment_status":"closed","ping_status":"closed","sticky":false,"template":"","format":"standard","meta":{"_acf_changed":false,"_yoast_wpseo_focuskw":"Gesundheitswelt Zollikerberg","_yoast_wpseo_metadesc":"Gesundheitswelt Zollikerberg: Neue Identit\u00e4t und Markenauftritt f\u00fcr mehr Sichtbarkeit und Relevanz im Gesundheitsmarkt.","articlekey":"","footnotes":""},"categories":[29],"tags":[242,2617,2851,4284],"class_list":["post-28005","post","type-post","status-publish","format-standard","hentry","category-marketing","tag-gesundheit","tag-marken","tag-rebranding","tag-wirz"],"acf":[],"yoast_head":"<!-- This site is optimized with the Yoast SEO plugin v27.5 - https:\/\/yoast.com\/product\/yoast-seo-wordpress\/ -->\n<title>Wirz gestaltet die Gesundheitswelt Zollikerberg - Organisator<\/title>\n<meta name=\"description\" content=\"Gesundheitswelt Zollikerberg: Neue Identit\u00e4t und Markenauftritt f\u00fcr mehr Sichtbarkeit und Relevanz im Gesundheitsmarkt.\" \/>\n<meta name=\"robots\" content=\"index, follow, max-snippet:-1, max-image-preview:large, max-video-preview:-1\" \/>\n<link rel=\"canonical\" href=\"https:\/\/www.organisator.ch\/de\/marketing\/2024-06-25\/wirz-gestaltet-die-gesundheitswelt-zollikerberg\/\" \/>\n<meta property=\"og:locale\" content=\"de_DE\" \/>\n<meta property=\"og:type\" content=\"article\" \/>\n<meta property=\"og:title\" content=\"Wirz gestaltet die Gesundheitswelt Zollikerberg - Organisator\" \/>\n<meta property=\"og:description\" content=\"Gesundheitswelt Zollikerberg: Neue Identit\u00e4t und Markenauftritt f\u00fcr mehr Sichtbarkeit und Relevanz im Gesundheitsmarkt.\" \/>\n<meta property=\"og:url\" content=\"https:\/\/www.organisator.ch\/de\/marketing\/2024-06-25\/wirz-gestaltet-die-gesundheitswelt-zollikerberg\/\" \/>\n<meta property=\"og:site_name\" content=\"Organisator\" \/>\n<meta property=\"article:publisher\" content=\"https:\/\/www.facebook.com\/OrganisatorFachmagazin\" \/>\n<meta property=\"article:published_time\" content=\"2024-06-25T11:41:59+00:00\" \/>\n<meta property=\"article:modified_time\" content=\"2024-11-10T08:26:03+00:00\" \/>\n<meta property=\"og:image\" content=\"https:\/\/www.werbewoche.ch\/wp-content\/uploads\/2024\/06\/1_TItelbild-1800-x-1200.jpg\" \/>\n<meta name=\"author\" content=\"galledia\" \/>\n<meta name=\"twitter:card\" content=\"summary_large_image\" \/>\n<meta name=\"twitter:creator\" content=\"@admin\" \/>\n<script type=\"application\/ld+json\" class=\"yoast-schema-graph\">{\"@context\":\"https:\\\/\\\/schema.org\",\"@graph\":[{\"@type\":\"Article\",\"@id\":\"https:\\\/\\\/www.organisator.ch\\\/marketing\\\/2024-06-25\\\/wirz-gestaltet-die-gesundheitswelt-zollikerberg\\\/#article\",\"isPartOf\":{\"@id\":\"https:\\\/\\\/www.organisator.ch\\\/marketing\\\/2024-06-25\\\/wirz-gestaltet-die-gesundheitswelt-zollikerberg\\\/\"},\"author\":{\"name\":\"galledia\",\"@id\":\"https:\\\/\\\/www.organisator.ch\\\/#\\\/schema\\\/person\\\/4e51799071cd2dd1232ac003643ef5f0\"},\"headline\":\"Wirz gestaltet die Gesundheitswelt Zollikerberg\",\"datePublished\":\"2024-06-25T11:41:59+00:00\",\"dateModified\":\"2024-11-10T08:26:03+00:00\",\"mainEntityOfPage\":{\"@id\":\"https:\\\/\\\/www.organisator.ch\\\/marketing\\\/2024-06-25\\\/wirz-gestaltet-die-gesundheitswelt-zollikerberg\\\/\"},\"wordCount\":412,\"publisher\":{\"@id\":\"https:\\\/\\\/www.organisator.ch\\\/#organization\"},\"image\":{\"@id\":\"https:\\\/\\\/www.organisator.ch\\\/marketing\\\/2024-06-25\\\/wirz-gestaltet-die-gesundheitswelt-zollikerberg\\\/#primaryimage\"},\"thumbnailUrl\":\"https:\\\/\\\/www.werbewoche.ch\\\/wp-content\\\/uploads\\\/2024\\\/06\\\/1_TItelbild-1800-x-1200.jpg\",\"keywords\":[\"Gesundheit\",\"Marken\",\"Rebranding\",\"Wirz\"],\"articleSection\":[\"MARKETING\"],\"inLanguage\":\"de\"},{\"@type\":\"WebPage\",\"@id\":\"https:\\\/\\\/www.organisator.ch\\\/marketing\\\/2024-06-25\\\/wirz-gestaltet-die-gesundheitswelt-zollikerberg\\\/\",\"url\":\"https:\\\/\\\/www.organisator.ch\\\/marketing\\\/2024-06-25\\\/wirz-gestaltet-die-gesundheitswelt-zollikerberg\\\/\",\"name\":\"Wirz gestaltet die Gesundheitswelt Zollikerberg - Organisator\",\"isPartOf\":{\"@id\":\"https:\\\/\\\/www.organisator.ch\\\/#website\"},\"primaryImageOfPage\":{\"@id\":\"https:\\\/\\\/www.organisator.ch\\\/marketing\\\/2024-06-25\\\/wirz-gestaltet-die-gesundheitswelt-zollikerberg\\\/#primaryimage\"},\"image\":{\"@id\":\"https:\\\/\\\/www.organisator.ch\\\/marketing\\\/2024-06-25\\\/wirz-gestaltet-die-gesundheitswelt-zollikerberg\\\/#primaryimage\"},\"thumbnailUrl\":\"https:\\\/\\\/www.werbewoche.ch\\\/wp-content\\\/uploads\\\/2024\\\/06\\\/1_TItelbild-1800-x-1200.jpg\",\"datePublished\":\"2024-06-25T11:41:59+00:00\",\"dateModified\":\"2024-11-10T08:26:03+00:00\",\"description\":\"Gesundheitswelt Zollikerberg: Neue Identit\u00e4t und Markenauftritt f\u00fcr mehr Sichtbarkeit und Relevanz im Gesundheitsmarkt.\",\"breadcrumb\":{\"@id\":\"https:\\\/\\\/www.organisator.ch\\\/marketing\\\/2024-06-25\\\/wirz-gestaltet-die-gesundheitswelt-zollikerberg\\\/#breadcrumb\"},\"inLanguage\":\"de\",\"potentialAction\":[{\"@type\":\"ReadAction\",\"target\":[\"https:\\\/\\\/www.organisator.ch\\\/marketing\\\/2024-06-25\\\/wirz-gestaltet-die-gesundheitswelt-zollikerberg\\\/\"]}]},{\"@type\":\"ImageObject\",\"inLanguage\":\"de\",\"@id\":\"https:\\\/\\\/www.organisator.ch\\\/marketing\\\/2024-06-25\\\/wirz-gestaltet-die-gesundheitswelt-zollikerberg\\\/#primaryimage\",\"url\":\"https:\\\/\\\/www.werbewoche.ch\\\/wp-content\\\/uploads\\\/2024\\\/06\\\/1_TItelbild-1800-x-1200.jpg\",\"contentUrl\":\"https:\\\/\\\/www.werbewoche.ch\\\/wp-content\\\/uploads\\\/2024\\\/06\\\/1_TItelbild-1800-x-1200.jpg\"},{\"@type\":\"BreadcrumbList\",\"@id\":\"https:\\\/\\\/www.organisator.ch\\\/marketing\\\/2024-06-25\\\/wirz-gestaltet-die-gesundheitswelt-zollikerberg\\\/#breadcrumb\",\"itemListElement\":[{\"@type\":\"ListItem\",\"position\":1,\"name\":\"Home\",\"item\":\"https:\\\/\\\/www.organisator.ch\\\/\"},{\"@type\":\"ListItem\",\"position\":2,\"name\":\"Wirz gestaltet die Gesundheitswelt Zollikerberg\"}]},{\"@type\":\"WebSite\",\"@id\":\"https:\\\/\\\/www.organisator.ch\\\/#website\",\"url\":\"https:\\\/\\\/www.organisator.ch\\\/\",\"name\":\"Organisator\",\"description\":\"Kompetent. Praxisnah. Der ORGANISATOR bereitet in 10 Ausgaben pro Jahr die wesentlichen Themen f\u00fcr F\u00fchrungskr\u00e4fte von KMU auf.\",\"publisher\":{\"@id\":\"https:\\\/\\\/www.organisator.ch\\\/#organization\"},\"potentialAction\":[{\"@type\":\"SearchAction\",\"target\":{\"@type\":\"EntryPoint\",\"urlTemplate\":\"https:\\\/\\\/www.organisator.ch\\\/?s={search_term_string}\"},\"query-input\":{\"@type\":\"PropertyValueSpecification\",\"valueRequired\":true,\"valueName\":\"search_term_string\"}}],\"inLanguage\":\"de\"},{\"@type\":\"Organization\",\"@id\":\"https:\\\/\\\/www.organisator.ch\\\/#organization\",\"name\":\"Organisator\",\"url\":\"https:\\\/\\\/www.organisator.ch\\\/\",\"logo\":{\"@type\":\"ImageObject\",\"inLanguage\":\"de\",\"@id\":\"https:\\\/\\\/www.organisator.ch\\\/#\\\/schema\\\/logo\\\/image\\\/\",\"url\":\"https:\\\/\\\/www.organisator.ch\\\/wp-content\\\/uploads\\\/2022\\\/01\\\/Logo_Organisator_Website.png\",\"contentUrl\":\"https:\\\/\\\/www.organisator.ch\\\/wp-content\\\/uploads\\\/2022\\\/01\\\/Logo_Organisator_Website.png\",\"width\":800,\"height\":77,\"caption\":\"Organisator\"},\"image\":{\"@id\":\"https:\\\/\\\/www.organisator.ch\\\/#\\\/schema\\\/logo\\\/image\\\/\"},\"sameAs\":[\"https:\\\/\\\/www.facebook.com\\\/OrganisatorFachmagazin\",\"https:\\\/\\\/www.linkedin.com\\\/showcase\\\/organisator-das-magazin-fr-kmu\",\"https:\\\/\\\/www.xing.com\\\/news\\\/pages\\\/organisator-ch-695\",\"https:\\\/\\\/www.youtube.com\\\/channel\\\/UCGP2Sq0iWaZwT3BdIAQFYpw\"]},{\"@type\":\"Person\",\"@id\":\"https:\\\/\\\/www.organisator.ch\\\/#\\\/schema\\\/person\\\/4e51799071cd2dd1232ac003643ef5f0\",\"name\":\"galledia\",\"image\":{\"@type\":\"ImageObject\",\"inLanguage\":\"de\",\"@id\":\"https:\\\/\\\/secure.gravatar.com\\\/avatar\\\/78a7f90c01fc2bfc875782a0d4922b37cde2cf184ce347b91316d23cd7f69a36?s=96&d=mm&r=g\",\"url\":\"https:\\\/\\\/secure.gravatar.com\\\/avatar\\\/78a7f90c01fc2bfc875782a0d4922b37cde2cf184ce347b91316d23cd7f69a36?s=96&d=mm&r=g\",\"contentUrl\":\"https:\\\/\\\/secure.gravatar.com\\\/avatar\\\/78a7f90c01fc2bfc875782a0d4922b37cde2cf184ce347b91316d23cd7f69a36?s=96&d=mm&r=g\",\"caption\":\"galledia\"},\"sameAs\":[\"https:\\\/\\\/x.com\\\/admin\"],\"url\":\"https:\\\/\\\/www.organisator.ch\\\/de\\\/author\\\/galledia\\\/\"}]}<\/script>\n<!-- \/ Yoast SEO plugin. -->","yoast_head_json":{"title":"Wirz gestaltet die Gesundheitswelt Zollikerberg - Organisator","description":"Gesundheitswelt Zollikerberg: Neue Identit\u00e4t und Markenauftritt f\u00fcr mehr Sichtbarkeit und Relevanz im Gesundheitsmarkt.","robots":{"index":"index","follow":"follow","max-snippet":"max-snippet:-1","max-image-preview":"max-image-preview:large","max-video-preview":"max-video-preview:-1"},"canonical":"https:\/\/www.organisator.ch\/de\/marketing\/2024-06-25\/wirz-gestaltet-die-gesundheitswelt-zollikerberg\/","og_locale":"de_DE","og_type":"article","og_title":"Wirz gestaltet die Gesundheitswelt Zollikerberg - Organisator","og_description":"Gesundheitswelt Zollikerberg: Neue Identit\u00e4t und Markenauftritt f\u00fcr mehr Sichtbarkeit und Relevanz im Gesundheitsmarkt.","og_url":"https:\/\/www.organisator.ch\/de\/marketing\/2024-06-25\/wirz-gestaltet-die-gesundheitswelt-zollikerberg\/","og_site_name":"Organisator","article_publisher":"https:\/\/www.facebook.com\/OrganisatorFachmagazin","article_published_time":"2024-06-25T11:41:59+00:00","article_modified_time":"2024-11-10T08:26:03+00:00","og_image":[{"url":"https:\/\/www.werbewoche.ch\/wp-content\/uploads\/2024\/06\/1_TItelbild-1800-x-1200.jpg","type":"","width":"","height":""}],"author":"galledia","twitter_card":"summary_large_image","twitter_creator":"@admin","schema":{"@context":"https:\/\/schema.org","@graph":[{"@type":"Article","@id":"https:\/\/www.organisator.ch\/marketing\/2024-06-25\/wirz-gestaltet-die-gesundheitswelt-zollikerberg\/#article","isPartOf":{"@id":"https:\/\/www.organisator.ch\/marketing\/2024-06-25\/wirz-gestaltet-die-gesundheitswelt-zollikerberg\/"},"author":{"name":"galledia","@id":"https:\/\/www.organisator.ch\/#\/schema\/person\/4e51799071cd2dd1232ac003643ef5f0"},"headline":"Wirz gestaltet die Gesundheitswelt Zollikerberg","datePublished":"2024-06-25T11:41:59+00:00","dateModified":"2024-11-10T08:26:03+00:00","mainEntityOfPage":{"@id":"https:\/\/www.organisator.ch\/marketing\/2024-06-25\/wirz-gestaltet-die-gesundheitswelt-zollikerberg\/"},"wordCount":412,"publisher":{"@id":"https:\/\/www.organisator.ch\/#organization"},"image":{"@id":"https:\/\/www.organisator.ch\/marketing\/2024-06-25\/wirz-gestaltet-die-gesundheitswelt-zollikerberg\/#primaryimage"},"thumbnailUrl":"https:\/\/www.werbewoche.ch\/wp-content\/uploads\/2024\/06\/1_TItelbild-1800-x-1200.jpg","keywords":["Gesundheit","Marken","Rebranding","Wirz"],"articleSection":["MARKETING"],"inLanguage":"de"},{"@type":"WebPage","@id":"https:\/\/www.organisator.ch\/marketing\/2024-06-25\/wirz-gestaltet-die-gesundheitswelt-zollikerberg\/","url":"https:\/\/www.organisator.ch\/marketing\/2024-06-25\/wirz-gestaltet-die-gesundheitswelt-zollikerberg\/","name":"Wirz gestaltet die Gesundheitswelt Zollikerberg - Organisator","isPartOf":{"@id":"https:\/\/www.organisator.ch\/#website"},"primaryImageOfPage":{"@id":"https:\/\/www.organisator.ch\/marketing\/2024-06-25\/wirz-gestaltet-die-gesundheitswelt-zollikerberg\/#primaryimage"},"image":{"@id":"https:\/\/www.organisator.ch\/marketing\/2024-06-25\/wirz-gestaltet-die-gesundheitswelt-zollikerberg\/#primaryimage"},"thumbnailUrl":"https:\/\/www.werbewoche.ch\/wp-content\/uploads\/2024\/06\/1_TItelbild-1800-x-1200.jpg","datePublished":"2024-06-25T11:41:59+00:00","dateModified":"2024-11-10T08:26:03+00:00","description":"Gesundheitswelt Zollikerberg: Neue Identit\u00e4t und Markenauftritt f\u00fcr mehr Sichtbarkeit und Relevanz im Gesundheitsmarkt.","breadcrumb":{"@id":"https:\/\/www.organisator.ch\/marketing\/2024-06-25\/wirz-gestaltet-die-gesundheitswelt-zollikerberg\/#breadcrumb"},"inLanguage":"de","potentialAction":[{"@type":"ReadAction","target":["https:\/\/www.organisator.ch\/marketing\/2024-06-25\/wirz-gestaltet-die-gesundheitswelt-zollikerberg\/"]}]},{"@type":"ImageObject","inLanguage":"de","@id":"https:\/\/www.organisator.ch\/marketing\/2024-06-25\/wirz-gestaltet-die-gesundheitswelt-zollikerberg\/#primaryimage","url":"https:\/\/www.werbewoche.ch\/wp-content\/uploads\/2024\/06\/1_TItelbild-1800-x-1200.jpg","contentUrl":"https:\/\/www.werbewoche.ch\/wp-content\/uploads\/2024\/06\/1_TItelbild-1800-x-1200.jpg"},{"@type":"BreadcrumbList","@id":"https:\/\/www.organisator.ch\/marketing\/2024-06-25\/wirz-gestaltet-die-gesundheitswelt-zollikerberg\/#breadcrumb","itemListElement":[{"@type":"ListItem","position":1,"name":"Home","item":"https:\/\/www.organisator.ch\/"},{"@type":"ListItem","position":2,"name":"Wirz gestaltet die Gesundheitswelt Zollikerberg"}]},{"@type":"WebSite","@id":"https:\/\/www.organisator.ch\/#website","url":"https:\/\/www.organisator.ch\/","name":"Organisator","description":"Kompetent. Praxisnah. Der ORGANISATOR bereitet in 10 Ausgaben pro Jahr die wesentlichen Themen f\u00fcr F\u00fchrungskr\u00e4fte von KMU auf.","publisher":{"@id":"https:\/\/www.organisator.ch\/#organization"},"potentialAction":[{"@type":"SearchAction","target":{"@type":"EntryPoint","urlTemplate":"https:\/\/www.organisator.ch\/?s={search_term_string}"},"query-input":{"@type":"PropertyValueSpecification","valueRequired":true,"valueName":"search_term_string"}}],"inLanguage":"de"},{"@type":"Organization","@id":"https:\/\/www.organisator.ch\/#organization","name":"Organisator","url":"https:\/\/www.organisator.ch\/","logo":{"@type":"ImageObject","inLanguage":"de","@id":"https:\/\/www.organisator.ch\/#\/schema\/logo\/image\/","url":"https:\/\/www.organisator.ch\/wp-content\/uploads\/2022\/01\/Logo_Organisator_Website.png","contentUrl":"https:\/\/www.organisator.ch\/wp-content\/uploads\/2022\/01\/Logo_Organisator_Website.png","width":800,"height":77,"caption":"Organisator"},"image":{"@id":"https:\/\/www.organisator.ch\/#\/schema\/logo\/image\/"},"sameAs":["https:\/\/www.facebook.com\/OrganisatorFachmagazin","https:\/\/www.linkedin.com\/showcase\/organisator-das-magazin-fr-kmu","https:\/\/www.xing.com\/news\/pages\/organisator-ch-695","https:\/\/www.youtube.com\/channel\/UCGP2Sq0iWaZwT3BdIAQFYpw"]},{"@type":"Person","@id":"https:\/\/www.organisator.ch\/#\/schema\/person\/4e51799071cd2dd1232ac003643ef5f0","name":"galledia","image":{"@type":"ImageObject","inLanguage":"de","@id":"https:\/\/secure.gravatar.com\/avatar\/78a7f90c01fc2bfc875782a0d4922b37cde2cf184ce347b91316d23cd7f69a36?s=96&d=mm&r=g","url":"https:\/\/secure.gravatar.com\/avatar\/78a7f90c01fc2bfc875782a0d4922b37cde2cf184ce347b91316d23cd7f69a36?s=96&d=mm&r=g","contentUrl":"https:\/\/secure.gravatar.com\/avatar\/78a7f90c01fc2bfc875782a0d4922b37cde2cf184ce347b91316d23cd7f69a36?s=96&d=mm&r=g","caption":"galledia"},"sameAs":["https:\/\/x.com\/admin"],"url":"https:\/\/www.organisator.ch\/de\/author\/galledia\/"}]}},"_links":{"self":[{"href":"https:\/\/www.organisator.ch\/de\/wp-json\/wp\/v2\/posts\/28005","targetHints":{"allow":["GET"]}}],"collection":[{"href":"https:\/\/www.organisator.ch\/de\/wp-json\/wp\/v2\/posts"}],"about":[{"href":"https:\/\/www.organisator.ch\/de\/wp-json\/wp\/v2\/types\/post"}],"author":[{"embeddable":true,"href":"https:\/\/www.organisator.ch\/de\/wp-json\/wp\/v2\/users\/8"}],"replies":[{"embeddable":true,"href":"https:\/\/www.organisator.ch\/de\/wp-json\/wp\/v2\/comments?post=28005"}],"version-history":[{"count":5,"href":"https:\/\/www.organisator.ch\/de\/wp-json\/wp\/v2\/posts\/28005\/revisions"}],"predecessor-version":[{"id":32158,"href":"https:\/\/www.organisator.ch\/de\/wp-json\/wp\/v2\/posts\/28005\/revisions\/32158"}],"wp:attachment":[{"href":"https:\/\/www.organisator.ch\/de\/wp-json\/wp\/v2\/media?parent=28005"}],"wp:term":[{"taxonomy":"category","embeddable":true,"href":"https:\/\/www.organisator.ch\/de\/wp-json\/wp\/v2\/categories?post=28005"},{"taxonomy":"post_tag","embeddable":true,"href":"https:\/\/www.organisator.ch\/de\/wp-json\/wp\/v2\/tags?post=28005"}],"curies":[{"name":"wp","href":"https:\/\/api.w.org\/{rel}","templated":true}]}}