{"id":28012,"date":"2024-06-25T16:50:58","date_gmt":"2024-06-25T14:50:58","guid":{"rendered":"https:\/\/www.werbewoche.ch\/?p=217177"},"modified":"2024-11-10T09:23:10","modified_gmt":"2024-11-10T08:23:10","slug":"vier-buecher-die-sie-interessieren-koennten-28","status":"publish","type":"post","link":"https:\/\/www.organisator.ch\/de\/marketing\/2024-06-25\/vier-buecher-die-sie-interessieren-koennten-28\/","title":{"rendered":"Vier B\u00fccher, die Sie interessieren k\u00f6nnten"},"content":{"rendered":"<p><img class=\"aligncenter wp-image-217183 size-full\" src=\"https:\/\/www.werbewoche.ch\/wp-content\/uploads\/2024\/06\/getabstract-lesetipps-juni-24.jpg\" alt=\"Gekr\u00e4nkte Freiheit\" width=\"1013\" height=\"674\" \/><\/p>\r\n<p><strong>Gekr\u00e4nkte Freiheit<\/strong><\/p>\r\n<p><em>Aspekte des libert\u00e4ren Autoritarismus. <\/em><\/p>\r\n<ul>\r\n\t<li>Autor:innen: Oliver Nachtwey und Carolin Amlinger<\/li>\r\n\t<li>Verlag: Suhrkamp Verlag, 2022<\/li>\r\n\t<li>Seiten: 480<\/li>\r\n\t<li>ISBN: 9783518430712<\/li>\r\n<\/ul>\r\n<p>Regenbogenfahnen, die neben Reichstagsflaggen wehen; antiautorit\u00e4r gesinnte Bildungsb\u00fcrger, die mit einem Judenstern auf der Brust gegen eine vermeintliche Meinungsdiktatur demonstrieren oder das Tragen einer Maske als \u00abneuen Hitlergruss\u00bb diffamieren: Man kann das als absurdes Theater abtun. Oder aber man analysiert, warum Menschen aus der progressiven Mitte in autorit\u00e4re, verschw\u00f6rungstheoretische Denkmuster abdriften. Carolin Amlinger und Oliver Nachtwey entlarven den Freiheitsbegriff aktueller Protestbewegungen, ohne ihre Protagonisten als Freaks vorzuf\u00fchren. Unbedingt lesenswert.<\/p>\r\n<p><img class=\"aligncenter size-full wp-image-217179\" src=\"https:\/\/www.werbewoche.ch\/wp-content\/uploads\/2024\/06\/gekrkaenkte-freiheit.jpg\" alt=\"\" width=\"1200\" height=\"850\" \/><\/p>\r\n<p><strong>Gibt\u2019s das auch in Gr\u00fcn?<\/strong><\/p>\r\n<p><em>Tricks der Industrie durchschauen, nachhaltig einkaufen. <\/em><\/p>\r\n<ul>\r\n\t<li>Autorinnen: Kerstin Scheidecker und Katja T\u00f6lle<\/li>\r\n\t<li>Verlag: Campus Verlag, 2024<\/li>\r\n\t<li>Seiten: 256<\/li>\r\n\t<li>ISBN: 9783593518374<\/li>\r\n<\/ul>\r\n<p>\u00abKlimaneutral\u00bb, \u00abregional\u00bb, \u00abNaturkosmetik\u00bb \u2013 was uns beim Einkauf ein gutes Gef\u00fchl geben soll, ist h\u00e4ufig nicht viel mehr als heisse Luft. Das wissen die Autorinnen besser als die allermeisten. Bei \u00d6ko-Test f\u00fchlen sie der Industrie seit Jahren auf den Zahn und haben ihr geballtes Wissen in diesem Buch zusammengefasst. Genauestens recherchiert, klar und fundiert erkl\u00e4ren sie, was das Problem an den Tomaten auf unserer Fertigpizza und den Bildern von gl\u00fccklichen K\u00fchen auf der Milchpackung ist. Erschreckend, aber \u00e4usserst lesenswert.<\/p>\r\n<p><img class=\"aligncenter size-full wp-image-217180\" src=\"https:\/\/www.werbewoche.ch\/wp-content\/uploads\/2024\/06\/gruen-buch.jpg\" alt=\"\" width=\"1200\" height=\"850\" \/><\/p>\r\n<p><strong>Lass die Angst ziehen<\/strong><\/p>\r\n<p><em>Den Sorgenkreislauf durchbrechen und angstfrei leben. <\/em><\/p>\r\n<ul>\r\n\t<li>Autorin: Pia Callesen<\/li>\r\n\t<li>Verlag: Beltz Verlagsgruppe, 2021<\/li>\r\n\t<li>Seiten: 286<\/li>\r\n\t<li>ISBN: 9783407866202<\/li>\r\n<\/ul>\r\n<p>Angstst\u00f6rungen werden meist mit kognitiver Verhaltenstherapie behandelt. Dabei analysieren die Betroffenen mit psychotherapeutischer Unterst\u00fctzung ihre Sorgen und \u00c4ngste und denken \u00fcber deren Ursachen nach. Das ist der falsche Ansatz, so Pia Callesen. Ihrer Ansicht nach erzeugt beziehungsweise verst\u00e4rkt das \u00fcberm\u00e4ssige Denken und Analysieren die Angstst\u00f6rung. Sie empfiehlt, die eigenen \u00c4ngste passiv zu beobachten und einfach vorbeiziehen zu lassen. In ihrem Buch, das reich an \u00dcbungen und Beispielen aus der eigenen Praxis ist, bietet sie einen alternativen Blick auf Angst- und Zwangserkrankungen.<\/p>\r\n<p><img class=\"aligncenter size-full wp-image-217181\" src=\"https:\/\/www.werbewoche.ch\/wp-content\/uploads\/2024\/06\/angst-ziehen.jpg\" alt=\"\" width=\"1200\" height=\"850\" \/><\/p>\r\n<p><strong>Speak Up and Shine<\/strong><\/p>\r\n<p><em>Mit Vocal Empowerment zu mehr Pr\u00e4senz und Durchsetzungskraft. <\/em><\/p>\r\n<ul>\r\n\t<li>Autorin: Monika Hein<\/li>\r\n\t<li>Verlag: Campus Verlag, 2024<\/li>\r\n\t<li>Seiten: 256<\/li>\r\n\t<li>ISBN: 9783593518497<\/li>\r\n<\/ul>\r\n<p>Frauen neigen im Beruf eher als M\u00e4nner dazu, sich kleinzumachen, leise zu sprechen oder gleich ganz den Mund zu halten. Das liegt unter anderem an traditionellen Rollenbildern, meint Monika Hein. Mit Sprechtraining ist es darum nicht getan: Wer lauter sprechen will, muss zun\u00e4chst lernen, Grenzen zu setzen, Konflikte auszuhalten und zu sich selbst zu stehen. Neben psychologischen Ratschl\u00e4gen h\u00e4lt die Coachin auch speziellere Tipps f\u00fcr Intonation, Ausdruck und Aussprache bereit. Wer die eigenen Pr\u00e4sentationen oder Redebeitr\u00e4ge in Meetings verbessern m\u00f6chte, ist mit diesem Ratgeber gut bedient.<\/p>\r\n<p><img class=\"aligncenter size-full wp-image-217182\" src=\"https:\/\/www.werbewoche.ch\/wp-content\/uploads\/2024\/06\/speak-shine.jpg\" alt=\"\" width=\"967\" height=\"685\" \/><\/p>","protected":false},"excerpt":{"rendered":"<p>In Zusammenarbeit mit GetAbstract stellen wir Ihnen vier B\u00fccher aus dem Marketing- und Kommunikationsbereich vor. Diesmal: \u00abGekr\u00e4nkte Freiheit\u00bb, \u00abGibt\u2019s das auch in Gr\u00fcn?\u00bb, \u00abLass die Angst ziehen\u00bb und \u00abSpeak Up and Shine\u00bb.<\/p>\n","protected":false},"author":8,"featured_media":0,"comment_status":"closed","ping_status":"closed","sticky":false,"template":"","format":"standard","meta":{"_acf_changed":false,"_yoast_wpseo_focuskw":"Gekr\u00e4nkte Freiheit","_yoast_wpseo_metadesc":"Gekr\u00e4nkte Freiheit: Nachtwey und Amlinger analysieren autorit\u00e4re Denkmuster in aktuellen Protestbewegungen. Lesenswert und fundiert.","articlekey":"","footnotes":""},"categories":[29],"tags":[2624,2625,339],"class_list":["post-28012","post","type-post","status-publish","format-standard","hentry","category-marketing","tag-getabstract","tag-lesetipps","tag-marketing"],"acf":[],"yoast_head":"<!-- This site is optimized with the Yoast SEO plugin v27.5 - https:\/\/yoast.com\/product\/yoast-seo-wordpress\/ -->\n<title>Vier B\u00fccher, die Sie interessieren k\u00f6nnten - Organisator<\/title>\n<meta name=\"description\" content=\"Gekr\u00e4nkte Freiheit: Nachtwey und Amlinger analysieren autorit\u00e4re Denkmuster in aktuellen Protestbewegungen. Lesenswert und fundiert.\" \/>\n<meta name=\"robots\" content=\"index, follow, max-snippet:-1, max-image-preview:large, max-video-preview:-1\" \/>\n<link rel=\"canonical\" href=\"https:\/\/www.organisator.ch\/de\/marketing\/2024-06-25\/vier-buecher-die-sie-interessieren-koennten-28\/\" \/>\n<meta property=\"og:locale\" content=\"de_DE\" \/>\n<meta property=\"og:type\" content=\"article\" \/>\n<meta property=\"og:title\" content=\"Vier B\u00fccher, die Sie interessieren k\u00f6nnten - Organisator\" \/>\n<meta property=\"og:description\" content=\"Gekr\u00e4nkte Freiheit: Nachtwey und Amlinger analysieren autorit\u00e4re Denkmuster in aktuellen Protestbewegungen. Lesenswert und fundiert.\" \/>\n<meta property=\"og:url\" content=\"https:\/\/www.organisator.ch\/de\/marketing\/2024-06-25\/vier-buecher-die-sie-interessieren-koennten-28\/\" \/>\n<meta property=\"og:site_name\" content=\"Organisator\" \/>\n<meta property=\"article:publisher\" content=\"https:\/\/www.facebook.com\/OrganisatorFachmagazin\" \/>\n<meta property=\"article:published_time\" content=\"2024-06-25T14:50:58+00:00\" \/>\n<meta property=\"article:modified_time\" content=\"2024-11-10T08:23:10+00:00\" \/>\n<meta property=\"og:image\" content=\"https:\/\/www.werbewoche.ch\/wp-content\/uploads\/2024\/06\/getabstract-lesetipps-juni-24.jpg\" \/>\n<meta name=\"author\" content=\"galledia\" \/>\n<meta name=\"twitter:card\" content=\"summary_large_image\" \/>\n<meta name=\"twitter:creator\" content=\"@admin\" \/>\n<script type=\"application\/ld+json\" class=\"yoast-schema-graph\">{\"@context\":\"https:\\\/\\\/schema.org\",\"@graph\":[{\"@type\":\"Article\",\"@id\":\"https:\\\/\\\/www.organisator.ch\\\/marketing\\\/2024-06-25\\\/vier-buecher-die-sie-interessieren-koennten-28\\\/#article\",\"isPartOf\":{\"@id\":\"https:\\\/\\\/www.organisator.ch\\\/marketing\\\/2024-06-25\\\/vier-buecher-die-sie-interessieren-koennten-28\\\/\"},\"author\":{\"name\":\"galledia\",\"@id\":\"https:\\\/\\\/www.organisator.ch\\\/#\\\/schema\\\/person\\\/4e51799071cd2dd1232ac003643ef5f0\"},\"headline\":\"Vier B\u00fccher, die Sie interessieren k\u00f6nnten\",\"datePublished\":\"2024-06-25T14:50:58+00:00\",\"dateModified\":\"2024-11-10T08:23:10+00:00\",\"mainEntityOfPage\":{\"@id\":\"https:\\\/\\\/www.organisator.ch\\\/marketing\\\/2024-06-25\\\/vier-buecher-die-sie-interessieren-koennten-28\\\/\"},\"wordCount\":430,\"publisher\":{\"@id\":\"https:\\\/\\\/www.organisator.ch\\\/#organization\"},\"image\":{\"@id\":\"https:\\\/\\\/www.organisator.ch\\\/marketing\\\/2024-06-25\\\/vier-buecher-die-sie-interessieren-koennten-28\\\/#primaryimage\"},\"thumbnailUrl\":\"https:\\\/\\\/www.werbewoche.ch\\\/wp-content\\\/uploads\\\/2024\\\/06\\\/getabstract-lesetipps-juni-24.jpg\",\"keywords\":[\"GetAbstract\",\"Lesetipps\",\"Marketing\"],\"articleSection\":[\"MARKETING\"],\"inLanguage\":\"de\"},{\"@type\":\"WebPage\",\"@id\":\"https:\\\/\\\/www.organisator.ch\\\/marketing\\\/2024-06-25\\\/vier-buecher-die-sie-interessieren-koennten-28\\\/\",\"url\":\"https:\\\/\\\/www.organisator.ch\\\/marketing\\\/2024-06-25\\\/vier-buecher-die-sie-interessieren-koennten-28\\\/\",\"name\":\"Vier B\u00fccher, die Sie interessieren k\u00f6nnten - Organisator\",\"isPartOf\":{\"@id\":\"https:\\\/\\\/www.organisator.ch\\\/#website\"},\"primaryImageOfPage\":{\"@id\":\"https:\\\/\\\/www.organisator.ch\\\/marketing\\\/2024-06-25\\\/vier-buecher-die-sie-interessieren-koennten-28\\\/#primaryimage\"},\"image\":{\"@id\":\"https:\\\/\\\/www.organisator.ch\\\/marketing\\\/2024-06-25\\\/vier-buecher-die-sie-interessieren-koennten-28\\\/#primaryimage\"},\"thumbnailUrl\":\"https:\\\/\\\/www.werbewoche.ch\\\/wp-content\\\/uploads\\\/2024\\\/06\\\/getabstract-lesetipps-juni-24.jpg\",\"datePublished\":\"2024-06-25T14:50:58+00:00\",\"dateModified\":\"2024-11-10T08:23:10+00:00\",\"description\":\"Gekr\u00e4nkte Freiheit: Nachtwey und Amlinger analysieren autorit\u00e4re Denkmuster in aktuellen Protestbewegungen. Lesenswert und fundiert.\",\"breadcrumb\":{\"@id\":\"https:\\\/\\\/www.organisator.ch\\\/marketing\\\/2024-06-25\\\/vier-buecher-die-sie-interessieren-koennten-28\\\/#breadcrumb\"},\"inLanguage\":\"de\",\"potentialAction\":[{\"@type\":\"ReadAction\",\"target\":[\"https:\\\/\\\/www.organisator.ch\\\/marketing\\\/2024-06-25\\\/vier-buecher-die-sie-interessieren-koennten-28\\\/\"]}]},{\"@type\":\"ImageObject\",\"inLanguage\":\"de\",\"@id\":\"https:\\\/\\\/www.organisator.ch\\\/marketing\\\/2024-06-25\\\/vier-buecher-die-sie-interessieren-koennten-28\\\/#primaryimage\",\"url\":\"https:\\\/\\\/www.werbewoche.ch\\\/wp-content\\\/uploads\\\/2024\\\/06\\\/getabstract-lesetipps-juni-24.jpg\",\"contentUrl\":\"https:\\\/\\\/www.werbewoche.ch\\\/wp-content\\\/uploads\\\/2024\\\/06\\\/getabstract-lesetipps-juni-24.jpg\"},{\"@type\":\"BreadcrumbList\",\"@id\":\"https:\\\/\\\/www.organisator.ch\\\/marketing\\\/2024-06-25\\\/vier-buecher-die-sie-interessieren-koennten-28\\\/#breadcrumb\",\"itemListElement\":[{\"@type\":\"ListItem\",\"position\":1,\"name\":\"Home\",\"item\":\"https:\\\/\\\/www.organisator.ch\\\/\"},{\"@type\":\"ListItem\",\"position\":2,\"name\":\"Vier B\u00fccher, die Sie interessieren k\u00f6nnten\"}]},{\"@type\":\"WebSite\",\"@id\":\"https:\\\/\\\/www.organisator.ch\\\/#website\",\"url\":\"https:\\\/\\\/www.organisator.ch\\\/\",\"name\":\"Organisator\",\"description\":\"Kompetent. Praxisnah. Der ORGANISATOR bereitet in 10 Ausgaben pro Jahr die wesentlichen Themen f\u00fcr F\u00fchrungskr\u00e4fte von KMU auf.\",\"publisher\":{\"@id\":\"https:\\\/\\\/www.organisator.ch\\\/#organization\"},\"potentialAction\":[{\"@type\":\"SearchAction\",\"target\":{\"@type\":\"EntryPoint\",\"urlTemplate\":\"https:\\\/\\\/www.organisator.ch\\\/?s={search_term_string}\"},\"query-input\":{\"@type\":\"PropertyValueSpecification\",\"valueRequired\":true,\"valueName\":\"search_term_string\"}}],\"inLanguage\":\"de\"},{\"@type\":\"Organization\",\"@id\":\"https:\\\/\\\/www.organisator.ch\\\/#organization\",\"name\":\"Organisator\",\"url\":\"https:\\\/\\\/www.organisator.ch\\\/\",\"logo\":{\"@type\":\"ImageObject\",\"inLanguage\":\"de\",\"@id\":\"https:\\\/\\\/www.organisator.ch\\\/#\\\/schema\\\/logo\\\/image\\\/\",\"url\":\"https:\\\/\\\/www.organisator.ch\\\/wp-content\\\/uploads\\\/2022\\\/01\\\/Logo_Organisator_Website.png\",\"contentUrl\":\"https:\\\/\\\/www.organisator.ch\\\/wp-content\\\/uploads\\\/2022\\\/01\\\/Logo_Organisator_Website.png\",\"width\":800,\"height\":77,\"caption\":\"Organisator\"},\"image\":{\"@id\":\"https:\\\/\\\/www.organisator.ch\\\/#\\\/schema\\\/logo\\\/image\\\/\"},\"sameAs\":[\"https:\\\/\\\/www.facebook.com\\\/OrganisatorFachmagazin\",\"https:\\\/\\\/www.linkedin.com\\\/showcase\\\/organisator-das-magazin-fr-kmu\",\"https:\\\/\\\/www.xing.com\\\/news\\\/pages\\\/organisator-ch-695\",\"https:\\\/\\\/www.youtube.com\\\/channel\\\/UCGP2Sq0iWaZwT3BdIAQFYpw\"]},{\"@type\":\"Person\",\"@id\":\"https:\\\/\\\/www.organisator.ch\\\/#\\\/schema\\\/person\\\/4e51799071cd2dd1232ac003643ef5f0\",\"name\":\"galledia\",\"image\":{\"@type\":\"ImageObject\",\"inLanguage\":\"de\",\"@id\":\"https:\\\/\\\/secure.gravatar.com\\\/avatar\\\/78a7f90c01fc2bfc875782a0d4922b37cde2cf184ce347b91316d23cd7f69a36?s=96&d=mm&r=g\",\"url\":\"https:\\\/\\\/secure.gravatar.com\\\/avatar\\\/78a7f90c01fc2bfc875782a0d4922b37cde2cf184ce347b91316d23cd7f69a36?s=96&d=mm&r=g\",\"contentUrl\":\"https:\\\/\\\/secure.gravatar.com\\\/avatar\\\/78a7f90c01fc2bfc875782a0d4922b37cde2cf184ce347b91316d23cd7f69a36?s=96&d=mm&r=g\",\"caption\":\"galledia\"},\"sameAs\":[\"https:\\\/\\\/x.com\\\/admin\"],\"url\":\"https:\\\/\\\/www.organisator.ch\\\/de\\\/author\\\/galledia\\\/\"}]}<\/script>\n<!-- \/ Yoast SEO plugin. -->","yoast_head_json":{"title":"Vier B\u00fccher, die Sie interessieren k\u00f6nnten - Organisator","description":"Gekr\u00e4nkte Freiheit: Nachtwey und Amlinger analysieren autorit\u00e4re Denkmuster in aktuellen Protestbewegungen. Lesenswert und fundiert.","robots":{"index":"index","follow":"follow","max-snippet":"max-snippet:-1","max-image-preview":"max-image-preview:large","max-video-preview":"max-video-preview:-1"},"canonical":"https:\/\/www.organisator.ch\/de\/marketing\/2024-06-25\/vier-buecher-die-sie-interessieren-koennten-28\/","og_locale":"de_DE","og_type":"article","og_title":"Vier B\u00fccher, die Sie interessieren k\u00f6nnten - Organisator","og_description":"Gekr\u00e4nkte Freiheit: Nachtwey und Amlinger analysieren autorit\u00e4re Denkmuster in aktuellen Protestbewegungen. Lesenswert und fundiert.","og_url":"https:\/\/www.organisator.ch\/de\/marketing\/2024-06-25\/vier-buecher-die-sie-interessieren-koennten-28\/","og_site_name":"Organisator","article_publisher":"https:\/\/www.facebook.com\/OrganisatorFachmagazin","article_published_time":"2024-06-25T14:50:58+00:00","article_modified_time":"2024-11-10T08:23:10+00:00","og_image":[{"url":"https:\/\/www.werbewoche.ch\/wp-content\/uploads\/2024\/06\/getabstract-lesetipps-juni-24.jpg","type":"","width":"","height":""}],"author":"galledia","twitter_card":"summary_large_image","twitter_creator":"@admin","schema":{"@context":"https:\/\/schema.org","@graph":[{"@type":"Article","@id":"https:\/\/www.organisator.ch\/marketing\/2024-06-25\/vier-buecher-die-sie-interessieren-koennten-28\/#article","isPartOf":{"@id":"https:\/\/www.organisator.ch\/marketing\/2024-06-25\/vier-buecher-die-sie-interessieren-koennten-28\/"},"author":{"name":"galledia","@id":"https:\/\/www.organisator.ch\/#\/schema\/person\/4e51799071cd2dd1232ac003643ef5f0"},"headline":"Vier B\u00fccher, die Sie interessieren k\u00f6nnten","datePublished":"2024-06-25T14:50:58+00:00","dateModified":"2024-11-10T08:23:10+00:00","mainEntityOfPage":{"@id":"https:\/\/www.organisator.ch\/marketing\/2024-06-25\/vier-buecher-die-sie-interessieren-koennten-28\/"},"wordCount":430,"publisher":{"@id":"https:\/\/www.organisator.ch\/#organization"},"image":{"@id":"https:\/\/www.organisator.ch\/marketing\/2024-06-25\/vier-buecher-die-sie-interessieren-koennten-28\/#primaryimage"},"thumbnailUrl":"https:\/\/www.werbewoche.ch\/wp-content\/uploads\/2024\/06\/getabstract-lesetipps-juni-24.jpg","keywords":["GetAbstract","Lesetipps","Marketing"],"articleSection":["MARKETING"],"inLanguage":"de"},{"@type":"WebPage","@id":"https:\/\/www.organisator.ch\/marketing\/2024-06-25\/vier-buecher-die-sie-interessieren-koennten-28\/","url":"https:\/\/www.organisator.ch\/marketing\/2024-06-25\/vier-buecher-die-sie-interessieren-koennten-28\/","name":"Vier B\u00fccher, die Sie interessieren k\u00f6nnten - Organisator","isPartOf":{"@id":"https:\/\/www.organisator.ch\/#website"},"primaryImageOfPage":{"@id":"https:\/\/www.organisator.ch\/marketing\/2024-06-25\/vier-buecher-die-sie-interessieren-koennten-28\/#primaryimage"},"image":{"@id":"https:\/\/www.organisator.ch\/marketing\/2024-06-25\/vier-buecher-die-sie-interessieren-koennten-28\/#primaryimage"},"thumbnailUrl":"https:\/\/www.werbewoche.ch\/wp-content\/uploads\/2024\/06\/getabstract-lesetipps-juni-24.jpg","datePublished":"2024-06-25T14:50:58+00:00","dateModified":"2024-11-10T08:23:10+00:00","description":"Gekr\u00e4nkte Freiheit: Nachtwey und Amlinger analysieren autorit\u00e4re Denkmuster in aktuellen Protestbewegungen. Lesenswert und fundiert.","breadcrumb":{"@id":"https:\/\/www.organisator.ch\/marketing\/2024-06-25\/vier-buecher-die-sie-interessieren-koennten-28\/#breadcrumb"},"inLanguage":"de","potentialAction":[{"@type":"ReadAction","target":["https:\/\/www.organisator.ch\/marketing\/2024-06-25\/vier-buecher-die-sie-interessieren-koennten-28\/"]}]},{"@type":"ImageObject","inLanguage":"de","@id":"https:\/\/www.organisator.ch\/marketing\/2024-06-25\/vier-buecher-die-sie-interessieren-koennten-28\/#primaryimage","url":"https:\/\/www.werbewoche.ch\/wp-content\/uploads\/2024\/06\/getabstract-lesetipps-juni-24.jpg","contentUrl":"https:\/\/www.werbewoche.ch\/wp-content\/uploads\/2024\/06\/getabstract-lesetipps-juni-24.jpg"},{"@type":"BreadcrumbList","@id":"https:\/\/www.organisator.ch\/marketing\/2024-06-25\/vier-buecher-die-sie-interessieren-koennten-28\/#breadcrumb","itemListElement":[{"@type":"ListItem","position":1,"name":"Home","item":"https:\/\/www.organisator.ch\/"},{"@type":"ListItem","position":2,"name":"Vier B\u00fccher, die Sie interessieren k\u00f6nnten"}]},{"@type":"WebSite","@id":"https:\/\/www.organisator.ch\/#website","url":"https:\/\/www.organisator.ch\/","name":"Organisator","description":"Kompetent. Praxisnah. Der ORGANISATOR bereitet in 10 Ausgaben pro Jahr die wesentlichen Themen f\u00fcr F\u00fchrungskr\u00e4fte von KMU auf.","publisher":{"@id":"https:\/\/www.organisator.ch\/#organization"},"potentialAction":[{"@type":"SearchAction","target":{"@type":"EntryPoint","urlTemplate":"https:\/\/www.organisator.ch\/?s={search_term_string}"},"query-input":{"@type":"PropertyValueSpecification","valueRequired":true,"valueName":"search_term_string"}}],"inLanguage":"de"},{"@type":"Organization","@id":"https:\/\/www.organisator.ch\/#organization","name":"Organisator","url":"https:\/\/www.organisator.ch\/","logo":{"@type":"ImageObject","inLanguage":"de","@id":"https:\/\/www.organisator.ch\/#\/schema\/logo\/image\/","url":"https:\/\/www.organisator.ch\/wp-content\/uploads\/2022\/01\/Logo_Organisator_Website.png","contentUrl":"https:\/\/www.organisator.ch\/wp-content\/uploads\/2022\/01\/Logo_Organisator_Website.png","width":800,"height":77,"caption":"Organisator"},"image":{"@id":"https:\/\/www.organisator.ch\/#\/schema\/logo\/image\/"},"sameAs":["https:\/\/www.facebook.com\/OrganisatorFachmagazin","https:\/\/www.linkedin.com\/showcase\/organisator-das-magazin-fr-kmu","https:\/\/www.xing.com\/news\/pages\/organisator-ch-695","https:\/\/www.youtube.com\/channel\/UCGP2Sq0iWaZwT3BdIAQFYpw"]},{"@type":"Person","@id":"https:\/\/www.organisator.ch\/#\/schema\/person\/4e51799071cd2dd1232ac003643ef5f0","name":"galledia","image":{"@type":"ImageObject","inLanguage":"de","@id":"https:\/\/secure.gravatar.com\/avatar\/78a7f90c01fc2bfc875782a0d4922b37cde2cf184ce347b91316d23cd7f69a36?s=96&d=mm&r=g","url":"https:\/\/secure.gravatar.com\/avatar\/78a7f90c01fc2bfc875782a0d4922b37cde2cf184ce347b91316d23cd7f69a36?s=96&d=mm&r=g","contentUrl":"https:\/\/secure.gravatar.com\/avatar\/78a7f90c01fc2bfc875782a0d4922b37cde2cf184ce347b91316d23cd7f69a36?s=96&d=mm&r=g","caption":"galledia"},"sameAs":["https:\/\/x.com\/admin"],"url":"https:\/\/www.organisator.ch\/de\/author\/galledia\/"}]}},"_links":{"self":[{"href":"https:\/\/www.organisator.ch\/de\/wp-json\/wp\/v2\/posts\/28012","targetHints":{"allow":["GET"]}}],"collection":[{"href":"https:\/\/www.organisator.ch\/de\/wp-json\/wp\/v2\/posts"}],"about":[{"href":"https:\/\/www.organisator.ch\/de\/wp-json\/wp\/v2\/types\/post"}],"author":[{"embeddable":true,"href":"https:\/\/www.organisator.ch\/de\/wp-json\/wp\/v2\/users\/8"}],"replies":[{"embeddable":true,"href":"https:\/\/www.organisator.ch\/de\/wp-json\/wp\/v2\/comments?post=28012"}],"version-history":[{"count":5,"href":"https:\/\/www.organisator.ch\/de\/wp-json\/wp\/v2\/posts\/28012\/revisions"}],"predecessor-version":[{"id":32156,"href":"https:\/\/www.organisator.ch\/de\/wp-json\/wp\/v2\/posts\/28012\/revisions\/32156"}],"wp:attachment":[{"href":"https:\/\/www.organisator.ch\/de\/wp-json\/wp\/v2\/media?parent=28012"}],"wp:term":[{"taxonomy":"category","embeddable":true,"href":"https:\/\/www.organisator.ch\/de\/wp-json\/wp\/v2\/categories?post=28012"},{"taxonomy":"post_tag","embeddable":true,"href":"https:\/\/www.organisator.ch\/de\/wp-json\/wp\/v2\/tags?post=28012"}],"curies":[{"name":"wp","href":"https:\/\/api.w.org\/{rel}","templated":true}]}}