{"id":28021,"date":"2024-06-26T10:14:44","date_gmt":"2024-06-26T08:14:44","guid":{"rendered":"https:\/\/www.organisator.ch\/?p=28021"},"modified":"2024-06-26T10:14:44","modified_gmt":"2024-06-26T08:14:44","slug":"zuehlke-verstaerkt-sich-im-verwaltungsrat-mit-neuer-expertise","status":"publish","type":"post","link":"https:\/\/www.organisator.ch\/de\/management\/2024-06-26\/zuehlke-verstaerkt-sich-im-verwaltungsrat-mit-neuer-expertise\/","title":{"rendered":"Z\u00fchlke verst\u00e4rkt sich im Verwaltungsrat mit neuer Expertise"},"content":{"rendered":"<figure id=\"attachment_28022\" aria-describedby=\"caption-attachment-28022\" style=\"width: 680px\" class=\"wp-caption alignnone\"><img loading=\"lazy\" decoding=\"async\" class=\"size-full wp-image-28022\" src=\"https:\/\/www.organisator.ch\/wp-content\/uploads\/2024\/06\/Zuehlke_Bild1_ps.jpg\" alt=\"\" width=\"680\" height=\"257\" srcset=\"https:\/\/www.organisator.ch\/wp-content\/uploads\/2024\/06\/Zuehlke_Bild1_ps.jpg 680w, https:\/\/www.organisator.ch\/wp-content\/uploads\/2024\/06\/Zuehlke_Bild1_ps-18x7.jpg 18w, https:\/\/www.organisator.ch\/wp-content\/uploads\/2024\/06\/Zuehlke_Bild1_ps-375x142.jpg 375w\" sizes=\"auto, (max-width: 680px) 100vw, 680px\" \/><figcaption id=\"caption-attachment-28022\" class=\"wp-caption-text\">Drei neue Mitglieder in den Verwaltungsrat der Z\u00fchlke Gruppe, Andrea Gisle Joosen, Feiyu Xu und Wolfgang Emmerich. (Bild: www.zuehlke.com)<\/figcaption><\/figure>\n<p>Mit der Wahl von Andrea Gisle Joosen, Feiyu Xu und Wolfgang Emmerich will das Unternehmen seine Position als globaler Partner f\u00fcr die technologiegest\u00fctzte Transformation durch die Einbringung vielf\u00e4ltiger Kompetenzen und F\u00fchrungsqualit\u00e4ten st\u00e4rken.<\/p>\n<p>Philipp Sutter, Pr\u00e4sident des Verwaltungsrats von Z\u00fchlke, kommentiert: \u201eWir freuen uns sehr, Andrea, Feiyu und Wolfgang als neue Mitglieder willkommen heissen zu d\u00fcrfen. Mit ihren vielf\u00e4ltigen Erfahrungen und Perspektiven werden sie uns bei der Entwicklung der Gruppe zu einem globalen Partner f\u00fcr die technologiegest\u00fctzte Transformation mit wertvollen Impulsen und Strategien unterst\u00fctzen. Jedes Mitglied bringt einzigartige F\u00e4higkeiten mit und ich bin davon \u00fcberzeugt, dass wir dank ihrer Beitr\u00e4ge noch besser in der Lage sein werden, aussergew\u00f6hnlichen Mehrwert zu liefern \u2013 f\u00fcr unsere Kundschaft, die Gesellschaft und den Planeten.\u201c<\/p>\n<p>Andrea Gisle Joosen verf\u00fcgt \u00fcber einen soliden Hintergrund in F\u00fchrungs- und Beratungsfunktionen in verschiedenen Industrien, darunter die Technologiebranche, Konsumg\u00fcter und der Einzelhandel. Sie ist derzeit Vorstandsvorsitzende von Bilprovningen AB und Charge Amps AB sowie nicht gesch\u00e4ftsf\u00fchrende Direktorin von evoke plc, Viaplay AB, Logent AB und Stadium AB. Dar\u00fcber hinaus ist sie im schwedischen Handelsverband und beim Women&#8217;s Leadership Award in Schweden in beratender Funktion t\u00e4tig. \u201eIch freue mich, dem Verwaltungsrat von Z\u00fchlke beizutreten und dort meine Erfahrung in der Digital- und Technologiebranche zu nutzen, um die globalen Ambitionen des Unternehmens voranzutreiben\u201c, so Joosen.<\/p>\n<p>Feiyu Xu ist eine preisgekr\u00f6nte KI-Forscherin und angesehene Expertin in der Technologiebranche. Sie ist derzeit nicht gesch\u00e4ftsf\u00fchrende Direktorin der Airbus Group und der Chain IQ Group sowie Aufsichtsratsmitglied der ZF Group. Feiyu Xu war unter anderem bei SAP und Lenovo t\u00e4tig, wo sie KI-Initiativen leitete und massgeblich zur Transformation der Unternehmen beitrug. \u201eEs ist mir eine Ehre, dem Verwaltungsrat von Z\u00fchlke beizutreten. Ich freue mich darauf, meine Expertise im Bereich KI einzubringen, um technologiegest\u00fctzte Transformationen f\u00fcr eine nachhaltige Zukunft voranzutreiben\u201c, sagt Xu.<\/p>\n<p>Wolfgang Emmerich ist f\u00fcr Z\u00fchlke kein Unbekannter. Er stiess bereits 1998 zum Unternehmen und spielte eine Schl\u00fcsselrolle beim Aufbau der Pr\u00e4senz in Grossbritannien. Wolfgang Emmerich wurde im Dezember 2000 Partner der Z\u00fchlke Gruppe und ist seit 2009 CEO von Z\u00fchlke in Grossbritannien. Seine weitreichende internationale Erfahrung bei Z\u00fchlke und sein berufliches Netzwerk werden f\u00fcr die erfolgreiche Globalisierung von Z\u00fchlke von entscheidender Bedeutung sein. Emmerich kommentiert: \u201eEs ist ein Privileg, Z\u00fchlke weiterhin begleiten und die globalen Expansionsaktivit\u00e4ten des Unternehmens mitsteuern zu d\u00fcrfen.\u201c<\/p>\n<p><em>Quelle: <a href=\"https:\/\/www.zuehlke.com\/de\">www.zuehlke.com<\/a><\/em><\/p>\n","protected":false},"excerpt":{"rendered":"<p>Gem\u00e4ss der Strategie, Kundinnen und Kunden auf globaler Ebene noch besser zu unterst\u00fctzen, hat die Z\u00fchlke Gruppe im Rahmen einer Generalversammlung am 20. Juni drei neue Mitglieder in den Verwaltungsrat gew\u00e4hlt. <\/p>\n","protected":false},"author":58,"featured_media":28022,"comment_status":"closed","ping_status":"closed","sticky":false,"template":"","format":"standard","meta":{"_acf_changed":false,"_yoast_wpseo_focuskw":"Z\u00fchlke","_yoast_wpseo_metadesc":"Die Z\u00fchlke Gruppe hat im Rahmen einer Generalversammlung am 20. Juni drei neue Mitglieder in den Verwaltungsrat gew\u00e4hlt.","articlekey":"","footnotes":""},"categories":[28],"tags":[4285,334,492,2471],"class_list":["post-28021","post","type-post","status-publish","format-standard","has-post-thumbnail","hentry","category-management","tag-expertise","tag-management","tag-unternehmen","tag-verwaltungsrat"],"acf":[],"yoast_head":"<!-- This site is optimized with the Yoast SEO plugin v27.4 - https:\/\/yoast.com\/product\/yoast-seo-wordpress\/ -->\n<title>Z\u00fchlke verst\u00e4rkt sich im Verwaltungsrat mit neuer Expertise - Organisator<\/title>\n<meta name=\"description\" content=\"Die Z\u00fchlke Gruppe hat im Rahmen einer Generalversammlung am 20. Juni drei neue Mitglieder in den Verwaltungsrat gew\u00e4hlt.\" \/>\n<meta name=\"robots\" content=\"index, follow, max-snippet:-1, max-image-preview:large, max-video-preview:-1\" \/>\n<link rel=\"canonical\" href=\"https:\/\/www.organisator.ch\/de\/management\/2024-06-26\/zuehlke-verstaerkt-sich-im-verwaltungsrat-mit-neuer-expertise\/\" \/>\n<meta property=\"og:locale\" content=\"de_DE\" \/>\n<meta property=\"og:type\" content=\"article\" \/>\n<meta property=\"og:title\" content=\"Z\u00fchlke verst\u00e4rkt sich im Verwaltungsrat mit neuer Expertise\" \/>\n<meta property=\"og:description\" content=\"Die Z\u00fchlke Gruppe hat im Rahmen einer Generalversammlung am 20. Juni drei neue Mitglieder in den Verwaltungsrat gew\u00e4hlt.\" \/>\n<meta property=\"og:url\" content=\"https:\/\/www.organisator.ch\/de\/management\/2024-06-26\/zuehlke-verstaerkt-sich-im-verwaltungsrat-mit-neuer-expertise\/\" \/>\n<meta property=\"og:site_name\" content=\"Organisator\" \/>\n<meta property=\"article:publisher\" content=\"https:\/\/www.facebook.com\/OrganisatorFachmagazin\" \/>\n<meta property=\"article:published_time\" content=\"2024-06-26T08:14:44+00:00\" \/>\n<meta property=\"og:image\" content=\"https:\/\/www.organisator.ch\/wp-content\/uploads\/2024\/06\/Zuehlke_Bild1_ps.jpg\" \/>\n\t<meta property=\"og:image:width\" content=\"680\" \/>\n\t<meta property=\"og:image:height\" content=\"257\" \/>\n\t<meta property=\"og:image:type\" content=\"image\/jpeg\" \/>\n<meta name=\"author\" content=\"Adelisa Kalajdzini\" \/>\n<meta name=\"twitter:card\" content=\"summary_large_image\" \/>\n<meta name=\"twitter:title\" content=\"Z\u00fchlke verst\u00e4rkt sich im Verwaltungsrat mit neuer Expertise\" \/>\n<meta name=\"twitter:description\" content=\"Die #Z\u00fchlke Gruppe hat im Rahmen einer #Generalversammlung am 20. Juni #drei #neue #Mitglieder in den #Verwaltungsrat gew\u00e4hlt.\" \/>\n<meta name=\"twitter:image\" content=\"https:\/\/www.organisator.ch\/wp-content\/uploads\/2024\/06\/Zuehlke_Bild1_ps.jpg\" \/>\n<script type=\"application\/ld+json\" class=\"yoast-schema-graph\">{\"@context\":\"https:\\\/\\\/schema.org\",\"@graph\":[{\"@type\":\"Article\",\"@id\":\"https:\\\/\\\/www.organisator.ch\\\/management\\\/2024-06-26\\\/zuehlke-verstaerkt-sich-im-verwaltungsrat-mit-neuer-expertise\\\/#article\",\"isPartOf\":{\"@id\":\"https:\\\/\\\/www.organisator.ch\\\/management\\\/2024-06-26\\\/zuehlke-verstaerkt-sich-im-verwaltungsrat-mit-neuer-expertise\\\/\"},\"author\":{\"name\":\"Adelisa Kalajdzini\",\"@id\":\"https:\\\/\\\/www.organisator.ch\\\/#\\\/schema\\\/person\\\/2e1314a2172123f874db408d8911d3f3\"},\"headline\":\"Z\u00fchlke verst\u00e4rkt sich im Verwaltungsrat mit neuer Expertise\",\"datePublished\":\"2024-06-26T08:14:44+00:00\",\"mainEntityOfPage\":{\"@id\":\"https:\\\/\\\/www.organisator.ch\\\/management\\\/2024-06-26\\\/zuehlke-verstaerkt-sich-im-verwaltungsrat-mit-neuer-expertise\\\/\"},\"wordCount\":459,\"publisher\":{\"@id\":\"https:\\\/\\\/www.organisator.ch\\\/#organization\"},\"image\":{\"@id\":\"https:\\\/\\\/www.organisator.ch\\\/management\\\/2024-06-26\\\/zuehlke-verstaerkt-sich-im-verwaltungsrat-mit-neuer-expertise\\\/#primaryimage\"},\"thumbnailUrl\":\"https:\\\/\\\/www.organisator.ch\\\/wp-content\\\/uploads\\\/2024\\\/06\\\/Zuehlke_Bild1_ps.jpg\",\"keywords\":[\"Expertise\",\"Management\",\"Unternehmen\",\"Verwaltungsrat\"],\"articleSection\":[\"MANAGEMENT\"],\"inLanguage\":\"de\"},{\"@type\":\"WebPage\",\"@id\":\"https:\\\/\\\/www.organisator.ch\\\/management\\\/2024-06-26\\\/zuehlke-verstaerkt-sich-im-verwaltungsrat-mit-neuer-expertise\\\/\",\"url\":\"https:\\\/\\\/www.organisator.ch\\\/management\\\/2024-06-26\\\/zuehlke-verstaerkt-sich-im-verwaltungsrat-mit-neuer-expertise\\\/\",\"name\":\"Z\u00fchlke verst\u00e4rkt sich im Verwaltungsrat mit neuer Expertise - Organisator\",\"isPartOf\":{\"@id\":\"https:\\\/\\\/www.organisator.ch\\\/#website\"},\"primaryImageOfPage\":{\"@id\":\"https:\\\/\\\/www.organisator.ch\\\/management\\\/2024-06-26\\\/zuehlke-verstaerkt-sich-im-verwaltungsrat-mit-neuer-expertise\\\/#primaryimage\"},\"image\":{\"@id\":\"https:\\\/\\\/www.organisator.ch\\\/management\\\/2024-06-26\\\/zuehlke-verstaerkt-sich-im-verwaltungsrat-mit-neuer-expertise\\\/#primaryimage\"},\"thumbnailUrl\":\"https:\\\/\\\/www.organisator.ch\\\/wp-content\\\/uploads\\\/2024\\\/06\\\/Zuehlke_Bild1_ps.jpg\",\"datePublished\":\"2024-06-26T08:14:44+00:00\",\"description\":\"Die Z\u00fchlke Gruppe hat im Rahmen einer Generalversammlung am 20. Juni drei neue Mitglieder in den Verwaltungsrat gew\u00e4hlt.\",\"breadcrumb\":{\"@id\":\"https:\\\/\\\/www.organisator.ch\\\/management\\\/2024-06-26\\\/zuehlke-verstaerkt-sich-im-verwaltungsrat-mit-neuer-expertise\\\/#breadcrumb\"},\"inLanguage\":\"de\",\"potentialAction\":[{\"@type\":\"ReadAction\",\"target\":[\"https:\\\/\\\/www.organisator.ch\\\/management\\\/2024-06-26\\\/zuehlke-verstaerkt-sich-im-verwaltungsrat-mit-neuer-expertise\\\/\"]}]},{\"@type\":\"ImageObject\",\"inLanguage\":\"de\",\"@id\":\"https:\\\/\\\/www.organisator.ch\\\/management\\\/2024-06-26\\\/zuehlke-verstaerkt-sich-im-verwaltungsrat-mit-neuer-expertise\\\/#primaryimage\",\"url\":\"https:\\\/\\\/www.organisator.ch\\\/wp-content\\\/uploads\\\/2024\\\/06\\\/Zuehlke_Bild1_ps.jpg\",\"contentUrl\":\"https:\\\/\\\/www.organisator.ch\\\/wp-content\\\/uploads\\\/2024\\\/06\\\/Zuehlke_Bild1_ps.jpg\",\"width\":680,\"height\":257,\"caption\":\"Drei neue Mitglieder in den Verwaltungsrat der Z\u00fchlke Gruppe, Andrea Gisle Joosen, Feiyu Xu und Wolfgang Emmerich. (Bild: www.zuehlke.com)\"},{\"@type\":\"BreadcrumbList\",\"@id\":\"https:\\\/\\\/www.organisator.ch\\\/management\\\/2024-06-26\\\/zuehlke-verstaerkt-sich-im-verwaltungsrat-mit-neuer-expertise\\\/#breadcrumb\",\"itemListElement\":[{\"@type\":\"ListItem\",\"position\":1,\"name\":\"Home\",\"item\":\"https:\\\/\\\/www.organisator.ch\\\/\"},{\"@type\":\"ListItem\",\"position\":2,\"name\":\"Z\u00fchlke verst\u00e4rkt sich im Verwaltungsrat mit neuer Expertise\"}]},{\"@type\":\"WebSite\",\"@id\":\"https:\\\/\\\/www.organisator.ch\\\/#website\",\"url\":\"https:\\\/\\\/www.organisator.ch\\\/\",\"name\":\"Organisator\",\"description\":\"Kompetent. Praxisnah. Der ORGANISATOR bereitet in 10 Ausgaben pro Jahr die wesentlichen Themen f\u00fcr F\u00fchrungskr\u00e4fte von KMU auf.\",\"publisher\":{\"@id\":\"https:\\\/\\\/www.organisator.ch\\\/#organization\"},\"potentialAction\":[{\"@type\":\"SearchAction\",\"target\":{\"@type\":\"EntryPoint\",\"urlTemplate\":\"https:\\\/\\\/www.organisator.ch\\\/?s={search_term_string}\"},\"query-input\":{\"@type\":\"PropertyValueSpecification\",\"valueRequired\":true,\"valueName\":\"search_term_string\"}}],\"inLanguage\":\"de\"},{\"@type\":\"Organization\",\"@id\":\"https:\\\/\\\/www.organisator.ch\\\/#organization\",\"name\":\"Organisator\",\"url\":\"https:\\\/\\\/www.organisator.ch\\\/\",\"logo\":{\"@type\":\"ImageObject\",\"inLanguage\":\"de\",\"@id\":\"https:\\\/\\\/www.organisator.ch\\\/#\\\/schema\\\/logo\\\/image\\\/\",\"url\":\"https:\\\/\\\/www.organisator.ch\\\/wp-content\\\/uploads\\\/2022\\\/01\\\/Logo_Organisator_Website.png\",\"contentUrl\":\"https:\\\/\\\/www.organisator.ch\\\/wp-content\\\/uploads\\\/2022\\\/01\\\/Logo_Organisator_Website.png\",\"width\":800,\"height\":77,\"caption\":\"Organisator\"},\"image\":{\"@id\":\"https:\\\/\\\/www.organisator.ch\\\/#\\\/schema\\\/logo\\\/image\\\/\"},\"sameAs\":[\"https:\\\/\\\/www.facebook.com\\\/OrganisatorFachmagazin\",\"https:\\\/\\\/www.linkedin.com\\\/showcase\\\/organisator-das-magazin-fr-kmu\",\"https:\\\/\\\/www.xing.com\\\/news\\\/pages\\\/organisator-ch-695\",\"https:\\\/\\\/www.youtube.com\\\/channel\\\/UCGP2Sq0iWaZwT3BdIAQFYpw\"]},{\"@type\":\"Person\",\"@id\":\"https:\\\/\\\/www.organisator.ch\\\/#\\\/schema\\\/person\\\/2e1314a2172123f874db408d8911d3f3\",\"name\":\"Adelisa Kalajdzini\",\"image\":{\"@type\":\"ImageObject\",\"inLanguage\":\"de\",\"@id\":\"https:\\\/\\\/secure.gravatar.com\\\/avatar\\\/09a397c22ac58cad6f160ee8306348599df9df58a8ede73696226897b9fa4b24?s=96&d=mm&r=g\",\"url\":\"https:\\\/\\\/secure.gravatar.com\\\/avatar\\\/09a397c22ac58cad6f160ee8306348599df9df58a8ede73696226897b9fa4b24?s=96&d=mm&r=g\",\"contentUrl\":\"https:\\\/\\\/secure.gravatar.com\\\/avatar\\\/09a397c22ac58cad6f160ee8306348599df9df58a8ede73696226897b9fa4b24?s=96&d=mm&r=g\",\"caption\":\"Adelisa Kalajdzini\"},\"url\":\"https:\\\/\\\/www.organisator.ch\\\/de\\\/author\\\/adelisa-kalajdzini\\\/\"}]}<\/script>\n<!-- \/ Yoast SEO plugin. -->","yoast_head_json":{"title":"Z\u00fchlke verst\u00e4rkt sich im Verwaltungsrat mit neuer Expertise - Organisator","description":"Die Z\u00fchlke Gruppe hat im Rahmen einer Generalversammlung am 20. Juni drei neue Mitglieder in den Verwaltungsrat gew\u00e4hlt.","robots":{"index":"index","follow":"follow","max-snippet":"max-snippet:-1","max-image-preview":"max-image-preview:large","max-video-preview":"max-video-preview:-1"},"canonical":"https:\/\/www.organisator.ch\/de\/management\/2024-06-26\/zuehlke-verstaerkt-sich-im-verwaltungsrat-mit-neuer-expertise\/","og_locale":"de_DE","og_type":"article","og_title":"Z\u00fchlke verst\u00e4rkt sich im Verwaltungsrat mit neuer Expertise","og_description":"Die Z\u00fchlke Gruppe hat im Rahmen einer Generalversammlung am 20. Juni drei neue Mitglieder in den Verwaltungsrat gew\u00e4hlt.","og_url":"https:\/\/www.organisator.ch\/de\/management\/2024-06-26\/zuehlke-verstaerkt-sich-im-verwaltungsrat-mit-neuer-expertise\/","og_site_name":"Organisator","article_publisher":"https:\/\/www.facebook.com\/OrganisatorFachmagazin","article_published_time":"2024-06-26T08:14:44+00:00","og_image":[{"width":680,"height":257,"url":"https:\/\/www.organisator.ch\/wp-content\/uploads\/2024\/06\/Zuehlke_Bild1_ps.jpg","type":"image\/jpeg"}],"author":"Adelisa Kalajdzini","twitter_card":"summary_large_image","twitter_title":"Z\u00fchlke verst\u00e4rkt sich im Verwaltungsrat mit neuer Expertise","twitter_description":"Die #Z\u00fchlke Gruppe hat im Rahmen einer #Generalversammlung am 20. Juni #drei #neue #Mitglieder in den #Verwaltungsrat gew\u00e4hlt.","twitter_image":"https:\/\/www.organisator.ch\/wp-content\/uploads\/2024\/06\/Zuehlke_Bild1_ps.jpg","schema":{"@context":"https:\/\/schema.org","@graph":[{"@type":"Article","@id":"https:\/\/www.organisator.ch\/management\/2024-06-26\/zuehlke-verstaerkt-sich-im-verwaltungsrat-mit-neuer-expertise\/#article","isPartOf":{"@id":"https:\/\/www.organisator.ch\/management\/2024-06-26\/zuehlke-verstaerkt-sich-im-verwaltungsrat-mit-neuer-expertise\/"},"author":{"name":"Adelisa Kalajdzini","@id":"https:\/\/www.organisator.ch\/#\/schema\/person\/2e1314a2172123f874db408d8911d3f3"},"headline":"Z\u00fchlke verst\u00e4rkt sich im Verwaltungsrat mit neuer Expertise","datePublished":"2024-06-26T08:14:44+00:00","mainEntityOfPage":{"@id":"https:\/\/www.organisator.ch\/management\/2024-06-26\/zuehlke-verstaerkt-sich-im-verwaltungsrat-mit-neuer-expertise\/"},"wordCount":459,"publisher":{"@id":"https:\/\/www.organisator.ch\/#organization"},"image":{"@id":"https:\/\/www.organisator.ch\/management\/2024-06-26\/zuehlke-verstaerkt-sich-im-verwaltungsrat-mit-neuer-expertise\/#primaryimage"},"thumbnailUrl":"https:\/\/www.organisator.ch\/wp-content\/uploads\/2024\/06\/Zuehlke_Bild1_ps.jpg","keywords":["Expertise","Management","Unternehmen","Verwaltungsrat"],"articleSection":["MANAGEMENT"],"inLanguage":"de"},{"@type":"WebPage","@id":"https:\/\/www.organisator.ch\/management\/2024-06-26\/zuehlke-verstaerkt-sich-im-verwaltungsrat-mit-neuer-expertise\/","url":"https:\/\/www.organisator.ch\/management\/2024-06-26\/zuehlke-verstaerkt-sich-im-verwaltungsrat-mit-neuer-expertise\/","name":"Z\u00fchlke verst\u00e4rkt sich im Verwaltungsrat mit neuer Expertise - Organisator","isPartOf":{"@id":"https:\/\/www.organisator.ch\/#website"},"primaryImageOfPage":{"@id":"https:\/\/www.organisator.ch\/management\/2024-06-26\/zuehlke-verstaerkt-sich-im-verwaltungsrat-mit-neuer-expertise\/#primaryimage"},"image":{"@id":"https:\/\/www.organisator.ch\/management\/2024-06-26\/zuehlke-verstaerkt-sich-im-verwaltungsrat-mit-neuer-expertise\/#primaryimage"},"thumbnailUrl":"https:\/\/www.organisator.ch\/wp-content\/uploads\/2024\/06\/Zuehlke_Bild1_ps.jpg","datePublished":"2024-06-26T08:14:44+00:00","description":"Die Z\u00fchlke Gruppe hat im Rahmen einer Generalversammlung am 20. Juni drei neue Mitglieder in den Verwaltungsrat gew\u00e4hlt.","breadcrumb":{"@id":"https:\/\/www.organisator.ch\/management\/2024-06-26\/zuehlke-verstaerkt-sich-im-verwaltungsrat-mit-neuer-expertise\/#breadcrumb"},"inLanguage":"de","potentialAction":[{"@type":"ReadAction","target":["https:\/\/www.organisator.ch\/management\/2024-06-26\/zuehlke-verstaerkt-sich-im-verwaltungsrat-mit-neuer-expertise\/"]}]},{"@type":"ImageObject","inLanguage":"de","@id":"https:\/\/www.organisator.ch\/management\/2024-06-26\/zuehlke-verstaerkt-sich-im-verwaltungsrat-mit-neuer-expertise\/#primaryimage","url":"https:\/\/www.organisator.ch\/wp-content\/uploads\/2024\/06\/Zuehlke_Bild1_ps.jpg","contentUrl":"https:\/\/www.organisator.ch\/wp-content\/uploads\/2024\/06\/Zuehlke_Bild1_ps.jpg","width":680,"height":257,"caption":"Drei neue Mitglieder in den Verwaltungsrat der Z\u00fchlke Gruppe, Andrea Gisle Joosen, Feiyu Xu und Wolfgang Emmerich. (Bild: www.zuehlke.com)"},{"@type":"BreadcrumbList","@id":"https:\/\/www.organisator.ch\/management\/2024-06-26\/zuehlke-verstaerkt-sich-im-verwaltungsrat-mit-neuer-expertise\/#breadcrumb","itemListElement":[{"@type":"ListItem","position":1,"name":"Home","item":"https:\/\/www.organisator.ch\/"},{"@type":"ListItem","position":2,"name":"Z\u00fchlke verst\u00e4rkt sich im Verwaltungsrat mit neuer Expertise"}]},{"@type":"WebSite","@id":"https:\/\/www.organisator.ch\/#website","url":"https:\/\/www.organisator.ch\/","name":"Organisator","description":"Kompetent. Praxisnah. Der ORGANISATOR bereitet in 10 Ausgaben pro Jahr die wesentlichen Themen f\u00fcr F\u00fchrungskr\u00e4fte von KMU auf.","publisher":{"@id":"https:\/\/www.organisator.ch\/#organization"},"potentialAction":[{"@type":"SearchAction","target":{"@type":"EntryPoint","urlTemplate":"https:\/\/www.organisator.ch\/?s={search_term_string}"},"query-input":{"@type":"PropertyValueSpecification","valueRequired":true,"valueName":"search_term_string"}}],"inLanguage":"de"},{"@type":"Organization","@id":"https:\/\/www.organisator.ch\/#organization","name":"Organisator","url":"https:\/\/www.organisator.ch\/","logo":{"@type":"ImageObject","inLanguage":"de","@id":"https:\/\/www.organisator.ch\/#\/schema\/logo\/image\/","url":"https:\/\/www.organisator.ch\/wp-content\/uploads\/2022\/01\/Logo_Organisator_Website.png","contentUrl":"https:\/\/www.organisator.ch\/wp-content\/uploads\/2022\/01\/Logo_Organisator_Website.png","width":800,"height":77,"caption":"Organisator"},"image":{"@id":"https:\/\/www.organisator.ch\/#\/schema\/logo\/image\/"},"sameAs":["https:\/\/www.facebook.com\/OrganisatorFachmagazin","https:\/\/www.linkedin.com\/showcase\/organisator-das-magazin-fr-kmu","https:\/\/www.xing.com\/news\/pages\/organisator-ch-695","https:\/\/www.youtube.com\/channel\/UCGP2Sq0iWaZwT3BdIAQFYpw"]},{"@type":"Person","@id":"https:\/\/www.organisator.ch\/#\/schema\/person\/2e1314a2172123f874db408d8911d3f3","name":"Adelisa Kalajdzini","image":{"@type":"ImageObject","inLanguage":"de","@id":"https:\/\/secure.gravatar.com\/avatar\/09a397c22ac58cad6f160ee8306348599df9df58a8ede73696226897b9fa4b24?s=96&d=mm&r=g","url":"https:\/\/secure.gravatar.com\/avatar\/09a397c22ac58cad6f160ee8306348599df9df58a8ede73696226897b9fa4b24?s=96&d=mm&r=g","contentUrl":"https:\/\/secure.gravatar.com\/avatar\/09a397c22ac58cad6f160ee8306348599df9df58a8ede73696226897b9fa4b24?s=96&d=mm&r=g","caption":"Adelisa Kalajdzini"},"url":"https:\/\/www.organisator.ch\/de\/author\/adelisa-kalajdzini\/"}]}},"_links":{"self":[{"href":"https:\/\/www.organisator.ch\/de\/wp-json\/wp\/v2\/posts\/28021","targetHints":{"allow":["GET"]}}],"collection":[{"href":"https:\/\/www.organisator.ch\/de\/wp-json\/wp\/v2\/posts"}],"about":[{"href":"https:\/\/www.organisator.ch\/de\/wp-json\/wp\/v2\/types\/post"}],"author":[{"embeddable":true,"href":"https:\/\/www.organisator.ch\/de\/wp-json\/wp\/v2\/users\/58"}],"replies":[{"embeddable":true,"href":"https:\/\/www.organisator.ch\/de\/wp-json\/wp\/v2\/comments?post=28021"}],"version-history":[{"count":3,"href":"https:\/\/www.organisator.ch\/de\/wp-json\/wp\/v2\/posts\/28021\/revisions"}],"predecessor-version":[{"id":28061,"href":"https:\/\/www.organisator.ch\/de\/wp-json\/wp\/v2\/posts\/28021\/revisions\/28061"}],"wp:featuredmedia":[{"embeddable":true,"href":"https:\/\/www.organisator.ch\/de\/wp-json\/wp\/v2\/media\/28022"}],"wp:attachment":[{"href":"https:\/\/www.organisator.ch\/de\/wp-json\/wp\/v2\/media?parent=28021"}],"wp:term":[{"taxonomy":"category","embeddable":true,"href":"https:\/\/www.organisator.ch\/de\/wp-json\/wp\/v2\/categories?post=28021"},{"taxonomy":"post_tag","embeddable":true,"href":"https:\/\/www.organisator.ch\/de\/wp-json\/wp\/v2\/tags?post=28021"}],"curies":[{"name":"wp","href":"https:\/\/api.w.org\/{rel}","templated":true}]}}