{"id":28032,"date":"2024-06-26T10:28:49","date_gmt":"2024-06-26T08:28:49","guid":{"rendered":"https:\/\/www.werbewoche.ch\/?p=217200"},"modified":"2024-11-10T09:14:38","modified_gmt":"2024-11-10T08:14:38","slug":"feinheit-schafft-neuen-auftritt-fuer-crescenda","status":"publish","type":"post","link":"https:\/\/www.organisator.ch\/de\/marketing\/2024-06-26\/feinheit-schafft-neuen-auftritt-fuer-crescenda\/","title":{"rendered":"Feinheit schafft neuen Auftritt f\u00fcr Crescenda"},"content":{"rendered":"<p><img class=\"aligncenter wp-image-217201 size-full\" src=\"https:\/\/www.werbewoche.ch\/wp-content\/uploads\/2024\/06\/20240626_Feinheit_Medienmitteilung_Crescenda_zvg.jpg\" alt=\"Crescenda Corporate\" width=\"1200\" height=\"800\" \/><\/p>\r\n<p>P\u00fcnktlich zu seinem 20-j\u00e4hrigen Bestehen tritt der gemeinn\u00fctzige Verein Crescenda aus Basel mit einer neuen Corporate Identity auf. Keine radikale \u00c4nderung, sondern eine Weiterentwicklung sollte es sein. Und vor allem sollten sich die Zielgruppen schnell und deutlich darin wiedererkennen. So lautete der Auftrag an Feinheit, die den Auftritt erarbeitet hat.<\/p>\r\n<h3><strong>Mit Human Centered Design zum Ziel<\/strong><\/h3>\r\n<p>Um den Zielen gerecht zu werden, kombinierte die Agentur ihre Kompetenzen im visuellen Design mit ihren Erfahrungen im Human Centered Design und entschied, mit Menschen aus den Zielgruppen zusammenzuarbeiten. Schnell wurde klar, dass eine Zielgruppe mit Abstand am wichtigsten ist: Frauen mit Migrationserfahrung, die bei Crescenda Kurse zur Unternehmensgr\u00fcndung oder Berufstrainings absolvieren. In Workshops mit Vertreterinnen dieser Zielgruppe konnte Feinheit das Wirken von Crescenda erfassen und transportieren.<\/p>\r\n<p>So zeigte sich, dass bei Crescenda die Zugeh\u00f6rigkeit und das fr\u00f6hliche Miteinander im Zentrum stehen. Das spiegelt sich im neuen Auftritt wider, der sich durch laute Farben, verspielte Schriften und eine authentische Bildwelt auszeichnet.<\/p>\r\n<h3><strong>Corporate Design Manual als Grundlage<\/strong><\/h3>\r\n<p>Als Endprodukt ist ein Corporate Design Manual entstanden. Visuell l\u00e4sst es die Identit\u00e4t mit rundum aufgefrischten Elementen \u2013 wie Logo, Typografie, Farben, Bildwelt und Layoutprinzipien \u2013 leben. Zus\u00e4tzlich bringt es textlich auf den Punkt, wer Crescenda ist. Insbesondere entstand die Logo-Byline \u00abHier kommen Frauen an. Hier kommen Frauen weiter.\u00bb<\/p>\r\n<p>Das Corporate Design Manual war unter anderem eine Grundlage f\u00fcr die neue Website von <a href=\"https:\/\/www.crescenda.ch\/\" rel=\"noopener\">Crescenda<\/a>, die seit kurzem online ist.<\/p>\r\n<hr \/>\r\n<p><strong>Verantwortlich bei Crescenda:<\/strong> Nicole L\u00fctzelschwab, Isabelle Groeli, Katharina St\u00f6ckli, Corinna Zuckermann, Nathalie Storer, Adelina Arendarska, Linh Lam, Beatrice Speiser. <strong>Verantwortlich bei Feinheit:<\/strong> Moritz Friess (Projektleitung &amp; Beratung), Catriona Paffhausen (visuelles Design), Stephanie Auderset (Text).<\/p>","protected":false},"excerpt":{"rendered":"<p>Crescenda unterst\u00fctzt Frauen mit Migrationserfahrung dabei, sich ins Arbeitsleben einzubringen. Feinheit hat f\u00fcr den gemeinn\u00fctzigen Verein aus Basel eine neue Corporate Identity entwickelt, die seine Identit\u00e4t visuell und textlich noch besser hervorbringt.<\/p>\n","protected":false},"author":8,"featured_media":0,"comment_status":"closed","ping_status":"closed","sticky":false,"template":"","format":"standard","meta":{"_acf_changed":false,"_yoast_wpseo_focuskw":"Crescenda Corporate","_yoast_wpseo_metadesc":"Crescenda feiert 20 Jahre mit neuer Corporate Identity. Fokus auf Zugeh\u00f6rigkeit, fr\u00f6hliches Miteinander und modernes Design.","articlekey":"","footnotes":""},"categories":[29],"tags":[4286,4287,2617],"class_list":["post-28032","post","type-post","status-publish","format-standard","hentry","category-marketing","tag-crescenda","tag-feinheit","tag-marken"],"acf":[],"yoast_head":"<!-- This site is optimized with the Yoast SEO plugin v27.4 - https:\/\/yoast.com\/product\/yoast-seo-wordpress\/ -->\n<title>Feinheit schafft neuen Auftritt f\u00fcr Crescenda - Organisator<\/title>\n<meta name=\"description\" content=\"Crescenda feiert 20 Jahre mit neuer Corporate Identity. Fokus auf Zugeh\u00f6rigkeit, fr\u00f6hliches Miteinander und modernes Design.\" \/>\n<meta name=\"robots\" content=\"index, follow, max-snippet:-1, max-image-preview:large, max-video-preview:-1\" \/>\n<link rel=\"canonical\" href=\"https:\/\/www.organisator.ch\/de\/marketing\/2024-06-26\/feinheit-schafft-neuen-auftritt-fuer-crescenda\/\" \/>\n<meta property=\"og:locale\" content=\"de_DE\" \/>\n<meta property=\"og:type\" content=\"article\" \/>\n<meta property=\"og:title\" content=\"Feinheit schafft neuen Auftritt f\u00fcr Crescenda - Organisator\" \/>\n<meta property=\"og:description\" content=\"Crescenda feiert 20 Jahre mit neuer Corporate Identity. Fokus auf Zugeh\u00f6rigkeit, fr\u00f6hliches Miteinander und modernes Design.\" \/>\n<meta property=\"og:url\" content=\"https:\/\/www.organisator.ch\/de\/marketing\/2024-06-26\/feinheit-schafft-neuen-auftritt-fuer-crescenda\/\" \/>\n<meta property=\"og:site_name\" content=\"Organisator\" \/>\n<meta property=\"article:publisher\" content=\"https:\/\/www.facebook.com\/OrganisatorFachmagazin\" \/>\n<meta property=\"article:published_time\" content=\"2024-06-26T08:28:49+00:00\" \/>\n<meta property=\"article:modified_time\" content=\"2024-11-10T08:14:38+00:00\" \/>\n<meta property=\"og:image\" content=\"https:\/\/www.werbewoche.ch\/wp-content\/uploads\/2024\/06\/20240626_Feinheit_Medienmitteilung_Crescenda_zvg.jpg\" \/>\n<meta name=\"author\" content=\"galledia\" \/>\n<meta name=\"twitter:card\" content=\"summary_large_image\" \/>\n<meta name=\"twitter:creator\" content=\"@admin\" \/>\n<script type=\"application\/ld+json\" class=\"yoast-schema-graph\">{\"@context\":\"https:\\\/\\\/schema.org\",\"@graph\":[{\"@type\":\"Article\",\"@id\":\"https:\\\/\\\/www.organisator.ch\\\/marketing\\\/2024-06-26\\\/feinheit-schafft-neuen-auftritt-fuer-crescenda\\\/#article\",\"isPartOf\":{\"@id\":\"https:\\\/\\\/www.organisator.ch\\\/marketing\\\/2024-06-26\\\/feinheit-schafft-neuen-auftritt-fuer-crescenda\\\/\"},\"author\":{\"name\":\"galledia\",\"@id\":\"https:\\\/\\\/www.organisator.ch\\\/#\\\/schema\\\/person\\\/4e51799071cd2dd1232ac003643ef5f0\"},\"headline\":\"Feinheit schafft neuen Auftritt f\u00fcr Crescenda\",\"datePublished\":\"2024-06-26T08:28:49+00:00\",\"dateModified\":\"2024-11-10T08:14:38+00:00\",\"mainEntityOfPage\":{\"@id\":\"https:\\\/\\\/www.organisator.ch\\\/marketing\\\/2024-06-26\\\/feinheit-schafft-neuen-auftritt-fuer-crescenda\\\/\"},\"wordCount\":282,\"publisher\":{\"@id\":\"https:\\\/\\\/www.organisator.ch\\\/#organization\"},\"image\":{\"@id\":\"https:\\\/\\\/www.organisator.ch\\\/marketing\\\/2024-06-26\\\/feinheit-schafft-neuen-auftritt-fuer-crescenda\\\/#primaryimage\"},\"thumbnailUrl\":\"https:\\\/\\\/www.werbewoche.ch\\\/wp-content\\\/uploads\\\/2024\\\/06\\\/20240626_Feinheit_Medienmitteilung_Crescenda_zvg.jpg\",\"keywords\":[\"Crescenda\",\"Feinheit\",\"Marken\"],\"articleSection\":[\"MARKETING\"],\"inLanguage\":\"de\"},{\"@type\":\"WebPage\",\"@id\":\"https:\\\/\\\/www.organisator.ch\\\/marketing\\\/2024-06-26\\\/feinheit-schafft-neuen-auftritt-fuer-crescenda\\\/\",\"url\":\"https:\\\/\\\/www.organisator.ch\\\/marketing\\\/2024-06-26\\\/feinheit-schafft-neuen-auftritt-fuer-crescenda\\\/\",\"name\":\"Feinheit schafft neuen Auftritt f\u00fcr Crescenda - Organisator\",\"isPartOf\":{\"@id\":\"https:\\\/\\\/www.organisator.ch\\\/#website\"},\"primaryImageOfPage\":{\"@id\":\"https:\\\/\\\/www.organisator.ch\\\/marketing\\\/2024-06-26\\\/feinheit-schafft-neuen-auftritt-fuer-crescenda\\\/#primaryimage\"},\"image\":{\"@id\":\"https:\\\/\\\/www.organisator.ch\\\/marketing\\\/2024-06-26\\\/feinheit-schafft-neuen-auftritt-fuer-crescenda\\\/#primaryimage\"},\"thumbnailUrl\":\"https:\\\/\\\/www.werbewoche.ch\\\/wp-content\\\/uploads\\\/2024\\\/06\\\/20240626_Feinheit_Medienmitteilung_Crescenda_zvg.jpg\",\"datePublished\":\"2024-06-26T08:28:49+00:00\",\"dateModified\":\"2024-11-10T08:14:38+00:00\",\"description\":\"Crescenda feiert 20 Jahre mit neuer Corporate Identity. Fokus auf Zugeh\u00f6rigkeit, fr\u00f6hliches Miteinander und modernes Design.\",\"breadcrumb\":{\"@id\":\"https:\\\/\\\/www.organisator.ch\\\/marketing\\\/2024-06-26\\\/feinheit-schafft-neuen-auftritt-fuer-crescenda\\\/#breadcrumb\"},\"inLanguage\":\"de\",\"potentialAction\":[{\"@type\":\"ReadAction\",\"target\":[\"https:\\\/\\\/www.organisator.ch\\\/marketing\\\/2024-06-26\\\/feinheit-schafft-neuen-auftritt-fuer-crescenda\\\/\"]}]},{\"@type\":\"ImageObject\",\"inLanguage\":\"de\",\"@id\":\"https:\\\/\\\/www.organisator.ch\\\/marketing\\\/2024-06-26\\\/feinheit-schafft-neuen-auftritt-fuer-crescenda\\\/#primaryimage\",\"url\":\"https:\\\/\\\/www.werbewoche.ch\\\/wp-content\\\/uploads\\\/2024\\\/06\\\/20240626_Feinheit_Medienmitteilung_Crescenda_zvg.jpg\",\"contentUrl\":\"https:\\\/\\\/www.werbewoche.ch\\\/wp-content\\\/uploads\\\/2024\\\/06\\\/20240626_Feinheit_Medienmitteilung_Crescenda_zvg.jpg\"},{\"@type\":\"BreadcrumbList\",\"@id\":\"https:\\\/\\\/www.organisator.ch\\\/marketing\\\/2024-06-26\\\/feinheit-schafft-neuen-auftritt-fuer-crescenda\\\/#breadcrumb\",\"itemListElement\":[{\"@type\":\"ListItem\",\"position\":1,\"name\":\"Home\",\"item\":\"https:\\\/\\\/www.organisator.ch\\\/\"},{\"@type\":\"ListItem\",\"position\":2,\"name\":\"Feinheit schafft neuen Auftritt f\u00fcr Crescenda\"}]},{\"@type\":\"WebSite\",\"@id\":\"https:\\\/\\\/www.organisator.ch\\\/#website\",\"url\":\"https:\\\/\\\/www.organisator.ch\\\/\",\"name\":\"Organisator\",\"description\":\"Kompetent. Praxisnah. Der ORGANISATOR bereitet in 10 Ausgaben pro Jahr die wesentlichen Themen f\u00fcr F\u00fchrungskr\u00e4fte von KMU auf.\",\"publisher\":{\"@id\":\"https:\\\/\\\/www.organisator.ch\\\/#organization\"},\"potentialAction\":[{\"@type\":\"SearchAction\",\"target\":{\"@type\":\"EntryPoint\",\"urlTemplate\":\"https:\\\/\\\/www.organisator.ch\\\/?s={search_term_string}\"},\"query-input\":{\"@type\":\"PropertyValueSpecification\",\"valueRequired\":true,\"valueName\":\"search_term_string\"}}],\"inLanguage\":\"de\"},{\"@type\":\"Organization\",\"@id\":\"https:\\\/\\\/www.organisator.ch\\\/#organization\",\"name\":\"Organisator\",\"url\":\"https:\\\/\\\/www.organisator.ch\\\/\",\"logo\":{\"@type\":\"ImageObject\",\"inLanguage\":\"de\",\"@id\":\"https:\\\/\\\/www.organisator.ch\\\/#\\\/schema\\\/logo\\\/image\\\/\",\"url\":\"https:\\\/\\\/www.organisator.ch\\\/wp-content\\\/uploads\\\/2022\\\/01\\\/Logo_Organisator_Website.png\",\"contentUrl\":\"https:\\\/\\\/www.organisator.ch\\\/wp-content\\\/uploads\\\/2022\\\/01\\\/Logo_Organisator_Website.png\",\"width\":800,\"height\":77,\"caption\":\"Organisator\"},\"image\":{\"@id\":\"https:\\\/\\\/www.organisator.ch\\\/#\\\/schema\\\/logo\\\/image\\\/\"},\"sameAs\":[\"https:\\\/\\\/www.facebook.com\\\/OrganisatorFachmagazin\",\"https:\\\/\\\/www.linkedin.com\\\/showcase\\\/organisator-das-magazin-fr-kmu\",\"https:\\\/\\\/www.xing.com\\\/news\\\/pages\\\/organisator-ch-695\",\"https:\\\/\\\/www.youtube.com\\\/channel\\\/UCGP2Sq0iWaZwT3BdIAQFYpw\"]},{\"@type\":\"Person\",\"@id\":\"https:\\\/\\\/www.organisator.ch\\\/#\\\/schema\\\/person\\\/4e51799071cd2dd1232ac003643ef5f0\",\"name\":\"galledia\",\"image\":{\"@type\":\"ImageObject\",\"inLanguage\":\"de\",\"@id\":\"https:\\\/\\\/secure.gravatar.com\\\/avatar\\\/78a7f90c01fc2bfc875782a0d4922b37cde2cf184ce347b91316d23cd7f69a36?s=96&d=mm&r=g\",\"url\":\"https:\\\/\\\/secure.gravatar.com\\\/avatar\\\/78a7f90c01fc2bfc875782a0d4922b37cde2cf184ce347b91316d23cd7f69a36?s=96&d=mm&r=g\",\"contentUrl\":\"https:\\\/\\\/secure.gravatar.com\\\/avatar\\\/78a7f90c01fc2bfc875782a0d4922b37cde2cf184ce347b91316d23cd7f69a36?s=96&d=mm&r=g\",\"caption\":\"galledia\"},\"sameAs\":[\"https:\\\/\\\/x.com\\\/admin\"],\"url\":\"https:\\\/\\\/www.organisator.ch\\\/de\\\/author\\\/galledia\\\/\"}]}<\/script>\n<!-- \/ Yoast SEO plugin. -->","yoast_head_json":{"title":"Feinheit schafft neuen Auftritt f\u00fcr Crescenda - Organisator","description":"Crescenda feiert 20 Jahre mit neuer Corporate Identity. Fokus auf Zugeh\u00f6rigkeit, fr\u00f6hliches Miteinander und modernes Design.","robots":{"index":"index","follow":"follow","max-snippet":"max-snippet:-1","max-image-preview":"max-image-preview:large","max-video-preview":"max-video-preview:-1"},"canonical":"https:\/\/www.organisator.ch\/de\/marketing\/2024-06-26\/feinheit-schafft-neuen-auftritt-fuer-crescenda\/","og_locale":"de_DE","og_type":"article","og_title":"Feinheit schafft neuen Auftritt f\u00fcr Crescenda - Organisator","og_description":"Crescenda feiert 20 Jahre mit neuer Corporate Identity. Fokus auf Zugeh\u00f6rigkeit, fr\u00f6hliches Miteinander und modernes Design.","og_url":"https:\/\/www.organisator.ch\/de\/marketing\/2024-06-26\/feinheit-schafft-neuen-auftritt-fuer-crescenda\/","og_site_name":"Organisator","article_publisher":"https:\/\/www.facebook.com\/OrganisatorFachmagazin","article_published_time":"2024-06-26T08:28:49+00:00","article_modified_time":"2024-11-10T08:14:38+00:00","og_image":[{"url":"https:\/\/www.werbewoche.ch\/wp-content\/uploads\/2024\/06\/20240626_Feinheit_Medienmitteilung_Crescenda_zvg.jpg","type":"","width":"","height":""}],"author":"galledia","twitter_card":"summary_large_image","twitter_creator":"@admin","schema":{"@context":"https:\/\/schema.org","@graph":[{"@type":"Article","@id":"https:\/\/www.organisator.ch\/marketing\/2024-06-26\/feinheit-schafft-neuen-auftritt-fuer-crescenda\/#article","isPartOf":{"@id":"https:\/\/www.organisator.ch\/marketing\/2024-06-26\/feinheit-schafft-neuen-auftritt-fuer-crescenda\/"},"author":{"name":"galledia","@id":"https:\/\/www.organisator.ch\/#\/schema\/person\/4e51799071cd2dd1232ac003643ef5f0"},"headline":"Feinheit schafft neuen Auftritt f\u00fcr Crescenda","datePublished":"2024-06-26T08:28:49+00:00","dateModified":"2024-11-10T08:14:38+00:00","mainEntityOfPage":{"@id":"https:\/\/www.organisator.ch\/marketing\/2024-06-26\/feinheit-schafft-neuen-auftritt-fuer-crescenda\/"},"wordCount":282,"publisher":{"@id":"https:\/\/www.organisator.ch\/#organization"},"image":{"@id":"https:\/\/www.organisator.ch\/marketing\/2024-06-26\/feinheit-schafft-neuen-auftritt-fuer-crescenda\/#primaryimage"},"thumbnailUrl":"https:\/\/www.werbewoche.ch\/wp-content\/uploads\/2024\/06\/20240626_Feinheit_Medienmitteilung_Crescenda_zvg.jpg","keywords":["Crescenda","Feinheit","Marken"],"articleSection":["MARKETING"],"inLanguage":"de"},{"@type":"WebPage","@id":"https:\/\/www.organisator.ch\/marketing\/2024-06-26\/feinheit-schafft-neuen-auftritt-fuer-crescenda\/","url":"https:\/\/www.organisator.ch\/marketing\/2024-06-26\/feinheit-schafft-neuen-auftritt-fuer-crescenda\/","name":"Feinheit schafft neuen Auftritt f\u00fcr Crescenda - Organisator","isPartOf":{"@id":"https:\/\/www.organisator.ch\/#website"},"primaryImageOfPage":{"@id":"https:\/\/www.organisator.ch\/marketing\/2024-06-26\/feinheit-schafft-neuen-auftritt-fuer-crescenda\/#primaryimage"},"image":{"@id":"https:\/\/www.organisator.ch\/marketing\/2024-06-26\/feinheit-schafft-neuen-auftritt-fuer-crescenda\/#primaryimage"},"thumbnailUrl":"https:\/\/www.werbewoche.ch\/wp-content\/uploads\/2024\/06\/20240626_Feinheit_Medienmitteilung_Crescenda_zvg.jpg","datePublished":"2024-06-26T08:28:49+00:00","dateModified":"2024-11-10T08:14:38+00:00","description":"Crescenda feiert 20 Jahre mit neuer Corporate Identity. Fokus auf Zugeh\u00f6rigkeit, fr\u00f6hliches Miteinander und modernes Design.","breadcrumb":{"@id":"https:\/\/www.organisator.ch\/marketing\/2024-06-26\/feinheit-schafft-neuen-auftritt-fuer-crescenda\/#breadcrumb"},"inLanguage":"de","potentialAction":[{"@type":"ReadAction","target":["https:\/\/www.organisator.ch\/marketing\/2024-06-26\/feinheit-schafft-neuen-auftritt-fuer-crescenda\/"]}]},{"@type":"ImageObject","inLanguage":"de","@id":"https:\/\/www.organisator.ch\/marketing\/2024-06-26\/feinheit-schafft-neuen-auftritt-fuer-crescenda\/#primaryimage","url":"https:\/\/www.werbewoche.ch\/wp-content\/uploads\/2024\/06\/20240626_Feinheit_Medienmitteilung_Crescenda_zvg.jpg","contentUrl":"https:\/\/www.werbewoche.ch\/wp-content\/uploads\/2024\/06\/20240626_Feinheit_Medienmitteilung_Crescenda_zvg.jpg"},{"@type":"BreadcrumbList","@id":"https:\/\/www.organisator.ch\/marketing\/2024-06-26\/feinheit-schafft-neuen-auftritt-fuer-crescenda\/#breadcrumb","itemListElement":[{"@type":"ListItem","position":1,"name":"Home","item":"https:\/\/www.organisator.ch\/"},{"@type":"ListItem","position":2,"name":"Feinheit schafft neuen Auftritt f\u00fcr Crescenda"}]},{"@type":"WebSite","@id":"https:\/\/www.organisator.ch\/#website","url":"https:\/\/www.organisator.ch\/","name":"Organisator","description":"Kompetent. Praxisnah. Der ORGANISATOR bereitet in 10 Ausgaben pro Jahr die wesentlichen Themen f\u00fcr F\u00fchrungskr\u00e4fte von KMU auf.","publisher":{"@id":"https:\/\/www.organisator.ch\/#organization"},"potentialAction":[{"@type":"SearchAction","target":{"@type":"EntryPoint","urlTemplate":"https:\/\/www.organisator.ch\/?s={search_term_string}"},"query-input":{"@type":"PropertyValueSpecification","valueRequired":true,"valueName":"search_term_string"}}],"inLanguage":"de"},{"@type":"Organization","@id":"https:\/\/www.organisator.ch\/#organization","name":"Organisator","url":"https:\/\/www.organisator.ch\/","logo":{"@type":"ImageObject","inLanguage":"de","@id":"https:\/\/www.organisator.ch\/#\/schema\/logo\/image\/","url":"https:\/\/www.organisator.ch\/wp-content\/uploads\/2022\/01\/Logo_Organisator_Website.png","contentUrl":"https:\/\/www.organisator.ch\/wp-content\/uploads\/2022\/01\/Logo_Organisator_Website.png","width":800,"height":77,"caption":"Organisator"},"image":{"@id":"https:\/\/www.organisator.ch\/#\/schema\/logo\/image\/"},"sameAs":["https:\/\/www.facebook.com\/OrganisatorFachmagazin","https:\/\/www.linkedin.com\/showcase\/organisator-das-magazin-fr-kmu","https:\/\/www.xing.com\/news\/pages\/organisator-ch-695","https:\/\/www.youtube.com\/channel\/UCGP2Sq0iWaZwT3BdIAQFYpw"]},{"@type":"Person","@id":"https:\/\/www.organisator.ch\/#\/schema\/person\/4e51799071cd2dd1232ac003643ef5f0","name":"galledia","image":{"@type":"ImageObject","inLanguage":"de","@id":"https:\/\/secure.gravatar.com\/avatar\/78a7f90c01fc2bfc875782a0d4922b37cde2cf184ce347b91316d23cd7f69a36?s=96&d=mm&r=g","url":"https:\/\/secure.gravatar.com\/avatar\/78a7f90c01fc2bfc875782a0d4922b37cde2cf184ce347b91316d23cd7f69a36?s=96&d=mm&r=g","contentUrl":"https:\/\/secure.gravatar.com\/avatar\/78a7f90c01fc2bfc875782a0d4922b37cde2cf184ce347b91316d23cd7f69a36?s=96&d=mm&r=g","caption":"galledia"},"sameAs":["https:\/\/x.com\/admin"],"url":"https:\/\/www.organisator.ch\/de\/author\/galledia\/"}]}},"_links":{"self":[{"href":"https:\/\/www.organisator.ch\/de\/wp-json\/wp\/v2\/posts\/28032","targetHints":{"allow":["GET"]}}],"collection":[{"href":"https:\/\/www.organisator.ch\/de\/wp-json\/wp\/v2\/posts"}],"about":[{"href":"https:\/\/www.organisator.ch\/de\/wp-json\/wp\/v2\/types\/post"}],"author":[{"embeddable":true,"href":"https:\/\/www.organisator.ch\/de\/wp-json\/wp\/v2\/users\/8"}],"replies":[{"embeddable":true,"href":"https:\/\/www.organisator.ch\/de\/wp-json\/wp\/v2\/comments?post=28032"}],"version-history":[{"count":7,"href":"https:\/\/www.organisator.ch\/de\/wp-json\/wp\/v2\/posts\/28032\/revisions"}],"predecessor-version":[{"id":32151,"href":"https:\/\/www.organisator.ch\/de\/wp-json\/wp\/v2\/posts\/28032\/revisions\/32151"}],"wp:attachment":[{"href":"https:\/\/www.organisator.ch\/de\/wp-json\/wp\/v2\/media?parent=28032"}],"wp:term":[{"taxonomy":"category","embeddable":true,"href":"https:\/\/www.organisator.ch\/de\/wp-json\/wp\/v2\/categories?post=28032"},{"taxonomy":"post_tag","embeddable":true,"href":"https:\/\/www.organisator.ch\/de\/wp-json\/wp\/v2\/tags?post=28032"}],"curies":[{"name":"wp","href":"https:\/\/api.w.org\/{rel}","templated":true}]}}