{"id":28184,"date":"2024-07-02T13:39:30","date_gmt":"2024-07-02T11:39:30","guid":{"rendered":"https:\/\/www.m-q.ch\/?p=19991"},"modified":"2024-11-10T08:16:49","modified_gmt":"2024-11-10T07:16:49","slug":"advact-ag-gruendet-schwesterunternehmen-pentryx-ag","status":"publish","type":"post","link":"https:\/\/www.organisator.ch\/de\/operational-excellence\/2024-07-02\/advact-ag-gruendet-schwesterunternehmen-pentryx-ag\/","title":{"rendered":"Advact AG gr\u00fcndet Schwesterunternehmen Pentryx AG"},"content":{"rendered":"<figure id=\"attachment_19993\" class=\"wp-caption alignnone\" style=\"width: 680px\" aria-describedby=\"caption-attachment-19993\"><img class=\"alignnone wp-image-19993 size-full\" src=\"https:\/\/www.m-q.ch\/wp-content\/uploads\/2024\/07\/CEOs-Advact-und-Pentryx_Bild1_ps.jpg\" alt=\"advact Penetrationtesting \" width=\"680\" height=\"463\" \/>\r\n<figcaption id=\"caption-attachment-19993\" class=\"wp-caption-text\">(v.l.n.r) Marcel Oberli und Markus Helfer, Co-CEOs advact AG, Anton Brunner, CEO Pentryx AG. (Bild: www.advact.ch)<\/figcaption>\r\n<\/figure>\r\n<p>Die advact AG geht ab dem 1. August 2024 einen wegweisenden Schritt, indem sie ihren Gesch\u00e4ftsbereich \u00abPenetrationtesting und Security Consulting\u00bb ausgliedert und diesen unter der neu gegr\u00fcndeten Firma \u00abPentryx AG\u00bb weiterf\u00fchrt. Die vier erfahrenen Security Consultants der advact AG werden dabei nahtlos zur Pentryx AG wechseln, um ihren Kunden auch weiterhin im Bereich Informationssicherheit zur Seite zu stehen. Als neuer CEO der Pentryx AG wurde Anton Brunner gewonnen, der auf eine umfangreiche Erfahrung zur\u00fcckblickt \u2013 unter anderem als CISO beim Schweizerischen Nationalfonds, der Securitas Gruppe und als Security Consultant bei der advact AG. W\u00e4hrenddessen richten sich Markus Helfer und Marcel Oberli, die Co-CEOs der advact AG, gemeinsam mit ihrem Team aus Security Engineers und Entwicklern verst\u00e4rkt auf die E-Mail-Sicherheit aus. Der bew\u00e4hrte Phishing-Service bleibt weiterhin bei advact und wird diesen Sommer durch aufregende neue Funktionen erg\u00e4nzt, die einen umfassenden Schutz vor Bedrohungen in E-Mails bieten.<\/p>\r\n<h3><strong>Zukunftsgestaltung und Mitarbeiterbeteiligung <\/strong><\/h3>\r\n<p>Markus Helfer und Marcel Oberli bleiben Mehrheitsaktion\u00e4re beider Unternehmen und sind operativ in der advact AG t\u00e4tig, w\u00e4hrend sie in den Verwaltungsr\u00e4ten beider Unternehmen vertreten sind. Den Mitarbeitenden beider Firmen wird die M\u00f6glichkeit geboten, sich durch Aktienk\u00e4ufe zu beteiligen und so am Erfolg der Unternehmen teilzuhaben. Diese Option war ein entscheidender Faktor f\u00fcr die Ausgliederung, um den Mitarbeitenden im Bereich \u00abSecurity Consulting\u00bb eine spannende Perspektive und ein eigenes Unternehmen zu bieten.<\/p>\r\n<h3><strong>Mehrwert f\u00fcr Kunden und Mitarbeitende <\/strong><\/h3>\r\n<p>Durch die Neustrukturierung ergeben sich zahlreiche Vorteile, die sowohl Kunden als auch Mitarbeitende unmittelbar betreffen. Die Phishing-Service-Kunden der advact AG k\u00f6nnen sich auf einen verst\u00e4rkten Fokus auf das Thema \u00abE-Mail-Sicherheit\u00bb freuen, wodurch sie noch umfassender vor Bedrohungen gesch\u00fctzt werden. F\u00fcr die Penetrationtesting-Kunden der advact AG bleibt die Zusammenarbeit mit den vertrauten Security Consultants bestehen. Gleichzeitig profitieren sie von der Leitung durch den neuen CEO Anton Brunner, der als erfahrener und kompetenter Ansprechpartner zur Verf\u00fcgung steht.<\/p>\r\n<p>Ein weiterer bedeutender Vorteil betrifft die Mitarbeitenden der neu gegr\u00fcndeten Pentryx AG. Sie haben die M\u00f6glichkeit, sich aktiv am Unternehmensaufbau zu beteiligen und somit vom Erfolg zu profitieren. Auch die Mitarbeitenden der advact AG haben die Gelegenheit, sich am Unternehmen finanziell zu beteiligen. Durch ihren Einsatz k\u00f6nnen sie somit direkten Einfluss auf den Erfolg und die Gewinnentwicklung der advact AG nehmen.<\/p>\r\n<h3><strong>Strukturwandel st\u00e4rkt Marktposition <\/strong><\/h3>\r\n<p>Diese Struktur\u00e4nderung schafft nicht nur klare Verantwortlichkeiten und Schwerpunkte, sondern f\u00f6rdert auch die Beteiligung und Motivation der Mitarbeitenden beider Unternehmen. Dies wird langfristig zu einer st\u00e4rkeren und erfolgreicheren Positionierung im Markt f\u00fchren. \u00abDie Trennung erm\u00f6glicht uns, unseren Mitarbeitenden im Bereich \u00abSecurity Consulting\u00bb eine aufregende Perspektive und ein eigenes Unternehmen zu bieten. Gleichzeitig k\u00f6nnen wir unseren Fokus auf E-Mail-Sicherheit verst\u00e4rken und unsere Kunden in beiden Bereichen noch gezielter unterst\u00fctzen\u00bb, erkl\u00e4rt Marcel Oberli.<\/p>\r\n<p><em>Quelle: <a href=\"http:\/\/www.advact.ch\/\">www.advact.ch<\/a><\/em><\/p>\n<p class=\"syndicated-attribution\">Dieser Beitrag erschien urspr\u00fcnglich auf m-q.ch - <a href=\"https:\/\/www.m-q.ch\/de\/advact-ag-gruendet-schwesterunternehmen-pentryx-ag\/\" target=\"_blank\">https:\/\/www.m-q.ch\/de\/advact-ag-gruendet-schwesterunternehmen-pentryx-ag\/<\/a><\/p>","protected":false},"excerpt":{"rendered":"<p>Die advact AG setzt einen neuen Schritt in ihrer Entwicklung. Der Gesch\u00e4ftsbereich \u00abPenetrationtesting und Security Consulting\u00bb wird ab dem 1. August 2024 unter dem Dach der neu gegr\u00fcndeten Firma Pentryx AG mit den vier bestehenden Security Consultants fortgef\u00fchrt.<\/p>\n","protected":false},"author":58,"featured_media":0,"comment_status":"closed","ping_status":"closed","sticky":false,"template":"","format":"standard","meta":{"_acf_changed":false,"_yoast_wpseo_focuskw":"advact Penetrationtesting","_yoast_wpseo_metadesc":"advact AG gliedert Penetrationtesting aus. Pentryx AG unter CEO Anton Brunner \u00fcbernimmt, advact fokussiert auf E-Mail-Sicherheit.","articlekey":"","footnotes":""},"categories":[582],"tags":[4295,418,424,492],"class_list":["post-28184","post","type-post","status-publish","format-standard","hentry","category-operational-excellence","tag-neugruendung","tag-risikomanagement","tag-schweiz","tag-unternehmen"],"acf":[],"yoast_head":"<!-- This site is optimized with the Yoast SEO plugin v27.5 - https:\/\/yoast.com\/product\/yoast-seo-wordpress\/ -->\n<title>Advact AG gr\u00fcndet Schwesterunternehmen Pentryx AG - Organisator<\/title>\n<meta name=\"description\" content=\"advact AG gliedert Penetrationtesting aus. Pentryx AG unter CEO Anton Brunner \u00fcbernimmt, advact fokussiert auf E-Mail-Sicherheit.\" \/>\n<meta name=\"robots\" content=\"index, follow, max-snippet:-1, max-image-preview:large, max-video-preview:-1\" \/>\n<link rel=\"canonical\" href=\"https:\/\/www.organisator.ch\/de\/operational-excellence\/2024-07-02\/advact-ag-gruendet-schwesterunternehmen-pentryx-ag\/\" \/>\n<meta property=\"og:locale\" content=\"de_DE\" \/>\n<meta property=\"og:type\" content=\"article\" \/>\n<meta property=\"og:title\" content=\"Advact AG gr\u00fcndet Schwesterunternehmen Pentryx AG - Organisator\" \/>\n<meta property=\"og:description\" content=\"advact AG gliedert Penetrationtesting aus. Pentryx AG unter CEO Anton Brunner \u00fcbernimmt, advact fokussiert auf E-Mail-Sicherheit.\" \/>\n<meta property=\"og:url\" content=\"https:\/\/www.organisator.ch\/de\/operational-excellence\/2024-07-02\/advact-ag-gruendet-schwesterunternehmen-pentryx-ag\/\" \/>\n<meta property=\"og:site_name\" content=\"Organisator\" \/>\n<meta property=\"article:publisher\" content=\"https:\/\/www.facebook.com\/OrganisatorFachmagazin\" \/>\n<meta property=\"article:published_time\" content=\"2024-07-02T11:39:30+00:00\" \/>\n<meta property=\"article:modified_time\" content=\"2024-11-10T07:16:49+00:00\" \/>\n<meta property=\"og:image\" content=\"https:\/\/www.m-q.ch\/wp-content\/uploads\/2024\/07\/CEOs-Advact-und-Pentryx_Bild1_ps.jpg\" \/>\n<meta name=\"author\" content=\"Adelisa Kalajdzini\" \/>\n<meta name=\"twitter:card\" content=\"summary_large_image\" \/>\n<script type=\"application\/ld+json\" class=\"yoast-schema-graph\">{\"@context\":\"https:\\\/\\\/schema.org\",\"@graph\":[{\"@type\":\"Article\",\"@id\":\"https:\\\/\\\/www.organisator.ch\\\/operational-excellence\\\/2024-07-02\\\/advact-ag-gruendet-schwesterunternehmen-pentryx-ag\\\/#article\",\"isPartOf\":{\"@id\":\"https:\\\/\\\/www.organisator.ch\\\/operational-excellence\\\/2024-07-02\\\/advact-ag-gruendet-schwesterunternehmen-pentryx-ag\\\/\"},\"author\":{\"name\":\"Adelisa Kalajdzini\",\"@id\":\"https:\\\/\\\/www.organisator.ch\\\/#\\\/schema\\\/person\\\/2e1314a2172123f874db408d8911d3f3\"},\"headline\":\"Advact AG gr\u00fcndet Schwesterunternehmen Pentryx AG\",\"datePublished\":\"2024-07-02T11:39:30+00:00\",\"dateModified\":\"2024-11-10T07:16:49+00:00\",\"mainEntityOfPage\":{\"@id\":\"https:\\\/\\\/www.organisator.ch\\\/operational-excellence\\\/2024-07-02\\\/advact-ag-gruendet-schwesterunternehmen-pentryx-ag\\\/\"},\"wordCount\":497,\"publisher\":{\"@id\":\"https:\\\/\\\/www.organisator.ch\\\/#organization\"},\"image\":{\"@id\":\"https:\\\/\\\/www.organisator.ch\\\/operational-excellence\\\/2024-07-02\\\/advact-ag-gruendet-schwesterunternehmen-pentryx-ag\\\/#primaryimage\"},\"thumbnailUrl\":\"https:\\\/\\\/www.m-q.ch\\\/wp-content\\\/uploads\\\/2024\\\/07\\\/CEOs-Advact-und-Pentryx_Bild1_ps.jpg\",\"keywords\":[\"Neugr\u00fcndung\",\"Risikomanagement\",\"Schweiz\",\"Unternehmen\"],\"articleSection\":[\"OPERATIONAL EXCELLENCE\"],\"inLanguage\":\"de\"},{\"@type\":\"WebPage\",\"@id\":\"https:\\\/\\\/www.organisator.ch\\\/operational-excellence\\\/2024-07-02\\\/advact-ag-gruendet-schwesterunternehmen-pentryx-ag\\\/\",\"url\":\"https:\\\/\\\/www.organisator.ch\\\/operational-excellence\\\/2024-07-02\\\/advact-ag-gruendet-schwesterunternehmen-pentryx-ag\\\/\",\"name\":\"Advact AG gr\u00fcndet Schwesterunternehmen Pentryx AG - Organisator\",\"isPartOf\":{\"@id\":\"https:\\\/\\\/www.organisator.ch\\\/#website\"},\"primaryImageOfPage\":{\"@id\":\"https:\\\/\\\/www.organisator.ch\\\/operational-excellence\\\/2024-07-02\\\/advact-ag-gruendet-schwesterunternehmen-pentryx-ag\\\/#primaryimage\"},\"image\":{\"@id\":\"https:\\\/\\\/www.organisator.ch\\\/operational-excellence\\\/2024-07-02\\\/advact-ag-gruendet-schwesterunternehmen-pentryx-ag\\\/#primaryimage\"},\"thumbnailUrl\":\"https:\\\/\\\/www.m-q.ch\\\/wp-content\\\/uploads\\\/2024\\\/07\\\/CEOs-Advact-und-Pentryx_Bild1_ps.jpg\",\"datePublished\":\"2024-07-02T11:39:30+00:00\",\"dateModified\":\"2024-11-10T07:16:49+00:00\",\"description\":\"advact AG gliedert Penetrationtesting aus. Pentryx AG unter CEO Anton Brunner \u00fcbernimmt, advact fokussiert auf E-Mail-Sicherheit.\",\"breadcrumb\":{\"@id\":\"https:\\\/\\\/www.organisator.ch\\\/operational-excellence\\\/2024-07-02\\\/advact-ag-gruendet-schwesterunternehmen-pentryx-ag\\\/#breadcrumb\"},\"inLanguage\":\"de\",\"potentialAction\":[{\"@type\":\"ReadAction\",\"target\":[\"https:\\\/\\\/www.organisator.ch\\\/operational-excellence\\\/2024-07-02\\\/advact-ag-gruendet-schwesterunternehmen-pentryx-ag\\\/\"]}]},{\"@type\":\"ImageObject\",\"inLanguage\":\"de\",\"@id\":\"https:\\\/\\\/www.organisator.ch\\\/operational-excellence\\\/2024-07-02\\\/advact-ag-gruendet-schwesterunternehmen-pentryx-ag\\\/#primaryimage\",\"url\":\"https:\\\/\\\/www.m-q.ch\\\/wp-content\\\/uploads\\\/2024\\\/07\\\/CEOs-Advact-und-Pentryx_Bild1_ps.jpg\",\"contentUrl\":\"https:\\\/\\\/www.m-q.ch\\\/wp-content\\\/uploads\\\/2024\\\/07\\\/CEOs-Advact-und-Pentryx_Bild1_ps.jpg\"},{\"@type\":\"BreadcrumbList\",\"@id\":\"https:\\\/\\\/www.organisator.ch\\\/operational-excellence\\\/2024-07-02\\\/advact-ag-gruendet-schwesterunternehmen-pentryx-ag\\\/#breadcrumb\",\"itemListElement\":[{\"@type\":\"ListItem\",\"position\":1,\"name\":\"Home\",\"item\":\"https:\\\/\\\/www.organisator.ch\\\/\"},{\"@type\":\"ListItem\",\"position\":2,\"name\":\"Advact AG gr\u00fcndet Schwesterunternehmen Pentryx AG\"}]},{\"@type\":\"WebSite\",\"@id\":\"https:\\\/\\\/www.organisator.ch\\\/#website\",\"url\":\"https:\\\/\\\/www.organisator.ch\\\/\",\"name\":\"Organisator\",\"description\":\"Kompetent. Praxisnah. Der ORGANISATOR bereitet in 10 Ausgaben pro Jahr die wesentlichen Themen f\u00fcr F\u00fchrungskr\u00e4fte von KMU auf.\",\"publisher\":{\"@id\":\"https:\\\/\\\/www.organisator.ch\\\/#organization\"},\"potentialAction\":[{\"@type\":\"SearchAction\",\"target\":{\"@type\":\"EntryPoint\",\"urlTemplate\":\"https:\\\/\\\/www.organisator.ch\\\/?s={search_term_string}\"},\"query-input\":{\"@type\":\"PropertyValueSpecification\",\"valueRequired\":true,\"valueName\":\"search_term_string\"}}],\"inLanguage\":\"de\"},{\"@type\":\"Organization\",\"@id\":\"https:\\\/\\\/www.organisator.ch\\\/#organization\",\"name\":\"Organisator\",\"url\":\"https:\\\/\\\/www.organisator.ch\\\/\",\"logo\":{\"@type\":\"ImageObject\",\"inLanguage\":\"de\",\"@id\":\"https:\\\/\\\/www.organisator.ch\\\/#\\\/schema\\\/logo\\\/image\\\/\",\"url\":\"https:\\\/\\\/www.organisator.ch\\\/wp-content\\\/uploads\\\/2022\\\/01\\\/Logo_Organisator_Website.png\",\"contentUrl\":\"https:\\\/\\\/www.organisator.ch\\\/wp-content\\\/uploads\\\/2022\\\/01\\\/Logo_Organisator_Website.png\",\"width\":800,\"height\":77,\"caption\":\"Organisator\"},\"image\":{\"@id\":\"https:\\\/\\\/www.organisator.ch\\\/#\\\/schema\\\/logo\\\/image\\\/\"},\"sameAs\":[\"https:\\\/\\\/www.facebook.com\\\/OrganisatorFachmagazin\",\"https:\\\/\\\/www.linkedin.com\\\/showcase\\\/organisator-das-magazin-fr-kmu\",\"https:\\\/\\\/www.xing.com\\\/news\\\/pages\\\/organisator-ch-695\",\"https:\\\/\\\/www.youtube.com\\\/channel\\\/UCGP2Sq0iWaZwT3BdIAQFYpw\"]},{\"@type\":\"Person\",\"@id\":\"https:\\\/\\\/www.organisator.ch\\\/#\\\/schema\\\/person\\\/2e1314a2172123f874db408d8911d3f3\",\"name\":\"Adelisa Kalajdzini\",\"image\":{\"@type\":\"ImageObject\",\"inLanguage\":\"de\",\"@id\":\"https:\\\/\\\/secure.gravatar.com\\\/avatar\\\/09a397c22ac58cad6f160ee8306348599df9df58a8ede73696226897b9fa4b24?s=96&d=mm&r=g\",\"url\":\"https:\\\/\\\/secure.gravatar.com\\\/avatar\\\/09a397c22ac58cad6f160ee8306348599df9df58a8ede73696226897b9fa4b24?s=96&d=mm&r=g\",\"contentUrl\":\"https:\\\/\\\/secure.gravatar.com\\\/avatar\\\/09a397c22ac58cad6f160ee8306348599df9df58a8ede73696226897b9fa4b24?s=96&d=mm&r=g\",\"caption\":\"Adelisa Kalajdzini\"},\"url\":\"https:\\\/\\\/www.organisator.ch\\\/de\\\/author\\\/adelisa-kalajdzini\\\/\"}]}<\/script>\n<!-- \/ Yoast SEO plugin. -->","yoast_head_json":{"title":"Advact AG gr\u00fcndet Schwesterunternehmen Pentryx AG - Organisator","description":"advact AG gliedert Penetrationtesting aus. Pentryx AG unter CEO Anton Brunner \u00fcbernimmt, advact fokussiert auf E-Mail-Sicherheit.","robots":{"index":"index","follow":"follow","max-snippet":"max-snippet:-1","max-image-preview":"max-image-preview:large","max-video-preview":"max-video-preview:-1"},"canonical":"https:\/\/www.organisator.ch\/de\/operational-excellence\/2024-07-02\/advact-ag-gruendet-schwesterunternehmen-pentryx-ag\/","og_locale":"de_DE","og_type":"article","og_title":"Advact AG gr\u00fcndet Schwesterunternehmen Pentryx AG - Organisator","og_description":"advact AG gliedert Penetrationtesting aus. Pentryx AG unter CEO Anton Brunner \u00fcbernimmt, advact fokussiert auf E-Mail-Sicherheit.","og_url":"https:\/\/www.organisator.ch\/de\/operational-excellence\/2024-07-02\/advact-ag-gruendet-schwesterunternehmen-pentryx-ag\/","og_site_name":"Organisator","article_publisher":"https:\/\/www.facebook.com\/OrganisatorFachmagazin","article_published_time":"2024-07-02T11:39:30+00:00","article_modified_time":"2024-11-10T07:16:49+00:00","og_image":[{"url":"https:\/\/www.m-q.ch\/wp-content\/uploads\/2024\/07\/CEOs-Advact-und-Pentryx_Bild1_ps.jpg","type":"","width":"","height":""}],"author":"Adelisa Kalajdzini","twitter_card":"summary_large_image","schema":{"@context":"https:\/\/schema.org","@graph":[{"@type":"Article","@id":"https:\/\/www.organisator.ch\/operational-excellence\/2024-07-02\/advact-ag-gruendet-schwesterunternehmen-pentryx-ag\/#article","isPartOf":{"@id":"https:\/\/www.organisator.ch\/operational-excellence\/2024-07-02\/advact-ag-gruendet-schwesterunternehmen-pentryx-ag\/"},"author":{"name":"Adelisa Kalajdzini","@id":"https:\/\/www.organisator.ch\/#\/schema\/person\/2e1314a2172123f874db408d8911d3f3"},"headline":"Advact AG gr\u00fcndet Schwesterunternehmen Pentryx AG","datePublished":"2024-07-02T11:39:30+00:00","dateModified":"2024-11-10T07:16:49+00:00","mainEntityOfPage":{"@id":"https:\/\/www.organisator.ch\/operational-excellence\/2024-07-02\/advact-ag-gruendet-schwesterunternehmen-pentryx-ag\/"},"wordCount":497,"publisher":{"@id":"https:\/\/www.organisator.ch\/#organization"},"image":{"@id":"https:\/\/www.organisator.ch\/operational-excellence\/2024-07-02\/advact-ag-gruendet-schwesterunternehmen-pentryx-ag\/#primaryimage"},"thumbnailUrl":"https:\/\/www.m-q.ch\/wp-content\/uploads\/2024\/07\/CEOs-Advact-und-Pentryx_Bild1_ps.jpg","keywords":["Neugr\u00fcndung","Risikomanagement","Schweiz","Unternehmen"],"articleSection":["OPERATIONAL EXCELLENCE"],"inLanguage":"de"},{"@type":"WebPage","@id":"https:\/\/www.organisator.ch\/operational-excellence\/2024-07-02\/advact-ag-gruendet-schwesterunternehmen-pentryx-ag\/","url":"https:\/\/www.organisator.ch\/operational-excellence\/2024-07-02\/advact-ag-gruendet-schwesterunternehmen-pentryx-ag\/","name":"Advact AG gr\u00fcndet Schwesterunternehmen Pentryx AG - Organisator","isPartOf":{"@id":"https:\/\/www.organisator.ch\/#website"},"primaryImageOfPage":{"@id":"https:\/\/www.organisator.ch\/operational-excellence\/2024-07-02\/advact-ag-gruendet-schwesterunternehmen-pentryx-ag\/#primaryimage"},"image":{"@id":"https:\/\/www.organisator.ch\/operational-excellence\/2024-07-02\/advact-ag-gruendet-schwesterunternehmen-pentryx-ag\/#primaryimage"},"thumbnailUrl":"https:\/\/www.m-q.ch\/wp-content\/uploads\/2024\/07\/CEOs-Advact-und-Pentryx_Bild1_ps.jpg","datePublished":"2024-07-02T11:39:30+00:00","dateModified":"2024-11-10T07:16:49+00:00","description":"advact AG gliedert Penetrationtesting aus. Pentryx AG unter CEO Anton Brunner \u00fcbernimmt, advact fokussiert auf E-Mail-Sicherheit.","breadcrumb":{"@id":"https:\/\/www.organisator.ch\/operational-excellence\/2024-07-02\/advact-ag-gruendet-schwesterunternehmen-pentryx-ag\/#breadcrumb"},"inLanguage":"de","potentialAction":[{"@type":"ReadAction","target":["https:\/\/www.organisator.ch\/operational-excellence\/2024-07-02\/advact-ag-gruendet-schwesterunternehmen-pentryx-ag\/"]}]},{"@type":"ImageObject","inLanguage":"de","@id":"https:\/\/www.organisator.ch\/operational-excellence\/2024-07-02\/advact-ag-gruendet-schwesterunternehmen-pentryx-ag\/#primaryimage","url":"https:\/\/www.m-q.ch\/wp-content\/uploads\/2024\/07\/CEOs-Advact-und-Pentryx_Bild1_ps.jpg","contentUrl":"https:\/\/www.m-q.ch\/wp-content\/uploads\/2024\/07\/CEOs-Advact-und-Pentryx_Bild1_ps.jpg"},{"@type":"BreadcrumbList","@id":"https:\/\/www.organisator.ch\/operational-excellence\/2024-07-02\/advact-ag-gruendet-schwesterunternehmen-pentryx-ag\/#breadcrumb","itemListElement":[{"@type":"ListItem","position":1,"name":"Home","item":"https:\/\/www.organisator.ch\/"},{"@type":"ListItem","position":2,"name":"Advact AG gr\u00fcndet Schwesterunternehmen Pentryx AG"}]},{"@type":"WebSite","@id":"https:\/\/www.organisator.ch\/#website","url":"https:\/\/www.organisator.ch\/","name":"Organisator","description":"Kompetent. Praxisnah. Der ORGANISATOR bereitet in 10 Ausgaben pro Jahr die wesentlichen Themen f\u00fcr F\u00fchrungskr\u00e4fte von KMU auf.","publisher":{"@id":"https:\/\/www.organisator.ch\/#organization"},"potentialAction":[{"@type":"SearchAction","target":{"@type":"EntryPoint","urlTemplate":"https:\/\/www.organisator.ch\/?s={search_term_string}"},"query-input":{"@type":"PropertyValueSpecification","valueRequired":true,"valueName":"search_term_string"}}],"inLanguage":"de"},{"@type":"Organization","@id":"https:\/\/www.organisator.ch\/#organization","name":"Organisator","url":"https:\/\/www.organisator.ch\/","logo":{"@type":"ImageObject","inLanguage":"de","@id":"https:\/\/www.organisator.ch\/#\/schema\/logo\/image\/","url":"https:\/\/www.organisator.ch\/wp-content\/uploads\/2022\/01\/Logo_Organisator_Website.png","contentUrl":"https:\/\/www.organisator.ch\/wp-content\/uploads\/2022\/01\/Logo_Organisator_Website.png","width":800,"height":77,"caption":"Organisator"},"image":{"@id":"https:\/\/www.organisator.ch\/#\/schema\/logo\/image\/"},"sameAs":["https:\/\/www.facebook.com\/OrganisatorFachmagazin","https:\/\/www.linkedin.com\/showcase\/organisator-das-magazin-fr-kmu","https:\/\/www.xing.com\/news\/pages\/organisator-ch-695","https:\/\/www.youtube.com\/channel\/UCGP2Sq0iWaZwT3BdIAQFYpw"]},{"@type":"Person","@id":"https:\/\/www.organisator.ch\/#\/schema\/person\/2e1314a2172123f874db408d8911d3f3","name":"Adelisa Kalajdzini","image":{"@type":"ImageObject","inLanguage":"de","@id":"https:\/\/secure.gravatar.com\/avatar\/09a397c22ac58cad6f160ee8306348599df9df58a8ede73696226897b9fa4b24?s=96&d=mm&r=g","url":"https:\/\/secure.gravatar.com\/avatar\/09a397c22ac58cad6f160ee8306348599df9df58a8ede73696226897b9fa4b24?s=96&d=mm&r=g","contentUrl":"https:\/\/secure.gravatar.com\/avatar\/09a397c22ac58cad6f160ee8306348599df9df58a8ede73696226897b9fa4b24?s=96&d=mm&r=g","caption":"Adelisa Kalajdzini"},"url":"https:\/\/www.organisator.ch\/de\/author\/adelisa-kalajdzini\/"}]}},"_links":{"self":[{"href":"https:\/\/www.organisator.ch\/de\/wp-json\/wp\/v2\/posts\/28184","targetHints":{"allow":["GET"]}}],"collection":[{"href":"https:\/\/www.organisator.ch\/de\/wp-json\/wp\/v2\/posts"}],"about":[{"href":"https:\/\/www.organisator.ch\/de\/wp-json\/wp\/v2\/types\/post"}],"author":[{"embeddable":true,"href":"https:\/\/www.organisator.ch\/de\/wp-json\/wp\/v2\/users\/58"}],"replies":[{"embeddable":true,"href":"https:\/\/www.organisator.ch\/de\/wp-json\/wp\/v2\/comments?post=28184"}],"version-history":[{"count":7,"href":"https:\/\/www.organisator.ch\/de\/wp-json\/wp\/v2\/posts\/28184\/revisions"}],"predecessor-version":[{"id":32140,"href":"https:\/\/www.organisator.ch\/de\/wp-json\/wp\/v2\/posts\/28184\/revisions\/32140"}],"wp:attachment":[{"href":"https:\/\/www.organisator.ch\/de\/wp-json\/wp\/v2\/media?parent=28184"}],"wp:term":[{"taxonomy":"category","embeddable":true,"href":"https:\/\/www.organisator.ch\/de\/wp-json\/wp\/v2\/categories?post=28184"},{"taxonomy":"post_tag","embeddable":true,"href":"https:\/\/www.organisator.ch\/de\/wp-json\/wp\/v2\/tags?post=28184"}],"curies":[{"name":"wp","href":"https:\/\/api.w.org\/{rel}","templated":true}]}}