{"id":2822,"date":"2017-12-05T15:40:25","date_gmt":"2017-12-05T14:40:25","guid":{"rendered":"https:\/\/www.organisator.ch\/?p=2822"},"modified":"2017-12-05T15:40:25","modified_gmt":"2017-12-05T14:40:25","slug":"die-wichtigsten-erp-themen-fuer-2018","status":"publish","type":"post","link":"https:\/\/www.organisator.ch\/de\/management\/it\/2017-12-05\/die-wichtigsten-erp-themen-fuer-2018\/","title":{"rendered":"Die wichtigsten ERP-Themen f\u00fcr 2018"},"content":{"rendered":"<figure id=\"attachment_2823\" aria-describedby=\"caption-attachment-2823\" style=\"width: 640px\" class=\"wp-caption alignnone\"><img loading=\"lazy\" decoding=\"async\" class=\"size-full wp-image-2823\" src=\"https:\/\/www.organisator.ch\/wp-content\/uploads\/2017\/12\/Die-wichtigsten-ERP-Themen-fuer-2018_Organisator.jpg\" alt=\"\" width=\"640\" height=\"427\" srcset=\"https:\/\/www.organisator.ch\/wp-content\/uploads\/2017\/12\/Die-wichtigsten-ERP-Themen-fuer-2018_Organisator.jpg 640w, https:\/\/www.organisator.ch\/wp-content\/uploads\/2017\/12\/Die-wichtigsten-ERP-Themen-fuer-2018_Organisator-16x12.jpg 16w, https:\/\/www.organisator.ch\/wp-content\/uploads\/2017\/12\/Die-wichtigsten-ERP-Themen-fuer-2018_Organisator-262x175.jpg 262w, https:\/\/www.organisator.ch\/wp-content\/uploads\/2017\/12\/Die-wichtigsten-ERP-Themen-fuer-2018_Organisator-525x350.jpg 525w, https:\/\/www.organisator.ch\/wp-content\/uploads\/2017\/12\/Die-wichtigsten-ERP-Themen-fuer-2018_Organisator-300x200.jpg 300w\" sizes=\"auto, (max-width: 640px) 100vw, 640px\" \/><figcaption id=\"caption-attachment-2823\" class=\"wp-caption-text\">Im Jahr 2018 werden verschiedene ERP-Themen die Kunden besch\u00e4ftigen. (Bild: WrightStudio &#8211; Fotolia.com)<\/figcaption><\/figure>\n<p>Der ERP-Hersteller proALPHA, in Deutschland, \u00d6sterreich, Schweiz der drittgr\u00f6\u00dfte Anbieter f\u00fcr ERP f\u00fcr mittelst\u00e4ndische Unternehmen in Fertigung und Handel,\u00a0hat zahlreiche Kundenprojekte und Studien mit Blick auf die aktuellsten Entwicklungen\u00a0in\u00a0mittelst\u00e4ndischen\u00a0Unternehmen\u00a0untersucht. Cloud, Mobility, Industrie 4.0 und Internet of Things (IoT) finden immer mehr Einsatzfelder. Eine Mehrheit der Unternehmen befasst sich daher im kommenden Jahr intensiv damit, diese Technologien in die Praxis umzusetzen. Dar\u00fcber hinaus experimentieren die ersten auch mit K\u00fcnstlicher Intelligenz und Machine Learning. F\u00fcr\u00a0den ERP-Hersteller lassen sich f\u00fcr 2018 diese zehn ERP-Themen\u00a0erkennen:<\/p>\n<ol>\n<li><strong>Der Kunde steht noch st\u00e4rker im Mittelpunkt.<\/strong> Weil Produkte im internationalen Wettbewerb immer vergleichbarer werden, entdecken viele Fertiger eine alte Tugend neu: die gute Kundenbeziehung. Denn mit zufriedenen Bestandskunden lassen sich einfacher Folgeauftr\u00e4ge generieren &#8211; vorausgesetzt man kennt die gemeinsame Historie. Die Verkn\u00fcpfung des Managements von Kundenbeziehungen (CRM) mit der Auftrags- und Produktakte eines Kunden (ERP) legt hier den Grundstein. Eine steigende Nachfrage nach CRM-Funktionalit\u00e4t best\u00e4tigt auch der Marktspiegel ERP 2017, der von <a href=\"http:\/\/www.trovarit.com\/studien\/marktspiegel\/erppps\/\">Trovarit<\/a> und dem Forschungsinstitut f\u00fcr Rationalisierung e.V. an der RWTH Aachen pr\u00e4sentiert wird.<\/li>\n<li><strong>Mittelstand setzt auf Branchenl\u00f6sungen.\u00a0<\/strong> Um individuelle Gesch\u00e4ftsprozesse und Branchenspezifika in einem ERP abzubilden, ist oft ein umfangreiches Customizing n\u00f6tig. Zu viele Anpassungen haben sich in der Vergangenheit jedoch als kostspieliger Irrweg erwiesen &#8211; genauso, wie die eigenen Prozesse an ein System anzupassen. Aus der Erfahrung klug geworden, suchen Mittelst\u00e4ndler wie Gro\u00dfunternehmen heute L\u00f6sungen, die bereits viele branchenspezifische Anforderungen abdecken, etwa wie proALPHA mit entsprechenden Industry Components.<\/li>\n<li><strong>Digitale Dokumentenverwaltung auf dem Vormarsch.<\/strong> Die Angst vor weiteren, m\u00fchsam zu pflegenden Schnittstellen oder zus\u00e4tzlichen Informationssilos hielt viele Mittelst\u00e4ndler bisher davon ab, in ein Dokumentenmanagementsystem (DMS) zu investieren. Mit der zunehmenden Digitalisierung wendet sich nun das Blatt. Im September legte der Bitkom eine Studie vor, nach der jedes f\u00fcnfte Unternehmen im Mittelstand st\u00e4rker in das digitale B\u00fcro investieren will. Die Auswahlm\u00f6glichkeiten reichen von zahllosen Einzell\u00f6sungen bis hin zu ERP-Komplettl\u00f6sungen wie proALPHA, die ein DMS bereits integriert haben.<\/li>\n<li><strong>Automatisierte Verwaltung steigert Produktivit\u00e4t.<\/strong> Eng verbunden mit dem DMS ist der Wunsch nach mehr Effizienz in der Verwaltung. Viele Unternehmen versuchen, administrative Prozesse soweit als m\u00f6glich zu automatisieren. Laut eines Berichts des Beratungshauses <a href=\"https:\/\/www.accenture.com\/de-de\/insight-cfo-digital-kingdom-strategic-ruler?c=ad_gigermanyFY17_10002099&amp;n=bac_0717\">Accenture<\/a> haben inzwischen die meisten CFOs die Notwendigkeit einer digitalen Transformation erkannt. Die innovativen unter ihnen sorgen bereits f\u00fcr eine schnellere End-to-end-Transaktionsabwicklung &#8211; etwa vom Rechnungseingang bis zur Dunkelbuchung. So lassen sich bis zu 90 Prozent des manuellen Aufwands sparen.<\/li>\n<li><strong>Nachhaltiges Wachstum: Cloud setzt sich durch.<\/strong> Die Nachfrage nach On-premise-Systemen ist nach wie vor hoch, konstatierte unl\u00e4ngst der <a href=\"https:\/\/www.bitkom.org\/Presse\/Presseinformation\/ERP-Branche-auf-Wachstumskurs.html\">Bitkom<\/a>, aber der Trend gehe eindeutig in Richtung Cloud. Unternehmen k\u00f6nnen aus mehreren bew\u00e4hrten Einsatzmodellen ausw\u00e4hlen. Angefangen vom Hosting der ERP-Software in einem sicheren Rechenzentrum bis hin zu Mietmodellen von Software-as-a-Service-L\u00f6sungen. Besonders bei der Anbindung von Auslandsniederlassungen bietet die Cloud die n\u00f6tige Flexibilit\u00e4t. Die fortschreitende Internationalisierung wird der Cloud also weiter Auftrieb geben.<\/li>\n<li><strong>Immer bessere Analysemethoden r\u00fccken die Datenqualit\u00e4t in den Fokus.<\/strong> Unternehmen erkennen zunehmend den Wert ihrer Daten, das zeigt eine Studie der KPMG. Sie analysieren ihre stetig wachsenden Datenbest\u00e4nde mit modernen Tools, um das eigene Gesch\u00e4ftsmodell anzupassen. Aber: Das Vertrauen in die Datenqualit\u00e4t ist noch ausbauf\u00e4hig. Etwa jedes dritte Unternehmen bezweifelt die Zuverl\u00e4ssigkeit der eigenen Datenanalysen, so der KPMG-Bericht. Neben interaktiven Cockpits ben\u00f6tigen Unternehmen also dringend ein Datenqualit\u00e4tsmanagement. Die Versch\u00e4rfung rechtlicher Vorgaben wird die Tendenz dazu weiter befeuern.<\/li>\n<li><strong>Fokusjahr f\u00fcr Compliance.<\/strong> 2018 wird ein Compliance- beziehungsweise ein Datenjahr. Das Ende der \u00dcbergangsfrist bei der EU-Datenschutzgrundverordnung (EU-DSGVO) im Mai 2018 sorgt f\u00fcr viel Aufmerksamkeit &#8211;\u00a0und das nicht nur f\u00fcr die EU-DSGVO, sondern f\u00fcr das Thema Compliance insgesamt. Denn auch bestehende Regelwerke haben es in sich. Unternehmen, die sich unsicher sind, sollten sich unbedingt beraten lassen. Sonst k\u00f6nnte es bei der n\u00e4chsten Betriebspr\u00fcfung ein unsanftes Erwachen geben.<\/li>\n<li><strong>Ohne Mobility geht nichts mehr.\u00a0<\/strong> Mobiles Arbeiten und die verz\u00f6gerungsfreie Daten\u00fcbertragung an nachfolgende Prozesse verk\u00fcrzen nicht nur die Durchlaufzeiten. Sie machen Prozesse auch zuverl\u00e4ssiger. Deshalb setzen sich mobile L\u00f6sungen derzeit auf breiter Front durch: vom Service-Portal f\u00fcr Techniker im Au\u00dfendienst \u00fcber die Betriebsdatenerfassung im Lager bis zur genauen Verfolgung von Warentr\u00e4gern in der Fertigung. Die Anzahl der Use Cases und realisierten L\u00f6sungen wird hier noch weiter steigen.<\/li>\n<li><strong>Das Internet der Dinge wird Mainstream.<\/strong> Das \u201eInternet of Things\u201c, kurz IoT, kommt immer mehr in der Praxis an. Unternehmen realisieren zunehmend erste Projekte und sammeln Erfahrungen mit der Nutzung vernetzter, smarter Sensortechnologien. Predictive Maintenance hat hier eine Vorreiter-Rolle \u00fcbernommen. Diese L\u00f6sungen versprechen eine erste, solide Digitalisierungsrendite.<\/li>\n<li><strong>Erste Gehversuche im Bereich K\u00fcnstliche Intelligenz.<\/strong> Der Mittelstand n\u00e4hert sich gehypten Modetrends eher mit Bedacht. Das zeigte sich vor einigen Jahren bereits bei Industrie 4.0. Genauso verh\u00e4lt es sich jetzt beim Thema K\u00fcnstliche Intelligenz (KI). Vorreiter experimentieren bereits mit KI und selbstlernenden Systemen. Denn neue Technologien bieten immer auch die Chance, produktiver zu werden und Mitarbeiter von Routinet\u00e4tigkeiten zu entlasten, wie erste Erfahrungen mit interaktiven Sprachassistenten zeigen.<\/li>\n<\/ol>\n<p>&nbsp;<\/p>\n<p>Mit weltweit 26 Niederlassungen und zertifizierten Partnern sowie rund 900 Mitarbeitern z\u00e4hlt proALPHA zu den gr\u00f6sseren Anbietern im Zusammenhang mit ERP-Themen f\u00fcr KMU. Mehr als 100 Entwickler arbeiten an der kontinuierlichen Weiterentwicklung der L\u00f6sung. Zur Innovation tragen auch Kooperationen mit namhaften Forschungseinrichtungen wie Fraunhofer, RWTH Aachen, Smart Electronic Factory und SmartFactoryKL bei.<\/p>\n<p><em>Weitere Informationen: <a href=\"https:\/\/www.proalpha.com\/ch\/\">proALPHA<\/a><\/em><\/p>\n","protected":false},"excerpt":{"rendered":"<p>Der ERP-Hersteller proALPHA, in Deutschland, \u00d6sterreich, Schweiz der drittgr\u00f6\u00dfte Anbieter f\u00fcr ERP f\u00fcr mittelst\u00e4ndische Unternehmen in Fertigung und Handel,\u00a0hat zahlreiche Kundenprojekte und Studien mit Blick auf die aktuellsten Entwicklungen\u00a0in\u00a0mittelst\u00e4ndischen\u00a0Unternehmen\u00a0untersucht. Cloud, Mobility, Industrie 4.0 und Internet of Things (IoT) finden immer mehr Einsatzfelder. Eine Mehrheit der Unternehmen befasst sich daher im kommenden Jahr intensiv damit, diese [&hellip;]<\/p>\n","protected":false},"author":4,"featured_media":2823,"comment_status":"open","ping_status":"open","sticky":false,"template":"","format":"standard","meta":{"_acf_changed":false,"_yoast_wpseo_focuskw":"ERP-Themen","_yoast_wpseo_metadesc":"Je nachdem, wie intensiv sich die Unternehmen bereits damit befasst haben, stehen 2018 f\u00fcr die ERP-Anwender v\u00f6llig unterschiedliche Schwerpunkte an.","articlekey":"","footnotes":""},"categories":[27],"tags":[156,182,288],"class_list":["post-2822","post","type-post","status-publish","format-standard","has-post-thumbnail","hentry","category-it","tag-digitalisierung","tag-erp","tag-it-business-software"],"acf":[],"yoast_head":"<!-- This site is optimized with the Yoast SEO plugin v27.5 - https:\/\/yoast.com\/product\/yoast-seo-wordpress\/ -->\n<title>Die wichtigsten ERP-Themen f\u00fcr 2018 - Organisator<\/title>\n<meta name=\"description\" content=\"Je nachdem, wie intensiv sich die Unternehmen bereits damit befasst haben, stehen 2018 f\u00fcr die ERP-Anwender v\u00f6llig unterschiedliche Schwerpunkte an.\" \/>\n<meta name=\"robots\" content=\"index, follow, max-snippet:-1, max-image-preview:large, max-video-preview:-1\" \/>\n<link rel=\"canonical\" href=\"https:\/\/www.organisator.ch\/de\/management\/it\/2017-12-05\/die-wichtigsten-erp-themen-fuer-2018\/\" \/>\n<meta property=\"og:locale\" content=\"de_DE\" \/>\n<meta property=\"og:type\" content=\"article\" \/>\n<meta property=\"og:title\" content=\"Die wichtigsten ERP-Themen f\u00fcr 2018\" \/>\n<meta property=\"og:description\" content=\"Je nachdem, wie intensiv sich die Unternehmen bereits damit befasst haben, stehen 2018 f\u00fcr die #ERP-Anwender v\u00f6llig unterschiedliche Schwerpunkte an.\" \/>\n<meta property=\"og:url\" content=\"https:\/\/www.organisator.ch\/de\/management\/it\/2017-12-05\/die-wichtigsten-erp-themen-fuer-2018\/\" \/>\n<meta property=\"og:site_name\" content=\"Organisator\" \/>\n<meta property=\"article:publisher\" content=\"https:\/\/www.facebook.com\/OrganisatorFachmagazin\" \/>\n<meta property=\"article:published_time\" content=\"2017-12-05T14:40:25+00:00\" \/>\n<meta property=\"og:image\" content=\"https:\/\/www.organisator.ch\/wp-content\/uploads\/2017\/12\/Die-wichtigsten-ERP-Themen-fuer-2018_Organisator.jpg\" \/>\n\t<meta property=\"og:image:width\" content=\"640\" \/>\n\t<meta property=\"og:image:height\" content=\"427\" \/>\n\t<meta property=\"og:image:type\" content=\"image\/jpeg\" \/>\n<meta name=\"author\" content=\"thomas.berner\" \/>\n<meta name=\"twitter:card\" content=\"summary_large_image\" \/>\n<meta name=\"twitter:title\" content=\"Die wichtigsten #ERP-Themen f\u00fcr 2018\" \/>\n<meta name=\"twitter:description\" content=\"Je nachdem, wie intensiv sich die Unternehmen bereits damit befasst haben, stehen 2018 f\u00fcr die #ERP-Anwender v\u00f6llig unterschiedliche Schwerpunkte an.\" \/>\n<meta name=\"twitter:image\" content=\"https:\/\/www.organisator.ch\/wp-content\/uploads\/2017\/12\/Die-wichtigsten-ERP-Themen-f\u00fcr-2018_Organisator.jpg\" \/>\n<script type=\"application\/ld+json\" class=\"yoast-schema-graph\">{\"@context\":\"https:\\\/\\\/schema.org\",\"@graph\":[{\"@type\":\"Article\",\"@id\":\"https:\\\/\\\/www.organisator.ch\\\/management\\\/it\\\/2017-12-05\\\/die-wichtigsten-erp-themen-fuer-2018\\\/#article\",\"isPartOf\":{\"@id\":\"https:\\\/\\\/www.organisator.ch\\\/management\\\/it\\\/2017-12-05\\\/die-wichtigsten-erp-themen-fuer-2018\\\/\"},\"author\":{\"name\":\"thomas.berner\",\"@id\":\"https:\\\/\\\/www.organisator.ch\\\/#\\\/schema\\\/person\\\/6f650f90b2842cd4c0cc334b4e36f67e\"},\"headline\":\"Die wichtigsten ERP-Themen f\u00fcr 2018\",\"datePublished\":\"2017-12-05T14:40:25+00:00\",\"mainEntityOfPage\":{\"@id\":\"https:\\\/\\\/www.organisator.ch\\\/management\\\/it\\\/2017-12-05\\\/die-wichtigsten-erp-themen-fuer-2018\\\/\"},\"wordCount\":937,\"commentCount\":1,\"publisher\":{\"@id\":\"https:\\\/\\\/www.organisator.ch\\\/#organization\"},\"image\":{\"@id\":\"https:\\\/\\\/www.organisator.ch\\\/management\\\/it\\\/2017-12-05\\\/die-wichtigsten-erp-themen-fuer-2018\\\/#primaryimage\"},\"thumbnailUrl\":\"https:\\\/\\\/www.organisator.ch\\\/wp-content\\\/uploads\\\/2017\\\/12\\\/Die-wichtigsten-ERP-Themen-fuer-2018_Organisator.jpg\",\"keywords\":[\"Digitalisierung\",\"ERP\",\"IT &amp; Business Software\"],\"articleSection\":[\"IT\"],\"inLanguage\":\"de\"},{\"@type\":\"WebPage\",\"@id\":\"https:\\\/\\\/www.organisator.ch\\\/management\\\/it\\\/2017-12-05\\\/die-wichtigsten-erp-themen-fuer-2018\\\/\",\"url\":\"https:\\\/\\\/www.organisator.ch\\\/management\\\/it\\\/2017-12-05\\\/die-wichtigsten-erp-themen-fuer-2018\\\/\",\"name\":\"Die wichtigsten ERP-Themen f\u00fcr 2018 - Organisator\",\"isPartOf\":{\"@id\":\"https:\\\/\\\/www.organisator.ch\\\/#website\"},\"primaryImageOfPage\":{\"@id\":\"https:\\\/\\\/www.organisator.ch\\\/management\\\/it\\\/2017-12-05\\\/die-wichtigsten-erp-themen-fuer-2018\\\/#primaryimage\"},\"image\":{\"@id\":\"https:\\\/\\\/www.organisator.ch\\\/management\\\/it\\\/2017-12-05\\\/die-wichtigsten-erp-themen-fuer-2018\\\/#primaryimage\"},\"thumbnailUrl\":\"https:\\\/\\\/www.organisator.ch\\\/wp-content\\\/uploads\\\/2017\\\/12\\\/Die-wichtigsten-ERP-Themen-fuer-2018_Organisator.jpg\",\"datePublished\":\"2017-12-05T14:40:25+00:00\",\"description\":\"Je nachdem, wie intensiv sich die Unternehmen bereits damit befasst haben, stehen 2018 f\u00fcr die ERP-Anwender v\u00f6llig unterschiedliche Schwerpunkte an.\",\"breadcrumb\":{\"@id\":\"https:\\\/\\\/www.organisator.ch\\\/management\\\/it\\\/2017-12-05\\\/die-wichtigsten-erp-themen-fuer-2018\\\/#breadcrumb\"},\"inLanguage\":\"de\",\"potentialAction\":[{\"@type\":\"ReadAction\",\"target\":[\"https:\\\/\\\/www.organisator.ch\\\/management\\\/it\\\/2017-12-05\\\/die-wichtigsten-erp-themen-fuer-2018\\\/\"]}]},{\"@type\":\"ImageObject\",\"inLanguage\":\"de\",\"@id\":\"https:\\\/\\\/www.organisator.ch\\\/management\\\/it\\\/2017-12-05\\\/die-wichtigsten-erp-themen-fuer-2018\\\/#primaryimage\",\"url\":\"https:\\\/\\\/www.organisator.ch\\\/wp-content\\\/uploads\\\/2017\\\/12\\\/Die-wichtigsten-ERP-Themen-fuer-2018_Organisator.jpg\",\"contentUrl\":\"https:\\\/\\\/www.organisator.ch\\\/wp-content\\\/uploads\\\/2017\\\/12\\\/Die-wichtigsten-ERP-Themen-fuer-2018_Organisator.jpg\",\"width\":640,\"height\":427,\"caption\":\"Im Jahr 2018 werden verschiedene ERP-Themen die Kunden besch\u00e4ftigen. (Bild: WrightStudio - Fotolia.com)\"},{\"@type\":\"BreadcrumbList\",\"@id\":\"https:\\\/\\\/www.organisator.ch\\\/management\\\/it\\\/2017-12-05\\\/die-wichtigsten-erp-themen-fuer-2018\\\/#breadcrumb\",\"itemListElement\":[{\"@type\":\"ListItem\",\"position\":1,\"name\":\"Home\",\"item\":\"https:\\\/\\\/www.organisator.ch\\\/\"},{\"@type\":\"ListItem\",\"position\":2,\"name\":\"Die wichtigsten ERP-Themen f\u00fcr 2018\"}]},{\"@type\":\"WebSite\",\"@id\":\"https:\\\/\\\/www.organisator.ch\\\/#website\",\"url\":\"https:\\\/\\\/www.organisator.ch\\\/\",\"name\":\"Organisator\",\"description\":\"Kompetent. Praxisnah. Der ORGANISATOR bereitet in 10 Ausgaben pro Jahr die wesentlichen Themen f\u00fcr F\u00fchrungskr\u00e4fte von KMU auf.\",\"publisher\":{\"@id\":\"https:\\\/\\\/www.organisator.ch\\\/#organization\"},\"potentialAction\":[{\"@type\":\"SearchAction\",\"target\":{\"@type\":\"EntryPoint\",\"urlTemplate\":\"https:\\\/\\\/www.organisator.ch\\\/?s={search_term_string}\"},\"query-input\":{\"@type\":\"PropertyValueSpecification\",\"valueRequired\":true,\"valueName\":\"search_term_string\"}}],\"inLanguage\":\"de\"},{\"@type\":\"Organization\",\"@id\":\"https:\\\/\\\/www.organisator.ch\\\/#organization\",\"name\":\"Organisator\",\"url\":\"https:\\\/\\\/www.organisator.ch\\\/\",\"logo\":{\"@type\":\"ImageObject\",\"inLanguage\":\"de\",\"@id\":\"https:\\\/\\\/www.organisator.ch\\\/#\\\/schema\\\/logo\\\/image\\\/\",\"url\":\"https:\\\/\\\/www.organisator.ch\\\/wp-content\\\/uploads\\\/2022\\\/01\\\/Logo_Organisator_Website.png\",\"contentUrl\":\"https:\\\/\\\/www.organisator.ch\\\/wp-content\\\/uploads\\\/2022\\\/01\\\/Logo_Organisator_Website.png\",\"width\":800,\"height\":77,\"caption\":\"Organisator\"},\"image\":{\"@id\":\"https:\\\/\\\/www.organisator.ch\\\/#\\\/schema\\\/logo\\\/image\\\/\"},\"sameAs\":[\"https:\\\/\\\/www.facebook.com\\\/OrganisatorFachmagazin\",\"https:\\\/\\\/www.linkedin.com\\\/showcase\\\/organisator-das-magazin-fr-kmu\",\"https:\\\/\\\/www.xing.com\\\/news\\\/pages\\\/organisator-ch-695\",\"https:\\\/\\\/www.youtube.com\\\/channel\\\/UCGP2Sq0iWaZwT3BdIAQFYpw\"]},{\"@type\":\"Person\",\"@id\":\"https:\\\/\\\/www.organisator.ch\\\/#\\\/schema\\\/person\\\/6f650f90b2842cd4c0cc334b4e36f67e\",\"name\":\"thomas.berner\",\"image\":{\"@type\":\"ImageObject\",\"inLanguage\":\"de\",\"@id\":\"https:\\\/\\\/secure.gravatar.com\\\/avatar\\\/ac5001d2a36cb6c6cd3e50789007ffca834b477b74a2144564522e944eabff61?s=96&d=mm&r=g\",\"url\":\"https:\\\/\\\/secure.gravatar.com\\\/avatar\\\/ac5001d2a36cb6c6cd3e50789007ffca834b477b74a2144564522e944eabff61?s=96&d=mm&r=g\",\"contentUrl\":\"https:\\\/\\\/secure.gravatar.com\\\/avatar\\\/ac5001d2a36cb6c6cd3e50789007ffca834b477b74a2144564522e944eabff61?s=96&d=mm&r=g\",\"caption\":\"thomas.berner\"},\"url\":\"https:\\\/\\\/www.organisator.ch\\\/de\\\/author\\\/thomas-berner\\\/\"}]}<\/script>\n<!-- \/ Yoast SEO plugin. -->","yoast_head_json":{"title":"Die wichtigsten ERP-Themen f\u00fcr 2018 - Organisator","description":"Je nachdem, wie intensiv sich die Unternehmen bereits damit befasst haben, stehen 2018 f\u00fcr die ERP-Anwender v\u00f6llig unterschiedliche Schwerpunkte an.","robots":{"index":"index","follow":"follow","max-snippet":"max-snippet:-1","max-image-preview":"max-image-preview:large","max-video-preview":"max-video-preview:-1"},"canonical":"https:\/\/www.organisator.ch\/de\/management\/it\/2017-12-05\/die-wichtigsten-erp-themen-fuer-2018\/","og_locale":"de_DE","og_type":"article","og_title":"Die wichtigsten ERP-Themen f\u00fcr 2018","og_description":"Je nachdem, wie intensiv sich die Unternehmen bereits damit befasst haben, stehen 2018 f\u00fcr die #ERP-Anwender v\u00f6llig unterschiedliche Schwerpunkte an.","og_url":"https:\/\/www.organisator.ch\/de\/management\/it\/2017-12-05\/die-wichtigsten-erp-themen-fuer-2018\/","og_site_name":"Organisator","article_publisher":"https:\/\/www.facebook.com\/OrganisatorFachmagazin","article_published_time":"2017-12-05T14:40:25+00:00","og_image":[{"width":640,"height":427,"url":"https:\/\/www.organisator.ch\/wp-content\/uploads\/2017\/12\/Die-wichtigsten-ERP-Themen-fuer-2018_Organisator.jpg","type":"image\/jpeg"}],"author":"thomas.berner","twitter_card":"summary_large_image","twitter_title":"Die wichtigsten #ERP-Themen f\u00fcr 2018","twitter_description":"Je nachdem, wie intensiv sich die Unternehmen bereits damit befasst haben, stehen 2018 f\u00fcr die #ERP-Anwender v\u00f6llig unterschiedliche Schwerpunkte an.","twitter_image":"https:\/\/www.organisator.ch\/wp-content\/uploads\/2017\/12\/Die-wichtigsten-ERP-Themen-f\u00fcr-2018_Organisator.jpg","schema":{"@context":"https:\/\/schema.org","@graph":[{"@type":"Article","@id":"https:\/\/www.organisator.ch\/management\/it\/2017-12-05\/die-wichtigsten-erp-themen-fuer-2018\/#article","isPartOf":{"@id":"https:\/\/www.organisator.ch\/management\/it\/2017-12-05\/die-wichtigsten-erp-themen-fuer-2018\/"},"author":{"name":"thomas.berner","@id":"https:\/\/www.organisator.ch\/#\/schema\/person\/6f650f90b2842cd4c0cc334b4e36f67e"},"headline":"Die wichtigsten ERP-Themen f\u00fcr 2018","datePublished":"2017-12-05T14:40:25+00:00","mainEntityOfPage":{"@id":"https:\/\/www.organisator.ch\/management\/it\/2017-12-05\/die-wichtigsten-erp-themen-fuer-2018\/"},"wordCount":937,"commentCount":1,"publisher":{"@id":"https:\/\/www.organisator.ch\/#organization"},"image":{"@id":"https:\/\/www.organisator.ch\/management\/it\/2017-12-05\/die-wichtigsten-erp-themen-fuer-2018\/#primaryimage"},"thumbnailUrl":"https:\/\/www.organisator.ch\/wp-content\/uploads\/2017\/12\/Die-wichtigsten-ERP-Themen-fuer-2018_Organisator.jpg","keywords":["Digitalisierung","ERP","IT &amp; Business Software"],"articleSection":["IT"],"inLanguage":"de"},{"@type":"WebPage","@id":"https:\/\/www.organisator.ch\/management\/it\/2017-12-05\/die-wichtigsten-erp-themen-fuer-2018\/","url":"https:\/\/www.organisator.ch\/management\/it\/2017-12-05\/die-wichtigsten-erp-themen-fuer-2018\/","name":"Die wichtigsten ERP-Themen f\u00fcr 2018 - Organisator","isPartOf":{"@id":"https:\/\/www.organisator.ch\/#website"},"primaryImageOfPage":{"@id":"https:\/\/www.organisator.ch\/management\/it\/2017-12-05\/die-wichtigsten-erp-themen-fuer-2018\/#primaryimage"},"image":{"@id":"https:\/\/www.organisator.ch\/management\/it\/2017-12-05\/die-wichtigsten-erp-themen-fuer-2018\/#primaryimage"},"thumbnailUrl":"https:\/\/www.organisator.ch\/wp-content\/uploads\/2017\/12\/Die-wichtigsten-ERP-Themen-fuer-2018_Organisator.jpg","datePublished":"2017-12-05T14:40:25+00:00","description":"Je nachdem, wie intensiv sich die Unternehmen bereits damit befasst haben, stehen 2018 f\u00fcr die ERP-Anwender v\u00f6llig unterschiedliche Schwerpunkte an.","breadcrumb":{"@id":"https:\/\/www.organisator.ch\/management\/it\/2017-12-05\/die-wichtigsten-erp-themen-fuer-2018\/#breadcrumb"},"inLanguage":"de","potentialAction":[{"@type":"ReadAction","target":["https:\/\/www.organisator.ch\/management\/it\/2017-12-05\/die-wichtigsten-erp-themen-fuer-2018\/"]}]},{"@type":"ImageObject","inLanguage":"de","@id":"https:\/\/www.organisator.ch\/management\/it\/2017-12-05\/die-wichtigsten-erp-themen-fuer-2018\/#primaryimage","url":"https:\/\/www.organisator.ch\/wp-content\/uploads\/2017\/12\/Die-wichtigsten-ERP-Themen-fuer-2018_Organisator.jpg","contentUrl":"https:\/\/www.organisator.ch\/wp-content\/uploads\/2017\/12\/Die-wichtigsten-ERP-Themen-fuer-2018_Organisator.jpg","width":640,"height":427,"caption":"Im Jahr 2018 werden verschiedene ERP-Themen die Kunden besch\u00e4ftigen. (Bild: WrightStudio - Fotolia.com)"},{"@type":"BreadcrumbList","@id":"https:\/\/www.organisator.ch\/management\/it\/2017-12-05\/die-wichtigsten-erp-themen-fuer-2018\/#breadcrumb","itemListElement":[{"@type":"ListItem","position":1,"name":"Home","item":"https:\/\/www.organisator.ch\/"},{"@type":"ListItem","position":2,"name":"Die wichtigsten ERP-Themen f\u00fcr 2018"}]},{"@type":"WebSite","@id":"https:\/\/www.organisator.ch\/#website","url":"https:\/\/www.organisator.ch\/","name":"Organisator","description":"Kompetent. Praxisnah. Der ORGANISATOR bereitet in 10 Ausgaben pro Jahr die wesentlichen Themen f\u00fcr F\u00fchrungskr\u00e4fte von KMU auf.","publisher":{"@id":"https:\/\/www.organisator.ch\/#organization"},"potentialAction":[{"@type":"SearchAction","target":{"@type":"EntryPoint","urlTemplate":"https:\/\/www.organisator.ch\/?s={search_term_string}"},"query-input":{"@type":"PropertyValueSpecification","valueRequired":true,"valueName":"search_term_string"}}],"inLanguage":"de"},{"@type":"Organization","@id":"https:\/\/www.organisator.ch\/#organization","name":"Organisator","url":"https:\/\/www.organisator.ch\/","logo":{"@type":"ImageObject","inLanguage":"de","@id":"https:\/\/www.organisator.ch\/#\/schema\/logo\/image\/","url":"https:\/\/www.organisator.ch\/wp-content\/uploads\/2022\/01\/Logo_Organisator_Website.png","contentUrl":"https:\/\/www.organisator.ch\/wp-content\/uploads\/2022\/01\/Logo_Organisator_Website.png","width":800,"height":77,"caption":"Organisator"},"image":{"@id":"https:\/\/www.organisator.ch\/#\/schema\/logo\/image\/"},"sameAs":["https:\/\/www.facebook.com\/OrganisatorFachmagazin","https:\/\/www.linkedin.com\/showcase\/organisator-das-magazin-fr-kmu","https:\/\/www.xing.com\/news\/pages\/organisator-ch-695","https:\/\/www.youtube.com\/channel\/UCGP2Sq0iWaZwT3BdIAQFYpw"]},{"@type":"Person","@id":"https:\/\/www.organisator.ch\/#\/schema\/person\/6f650f90b2842cd4c0cc334b4e36f67e","name":"thomas.berner","image":{"@type":"ImageObject","inLanguage":"de","@id":"https:\/\/secure.gravatar.com\/avatar\/ac5001d2a36cb6c6cd3e50789007ffca834b477b74a2144564522e944eabff61?s=96&d=mm&r=g","url":"https:\/\/secure.gravatar.com\/avatar\/ac5001d2a36cb6c6cd3e50789007ffca834b477b74a2144564522e944eabff61?s=96&d=mm&r=g","contentUrl":"https:\/\/secure.gravatar.com\/avatar\/ac5001d2a36cb6c6cd3e50789007ffca834b477b74a2144564522e944eabff61?s=96&d=mm&r=g","caption":"thomas.berner"},"url":"https:\/\/www.organisator.ch\/de\/author\/thomas-berner\/"}]}},"_links":{"self":[{"href":"https:\/\/www.organisator.ch\/de\/wp-json\/wp\/v2\/posts\/2822","targetHints":{"allow":["GET"]}}],"collection":[{"href":"https:\/\/www.organisator.ch\/de\/wp-json\/wp\/v2\/posts"}],"about":[{"href":"https:\/\/www.organisator.ch\/de\/wp-json\/wp\/v2\/types\/post"}],"author":[{"embeddable":true,"href":"https:\/\/www.organisator.ch\/de\/wp-json\/wp\/v2\/users\/4"}],"replies":[{"embeddable":true,"href":"https:\/\/www.organisator.ch\/de\/wp-json\/wp\/v2\/comments?post=2822"}],"version-history":[{"count":0,"href":"https:\/\/www.organisator.ch\/de\/wp-json\/wp\/v2\/posts\/2822\/revisions"}],"wp:featuredmedia":[{"embeddable":true,"href":"https:\/\/www.organisator.ch\/de\/wp-json\/wp\/v2\/media\/2823"}],"wp:attachment":[{"href":"https:\/\/www.organisator.ch\/de\/wp-json\/wp\/v2\/media?parent=2822"}],"wp:term":[{"taxonomy":"category","embeddable":true,"href":"https:\/\/www.organisator.ch\/de\/wp-json\/wp\/v2\/categories?post=2822"},{"taxonomy":"post_tag","embeddable":true,"href":"https:\/\/www.organisator.ch\/de\/wp-json\/wp\/v2\/tags?post=2822"}],"curies":[{"name":"wp","href":"https:\/\/api.w.org\/{rel}","templated":true}]}}