{"id":28241,"date":"2024-07-03T21:19:53","date_gmt":"2024-07-03T19:19:53","guid":{"rendered":"https:\/\/www.werbewoche.ch\/?p=217624"},"modified":"2024-11-10T04:24:19","modified_gmt":"2024-11-10T03:24:19","slug":"was-bedeutet-eigentlich-check-in-2","status":"publish","type":"post","link":"https:\/\/www.organisator.ch\/de\/marketing\/2024-07-03\/was-bedeutet-eigentlich-check-in-2\/","title":{"rendered":"Was bedeutet eigentlich\u2026 \u00abCheck-in\u00bb?"},"content":{"rendered":"<p><img class=\"aligncenter wp-image-186259 size-full\" src=\"https:\/\/www.werbewoche.ch\/wp-content\/uploads\/2022\/09\/kolumne_pnp_wasnedeuteteigentlich.jpg\" alt=\"Check-in im Arbeitsalltag\" width=\"1200\" height=\"801\" \/><\/p>\r\n<p>Ja, es ist bald Ferienzeit. Und trotz weit verbreiteter Flugscham werden die Flugh\u00e4fen wieder \u00fcberf\u00fcllt sein. Die Warteschlagen, welche mit Absperrgurten kontrolliert werden sollen, werden wie immer weit \u00fcber die vorgesehenen Reihen hinaus zu unkontrollierten Pulks von Menschen und Koffern verschwimmen, einer \u00fcberfressenen Anakonda gleichend, sich tr\u00e4ge kaum bewegend.<\/p>\r\n<p>Warteschlangen vor dem Check-in, der Security oder der Passkontrolle sind eine Plage. F\u00fcr Check-ins m\u00fcssen wir, falls wir noch fliegen, zum Gl\u00fcck heute nicht mehr extra zum Flughafen. Wir k\u00f6nnen das auch bequem online und \u00fcbers Handy erledigen. Aber nicht nur das, f\u00fcr Check-ins m\u00fcssen wir gar nicht mehr erst in die Ferien fahren, sondern k\u00f6nnen das jeden Tag oder jede Woche im Arbeitsalltag erleben. Der Begriff ist n\u00e4mlich so popul\u00e4r geworden, dass wir vor lauter Check-ins gar nicht mehr wissen, wohin wir eigentlich urspr\u00fcnglich wollten.<\/p>\r\n<p>Angefangen hat die Verwendung Wortes Check-in nach der Pandemie. Nachdem n\u00e4mlich weltweit die Mitarbeitenden wieder an ihre Arbeitspl\u00e4tze zur\u00fccksollten, haben Arbeitgeber erstaunt feststellen m\u00fcssen, dass dies nicht stattfindet. Die \u00fcberbezahlten B\u00fcrofl\u00e4chen blieben leer und die unterbezahlten Leute weiterhin zu Hause. Die pers\u00f6nliche Begegnung, die informellen Gespr\u00e4che oder der kurze Blickkontakt beim Vorbeigehen blieben weg und verkomplizierten den Berufsalltag enorm. Sie alle waren kleine Check-ins mit Kolleginnen und Kollegen am Arbeitsplatz, lange bevor der Begriff es von den Flugh\u00e4fen und Hotels in die gemeinen B\u00fcror\u00e4umlichkeiten geschafft hatte.<\/p>\r\n<h3><strong>Mit und ohne Gep\u00e4ck wichtig f\u00fcr die Zusammenarbeit <\/strong><\/h3>\r\n<p>Der Begriff \u00abCheck-in\u00bb stammt aus dem Englischen und wird in verschiedenen Kontexten verwendet, um den Vorgang des Registrierens, Einbuchens oder eben Eincheckens eines Fremden in einer Reisegemeinschaft oder Unterkunft zu beschreiben. Urspr\u00fcnglich kommt der Begriff aus dem Bereich der Hotellerie und Luftfahrt, hat sich aber inzwischen auf viele andere Bereiche ausgeweitet.<\/p>\r\n<p>Beim Check-in in einem Hotel melden sich die G\u00e4ste an der Rezeption, um sich als ankommend zu registrieren, die Zimmerschl\u00fcssel zu erhalten und notwendige Formalit\u00e4ten wie die Identit\u00e4tskontrolle zu erledigen. Beim Check-in an einem Flughafen registrieren sich die Passagiere f\u00fcr ihren Flug, geben gegebenenfalls Gep\u00e4ck auf und erhalten daf\u00fcr eine Bordkarte, die sie berechtigt am Flughafen Airside zu wechseln, das heisst dahin zu gehen, wo die Parf\u00fcms und Spirituosen billiger sind und die Flieger zum Abflug bereitstehen. Die Bordkarte berechtigt sie auch, in einen solchen Flieger zu steigen und auf einem vorbestimmten Platz mitzureisen.<\/p>\r\n<p>Check-ins gibt es im Leisure Bereich auch bei Kreuzfahrten und Konferenzen, wobei zweiteres ja ein Hybrid ist zwischen Leisure und Business. Ganz im Gegenteil zur Anwendung in Technologie und Software. Dort ist nichts Leisure, auch wenn die B\u00fcros bei Google anderes implizieren. Dort kann ein Check-in den Vorgang beschreiben, bei dem Entwicklerinnen und Entwickler ihren Code in ein zentrales Repository einpflegen, nachdem sie \u00c4nderungen vorgenommen haben. Oder auf Redaktionen, wo der Spassfaktor bei der Arbeit auch l\u00e4ngst auf ein Minimum geschrumpft ist. Dort werden Artikel ein- und ausgecheckt und auf den n\u00e4chsten Status gehoben, damit die n\u00e4chstfolgende Arbeitskraft, sei dies Gestaltung, Korrektorat, Bildredaktion oder wer auch immer, ihre Arbeit verrichten kann.<\/p>\r\n<p>Check-ins sind also allgegenw\u00e4rtig und neuerdings auch notwendig in der Mitarbeiter-F\u00fchrung, wenn die Daheimgebliebenen pl\u00f6tzlich wieder mal im B\u00fcro auftauchen, und irritiert sind, wenn HR-Verantwortliche wie Kolleginnen und Kollegen fragen: \u00abWie geht\u2019s dir?\u00bb In Real Life, oder kurz IRL, ist halt einfach immer noch besser sp\u00fcrbar, wie ein Mensch drauf ist. Deshalb, Check-ins gibt es gratis jeden Tag an der Kaffee-Maschine, im Korridor, vor den Sitzungszimmern, in der Kantine, auf dem WC oder beim Rauchen. Und dies meist ohne Warteschlange aber daf\u00fcr mit viel Empathie. Solche Begegnungen sind sch\u00f6n und f\u00fchlen sich dann manchmal fast schon an wie kleine Ferien.<\/p>\r\n<hr \/>\r\n<p><em>*\u00a0<strong>Benno Maggi\u00a0<\/strong>ist Mitgr\u00fcnder und CEO von Partner &amp; Partner. Er lauscht seit \u00fcber 30 Jahren in der Branche und entdeckt dabei f\u00fcr uns Worte und Begriffe, die entweder zum Smalltalken, Wichtigtun, Aufregen, Scrabble spielen oder einfach so verwendet werden k\u00f6nnen.<\/em><\/p>","protected":false},"excerpt":{"rendered":"<p>Benno Maggi befasst sich in seiner Kolumne \u00abWas bedeutet eigentlich\u2026?\u00bb mit Begriffen aus dem Marketing- und Kommunikationsbereich. Dieses Mal behandelt er den Begriff \u00abCheck-in\u00bb.<\/p>\n","protected":false},"author":8,"featured_media":0,"comment_status":"closed","ping_status":"closed","sticky":false,"template":"","format":"standard","meta":{"_acf_changed":false,"_yoast_wpseo_focuskw":"Check-in im Arbeitsalltag","_yoast_wpseo_metadesc":"Check-ins am Arbeitsplatz: Von Flugh\u00e4fen ins B\u00fcro. Bedeutung und Vorteile t\u00e4glicher Check-ins f\u00fcr bessere Zusammenarbeit.","articlekey":"","footnotes":""},"categories":[29],"tags":[2628,2629,2627],"class_list":["post-28241","post","type-post","status-publish","format-standard","hentry","category-marketing","tag-benno-maggi","tag-partner-partner","tag-was-bedeutet-eigentlich"],"acf":[],"yoast_head":"<!-- This site is optimized with the Yoast SEO plugin v27.5 - https:\/\/yoast.com\/product\/yoast-seo-wordpress\/ -->\n<title>Was bedeutet eigentlich\u2026 \u00abCheck-in\u00bb? - Organisator<\/title>\n<meta name=\"description\" content=\"Check-ins am Arbeitsplatz: Von Flugh\u00e4fen ins B\u00fcro. Bedeutung und Vorteile t\u00e4glicher Check-ins f\u00fcr bessere Zusammenarbeit.\" \/>\n<meta name=\"robots\" content=\"index, follow, max-snippet:-1, max-image-preview:large, max-video-preview:-1\" \/>\n<link rel=\"canonical\" href=\"https:\/\/www.organisator.ch\/de\/marketing\/2024-07-03\/was-bedeutet-eigentlich-check-in-2\/\" \/>\n<meta property=\"og:locale\" content=\"de_DE\" \/>\n<meta property=\"og:type\" content=\"article\" \/>\n<meta property=\"og:title\" content=\"Was bedeutet eigentlich\u2026 \u00abCheck-in\u00bb? - Organisator\" \/>\n<meta property=\"og:description\" content=\"Check-ins am Arbeitsplatz: Von Flugh\u00e4fen ins B\u00fcro. Bedeutung und Vorteile t\u00e4glicher Check-ins f\u00fcr bessere Zusammenarbeit.\" \/>\n<meta property=\"og:url\" content=\"https:\/\/www.organisator.ch\/de\/marketing\/2024-07-03\/was-bedeutet-eigentlich-check-in-2\/\" \/>\n<meta property=\"og:site_name\" content=\"Organisator\" \/>\n<meta property=\"article:publisher\" content=\"https:\/\/www.facebook.com\/OrganisatorFachmagazin\" \/>\n<meta property=\"article:published_time\" content=\"2024-07-03T19:19:53+00:00\" \/>\n<meta property=\"article:modified_time\" content=\"2024-11-10T03:24:19+00:00\" \/>\n<meta property=\"og:image\" content=\"https:\/\/www.werbewoche.ch\/wp-content\/uploads\/2022\/09\/kolumne_pnp_wasnedeuteteigentlich.jpg\" \/>\n<meta name=\"author\" content=\"galledia\" \/>\n<meta name=\"twitter:card\" content=\"summary_large_image\" \/>\n<meta name=\"twitter:creator\" content=\"@admin\" \/>\n<script type=\"application\/ld+json\" class=\"yoast-schema-graph\">{\"@context\":\"https:\\\/\\\/schema.org\",\"@graph\":[{\"@type\":\"Article\",\"@id\":\"https:\\\/\\\/www.organisator.ch\\\/marketing\\\/2024-07-03\\\/was-bedeutet-eigentlich-check-in-2\\\/#article\",\"isPartOf\":{\"@id\":\"https:\\\/\\\/www.organisator.ch\\\/marketing\\\/2024-07-03\\\/was-bedeutet-eigentlich-check-in-2\\\/\"},\"author\":{\"name\":\"galledia\",\"@id\":\"https:\\\/\\\/www.organisator.ch\\\/#\\\/schema\\\/person\\\/4e51799071cd2dd1232ac003643ef5f0\"},\"headline\":\"Was bedeutet eigentlich\u2026 \u00abCheck-in\u00bb?\",\"datePublished\":\"2024-07-03T19:19:53+00:00\",\"dateModified\":\"2024-11-10T03:24:19+00:00\",\"mainEntityOfPage\":{\"@id\":\"https:\\\/\\\/www.organisator.ch\\\/marketing\\\/2024-07-03\\\/was-bedeutet-eigentlich-check-in-2\\\/\"},\"wordCount\":680,\"publisher\":{\"@id\":\"https:\\\/\\\/www.organisator.ch\\\/#organization\"},\"image\":{\"@id\":\"https:\\\/\\\/www.organisator.ch\\\/marketing\\\/2024-07-03\\\/was-bedeutet-eigentlich-check-in-2\\\/#primaryimage\"},\"thumbnailUrl\":\"https:\\\/\\\/www.werbewoche.ch\\\/wp-content\\\/uploads\\\/2022\\\/09\\\/kolumne_pnp_wasnedeuteteigentlich.jpg\",\"keywords\":[\"Benno Maggi\",\"Partner &amp; Partner\",\"Was bedeutet eigentlich...\"],\"articleSection\":[\"MARKETING\"],\"inLanguage\":\"de\"},{\"@type\":\"WebPage\",\"@id\":\"https:\\\/\\\/www.organisator.ch\\\/marketing\\\/2024-07-03\\\/was-bedeutet-eigentlich-check-in-2\\\/\",\"url\":\"https:\\\/\\\/www.organisator.ch\\\/marketing\\\/2024-07-03\\\/was-bedeutet-eigentlich-check-in-2\\\/\",\"name\":\"Was bedeutet eigentlich\u2026 \u00abCheck-in\u00bb? - Organisator\",\"isPartOf\":{\"@id\":\"https:\\\/\\\/www.organisator.ch\\\/#website\"},\"primaryImageOfPage\":{\"@id\":\"https:\\\/\\\/www.organisator.ch\\\/marketing\\\/2024-07-03\\\/was-bedeutet-eigentlich-check-in-2\\\/#primaryimage\"},\"image\":{\"@id\":\"https:\\\/\\\/www.organisator.ch\\\/marketing\\\/2024-07-03\\\/was-bedeutet-eigentlich-check-in-2\\\/#primaryimage\"},\"thumbnailUrl\":\"https:\\\/\\\/www.werbewoche.ch\\\/wp-content\\\/uploads\\\/2022\\\/09\\\/kolumne_pnp_wasnedeuteteigentlich.jpg\",\"datePublished\":\"2024-07-03T19:19:53+00:00\",\"dateModified\":\"2024-11-10T03:24:19+00:00\",\"description\":\"Check-ins am Arbeitsplatz: Von Flugh\u00e4fen ins B\u00fcro. Bedeutung und Vorteile t\u00e4glicher Check-ins f\u00fcr bessere Zusammenarbeit.\",\"breadcrumb\":{\"@id\":\"https:\\\/\\\/www.organisator.ch\\\/marketing\\\/2024-07-03\\\/was-bedeutet-eigentlich-check-in-2\\\/#breadcrumb\"},\"inLanguage\":\"de\",\"potentialAction\":[{\"@type\":\"ReadAction\",\"target\":[\"https:\\\/\\\/www.organisator.ch\\\/marketing\\\/2024-07-03\\\/was-bedeutet-eigentlich-check-in-2\\\/\"]}]},{\"@type\":\"ImageObject\",\"inLanguage\":\"de\",\"@id\":\"https:\\\/\\\/www.organisator.ch\\\/marketing\\\/2024-07-03\\\/was-bedeutet-eigentlich-check-in-2\\\/#primaryimage\",\"url\":\"https:\\\/\\\/www.werbewoche.ch\\\/wp-content\\\/uploads\\\/2022\\\/09\\\/kolumne_pnp_wasnedeuteteigentlich.jpg\",\"contentUrl\":\"https:\\\/\\\/www.werbewoche.ch\\\/wp-content\\\/uploads\\\/2022\\\/09\\\/kolumne_pnp_wasnedeuteteigentlich.jpg\"},{\"@type\":\"BreadcrumbList\",\"@id\":\"https:\\\/\\\/www.organisator.ch\\\/marketing\\\/2024-07-03\\\/was-bedeutet-eigentlich-check-in-2\\\/#breadcrumb\",\"itemListElement\":[{\"@type\":\"ListItem\",\"position\":1,\"name\":\"Home\",\"item\":\"https:\\\/\\\/www.organisator.ch\\\/\"},{\"@type\":\"ListItem\",\"position\":2,\"name\":\"Was bedeutet eigentlich\u2026 \u00abCheck-in\u00bb?\"}]},{\"@type\":\"WebSite\",\"@id\":\"https:\\\/\\\/www.organisator.ch\\\/#website\",\"url\":\"https:\\\/\\\/www.organisator.ch\\\/\",\"name\":\"Organisator\",\"description\":\"Kompetent. Praxisnah. Der ORGANISATOR bereitet in 10 Ausgaben pro Jahr die wesentlichen Themen f\u00fcr F\u00fchrungskr\u00e4fte von KMU auf.\",\"publisher\":{\"@id\":\"https:\\\/\\\/www.organisator.ch\\\/#organization\"},\"potentialAction\":[{\"@type\":\"SearchAction\",\"target\":{\"@type\":\"EntryPoint\",\"urlTemplate\":\"https:\\\/\\\/www.organisator.ch\\\/?s={search_term_string}\"},\"query-input\":{\"@type\":\"PropertyValueSpecification\",\"valueRequired\":true,\"valueName\":\"search_term_string\"}}],\"inLanguage\":\"de\"},{\"@type\":\"Organization\",\"@id\":\"https:\\\/\\\/www.organisator.ch\\\/#organization\",\"name\":\"Organisator\",\"url\":\"https:\\\/\\\/www.organisator.ch\\\/\",\"logo\":{\"@type\":\"ImageObject\",\"inLanguage\":\"de\",\"@id\":\"https:\\\/\\\/www.organisator.ch\\\/#\\\/schema\\\/logo\\\/image\\\/\",\"url\":\"https:\\\/\\\/www.organisator.ch\\\/wp-content\\\/uploads\\\/2022\\\/01\\\/Logo_Organisator_Website.png\",\"contentUrl\":\"https:\\\/\\\/www.organisator.ch\\\/wp-content\\\/uploads\\\/2022\\\/01\\\/Logo_Organisator_Website.png\",\"width\":800,\"height\":77,\"caption\":\"Organisator\"},\"image\":{\"@id\":\"https:\\\/\\\/www.organisator.ch\\\/#\\\/schema\\\/logo\\\/image\\\/\"},\"sameAs\":[\"https:\\\/\\\/www.facebook.com\\\/OrganisatorFachmagazin\",\"https:\\\/\\\/www.linkedin.com\\\/showcase\\\/organisator-das-magazin-fr-kmu\",\"https:\\\/\\\/www.xing.com\\\/news\\\/pages\\\/organisator-ch-695\",\"https:\\\/\\\/www.youtube.com\\\/channel\\\/UCGP2Sq0iWaZwT3BdIAQFYpw\"]},{\"@type\":\"Person\",\"@id\":\"https:\\\/\\\/www.organisator.ch\\\/#\\\/schema\\\/person\\\/4e51799071cd2dd1232ac003643ef5f0\",\"name\":\"galledia\",\"image\":{\"@type\":\"ImageObject\",\"inLanguage\":\"de\",\"@id\":\"https:\\\/\\\/secure.gravatar.com\\\/avatar\\\/78a7f90c01fc2bfc875782a0d4922b37cde2cf184ce347b91316d23cd7f69a36?s=96&d=mm&r=g\",\"url\":\"https:\\\/\\\/secure.gravatar.com\\\/avatar\\\/78a7f90c01fc2bfc875782a0d4922b37cde2cf184ce347b91316d23cd7f69a36?s=96&d=mm&r=g\",\"contentUrl\":\"https:\\\/\\\/secure.gravatar.com\\\/avatar\\\/78a7f90c01fc2bfc875782a0d4922b37cde2cf184ce347b91316d23cd7f69a36?s=96&d=mm&r=g\",\"caption\":\"galledia\"},\"sameAs\":[\"https:\\\/\\\/x.com\\\/admin\"],\"url\":\"https:\\\/\\\/www.organisator.ch\\\/de\\\/author\\\/galledia\\\/\"}]}<\/script>\n<!-- \/ Yoast SEO plugin. -->","yoast_head_json":{"title":"Was bedeutet eigentlich\u2026 \u00abCheck-in\u00bb? - Organisator","description":"Check-ins am Arbeitsplatz: Von Flugh\u00e4fen ins B\u00fcro. Bedeutung und Vorteile t\u00e4glicher Check-ins f\u00fcr bessere Zusammenarbeit.","robots":{"index":"index","follow":"follow","max-snippet":"max-snippet:-1","max-image-preview":"max-image-preview:large","max-video-preview":"max-video-preview:-1"},"canonical":"https:\/\/www.organisator.ch\/de\/marketing\/2024-07-03\/was-bedeutet-eigentlich-check-in-2\/","og_locale":"de_DE","og_type":"article","og_title":"Was bedeutet eigentlich\u2026 \u00abCheck-in\u00bb? - Organisator","og_description":"Check-ins am Arbeitsplatz: Von Flugh\u00e4fen ins B\u00fcro. Bedeutung und Vorteile t\u00e4glicher Check-ins f\u00fcr bessere Zusammenarbeit.","og_url":"https:\/\/www.organisator.ch\/de\/marketing\/2024-07-03\/was-bedeutet-eigentlich-check-in-2\/","og_site_name":"Organisator","article_publisher":"https:\/\/www.facebook.com\/OrganisatorFachmagazin","article_published_time":"2024-07-03T19:19:53+00:00","article_modified_time":"2024-11-10T03:24:19+00:00","og_image":[{"url":"https:\/\/www.werbewoche.ch\/wp-content\/uploads\/2022\/09\/kolumne_pnp_wasnedeuteteigentlich.jpg","type":"","width":"","height":""}],"author":"galledia","twitter_card":"summary_large_image","twitter_creator":"@admin","schema":{"@context":"https:\/\/schema.org","@graph":[{"@type":"Article","@id":"https:\/\/www.organisator.ch\/marketing\/2024-07-03\/was-bedeutet-eigentlich-check-in-2\/#article","isPartOf":{"@id":"https:\/\/www.organisator.ch\/marketing\/2024-07-03\/was-bedeutet-eigentlich-check-in-2\/"},"author":{"name":"galledia","@id":"https:\/\/www.organisator.ch\/#\/schema\/person\/4e51799071cd2dd1232ac003643ef5f0"},"headline":"Was bedeutet eigentlich\u2026 \u00abCheck-in\u00bb?","datePublished":"2024-07-03T19:19:53+00:00","dateModified":"2024-11-10T03:24:19+00:00","mainEntityOfPage":{"@id":"https:\/\/www.organisator.ch\/marketing\/2024-07-03\/was-bedeutet-eigentlich-check-in-2\/"},"wordCount":680,"publisher":{"@id":"https:\/\/www.organisator.ch\/#organization"},"image":{"@id":"https:\/\/www.organisator.ch\/marketing\/2024-07-03\/was-bedeutet-eigentlich-check-in-2\/#primaryimage"},"thumbnailUrl":"https:\/\/www.werbewoche.ch\/wp-content\/uploads\/2022\/09\/kolumne_pnp_wasnedeuteteigentlich.jpg","keywords":["Benno Maggi","Partner &amp; Partner","Was bedeutet eigentlich..."],"articleSection":["MARKETING"],"inLanguage":"de"},{"@type":"WebPage","@id":"https:\/\/www.organisator.ch\/marketing\/2024-07-03\/was-bedeutet-eigentlich-check-in-2\/","url":"https:\/\/www.organisator.ch\/marketing\/2024-07-03\/was-bedeutet-eigentlich-check-in-2\/","name":"Was bedeutet eigentlich\u2026 \u00abCheck-in\u00bb? - Organisator","isPartOf":{"@id":"https:\/\/www.organisator.ch\/#website"},"primaryImageOfPage":{"@id":"https:\/\/www.organisator.ch\/marketing\/2024-07-03\/was-bedeutet-eigentlich-check-in-2\/#primaryimage"},"image":{"@id":"https:\/\/www.organisator.ch\/marketing\/2024-07-03\/was-bedeutet-eigentlich-check-in-2\/#primaryimage"},"thumbnailUrl":"https:\/\/www.werbewoche.ch\/wp-content\/uploads\/2022\/09\/kolumne_pnp_wasnedeuteteigentlich.jpg","datePublished":"2024-07-03T19:19:53+00:00","dateModified":"2024-11-10T03:24:19+00:00","description":"Check-ins am Arbeitsplatz: Von Flugh\u00e4fen ins B\u00fcro. Bedeutung und Vorteile t\u00e4glicher Check-ins f\u00fcr bessere Zusammenarbeit.","breadcrumb":{"@id":"https:\/\/www.organisator.ch\/marketing\/2024-07-03\/was-bedeutet-eigentlich-check-in-2\/#breadcrumb"},"inLanguage":"de","potentialAction":[{"@type":"ReadAction","target":["https:\/\/www.organisator.ch\/marketing\/2024-07-03\/was-bedeutet-eigentlich-check-in-2\/"]}]},{"@type":"ImageObject","inLanguage":"de","@id":"https:\/\/www.organisator.ch\/marketing\/2024-07-03\/was-bedeutet-eigentlich-check-in-2\/#primaryimage","url":"https:\/\/www.werbewoche.ch\/wp-content\/uploads\/2022\/09\/kolumne_pnp_wasnedeuteteigentlich.jpg","contentUrl":"https:\/\/www.werbewoche.ch\/wp-content\/uploads\/2022\/09\/kolumne_pnp_wasnedeuteteigentlich.jpg"},{"@type":"BreadcrumbList","@id":"https:\/\/www.organisator.ch\/marketing\/2024-07-03\/was-bedeutet-eigentlich-check-in-2\/#breadcrumb","itemListElement":[{"@type":"ListItem","position":1,"name":"Home","item":"https:\/\/www.organisator.ch\/"},{"@type":"ListItem","position":2,"name":"Was bedeutet eigentlich\u2026 \u00abCheck-in\u00bb?"}]},{"@type":"WebSite","@id":"https:\/\/www.organisator.ch\/#website","url":"https:\/\/www.organisator.ch\/","name":"Organisator","description":"Kompetent. Praxisnah. Der ORGANISATOR bereitet in 10 Ausgaben pro Jahr die wesentlichen Themen f\u00fcr F\u00fchrungskr\u00e4fte von KMU auf.","publisher":{"@id":"https:\/\/www.organisator.ch\/#organization"},"potentialAction":[{"@type":"SearchAction","target":{"@type":"EntryPoint","urlTemplate":"https:\/\/www.organisator.ch\/?s={search_term_string}"},"query-input":{"@type":"PropertyValueSpecification","valueRequired":true,"valueName":"search_term_string"}}],"inLanguage":"de"},{"@type":"Organization","@id":"https:\/\/www.organisator.ch\/#organization","name":"Organisator","url":"https:\/\/www.organisator.ch\/","logo":{"@type":"ImageObject","inLanguage":"de","@id":"https:\/\/www.organisator.ch\/#\/schema\/logo\/image\/","url":"https:\/\/www.organisator.ch\/wp-content\/uploads\/2022\/01\/Logo_Organisator_Website.png","contentUrl":"https:\/\/www.organisator.ch\/wp-content\/uploads\/2022\/01\/Logo_Organisator_Website.png","width":800,"height":77,"caption":"Organisator"},"image":{"@id":"https:\/\/www.organisator.ch\/#\/schema\/logo\/image\/"},"sameAs":["https:\/\/www.facebook.com\/OrganisatorFachmagazin","https:\/\/www.linkedin.com\/showcase\/organisator-das-magazin-fr-kmu","https:\/\/www.xing.com\/news\/pages\/organisator-ch-695","https:\/\/www.youtube.com\/channel\/UCGP2Sq0iWaZwT3BdIAQFYpw"]},{"@type":"Person","@id":"https:\/\/www.organisator.ch\/#\/schema\/person\/4e51799071cd2dd1232ac003643ef5f0","name":"galledia","image":{"@type":"ImageObject","inLanguage":"de","@id":"https:\/\/secure.gravatar.com\/avatar\/78a7f90c01fc2bfc875782a0d4922b37cde2cf184ce347b91316d23cd7f69a36?s=96&d=mm&r=g","url":"https:\/\/secure.gravatar.com\/avatar\/78a7f90c01fc2bfc875782a0d4922b37cde2cf184ce347b91316d23cd7f69a36?s=96&d=mm&r=g","contentUrl":"https:\/\/secure.gravatar.com\/avatar\/78a7f90c01fc2bfc875782a0d4922b37cde2cf184ce347b91316d23cd7f69a36?s=96&d=mm&r=g","caption":"galledia"},"sameAs":["https:\/\/x.com\/admin"],"url":"https:\/\/www.organisator.ch\/de\/author\/galledia\/"}]}},"_links":{"self":[{"href":"https:\/\/www.organisator.ch\/de\/wp-json\/wp\/v2\/posts\/28241","targetHints":{"allow":["GET"]}}],"collection":[{"href":"https:\/\/www.organisator.ch\/de\/wp-json\/wp\/v2\/posts"}],"about":[{"href":"https:\/\/www.organisator.ch\/de\/wp-json\/wp\/v2\/types\/post"}],"author":[{"embeddable":true,"href":"https:\/\/www.organisator.ch\/de\/wp-json\/wp\/v2\/users\/8"}],"replies":[{"embeddable":true,"href":"https:\/\/www.organisator.ch\/de\/wp-json\/wp\/v2\/comments?post=28241"}],"version-history":[{"count":6,"href":"https:\/\/www.organisator.ch\/de\/wp-json\/wp\/v2\/posts\/28241\/revisions"}],"predecessor-version":[{"id":32133,"href":"https:\/\/www.organisator.ch\/de\/wp-json\/wp\/v2\/posts\/28241\/revisions\/32133"}],"wp:attachment":[{"href":"https:\/\/www.organisator.ch\/de\/wp-json\/wp\/v2\/media?parent=28241"}],"wp:term":[{"taxonomy":"category","embeddable":true,"href":"https:\/\/www.organisator.ch\/de\/wp-json\/wp\/v2\/categories?post=28241"},{"taxonomy":"post_tag","embeddable":true,"href":"https:\/\/www.organisator.ch\/de\/wp-json\/wp\/v2\/tags?post=28241"}],"curies":[{"name":"wp","href":"https:\/\/api.w.org\/{rel}","templated":true}]}}