{"id":28250,"date":"2024-07-04T09:06:51","date_gmt":"2024-07-04T07:06:51","guid":{"rendered":"https:\/\/www.organisator.ch\/?p=28250"},"modified":"2024-07-04T09:06:51","modified_gmt":"2024-07-04T07:06:51","slug":"management-experte-bani-ist-in-vuca-out","status":"publish","type":"post","link":"https:\/\/www.organisator.ch\/de\/management\/2024-07-04\/management-experte-bani-ist-in-vuca-out\/","title":{"rendered":"Management-Experte: BANI ist \u201ein\u201c, VUCA \u201eout\u201c"},"content":{"rendered":"<figure id=\"attachment_28252\" aria-describedby=\"caption-attachment-28252\" style=\"width: 680px\" class=\"wp-caption alignnone\"><img loading=\"lazy\" decoding=\"async\" class=\"size-full wp-image-28252\" src=\"https:\/\/www.organisator.ch\/wp-content\/uploads\/2024\/07\/BANI-loest-VUCA-ab_Bild1_ps.jpg\" alt=\"\" width=\"680\" height=\"481\" srcset=\"https:\/\/www.organisator.ch\/wp-content\/uploads\/2024\/07\/BANI-loest-VUCA-ab_Bild1_ps.jpg 680w, https:\/\/www.organisator.ch\/wp-content\/uploads\/2024\/07\/BANI-loest-VUCA-ab_Bild1_ps-18x12.jpg 18w, https:\/\/www.organisator.ch\/wp-content\/uploads\/2024\/07\/BANI-loest-VUCA-ab_Bild1_ps-375x265.jpg 375w, https:\/\/www.organisator.ch\/wp-content\/uploads\/2024\/07\/BANI-loest-VUCA-ab_Bild1_ps-495x350.jpg 495w\" sizes=\"auto, (max-width: 680px) 100vw, 680px\" \/><figcaption id=\"caption-attachment-28252\" class=\"wp-caption-text\">BANI l\u00f6st VUCA ab. (Bild: Butterflymanager GmbH)<\/figcaption><\/figure>\n<p>Dr. Harald Sch\u00f6nfeld erkl\u00e4rt: \u201eBei VUCA war die gedankliche Grundlage, dass sich die Situation im Laufe der Zeit wieder mehr oder minder normalisieren wird. BANI hingegen ist das richtige Denkmodell f\u00fcr ein Umfeld, das durch dauerhaft instabile und m\u00f6glicherweise sogar chaotische Strukturen gekennzeichnet ist.\u201c Er gibt ein Beispiel f\u00fcr die Unterscheidung zwischen VUCA und BANI: \u201eEs mag schon sein, dass globale Lieferengp\u00e4sse eines Tages der Vergangenheit angeh\u00f6ren, aber die KI-Entwicklung wird nie mehr zur\u00fcckzudrehen sein und brachiale Auswirkungen mit sich bringen, die wir alle heutzutage bestenfalls erahnen k\u00f6nnen. Eine moderne Unternehmens\u00adleitung muss in der Lage sein, die Firmenstrategie allen Unsicherheiten zum Trotz mit klaren, einfachen Worten zu beschreiben. Denn nur, was man verst\u00e4ndlich benennen kann, l\u00e4sst sich Mitarbeitenden, Kunden oder Aktion\u00e4ren vermitteln: als Grundlage f\u00fcr notwendiges, neues Handeln.\u201c<\/p>\n<h3><strong>Ziel formulieren, Weg beschreiben, operative Umsetzung durchf\u00fchren<\/strong><\/h3>\n<p>Management-Experte Dr. Harald Sch\u00f6nfeld spricht vom Drei-Schritte-Prinzip beim BANI: erstens, das Ziel erkennen und formulieren, zweitens, den Weg dorthin beschreiben, und drittens den Weg zu gehen, also die Umsetzung. \u201eKonzepte entwickeln und Powerpoints malen, auf denen sich neue milliardenschwere Gesch\u00e4ftsfelder tummeln, k\u00f6nnen viele Manager und vor allem Management\u00adberater, aber bei der operativen Umsetzung scheitern die meisten\u201c, sagt Dr. Harald Sch\u00f6nfeld. Er begr\u00fcndet: \u201eBei der Umsetzung geht es nicht nur um Fachlichkeit, sondern vor allem darum, alle Beteiligten zu \u00fcberzeugen und auf dem Weg emotional mitzunehmen. Nur mit der F\u00e4higkeit, Menschen zu begeistern, l\u00e4sst sich Zukunft in diesen Zeiten gestalten.\u201c<\/p>\n<p>Hinzu kommt beim BANI-Vorgehen die Vorbereitung des Unternehmens auf im Grunde unvorhersehbare, nicht-lineare Ereignisse, sagt Dr. Harald Sch\u00f6nfeld. Er erkl\u00e4rt: \u201eModernes Management muss darauf gefasst sein, auf disruptive Entwicklungen nicht-linear zu reagieren. Dazu bedarf es resilienter Strukturen, eines hohen Masses an Achtsamkeit, einer fortw\u00e4hrenden Anpassungsf\u00e4higkeit und Transparenz.\u201c\u00a0<\/p>\n<h3><strong>Besser mit Interim Managern statt Beratern<\/strong><\/h3>\n<p>Nach Einsch\u00e4tzung von Dr. Harald Sch\u00f6nfeld sind viele Unternehmensleitungen angesichts der Wucht der Umw\u00e4lzungen an ihre Grenzen gelangt. \u201eDie meisten sind gedanklich noch gar nicht in der VUCA-Welt angekommen und daher \u00fcberhaupt nicht in der Lage, sich in Richtung BANI weiterzuentwickeln\u201c, weiss er aus vielen Gespr\u00e4chen mit Vorst\u00e4nden, Gesch\u00e4ftsf\u00fchrern, Aufsichtsr\u00e4ten und Beir\u00e4ten.\u00a0<\/p>\n<p>Er schlussfolgert: \u201eDas Gros der Unternehmen wird ohne externe Hilfe nicht auskommen\u201c und betont: \u201eaber bitte nicht mit blossen Beratern, die vermeintlich kluge Konzepte entwickeln, sondern mit Interim Managern, die bei Bedarf f\u00fcr einige Monate in den Betrieb kommen und selbst an der Gestaltung des Wandels aktiv mitwirken. Denn in Zeiten des raschen Wandels stellen die Schnelligkeit, Themen anpacken zu k\u00f6nnen und die Sicherheit, auch die richtigen Dinge bei der Umsetzung im Betrieb zu tun, die beiden entscheidenden Faktoren f\u00fcr die Wettbewerbsf\u00e4higkeit dar.\u201c<\/p>\n<p>Hinzu kommt, dass \u00fcber Fachlichkeit und Menschlichkeit hinaus eine hohe multidisziplin\u00e4re Kompetenz gefordert ist, betont Dr. Harald Sch\u00f6nfeld. Der Management-Experte erl\u00e4utert: \u201eDie Weiter\u00adentwicklung des eigenen Gesch\u00e4ftsmodells erfolgt nicht im luftleeren Raum, sondern muss heute Aspekte wie Compliance, Governance und ESG einbeziehen.\u201c Der Fachmann empfiehlt daher den Unternehmen, \u201eregelm\u00e4ssig Interim Manager f\u00fcr zukunftsorientierte Projekte ins Boot zu holen, um sich dieses neue Wissen rasch und praxisorientiert zu erschliessen\u201c.<\/p>\n<p><em>Quelle: <a href=\"http:\/\/www.butterflymanager.com\/\">www.butterflymanager.com<\/a><\/em><\/p>\n","protected":false},"excerpt":{"rendered":"<p>Die heutigen M\u00e4rkte ver\u00e4ndern sich schnell und oft auch radikal. Im Management hat sich hierf\u00fcr der Begriff VUCA eingeb\u00fcrgert. Das Akronym steht f\u00fcr \u201evolatility\u201c (Volatilit\u00e4t), \u201euncertainty\u201c (Ungewissheit), \u201ecomplexity\u201c (Komplexit\u00e4t) und \u201eambiguity\u201c (Ambiguit\u00e4t). Doch VUCA ist \u00fcberholt, jetzt gilt f\u00fcr F\u00fchrungskr\u00e4fte das BANI-Prinzip, sagt der Management-Experte Dr. Harald Sch\u00f6nfeld. BANI steht f\u00fcr \u201ebrittle\u201c (br\u00fcchig), \u201eanxious\u201c (\u00e4ngstlich), \u201enon-linear\u201c (nicht linear) und \u201eincomprehensible\u201c (unverst\u00e4ndlich).<\/p>\n","protected":false},"author":58,"featured_media":28252,"comment_status":"closed","ping_status":"closed","sticky":false,"template":"","format":"standard","meta":{"_acf_changed":false,"_yoast_wpseo_focuskw":"Management-Experte","_yoast_wpseo_metadesc":"VUCA ist \u00fcberholt, jetzt gilt f\u00fcr F\u00fchrungskr\u00e4fte das BANI-Prinzip. BANI steht f\u00fcr \u201ebrittle\u201c (br\u00fcchig), \u201eanxious\u201c (\u00e4ngstlich), \u201enon-linear\u201c (nicht linear) und \u201eincomprehensible\u201c (unverst\u00e4ndlich).","articlekey":"","footnotes":""},"categories":[28],"tags":[298,334,4296,492],"class_list":["post-28250","post","type-post","status-publish","format-standard","has-post-thumbnail","hentry","category-management","tag-ki","tag-management","tag-managementberater","tag-unternehmen"],"acf":[],"yoast_head":"<!-- This site is optimized with the Yoast SEO plugin v27.5 - https:\/\/yoast.com\/product\/yoast-seo-wordpress\/ -->\n<title>Management-Experte: BANI ist \u201ein\u201c, VUCA \u201eout\u201c - Organisator<\/title>\n<meta name=\"description\" content=\"VUCA ist \u00fcberholt, jetzt gilt f\u00fcr F\u00fchrungskr\u00e4fte das BANI-Prinzip. BANI steht f\u00fcr \u201ebrittle\u201c (br\u00fcchig), \u201eanxious\u201c (\u00e4ngstlich), \u201enon-linear\u201c (nicht linear) und \u201eincomprehensible\u201c (unverst\u00e4ndlich).\" \/>\n<meta name=\"robots\" content=\"index, follow, max-snippet:-1, max-image-preview:large, max-video-preview:-1\" \/>\n<link rel=\"canonical\" href=\"https:\/\/www.organisator.ch\/de\/management\/2024-07-04\/management-experte-bani-ist-in-vuca-out\/\" \/>\n<meta property=\"og:locale\" content=\"de_DE\" \/>\n<meta property=\"og:type\" content=\"article\" \/>\n<meta property=\"og:title\" content=\"Management-Experte: BANI ist \u201ein\u201c, VUCA \u201eout\u201c\" \/>\n<meta property=\"og:description\" content=\"VUCA ist \u00fcberholt, jetzt gilt f\u00fcr F\u00fchrungskr\u00e4fte das BANI-Prinzip. BANI steht f\u00fcr \u201ebrittle\u201c (br\u00fcchig), \u201eanxious\u201c (\u00e4ngstlich), \u201enon-linear\u201c (nicht linear) und \u201eincomprehensible\u201c (unverst\u00e4ndlich).\" \/>\n<meta property=\"og:url\" content=\"https:\/\/www.organisator.ch\/de\/management\/2024-07-04\/management-experte-bani-ist-in-vuca-out\/\" \/>\n<meta property=\"og:site_name\" content=\"Organisator\" \/>\n<meta property=\"article:publisher\" content=\"https:\/\/www.facebook.com\/OrganisatorFachmagazin\" \/>\n<meta property=\"article:published_time\" content=\"2024-07-04T07:06:51+00:00\" \/>\n<meta property=\"og:image\" content=\"https:\/\/www.organisator.ch\/wp-content\/uploads\/2024\/07\/BANI-loest-VUCA-ab_Bild1_ps.jpg\" \/>\n\t<meta property=\"og:image:width\" content=\"680\" \/>\n\t<meta property=\"og:image:height\" content=\"481\" \/>\n\t<meta property=\"og:image:type\" content=\"image\/jpeg\" \/>\n<meta name=\"author\" content=\"Adelisa Kalajdzini\" \/>\n<meta name=\"twitter:card\" content=\"summary_large_image\" \/>\n<meta name=\"twitter:title\" content=\"Management-Experte: BANI ist \u201ein\u201c, VUCA \u201eout\u201c\" \/>\n<meta name=\"twitter:description\" content=\"#VUCA ist \u00fcberholt, jetzt gilt f\u00fcr #F\u00fchrungskr\u00e4fte das #BANI-Prinzip. BANI steht f\u00fcr \u201ebrittle\u201c (br\u00fcchig), \u201eanxious\u201c (\u00e4ngstlich), \u201enon-linear\u201c (nicht linear) und \u201eincomprehensible\u201c (unverst\u00e4ndlich).\" \/>\n<meta name=\"twitter:image\" content=\"https:\/\/www.organisator.ch\/wp-content\/uploads\/2024\/07\/BANI-loest-VUCA-ab_Bild1_ps.jpg\" \/>\n<script type=\"application\/ld+json\" class=\"yoast-schema-graph\">{\"@context\":\"https:\\\/\\\/schema.org\",\"@graph\":[{\"@type\":\"Article\",\"@id\":\"https:\\\/\\\/www.organisator.ch\\\/management\\\/2024-07-04\\\/management-experte-bani-ist-in-vuca-out\\\/#article\",\"isPartOf\":{\"@id\":\"https:\\\/\\\/www.organisator.ch\\\/management\\\/2024-07-04\\\/management-experte-bani-ist-in-vuca-out\\\/\"},\"author\":{\"name\":\"Adelisa Kalajdzini\",\"@id\":\"https:\\\/\\\/www.organisator.ch\\\/#\\\/schema\\\/person\\\/2e1314a2172123f874db408d8911d3f3\"},\"headline\":\"Management-Experte: BANI ist \u201ein\u201c, VUCA \u201eout\u201c\",\"datePublished\":\"2024-07-04T07:06:51+00:00\",\"mainEntityOfPage\":{\"@id\":\"https:\\\/\\\/www.organisator.ch\\\/management\\\/2024-07-04\\\/management-experte-bani-ist-in-vuca-out\\\/\"},\"wordCount\":561,\"publisher\":{\"@id\":\"https:\\\/\\\/www.organisator.ch\\\/#organization\"},\"image\":{\"@id\":\"https:\\\/\\\/www.organisator.ch\\\/management\\\/2024-07-04\\\/management-experte-bani-ist-in-vuca-out\\\/#primaryimage\"},\"thumbnailUrl\":\"https:\\\/\\\/www.organisator.ch\\\/wp-content\\\/uploads\\\/2024\\\/07\\\/BANI-loest-VUCA-ab_Bild1_ps.jpg\",\"keywords\":[\"KI\",\"Management\",\"Managementberater\",\"Unternehmen\"],\"articleSection\":[\"MANAGEMENT\"],\"inLanguage\":\"de\"},{\"@type\":\"WebPage\",\"@id\":\"https:\\\/\\\/www.organisator.ch\\\/management\\\/2024-07-04\\\/management-experte-bani-ist-in-vuca-out\\\/\",\"url\":\"https:\\\/\\\/www.organisator.ch\\\/management\\\/2024-07-04\\\/management-experte-bani-ist-in-vuca-out\\\/\",\"name\":\"Management-Experte: BANI ist \u201ein\u201c, VUCA \u201eout\u201c - Organisator\",\"isPartOf\":{\"@id\":\"https:\\\/\\\/www.organisator.ch\\\/#website\"},\"primaryImageOfPage\":{\"@id\":\"https:\\\/\\\/www.organisator.ch\\\/management\\\/2024-07-04\\\/management-experte-bani-ist-in-vuca-out\\\/#primaryimage\"},\"image\":{\"@id\":\"https:\\\/\\\/www.organisator.ch\\\/management\\\/2024-07-04\\\/management-experte-bani-ist-in-vuca-out\\\/#primaryimage\"},\"thumbnailUrl\":\"https:\\\/\\\/www.organisator.ch\\\/wp-content\\\/uploads\\\/2024\\\/07\\\/BANI-loest-VUCA-ab_Bild1_ps.jpg\",\"datePublished\":\"2024-07-04T07:06:51+00:00\",\"description\":\"VUCA ist \u00fcberholt, jetzt gilt f\u00fcr F\u00fchrungskr\u00e4fte das BANI-Prinzip. BANI steht f\u00fcr \u201ebrittle\u201c (br\u00fcchig), \u201eanxious\u201c (\u00e4ngstlich), \u201enon-linear\u201c (nicht linear) und \u201eincomprehensible\u201c (unverst\u00e4ndlich).\",\"breadcrumb\":{\"@id\":\"https:\\\/\\\/www.organisator.ch\\\/management\\\/2024-07-04\\\/management-experte-bani-ist-in-vuca-out\\\/#breadcrumb\"},\"inLanguage\":\"de\",\"potentialAction\":[{\"@type\":\"ReadAction\",\"target\":[\"https:\\\/\\\/www.organisator.ch\\\/management\\\/2024-07-04\\\/management-experte-bani-ist-in-vuca-out\\\/\"]}]},{\"@type\":\"ImageObject\",\"inLanguage\":\"de\",\"@id\":\"https:\\\/\\\/www.organisator.ch\\\/management\\\/2024-07-04\\\/management-experte-bani-ist-in-vuca-out\\\/#primaryimage\",\"url\":\"https:\\\/\\\/www.organisator.ch\\\/wp-content\\\/uploads\\\/2024\\\/07\\\/BANI-loest-VUCA-ab_Bild1_ps.jpg\",\"contentUrl\":\"https:\\\/\\\/www.organisator.ch\\\/wp-content\\\/uploads\\\/2024\\\/07\\\/BANI-loest-VUCA-ab_Bild1_ps.jpg\",\"width\":680,\"height\":481,\"caption\":\"BANI l\u00f6st VUCA ab. (Bild: Butterflymanager GmbH)\"},{\"@type\":\"BreadcrumbList\",\"@id\":\"https:\\\/\\\/www.organisator.ch\\\/management\\\/2024-07-04\\\/management-experte-bani-ist-in-vuca-out\\\/#breadcrumb\",\"itemListElement\":[{\"@type\":\"ListItem\",\"position\":1,\"name\":\"Home\",\"item\":\"https:\\\/\\\/www.organisator.ch\\\/\"},{\"@type\":\"ListItem\",\"position\":2,\"name\":\"Management-Experte: BANI ist \u201ein\u201c, VUCA \u201eout\u201c\"}]},{\"@type\":\"WebSite\",\"@id\":\"https:\\\/\\\/www.organisator.ch\\\/#website\",\"url\":\"https:\\\/\\\/www.organisator.ch\\\/\",\"name\":\"Organisator\",\"description\":\"Kompetent. Praxisnah. Der ORGANISATOR bereitet in 10 Ausgaben pro Jahr die wesentlichen Themen f\u00fcr F\u00fchrungskr\u00e4fte von KMU auf.\",\"publisher\":{\"@id\":\"https:\\\/\\\/www.organisator.ch\\\/#organization\"},\"potentialAction\":[{\"@type\":\"SearchAction\",\"target\":{\"@type\":\"EntryPoint\",\"urlTemplate\":\"https:\\\/\\\/www.organisator.ch\\\/?s={search_term_string}\"},\"query-input\":{\"@type\":\"PropertyValueSpecification\",\"valueRequired\":true,\"valueName\":\"search_term_string\"}}],\"inLanguage\":\"de\"},{\"@type\":\"Organization\",\"@id\":\"https:\\\/\\\/www.organisator.ch\\\/#organization\",\"name\":\"Organisator\",\"url\":\"https:\\\/\\\/www.organisator.ch\\\/\",\"logo\":{\"@type\":\"ImageObject\",\"inLanguage\":\"de\",\"@id\":\"https:\\\/\\\/www.organisator.ch\\\/#\\\/schema\\\/logo\\\/image\\\/\",\"url\":\"https:\\\/\\\/www.organisator.ch\\\/wp-content\\\/uploads\\\/2022\\\/01\\\/Logo_Organisator_Website.png\",\"contentUrl\":\"https:\\\/\\\/www.organisator.ch\\\/wp-content\\\/uploads\\\/2022\\\/01\\\/Logo_Organisator_Website.png\",\"width\":800,\"height\":77,\"caption\":\"Organisator\"},\"image\":{\"@id\":\"https:\\\/\\\/www.organisator.ch\\\/#\\\/schema\\\/logo\\\/image\\\/\"},\"sameAs\":[\"https:\\\/\\\/www.facebook.com\\\/OrganisatorFachmagazin\",\"https:\\\/\\\/www.linkedin.com\\\/showcase\\\/organisator-das-magazin-fr-kmu\",\"https:\\\/\\\/www.xing.com\\\/news\\\/pages\\\/organisator-ch-695\",\"https:\\\/\\\/www.youtube.com\\\/channel\\\/UCGP2Sq0iWaZwT3BdIAQFYpw\"]},{\"@type\":\"Person\",\"@id\":\"https:\\\/\\\/www.organisator.ch\\\/#\\\/schema\\\/person\\\/2e1314a2172123f874db408d8911d3f3\",\"name\":\"Adelisa Kalajdzini\",\"image\":{\"@type\":\"ImageObject\",\"inLanguage\":\"de\",\"@id\":\"https:\\\/\\\/secure.gravatar.com\\\/avatar\\\/09a397c22ac58cad6f160ee8306348599df9df58a8ede73696226897b9fa4b24?s=96&d=mm&r=g\",\"url\":\"https:\\\/\\\/secure.gravatar.com\\\/avatar\\\/09a397c22ac58cad6f160ee8306348599df9df58a8ede73696226897b9fa4b24?s=96&d=mm&r=g\",\"contentUrl\":\"https:\\\/\\\/secure.gravatar.com\\\/avatar\\\/09a397c22ac58cad6f160ee8306348599df9df58a8ede73696226897b9fa4b24?s=96&d=mm&r=g\",\"caption\":\"Adelisa Kalajdzini\"},\"url\":\"https:\\\/\\\/www.organisator.ch\\\/de\\\/author\\\/adelisa-kalajdzini\\\/\"}]}<\/script>\n<!-- \/ Yoast SEO plugin. -->","yoast_head_json":{"title":"Management-Experte: BANI ist \u201ein\u201c, VUCA \u201eout\u201c - Organisator","description":"VUCA ist \u00fcberholt, jetzt gilt f\u00fcr F\u00fchrungskr\u00e4fte das BANI-Prinzip. BANI steht f\u00fcr \u201ebrittle\u201c (br\u00fcchig), \u201eanxious\u201c (\u00e4ngstlich), \u201enon-linear\u201c (nicht linear) und \u201eincomprehensible\u201c (unverst\u00e4ndlich).","robots":{"index":"index","follow":"follow","max-snippet":"max-snippet:-1","max-image-preview":"max-image-preview:large","max-video-preview":"max-video-preview:-1"},"canonical":"https:\/\/www.organisator.ch\/de\/management\/2024-07-04\/management-experte-bani-ist-in-vuca-out\/","og_locale":"de_DE","og_type":"article","og_title":"Management-Experte: BANI ist \u201ein\u201c, VUCA \u201eout\u201c","og_description":"VUCA ist \u00fcberholt, jetzt gilt f\u00fcr F\u00fchrungskr\u00e4fte das BANI-Prinzip. BANI steht f\u00fcr \u201ebrittle\u201c (br\u00fcchig), \u201eanxious\u201c (\u00e4ngstlich), \u201enon-linear\u201c (nicht linear) und \u201eincomprehensible\u201c (unverst\u00e4ndlich).","og_url":"https:\/\/www.organisator.ch\/de\/management\/2024-07-04\/management-experte-bani-ist-in-vuca-out\/","og_site_name":"Organisator","article_publisher":"https:\/\/www.facebook.com\/OrganisatorFachmagazin","article_published_time":"2024-07-04T07:06:51+00:00","og_image":[{"width":680,"height":481,"url":"https:\/\/www.organisator.ch\/wp-content\/uploads\/2024\/07\/BANI-loest-VUCA-ab_Bild1_ps.jpg","type":"image\/jpeg"}],"author":"Adelisa Kalajdzini","twitter_card":"summary_large_image","twitter_title":"Management-Experte: BANI ist \u201ein\u201c, VUCA \u201eout\u201c","twitter_description":"#VUCA ist \u00fcberholt, jetzt gilt f\u00fcr #F\u00fchrungskr\u00e4fte das #BANI-Prinzip. BANI steht f\u00fcr \u201ebrittle\u201c (br\u00fcchig), \u201eanxious\u201c (\u00e4ngstlich), \u201enon-linear\u201c (nicht linear) und \u201eincomprehensible\u201c (unverst\u00e4ndlich).","twitter_image":"https:\/\/www.organisator.ch\/wp-content\/uploads\/2024\/07\/BANI-loest-VUCA-ab_Bild1_ps.jpg","schema":{"@context":"https:\/\/schema.org","@graph":[{"@type":"Article","@id":"https:\/\/www.organisator.ch\/management\/2024-07-04\/management-experte-bani-ist-in-vuca-out\/#article","isPartOf":{"@id":"https:\/\/www.organisator.ch\/management\/2024-07-04\/management-experte-bani-ist-in-vuca-out\/"},"author":{"name":"Adelisa Kalajdzini","@id":"https:\/\/www.organisator.ch\/#\/schema\/person\/2e1314a2172123f874db408d8911d3f3"},"headline":"Management-Experte: BANI ist \u201ein\u201c, VUCA \u201eout\u201c","datePublished":"2024-07-04T07:06:51+00:00","mainEntityOfPage":{"@id":"https:\/\/www.organisator.ch\/management\/2024-07-04\/management-experte-bani-ist-in-vuca-out\/"},"wordCount":561,"publisher":{"@id":"https:\/\/www.organisator.ch\/#organization"},"image":{"@id":"https:\/\/www.organisator.ch\/management\/2024-07-04\/management-experte-bani-ist-in-vuca-out\/#primaryimage"},"thumbnailUrl":"https:\/\/www.organisator.ch\/wp-content\/uploads\/2024\/07\/BANI-loest-VUCA-ab_Bild1_ps.jpg","keywords":["KI","Management","Managementberater","Unternehmen"],"articleSection":["MANAGEMENT"],"inLanguage":"de"},{"@type":"WebPage","@id":"https:\/\/www.organisator.ch\/management\/2024-07-04\/management-experte-bani-ist-in-vuca-out\/","url":"https:\/\/www.organisator.ch\/management\/2024-07-04\/management-experte-bani-ist-in-vuca-out\/","name":"Management-Experte: BANI ist \u201ein\u201c, VUCA \u201eout\u201c - Organisator","isPartOf":{"@id":"https:\/\/www.organisator.ch\/#website"},"primaryImageOfPage":{"@id":"https:\/\/www.organisator.ch\/management\/2024-07-04\/management-experte-bani-ist-in-vuca-out\/#primaryimage"},"image":{"@id":"https:\/\/www.organisator.ch\/management\/2024-07-04\/management-experte-bani-ist-in-vuca-out\/#primaryimage"},"thumbnailUrl":"https:\/\/www.organisator.ch\/wp-content\/uploads\/2024\/07\/BANI-loest-VUCA-ab_Bild1_ps.jpg","datePublished":"2024-07-04T07:06:51+00:00","description":"VUCA ist \u00fcberholt, jetzt gilt f\u00fcr F\u00fchrungskr\u00e4fte das BANI-Prinzip. BANI steht f\u00fcr \u201ebrittle\u201c (br\u00fcchig), \u201eanxious\u201c (\u00e4ngstlich), \u201enon-linear\u201c (nicht linear) und \u201eincomprehensible\u201c (unverst\u00e4ndlich).","breadcrumb":{"@id":"https:\/\/www.organisator.ch\/management\/2024-07-04\/management-experte-bani-ist-in-vuca-out\/#breadcrumb"},"inLanguage":"de","potentialAction":[{"@type":"ReadAction","target":["https:\/\/www.organisator.ch\/management\/2024-07-04\/management-experte-bani-ist-in-vuca-out\/"]}]},{"@type":"ImageObject","inLanguage":"de","@id":"https:\/\/www.organisator.ch\/management\/2024-07-04\/management-experte-bani-ist-in-vuca-out\/#primaryimage","url":"https:\/\/www.organisator.ch\/wp-content\/uploads\/2024\/07\/BANI-loest-VUCA-ab_Bild1_ps.jpg","contentUrl":"https:\/\/www.organisator.ch\/wp-content\/uploads\/2024\/07\/BANI-loest-VUCA-ab_Bild1_ps.jpg","width":680,"height":481,"caption":"BANI l\u00f6st VUCA ab. (Bild: Butterflymanager GmbH)"},{"@type":"BreadcrumbList","@id":"https:\/\/www.organisator.ch\/management\/2024-07-04\/management-experte-bani-ist-in-vuca-out\/#breadcrumb","itemListElement":[{"@type":"ListItem","position":1,"name":"Home","item":"https:\/\/www.organisator.ch\/"},{"@type":"ListItem","position":2,"name":"Management-Experte: BANI ist \u201ein\u201c, VUCA \u201eout\u201c"}]},{"@type":"WebSite","@id":"https:\/\/www.organisator.ch\/#website","url":"https:\/\/www.organisator.ch\/","name":"Organisator","description":"Kompetent. Praxisnah. Der ORGANISATOR bereitet in 10 Ausgaben pro Jahr die wesentlichen Themen f\u00fcr F\u00fchrungskr\u00e4fte von KMU auf.","publisher":{"@id":"https:\/\/www.organisator.ch\/#organization"},"potentialAction":[{"@type":"SearchAction","target":{"@type":"EntryPoint","urlTemplate":"https:\/\/www.organisator.ch\/?s={search_term_string}"},"query-input":{"@type":"PropertyValueSpecification","valueRequired":true,"valueName":"search_term_string"}}],"inLanguage":"de"},{"@type":"Organization","@id":"https:\/\/www.organisator.ch\/#organization","name":"Organisator","url":"https:\/\/www.organisator.ch\/","logo":{"@type":"ImageObject","inLanguage":"de","@id":"https:\/\/www.organisator.ch\/#\/schema\/logo\/image\/","url":"https:\/\/www.organisator.ch\/wp-content\/uploads\/2022\/01\/Logo_Organisator_Website.png","contentUrl":"https:\/\/www.organisator.ch\/wp-content\/uploads\/2022\/01\/Logo_Organisator_Website.png","width":800,"height":77,"caption":"Organisator"},"image":{"@id":"https:\/\/www.organisator.ch\/#\/schema\/logo\/image\/"},"sameAs":["https:\/\/www.facebook.com\/OrganisatorFachmagazin","https:\/\/www.linkedin.com\/showcase\/organisator-das-magazin-fr-kmu","https:\/\/www.xing.com\/news\/pages\/organisator-ch-695","https:\/\/www.youtube.com\/channel\/UCGP2Sq0iWaZwT3BdIAQFYpw"]},{"@type":"Person","@id":"https:\/\/www.organisator.ch\/#\/schema\/person\/2e1314a2172123f874db408d8911d3f3","name":"Adelisa Kalajdzini","image":{"@type":"ImageObject","inLanguage":"de","@id":"https:\/\/secure.gravatar.com\/avatar\/09a397c22ac58cad6f160ee8306348599df9df58a8ede73696226897b9fa4b24?s=96&d=mm&r=g","url":"https:\/\/secure.gravatar.com\/avatar\/09a397c22ac58cad6f160ee8306348599df9df58a8ede73696226897b9fa4b24?s=96&d=mm&r=g","contentUrl":"https:\/\/secure.gravatar.com\/avatar\/09a397c22ac58cad6f160ee8306348599df9df58a8ede73696226897b9fa4b24?s=96&d=mm&r=g","caption":"Adelisa Kalajdzini"},"url":"https:\/\/www.organisator.ch\/de\/author\/adelisa-kalajdzini\/"}]}},"_links":{"self":[{"href":"https:\/\/www.organisator.ch\/de\/wp-json\/wp\/v2\/posts\/28250","targetHints":{"allow":["GET"]}}],"collection":[{"href":"https:\/\/www.organisator.ch\/de\/wp-json\/wp\/v2\/posts"}],"about":[{"href":"https:\/\/www.organisator.ch\/de\/wp-json\/wp\/v2\/types\/post"}],"author":[{"embeddable":true,"href":"https:\/\/www.organisator.ch\/de\/wp-json\/wp\/v2\/users\/58"}],"replies":[{"embeddable":true,"href":"https:\/\/www.organisator.ch\/de\/wp-json\/wp\/v2\/comments?post=28250"}],"version-history":[{"count":5,"href":"https:\/\/www.organisator.ch\/de\/wp-json\/wp\/v2\/posts\/28250\/revisions"}],"predecessor-version":[{"id":28303,"href":"https:\/\/www.organisator.ch\/de\/wp-json\/wp\/v2\/posts\/28250\/revisions\/28303"}],"wp:featuredmedia":[{"embeddable":true,"href":"https:\/\/www.organisator.ch\/de\/wp-json\/wp\/v2\/media\/28252"}],"wp:attachment":[{"href":"https:\/\/www.organisator.ch\/de\/wp-json\/wp\/v2\/media?parent=28250"}],"wp:term":[{"taxonomy":"category","embeddable":true,"href":"https:\/\/www.organisator.ch\/de\/wp-json\/wp\/v2\/categories?post=28250"},{"taxonomy":"post_tag","embeddable":true,"href":"https:\/\/www.organisator.ch\/de\/wp-json\/wp\/v2\/tags?post=28250"}],"curies":[{"name":"wp","href":"https:\/\/api.w.org\/{rel}","templated":true}]}}