{"id":28261,"date":"2024-07-04T10:23:08","date_gmt":"2024-07-04T08:23:08","guid":{"rendered":"https:\/\/www.werbewoche.ch\/?p=217638"},"modified":"2024-11-10T04:18:29","modified_gmt":"2024-11-10T03:18:29","slug":"neue-leiterin-kommunikation-und-marketing-bei-digitalswitzerland","status":"publish","type":"post","link":"https:\/\/www.organisator.ch\/de\/marketing\/2024-07-04\/neue-leiterin-kommunikation-und-marketing-bei-digitalswitzerland\/","title":{"rendered":"Neue Leiterin Kommunikation und Marketing bei Digitalswitzerland"},"content":{"rendered":"<p><img class=\"alignnone wp-image-217642 size-full\" src=\"https:\/\/www.werbewoche.ch\/wp-content\/uploads\/2024\/07\/Bild_Lady-1.jpg\" alt=\"Ottavia Masserini\" width=\"452\" height=\"301\" \/>Ottavia Masserini bringt Erfahrung als Mediensprecherin und Kommunikationsexpertin bei der Schweizerischen Bundesbahn (SBB) mit, wo sie von 2017 bis 2021 in der Unternehmenskommunikation und \u00d6ffentlichkeitsarbeit in den drei grossen Sprachregionen t\u00e4tig war. In den letzten drei Jahren hat sie als Chief of Staff die Stabsstelle der Immobilienabteilung der SBB geleitet, wo sie ihre strategischen, regulatorischen und prozessualen Kenntnisse vertiefen konnte.<\/p>\r\n<p>Ottavia Masserini wird die Kommunikations- und Marketingabteilung bei Digitalswitzerland unter dem aktuellen CEO Stefan Metzger antreten und den Wechsel zur designierten CEO Franziska Barmettler kommunikativ begleiten, die ihr Amt per 1. November antritt. Die 36-j\u00e4hrige freut sich auf die neue Aufgabe: \u00abDigitalisierungsthemen besch\u00e4ftigen Gesellschaft, Politik und Wirtschaft heute wie nie zuvor. Ich freue mich, mit einem fachlich starken Team die digitale Entwicklung der Schweiz kommunikativ zu begleiten\u00bb.<\/p>\r\n<p>CEO Stefan Metzger und Pr\u00e4sident Andreas Meyer danken dem abtretenden Leiter Kommunikation und Marketing, Thomas Weidmann, f\u00fcr sein grosses Engagement bei Digitalswitzerland.<\/p>","protected":false},"excerpt":{"rendered":"<p>Ottavia Masserini wird ihr Amt als Leiterin der Abteilung Kommunikation und Marketing bei Digitalswitzerland per 1. Oktober antreten.<\/p>\n","protected":false},"author":8,"featured_media":0,"comment_status":"closed","ping_status":"closed","sticky":false,"template":"","format":"standard","meta":{"_acf_changed":false,"_yoast_wpseo_focuskw":"Ottavia Masserini","_yoast_wpseo_metadesc":"Ottavia Masserini \u00fcbernimmt Kommunikations- und Marketingabteilung bei Digitalswitzerland. Digitalisierung in der Schweiz im Fokus.","articlekey":"","footnotes":""},"categories":[29],"tags":[2853,308,339,4297],"class_list":["post-28261","post","type-post","status-publish","format-standard","hentry","category-marketing","tag-jobchange","tag-kommunikation","tag-marketing","tag-marketing-und-kommunikation"],"acf":[],"yoast_head":"<!-- This site is optimized with the Yoast SEO plugin v27.5 - https:\/\/yoast.com\/product\/yoast-seo-wordpress\/ -->\n<title>Neue Leiterin Kommunikation und Marketing bei Digitalswitzerland - Organisator<\/title>\n<meta name=\"description\" content=\"Ottavia Masserini \u00fcbernimmt Kommunikations- und Marketingabteilung bei Digitalswitzerland. Digitalisierung in der Schweiz im Fokus.\" \/>\n<meta name=\"robots\" content=\"index, follow, max-snippet:-1, max-image-preview:large, max-video-preview:-1\" \/>\n<link rel=\"canonical\" href=\"https:\/\/www.organisator.ch\/de\/marketing\/2024-07-04\/neue-leiterin-kommunikation-und-marketing-bei-digitalswitzerland\/\" \/>\n<meta property=\"og:locale\" content=\"de_DE\" \/>\n<meta property=\"og:type\" content=\"article\" \/>\n<meta property=\"og:title\" content=\"Neue Leiterin Kommunikation und Marketing bei Digitalswitzerland - Organisator\" \/>\n<meta property=\"og:description\" content=\"Ottavia Masserini \u00fcbernimmt Kommunikations- und Marketingabteilung bei Digitalswitzerland. Digitalisierung in der Schweiz im Fokus.\" \/>\n<meta property=\"og:url\" content=\"https:\/\/www.organisator.ch\/de\/marketing\/2024-07-04\/neue-leiterin-kommunikation-und-marketing-bei-digitalswitzerland\/\" \/>\n<meta property=\"og:site_name\" content=\"Organisator\" \/>\n<meta property=\"article:publisher\" content=\"https:\/\/www.facebook.com\/OrganisatorFachmagazin\" \/>\n<meta property=\"article:published_time\" content=\"2024-07-04T08:23:08+00:00\" \/>\n<meta property=\"article:modified_time\" content=\"2024-11-10T03:18:29+00:00\" \/>\n<meta property=\"og:image\" content=\"https:\/\/www.werbewoche.ch\/wp-content\/uploads\/2024\/07\/Bild_Lady-1.jpg\" \/>\n<meta name=\"author\" content=\"galledia\" \/>\n<meta name=\"twitter:card\" content=\"summary_large_image\" \/>\n<meta name=\"twitter:creator\" content=\"@admin\" \/>\n<script type=\"application\/ld+json\" class=\"yoast-schema-graph\">{\"@context\":\"https:\\\/\\\/schema.org\",\"@graph\":[{\"@type\":\"Article\",\"@id\":\"https:\\\/\\\/www.organisator.ch\\\/marketing\\\/2024-07-04\\\/neue-leiterin-kommunikation-und-marketing-bei-digitalswitzerland\\\/#article\",\"isPartOf\":{\"@id\":\"https:\\\/\\\/www.organisator.ch\\\/marketing\\\/2024-07-04\\\/neue-leiterin-kommunikation-und-marketing-bei-digitalswitzerland\\\/\"},\"author\":{\"name\":\"galledia\",\"@id\":\"https:\\\/\\\/www.organisator.ch\\\/#\\\/schema\\\/person\\\/4e51799071cd2dd1232ac003643ef5f0\"},\"headline\":\"Neue Leiterin Kommunikation und Marketing bei Digitalswitzerland\",\"datePublished\":\"2024-07-04T08:23:08+00:00\",\"dateModified\":\"2024-11-10T03:18:29+00:00\",\"mainEntityOfPage\":{\"@id\":\"https:\\\/\\\/www.organisator.ch\\\/marketing\\\/2024-07-04\\\/neue-leiterin-kommunikation-und-marketing-bei-digitalswitzerland\\\/\"},\"wordCount\":158,\"publisher\":{\"@id\":\"https:\\\/\\\/www.organisator.ch\\\/#organization\"},\"image\":{\"@id\":\"https:\\\/\\\/www.organisator.ch\\\/marketing\\\/2024-07-04\\\/neue-leiterin-kommunikation-und-marketing-bei-digitalswitzerland\\\/#primaryimage\"},\"thumbnailUrl\":\"https:\\\/\\\/www.werbewoche.ch\\\/wp-content\\\/uploads\\\/2024\\\/07\\\/Bild_Lady-1.jpg\",\"keywords\":[\"Jobchange\",\"Kommunikation\",\"Marketing\",\"Marketing und Kommunikation\"],\"articleSection\":[\"MARKETING\"],\"inLanguage\":\"de\"},{\"@type\":\"WebPage\",\"@id\":\"https:\\\/\\\/www.organisator.ch\\\/marketing\\\/2024-07-04\\\/neue-leiterin-kommunikation-und-marketing-bei-digitalswitzerland\\\/\",\"url\":\"https:\\\/\\\/www.organisator.ch\\\/marketing\\\/2024-07-04\\\/neue-leiterin-kommunikation-und-marketing-bei-digitalswitzerland\\\/\",\"name\":\"Neue Leiterin Kommunikation und Marketing bei Digitalswitzerland - Organisator\",\"isPartOf\":{\"@id\":\"https:\\\/\\\/www.organisator.ch\\\/#website\"},\"primaryImageOfPage\":{\"@id\":\"https:\\\/\\\/www.organisator.ch\\\/marketing\\\/2024-07-04\\\/neue-leiterin-kommunikation-und-marketing-bei-digitalswitzerland\\\/#primaryimage\"},\"image\":{\"@id\":\"https:\\\/\\\/www.organisator.ch\\\/marketing\\\/2024-07-04\\\/neue-leiterin-kommunikation-und-marketing-bei-digitalswitzerland\\\/#primaryimage\"},\"thumbnailUrl\":\"https:\\\/\\\/www.werbewoche.ch\\\/wp-content\\\/uploads\\\/2024\\\/07\\\/Bild_Lady-1.jpg\",\"datePublished\":\"2024-07-04T08:23:08+00:00\",\"dateModified\":\"2024-11-10T03:18:29+00:00\",\"description\":\"Ottavia Masserini \u00fcbernimmt Kommunikations- und Marketingabteilung bei Digitalswitzerland. Digitalisierung in der Schweiz im Fokus.\",\"breadcrumb\":{\"@id\":\"https:\\\/\\\/www.organisator.ch\\\/marketing\\\/2024-07-04\\\/neue-leiterin-kommunikation-und-marketing-bei-digitalswitzerland\\\/#breadcrumb\"},\"inLanguage\":\"de\",\"potentialAction\":[{\"@type\":\"ReadAction\",\"target\":[\"https:\\\/\\\/www.organisator.ch\\\/marketing\\\/2024-07-04\\\/neue-leiterin-kommunikation-und-marketing-bei-digitalswitzerland\\\/\"]}]},{\"@type\":\"ImageObject\",\"inLanguage\":\"de\",\"@id\":\"https:\\\/\\\/www.organisator.ch\\\/marketing\\\/2024-07-04\\\/neue-leiterin-kommunikation-und-marketing-bei-digitalswitzerland\\\/#primaryimage\",\"url\":\"https:\\\/\\\/www.werbewoche.ch\\\/wp-content\\\/uploads\\\/2024\\\/07\\\/Bild_Lady-1.jpg\",\"contentUrl\":\"https:\\\/\\\/www.werbewoche.ch\\\/wp-content\\\/uploads\\\/2024\\\/07\\\/Bild_Lady-1.jpg\"},{\"@type\":\"BreadcrumbList\",\"@id\":\"https:\\\/\\\/www.organisator.ch\\\/marketing\\\/2024-07-04\\\/neue-leiterin-kommunikation-und-marketing-bei-digitalswitzerland\\\/#breadcrumb\",\"itemListElement\":[{\"@type\":\"ListItem\",\"position\":1,\"name\":\"Home\",\"item\":\"https:\\\/\\\/www.organisator.ch\\\/\"},{\"@type\":\"ListItem\",\"position\":2,\"name\":\"Neue Leiterin Kommunikation und Marketing bei Digitalswitzerland\"}]},{\"@type\":\"WebSite\",\"@id\":\"https:\\\/\\\/www.organisator.ch\\\/#website\",\"url\":\"https:\\\/\\\/www.organisator.ch\\\/\",\"name\":\"Organisator\",\"description\":\"Kompetent. Praxisnah. Der ORGANISATOR bereitet in 10 Ausgaben pro Jahr die wesentlichen Themen f\u00fcr F\u00fchrungskr\u00e4fte von KMU auf.\",\"publisher\":{\"@id\":\"https:\\\/\\\/www.organisator.ch\\\/#organization\"},\"potentialAction\":[{\"@type\":\"SearchAction\",\"target\":{\"@type\":\"EntryPoint\",\"urlTemplate\":\"https:\\\/\\\/www.organisator.ch\\\/?s={search_term_string}\"},\"query-input\":{\"@type\":\"PropertyValueSpecification\",\"valueRequired\":true,\"valueName\":\"search_term_string\"}}],\"inLanguage\":\"de\"},{\"@type\":\"Organization\",\"@id\":\"https:\\\/\\\/www.organisator.ch\\\/#organization\",\"name\":\"Organisator\",\"url\":\"https:\\\/\\\/www.organisator.ch\\\/\",\"logo\":{\"@type\":\"ImageObject\",\"inLanguage\":\"de\",\"@id\":\"https:\\\/\\\/www.organisator.ch\\\/#\\\/schema\\\/logo\\\/image\\\/\",\"url\":\"https:\\\/\\\/www.organisator.ch\\\/wp-content\\\/uploads\\\/2022\\\/01\\\/Logo_Organisator_Website.png\",\"contentUrl\":\"https:\\\/\\\/www.organisator.ch\\\/wp-content\\\/uploads\\\/2022\\\/01\\\/Logo_Organisator_Website.png\",\"width\":800,\"height\":77,\"caption\":\"Organisator\"},\"image\":{\"@id\":\"https:\\\/\\\/www.organisator.ch\\\/#\\\/schema\\\/logo\\\/image\\\/\"},\"sameAs\":[\"https:\\\/\\\/www.facebook.com\\\/OrganisatorFachmagazin\",\"https:\\\/\\\/www.linkedin.com\\\/showcase\\\/organisator-das-magazin-fr-kmu\",\"https:\\\/\\\/www.xing.com\\\/news\\\/pages\\\/organisator-ch-695\",\"https:\\\/\\\/www.youtube.com\\\/channel\\\/UCGP2Sq0iWaZwT3BdIAQFYpw\"]},{\"@type\":\"Person\",\"@id\":\"https:\\\/\\\/www.organisator.ch\\\/#\\\/schema\\\/person\\\/4e51799071cd2dd1232ac003643ef5f0\",\"name\":\"galledia\",\"image\":{\"@type\":\"ImageObject\",\"inLanguage\":\"de\",\"@id\":\"https:\\\/\\\/secure.gravatar.com\\\/avatar\\\/78a7f90c01fc2bfc875782a0d4922b37cde2cf184ce347b91316d23cd7f69a36?s=96&d=mm&r=g\",\"url\":\"https:\\\/\\\/secure.gravatar.com\\\/avatar\\\/78a7f90c01fc2bfc875782a0d4922b37cde2cf184ce347b91316d23cd7f69a36?s=96&d=mm&r=g\",\"contentUrl\":\"https:\\\/\\\/secure.gravatar.com\\\/avatar\\\/78a7f90c01fc2bfc875782a0d4922b37cde2cf184ce347b91316d23cd7f69a36?s=96&d=mm&r=g\",\"caption\":\"galledia\"},\"sameAs\":[\"https:\\\/\\\/x.com\\\/admin\"],\"url\":\"https:\\\/\\\/www.organisator.ch\\\/de\\\/author\\\/galledia\\\/\"}]}<\/script>\n<!-- \/ Yoast SEO plugin. -->","yoast_head_json":{"title":"Neue Leiterin Kommunikation und Marketing bei Digitalswitzerland - Organisator","description":"Ottavia Masserini \u00fcbernimmt Kommunikations- und Marketingabteilung bei Digitalswitzerland. Digitalisierung in der Schweiz im Fokus.","robots":{"index":"index","follow":"follow","max-snippet":"max-snippet:-1","max-image-preview":"max-image-preview:large","max-video-preview":"max-video-preview:-1"},"canonical":"https:\/\/www.organisator.ch\/de\/marketing\/2024-07-04\/neue-leiterin-kommunikation-und-marketing-bei-digitalswitzerland\/","og_locale":"de_DE","og_type":"article","og_title":"Neue Leiterin Kommunikation und Marketing bei Digitalswitzerland - Organisator","og_description":"Ottavia Masserini \u00fcbernimmt Kommunikations- und Marketingabteilung bei Digitalswitzerland. Digitalisierung in der Schweiz im Fokus.","og_url":"https:\/\/www.organisator.ch\/de\/marketing\/2024-07-04\/neue-leiterin-kommunikation-und-marketing-bei-digitalswitzerland\/","og_site_name":"Organisator","article_publisher":"https:\/\/www.facebook.com\/OrganisatorFachmagazin","article_published_time":"2024-07-04T08:23:08+00:00","article_modified_time":"2024-11-10T03:18:29+00:00","og_image":[{"url":"https:\/\/www.werbewoche.ch\/wp-content\/uploads\/2024\/07\/Bild_Lady-1.jpg","type":"","width":"","height":""}],"author":"galledia","twitter_card":"summary_large_image","twitter_creator":"@admin","schema":{"@context":"https:\/\/schema.org","@graph":[{"@type":"Article","@id":"https:\/\/www.organisator.ch\/marketing\/2024-07-04\/neue-leiterin-kommunikation-und-marketing-bei-digitalswitzerland\/#article","isPartOf":{"@id":"https:\/\/www.organisator.ch\/marketing\/2024-07-04\/neue-leiterin-kommunikation-und-marketing-bei-digitalswitzerland\/"},"author":{"name":"galledia","@id":"https:\/\/www.organisator.ch\/#\/schema\/person\/4e51799071cd2dd1232ac003643ef5f0"},"headline":"Neue Leiterin Kommunikation und Marketing bei Digitalswitzerland","datePublished":"2024-07-04T08:23:08+00:00","dateModified":"2024-11-10T03:18:29+00:00","mainEntityOfPage":{"@id":"https:\/\/www.organisator.ch\/marketing\/2024-07-04\/neue-leiterin-kommunikation-und-marketing-bei-digitalswitzerland\/"},"wordCount":158,"publisher":{"@id":"https:\/\/www.organisator.ch\/#organization"},"image":{"@id":"https:\/\/www.organisator.ch\/marketing\/2024-07-04\/neue-leiterin-kommunikation-und-marketing-bei-digitalswitzerland\/#primaryimage"},"thumbnailUrl":"https:\/\/www.werbewoche.ch\/wp-content\/uploads\/2024\/07\/Bild_Lady-1.jpg","keywords":["Jobchange","Kommunikation","Marketing","Marketing und Kommunikation"],"articleSection":["MARKETING"],"inLanguage":"de"},{"@type":"WebPage","@id":"https:\/\/www.organisator.ch\/marketing\/2024-07-04\/neue-leiterin-kommunikation-und-marketing-bei-digitalswitzerland\/","url":"https:\/\/www.organisator.ch\/marketing\/2024-07-04\/neue-leiterin-kommunikation-und-marketing-bei-digitalswitzerland\/","name":"Neue Leiterin Kommunikation und Marketing bei Digitalswitzerland - Organisator","isPartOf":{"@id":"https:\/\/www.organisator.ch\/#website"},"primaryImageOfPage":{"@id":"https:\/\/www.organisator.ch\/marketing\/2024-07-04\/neue-leiterin-kommunikation-und-marketing-bei-digitalswitzerland\/#primaryimage"},"image":{"@id":"https:\/\/www.organisator.ch\/marketing\/2024-07-04\/neue-leiterin-kommunikation-und-marketing-bei-digitalswitzerland\/#primaryimage"},"thumbnailUrl":"https:\/\/www.werbewoche.ch\/wp-content\/uploads\/2024\/07\/Bild_Lady-1.jpg","datePublished":"2024-07-04T08:23:08+00:00","dateModified":"2024-11-10T03:18:29+00:00","description":"Ottavia Masserini \u00fcbernimmt Kommunikations- und Marketingabteilung bei Digitalswitzerland. Digitalisierung in der Schweiz im Fokus.","breadcrumb":{"@id":"https:\/\/www.organisator.ch\/marketing\/2024-07-04\/neue-leiterin-kommunikation-und-marketing-bei-digitalswitzerland\/#breadcrumb"},"inLanguage":"de","potentialAction":[{"@type":"ReadAction","target":["https:\/\/www.organisator.ch\/marketing\/2024-07-04\/neue-leiterin-kommunikation-und-marketing-bei-digitalswitzerland\/"]}]},{"@type":"ImageObject","inLanguage":"de","@id":"https:\/\/www.organisator.ch\/marketing\/2024-07-04\/neue-leiterin-kommunikation-und-marketing-bei-digitalswitzerland\/#primaryimage","url":"https:\/\/www.werbewoche.ch\/wp-content\/uploads\/2024\/07\/Bild_Lady-1.jpg","contentUrl":"https:\/\/www.werbewoche.ch\/wp-content\/uploads\/2024\/07\/Bild_Lady-1.jpg"},{"@type":"BreadcrumbList","@id":"https:\/\/www.organisator.ch\/marketing\/2024-07-04\/neue-leiterin-kommunikation-und-marketing-bei-digitalswitzerland\/#breadcrumb","itemListElement":[{"@type":"ListItem","position":1,"name":"Home","item":"https:\/\/www.organisator.ch\/"},{"@type":"ListItem","position":2,"name":"Neue Leiterin Kommunikation und Marketing bei Digitalswitzerland"}]},{"@type":"WebSite","@id":"https:\/\/www.organisator.ch\/#website","url":"https:\/\/www.organisator.ch\/","name":"Organisator","description":"Kompetent. Praxisnah. Der ORGANISATOR bereitet in 10 Ausgaben pro Jahr die wesentlichen Themen f\u00fcr F\u00fchrungskr\u00e4fte von KMU auf.","publisher":{"@id":"https:\/\/www.organisator.ch\/#organization"},"potentialAction":[{"@type":"SearchAction","target":{"@type":"EntryPoint","urlTemplate":"https:\/\/www.organisator.ch\/?s={search_term_string}"},"query-input":{"@type":"PropertyValueSpecification","valueRequired":true,"valueName":"search_term_string"}}],"inLanguage":"de"},{"@type":"Organization","@id":"https:\/\/www.organisator.ch\/#organization","name":"Organisator","url":"https:\/\/www.organisator.ch\/","logo":{"@type":"ImageObject","inLanguage":"de","@id":"https:\/\/www.organisator.ch\/#\/schema\/logo\/image\/","url":"https:\/\/www.organisator.ch\/wp-content\/uploads\/2022\/01\/Logo_Organisator_Website.png","contentUrl":"https:\/\/www.organisator.ch\/wp-content\/uploads\/2022\/01\/Logo_Organisator_Website.png","width":800,"height":77,"caption":"Organisator"},"image":{"@id":"https:\/\/www.organisator.ch\/#\/schema\/logo\/image\/"},"sameAs":["https:\/\/www.facebook.com\/OrganisatorFachmagazin","https:\/\/www.linkedin.com\/showcase\/organisator-das-magazin-fr-kmu","https:\/\/www.xing.com\/news\/pages\/organisator-ch-695","https:\/\/www.youtube.com\/channel\/UCGP2Sq0iWaZwT3BdIAQFYpw"]},{"@type":"Person","@id":"https:\/\/www.organisator.ch\/#\/schema\/person\/4e51799071cd2dd1232ac003643ef5f0","name":"galledia","image":{"@type":"ImageObject","inLanguage":"de","@id":"https:\/\/secure.gravatar.com\/avatar\/78a7f90c01fc2bfc875782a0d4922b37cde2cf184ce347b91316d23cd7f69a36?s=96&d=mm&r=g","url":"https:\/\/secure.gravatar.com\/avatar\/78a7f90c01fc2bfc875782a0d4922b37cde2cf184ce347b91316d23cd7f69a36?s=96&d=mm&r=g","contentUrl":"https:\/\/secure.gravatar.com\/avatar\/78a7f90c01fc2bfc875782a0d4922b37cde2cf184ce347b91316d23cd7f69a36?s=96&d=mm&r=g","caption":"galledia"},"sameAs":["https:\/\/x.com\/admin"],"url":"https:\/\/www.organisator.ch\/de\/author\/galledia\/"}]}},"_links":{"self":[{"href":"https:\/\/www.organisator.ch\/de\/wp-json\/wp\/v2\/posts\/28261","targetHints":{"allow":["GET"]}}],"collection":[{"href":"https:\/\/www.organisator.ch\/de\/wp-json\/wp\/v2\/posts"}],"about":[{"href":"https:\/\/www.organisator.ch\/de\/wp-json\/wp\/v2\/types\/post"}],"author":[{"embeddable":true,"href":"https:\/\/www.organisator.ch\/de\/wp-json\/wp\/v2\/users\/8"}],"replies":[{"embeddable":true,"href":"https:\/\/www.organisator.ch\/de\/wp-json\/wp\/v2\/comments?post=28261"}],"version-history":[{"count":5,"href":"https:\/\/www.organisator.ch\/de\/wp-json\/wp\/v2\/posts\/28261\/revisions"}],"predecessor-version":[{"id":32132,"href":"https:\/\/www.organisator.ch\/de\/wp-json\/wp\/v2\/posts\/28261\/revisions\/32132"}],"wp:attachment":[{"href":"https:\/\/www.organisator.ch\/de\/wp-json\/wp\/v2\/media?parent=28261"}],"wp:term":[{"taxonomy":"category","embeddable":true,"href":"https:\/\/www.organisator.ch\/de\/wp-json\/wp\/v2\/categories?post=28261"},{"taxonomy":"post_tag","embeddable":true,"href":"https:\/\/www.organisator.ch\/de\/wp-json\/wp\/v2\/tags?post=28261"}],"curies":[{"name":"wp","href":"https:\/\/api.w.org\/{rel}","templated":true}]}}