{"id":283,"date":"2016-12-08T11:22:54","date_gmt":"2016-12-08T10:22:54","guid":{"rendered":"http:\/\/dev.organisator.ch\/?p=283"},"modified":"2016-12-08T11:22:54","modified_gmt":"2016-12-08T10:22:54","slug":"digicomp-hat-eine-neue-chefin","status":"publish","type":"post","link":"https:\/\/www.organisator.ch\/de\/allgemein\/2016-12-08\/digicomp-hat-eine-neue-chefin\/","title":{"rendered":"Digicomp hat eine neue Chefin"},"content":{"rendered":"<figure id=\"attachment_284\" aria-describedby=\"caption-attachment-284\" style=\"width: 480px\" class=\"wp-caption alignnone\"><img loading=\"lazy\" decoding=\"async\" class=\"size-full wp-image-284\" src=\"https:\/\/www.organisator.ch\/wp-content\/uploads\/2016\/12\/Digicomp-hat-eine-neue-Chefin-organisator.jpg\" alt=\"\" width=\"480\" height=\"486\" srcset=\"https:\/\/www.organisator.ch\/wp-content\/uploads\/2016\/12\/Digicomp-hat-eine-neue-Chefin-organisator.jpg 480w, https:\/\/www.organisator.ch\/wp-content\/uploads\/2016\/12\/Digicomp-hat-eine-neue-Chefin-organisator-12x12.jpg 12w, https:\/\/www.organisator.ch\/wp-content\/uploads\/2016\/12\/Digicomp-hat-eine-neue-Chefin-organisator-173x175.jpg 173w, https:\/\/www.organisator.ch\/wp-content\/uploads\/2016\/12\/Digicomp-hat-eine-neue-Chefin-organisator-346x350.jpg 346w, https:\/\/www.organisator.ch\/wp-content\/uploads\/2016\/12\/Digicomp-hat-eine-neue-Chefin-organisator-300x304.jpg 300w, https:\/\/www.organisator.ch\/wp-content\/uploads\/2016\/12\/Digicomp-hat-eine-neue-Chefin-organisator-100x100.jpg 100w\" sizes=\"auto, (max-width: 480px) 100vw, 480px\" \/><figcaption id=\"caption-attachment-284\" class=\"wp-caption-text\">Bak-Heang Ung, die neue CEO von Digicomp.<\/figcaption><\/figure>\n<p>Bak-Heang Ung \u00fcbernimmt als CEO den Vorsitz der Gesch\u00e4ftsleitung der Digicomp Gruppe; dazu geh\u00f6ren die Digicomp Academy AG, die Westschweizer Tochter Digicomp Academy Suisse Romande SA sowie die Mitte August 2016 \u00fcbernommene Somexcloud GmbH. Mit in der Gesch\u00e4ftsleitung wird Danko Petrovic als CIO die Digitalisierung der Digicomp Gruppe und deren Kunden-L\u00f6sungen vorantreiben.<\/p>\n<p>Die gr\u00f6ssten Herausforderungen f\u00fcr sein Team sieht Peter Kupper in der Digitalisierung der Lernangebote: \u00abWir sind daran, den passenden Mix aus digitalen Lerninhalten, Vertiefungsseminaren und Expertenaustausch so zu gestalten, dass alle Lerntypen und Lernanforderungen adressiert werden k\u00f6nnen. Mit unserer Gesamtl\u00f6sung f\u00fcr betriebliche Weiterbildung bringen wir das Wissen unserer Experten geografisch wie zeitlich nah an den Arbeitsplatz unserer Teilnehmer.\u00bb<\/p>\n<p>Peter Kupper bleibt Verwaltungsratspr\u00e4sident der Digicomp Gruppe. Er freut sich: \u00abMit Bak-Heang Ung hat Digicomp eine charismatische, gut vernetzte Pers\u00f6nlichkeit an der Spitze, die das Lern-Business kennt wie kaum eine andere. Sie wird als neue CEO in der herausfordernden Zeit der Digitalisierung die richtigen Impulse f\u00fcr eine erfolgreiche Zukunft der Digicomp setzen.\u00bb<\/p>\n<p><em><a href=\"http:\/\/www.digicomp.ch\" data-cke-saved-href=\"http:\/\/www.digicomp.ch\">www.digicomp.ch<\/a><\/em><\/p>\n","protected":false},"excerpt":{"rendered":"<p>Bak-Heang Ung \u00fcbernimmt als CEO den Vorsitz der Gesch\u00e4ftsleitung der Digicomp Gruppe; dazu geh\u00f6ren die Digicomp Academy AG, die Westschweizer Tochter Digicomp Academy Suisse Romande SA sowie die Mitte August 2016 \u00fcbernommene Somexcloud GmbH. Mit in der Gesch\u00e4ftsleitung wird Danko Petrovic als CIO die Digitalisierung der Digicomp Gruppe und deren Kunden-L\u00f6sungen vorantreiben. Die gr\u00f6ssten Herausforderungen [&hellip;]<\/p>\n","protected":false},"author":1,"featured_media":284,"comment_status":"open","ping_status":"open","sticky":false,"template":"","format":"standard","meta":{"_acf_changed":false,"_yoast_wpseo_focuskw":"Bak-Heang Ung","_yoast_wpseo_metadesc":"Digicomp hat eine neue Chefin: Nach 13 Jahren als CEO \u00fcbergibt Inhaber Peter Kupper per 1. Januar 2017 die operative F\u00fchrung der Digicomp an Bak-Heang Ung.","articlekey":"","footnotes":""},"categories":[1],"tags":[382,492],"class_list":["post-283","post","type-post","status-publish","format-standard","has-post-thumbnail","hentry","category-allgemein","tag-personalien","tag-unternehmen"],"acf":[],"yoast_head":"<!-- This site is optimized with the Yoast SEO plugin v27.4 - https:\/\/yoast.com\/product\/yoast-seo-wordpress\/ -->\n<title>Digicomp hat eine neue Chefin - Organisator<\/title>\n<meta name=\"description\" content=\"Digicomp hat eine neue Chefin: Nach 13 Jahren als CEO \u00fcbergibt Inhaber Peter Kupper per 1. Januar 2017 die operative F\u00fchrung der Digicomp an Bak-Heang Ung.\" \/>\n<meta name=\"robots\" content=\"index, follow, max-snippet:-1, max-image-preview:large, max-video-preview:-1\" \/>\n<link rel=\"canonical\" href=\"https:\/\/www.organisator.ch\/de\/allgemein\/2016-12-08\/digicomp-hat-eine-neue-chefin\/\" \/>\n<meta property=\"og:locale\" content=\"de_DE\" \/>\n<meta property=\"og:type\" content=\"article\" \/>\n<meta property=\"og:title\" content=\"Digicomp hat eine neue Chefin\" \/>\n<meta property=\"og:description\" content=\"Nach 13 Jahren als CEO \u00fcbergibt Inhaber Peter Kupper per 1. Januar 2017 die operative F\u00fchrung der Digicomp an Bak-Heang Ung und konzentriert sich auf die strategische Arbeit als VR-Pr\u00e4sident. Seit 2006 bei der Digicomp und seit 2011 Mitglied der Gesch\u00e4ftsleitung, garantiere Baki Ung Kontinuit\u00e4t in Strategie, Qualit\u00e4t und Kundenbetreuung, wie es heisst.\" \/>\n<meta property=\"og:url\" content=\"https:\/\/www.organisator.ch\/de\/allgemein\/2016-12-08\/digicomp-hat-eine-neue-chefin\/\" \/>\n<meta property=\"og:site_name\" content=\"Organisator\" \/>\n<meta property=\"article:publisher\" content=\"https:\/\/www.facebook.com\/OrganisatorFachmagazin\" \/>\n<meta property=\"article:published_time\" content=\"2016-12-08T10:22:54+00:00\" \/>\n<meta name=\"author\" content=\"admin\" \/>\n<meta name=\"twitter:card\" content=\"summary_large_image\" \/>\n<meta name=\"twitter:image\" content=\"https:\/\/www.organisator.ch\/wp-content\/uploads\/2016\/12\/Digicomp-hat-eine-neue-Chefin-organisator.jpg\" \/>\n<script type=\"application\/ld+json\" class=\"yoast-schema-graph\">{\"@context\":\"https:\\\/\\\/schema.org\",\"@graph\":[{\"@type\":\"Article\",\"@id\":\"https:\\\/\\\/www.organisator.ch\\\/en\\\/general\\\/2016-12-08\\\/digicomp-has-a-new-chief\\\/#article\",\"isPartOf\":{\"@id\":\"https:\\\/\\\/www.organisator.ch\\\/en\\\/general\\\/2016-12-08\\\/digicomp-has-a-new-chief\\\/\"},\"author\":{\"name\":\"admin\",\"@id\":\"https:\\\/\\\/www.organisator.ch\\\/#\\\/schema\\\/person\\\/aa2bace6c5c5aad60102004a50c4eb1c\"},\"headline\":\"Digicomp hat eine neue Chefin\",\"datePublished\":\"2016-12-08T10:22:54+00:00\",\"mainEntityOfPage\":{\"@id\":\"https:\\\/\\\/www.organisator.ch\\\/en\\\/general\\\/2016-12-08\\\/digicomp-has-a-new-chief\\\/\"},\"wordCount\":195,\"commentCount\":0,\"publisher\":{\"@id\":\"https:\\\/\\\/www.organisator.ch\\\/#organization\"},\"image\":{\"@id\":\"https:\\\/\\\/www.organisator.ch\\\/en\\\/general\\\/2016-12-08\\\/digicomp-has-a-new-chief\\\/#primaryimage\"},\"thumbnailUrl\":\"https:\\\/\\\/www.organisator.ch\\\/wp-content\\\/uploads\\\/2016\\\/12\\\/Digicomp-hat-eine-neue-Chefin-organisator.jpg\",\"keywords\":[\"Personalien\",\"Unternehmen\"],\"inLanguage\":\"de\"},{\"@type\":\"WebPage\",\"@id\":\"https:\\\/\\\/www.organisator.ch\\\/en\\\/general\\\/2016-12-08\\\/digicomp-has-a-new-chief\\\/\",\"url\":\"https:\\\/\\\/www.organisator.ch\\\/en\\\/general\\\/2016-12-08\\\/digicomp-has-a-new-chief\\\/\",\"name\":\"Digicomp hat eine neue Chefin - Organisator\",\"isPartOf\":{\"@id\":\"https:\\\/\\\/www.organisator.ch\\\/#website\"},\"primaryImageOfPage\":{\"@id\":\"https:\\\/\\\/www.organisator.ch\\\/en\\\/general\\\/2016-12-08\\\/digicomp-has-a-new-chief\\\/#primaryimage\"},\"image\":{\"@id\":\"https:\\\/\\\/www.organisator.ch\\\/en\\\/general\\\/2016-12-08\\\/digicomp-has-a-new-chief\\\/#primaryimage\"},\"thumbnailUrl\":\"https:\\\/\\\/www.organisator.ch\\\/wp-content\\\/uploads\\\/2016\\\/12\\\/Digicomp-hat-eine-neue-Chefin-organisator.jpg\",\"datePublished\":\"2016-12-08T10:22:54+00:00\",\"description\":\"Digicomp hat eine neue Chefin: Nach 13 Jahren als CEO \u00fcbergibt Inhaber Peter Kupper per 1. Januar 2017 die operative F\u00fchrung der Digicomp an Bak-Heang Ung.\",\"breadcrumb\":{\"@id\":\"https:\\\/\\\/www.organisator.ch\\\/en\\\/general\\\/2016-12-08\\\/digicomp-has-a-new-chief\\\/#breadcrumb\"},\"inLanguage\":\"de\",\"potentialAction\":[{\"@type\":\"ReadAction\",\"target\":[\"https:\\\/\\\/www.organisator.ch\\\/en\\\/general\\\/2016-12-08\\\/digicomp-has-a-new-chief\\\/\"]}]},{\"@type\":\"ImageObject\",\"inLanguage\":\"de\",\"@id\":\"https:\\\/\\\/www.organisator.ch\\\/en\\\/general\\\/2016-12-08\\\/digicomp-has-a-new-chief\\\/#primaryimage\",\"url\":\"https:\\\/\\\/www.organisator.ch\\\/wp-content\\\/uploads\\\/2016\\\/12\\\/Digicomp-hat-eine-neue-Chefin-organisator.jpg\",\"contentUrl\":\"https:\\\/\\\/www.organisator.ch\\\/wp-content\\\/uploads\\\/2016\\\/12\\\/Digicomp-hat-eine-neue-Chefin-organisator.jpg\",\"width\":480,\"height\":486,\"caption\":\"Bak-Heang Ung, die neue CEO von Digicomp.\"},{\"@type\":\"BreadcrumbList\",\"@id\":\"https:\\\/\\\/www.organisator.ch\\\/en\\\/general\\\/2016-12-08\\\/digicomp-has-a-new-chief\\\/#breadcrumb\",\"itemListElement\":[{\"@type\":\"ListItem\",\"position\":1,\"name\":\"Home\",\"item\":\"https:\\\/\\\/www.organisator.ch\\\/\"},{\"@type\":\"ListItem\",\"position\":2,\"name\":\"Digicomp hat eine neue Chefin\"}]},{\"@type\":\"WebSite\",\"@id\":\"https:\\\/\\\/www.organisator.ch\\\/#website\",\"url\":\"https:\\\/\\\/www.organisator.ch\\\/\",\"name\":\"Organisator\",\"description\":\"Kompetent. Praxisnah. Der ORGANISATOR bereitet in 10 Ausgaben pro Jahr die wesentlichen Themen f\u00fcr F\u00fchrungskr\u00e4fte von KMU auf.\",\"publisher\":{\"@id\":\"https:\\\/\\\/www.organisator.ch\\\/#organization\"},\"potentialAction\":[{\"@type\":\"SearchAction\",\"target\":{\"@type\":\"EntryPoint\",\"urlTemplate\":\"https:\\\/\\\/www.organisator.ch\\\/?s={search_term_string}\"},\"query-input\":{\"@type\":\"PropertyValueSpecification\",\"valueRequired\":true,\"valueName\":\"search_term_string\"}}],\"inLanguage\":\"de\"},{\"@type\":\"Organization\",\"@id\":\"https:\\\/\\\/www.organisator.ch\\\/#organization\",\"name\":\"Organisator\",\"url\":\"https:\\\/\\\/www.organisator.ch\\\/\",\"logo\":{\"@type\":\"ImageObject\",\"inLanguage\":\"de\",\"@id\":\"https:\\\/\\\/www.organisator.ch\\\/#\\\/schema\\\/logo\\\/image\\\/\",\"url\":\"https:\\\/\\\/www.organisator.ch\\\/wp-content\\\/uploads\\\/2022\\\/01\\\/Logo_Organisator_Website.png\",\"contentUrl\":\"https:\\\/\\\/www.organisator.ch\\\/wp-content\\\/uploads\\\/2022\\\/01\\\/Logo_Organisator_Website.png\",\"width\":800,\"height\":77,\"caption\":\"Organisator\"},\"image\":{\"@id\":\"https:\\\/\\\/www.organisator.ch\\\/#\\\/schema\\\/logo\\\/image\\\/\"},\"sameAs\":[\"https:\\\/\\\/www.facebook.com\\\/OrganisatorFachmagazin\",\"https:\\\/\\\/www.linkedin.com\\\/showcase\\\/organisator-das-magazin-fr-kmu\",\"https:\\\/\\\/www.xing.com\\\/news\\\/pages\\\/organisator-ch-695\",\"https:\\\/\\\/www.youtube.com\\\/channel\\\/UCGP2Sq0iWaZwT3BdIAQFYpw\"]},{\"@type\":\"Person\",\"@id\":\"https:\\\/\\\/www.organisator.ch\\\/#\\\/schema\\\/person\\\/aa2bace6c5c5aad60102004a50c4eb1c\",\"name\":\"admin\",\"image\":{\"@type\":\"ImageObject\",\"inLanguage\":\"de\",\"@id\":\"https:\\\/\\\/secure.gravatar.com\\\/avatar\\\/ae2f4d718e6c49043e314ce431e7e645d646302a24a5ef5a8bc8e3f5a032e319?s=96&d=mm&r=g\",\"url\":\"https:\\\/\\\/secure.gravatar.com\\\/avatar\\\/ae2f4d718e6c49043e314ce431e7e645d646302a24a5ef5a8bc8e3f5a032e319?s=96&d=mm&r=g\",\"contentUrl\":\"https:\\\/\\\/secure.gravatar.com\\\/avatar\\\/ae2f4d718e6c49043e314ce431e7e645d646302a24a5ef5a8bc8e3f5a032e319?s=96&d=mm&r=g\",\"caption\":\"admin\"},\"sameAs\":[\"https:\\\/\\\/www.organisator.ch\"],\"url\":\"https:\\\/\\\/www.organisator.ch\\\/de\\\/author\\\/admin\\\/\"}]}<\/script>\n<!-- \/ Yoast SEO plugin. -->","yoast_head_json":{"title":"Digicomp hat eine neue Chefin - Organisator","description":"Digicomp hat eine neue Chefin: Nach 13 Jahren als CEO \u00fcbergibt Inhaber Peter Kupper per 1. Januar 2017 die operative F\u00fchrung der Digicomp an Bak-Heang Ung.","robots":{"index":"index","follow":"follow","max-snippet":"max-snippet:-1","max-image-preview":"max-image-preview:large","max-video-preview":"max-video-preview:-1"},"canonical":"https:\/\/www.organisator.ch\/de\/allgemein\/2016-12-08\/digicomp-hat-eine-neue-chefin\/","og_locale":"de_DE","og_type":"article","og_title":"Digicomp hat eine neue Chefin","og_description":"Nach 13 Jahren als CEO \u00fcbergibt Inhaber Peter Kupper per 1. Januar 2017 die operative F\u00fchrung der Digicomp an Bak-Heang Ung und konzentriert sich auf die strategische Arbeit als VR-Pr\u00e4sident. Seit 2006 bei der Digicomp und seit 2011 Mitglied der Gesch\u00e4ftsleitung, garantiere Baki Ung Kontinuit\u00e4t in Strategie, Qualit\u00e4t und Kundenbetreuung, wie es heisst.","og_url":"https:\/\/www.organisator.ch\/de\/allgemein\/2016-12-08\/digicomp-hat-eine-neue-chefin\/","og_site_name":"Organisator","article_publisher":"https:\/\/www.facebook.com\/OrganisatorFachmagazin","article_published_time":"2016-12-08T10:22:54+00:00","author":"admin","twitter_card":"summary_large_image","twitter_image":"https:\/\/www.organisator.ch\/wp-content\/uploads\/2016\/12\/Digicomp-hat-eine-neue-Chefin-organisator.jpg","schema":{"@context":"https:\/\/schema.org","@graph":[{"@type":"Article","@id":"https:\/\/www.organisator.ch\/en\/general\/2016-12-08\/digicomp-has-a-new-chief\/#article","isPartOf":{"@id":"https:\/\/www.organisator.ch\/en\/general\/2016-12-08\/digicomp-has-a-new-chief\/"},"author":{"name":"admin","@id":"https:\/\/www.organisator.ch\/#\/schema\/person\/aa2bace6c5c5aad60102004a50c4eb1c"},"headline":"Digicomp hat eine neue Chefin","datePublished":"2016-12-08T10:22:54+00:00","mainEntityOfPage":{"@id":"https:\/\/www.organisator.ch\/en\/general\/2016-12-08\/digicomp-has-a-new-chief\/"},"wordCount":195,"commentCount":0,"publisher":{"@id":"https:\/\/www.organisator.ch\/#organization"},"image":{"@id":"https:\/\/www.organisator.ch\/en\/general\/2016-12-08\/digicomp-has-a-new-chief\/#primaryimage"},"thumbnailUrl":"https:\/\/www.organisator.ch\/wp-content\/uploads\/2016\/12\/Digicomp-hat-eine-neue-Chefin-organisator.jpg","keywords":["Personalien","Unternehmen"],"inLanguage":"de"},{"@type":"WebPage","@id":"https:\/\/www.organisator.ch\/en\/general\/2016-12-08\/digicomp-has-a-new-chief\/","url":"https:\/\/www.organisator.ch\/en\/general\/2016-12-08\/digicomp-has-a-new-chief\/","name":"Digicomp hat eine neue Chefin - Organisator","isPartOf":{"@id":"https:\/\/www.organisator.ch\/#website"},"primaryImageOfPage":{"@id":"https:\/\/www.organisator.ch\/en\/general\/2016-12-08\/digicomp-has-a-new-chief\/#primaryimage"},"image":{"@id":"https:\/\/www.organisator.ch\/en\/general\/2016-12-08\/digicomp-has-a-new-chief\/#primaryimage"},"thumbnailUrl":"https:\/\/www.organisator.ch\/wp-content\/uploads\/2016\/12\/Digicomp-hat-eine-neue-Chefin-organisator.jpg","datePublished":"2016-12-08T10:22:54+00:00","description":"Digicomp hat eine neue Chefin: Nach 13 Jahren als CEO \u00fcbergibt Inhaber Peter Kupper per 1. Januar 2017 die operative F\u00fchrung der Digicomp an Bak-Heang Ung.","breadcrumb":{"@id":"https:\/\/www.organisator.ch\/en\/general\/2016-12-08\/digicomp-has-a-new-chief\/#breadcrumb"},"inLanguage":"de","potentialAction":[{"@type":"ReadAction","target":["https:\/\/www.organisator.ch\/en\/general\/2016-12-08\/digicomp-has-a-new-chief\/"]}]},{"@type":"ImageObject","inLanguage":"de","@id":"https:\/\/www.organisator.ch\/en\/general\/2016-12-08\/digicomp-has-a-new-chief\/#primaryimage","url":"https:\/\/www.organisator.ch\/wp-content\/uploads\/2016\/12\/Digicomp-hat-eine-neue-Chefin-organisator.jpg","contentUrl":"https:\/\/www.organisator.ch\/wp-content\/uploads\/2016\/12\/Digicomp-hat-eine-neue-Chefin-organisator.jpg","width":480,"height":486,"caption":"Bak-Heang Ung, die neue CEO von Digicomp."},{"@type":"BreadcrumbList","@id":"https:\/\/www.organisator.ch\/en\/general\/2016-12-08\/digicomp-has-a-new-chief\/#breadcrumb","itemListElement":[{"@type":"ListItem","position":1,"name":"Home","item":"https:\/\/www.organisator.ch\/"},{"@type":"ListItem","position":2,"name":"Digicomp hat eine neue Chefin"}]},{"@type":"WebSite","@id":"https:\/\/www.organisator.ch\/#website","url":"https:\/\/www.organisator.ch\/","name":"Organisator","description":"Kompetent. Praxisnah. Der ORGANISATOR bereitet in 10 Ausgaben pro Jahr die wesentlichen Themen f\u00fcr F\u00fchrungskr\u00e4fte von KMU auf.","publisher":{"@id":"https:\/\/www.organisator.ch\/#organization"},"potentialAction":[{"@type":"SearchAction","target":{"@type":"EntryPoint","urlTemplate":"https:\/\/www.organisator.ch\/?s={search_term_string}"},"query-input":{"@type":"PropertyValueSpecification","valueRequired":true,"valueName":"search_term_string"}}],"inLanguage":"de"},{"@type":"Organization","@id":"https:\/\/www.organisator.ch\/#organization","name":"Organisator","url":"https:\/\/www.organisator.ch\/","logo":{"@type":"ImageObject","inLanguage":"de","@id":"https:\/\/www.organisator.ch\/#\/schema\/logo\/image\/","url":"https:\/\/www.organisator.ch\/wp-content\/uploads\/2022\/01\/Logo_Organisator_Website.png","contentUrl":"https:\/\/www.organisator.ch\/wp-content\/uploads\/2022\/01\/Logo_Organisator_Website.png","width":800,"height":77,"caption":"Organisator"},"image":{"@id":"https:\/\/www.organisator.ch\/#\/schema\/logo\/image\/"},"sameAs":["https:\/\/www.facebook.com\/OrganisatorFachmagazin","https:\/\/www.linkedin.com\/showcase\/organisator-das-magazin-fr-kmu","https:\/\/www.xing.com\/news\/pages\/organisator-ch-695","https:\/\/www.youtube.com\/channel\/UCGP2Sq0iWaZwT3BdIAQFYpw"]},{"@type":"Person","@id":"https:\/\/www.organisator.ch\/#\/schema\/person\/aa2bace6c5c5aad60102004a50c4eb1c","name":"admin","image":{"@type":"ImageObject","inLanguage":"de","@id":"https:\/\/secure.gravatar.com\/avatar\/ae2f4d718e6c49043e314ce431e7e645d646302a24a5ef5a8bc8e3f5a032e319?s=96&d=mm&r=g","url":"https:\/\/secure.gravatar.com\/avatar\/ae2f4d718e6c49043e314ce431e7e645d646302a24a5ef5a8bc8e3f5a032e319?s=96&d=mm&r=g","contentUrl":"https:\/\/secure.gravatar.com\/avatar\/ae2f4d718e6c49043e314ce431e7e645d646302a24a5ef5a8bc8e3f5a032e319?s=96&d=mm&r=g","caption":"admin"},"sameAs":["https:\/\/www.organisator.ch"],"url":"https:\/\/www.organisator.ch\/de\/author\/admin\/"}]}},"_links":{"self":[{"href":"https:\/\/www.organisator.ch\/de\/wp-json\/wp\/v2\/posts\/283","targetHints":{"allow":["GET"]}}],"collection":[{"href":"https:\/\/www.organisator.ch\/de\/wp-json\/wp\/v2\/posts"}],"about":[{"href":"https:\/\/www.organisator.ch\/de\/wp-json\/wp\/v2\/types\/post"}],"author":[{"embeddable":true,"href":"https:\/\/www.organisator.ch\/de\/wp-json\/wp\/v2\/users\/1"}],"replies":[{"embeddable":true,"href":"https:\/\/www.organisator.ch\/de\/wp-json\/wp\/v2\/comments?post=283"}],"version-history":[{"count":0,"href":"https:\/\/www.organisator.ch\/de\/wp-json\/wp\/v2\/posts\/283\/revisions"}],"wp:featuredmedia":[{"embeddable":true,"href":"https:\/\/www.organisator.ch\/de\/wp-json\/wp\/v2\/media\/284"}],"wp:attachment":[{"href":"https:\/\/www.organisator.ch\/de\/wp-json\/wp\/v2\/media?parent=283"}],"wp:term":[{"taxonomy":"category","embeddable":true,"href":"https:\/\/www.organisator.ch\/de\/wp-json\/wp\/v2\/categories?post=283"},{"taxonomy":"post_tag","embeddable":true,"href":"https:\/\/www.organisator.ch\/de\/wp-json\/wp\/v2\/tags?post=283"}],"curies":[{"name":"wp","href":"https:\/\/api.w.org\/{rel}","templated":true}]}}