{"id":28323,"date":"2024-07-10T08:07:02","date_gmt":"2024-07-10T06:07:02","guid":{"rendered":"https:\/\/www.organisator.ch\/?p=28323"},"modified":"2024-07-09T13:47:22","modified_gmt":"2024-07-09T11:47:22","slug":"mehr-als-zwei-drittel-der-schweizer-fuehrungskraefte-kennen-den-inhalt-des-eu-ai-act-nicht","status":"publish","type":"post","link":"https:\/\/www.organisator.ch\/de\/management\/2024-07-10\/mehr-als-zwei-drittel-der-schweizer-fuehrungskraefte-kennen-den-inhalt-des-eu-ai-act-nicht\/","title":{"rendered":"Mehr als zwei Drittel der Schweizer F\u00fchrungskr\u00e4fte kennen den Inhalt des EU AI Act nicht"},"content":{"rendered":"<figure id=\"attachment_28325\" aria-describedby=\"caption-attachment-28325\" style=\"width: 680px\" class=\"wp-caption alignnone\"><img loading=\"lazy\" decoding=\"async\" class=\"size-full wp-image-28325\" src=\"https:\/\/www.organisator.ch\/wp-content\/uploads\/2024\/07\/Adesso_Bild1_ps.jpg\" alt=\"\" width=\"680\" height=\"414\" srcset=\"https:\/\/www.organisator.ch\/wp-content\/uploads\/2024\/07\/Adesso_Bild1_ps.jpg 680w, https:\/\/www.organisator.ch\/wp-content\/uploads\/2024\/07\/Adesso_Bild1_ps-18x12.jpg 18w, https:\/\/www.organisator.ch\/wp-content\/uploads\/2024\/07\/Adesso_Bild1_ps-375x228.jpg 375w, https:\/\/www.organisator.ch\/wp-content\/uploads\/2024\/07\/Adesso_Bild1_ps-575x350.jpg 575w\" sizes=\"auto, (max-width: 680px) 100vw, 680px\" \/><figcaption id=\"caption-attachment-28325\" class=\"wp-caption-text\">30 Prozent der Befragten aus der Schweiz geben an, die Inhalte des EU AI Act zu kennen. (Bild: www.depositphotos.com)<\/figcaption><\/figure>\n<p>Mit dem EU Artificial Intelligence Act (EU AI Act) hat die Europ\u00e4ische Union vor Kurzem das weltweit erste KI-Gesetz beschlossen. Es hat weitreichende Auswirkungen auf alle Unternehmen, die in der EU t\u00e4tig sind \u2013 und damit auch auf viele Schweizer Unternehmen, die eng in die europ\u00e4ische Wirtschaft eingebunden sind. Allerdings ist das Thema bei ihnen noch nicht so richtig angekommen, wie eine Umfrage des IT-Dienstleisters adesso zeigt, f\u00fcr die 778 Entscheider aus Unternehmen in Deutschland, \u00d6sterreich und der Schweiz zu Generativer KI (GenAI) befragt wurden.<\/p>\n<p>Zentrales Ergebnis: Lediglich 30 Prozent der Befragten aus der Schweiz geben an, die Inhalte des EU AI Act zu kennen. Dabei wird dieser risikobasierte Regulierungsansatz in fast allen Projekten mit k\u00fcnstlicher Intelligenz (KI) eine Rolle spielen und voraussichtlich bereits im August 2024 in Kraft treten. Und auch wenn einzelne Bestimmungen erst stufenweise bis 2026 umgesetzt werden m\u00fcssen, sollte eine nachhaltige KI-Strategie sie bereits jetzt ber\u00fccksichtigen.\u00a0<\/p>\n<p>\u00abF\u00fcr Schweizer Unternehmen, die KI-basierte L\u00f6sungen in der EU anbieten, einsetzen oder deren Ergebnisse dort nutzen, ist es essenziell, sich mit dem EU AI Act auseinanderzusetzen\u00bb, betont Hansj\u00f6rg S\u00fcess, CEO von adesso Schweiz. \u00abDoch auch f\u00fcr andere Unternehmen kann es durchaus sinnvoll sein, sich mit den Vorgaben zu besch\u00e4ftigen, da sich eine m\u00f6gliche Schweizer KI-Regulierung am EU AI Act orientieren wird \u2013 ganz so wie sich das neue Bundesgesetz \u00fcber den Datenschutz an der Datenschutz-Grundverordnung der EU orientiert.\u00bb<\/p>\n<h3><strong>Grosse Ambitionen \u2026<\/strong><\/h3>\n<p>Obwohl es mit dem Wissen \u00fcber den EU AI Act noch hapert: Dem Thema GenAI messen die Befragten eine sehr hohe Bedeutung bei. So sehen 75 Prozent der Befragten aus der Schweiz in der Technologie eine Chance f\u00fcr das eigene Gesch\u00e4ftsmodell. Die Erwartungen sind hoch, der Optimismus gross. Angesichts dieser positiven Grundhaltung \u00fcberrascht die negative Einsch\u00e4tzung der eigenen GenAI-Position: 18 Prozent sehen das eigene Unternehmen nur \u201eausreichend\u201c, 26 Prozent sogar nur \u201emangelhaft\u201c auf GenAI vorbereitet. In den mehr als anderthalb Jahren seit Ver\u00f6ffentlichung von ChatGPT ist es fast der H\u00e4lfte der Schweizer Unternehmen nicht gelungen, sich vern\u00fcnftig zum Thema GenAI zu positionieren. Das sind nicht die besten Voraussetzungen f\u00fcr einen erfolgreichen Start in die GenAI-Welt.<\/p>\n<h3><strong>\u2026 geringe Reife<\/strong><\/h3>\n<p>Dass viele Unternehmen schlecht vorbereitet sind, zeigt sich in weiteren Umfrageergebnissen: Bei der Frage nach den gr\u00f6ssten H\u00fcrden bei der Einf\u00fchrung von GenAI-Anwendungen nennen 32 Prozent der Schweizer Befragten die mangelnde Qualit\u00e4t oder Quantit\u00e4t der eigenen Daten. Damit stellt dieses Thema in den Augen der Befragten ein gr\u00f6sseres Problem dar als beispielsweise die Qualit\u00e4t der generierten Antworten (30 Prozent sehen dies als H\u00fcrde) oder die Kosten des Projekts (16 Prozent). Das ist ein deutliches Indiz daf\u00fcr, dass die Prozesse rund um die eigenen Daten in vielen Betrieben zu kurz kommen. Dabei sind das systematische Sammeln, Pr\u00fcfen, Aufbereiten und Verteilen die Grundvoraussetzung f\u00fcr die erfolgreiche Einf\u00fchrung und Verwendung von GenAI-Anwendungen. Nur wenn Unternehmen diese dringend notwendigen Grundlagen im Rahmen einer Datenstrategie und mittels eines Data Governance Framework schaffen, sind die selbstgesteckten Ziele erreichbar: Immerhin 72 Prozent der Entscheider geben an, dass ihr Unternehmen in den n\u00e4chsten zw\u00f6lf Monaten ein System mit Generativer KI implementieren will.<\/p>\n<p>\u00abKI funktioniert nur mit Daten, und wie gut die Ergebnisse von KI-Systemen sind, h\u00e4ngt letztlich direkt von der Verf\u00fcgbarkeit relevanter und ausgewogener Trainingsdaten in ausreichender Menge ab\u00bb, erkl\u00e4rt S\u00fcess. \u00abUm KI-Projekte erfolgreich umzusetzen, ist daher ein durchdachtes Datenmanagement unerl\u00e4sslich und sollte entsprechend Zeit und Budget erhalten.\u00bb<\/p>\n<p><em>Quelle: <a href=\"http:\/\/www.adesso.ch\">www.adesso.ch<\/a><\/em><\/p>\n","protected":false},"excerpt":{"rendered":"<p>Viele Schweizer Unternehmen sind tief in die europ\u00e4ische Wirtschaft integriert und vom KI-Gesetz der EU betroffen, doch dessen Inhalte kennen nur die wenigsten. <\/p>\n","protected":false},"author":58,"featured_media":28325,"comment_status":"closed","ping_status":"closed","sticky":false,"template":"","format":"standard","meta":{"_acf_changed":false,"_yoast_wpseo_focuskw":"AI Act","_yoast_wpseo_metadesc":"Viele Schweizer Unternehmen sind tief in die europ\u00e4ische Wirtschaft integriert und vom KI-Gesetz der EU betroffen, doch dessen Inhalte kennen nur die wenigsten.","articlekey":"","footnotes":""},"categories":[28],"tags":[4154,298,334,487,492],"class_list":["post-28323","post","type-post","status-publish","format-standard","has-post-thumbnail","hentry","category-management","tag-ai-act","tag-ki","tag-management","tag-umfrage","tag-unternehmen"],"acf":[],"yoast_head":"<!-- This site is optimized with the Yoast SEO plugin v27.5 - https:\/\/yoast.com\/product\/yoast-seo-wordpress\/ -->\n<title>Mehr als zwei Drittel der Schweizer F\u00fchrungskr\u00e4fte kennen den Inhalt des EU AI Act nicht - Organisator<\/title>\n<meta name=\"description\" content=\"Viele Schweizer Unternehmen sind tief in die europ\u00e4ische Wirtschaft integriert und vom KI-Gesetz der EU betroffen, doch dessen Inhalte kennen nur die wenigsten.\" \/>\n<meta name=\"robots\" content=\"index, follow, max-snippet:-1, max-image-preview:large, max-video-preview:-1\" \/>\n<link rel=\"canonical\" href=\"https:\/\/www.organisator.ch\/de\/management\/2024-07-10\/mehr-als-zwei-drittel-der-schweizer-fuehrungskraefte-kennen-den-inhalt-des-eu-ai-act-nicht\/\" \/>\n<meta property=\"og:locale\" content=\"de_DE\" \/>\n<meta property=\"og:type\" content=\"article\" \/>\n<meta property=\"og:title\" content=\"Mehr als zwei Drittel der Schweizer F\u00fchrungskr\u00e4fte kennen den Inhalt des EU AI Act nicht\" \/>\n<meta property=\"og:description\" content=\"Viele Schweizer Unternehmen sind tief in die europ\u00e4ische Wirtschaft integriert und vom KI-Gesetz der EU betroffen, doch dessen Inhalte kennen nur die wenigsten.\" \/>\n<meta property=\"og:url\" content=\"https:\/\/www.organisator.ch\/de\/management\/2024-07-10\/mehr-als-zwei-drittel-der-schweizer-fuehrungskraefte-kennen-den-inhalt-des-eu-ai-act-nicht\/\" \/>\n<meta property=\"og:site_name\" content=\"Organisator\" \/>\n<meta property=\"article:publisher\" content=\"https:\/\/www.facebook.com\/OrganisatorFachmagazin\" \/>\n<meta property=\"article:published_time\" content=\"2024-07-10T06:07:02+00:00\" \/>\n<meta property=\"og:image\" content=\"https:\/\/www.organisator.ch\/wp-content\/uploads\/2024\/07\/Adesso_Bild1_ps.jpg\" \/>\n\t<meta property=\"og:image:width\" content=\"680\" \/>\n\t<meta property=\"og:image:height\" content=\"414\" \/>\n\t<meta property=\"og:image:type\" content=\"image\/jpeg\" \/>\n<meta name=\"author\" content=\"Adelisa Kalajdzini\" \/>\n<meta name=\"twitter:card\" content=\"summary_large_image\" \/>\n<meta name=\"twitter:title\" content=\"Mehr als zwei Drittel der Schweizer F\u00fchrungskr\u00e4fte kennen den Inhalt des EU AI Act nicht\" \/>\n<meta name=\"twitter:description\" content=\"Viele #Schweizer #Unternehmen sind tief in die europ\u00e4ische Wirtschaft integriert und vom #KI-Gesetz der #EU betroffen, doch dessen #Inhalte kennen nur die wenigsten.\" \/>\n<meta name=\"twitter:image\" content=\"https:\/\/www.organisator.ch\/wp-content\/uploads\/2024\/07\/Adesso_Bild1_ps.jpg\" \/>\n<script type=\"application\/ld+json\" class=\"yoast-schema-graph\">{\"@context\":\"https:\\\/\\\/schema.org\",\"@graph\":[{\"@type\":\"Article\",\"@id\":\"https:\\\/\\\/www.organisator.ch\\\/management\\\/2024-07-10\\\/mehr-als-zwei-drittel-der-schweizer-fuehrungskraefte-kennen-den-inhalt-des-eu-ai-act-nicht\\\/#article\",\"isPartOf\":{\"@id\":\"https:\\\/\\\/www.organisator.ch\\\/management\\\/2024-07-10\\\/mehr-als-zwei-drittel-der-schweizer-fuehrungskraefte-kennen-den-inhalt-des-eu-ai-act-nicht\\\/\"},\"author\":{\"name\":\"Adelisa Kalajdzini\",\"@id\":\"https:\\\/\\\/www.organisator.ch\\\/#\\\/schema\\\/person\\\/2e1314a2172123f874db408d8911d3f3\"},\"headline\":\"Mehr als zwei Drittel der Schweizer F\u00fchrungskr\u00e4fte kennen den Inhalt des EU AI Act nicht\",\"datePublished\":\"2024-07-10T06:07:02+00:00\",\"mainEntityOfPage\":{\"@id\":\"https:\\\/\\\/www.organisator.ch\\\/management\\\/2024-07-10\\\/mehr-als-zwei-drittel-der-schweizer-fuehrungskraefte-kennen-den-inhalt-des-eu-ai-act-nicht\\\/\"},\"wordCount\":622,\"publisher\":{\"@id\":\"https:\\\/\\\/www.organisator.ch\\\/#organization\"},\"image\":{\"@id\":\"https:\\\/\\\/www.organisator.ch\\\/management\\\/2024-07-10\\\/mehr-als-zwei-drittel-der-schweizer-fuehrungskraefte-kennen-den-inhalt-des-eu-ai-act-nicht\\\/#primaryimage\"},\"thumbnailUrl\":\"https:\\\/\\\/www.organisator.ch\\\/wp-content\\\/uploads\\\/2024\\\/07\\\/Adesso_Bild1_ps.jpg\",\"keywords\":[\"AI Act\",\"KI\",\"Management\",\"Umfrage\",\"Unternehmen\"],\"articleSection\":[\"MANAGEMENT\"],\"inLanguage\":\"de\"},{\"@type\":\"WebPage\",\"@id\":\"https:\\\/\\\/www.organisator.ch\\\/management\\\/2024-07-10\\\/mehr-als-zwei-drittel-der-schweizer-fuehrungskraefte-kennen-den-inhalt-des-eu-ai-act-nicht\\\/\",\"url\":\"https:\\\/\\\/www.organisator.ch\\\/management\\\/2024-07-10\\\/mehr-als-zwei-drittel-der-schweizer-fuehrungskraefte-kennen-den-inhalt-des-eu-ai-act-nicht\\\/\",\"name\":\"Mehr als zwei Drittel der Schweizer F\u00fchrungskr\u00e4fte kennen den Inhalt des EU AI Act nicht - Organisator\",\"isPartOf\":{\"@id\":\"https:\\\/\\\/www.organisator.ch\\\/#website\"},\"primaryImageOfPage\":{\"@id\":\"https:\\\/\\\/www.organisator.ch\\\/management\\\/2024-07-10\\\/mehr-als-zwei-drittel-der-schweizer-fuehrungskraefte-kennen-den-inhalt-des-eu-ai-act-nicht\\\/#primaryimage\"},\"image\":{\"@id\":\"https:\\\/\\\/www.organisator.ch\\\/management\\\/2024-07-10\\\/mehr-als-zwei-drittel-der-schweizer-fuehrungskraefte-kennen-den-inhalt-des-eu-ai-act-nicht\\\/#primaryimage\"},\"thumbnailUrl\":\"https:\\\/\\\/www.organisator.ch\\\/wp-content\\\/uploads\\\/2024\\\/07\\\/Adesso_Bild1_ps.jpg\",\"datePublished\":\"2024-07-10T06:07:02+00:00\",\"description\":\"Viele Schweizer Unternehmen sind tief in die europ\u00e4ische Wirtschaft integriert und vom KI-Gesetz der EU betroffen, doch dessen Inhalte kennen nur die wenigsten.\",\"breadcrumb\":{\"@id\":\"https:\\\/\\\/www.organisator.ch\\\/management\\\/2024-07-10\\\/mehr-als-zwei-drittel-der-schweizer-fuehrungskraefte-kennen-den-inhalt-des-eu-ai-act-nicht\\\/#breadcrumb\"},\"inLanguage\":\"de\",\"potentialAction\":[{\"@type\":\"ReadAction\",\"target\":[\"https:\\\/\\\/www.organisator.ch\\\/management\\\/2024-07-10\\\/mehr-als-zwei-drittel-der-schweizer-fuehrungskraefte-kennen-den-inhalt-des-eu-ai-act-nicht\\\/\"]}]},{\"@type\":\"ImageObject\",\"inLanguage\":\"de\",\"@id\":\"https:\\\/\\\/www.organisator.ch\\\/management\\\/2024-07-10\\\/mehr-als-zwei-drittel-der-schweizer-fuehrungskraefte-kennen-den-inhalt-des-eu-ai-act-nicht\\\/#primaryimage\",\"url\":\"https:\\\/\\\/www.organisator.ch\\\/wp-content\\\/uploads\\\/2024\\\/07\\\/Adesso_Bild1_ps.jpg\",\"contentUrl\":\"https:\\\/\\\/www.organisator.ch\\\/wp-content\\\/uploads\\\/2024\\\/07\\\/Adesso_Bild1_ps.jpg\",\"width\":680,\"height\":414,\"caption\":\"30 Prozent der Befragten aus der Schweiz geben an, die Inhalte des EU AI Act zu kennen. (Bild: www.depositphotos.com)\"},{\"@type\":\"BreadcrumbList\",\"@id\":\"https:\\\/\\\/www.organisator.ch\\\/management\\\/2024-07-10\\\/mehr-als-zwei-drittel-der-schweizer-fuehrungskraefte-kennen-den-inhalt-des-eu-ai-act-nicht\\\/#breadcrumb\",\"itemListElement\":[{\"@type\":\"ListItem\",\"position\":1,\"name\":\"Home\",\"item\":\"https:\\\/\\\/www.organisator.ch\\\/\"},{\"@type\":\"ListItem\",\"position\":2,\"name\":\"Mehr als zwei Drittel der Schweizer F\u00fchrungskr\u00e4fte kennen den Inhalt des EU AI Act nicht\"}]},{\"@type\":\"WebSite\",\"@id\":\"https:\\\/\\\/www.organisator.ch\\\/#website\",\"url\":\"https:\\\/\\\/www.organisator.ch\\\/\",\"name\":\"Organisator\",\"description\":\"Kompetent. Praxisnah. Der ORGANISATOR bereitet in 10 Ausgaben pro Jahr die wesentlichen Themen f\u00fcr F\u00fchrungskr\u00e4fte von KMU auf.\",\"publisher\":{\"@id\":\"https:\\\/\\\/www.organisator.ch\\\/#organization\"},\"potentialAction\":[{\"@type\":\"SearchAction\",\"target\":{\"@type\":\"EntryPoint\",\"urlTemplate\":\"https:\\\/\\\/www.organisator.ch\\\/?s={search_term_string}\"},\"query-input\":{\"@type\":\"PropertyValueSpecification\",\"valueRequired\":true,\"valueName\":\"search_term_string\"}}],\"inLanguage\":\"de\"},{\"@type\":\"Organization\",\"@id\":\"https:\\\/\\\/www.organisator.ch\\\/#organization\",\"name\":\"Organisator\",\"url\":\"https:\\\/\\\/www.organisator.ch\\\/\",\"logo\":{\"@type\":\"ImageObject\",\"inLanguage\":\"de\",\"@id\":\"https:\\\/\\\/www.organisator.ch\\\/#\\\/schema\\\/logo\\\/image\\\/\",\"url\":\"https:\\\/\\\/www.organisator.ch\\\/wp-content\\\/uploads\\\/2022\\\/01\\\/Logo_Organisator_Website.png\",\"contentUrl\":\"https:\\\/\\\/www.organisator.ch\\\/wp-content\\\/uploads\\\/2022\\\/01\\\/Logo_Organisator_Website.png\",\"width\":800,\"height\":77,\"caption\":\"Organisator\"},\"image\":{\"@id\":\"https:\\\/\\\/www.organisator.ch\\\/#\\\/schema\\\/logo\\\/image\\\/\"},\"sameAs\":[\"https:\\\/\\\/www.facebook.com\\\/OrganisatorFachmagazin\",\"https:\\\/\\\/www.linkedin.com\\\/showcase\\\/organisator-das-magazin-fr-kmu\",\"https:\\\/\\\/www.xing.com\\\/news\\\/pages\\\/organisator-ch-695\",\"https:\\\/\\\/www.youtube.com\\\/channel\\\/UCGP2Sq0iWaZwT3BdIAQFYpw\"]},{\"@type\":\"Person\",\"@id\":\"https:\\\/\\\/www.organisator.ch\\\/#\\\/schema\\\/person\\\/2e1314a2172123f874db408d8911d3f3\",\"name\":\"Adelisa Kalajdzini\",\"image\":{\"@type\":\"ImageObject\",\"inLanguage\":\"de\",\"@id\":\"https:\\\/\\\/secure.gravatar.com\\\/avatar\\\/09a397c22ac58cad6f160ee8306348599df9df58a8ede73696226897b9fa4b24?s=96&d=mm&r=g\",\"url\":\"https:\\\/\\\/secure.gravatar.com\\\/avatar\\\/09a397c22ac58cad6f160ee8306348599df9df58a8ede73696226897b9fa4b24?s=96&d=mm&r=g\",\"contentUrl\":\"https:\\\/\\\/secure.gravatar.com\\\/avatar\\\/09a397c22ac58cad6f160ee8306348599df9df58a8ede73696226897b9fa4b24?s=96&d=mm&r=g\",\"caption\":\"Adelisa Kalajdzini\"},\"url\":\"https:\\\/\\\/www.organisator.ch\\\/de\\\/author\\\/adelisa-kalajdzini\\\/\"}]}<\/script>\n<!-- \/ Yoast SEO plugin. -->","yoast_head_json":{"title":"Mehr als zwei Drittel der Schweizer F\u00fchrungskr\u00e4fte kennen den Inhalt des EU AI Act nicht - Organisator","description":"Viele Schweizer Unternehmen sind tief in die europ\u00e4ische Wirtschaft integriert und vom KI-Gesetz der EU betroffen, doch dessen Inhalte kennen nur die wenigsten.","robots":{"index":"index","follow":"follow","max-snippet":"max-snippet:-1","max-image-preview":"max-image-preview:large","max-video-preview":"max-video-preview:-1"},"canonical":"https:\/\/www.organisator.ch\/de\/management\/2024-07-10\/mehr-als-zwei-drittel-der-schweizer-fuehrungskraefte-kennen-den-inhalt-des-eu-ai-act-nicht\/","og_locale":"de_DE","og_type":"article","og_title":"Mehr als zwei Drittel der Schweizer F\u00fchrungskr\u00e4fte kennen den Inhalt des EU AI Act nicht","og_description":"Viele Schweizer Unternehmen sind tief in die europ\u00e4ische Wirtschaft integriert und vom KI-Gesetz der EU betroffen, doch dessen Inhalte kennen nur die wenigsten.","og_url":"https:\/\/www.organisator.ch\/de\/management\/2024-07-10\/mehr-als-zwei-drittel-der-schweizer-fuehrungskraefte-kennen-den-inhalt-des-eu-ai-act-nicht\/","og_site_name":"Organisator","article_publisher":"https:\/\/www.facebook.com\/OrganisatorFachmagazin","article_published_time":"2024-07-10T06:07:02+00:00","og_image":[{"width":680,"height":414,"url":"https:\/\/www.organisator.ch\/wp-content\/uploads\/2024\/07\/Adesso_Bild1_ps.jpg","type":"image\/jpeg"}],"author":"Adelisa Kalajdzini","twitter_card":"summary_large_image","twitter_title":"Mehr als zwei Drittel der Schweizer F\u00fchrungskr\u00e4fte kennen den Inhalt des EU AI Act nicht","twitter_description":"Viele #Schweizer #Unternehmen sind tief in die europ\u00e4ische Wirtschaft integriert und vom #KI-Gesetz der #EU betroffen, doch dessen #Inhalte kennen nur die wenigsten.","twitter_image":"https:\/\/www.organisator.ch\/wp-content\/uploads\/2024\/07\/Adesso_Bild1_ps.jpg","schema":{"@context":"https:\/\/schema.org","@graph":[{"@type":"Article","@id":"https:\/\/www.organisator.ch\/management\/2024-07-10\/mehr-als-zwei-drittel-der-schweizer-fuehrungskraefte-kennen-den-inhalt-des-eu-ai-act-nicht\/#article","isPartOf":{"@id":"https:\/\/www.organisator.ch\/management\/2024-07-10\/mehr-als-zwei-drittel-der-schweizer-fuehrungskraefte-kennen-den-inhalt-des-eu-ai-act-nicht\/"},"author":{"name":"Adelisa Kalajdzini","@id":"https:\/\/www.organisator.ch\/#\/schema\/person\/2e1314a2172123f874db408d8911d3f3"},"headline":"Mehr als zwei Drittel der Schweizer F\u00fchrungskr\u00e4fte kennen den Inhalt des EU AI Act nicht","datePublished":"2024-07-10T06:07:02+00:00","mainEntityOfPage":{"@id":"https:\/\/www.organisator.ch\/management\/2024-07-10\/mehr-als-zwei-drittel-der-schweizer-fuehrungskraefte-kennen-den-inhalt-des-eu-ai-act-nicht\/"},"wordCount":622,"publisher":{"@id":"https:\/\/www.organisator.ch\/#organization"},"image":{"@id":"https:\/\/www.organisator.ch\/management\/2024-07-10\/mehr-als-zwei-drittel-der-schweizer-fuehrungskraefte-kennen-den-inhalt-des-eu-ai-act-nicht\/#primaryimage"},"thumbnailUrl":"https:\/\/www.organisator.ch\/wp-content\/uploads\/2024\/07\/Adesso_Bild1_ps.jpg","keywords":["AI Act","KI","Management","Umfrage","Unternehmen"],"articleSection":["MANAGEMENT"],"inLanguage":"de"},{"@type":"WebPage","@id":"https:\/\/www.organisator.ch\/management\/2024-07-10\/mehr-als-zwei-drittel-der-schweizer-fuehrungskraefte-kennen-den-inhalt-des-eu-ai-act-nicht\/","url":"https:\/\/www.organisator.ch\/management\/2024-07-10\/mehr-als-zwei-drittel-der-schweizer-fuehrungskraefte-kennen-den-inhalt-des-eu-ai-act-nicht\/","name":"Mehr als zwei Drittel der Schweizer F\u00fchrungskr\u00e4fte kennen den Inhalt des EU AI Act nicht - Organisator","isPartOf":{"@id":"https:\/\/www.organisator.ch\/#website"},"primaryImageOfPage":{"@id":"https:\/\/www.organisator.ch\/management\/2024-07-10\/mehr-als-zwei-drittel-der-schweizer-fuehrungskraefte-kennen-den-inhalt-des-eu-ai-act-nicht\/#primaryimage"},"image":{"@id":"https:\/\/www.organisator.ch\/management\/2024-07-10\/mehr-als-zwei-drittel-der-schweizer-fuehrungskraefte-kennen-den-inhalt-des-eu-ai-act-nicht\/#primaryimage"},"thumbnailUrl":"https:\/\/www.organisator.ch\/wp-content\/uploads\/2024\/07\/Adesso_Bild1_ps.jpg","datePublished":"2024-07-10T06:07:02+00:00","description":"Viele Schweizer Unternehmen sind tief in die europ\u00e4ische Wirtschaft integriert und vom KI-Gesetz der EU betroffen, doch dessen Inhalte kennen nur die wenigsten.","breadcrumb":{"@id":"https:\/\/www.organisator.ch\/management\/2024-07-10\/mehr-als-zwei-drittel-der-schweizer-fuehrungskraefte-kennen-den-inhalt-des-eu-ai-act-nicht\/#breadcrumb"},"inLanguage":"de","potentialAction":[{"@type":"ReadAction","target":["https:\/\/www.organisator.ch\/management\/2024-07-10\/mehr-als-zwei-drittel-der-schweizer-fuehrungskraefte-kennen-den-inhalt-des-eu-ai-act-nicht\/"]}]},{"@type":"ImageObject","inLanguage":"de","@id":"https:\/\/www.organisator.ch\/management\/2024-07-10\/mehr-als-zwei-drittel-der-schweizer-fuehrungskraefte-kennen-den-inhalt-des-eu-ai-act-nicht\/#primaryimage","url":"https:\/\/www.organisator.ch\/wp-content\/uploads\/2024\/07\/Adesso_Bild1_ps.jpg","contentUrl":"https:\/\/www.organisator.ch\/wp-content\/uploads\/2024\/07\/Adesso_Bild1_ps.jpg","width":680,"height":414,"caption":"30 Prozent der Befragten aus der Schweiz geben an, die Inhalte des EU AI Act zu kennen. (Bild: www.depositphotos.com)"},{"@type":"BreadcrumbList","@id":"https:\/\/www.organisator.ch\/management\/2024-07-10\/mehr-als-zwei-drittel-der-schweizer-fuehrungskraefte-kennen-den-inhalt-des-eu-ai-act-nicht\/#breadcrumb","itemListElement":[{"@type":"ListItem","position":1,"name":"Home","item":"https:\/\/www.organisator.ch\/"},{"@type":"ListItem","position":2,"name":"Mehr als zwei Drittel der Schweizer F\u00fchrungskr\u00e4fte kennen den Inhalt des EU AI Act nicht"}]},{"@type":"WebSite","@id":"https:\/\/www.organisator.ch\/#website","url":"https:\/\/www.organisator.ch\/","name":"Organisator","description":"Kompetent. Praxisnah. Der ORGANISATOR bereitet in 10 Ausgaben pro Jahr die wesentlichen Themen f\u00fcr F\u00fchrungskr\u00e4fte von KMU auf.","publisher":{"@id":"https:\/\/www.organisator.ch\/#organization"},"potentialAction":[{"@type":"SearchAction","target":{"@type":"EntryPoint","urlTemplate":"https:\/\/www.organisator.ch\/?s={search_term_string}"},"query-input":{"@type":"PropertyValueSpecification","valueRequired":true,"valueName":"search_term_string"}}],"inLanguage":"de"},{"@type":"Organization","@id":"https:\/\/www.organisator.ch\/#organization","name":"Organisator","url":"https:\/\/www.organisator.ch\/","logo":{"@type":"ImageObject","inLanguage":"de","@id":"https:\/\/www.organisator.ch\/#\/schema\/logo\/image\/","url":"https:\/\/www.organisator.ch\/wp-content\/uploads\/2022\/01\/Logo_Organisator_Website.png","contentUrl":"https:\/\/www.organisator.ch\/wp-content\/uploads\/2022\/01\/Logo_Organisator_Website.png","width":800,"height":77,"caption":"Organisator"},"image":{"@id":"https:\/\/www.organisator.ch\/#\/schema\/logo\/image\/"},"sameAs":["https:\/\/www.facebook.com\/OrganisatorFachmagazin","https:\/\/www.linkedin.com\/showcase\/organisator-das-magazin-fr-kmu","https:\/\/www.xing.com\/news\/pages\/organisator-ch-695","https:\/\/www.youtube.com\/channel\/UCGP2Sq0iWaZwT3BdIAQFYpw"]},{"@type":"Person","@id":"https:\/\/www.organisator.ch\/#\/schema\/person\/2e1314a2172123f874db408d8911d3f3","name":"Adelisa Kalajdzini","image":{"@type":"ImageObject","inLanguage":"de","@id":"https:\/\/secure.gravatar.com\/avatar\/09a397c22ac58cad6f160ee8306348599df9df58a8ede73696226897b9fa4b24?s=96&d=mm&r=g","url":"https:\/\/secure.gravatar.com\/avatar\/09a397c22ac58cad6f160ee8306348599df9df58a8ede73696226897b9fa4b24?s=96&d=mm&r=g","contentUrl":"https:\/\/secure.gravatar.com\/avatar\/09a397c22ac58cad6f160ee8306348599df9df58a8ede73696226897b9fa4b24?s=96&d=mm&r=g","caption":"Adelisa Kalajdzini"},"url":"https:\/\/www.organisator.ch\/de\/author\/adelisa-kalajdzini\/"}]}},"_links":{"self":[{"href":"https:\/\/www.organisator.ch\/de\/wp-json\/wp\/v2\/posts\/28323","targetHints":{"allow":["GET"]}}],"collection":[{"href":"https:\/\/www.organisator.ch\/de\/wp-json\/wp\/v2\/posts"}],"about":[{"href":"https:\/\/www.organisator.ch\/de\/wp-json\/wp\/v2\/types\/post"}],"author":[{"embeddable":true,"href":"https:\/\/www.organisator.ch\/de\/wp-json\/wp\/v2\/users\/58"}],"replies":[{"embeddable":true,"href":"https:\/\/www.organisator.ch\/de\/wp-json\/wp\/v2\/comments?post=28323"}],"version-history":[{"count":5,"href":"https:\/\/www.organisator.ch\/de\/wp-json\/wp\/v2\/posts\/28323\/revisions"}],"predecessor-version":[{"id":28358,"href":"https:\/\/www.organisator.ch\/de\/wp-json\/wp\/v2\/posts\/28323\/revisions\/28358"}],"wp:featuredmedia":[{"embeddable":true,"href":"https:\/\/www.organisator.ch\/de\/wp-json\/wp\/v2\/media\/28325"}],"wp:attachment":[{"href":"https:\/\/www.organisator.ch\/de\/wp-json\/wp\/v2\/media?parent=28323"}],"wp:term":[{"taxonomy":"category","embeddable":true,"href":"https:\/\/www.organisator.ch\/de\/wp-json\/wp\/v2\/categories?post=28323"},{"taxonomy":"post_tag","embeddable":true,"href":"https:\/\/www.organisator.ch\/de\/wp-json\/wp\/v2\/tags?post=28323"}],"curies":[{"name":"wp","href":"https:\/\/api.w.org\/{rel}","templated":true}]}}