{"id":28471,"date":"2024-07-23T13:40:58","date_gmt":"2024-07-23T11:40:58","guid":{"rendered":"https:\/\/www.organisator.ch\/?p=28471"},"modified":"2024-07-23T13:40:58","modified_gmt":"2024-07-23T11:40:58","slug":"microsoft-bi-praxistag-it-logix-laedt-auf-den-uetliberg","status":"publish","type":"post","link":"https:\/\/www.organisator.ch\/de\/management\/2024-07-23\/microsoft-bi-praxistag-it-logix-laedt-auf-den-uetliberg\/","title":{"rendered":"Microsoft BI-Praxistag: IT-Logix l\u00e4dt auf den Uetliberg"},"content":{"rendered":"<figure id=\"attachment_28473\" aria-describedby=\"caption-attachment-28473\" style=\"width: 680px\" class=\"wp-caption alignnone\"><img loading=\"lazy\" decoding=\"async\" class=\"size-full wp-image-28473\" src=\"https:\/\/www.organisator.ch\/wp-content\/uploads\/2024\/07\/IT-Logix_Bild1_ps.jpg\" alt=\"\" width=\"680\" height=\"481\" srcset=\"https:\/\/www.organisator.ch\/wp-content\/uploads\/2024\/07\/IT-Logix_Bild1_ps.jpg 680w, https:\/\/www.organisator.ch\/wp-content\/uploads\/2024\/07\/IT-Logix_Bild1_ps-18x12.jpg 18w, https:\/\/www.organisator.ch\/wp-content\/uploads\/2024\/07\/IT-Logix_Bild1_ps-375x265.jpg 375w, https:\/\/www.organisator.ch\/wp-content\/uploads\/2024\/07\/IT-Logix_Bild1_ps-495x350.jpg 495w\" sizes=\"auto, (max-width: 680px) 100vw, 680px\" \/><figcaption id=\"caption-attachment-28473\" class=\"wp-caption-text\">R\u00fcckblick auf MAKE BI 2023. (Bild: www.it-logix.ch)<\/figcaption><\/figure>\n<p>Die Teilnehmenden k\u00f6nnen sich mit Ansprechpartnern von Microsoft, von Kundenseite, von IT-Logix und mit anderen Teilnehmenden austauschen und Fragen rund um Methodik, Konzeption und\u00a0Technologie mit Microsofts BI-Plattform Power BI diskutieren. Die Er\u00f6ffnungsrede h\u00e4lt Andrew Reid, Global Partner Solutions Director und Mitglied der Gesch\u00e4ftsleitung von Microsoft Schweiz. Im Kunden-Case wird aufgezeigt, wie Valores mit IT-Logix ein ambitioniertes Data-Warehouse-Projekt agil und erfolgreich durchgef\u00fchrt hat und dabei trotz sich ver\u00e4ndernden Anforderungen und Inhabern kundenseitig Know-how aufgebaut und sichergestellt wurde.\u00a0<\/p>\n<p>Die Referate drehen sich um Anwendungen wie das Power BI Adoption Framework zur erfolgreichen Einf\u00fchrung von Microsoft Power BI, \u00fcber die End-to-End-Analyse- und Datenplattform Microsoft Fabric sowie deren optimalen Nutzung mit Modellierungs- und Automatisierungsl\u00f6sungen bis hin zum Thema Kollaboration bei BI-Vorhaben, etwa mit Inforiver Writeback Matrix, einem Tool f\u00fcr Datenanalyse, Kommentierung und Planung in Power BI. Schliesslich bringt eine Power BI\u00a0Hands-On Session eine\u00a0praktische Einf\u00fchrung in Power BI und die dimensionale Modellierung nach Kimball.\u00a0<\/p>\n<p><em>Quelle und weitere Informationen zur Anmeldung:\u00a0<a href=\"https:\/\/www.it-logix.ch\/de\/events\/make-bi-2024\">https:\/\/www.it-logix.ch\/de\/events\/make-bi-2024<\/a><\/em><\/p>\n","protected":false},"excerpt":{"rendered":"<p>Das auf Business Intelligence (BI), Data Analytics, Data Warehousing und Data Science \/ AI fokussierte IT-Beratungshaus IT-Logix l\u00e4dt am 17. September 2024 zum achten Mal auf den Uetliberg bei Z\u00fcrich zum Microsoft BI Arbeitskreis MAKE BI. <\/p>\n","protected":false},"author":58,"featured_media":28473,"comment_status":"closed","ping_status":"closed","sticky":false,"template":"","format":"standard","meta":{"_acf_changed":false,"_yoast_wpseo_focuskw":"MAKE BI","_yoast_wpseo_metadesc":"Das IT-Beratungshaus IT-Logix l\u00e4dt am 17. September 2024 auf den Uetliberg bei Z\u00fcrich zum Microsoft BI Arbeitskreis MAKE BI.","articlekey":"","footnotes":""},"categories":[28],"tags":[4317,424,492,502],"class_list":["post-28471","post","type-post","status-publish","format-standard","has-post-thumbnail","hentry","category-management","tag-make-bi","tag-schweiz","tag-unternehmen","tag-veranstaltungen"],"acf":[],"yoast_head":"<!-- This site is optimized with the Yoast SEO plugin v27.5 - https:\/\/yoast.com\/product\/yoast-seo-wordpress\/ -->\n<title>Microsoft BI-Praxistag: IT-Logix l\u00e4dt auf den Uetliberg - Organisator<\/title>\n<meta name=\"description\" content=\"Das IT-Beratungshaus IT-Logix l\u00e4dt am 17. September 2024 auf den Uetliberg bei Z\u00fcrich zum Microsoft BI Arbeitskreis MAKE BI.\" \/>\n<meta name=\"robots\" content=\"index, follow, max-snippet:-1, max-image-preview:large, max-video-preview:-1\" \/>\n<link rel=\"canonical\" href=\"https:\/\/www.organisator.ch\/de\/management\/2024-07-23\/microsoft-bi-praxistag-it-logix-laedt-auf-den-uetliberg\/\" \/>\n<meta property=\"og:locale\" content=\"de_DE\" \/>\n<meta property=\"og:type\" content=\"article\" \/>\n<meta property=\"og:title\" content=\"Microsoft BI-Praxistag: IT-Logix l\u00e4dt auf den Uetliberg\" \/>\n<meta property=\"og:description\" content=\"Das IT-Beratungshaus IT-Logix l\u00e4dt am 17. September 2024 auf den Uetliberg bei Z\u00fcrich zum Microsoft BI Arbeitskreis MAKE BI.\" \/>\n<meta property=\"og:url\" content=\"https:\/\/www.organisator.ch\/de\/management\/2024-07-23\/microsoft-bi-praxistag-it-logix-laedt-auf-den-uetliberg\/\" \/>\n<meta property=\"og:site_name\" content=\"Organisator\" \/>\n<meta property=\"article:publisher\" content=\"https:\/\/www.facebook.com\/OrganisatorFachmagazin\" \/>\n<meta property=\"article:published_time\" content=\"2024-07-23T11:40:58+00:00\" \/>\n<meta property=\"og:image\" content=\"https:\/\/www.organisator.ch\/wp-content\/uploads\/2024\/07\/IT-Logix_Bild1_ps.jpg\" \/>\n\t<meta property=\"og:image:width\" content=\"680\" \/>\n\t<meta property=\"og:image:height\" content=\"481\" \/>\n\t<meta property=\"og:image:type\" content=\"image\/jpeg\" \/>\n<meta name=\"author\" content=\"Adelisa Kalajdzini\" \/>\n<meta name=\"twitter:card\" content=\"summary_large_image\" \/>\n<meta name=\"twitter:title\" content=\"Microsoft BI-Praxistag: IT-Logix l\u00e4dt auf den Uetliberg\" \/>\n<meta name=\"twitter:description\" content=\"Das #IT-Beratungshaus #IT-Logix l\u00e4dt am 17. September 2024 auf den #Uetliberg bei Z\u00fcrich zum Microsoft BI Arbeitskreis #MAKE #BI.\" \/>\n<meta name=\"twitter:image\" content=\"https:\/\/www.organisator.ch\/wp-content\/uploads\/2024\/07\/IT-Logix_Bild1_ps.jpg\" \/>\n<script type=\"application\/ld+json\" class=\"yoast-schema-graph\">{\"@context\":\"https:\\\/\\\/schema.org\",\"@graph\":[{\"@type\":\"Article\",\"@id\":\"https:\\\/\\\/www.organisator.ch\\\/management\\\/2024-07-23\\\/microsoft-bi-praxistag-it-logix-laedt-auf-den-uetliberg\\\/#article\",\"isPartOf\":{\"@id\":\"https:\\\/\\\/www.organisator.ch\\\/management\\\/2024-07-23\\\/microsoft-bi-praxistag-it-logix-laedt-auf-den-uetliberg\\\/\"},\"author\":{\"name\":\"Adelisa Kalajdzini\",\"@id\":\"https:\\\/\\\/www.organisator.ch\\\/#\\\/schema\\\/person\\\/2e1314a2172123f874db408d8911d3f3\"},\"headline\":\"Microsoft BI-Praxistag: IT-Logix l\u00e4dt auf den Uetliberg\",\"datePublished\":\"2024-07-23T11:40:58+00:00\",\"mainEntityOfPage\":{\"@id\":\"https:\\\/\\\/www.organisator.ch\\\/management\\\/2024-07-23\\\/microsoft-bi-praxistag-it-logix-laedt-auf-den-uetliberg\\\/\"},\"wordCount\":199,\"publisher\":{\"@id\":\"https:\\\/\\\/www.organisator.ch\\\/#organization\"},\"image\":{\"@id\":\"https:\\\/\\\/www.organisator.ch\\\/management\\\/2024-07-23\\\/microsoft-bi-praxistag-it-logix-laedt-auf-den-uetliberg\\\/#primaryimage\"},\"thumbnailUrl\":\"https:\\\/\\\/www.organisator.ch\\\/wp-content\\\/uploads\\\/2024\\\/07\\\/IT-Logix_Bild1_ps.jpg\",\"keywords\":[\"MAKE BI\",\"Schweiz\",\"Unternehmen\",\"Veranstaltungen\"],\"articleSection\":[\"MANAGEMENT\"],\"inLanguage\":\"de\"},{\"@type\":\"WebPage\",\"@id\":\"https:\\\/\\\/www.organisator.ch\\\/management\\\/2024-07-23\\\/microsoft-bi-praxistag-it-logix-laedt-auf-den-uetliberg\\\/\",\"url\":\"https:\\\/\\\/www.organisator.ch\\\/management\\\/2024-07-23\\\/microsoft-bi-praxistag-it-logix-laedt-auf-den-uetliberg\\\/\",\"name\":\"Microsoft BI-Praxistag: IT-Logix l\u00e4dt auf den Uetliberg - Organisator\",\"isPartOf\":{\"@id\":\"https:\\\/\\\/www.organisator.ch\\\/#website\"},\"primaryImageOfPage\":{\"@id\":\"https:\\\/\\\/www.organisator.ch\\\/management\\\/2024-07-23\\\/microsoft-bi-praxistag-it-logix-laedt-auf-den-uetliberg\\\/#primaryimage\"},\"image\":{\"@id\":\"https:\\\/\\\/www.organisator.ch\\\/management\\\/2024-07-23\\\/microsoft-bi-praxistag-it-logix-laedt-auf-den-uetliberg\\\/#primaryimage\"},\"thumbnailUrl\":\"https:\\\/\\\/www.organisator.ch\\\/wp-content\\\/uploads\\\/2024\\\/07\\\/IT-Logix_Bild1_ps.jpg\",\"datePublished\":\"2024-07-23T11:40:58+00:00\",\"description\":\"Das IT-Beratungshaus IT-Logix l\u00e4dt am 17. September 2024 auf den Uetliberg bei Z\u00fcrich zum Microsoft BI Arbeitskreis MAKE BI.\",\"breadcrumb\":{\"@id\":\"https:\\\/\\\/www.organisator.ch\\\/management\\\/2024-07-23\\\/microsoft-bi-praxistag-it-logix-laedt-auf-den-uetliberg\\\/#breadcrumb\"},\"inLanguage\":\"de\",\"potentialAction\":[{\"@type\":\"ReadAction\",\"target\":[\"https:\\\/\\\/www.organisator.ch\\\/management\\\/2024-07-23\\\/microsoft-bi-praxistag-it-logix-laedt-auf-den-uetliberg\\\/\"]}]},{\"@type\":\"ImageObject\",\"inLanguage\":\"de\",\"@id\":\"https:\\\/\\\/www.organisator.ch\\\/management\\\/2024-07-23\\\/microsoft-bi-praxistag-it-logix-laedt-auf-den-uetliberg\\\/#primaryimage\",\"url\":\"https:\\\/\\\/www.organisator.ch\\\/wp-content\\\/uploads\\\/2024\\\/07\\\/IT-Logix_Bild1_ps.jpg\",\"contentUrl\":\"https:\\\/\\\/www.organisator.ch\\\/wp-content\\\/uploads\\\/2024\\\/07\\\/IT-Logix_Bild1_ps.jpg\",\"width\":680,\"height\":481,\"caption\":\"R\u00fcckblick auf MAKE BI 2023. (Bild: www.it-logix.ch)\"},{\"@type\":\"BreadcrumbList\",\"@id\":\"https:\\\/\\\/www.organisator.ch\\\/management\\\/2024-07-23\\\/microsoft-bi-praxistag-it-logix-laedt-auf-den-uetliberg\\\/#breadcrumb\",\"itemListElement\":[{\"@type\":\"ListItem\",\"position\":1,\"name\":\"Home\",\"item\":\"https:\\\/\\\/www.organisator.ch\\\/\"},{\"@type\":\"ListItem\",\"position\":2,\"name\":\"Microsoft BI-Praxistag: IT-Logix l\u00e4dt auf den Uetliberg\"}]},{\"@type\":\"WebSite\",\"@id\":\"https:\\\/\\\/www.organisator.ch\\\/#website\",\"url\":\"https:\\\/\\\/www.organisator.ch\\\/\",\"name\":\"Organisator\",\"description\":\"Kompetent. Praxisnah. Der ORGANISATOR bereitet in 10 Ausgaben pro Jahr die wesentlichen Themen f\u00fcr F\u00fchrungskr\u00e4fte von KMU auf.\",\"publisher\":{\"@id\":\"https:\\\/\\\/www.organisator.ch\\\/#organization\"},\"potentialAction\":[{\"@type\":\"SearchAction\",\"target\":{\"@type\":\"EntryPoint\",\"urlTemplate\":\"https:\\\/\\\/www.organisator.ch\\\/?s={search_term_string}\"},\"query-input\":{\"@type\":\"PropertyValueSpecification\",\"valueRequired\":true,\"valueName\":\"search_term_string\"}}],\"inLanguage\":\"de\"},{\"@type\":\"Organization\",\"@id\":\"https:\\\/\\\/www.organisator.ch\\\/#organization\",\"name\":\"Organisator\",\"url\":\"https:\\\/\\\/www.organisator.ch\\\/\",\"logo\":{\"@type\":\"ImageObject\",\"inLanguage\":\"de\",\"@id\":\"https:\\\/\\\/www.organisator.ch\\\/#\\\/schema\\\/logo\\\/image\\\/\",\"url\":\"https:\\\/\\\/www.organisator.ch\\\/wp-content\\\/uploads\\\/2022\\\/01\\\/Logo_Organisator_Website.png\",\"contentUrl\":\"https:\\\/\\\/www.organisator.ch\\\/wp-content\\\/uploads\\\/2022\\\/01\\\/Logo_Organisator_Website.png\",\"width\":800,\"height\":77,\"caption\":\"Organisator\"},\"image\":{\"@id\":\"https:\\\/\\\/www.organisator.ch\\\/#\\\/schema\\\/logo\\\/image\\\/\"},\"sameAs\":[\"https:\\\/\\\/www.facebook.com\\\/OrganisatorFachmagazin\",\"https:\\\/\\\/www.linkedin.com\\\/showcase\\\/organisator-das-magazin-fr-kmu\",\"https:\\\/\\\/www.xing.com\\\/news\\\/pages\\\/organisator-ch-695\",\"https:\\\/\\\/www.youtube.com\\\/channel\\\/UCGP2Sq0iWaZwT3BdIAQFYpw\"]},{\"@type\":\"Person\",\"@id\":\"https:\\\/\\\/www.organisator.ch\\\/#\\\/schema\\\/person\\\/2e1314a2172123f874db408d8911d3f3\",\"name\":\"Adelisa Kalajdzini\",\"image\":{\"@type\":\"ImageObject\",\"inLanguage\":\"de\",\"@id\":\"https:\\\/\\\/secure.gravatar.com\\\/avatar\\\/09a397c22ac58cad6f160ee8306348599df9df58a8ede73696226897b9fa4b24?s=96&d=mm&r=g\",\"url\":\"https:\\\/\\\/secure.gravatar.com\\\/avatar\\\/09a397c22ac58cad6f160ee8306348599df9df58a8ede73696226897b9fa4b24?s=96&d=mm&r=g\",\"contentUrl\":\"https:\\\/\\\/secure.gravatar.com\\\/avatar\\\/09a397c22ac58cad6f160ee8306348599df9df58a8ede73696226897b9fa4b24?s=96&d=mm&r=g\",\"caption\":\"Adelisa Kalajdzini\"},\"url\":\"https:\\\/\\\/www.organisator.ch\\\/de\\\/author\\\/adelisa-kalajdzini\\\/\"}]}<\/script>\n<!-- \/ Yoast SEO plugin. -->","yoast_head_json":{"title":"Microsoft BI-Praxistag: IT-Logix l\u00e4dt auf den Uetliberg - Organisator","description":"Das IT-Beratungshaus IT-Logix l\u00e4dt am 17. September 2024 auf den Uetliberg bei Z\u00fcrich zum Microsoft BI Arbeitskreis MAKE BI.","robots":{"index":"index","follow":"follow","max-snippet":"max-snippet:-1","max-image-preview":"max-image-preview:large","max-video-preview":"max-video-preview:-1"},"canonical":"https:\/\/www.organisator.ch\/de\/management\/2024-07-23\/microsoft-bi-praxistag-it-logix-laedt-auf-den-uetliberg\/","og_locale":"de_DE","og_type":"article","og_title":"Microsoft BI-Praxistag: IT-Logix l\u00e4dt auf den Uetliberg","og_description":"Das IT-Beratungshaus IT-Logix l\u00e4dt am 17. September 2024 auf den Uetliberg bei Z\u00fcrich zum Microsoft BI Arbeitskreis MAKE BI.","og_url":"https:\/\/www.organisator.ch\/de\/management\/2024-07-23\/microsoft-bi-praxistag-it-logix-laedt-auf-den-uetliberg\/","og_site_name":"Organisator","article_publisher":"https:\/\/www.facebook.com\/OrganisatorFachmagazin","article_published_time":"2024-07-23T11:40:58+00:00","og_image":[{"width":680,"height":481,"url":"https:\/\/www.organisator.ch\/wp-content\/uploads\/2024\/07\/IT-Logix_Bild1_ps.jpg","type":"image\/jpeg"}],"author":"Adelisa Kalajdzini","twitter_card":"summary_large_image","twitter_title":"Microsoft BI-Praxistag: IT-Logix l\u00e4dt auf den Uetliberg","twitter_description":"Das #IT-Beratungshaus #IT-Logix l\u00e4dt am 17. September 2024 auf den #Uetliberg bei Z\u00fcrich zum Microsoft BI Arbeitskreis #MAKE #BI.","twitter_image":"https:\/\/www.organisator.ch\/wp-content\/uploads\/2024\/07\/IT-Logix_Bild1_ps.jpg","schema":{"@context":"https:\/\/schema.org","@graph":[{"@type":"Article","@id":"https:\/\/www.organisator.ch\/management\/2024-07-23\/microsoft-bi-praxistag-it-logix-laedt-auf-den-uetliberg\/#article","isPartOf":{"@id":"https:\/\/www.organisator.ch\/management\/2024-07-23\/microsoft-bi-praxistag-it-logix-laedt-auf-den-uetliberg\/"},"author":{"name":"Adelisa Kalajdzini","@id":"https:\/\/www.organisator.ch\/#\/schema\/person\/2e1314a2172123f874db408d8911d3f3"},"headline":"Microsoft BI-Praxistag: IT-Logix l\u00e4dt auf den Uetliberg","datePublished":"2024-07-23T11:40:58+00:00","mainEntityOfPage":{"@id":"https:\/\/www.organisator.ch\/management\/2024-07-23\/microsoft-bi-praxistag-it-logix-laedt-auf-den-uetliberg\/"},"wordCount":199,"publisher":{"@id":"https:\/\/www.organisator.ch\/#organization"},"image":{"@id":"https:\/\/www.organisator.ch\/management\/2024-07-23\/microsoft-bi-praxistag-it-logix-laedt-auf-den-uetliberg\/#primaryimage"},"thumbnailUrl":"https:\/\/www.organisator.ch\/wp-content\/uploads\/2024\/07\/IT-Logix_Bild1_ps.jpg","keywords":["MAKE BI","Schweiz","Unternehmen","Veranstaltungen"],"articleSection":["MANAGEMENT"],"inLanguage":"de"},{"@type":"WebPage","@id":"https:\/\/www.organisator.ch\/management\/2024-07-23\/microsoft-bi-praxistag-it-logix-laedt-auf-den-uetliberg\/","url":"https:\/\/www.organisator.ch\/management\/2024-07-23\/microsoft-bi-praxistag-it-logix-laedt-auf-den-uetliberg\/","name":"Microsoft BI-Praxistag: IT-Logix l\u00e4dt auf den Uetliberg - Organisator","isPartOf":{"@id":"https:\/\/www.organisator.ch\/#website"},"primaryImageOfPage":{"@id":"https:\/\/www.organisator.ch\/management\/2024-07-23\/microsoft-bi-praxistag-it-logix-laedt-auf-den-uetliberg\/#primaryimage"},"image":{"@id":"https:\/\/www.organisator.ch\/management\/2024-07-23\/microsoft-bi-praxistag-it-logix-laedt-auf-den-uetliberg\/#primaryimage"},"thumbnailUrl":"https:\/\/www.organisator.ch\/wp-content\/uploads\/2024\/07\/IT-Logix_Bild1_ps.jpg","datePublished":"2024-07-23T11:40:58+00:00","description":"Das IT-Beratungshaus IT-Logix l\u00e4dt am 17. September 2024 auf den Uetliberg bei Z\u00fcrich zum Microsoft BI Arbeitskreis MAKE BI.","breadcrumb":{"@id":"https:\/\/www.organisator.ch\/management\/2024-07-23\/microsoft-bi-praxistag-it-logix-laedt-auf-den-uetliberg\/#breadcrumb"},"inLanguage":"de","potentialAction":[{"@type":"ReadAction","target":["https:\/\/www.organisator.ch\/management\/2024-07-23\/microsoft-bi-praxistag-it-logix-laedt-auf-den-uetliberg\/"]}]},{"@type":"ImageObject","inLanguage":"de","@id":"https:\/\/www.organisator.ch\/management\/2024-07-23\/microsoft-bi-praxistag-it-logix-laedt-auf-den-uetliberg\/#primaryimage","url":"https:\/\/www.organisator.ch\/wp-content\/uploads\/2024\/07\/IT-Logix_Bild1_ps.jpg","contentUrl":"https:\/\/www.organisator.ch\/wp-content\/uploads\/2024\/07\/IT-Logix_Bild1_ps.jpg","width":680,"height":481,"caption":"R\u00fcckblick auf MAKE BI 2023. (Bild: www.it-logix.ch)"},{"@type":"BreadcrumbList","@id":"https:\/\/www.organisator.ch\/management\/2024-07-23\/microsoft-bi-praxistag-it-logix-laedt-auf-den-uetliberg\/#breadcrumb","itemListElement":[{"@type":"ListItem","position":1,"name":"Home","item":"https:\/\/www.organisator.ch\/"},{"@type":"ListItem","position":2,"name":"Microsoft BI-Praxistag: IT-Logix l\u00e4dt auf den Uetliberg"}]},{"@type":"WebSite","@id":"https:\/\/www.organisator.ch\/#website","url":"https:\/\/www.organisator.ch\/","name":"Organisator","description":"Kompetent. Praxisnah. Der ORGANISATOR bereitet in 10 Ausgaben pro Jahr die wesentlichen Themen f\u00fcr F\u00fchrungskr\u00e4fte von KMU auf.","publisher":{"@id":"https:\/\/www.organisator.ch\/#organization"},"potentialAction":[{"@type":"SearchAction","target":{"@type":"EntryPoint","urlTemplate":"https:\/\/www.organisator.ch\/?s={search_term_string}"},"query-input":{"@type":"PropertyValueSpecification","valueRequired":true,"valueName":"search_term_string"}}],"inLanguage":"de"},{"@type":"Organization","@id":"https:\/\/www.organisator.ch\/#organization","name":"Organisator","url":"https:\/\/www.organisator.ch\/","logo":{"@type":"ImageObject","inLanguage":"de","@id":"https:\/\/www.organisator.ch\/#\/schema\/logo\/image\/","url":"https:\/\/www.organisator.ch\/wp-content\/uploads\/2022\/01\/Logo_Organisator_Website.png","contentUrl":"https:\/\/www.organisator.ch\/wp-content\/uploads\/2022\/01\/Logo_Organisator_Website.png","width":800,"height":77,"caption":"Organisator"},"image":{"@id":"https:\/\/www.organisator.ch\/#\/schema\/logo\/image\/"},"sameAs":["https:\/\/www.facebook.com\/OrganisatorFachmagazin","https:\/\/www.linkedin.com\/showcase\/organisator-das-magazin-fr-kmu","https:\/\/www.xing.com\/news\/pages\/organisator-ch-695","https:\/\/www.youtube.com\/channel\/UCGP2Sq0iWaZwT3BdIAQFYpw"]},{"@type":"Person","@id":"https:\/\/www.organisator.ch\/#\/schema\/person\/2e1314a2172123f874db408d8911d3f3","name":"Adelisa Kalajdzini","image":{"@type":"ImageObject","inLanguage":"de","@id":"https:\/\/secure.gravatar.com\/avatar\/09a397c22ac58cad6f160ee8306348599df9df58a8ede73696226897b9fa4b24?s=96&d=mm&r=g","url":"https:\/\/secure.gravatar.com\/avatar\/09a397c22ac58cad6f160ee8306348599df9df58a8ede73696226897b9fa4b24?s=96&d=mm&r=g","contentUrl":"https:\/\/secure.gravatar.com\/avatar\/09a397c22ac58cad6f160ee8306348599df9df58a8ede73696226897b9fa4b24?s=96&d=mm&r=g","caption":"Adelisa Kalajdzini"},"url":"https:\/\/www.organisator.ch\/de\/author\/adelisa-kalajdzini\/"}]}},"_links":{"self":[{"href":"https:\/\/www.organisator.ch\/de\/wp-json\/wp\/v2\/posts\/28471","targetHints":{"allow":["GET"]}}],"collection":[{"href":"https:\/\/www.organisator.ch\/de\/wp-json\/wp\/v2\/posts"}],"about":[{"href":"https:\/\/www.organisator.ch\/de\/wp-json\/wp\/v2\/types\/post"}],"author":[{"embeddable":true,"href":"https:\/\/www.organisator.ch\/de\/wp-json\/wp\/v2\/users\/58"}],"replies":[{"embeddable":true,"href":"https:\/\/www.organisator.ch\/de\/wp-json\/wp\/v2\/comments?post=28471"}],"version-history":[{"count":6,"href":"https:\/\/www.organisator.ch\/de\/wp-json\/wp\/v2\/posts\/28471\/revisions"}],"predecessor-version":[{"id":28510,"href":"https:\/\/www.organisator.ch\/de\/wp-json\/wp\/v2\/posts\/28471\/revisions\/28510"}],"wp:featuredmedia":[{"embeddable":true,"href":"https:\/\/www.organisator.ch\/de\/wp-json\/wp\/v2\/media\/28473"}],"wp:attachment":[{"href":"https:\/\/www.organisator.ch\/de\/wp-json\/wp\/v2\/media?parent=28471"}],"wp:term":[{"taxonomy":"category","embeddable":true,"href":"https:\/\/www.organisator.ch\/de\/wp-json\/wp\/v2\/categories?post=28471"},{"taxonomy":"post_tag","embeddable":true,"href":"https:\/\/www.organisator.ch\/de\/wp-json\/wp\/v2\/tags?post=28471"}],"curies":[{"name":"wp","href":"https:\/\/api.w.org\/{rel}","templated":true}]}}