{"id":2850,"date":"2020-03-02T11:14:59","date_gmt":"2020-03-02T10:14:59","guid":{"rendered":"https:\/\/www.umweltperspektiven.ch\/?p=2850"},"modified":"2022-02-09T11:10:00","modified_gmt":"2022-02-09T10:10:00","slug":"standaktion-plastikfreier-badener-markt","status":"publish","type":"post","link":"https:\/\/www.organisator.ch\/de\/sustainability\/2020-03-02\/standaktion-plastikfreier-badener-markt\/","title":{"rendered":"Standaktion &#8222;Plastikfreier Badener Markt&#8220;"},"content":{"rendered":"<figure id=\"attachment_2851\" aria-describedby=\"caption-attachment-2851\" style=\"width: 680px\" class=\"wp-caption alignnone\"><img loading=\"lazy\" decoding=\"async\" class=\"size-medium wp-image-2851\" src=\"\/\/www.umweltperspektiven.ch\/wp-content\/uploads\/2020\/03\/09_Untere_Altstadt_Baden.jpg\" alt=\"\" width=\"680\" height=\"453\" srcset=\"https:\/\/www.organisator.ch\/wp-content\/uploads\/2020\/03\/09_Untere_Altstadt_Baden.jpg 2500w, https:\/\/www.organisator.ch\/wp-content\/uploads\/2020\/03\/09_Untere_Altstadt_Baden-680x453.jpg 680w, https:\/\/www.organisator.ch\/wp-content\/uploads\/2020\/03\/09_Untere_Altstadt_Baden-1024x683.jpg 1024w, https:\/\/www.organisator.ch\/wp-content\/uploads\/2020\/03\/09_Untere_Altstadt_Baden-768x512.jpg 768w, https:\/\/www.organisator.ch\/wp-content\/uploads\/2020\/03\/09_Untere_Altstadt_Baden-1536x1024.jpg 1536w, https:\/\/www.organisator.ch\/wp-content\/uploads\/2020\/03\/09_Untere_Altstadt_Baden-2048x1366.jpg 2048w, https:\/\/www.organisator.ch\/wp-content\/uploads\/2020\/03\/09_Untere_Altstadt_Baden-18x12.jpg 18w, https:\/\/www.organisator.ch\/wp-content\/uploads\/2020\/03\/09_Untere_Altstadt_Baden-262x175.jpg 262w, https:\/\/www.organisator.ch\/wp-content\/uploads\/2020\/03\/09_Untere_Altstadt_Baden-525x350.jpg 525w, https:\/\/www.organisator.ch\/wp-content\/uploads\/2020\/03\/09_Untere_Altstadt_Baden-1200x800.jpg 1200w, https:\/\/www.organisator.ch\/wp-content\/uploads\/2020\/03\/09_Untere_Altstadt_Baden-920x613.jpg 920w, https:\/\/www.organisator.ch\/wp-content\/uploads\/2020\/03\/09_Untere_Altstadt_Baden-1400x934.jpg 1400w, https:\/\/www.organisator.ch\/wp-content\/uploads\/2020\/03\/09_Untere_Altstadt_Baden-300x200.jpg 300w\" sizes=\"auto, (max-width: 680px) 100vw, 680px\" \/><figcaption id=\"caption-attachment-2851\" class=\"wp-caption-text\">Das Projekt &#8222;Plastikfreier Badener Markt&#8220; ist eines von drei Preistr\u00e4gern des Badener Umweltpreises 2019. (Bild: Stadt Baden)<\/figcaption><\/figure>\n<p class=\"news-title\"><span style=\"font-size: 16px;\">Das Projekt \u201ePlastikfreier Badener Markt\u201c verfolgt das Ziel, \u201elangfristig eine nachhaltige und funktionale Mehrweg-Alternative zu den Plastiks\u00e4cken auf dem Badener Markt zu etablieren\u201c, wie es in einer\u00a0<\/span><a style=\"font-size: 16px;\" href=\"\/\/www.baden.ch\/de\/stadt-behoerde\/medien\/aktuell\/aktuelles.html\/1075\/news\/7916\" target=\"_blank\" rel=\"noopener\">Medienmitteilung<\/a><span style=\"font-size: 16px;\">\u00a0der\u00a0<\/span><a style=\"font-size: 16px;\" href=\"\/\/www.baden.ch\/\" target=\"_blank\" rel=\"noopener\">Stadt Baden<\/a><span style=\"font-size: 16px;\">\u00a0heisst. Aktuell befindet sich das Projekt noch im Ausarbeitungsprozess, in welchem verschiedene Ans\u00e4tze gepr\u00fcft werden.<\/span><\/p>\n<div class=\"news-content\">\n<p class=\"bodytext\">Teil dieses Prozesses ist auch die Sensibilisierung \u201eauf verschiedenen Ebenen und damit auch bei den Marktbesuchenden\u201c. Dazu dient eine Aktion, die am Samstag, den 7. M\u00e4rz, zwischen 8 Uhr und 11.30 Uhr stattfindet. Die Besuchenden des Badener Marktes werden dabei aufgefordert, ihre Taschen, T\u00fcten und Beutel mitzubringen, da die nachhaltigste Tasche diejenige sei, \u201edie Sie schon haben\u201c.<\/p>\n<p class=\"bodytext\">Am Stand gegen\u00fcber dem L\u00f6wenbrunnen in der Weiten Gasse k\u00f6nnen diese Taschen dann mit der Marktfrau, dem Logo des Badener Marktes, bedruckt werden.<\/p>\n<\/div>\n<p><strong>Badener Umweltpreis 2019<\/strong><\/p>\n<p>Das Projekt &#8222;Plastikfreier Badener Markt&#8220; ist eines von drei Preistr\u00e4gern des Badener Umweltpreises 2019. Ziel des Projekts ist es, langfristig eine nachhaltige und funktionale Mehrweg-Alternative zu den Plastiks\u00e4cken auf dem Badener Markt zu etablieren. Derzeit befindet sich das Projekt im Ausarbeitungsprozess, in dem verschiedene Alternativen gepr\u00fcft werden. Zu diesem Prozess geh\u00f6rt auch, dass eine Sensibilisierung auf verschiedenen Ebenen und damit auch bei den Marktbesuchenden ansetzt. Daher starten wir mit der Aufforderung, die eigene Tasche zum Einkauf mitzubringen.<\/p>\n<div class=\"news-content\">\n<p><em>Die Standaktion findet am Samstag, dem 7. M\u00e4rz zwischen 8.00 und 11.30 Uhr gegen\u00fcber dem L\u00f6wenbrunnen in der Weiten Gasse statt. Am Stand k\u00f6nnen Marktbesuchende selbst mitgebrachte Taschen mit der Marktfrau, dem Logo des Badener Marktes, bedrucken lassen.<\/em><\/p>\n<\/div>\n","protected":false},"excerpt":{"rendered":"<p>Das Projekt \u201ePlastikfreier Badener Markt\u201c verfolgt das Ziel, \u201elangfristig eine nachhaltige und funktionale Mehrweg-Alternative zu den Plastiks\u00e4cken auf dem Badener Markt zu etablieren\u201c, wie es in einer\u00a0Medienmitteilung\u00a0der\u00a0Stadt Baden\u00a0heisst. Aktuell befindet sich das Projekt noch im Ausarbeitungsprozess, in welchem verschiedene Ans\u00e4tze gepr\u00fcft werden. Teil dieses Prozesses ist auch die Sensibilisierung \u201eauf verschiedenen Ebenen und damit auch [&hellip;]<\/p>\n","protected":false},"author":5,"featured_media":2851,"comment_status":"closed","ping_status":"closed","sticky":false,"template":"","format":"standard","meta":{"_acf_changed":false,"_yoast_wpseo_focuskw":"Plastikfreier Badener Markt","_yoast_wpseo_metadesc":"Das Projekt \u201ePlastikfreier Badener Markt\u201c will in seiner jetzigen Phase auch die Marktbesuchenden f\u00fcr das Plastikproblem sensibilisieren.","articlekey":"","footnotes":""},"categories":[580],"tags":[761,1558,1917,424,2372],"class_list":["post-2850","post","type-post","status-publish","format-standard","has-post-thumbnail","hentry","category-sustainability","tag-baden","tag-konsumverhalten","tag-plastik","tag-schweiz","tag-umweltpreis"],"acf":[],"yoast_head":"<!-- This site is optimized with the Yoast SEO plugin v27.5 - https:\/\/yoast.com\/product\/yoast-seo-wordpress\/ -->\n<title>Standaktion &quot;Plastikfreier Badener Markt&quot; - Organisator<\/title>\n<meta name=\"description\" content=\"Das Projekt \u201ePlastikfreier Badener Markt\u201c will in seiner jetzigen Phase auch die Marktbesuchenden f\u00fcr das Plastikproblem sensibilisieren.\" \/>\n<meta name=\"robots\" content=\"index, follow, max-snippet:-1, max-image-preview:large, max-video-preview:-1\" \/>\n<link rel=\"canonical\" href=\"https:\/\/www.organisator.ch\/de\/sustainability\/2020-03-02\/standaktion-plastikfreier-badener-markt\/\" \/>\n<meta property=\"og:locale\" content=\"de_DE\" \/>\n<meta property=\"og:type\" content=\"article\" \/>\n<meta property=\"og:title\" content=\"Standaktion &quot;Plastikfreier Badener Markt&quot; - Organisator\" \/>\n<meta property=\"og:description\" content=\"Das Projekt \u201ePlastikfreier Badener Markt\u201c will in seiner jetzigen Phase auch die Marktbesuchenden f\u00fcr das Plastikproblem sensibilisieren.\" \/>\n<meta property=\"og:url\" content=\"https:\/\/www.organisator.ch\/de\/sustainability\/2020-03-02\/standaktion-plastikfreier-badener-markt\/\" \/>\n<meta property=\"og:site_name\" content=\"Organisator\" \/>\n<meta property=\"article:publisher\" content=\"https:\/\/www.facebook.com\/OrganisatorFachmagazin\" \/>\n<meta property=\"article:published_time\" content=\"2020-03-02T10:14:59+00:00\" \/>\n<meta property=\"article:modified_time\" content=\"2022-02-09T10:10:00+00:00\" \/>\n<meta property=\"og:image\" content=\"https:\/\/www.organisator.ch\/wp-content\/uploads\/2020\/03\/09_Untere_Altstadt_Baden-1024x683.jpg\" \/>\n\t<meta property=\"og:image:width\" content=\"1024\" \/>\n\t<meta property=\"og:image:height\" content=\"683\" \/>\n\t<meta property=\"og:image:type\" content=\"image\/jpeg\" \/>\n<meta name=\"author\" content=\"michael.merz\" \/>\n<meta name=\"twitter:card\" content=\"summary_large_image\" \/>\n<script type=\"application\/ld+json\" class=\"yoast-schema-graph\">{\"@context\":\"https:\\\/\\\/schema.org\",\"@graph\":[{\"@type\":\"Article\",\"@id\":\"https:\\\/\\\/www.organisator.ch\\\/sustainability\\\/2020-03-02\\\/standaktion-plastikfreier-badener-markt\\\/#article\",\"isPartOf\":{\"@id\":\"https:\\\/\\\/www.organisator.ch\\\/sustainability\\\/2020-03-02\\\/standaktion-plastikfreier-badener-markt\\\/\"},\"author\":{\"name\":\"michael.merz\",\"@id\":\"https:\\\/\\\/www.organisator.ch\\\/#\\\/schema\\\/person\\\/134708ca9321c57b0362cceb7948ffbd\"},\"headline\":\"Standaktion &#8222;Plastikfreier Badener Markt&#8220;\",\"datePublished\":\"2020-03-02T10:14:59+00:00\",\"dateModified\":\"2022-02-09T10:10:00+00:00\",\"mainEntityOfPage\":{\"@id\":\"https:\\\/\\\/www.organisator.ch\\\/sustainability\\\/2020-03-02\\\/standaktion-plastikfreier-badener-markt\\\/\"},\"wordCount\":280,\"publisher\":{\"@id\":\"https:\\\/\\\/www.organisator.ch\\\/#organization\"},\"image\":{\"@id\":\"https:\\\/\\\/www.organisator.ch\\\/sustainability\\\/2020-03-02\\\/standaktion-plastikfreier-badener-markt\\\/#primaryimage\"},\"thumbnailUrl\":\"https:\\\/\\\/www.organisator.ch\\\/wp-content\\\/uploads\\\/2020\\\/03\\\/09_Untere_Altstadt_Baden.jpg\",\"keywords\":[\"Baden\",\"Konsumverhalten\",\"Plastik\",\"Schweiz\",\"Umweltpreis\"],\"articleSection\":[\"SUSTAINABILITY\"],\"inLanguage\":\"de\"},{\"@type\":\"WebPage\",\"@id\":\"https:\\\/\\\/www.organisator.ch\\\/sustainability\\\/2020-03-02\\\/standaktion-plastikfreier-badener-markt\\\/\",\"url\":\"https:\\\/\\\/www.organisator.ch\\\/sustainability\\\/2020-03-02\\\/standaktion-plastikfreier-badener-markt\\\/\",\"name\":\"Standaktion \\\"Plastikfreier Badener Markt\\\" - Organisator\",\"isPartOf\":{\"@id\":\"https:\\\/\\\/www.organisator.ch\\\/#website\"},\"primaryImageOfPage\":{\"@id\":\"https:\\\/\\\/www.organisator.ch\\\/sustainability\\\/2020-03-02\\\/standaktion-plastikfreier-badener-markt\\\/#primaryimage\"},\"image\":{\"@id\":\"https:\\\/\\\/www.organisator.ch\\\/sustainability\\\/2020-03-02\\\/standaktion-plastikfreier-badener-markt\\\/#primaryimage\"},\"thumbnailUrl\":\"https:\\\/\\\/www.organisator.ch\\\/wp-content\\\/uploads\\\/2020\\\/03\\\/09_Untere_Altstadt_Baden.jpg\",\"datePublished\":\"2020-03-02T10:14:59+00:00\",\"dateModified\":\"2022-02-09T10:10:00+00:00\",\"description\":\"Das Projekt \u201ePlastikfreier Badener Markt\u201c will in seiner jetzigen Phase auch die Marktbesuchenden f\u00fcr das Plastikproblem sensibilisieren.\",\"breadcrumb\":{\"@id\":\"https:\\\/\\\/www.organisator.ch\\\/sustainability\\\/2020-03-02\\\/standaktion-plastikfreier-badener-markt\\\/#breadcrumb\"},\"inLanguage\":\"de\",\"potentialAction\":[{\"@type\":\"ReadAction\",\"target\":[\"https:\\\/\\\/www.organisator.ch\\\/sustainability\\\/2020-03-02\\\/standaktion-plastikfreier-badener-markt\\\/\"]}]},{\"@type\":\"ImageObject\",\"inLanguage\":\"de\",\"@id\":\"https:\\\/\\\/www.organisator.ch\\\/sustainability\\\/2020-03-02\\\/standaktion-plastikfreier-badener-markt\\\/#primaryimage\",\"url\":\"https:\\\/\\\/www.organisator.ch\\\/wp-content\\\/uploads\\\/2020\\\/03\\\/09_Untere_Altstadt_Baden.jpg\",\"contentUrl\":\"https:\\\/\\\/www.organisator.ch\\\/wp-content\\\/uploads\\\/2020\\\/03\\\/09_Untere_Altstadt_Baden.jpg\",\"width\":2500,\"height\":1667,\"caption\":\"Das Projekt \\\"Plastikfreier Badener Markt\\\" ist eines von drei Preistr\u00e4gern des Badener Umweltpreises 2019. (Bild: Stadt Baden)\"},{\"@type\":\"BreadcrumbList\",\"@id\":\"https:\\\/\\\/www.organisator.ch\\\/sustainability\\\/2020-03-02\\\/standaktion-plastikfreier-badener-markt\\\/#breadcrumb\",\"itemListElement\":[{\"@type\":\"ListItem\",\"position\":1,\"name\":\"Home\",\"item\":\"https:\\\/\\\/www.organisator.ch\\\/\"},{\"@type\":\"ListItem\",\"position\":2,\"name\":\"Standaktion &#8222;Plastikfreier Badener Markt&#8220;\"}]},{\"@type\":\"WebSite\",\"@id\":\"https:\\\/\\\/www.organisator.ch\\\/#website\",\"url\":\"https:\\\/\\\/www.organisator.ch\\\/\",\"name\":\"Organisator\",\"description\":\"Kompetent. Praxisnah. Der ORGANISATOR bereitet in 10 Ausgaben pro Jahr die wesentlichen Themen f\u00fcr F\u00fchrungskr\u00e4fte von KMU auf.\",\"publisher\":{\"@id\":\"https:\\\/\\\/www.organisator.ch\\\/#organization\"},\"potentialAction\":[{\"@type\":\"SearchAction\",\"target\":{\"@type\":\"EntryPoint\",\"urlTemplate\":\"https:\\\/\\\/www.organisator.ch\\\/?s={search_term_string}\"},\"query-input\":{\"@type\":\"PropertyValueSpecification\",\"valueRequired\":true,\"valueName\":\"search_term_string\"}}],\"inLanguage\":\"de\"},{\"@type\":\"Organization\",\"@id\":\"https:\\\/\\\/www.organisator.ch\\\/#organization\",\"name\":\"Organisator\",\"url\":\"https:\\\/\\\/www.organisator.ch\\\/\",\"logo\":{\"@type\":\"ImageObject\",\"inLanguage\":\"de\",\"@id\":\"https:\\\/\\\/www.organisator.ch\\\/#\\\/schema\\\/logo\\\/image\\\/\",\"url\":\"https:\\\/\\\/www.organisator.ch\\\/wp-content\\\/uploads\\\/2022\\\/01\\\/Logo_Organisator_Website.png\",\"contentUrl\":\"https:\\\/\\\/www.organisator.ch\\\/wp-content\\\/uploads\\\/2022\\\/01\\\/Logo_Organisator_Website.png\",\"width\":800,\"height\":77,\"caption\":\"Organisator\"},\"image\":{\"@id\":\"https:\\\/\\\/www.organisator.ch\\\/#\\\/schema\\\/logo\\\/image\\\/\"},\"sameAs\":[\"https:\\\/\\\/www.facebook.com\\\/OrganisatorFachmagazin\",\"https:\\\/\\\/www.linkedin.com\\\/showcase\\\/organisator-das-magazin-fr-kmu\",\"https:\\\/\\\/www.xing.com\\\/news\\\/pages\\\/organisator-ch-695\",\"https:\\\/\\\/www.youtube.com\\\/channel\\\/UCGP2Sq0iWaZwT3BdIAQFYpw\"]},{\"@type\":\"Person\",\"@id\":\"https:\\\/\\\/www.organisator.ch\\\/#\\\/schema\\\/person\\\/134708ca9321c57b0362cceb7948ffbd\",\"name\":\"michael.merz\",\"image\":{\"@type\":\"ImageObject\",\"inLanguage\":\"de\",\"@id\":\"https:\\\/\\\/secure.gravatar.com\\\/avatar\\\/?s=96&d=mm&r=g\",\"url\":\"https:\\\/\\\/secure.gravatar.com\\\/avatar\\\/?s=96&d=mm&r=g\",\"contentUrl\":\"https:\\\/\\\/secure.gravatar.com\\\/avatar\\\/?s=96&d=mm&r=g\",\"caption\":\"michael.merz\"},\"url\":\"https:\\\/\\\/www.organisator.ch\\\/de\\\/author\\\/michael-merz\\\/\"}]}<\/script>\n<!-- \/ Yoast SEO plugin. -->","yoast_head_json":{"title":"Standaktion \"Plastikfreier Badener Markt\" - Organisator","description":"Das Projekt \u201ePlastikfreier Badener Markt\u201c will in seiner jetzigen Phase auch die Marktbesuchenden f\u00fcr das Plastikproblem sensibilisieren.","robots":{"index":"index","follow":"follow","max-snippet":"max-snippet:-1","max-image-preview":"max-image-preview:large","max-video-preview":"max-video-preview:-1"},"canonical":"https:\/\/www.organisator.ch\/de\/sustainability\/2020-03-02\/standaktion-plastikfreier-badener-markt\/","og_locale":"de_DE","og_type":"article","og_title":"Standaktion \"Plastikfreier Badener Markt\" - Organisator","og_description":"Das Projekt \u201ePlastikfreier Badener Markt\u201c will in seiner jetzigen Phase auch die Marktbesuchenden f\u00fcr das Plastikproblem sensibilisieren.","og_url":"https:\/\/www.organisator.ch\/de\/sustainability\/2020-03-02\/standaktion-plastikfreier-badener-markt\/","og_site_name":"Organisator","article_publisher":"https:\/\/www.facebook.com\/OrganisatorFachmagazin","article_published_time":"2020-03-02T10:14:59+00:00","article_modified_time":"2022-02-09T10:10:00+00:00","og_image":[{"width":1024,"height":683,"url":"https:\/\/www.organisator.ch\/wp-content\/uploads\/2020\/03\/09_Untere_Altstadt_Baden-1024x683.jpg","type":"image\/jpeg"}],"author":"michael.merz","twitter_card":"summary_large_image","schema":{"@context":"https:\/\/schema.org","@graph":[{"@type":"Article","@id":"https:\/\/www.organisator.ch\/sustainability\/2020-03-02\/standaktion-plastikfreier-badener-markt\/#article","isPartOf":{"@id":"https:\/\/www.organisator.ch\/sustainability\/2020-03-02\/standaktion-plastikfreier-badener-markt\/"},"author":{"name":"michael.merz","@id":"https:\/\/www.organisator.ch\/#\/schema\/person\/134708ca9321c57b0362cceb7948ffbd"},"headline":"Standaktion &#8222;Plastikfreier Badener Markt&#8220;","datePublished":"2020-03-02T10:14:59+00:00","dateModified":"2022-02-09T10:10:00+00:00","mainEntityOfPage":{"@id":"https:\/\/www.organisator.ch\/sustainability\/2020-03-02\/standaktion-plastikfreier-badener-markt\/"},"wordCount":280,"publisher":{"@id":"https:\/\/www.organisator.ch\/#organization"},"image":{"@id":"https:\/\/www.organisator.ch\/sustainability\/2020-03-02\/standaktion-plastikfreier-badener-markt\/#primaryimage"},"thumbnailUrl":"https:\/\/www.organisator.ch\/wp-content\/uploads\/2020\/03\/09_Untere_Altstadt_Baden.jpg","keywords":["Baden","Konsumverhalten","Plastik","Schweiz","Umweltpreis"],"articleSection":["SUSTAINABILITY"],"inLanguage":"de"},{"@type":"WebPage","@id":"https:\/\/www.organisator.ch\/sustainability\/2020-03-02\/standaktion-plastikfreier-badener-markt\/","url":"https:\/\/www.organisator.ch\/sustainability\/2020-03-02\/standaktion-plastikfreier-badener-markt\/","name":"Standaktion \"Plastikfreier Badener Markt\" - Organisator","isPartOf":{"@id":"https:\/\/www.organisator.ch\/#website"},"primaryImageOfPage":{"@id":"https:\/\/www.organisator.ch\/sustainability\/2020-03-02\/standaktion-plastikfreier-badener-markt\/#primaryimage"},"image":{"@id":"https:\/\/www.organisator.ch\/sustainability\/2020-03-02\/standaktion-plastikfreier-badener-markt\/#primaryimage"},"thumbnailUrl":"https:\/\/www.organisator.ch\/wp-content\/uploads\/2020\/03\/09_Untere_Altstadt_Baden.jpg","datePublished":"2020-03-02T10:14:59+00:00","dateModified":"2022-02-09T10:10:00+00:00","description":"Das Projekt \u201ePlastikfreier Badener Markt\u201c will in seiner jetzigen Phase auch die Marktbesuchenden f\u00fcr das Plastikproblem sensibilisieren.","breadcrumb":{"@id":"https:\/\/www.organisator.ch\/sustainability\/2020-03-02\/standaktion-plastikfreier-badener-markt\/#breadcrumb"},"inLanguage":"de","potentialAction":[{"@type":"ReadAction","target":["https:\/\/www.organisator.ch\/sustainability\/2020-03-02\/standaktion-plastikfreier-badener-markt\/"]}]},{"@type":"ImageObject","inLanguage":"de","@id":"https:\/\/www.organisator.ch\/sustainability\/2020-03-02\/standaktion-plastikfreier-badener-markt\/#primaryimage","url":"https:\/\/www.organisator.ch\/wp-content\/uploads\/2020\/03\/09_Untere_Altstadt_Baden.jpg","contentUrl":"https:\/\/www.organisator.ch\/wp-content\/uploads\/2020\/03\/09_Untere_Altstadt_Baden.jpg","width":2500,"height":1667,"caption":"Das Projekt \"Plastikfreier Badener Markt\" ist eines von drei Preistr\u00e4gern des Badener Umweltpreises 2019. (Bild: Stadt Baden)"},{"@type":"BreadcrumbList","@id":"https:\/\/www.organisator.ch\/sustainability\/2020-03-02\/standaktion-plastikfreier-badener-markt\/#breadcrumb","itemListElement":[{"@type":"ListItem","position":1,"name":"Home","item":"https:\/\/www.organisator.ch\/"},{"@type":"ListItem","position":2,"name":"Standaktion &#8222;Plastikfreier Badener Markt&#8220;"}]},{"@type":"WebSite","@id":"https:\/\/www.organisator.ch\/#website","url":"https:\/\/www.organisator.ch\/","name":"Organisator","description":"Kompetent. Praxisnah. Der ORGANISATOR bereitet in 10 Ausgaben pro Jahr die wesentlichen Themen f\u00fcr F\u00fchrungskr\u00e4fte von KMU auf.","publisher":{"@id":"https:\/\/www.organisator.ch\/#organization"},"potentialAction":[{"@type":"SearchAction","target":{"@type":"EntryPoint","urlTemplate":"https:\/\/www.organisator.ch\/?s={search_term_string}"},"query-input":{"@type":"PropertyValueSpecification","valueRequired":true,"valueName":"search_term_string"}}],"inLanguage":"de"},{"@type":"Organization","@id":"https:\/\/www.organisator.ch\/#organization","name":"Organisator","url":"https:\/\/www.organisator.ch\/","logo":{"@type":"ImageObject","inLanguage":"de","@id":"https:\/\/www.organisator.ch\/#\/schema\/logo\/image\/","url":"https:\/\/www.organisator.ch\/wp-content\/uploads\/2022\/01\/Logo_Organisator_Website.png","contentUrl":"https:\/\/www.organisator.ch\/wp-content\/uploads\/2022\/01\/Logo_Organisator_Website.png","width":800,"height":77,"caption":"Organisator"},"image":{"@id":"https:\/\/www.organisator.ch\/#\/schema\/logo\/image\/"},"sameAs":["https:\/\/www.facebook.com\/OrganisatorFachmagazin","https:\/\/www.linkedin.com\/showcase\/organisator-das-magazin-fr-kmu","https:\/\/www.xing.com\/news\/pages\/organisator-ch-695","https:\/\/www.youtube.com\/channel\/UCGP2Sq0iWaZwT3BdIAQFYpw"]},{"@type":"Person","@id":"https:\/\/www.organisator.ch\/#\/schema\/person\/134708ca9321c57b0362cceb7948ffbd","name":"michael.merz","image":{"@type":"ImageObject","inLanguage":"de","@id":"https:\/\/secure.gravatar.com\/avatar\/?s=96&d=mm&r=g","url":"https:\/\/secure.gravatar.com\/avatar\/?s=96&d=mm&r=g","contentUrl":"https:\/\/secure.gravatar.com\/avatar\/?s=96&d=mm&r=g","caption":"michael.merz"},"url":"https:\/\/www.organisator.ch\/de\/author\/michael-merz\/"}]}},"_links":{"self":[{"href":"https:\/\/www.organisator.ch\/de\/wp-json\/wp\/v2\/posts\/2850","targetHints":{"allow":["GET"]}}],"collection":[{"href":"https:\/\/www.organisator.ch\/de\/wp-json\/wp\/v2\/posts"}],"about":[{"href":"https:\/\/www.organisator.ch\/de\/wp-json\/wp\/v2\/types\/post"}],"author":[{"embeddable":true,"href":"https:\/\/www.organisator.ch\/de\/wp-json\/wp\/v2\/users\/5"}],"replies":[{"embeddable":true,"href":"https:\/\/www.organisator.ch\/de\/wp-json\/wp\/v2\/comments?post=2850"}],"version-history":[{"count":1,"href":"https:\/\/www.organisator.ch\/de\/wp-json\/wp\/v2\/posts\/2850\/revisions"}],"predecessor-version":[{"id":10848,"href":"https:\/\/www.organisator.ch\/de\/wp-json\/wp\/v2\/posts\/2850\/revisions\/10848"}],"wp:featuredmedia":[{"embeddable":true,"href":"https:\/\/www.organisator.ch\/de\/wp-json\/wp\/v2\/media\/2851"}],"wp:attachment":[{"href":"https:\/\/www.organisator.ch\/de\/wp-json\/wp\/v2\/media?parent=2850"}],"wp:term":[{"taxonomy":"category","embeddable":true,"href":"https:\/\/www.organisator.ch\/de\/wp-json\/wp\/v2\/categories?post=2850"},{"taxonomy":"post_tag","embeddable":true,"href":"https:\/\/www.organisator.ch\/de\/wp-json\/wp\/v2\/tags?post=2850"}],"curies":[{"name":"wp","href":"https:\/\/api.w.org\/{rel}","templated":true}]}}