{"id":2853,"date":"2020-03-02T11:41:36","date_gmt":"2020-03-02T10:41:36","guid":{"rendered":"https:\/\/www.umweltperspektiven.ch\/?p=2853"},"modified":"2024-11-07T06:13:20","modified_gmt":"2024-11-07T05:13:20","slug":"vollstaendig-abbaubare-hygienetuecher","status":"publish","type":"post","link":"https:\/\/www.organisator.ch\/de\/sustainability\/2020-03-02\/vollstaendig-abbaubare-hygienetuecher\/","title":{"rendered":"Vollst\u00e4ndig abbaubare Hygienet\u00fccher"},"content":{"rendered":"<figure id=\"attachment_2854\" aria-describedby=\"caption-attachment-2854\" style=\"width: 540px\" class=\"wp-caption alignnone\"><img loading=\"lazy\" decoding=\"async\" class=\"wp-image-2854 size-full\" src=\"https:\/\/www.organisator.ch\/wp-content\/uploads\/2020\/03\/mondi.jpg\" alt=\"Hygienet\u00fccher Mondi Ascania\" width=\"540\" height=\"424\" srcset=\"https:\/\/www.organisator.ch\/wp-content\/uploads\/2020\/03\/mondi.jpg 540w, https:\/\/www.organisator.ch\/wp-content\/uploads\/2020\/03\/mondi-15x12.jpg 15w, https:\/\/www.organisator.ch\/wp-content\/uploads\/2020\/03\/mondi-223x175.jpg 223w, https:\/\/www.organisator.ch\/wp-content\/uploads\/2020\/03\/mondi-446x350.jpg 446w, https:\/\/www.organisator.ch\/wp-content\/uploads\/2020\/03\/mondi-300x236.jpg 300w\" sizes=\"auto, (max-width: 540px) 100vw, 540px\" \/><figcaption id=\"caption-attachment-2854\" class=\"wp-caption-text\">Das Vliessmaterial ist vollst\u00e4ndig biologisch abbaubar. (Bild: Mondi Ascania)<\/figcaption><\/figure>\n<p class=\"bodytext\">Mondi Ascania\u00a0macht Hygienet\u00fccher biologisch abbaubar. Die neue dreilagige Linie verwendet 100 Prozent Zellulose, darunter auch Viskose und Zellstoff. Diese Materialien werden in zertifizierten Prozessen zusammengef\u00fcgt..<\/p>\n<p class=\"bodytext\">Die abbaubaren Hygienet\u00fccher selbst werden nicht gewoben, wie die deutsche Tochter des britisch-\u00f6sterreichischen Verpackungsherstellers in einer\u00a0<a href=\"\/\/www.mondigroup.com\/en\/newsroom\/wiping-unsustainable-worries-away-mondi-sets-its-sights-on-fully-biodegradable-nonwovens-for-wipes-with-new-cac-line\/\" target=\"_blank\" rel=\"noopener\">Mitteilung<\/a>\u00a0schreibt.<\/p>\n<p><strong>Effiziente Herstellung\u00a0\u00a0<\/strong><\/p>\n<p class=\"bodytext\">Das Vliessmaterial ist vollst\u00e4ndig biologisch abbaubar. Die neuen Hygienet\u00fccher bestehen aus drei Lagen und k\u00f6nnen auf einer einzigen Anlage hergestellt werden.<\/p>\n<p class=\"bodytext\">Mondi pr\u00e4sentiert seine biologisch abbaubaren Hygienet\u00fccher an der\u00a0<a href=\"\/\/www.indexnonwovens.com\/\" target=\"_blank\" rel=\"noopener\">Index 2020<\/a>. Die internationale Messe f\u00fcr Vliesstoffe findet vom 31. M\u00e4rz bis zum 2. April in Genf statt. Die Serienproduktion ist ab 2021 vorgesehen.<\/p>\n<p><em>Mehr Info (auf English) \u00fcber Mondi Ascania finden Sie\u00a0<a href=\"\/\/www.mondigroup.com\/en\/about-mondi\/where-we-operate\/our-locations\/europe\/germany\/mondi-ascania\/\">hier<\/a><\/em><\/p>\n","protected":false},"excerpt":{"rendered":"<p>Mondi Ascania\u00a0macht Hygienet\u00fccher biologisch abbaubar. Die neue dreilagige Linie verwendet 100 Prozent Zellulose, darunter auch Viskose und Zellstoff. Diese Materialien werden in zertifizierten Prozessen zusammengef\u00fcgt.. Die abbaubaren Hygienet\u00fccher selbst werden nicht gewoben, wie die deutsche Tochter des britisch-\u00f6sterreichischen Verpackungsherstellers in einer\u00a0Mitteilung\u00a0schreibt. Effiziente Herstellung\u00a0\u00a0 Das Vliessmaterial ist vollst\u00e4ndig biologisch abbaubar. Die neuen Hygienet\u00fccher bestehen aus drei [&hellip;]<\/p>\n","protected":false},"author":5,"featured_media":2854,"comment_status":"closed","ping_status":"closed","sticky":false,"template":"","format":"standard","meta":{"_acf_changed":false,"_yoast_wpseo_focuskw":"Hygienet\u00fccher Mondi Ascania","_yoast_wpseo_metadesc":"Mondi Ascania stellt biologisch abbaubare Hygienet\u00fccher her, die aus 100% Zellulose bestehen und umweltfreundlich sind.","articlekey":"","footnotes":""},"categories":[580],"tags":[653,828,1267,258],"class_list":["post-2853","post","type-post","status-publish","format-standard","has-post-thumbnail","hentry","category-sustainability","tag-abbaubare-stoffe","tag-biodegradable","tag-genf","tag-hygiene"],"acf":[],"yoast_head":"<!-- This site is optimized with the Yoast SEO plugin v27.4 - https:\/\/yoast.com\/product\/yoast-seo-wordpress\/ -->\n<title>Vollst\u00e4ndig abbaubare Hygienet\u00fccher - Organisator<\/title>\n<meta name=\"description\" content=\"Mondi Ascania stellt biologisch abbaubare Hygienet\u00fccher her, die aus 100% Zellulose bestehen und umweltfreundlich sind.\" \/>\n<meta name=\"robots\" content=\"index, follow, max-snippet:-1, max-image-preview:large, max-video-preview:-1\" \/>\n<link rel=\"canonical\" href=\"https:\/\/www.organisator.ch\/de\/sustainability\/2020-03-02\/vollstaendig-abbaubare-hygienetuecher\/\" \/>\n<meta property=\"og:locale\" content=\"de_DE\" \/>\n<meta property=\"og:type\" content=\"article\" \/>\n<meta property=\"og:title\" content=\"Vollst\u00e4ndig abbaubare Hygienet\u00fccher - Organisator\" \/>\n<meta property=\"og:description\" content=\"Mondi Ascania stellt biologisch abbaubare Hygienet\u00fccher her, die aus 100% Zellulose bestehen und umweltfreundlich sind.\" \/>\n<meta property=\"og:url\" content=\"https:\/\/www.organisator.ch\/de\/sustainability\/2020-03-02\/vollstaendig-abbaubare-hygienetuecher\/\" \/>\n<meta property=\"og:site_name\" content=\"Organisator\" \/>\n<meta property=\"article:publisher\" content=\"https:\/\/www.facebook.com\/OrganisatorFachmagazin\" \/>\n<meta property=\"article:published_time\" content=\"2020-03-02T10:41:36+00:00\" \/>\n<meta property=\"article:modified_time\" content=\"2024-11-07T05:13:20+00:00\" \/>\n<meta property=\"og:image\" content=\"https:\/\/www.organisator.ch\/wp-content\/uploads\/2020\/03\/mondi.jpg\" \/>\n\t<meta property=\"og:image:width\" content=\"540\" \/>\n\t<meta property=\"og:image:height\" content=\"424\" \/>\n\t<meta property=\"og:image:type\" content=\"image\/jpeg\" \/>\n<meta name=\"author\" content=\"michael.merz\" \/>\n<meta name=\"twitter:card\" content=\"summary_large_image\" \/>\n<script type=\"application\/ld+json\" class=\"yoast-schema-graph\">{\"@context\":\"https:\\\/\\\/schema.org\",\"@graph\":[{\"@type\":\"Article\",\"@id\":\"https:\\\/\\\/www.organisator.ch\\\/sustainability\\\/2020-03-02\\\/vollstaendig-abbaubare-hygienetuecher\\\/#article\",\"isPartOf\":{\"@id\":\"https:\\\/\\\/www.organisator.ch\\\/sustainability\\\/2020-03-02\\\/vollstaendig-abbaubare-hygienetuecher\\\/\"},\"author\":{\"name\":\"michael.merz\",\"@id\":\"https:\\\/\\\/www.organisator.ch\\\/#\\\/schema\\\/person\\\/134708ca9321c57b0362cceb7948ffbd\"},\"headline\":\"Vollst\u00e4ndig abbaubare Hygienet\u00fccher\",\"datePublished\":\"2020-03-02T10:41:36+00:00\",\"dateModified\":\"2024-11-07T05:13:20+00:00\",\"mainEntityOfPage\":{\"@id\":\"https:\\\/\\\/www.organisator.ch\\\/sustainability\\\/2020-03-02\\\/vollstaendig-abbaubare-hygienetuecher\\\/\"},\"wordCount\":137,\"publisher\":{\"@id\":\"https:\\\/\\\/www.organisator.ch\\\/#organization\"},\"image\":{\"@id\":\"https:\\\/\\\/www.organisator.ch\\\/sustainability\\\/2020-03-02\\\/vollstaendig-abbaubare-hygienetuecher\\\/#primaryimage\"},\"thumbnailUrl\":\"https:\\\/\\\/www.organisator.ch\\\/wp-content\\\/uploads\\\/2020\\\/03\\\/mondi.jpg\",\"keywords\":[\"abbaubare Stoffe\",\"Biodegradable\",\"Genf\",\"Hygiene\"],\"articleSection\":[\"SUSTAINABILITY\"],\"inLanguage\":\"de\"},{\"@type\":\"WebPage\",\"@id\":\"https:\\\/\\\/www.organisator.ch\\\/sustainability\\\/2020-03-02\\\/vollstaendig-abbaubare-hygienetuecher\\\/\",\"url\":\"https:\\\/\\\/www.organisator.ch\\\/sustainability\\\/2020-03-02\\\/vollstaendig-abbaubare-hygienetuecher\\\/\",\"name\":\"Vollst\u00e4ndig abbaubare Hygienet\u00fccher - Organisator\",\"isPartOf\":{\"@id\":\"https:\\\/\\\/www.organisator.ch\\\/#website\"},\"primaryImageOfPage\":{\"@id\":\"https:\\\/\\\/www.organisator.ch\\\/sustainability\\\/2020-03-02\\\/vollstaendig-abbaubare-hygienetuecher\\\/#primaryimage\"},\"image\":{\"@id\":\"https:\\\/\\\/www.organisator.ch\\\/sustainability\\\/2020-03-02\\\/vollstaendig-abbaubare-hygienetuecher\\\/#primaryimage\"},\"thumbnailUrl\":\"https:\\\/\\\/www.organisator.ch\\\/wp-content\\\/uploads\\\/2020\\\/03\\\/mondi.jpg\",\"datePublished\":\"2020-03-02T10:41:36+00:00\",\"dateModified\":\"2024-11-07T05:13:20+00:00\",\"description\":\"Mondi Ascania stellt biologisch abbaubare Hygienet\u00fccher her, die aus 100% Zellulose bestehen und umweltfreundlich sind.\",\"breadcrumb\":{\"@id\":\"https:\\\/\\\/www.organisator.ch\\\/sustainability\\\/2020-03-02\\\/vollstaendig-abbaubare-hygienetuecher\\\/#breadcrumb\"},\"inLanguage\":\"de\",\"potentialAction\":[{\"@type\":\"ReadAction\",\"target\":[\"https:\\\/\\\/www.organisator.ch\\\/sustainability\\\/2020-03-02\\\/vollstaendig-abbaubare-hygienetuecher\\\/\"]}]},{\"@type\":\"ImageObject\",\"inLanguage\":\"de\",\"@id\":\"https:\\\/\\\/www.organisator.ch\\\/sustainability\\\/2020-03-02\\\/vollstaendig-abbaubare-hygienetuecher\\\/#primaryimage\",\"url\":\"https:\\\/\\\/www.organisator.ch\\\/wp-content\\\/uploads\\\/2020\\\/03\\\/mondi.jpg\",\"contentUrl\":\"https:\\\/\\\/www.organisator.ch\\\/wp-content\\\/uploads\\\/2020\\\/03\\\/mondi.jpg\",\"width\":540,\"height\":424,\"caption\":\"Das Vliessmaterial ist vollst\u00e4ndig biologisch abbaubar. (Bild: Mondi)\"},{\"@type\":\"BreadcrumbList\",\"@id\":\"https:\\\/\\\/www.organisator.ch\\\/sustainability\\\/2020-03-02\\\/vollstaendig-abbaubare-hygienetuecher\\\/#breadcrumb\",\"itemListElement\":[{\"@type\":\"ListItem\",\"position\":1,\"name\":\"Home\",\"item\":\"https:\\\/\\\/www.organisator.ch\\\/\"},{\"@type\":\"ListItem\",\"position\":2,\"name\":\"Vollst\u00e4ndig abbaubare Hygienet\u00fccher\"}]},{\"@type\":\"WebSite\",\"@id\":\"https:\\\/\\\/www.organisator.ch\\\/#website\",\"url\":\"https:\\\/\\\/www.organisator.ch\\\/\",\"name\":\"Organisator\",\"description\":\"Kompetent. Praxisnah. Der ORGANISATOR bereitet in 10 Ausgaben pro Jahr die wesentlichen Themen f\u00fcr F\u00fchrungskr\u00e4fte von KMU auf.\",\"publisher\":{\"@id\":\"https:\\\/\\\/www.organisator.ch\\\/#organization\"},\"potentialAction\":[{\"@type\":\"SearchAction\",\"target\":{\"@type\":\"EntryPoint\",\"urlTemplate\":\"https:\\\/\\\/www.organisator.ch\\\/?s={search_term_string}\"},\"query-input\":{\"@type\":\"PropertyValueSpecification\",\"valueRequired\":true,\"valueName\":\"search_term_string\"}}],\"inLanguage\":\"de\"},{\"@type\":\"Organization\",\"@id\":\"https:\\\/\\\/www.organisator.ch\\\/#organization\",\"name\":\"Organisator\",\"url\":\"https:\\\/\\\/www.organisator.ch\\\/\",\"logo\":{\"@type\":\"ImageObject\",\"inLanguage\":\"de\",\"@id\":\"https:\\\/\\\/www.organisator.ch\\\/#\\\/schema\\\/logo\\\/image\\\/\",\"url\":\"https:\\\/\\\/www.organisator.ch\\\/wp-content\\\/uploads\\\/2022\\\/01\\\/Logo_Organisator_Website.png\",\"contentUrl\":\"https:\\\/\\\/www.organisator.ch\\\/wp-content\\\/uploads\\\/2022\\\/01\\\/Logo_Organisator_Website.png\",\"width\":800,\"height\":77,\"caption\":\"Organisator\"},\"image\":{\"@id\":\"https:\\\/\\\/www.organisator.ch\\\/#\\\/schema\\\/logo\\\/image\\\/\"},\"sameAs\":[\"https:\\\/\\\/www.facebook.com\\\/OrganisatorFachmagazin\",\"https:\\\/\\\/www.linkedin.com\\\/showcase\\\/organisator-das-magazin-fr-kmu\",\"https:\\\/\\\/www.xing.com\\\/news\\\/pages\\\/organisator-ch-695\",\"https:\\\/\\\/www.youtube.com\\\/channel\\\/UCGP2Sq0iWaZwT3BdIAQFYpw\"]},{\"@type\":\"Person\",\"@id\":\"https:\\\/\\\/www.organisator.ch\\\/#\\\/schema\\\/person\\\/134708ca9321c57b0362cceb7948ffbd\",\"name\":\"michael.merz\",\"image\":{\"@type\":\"ImageObject\",\"inLanguage\":\"de\",\"@id\":\"https:\\\/\\\/secure.gravatar.com\\\/avatar\\\/?s=96&d=mm&r=g\",\"url\":\"https:\\\/\\\/secure.gravatar.com\\\/avatar\\\/?s=96&d=mm&r=g\",\"contentUrl\":\"https:\\\/\\\/secure.gravatar.com\\\/avatar\\\/?s=96&d=mm&r=g\",\"caption\":\"michael.merz\"},\"url\":\"https:\\\/\\\/www.organisator.ch\\\/de\\\/author\\\/michael-merz\\\/\"}]}<\/script>\n<!-- \/ Yoast SEO plugin. -->","yoast_head_json":{"title":"Vollst\u00e4ndig abbaubare Hygienet\u00fccher - Organisator","description":"Mondi Ascania stellt biologisch abbaubare Hygienet\u00fccher her, die aus 100% Zellulose bestehen und umweltfreundlich sind.","robots":{"index":"index","follow":"follow","max-snippet":"max-snippet:-1","max-image-preview":"max-image-preview:large","max-video-preview":"max-video-preview:-1"},"canonical":"https:\/\/www.organisator.ch\/de\/sustainability\/2020-03-02\/vollstaendig-abbaubare-hygienetuecher\/","og_locale":"de_DE","og_type":"article","og_title":"Vollst\u00e4ndig abbaubare Hygienet\u00fccher - Organisator","og_description":"Mondi Ascania stellt biologisch abbaubare Hygienet\u00fccher her, die aus 100% Zellulose bestehen und umweltfreundlich sind.","og_url":"https:\/\/www.organisator.ch\/de\/sustainability\/2020-03-02\/vollstaendig-abbaubare-hygienetuecher\/","og_site_name":"Organisator","article_publisher":"https:\/\/www.facebook.com\/OrganisatorFachmagazin","article_published_time":"2020-03-02T10:41:36+00:00","article_modified_time":"2024-11-07T05:13:20+00:00","og_image":[{"width":540,"height":424,"url":"https:\/\/www.organisator.ch\/wp-content\/uploads\/2020\/03\/mondi.jpg","type":"image\/jpeg"}],"author":"michael.merz","twitter_card":"summary_large_image","schema":{"@context":"https:\/\/schema.org","@graph":[{"@type":"Article","@id":"https:\/\/www.organisator.ch\/sustainability\/2020-03-02\/vollstaendig-abbaubare-hygienetuecher\/#article","isPartOf":{"@id":"https:\/\/www.organisator.ch\/sustainability\/2020-03-02\/vollstaendig-abbaubare-hygienetuecher\/"},"author":{"name":"michael.merz","@id":"https:\/\/www.organisator.ch\/#\/schema\/person\/134708ca9321c57b0362cceb7948ffbd"},"headline":"Vollst\u00e4ndig abbaubare Hygienet\u00fccher","datePublished":"2020-03-02T10:41:36+00:00","dateModified":"2024-11-07T05:13:20+00:00","mainEntityOfPage":{"@id":"https:\/\/www.organisator.ch\/sustainability\/2020-03-02\/vollstaendig-abbaubare-hygienetuecher\/"},"wordCount":137,"publisher":{"@id":"https:\/\/www.organisator.ch\/#organization"},"image":{"@id":"https:\/\/www.organisator.ch\/sustainability\/2020-03-02\/vollstaendig-abbaubare-hygienetuecher\/#primaryimage"},"thumbnailUrl":"https:\/\/www.organisator.ch\/wp-content\/uploads\/2020\/03\/mondi.jpg","keywords":["abbaubare Stoffe","Biodegradable","Genf","Hygiene"],"articleSection":["SUSTAINABILITY"],"inLanguage":"de"},{"@type":"WebPage","@id":"https:\/\/www.organisator.ch\/sustainability\/2020-03-02\/vollstaendig-abbaubare-hygienetuecher\/","url":"https:\/\/www.organisator.ch\/sustainability\/2020-03-02\/vollstaendig-abbaubare-hygienetuecher\/","name":"Vollst\u00e4ndig abbaubare Hygienet\u00fccher - Organisator","isPartOf":{"@id":"https:\/\/www.organisator.ch\/#website"},"primaryImageOfPage":{"@id":"https:\/\/www.organisator.ch\/sustainability\/2020-03-02\/vollstaendig-abbaubare-hygienetuecher\/#primaryimage"},"image":{"@id":"https:\/\/www.organisator.ch\/sustainability\/2020-03-02\/vollstaendig-abbaubare-hygienetuecher\/#primaryimage"},"thumbnailUrl":"https:\/\/www.organisator.ch\/wp-content\/uploads\/2020\/03\/mondi.jpg","datePublished":"2020-03-02T10:41:36+00:00","dateModified":"2024-11-07T05:13:20+00:00","description":"Mondi Ascania stellt biologisch abbaubare Hygienet\u00fccher her, die aus 100% Zellulose bestehen und umweltfreundlich sind.","breadcrumb":{"@id":"https:\/\/www.organisator.ch\/sustainability\/2020-03-02\/vollstaendig-abbaubare-hygienetuecher\/#breadcrumb"},"inLanguage":"de","potentialAction":[{"@type":"ReadAction","target":["https:\/\/www.organisator.ch\/sustainability\/2020-03-02\/vollstaendig-abbaubare-hygienetuecher\/"]}]},{"@type":"ImageObject","inLanguage":"de","@id":"https:\/\/www.organisator.ch\/sustainability\/2020-03-02\/vollstaendig-abbaubare-hygienetuecher\/#primaryimage","url":"https:\/\/www.organisator.ch\/wp-content\/uploads\/2020\/03\/mondi.jpg","contentUrl":"https:\/\/www.organisator.ch\/wp-content\/uploads\/2020\/03\/mondi.jpg","width":540,"height":424,"caption":"Das Vliessmaterial ist vollst\u00e4ndig biologisch abbaubar. (Bild: Mondi)"},{"@type":"BreadcrumbList","@id":"https:\/\/www.organisator.ch\/sustainability\/2020-03-02\/vollstaendig-abbaubare-hygienetuecher\/#breadcrumb","itemListElement":[{"@type":"ListItem","position":1,"name":"Home","item":"https:\/\/www.organisator.ch\/"},{"@type":"ListItem","position":2,"name":"Vollst\u00e4ndig abbaubare Hygienet\u00fccher"}]},{"@type":"WebSite","@id":"https:\/\/www.organisator.ch\/#website","url":"https:\/\/www.organisator.ch\/","name":"Organisator","description":"Kompetent. Praxisnah. Der ORGANISATOR bereitet in 10 Ausgaben pro Jahr die wesentlichen Themen f\u00fcr F\u00fchrungskr\u00e4fte von KMU auf.","publisher":{"@id":"https:\/\/www.organisator.ch\/#organization"},"potentialAction":[{"@type":"SearchAction","target":{"@type":"EntryPoint","urlTemplate":"https:\/\/www.organisator.ch\/?s={search_term_string}"},"query-input":{"@type":"PropertyValueSpecification","valueRequired":true,"valueName":"search_term_string"}}],"inLanguage":"de"},{"@type":"Organization","@id":"https:\/\/www.organisator.ch\/#organization","name":"Organisator","url":"https:\/\/www.organisator.ch\/","logo":{"@type":"ImageObject","inLanguage":"de","@id":"https:\/\/www.organisator.ch\/#\/schema\/logo\/image\/","url":"https:\/\/www.organisator.ch\/wp-content\/uploads\/2022\/01\/Logo_Organisator_Website.png","contentUrl":"https:\/\/www.organisator.ch\/wp-content\/uploads\/2022\/01\/Logo_Organisator_Website.png","width":800,"height":77,"caption":"Organisator"},"image":{"@id":"https:\/\/www.organisator.ch\/#\/schema\/logo\/image\/"},"sameAs":["https:\/\/www.facebook.com\/OrganisatorFachmagazin","https:\/\/www.linkedin.com\/showcase\/organisator-das-magazin-fr-kmu","https:\/\/www.xing.com\/news\/pages\/organisator-ch-695","https:\/\/www.youtube.com\/channel\/UCGP2Sq0iWaZwT3BdIAQFYpw"]},{"@type":"Person","@id":"https:\/\/www.organisator.ch\/#\/schema\/person\/134708ca9321c57b0362cceb7948ffbd","name":"michael.merz","image":{"@type":"ImageObject","inLanguage":"de","@id":"https:\/\/secure.gravatar.com\/avatar\/?s=96&d=mm&r=g","url":"https:\/\/secure.gravatar.com\/avatar\/?s=96&d=mm&r=g","contentUrl":"https:\/\/secure.gravatar.com\/avatar\/?s=96&d=mm&r=g","caption":"michael.merz"},"url":"https:\/\/www.organisator.ch\/de\/author\/michael-merz\/"}]}},"_links":{"self":[{"href":"https:\/\/www.organisator.ch\/de\/wp-json\/wp\/v2\/posts\/2853","targetHints":{"allow":["GET"]}}],"collection":[{"href":"https:\/\/www.organisator.ch\/de\/wp-json\/wp\/v2\/posts"}],"about":[{"href":"https:\/\/www.organisator.ch\/de\/wp-json\/wp\/v2\/types\/post"}],"author":[{"embeddable":true,"href":"https:\/\/www.organisator.ch\/de\/wp-json\/wp\/v2\/users\/5"}],"replies":[{"embeddable":true,"href":"https:\/\/www.organisator.ch\/de\/wp-json\/wp\/v2\/comments?post=2853"}],"version-history":[{"count":3,"href":"https:\/\/www.organisator.ch\/de\/wp-json\/wp\/v2\/posts\/2853\/revisions"}],"predecessor-version":[{"id":31621,"href":"https:\/\/www.organisator.ch\/de\/wp-json\/wp\/v2\/posts\/2853\/revisions\/31621"}],"wp:featuredmedia":[{"embeddable":true,"href":"https:\/\/www.organisator.ch\/de\/wp-json\/wp\/v2\/media\/2854"}],"wp:attachment":[{"href":"https:\/\/www.organisator.ch\/de\/wp-json\/wp\/v2\/media?parent=2853"}],"wp:term":[{"taxonomy":"category","embeddable":true,"href":"https:\/\/www.organisator.ch\/de\/wp-json\/wp\/v2\/categories?post=2853"},{"taxonomy":"post_tag","embeddable":true,"href":"https:\/\/www.organisator.ch\/de\/wp-json\/wp\/v2\/tags?post=2853"}],"curies":[{"name":"wp","href":"https:\/\/api.w.org\/{rel}","templated":true}]}}