{"id":28614,"date":"2024-07-31T10:20:50","date_gmt":"2024-07-31T08:20:50","guid":{"rendered":"https:\/\/www.m-q.ch\/?p=20162"},"modified":"2024-11-09T10:31:50","modified_gmt":"2024-11-09T09:31:50","slug":"backup-dient-auch-dem-schutz-vor-internen-gefahren","status":"publish","type":"post","link":"https:\/\/www.organisator.ch\/de\/operational-excellence\/2024-07-31\/backup-dient-auch-dem-schutz-vor-internen-gefahren\/","title":{"rendered":"Backup dient auch dem Schutz vor internen Gefahren"},"content":{"rendered":"<figure id=\"attachment_20163\" class=\"wp-caption alignnone\" style=\"width: 680px\" aria-describedby=\"caption-attachment-20163\"><img class=\"alignnone wp-image-20163 size-full\" src=\"https:\/\/www.m-q.ch\/wp-content\/uploads\/2024\/07\/Arcserve-2_Bild1_ps.jpg\" alt=\"Interne Gefahren \" width=\"680\" height=\"453\" \/>\r\n<figcaption id=\"caption-attachment-20163\" class=\"wp-caption-text\">Wichtige, unternehmenskritische Daten k\u00f6nnen sehr leicht absichtlich oder versehentlich kompromittiert oder zerst\u00f6rt werden. (Bild: www.depositphotos.com)<\/figcaption>\r\n<\/figure>\r\n<p>Fakt ist, dass die internen Gefahren durch Mitarbeiter, Spionage oder schlichtes Fehlverhalten nach wie vor existent sind und dass Unternehmen diese neben den Cyberrisiken nicht ausser Acht lassen sollten. Im \u201eVerizon Data Breach Investigations Report (DBIR) 2023\u201c beispielsweise wurde festgestellt, dass immerhin 19 Prozent der Sicherheitsverletzungen auf interne Akteure zur\u00fcckzuf\u00fchren sind. Auch das BSI\u00a0z\u00e4hlt die internen Risiken zu den wichtigen Gefahrenquellen und r\u00e4t zu einer sorgf\u00e4ltigen Analyse, um einen Ausfall von Gesch\u00e4ftsprozessen m\u00f6glichst zu verhindern.<\/p>\r\n<h3><strong>Gefahr aus den eigenen Reihen<\/strong><\/h3>\r\n<p>Wichtige, unternehmenskritische Daten k\u00f6nnen sehr leicht absichtlich oder versehentlich kompromittiert oder zerst\u00f6rt werden, wie eines der j\u00fcngsten Beispiele bei einem Unternehmen, das Informations- und Kommunikationstechnologie anbietet, zeigt. Im Juni 2024 wurde ein Fall bekannt, bei dem sich ein entt\u00e4uschter Mitarbeiter aufgrund einer K\u00fcndigung am ehemaligen Arbeitgeber r\u00e4chen wollte. Aus Frust hatte der Mitarbeiter 180 virtuelle Server im Testsystem seines Ex-Arbeitgebers gel\u00f6scht und damit einen Schaden von \u00fcber 620.000 Euro verursacht; der ehemalige Mitarbeiter hatte nach wie vor Admin-Zugang zu den Systemen, auch nachdem ihm gek\u00fcndigt worden war. Dieses Beispiel zeigt, wie fragil und anf\u00e4llig die IT-Systeme sind, wenn Unternehmen nicht die n\u00f6tigen Schutzmassnahmen treffen und das Prinzip der geringstm\u00f6glichen Rechte strikt befolgen.<\/p>\r\n<p>Allerdings m\u00fcssen Sch\u00e4den durch interne Akteure nicht zwangsweise aufgrund einer b\u00f6sartigen Motivation entstehen. Denkbar sind ebenso Fehler der Administratoren oder der Anwender. Zu viele Rechte, ein falscher Klick und schon kann es passieren, dass unternehmenskritische Daten und Systeme unwiderruflich gel\u00f6scht sind.<\/p>\r\n<h3><strong>Nach dem Desaster kommt das Recovery<\/strong><\/h3>\r\n<p>Je nach Unternehmensgr\u00f6sse sind die Kosten derartiger Vorf\u00e4lle vielleicht nicht das gr\u00f6sste Problem. Viel wichtiger ist es, Daten und Systeme schnell wiederherzustellen, und zwar m\u00f6glichst in dem Zustand, in dem sie sich kurz vor der Kompromittierung oder L\u00f6schung befunden haben. An dieser Stelle hilft eine gute und vor allem erprobte Backup- und Disaster-Recovery-Strategie. Und es helfen Datensicherungss\u00e4tze, die weder manipuliert noch gel\u00f6scht werden k\u00f6nnen. F\u00fcr das zuvor genannte Beispiel hiesse das, dass die Backups der Testsysteme m\u00f6glichst kurz vor der L\u00f6schung angefertigt werden und dass diese auf einem nicht l\u00f6schbaren und unver\u00e4nderlichen Speicher liegen. Erst dann ist garantiert, dass die Daten und Testsysteme in G\u00e4nze wiederhergestellt werden k\u00f6nnen und dass dem Unternehmen wenig Produktivzeit verloren geht oder gar Testresultate von Monaten und Jahren abhandenkommen.<\/p>\r\n<p>In diesen F\u00e4llen sind Backup-L\u00f6sungen n\u00f6tig, die durch eine orchestrierte Wiederherstellung die Wiederherstellungszeiten und -punkte (RTOs \/ RPOs) auf Minuten reduzieren und die gew\u00fcnschten Service Level Agreements (SLAs) mit Assured Recovery validieren. Um dies zu erreichen, eignet sich eine einheitliche Plattform f\u00fcr die Datensicherung, wie beispielsweise Arcserve UDP. Mit einer integrierten Plattform erhalten Unternehmen eine umfassende L\u00f6sung, die Backup, Disaster Recovery sowie das Datenmanagement \u00fcbergreifend vereint. Derartige L\u00f6sungen sind auch in der Lage, Auswirkungen von Datenkompromittierung oder gar -zerst\u00f6rung effizient vorzubeugen \u2013 unabh\u00e4ngig davon, ob dies durch eine externe Cyberattacke, durch interne Akteure oder durch einen Bedienungsfehler hervorgerufen wird. Massgeblich ist die Umsetzung und das regelm\u00e4ssige Testen der 3-2-1-1-Regel f\u00fcr Backups. Diese geht von insgesamt drei Kopien der Backupdaten aus, wobei zwei Backups auf zwei unterschiedlichen Medientr\u00e4gern und eine extern gespeichert werden soll. Die letzte 1 steht f\u00fcr die Speicherung einer Kopie auf einem unver\u00e4nderlichen Speichermedium. Unver\u00e4nderliche Backups werden in einem einmalig beschreibbaren und mehrfach lesbaren Format gesichert, das weder ge\u00e4ndert noch gel\u00f6scht werden kann \u2013 auch nicht von Hackern, internen Akteuren oder Administratoren. Unternehmen, welche diese Regel mit einer daf\u00fcr geeigneten Backup- und Disaster-Recovery-L\u00f6sung kombinieren, k\u00f6nnen im Ernstfall auf eine gesicherte Wiederherstellung aller Daten und Systeme bauen.<\/p>\r\n<p><em>Quelle: <a href=\"http:\/\/www.arcserve.com\/\">www.arcserve.com<\/a><\/em><\/p>\n<p class=\"syndicated-attribution\">Dieser Beitrag erschien urspr\u00fcnglich auf m-q.ch - <a href=\"https:\/\/www.m-q.ch\/de\/backup-dient-auch-dem-schutz-vor-internen-gefahren\/\" target=\"_blank\">https:\/\/www.m-q.ch\/de\/backup-dient-auch-dem-schutz-vor-internen-gefahren\/<\/a><\/p>","protected":false},"excerpt":{"rendered":"<p>Es besteht kein Zweifel daran, dass Cyberbedrohungen zu einem der gr\u00f6ssten Risiken f\u00fcr Unternehmen avanciert sind. Doch wie verh\u00e4lt es sich mit den internen Gefahren und hausgemachten Risiken f\u00fcr Daten und Systeme, denen Unternehmen heute nicht weniger als fr\u00fcher gegen\u00fcberstehen?<\/p>\n","protected":false},"author":58,"featured_media":0,"comment_status":"closed","ping_status":"closed","sticky":false,"template":"","format":"standard","meta":{"_acf_changed":false,"_yoast_wpseo_focuskw":"Interne Gefahren","_yoast_wpseo_metadesc":"Interne Gefahren f\u00fcr Cybersicherheit: Wichtige Daten k\u00f6nnen durch Mitarbeitende leicht kompromittiert oder zerst\u00f6rt werden.","articlekey":"","footnotes":""},"categories":[582],"tags":[3500,3806,418,492],"class_list":["post-28614","post","type-post","status-publish","format-standard","hentry","category-operational-excellence","tag-backup","tag-cyber-risiken","tag-risikomanagement","tag-unternehmen"],"acf":[],"yoast_head":"<!-- This site is optimized with the Yoast SEO plugin v27.4 - https:\/\/yoast.com\/product\/yoast-seo-wordpress\/ -->\n<title>Backup dient auch dem Schutz vor internen Gefahren - Organisator<\/title>\n<meta name=\"description\" content=\"Interne Gefahren f\u00fcr Cybersicherheit: Wichtige Daten k\u00f6nnen durch Mitarbeitende leicht kompromittiert oder zerst\u00f6rt werden.\" \/>\n<meta name=\"robots\" content=\"index, follow, max-snippet:-1, max-image-preview:large, max-video-preview:-1\" \/>\n<link rel=\"canonical\" href=\"https:\/\/www.organisator.ch\/de\/operational-excellence\/2024-07-31\/backup-dient-auch-dem-schutz-vor-internen-gefahren\/\" \/>\n<meta property=\"og:locale\" content=\"de_DE\" \/>\n<meta property=\"og:type\" content=\"article\" \/>\n<meta property=\"og:title\" content=\"Backup dient auch dem Schutz vor internen Gefahren - Organisator\" \/>\n<meta property=\"og:description\" content=\"Interne Gefahren f\u00fcr Cybersicherheit: Wichtige Daten k\u00f6nnen durch Mitarbeitende leicht kompromittiert oder zerst\u00f6rt werden.\" \/>\n<meta property=\"og:url\" content=\"https:\/\/www.organisator.ch\/de\/operational-excellence\/2024-07-31\/backup-dient-auch-dem-schutz-vor-internen-gefahren\/\" \/>\n<meta property=\"og:site_name\" content=\"Organisator\" \/>\n<meta property=\"article:publisher\" content=\"https:\/\/www.facebook.com\/OrganisatorFachmagazin\" \/>\n<meta property=\"article:published_time\" content=\"2024-07-31T08:20:50+00:00\" \/>\n<meta property=\"article:modified_time\" content=\"2024-11-09T09:31:50+00:00\" \/>\n<meta property=\"og:image\" content=\"https:\/\/www.m-q.ch\/wp-content\/uploads\/2024\/07\/Arcserve-2_Bild1_ps.jpg\" \/>\n<meta name=\"author\" content=\"Adelisa Kalajdzini\" \/>\n<meta name=\"twitter:card\" content=\"summary_large_image\" \/>\n<script type=\"application\/ld+json\" class=\"yoast-schema-graph\">{\"@context\":\"https:\\\/\\\/schema.org\",\"@graph\":[{\"@type\":\"Article\",\"@id\":\"https:\\\/\\\/www.organisator.ch\\\/operational-excellence\\\/2024-07-31\\\/backup-dient-auch-dem-schutz-vor-internen-gefahren\\\/#article\",\"isPartOf\":{\"@id\":\"https:\\\/\\\/www.organisator.ch\\\/operational-excellence\\\/2024-07-31\\\/backup-dient-auch-dem-schutz-vor-internen-gefahren\\\/\"},\"author\":{\"name\":\"Adelisa Kalajdzini\",\"@id\":\"https:\\\/\\\/www.organisator.ch\\\/#\\\/schema\\\/person\\\/2e1314a2172123f874db408d8911d3f3\"},\"headline\":\"Backup dient auch dem Schutz vor internen Gefahren\",\"datePublished\":\"2024-07-31T08:20:50+00:00\",\"dateModified\":\"2024-11-09T09:31:50+00:00\",\"mainEntityOfPage\":{\"@id\":\"https:\\\/\\\/www.organisator.ch\\\/operational-excellence\\\/2024-07-31\\\/backup-dient-auch-dem-schutz-vor-internen-gefahren\\\/\"},\"wordCount\":644,\"publisher\":{\"@id\":\"https:\\\/\\\/www.organisator.ch\\\/#organization\"},\"image\":{\"@id\":\"https:\\\/\\\/www.organisator.ch\\\/operational-excellence\\\/2024-07-31\\\/backup-dient-auch-dem-schutz-vor-internen-gefahren\\\/#primaryimage\"},\"thumbnailUrl\":\"https:\\\/\\\/www.m-q.ch\\\/wp-content\\\/uploads\\\/2024\\\/07\\\/Arcserve-2_Bild1_ps.jpg\",\"keywords\":[\"Backup\",\"Cyber Risiken\",\"Risikomanagement\",\"Unternehmen\"],\"articleSection\":[\"OPERATIONAL EXCELLENCE\"],\"inLanguage\":\"de\"},{\"@type\":\"WebPage\",\"@id\":\"https:\\\/\\\/www.organisator.ch\\\/operational-excellence\\\/2024-07-31\\\/backup-dient-auch-dem-schutz-vor-internen-gefahren\\\/\",\"url\":\"https:\\\/\\\/www.organisator.ch\\\/operational-excellence\\\/2024-07-31\\\/backup-dient-auch-dem-schutz-vor-internen-gefahren\\\/\",\"name\":\"Backup dient auch dem Schutz vor internen Gefahren - Organisator\",\"isPartOf\":{\"@id\":\"https:\\\/\\\/www.organisator.ch\\\/#website\"},\"primaryImageOfPage\":{\"@id\":\"https:\\\/\\\/www.organisator.ch\\\/operational-excellence\\\/2024-07-31\\\/backup-dient-auch-dem-schutz-vor-internen-gefahren\\\/#primaryimage\"},\"image\":{\"@id\":\"https:\\\/\\\/www.organisator.ch\\\/operational-excellence\\\/2024-07-31\\\/backup-dient-auch-dem-schutz-vor-internen-gefahren\\\/#primaryimage\"},\"thumbnailUrl\":\"https:\\\/\\\/www.m-q.ch\\\/wp-content\\\/uploads\\\/2024\\\/07\\\/Arcserve-2_Bild1_ps.jpg\",\"datePublished\":\"2024-07-31T08:20:50+00:00\",\"dateModified\":\"2024-11-09T09:31:50+00:00\",\"description\":\"Interne Gefahren f\u00fcr Cybersicherheit: Wichtige Daten k\u00f6nnen durch Mitarbeitende leicht kompromittiert oder zerst\u00f6rt werden.\",\"breadcrumb\":{\"@id\":\"https:\\\/\\\/www.organisator.ch\\\/operational-excellence\\\/2024-07-31\\\/backup-dient-auch-dem-schutz-vor-internen-gefahren\\\/#breadcrumb\"},\"inLanguage\":\"de\",\"potentialAction\":[{\"@type\":\"ReadAction\",\"target\":[\"https:\\\/\\\/www.organisator.ch\\\/operational-excellence\\\/2024-07-31\\\/backup-dient-auch-dem-schutz-vor-internen-gefahren\\\/\"]}]},{\"@type\":\"ImageObject\",\"inLanguage\":\"de\",\"@id\":\"https:\\\/\\\/www.organisator.ch\\\/operational-excellence\\\/2024-07-31\\\/backup-dient-auch-dem-schutz-vor-internen-gefahren\\\/#primaryimage\",\"url\":\"https:\\\/\\\/www.m-q.ch\\\/wp-content\\\/uploads\\\/2024\\\/07\\\/Arcserve-2_Bild1_ps.jpg\",\"contentUrl\":\"https:\\\/\\\/www.m-q.ch\\\/wp-content\\\/uploads\\\/2024\\\/07\\\/Arcserve-2_Bild1_ps.jpg\"},{\"@type\":\"BreadcrumbList\",\"@id\":\"https:\\\/\\\/www.organisator.ch\\\/operational-excellence\\\/2024-07-31\\\/backup-dient-auch-dem-schutz-vor-internen-gefahren\\\/#breadcrumb\",\"itemListElement\":[{\"@type\":\"ListItem\",\"position\":1,\"name\":\"Home\",\"item\":\"https:\\\/\\\/www.organisator.ch\\\/\"},{\"@type\":\"ListItem\",\"position\":2,\"name\":\"Backup dient auch dem Schutz vor internen Gefahren\"}]},{\"@type\":\"WebSite\",\"@id\":\"https:\\\/\\\/www.organisator.ch\\\/#website\",\"url\":\"https:\\\/\\\/www.organisator.ch\\\/\",\"name\":\"Organisator\",\"description\":\"Kompetent. Praxisnah. Der ORGANISATOR bereitet in 10 Ausgaben pro Jahr die wesentlichen Themen f\u00fcr F\u00fchrungskr\u00e4fte von KMU auf.\",\"publisher\":{\"@id\":\"https:\\\/\\\/www.organisator.ch\\\/#organization\"},\"potentialAction\":[{\"@type\":\"SearchAction\",\"target\":{\"@type\":\"EntryPoint\",\"urlTemplate\":\"https:\\\/\\\/www.organisator.ch\\\/?s={search_term_string}\"},\"query-input\":{\"@type\":\"PropertyValueSpecification\",\"valueRequired\":true,\"valueName\":\"search_term_string\"}}],\"inLanguage\":\"de\"},{\"@type\":\"Organization\",\"@id\":\"https:\\\/\\\/www.organisator.ch\\\/#organization\",\"name\":\"Organisator\",\"url\":\"https:\\\/\\\/www.organisator.ch\\\/\",\"logo\":{\"@type\":\"ImageObject\",\"inLanguage\":\"de\",\"@id\":\"https:\\\/\\\/www.organisator.ch\\\/#\\\/schema\\\/logo\\\/image\\\/\",\"url\":\"https:\\\/\\\/www.organisator.ch\\\/wp-content\\\/uploads\\\/2022\\\/01\\\/Logo_Organisator_Website.png\",\"contentUrl\":\"https:\\\/\\\/www.organisator.ch\\\/wp-content\\\/uploads\\\/2022\\\/01\\\/Logo_Organisator_Website.png\",\"width\":800,\"height\":77,\"caption\":\"Organisator\"},\"image\":{\"@id\":\"https:\\\/\\\/www.organisator.ch\\\/#\\\/schema\\\/logo\\\/image\\\/\"},\"sameAs\":[\"https:\\\/\\\/www.facebook.com\\\/OrganisatorFachmagazin\",\"https:\\\/\\\/www.linkedin.com\\\/showcase\\\/organisator-das-magazin-fr-kmu\",\"https:\\\/\\\/www.xing.com\\\/news\\\/pages\\\/organisator-ch-695\",\"https:\\\/\\\/www.youtube.com\\\/channel\\\/UCGP2Sq0iWaZwT3BdIAQFYpw\"]},{\"@type\":\"Person\",\"@id\":\"https:\\\/\\\/www.organisator.ch\\\/#\\\/schema\\\/person\\\/2e1314a2172123f874db408d8911d3f3\",\"name\":\"Adelisa Kalajdzini\",\"image\":{\"@type\":\"ImageObject\",\"inLanguage\":\"de\",\"@id\":\"https:\\\/\\\/secure.gravatar.com\\\/avatar\\\/09a397c22ac58cad6f160ee8306348599df9df58a8ede73696226897b9fa4b24?s=96&d=mm&r=g\",\"url\":\"https:\\\/\\\/secure.gravatar.com\\\/avatar\\\/09a397c22ac58cad6f160ee8306348599df9df58a8ede73696226897b9fa4b24?s=96&d=mm&r=g\",\"contentUrl\":\"https:\\\/\\\/secure.gravatar.com\\\/avatar\\\/09a397c22ac58cad6f160ee8306348599df9df58a8ede73696226897b9fa4b24?s=96&d=mm&r=g\",\"caption\":\"Adelisa Kalajdzini\"},\"url\":\"https:\\\/\\\/www.organisator.ch\\\/de\\\/author\\\/adelisa-kalajdzini\\\/\"}]}<\/script>\n<!-- \/ Yoast SEO plugin. -->","yoast_head_json":{"title":"Backup dient auch dem Schutz vor internen Gefahren - Organisator","description":"Interne Gefahren f\u00fcr Cybersicherheit: Wichtige Daten k\u00f6nnen durch Mitarbeitende leicht kompromittiert oder zerst\u00f6rt werden.","robots":{"index":"index","follow":"follow","max-snippet":"max-snippet:-1","max-image-preview":"max-image-preview:large","max-video-preview":"max-video-preview:-1"},"canonical":"https:\/\/www.organisator.ch\/de\/operational-excellence\/2024-07-31\/backup-dient-auch-dem-schutz-vor-internen-gefahren\/","og_locale":"de_DE","og_type":"article","og_title":"Backup dient auch dem Schutz vor internen Gefahren - Organisator","og_description":"Interne Gefahren f\u00fcr Cybersicherheit: Wichtige Daten k\u00f6nnen durch Mitarbeitende leicht kompromittiert oder zerst\u00f6rt werden.","og_url":"https:\/\/www.organisator.ch\/de\/operational-excellence\/2024-07-31\/backup-dient-auch-dem-schutz-vor-internen-gefahren\/","og_site_name":"Organisator","article_publisher":"https:\/\/www.facebook.com\/OrganisatorFachmagazin","article_published_time":"2024-07-31T08:20:50+00:00","article_modified_time":"2024-11-09T09:31:50+00:00","og_image":[{"url":"https:\/\/www.m-q.ch\/wp-content\/uploads\/2024\/07\/Arcserve-2_Bild1_ps.jpg","type":"","width":"","height":""}],"author":"Adelisa Kalajdzini","twitter_card":"summary_large_image","schema":{"@context":"https:\/\/schema.org","@graph":[{"@type":"Article","@id":"https:\/\/www.organisator.ch\/operational-excellence\/2024-07-31\/backup-dient-auch-dem-schutz-vor-internen-gefahren\/#article","isPartOf":{"@id":"https:\/\/www.organisator.ch\/operational-excellence\/2024-07-31\/backup-dient-auch-dem-schutz-vor-internen-gefahren\/"},"author":{"name":"Adelisa Kalajdzini","@id":"https:\/\/www.organisator.ch\/#\/schema\/person\/2e1314a2172123f874db408d8911d3f3"},"headline":"Backup dient auch dem Schutz vor internen Gefahren","datePublished":"2024-07-31T08:20:50+00:00","dateModified":"2024-11-09T09:31:50+00:00","mainEntityOfPage":{"@id":"https:\/\/www.organisator.ch\/operational-excellence\/2024-07-31\/backup-dient-auch-dem-schutz-vor-internen-gefahren\/"},"wordCount":644,"publisher":{"@id":"https:\/\/www.organisator.ch\/#organization"},"image":{"@id":"https:\/\/www.organisator.ch\/operational-excellence\/2024-07-31\/backup-dient-auch-dem-schutz-vor-internen-gefahren\/#primaryimage"},"thumbnailUrl":"https:\/\/www.m-q.ch\/wp-content\/uploads\/2024\/07\/Arcserve-2_Bild1_ps.jpg","keywords":["Backup","Cyber Risiken","Risikomanagement","Unternehmen"],"articleSection":["OPERATIONAL EXCELLENCE"],"inLanguage":"de"},{"@type":"WebPage","@id":"https:\/\/www.organisator.ch\/operational-excellence\/2024-07-31\/backup-dient-auch-dem-schutz-vor-internen-gefahren\/","url":"https:\/\/www.organisator.ch\/operational-excellence\/2024-07-31\/backup-dient-auch-dem-schutz-vor-internen-gefahren\/","name":"Backup dient auch dem Schutz vor internen Gefahren - Organisator","isPartOf":{"@id":"https:\/\/www.organisator.ch\/#website"},"primaryImageOfPage":{"@id":"https:\/\/www.organisator.ch\/operational-excellence\/2024-07-31\/backup-dient-auch-dem-schutz-vor-internen-gefahren\/#primaryimage"},"image":{"@id":"https:\/\/www.organisator.ch\/operational-excellence\/2024-07-31\/backup-dient-auch-dem-schutz-vor-internen-gefahren\/#primaryimage"},"thumbnailUrl":"https:\/\/www.m-q.ch\/wp-content\/uploads\/2024\/07\/Arcserve-2_Bild1_ps.jpg","datePublished":"2024-07-31T08:20:50+00:00","dateModified":"2024-11-09T09:31:50+00:00","description":"Interne Gefahren f\u00fcr Cybersicherheit: Wichtige Daten k\u00f6nnen durch Mitarbeitende leicht kompromittiert oder zerst\u00f6rt werden.","breadcrumb":{"@id":"https:\/\/www.organisator.ch\/operational-excellence\/2024-07-31\/backup-dient-auch-dem-schutz-vor-internen-gefahren\/#breadcrumb"},"inLanguage":"de","potentialAction":[{"@type":"ReadAction","target":["https:\/\/www.organisator.ch\/operational-excellence\/2024-07-31\/backup-dient-auch-dem-schutz-vor-internen-gefahren\/"]}]},{"@type":"ImageObject","inLanguage":"de","@id":"https:\/\/www.organisator.ch\/operational-excellence\/2024-07-31\/backup-dient-auch-dem-schutz-vor-internen-gefahren\/#primaryimage","url":"https:\/\/www.m-q.ch\/wp-content\/uploads\/2024\/07\/Arcserve-2_Bild1_ps.jpg","contentUrl":"https:\/\/www.m-q.ch\/wp-content\/uploads\/2024\/07\/Arcserve-2_Bild1_ps.jpg"},{"@type":"BreadcrumbList","@id":"https:\/\/www.organisator.ch\/operational-excellence\/2024-07-31\/backup-dient-auch-dem-schutz-vor-internen-gefahren\/#breadcrumb","itemListElement":[{"@type":"ListItem","position":1,"name":"Home","item":"https:\/\/www.organisator.ch\/"},{"@type":"ListItem","position":2,"name":"Backup dient auch dem Schutz vor internen Gefahren"}]},{"@type":"WebSite","@id":"https:\/\/www.organisator.ch\/#website","url":"https:\/\/www.organisator.ch\/","name":"Organisator","description":"Kompetent. Praxisnah. Der ORGANISATOR bereitet in 10 Ausgaben pro Jahr die wesentlichen Themen f\u00fcr F\u00fchrungskr\u00e4fte von KMU auf.","publisher":{"@id":"https:\/\/www.organisator.ch\/#organization"},"potentialAction":[{"@type":"SearchAction","target":{"@type":"EntryPoint","urlTemplate":"https:\/\/www.organisator.ch\/?s={search_term_string}"},"query-input":{"@type":"PropertyValueSpecification","valueRequired":true,"valueName":"search_term_string"}}],"inLanguage":"de"},{"@type":"Organization","@id":"https:\/\/www.organisator.ch\/#organization","name":"Organisator","url":"https:\/\/www.organisator.ch\/","logo":{"@type":"ImageObject","inLanguage":"de","@id":"https:\/\/www.organisator.ch\/#\/schema\/logo\/image\/","url":"https:\/\/www.organisator.ch\/wp-content\/uploads\/2022\/01\/Logo_Organisator_Website.png","contentUrl":"https:\/\/www.organisator.ch\/wp-content\/uploads\/2022\/01\/Logo_Organisator_Website.png","width":800,"height":77,"caption":"Organisator"},"image":{"@id":"https:\/\/www.organisator.ch\/#\/schema\/logo\/image\/"},"sameAs":["https:\/\/www.facebook.com\/OrganisatorFachmagazin","https:\/\/www.linkedin.com\/showcase\/organisator-das-magazin-fr-kmu","https:\/\/www.xing.com\/news\/pages\/organisator-ch-695","https:\/\/www.youtube.com\/channel\/UCGP2Sq0iWaZwT3BdIAQFYpw"]},{"@type":"Person","@id":"https:\/\/www.organisator.ch\/#\/schema\/person\/2e1314a2172123f874db408d8911d3f3","name":"Adelisa Kalajdzini","image":{"@type":"ImageObject","inLanguage":"de","@id":"https:\/\/secure.gravatar.com\/avatar\/09a397c22ac58cad6f160ee8306348599df9df58a8ede73696226897b9fa4b24?s=96&d=mm&r=g","url":"https:\/\/secure.gravatar.com\/avatar\/09a397c22ac58cad6f160ee8306348599df9df58a8ede73696226897b9fa4b24?s=96&d=mm&r=g","contentUrl":"https:\/\/secure.gravatar.com\/avatar\/09a397c22ac58cad6f160ee8306348599df9df58a8ede73696226897b9fa4b24?s=96&d=mm&r=g","caption":"Adelisa Kalajdzini"},"url":"https:\/\/www.organisator.ch\/de\/author\/adelisa-kalajdzini\/"}]}},"_links":{"self":[{"href":"https:\/\/www.organisator.ch\/de\/wp-json\/wp\/v2\/posts\/28614","targetHints":{"allow":["GET"]}}],"collection":[{"href":"https:\/\/www.organisator.ch\/de\/wp-json\/wp\/v2\/posts"}],"about":[{"href":"https:\/\/www.organisator.ch\/de\/wp-json\/wp\/v2\/types\/post"}],"author":[{"embeddable":true,"href":"https:\/\/www.organisator.ch\/de\/wp-json\/wp\/v2\/users\/58"}],"replies":[{"embeddable":true,"href":"https:\/\/www.organisator.ch\/de\/wp-json\/wp\/v2\/comments?post=28614"}],"version-history":[{"count":7,"href":"https:\/\/www.organisator.ch\/de\/wp-json\/wp\/v2\/posts\/28614\/revisions"}],"predecessor-version":[{"id":32105,"href":"https:\/\/www.organisator.ch\/de\/wp-json\/wp\/v2\/posts\/28614\/revisions\/32105"}],"wp:attachment":[{"href":"https:\/\/www.organisator.ch\/de\/wp-json\/wp\/v2\/media?parent=28614"}],"wp:term":[{"taxonomy":"category","embeddable":true,"href":"https:\/\/www.organisator.ch\/de\/wp-json\/wp\/v2\/categories?post=28614"},{"taxonomy":"post_tag","embeddable":true,"href":"https:\/\/www.organisator.ch\/de\/wp-json\/wp\/v2\/tags?post=28614"}],"curies":[{"name":"wp","href":"https:\/\/api.w.org\/{rel}","templated":true}]}}