{"id":28624,"date":"2024-08-05T09:03:20","date_gmt":"2024-08-05T07:03:20","guid":{"rendered":"https:\/\/www.organisator.ch\/?p=28624"},"modified":"2024-08-05T09:03:20","modified_gmt":"2024-08-05T07:03:20","slug":"deglobalisierung-als-gebot-der-stunde","status":"publish","type":"post","link":"https:\/\/www.organisator.ch\/de\/management\/2024-08-05\/deglobalisierung-als-gebot-der-stunde\/","title":{"rendered":"Deglobalisierung als Gebot der Stunde"},"content":{"rendered":"<figure id=\"attachment_28625\" aria-describedby=\"caption-attachment-28625\" style=\"width: 680px\" class=\"wp-caption alignnone\"><img loading=\"lazy\" decoding=\"async\" class=\"size-full wp-image-28625\" src=\"https:\/\/www.organisator.ch\/wp-content\/uploads\/2024\/08\/Deglobalisierung-als-Gebot-der-Stunde_Organisator.jpg\" alt=\"\" width=\"680\" height=\"508\" srcset=\"https:\/\/www.organisator.ch\/wp-content\/uploads\/2024\/08\/Deglobalisierung-als-Gebot-der-Stunde_Organisator.jpg 680w, https:\/\/www.organisator.ch\/wp-content\/uploads\/2024\/08\/Deglobalisierung-als-Gebot-der-Stunde_Organisator-16x12.jpg 16w, https:\/\/www.organisator.ch\/wp-content\/uploads\/2024\/08\/Deglobalisierung-als-Gebot-der-Stunde_Organisator-375x280.jpg 375w, https:\/\/www.organisator.ch\/wp-content\/uploads\/2024\/08\/Deglobalisierung-als-Gebot-der-Stunde_Organisator-469x350.jpg 469w\" sizes=\"auto, (max-width: 680px) 100vw, 680px\" \/><figcaption id=\"caption-attachment-28625\" class=\"wp-caption-text\">Jane Enny van Lambalgen ist Founding Partner und Gesch\u00e4ftsf\u00fchrerin der Firma Planet Industrial Excellence sowie Mitglied bei United Interim, der f\u00fchrenden Community f\u00fcr Interim Manager im deutschsprachigen Raum, und im Diplomatic Council, einer globalen Denkfabrik mit Beraterstatus bei den Vereinten Nationen (UNO). Sie h\u00e4lt den G\u00fctertransport \u00fcber Kontinente hinweg f\u00fcr \u00fcberholt und ruft zur Deglobalisierung auf. (Bild: zVg \/ Planet Industrial Excellence)<\/figcaption><\/figure>\n<p>Die Wirtschaft sollte bei Beschaffung, Produktion und Logistik alle Konzepte, die auf einem interkontinentalen Warenaustausch im grossen Stil basieren, so weit wie m\u00f6glich vermeiden, empfiehlt Jane Enny van Lambalgen, CEO der Beratungs- und Managementfirma Planet Industrial Excellence. Als Grund nennt sie \u201egeopolitische Spannungen, die Lieferketten jederzeit unkontrollierbar unterbrechen k\u00f6nnen, aber auch die steigenden Transportkosten.\u201c Es sei \u201edas Gebot der Stunde, sich von einer \u00fcberm\u00e4ssigen globalen Arbeits- und Warenverteilung \u00fcber Kontinente hinweg zu verabschieden.\u201c<\/p>\n<h3>R\u00fcckbesinnung auf das Regionalit\u00e4tsprinzip\u00a0<\/h3>\n<p>\u201eIn einer auf Globalit\u00e4t ausgelegten Weltwirtschaft ist die R\u00fcckbesinnung auf das Regionalit\u00e4tsprinzip schwierig\u201c, r\u00e4umt Jane Enny van Lambalgen ein. Aber sie gibt zu bedenken: \u201eWenn die gesamte Produktion in Europa und Amerika von bestimmten Teilen oder Teilschritten in Asien abh\u00e4ngig ist, dann bedeutet das eben auch, dass jeder Konflikt in Asien bzw. in den entsprechenden asiatischen L\u00e4ndern oder auf den Transportwegen potenziell das ganze Unternehmen lahmlegt.\u201c\u00a0<\/p>\n<p>Der h\u00e4ufig f\u00fcr die Produktion in Asien angef\u00fchrte Kostenvorteil von je nach Branche und Produkten 30 bis 70 Prozent k\u00f6nne zwar nicht vernachl\u00e4ssigt werden, gibt die CEO von Planet Industrial Excellence zu. Aber \u201eangesichts der Gefahr eines v\u00f6lligen Produktionsstopps wird das Verharren in Kostenkategorien der aktuellen Weltlage nicht gerecht\u201c, meint sie.<\/p>\n<h3>Zweistufiges Vorgehen: erst Beschaffung, dann Produktion<\/h3>\n<p>Jane Enny van Lambalgen r\u00e4t Unternehmen zu einem zweistufigen Vorgehen, um mehr Unabh\u00e4ngigkeit von den zunehmenden geopolitischen Spannungen zu erreichen. Im ersten Schritt sollte die Beschaffungsseite so ausgerichtet werden, dass es f\u00fcr jedes Vorprodukt mindestens zwei Lieferanten gibt, die auf verschiedene Kontinente verteilt sind.\u00a0<\/p>\n<p>\u201eDas stellt das mittelst\u00e4ndische produzierende Gewerbe vor enorme Herausforderungen\u201c, weiss die CEO aus zahlreichen Projekten. \u201eDennoch sind die Unternehmen gut beraten, diesen ersten Schritt z\u00fcgig anzugehen, bevor es irgendwo auf der Welt wieder einmal knallt\u201c, formuliert sie salopp. Jane Enny van Lambalgen f\u00fchrt aus: \u201e\u00dcber die offensichtlichen Konflikte in der Triade der Grossm\u00e4chte USA, China und Russland, die wiederum zahlreiche Stellvertreter\u00adkonflikte in sich bergen, lauern rund um den Globus viele weitere Gefahren etwa durch Terror\u00adorganisationen, deren Auswirkungen kein Unternehmenslenker vorher\u00adsehen kann. Kluge CEOs setzen daher die Deglobalisierung im Sinne einer Produktion dort, wo sich der Kundenkreis des Unternehmens befindet, ganz weit oben auf ihre Agenda.\u201c<\/p>\n<h3>Warnung vor der Lieferkettenfalle<\/h3>\n<p>Dabei warnt Jane Enny van Lambalgen beim Ringen um mehr Unabh\u00e4ngigkeit vor der \u201eLiefer\u00adkettenfalle\u201c: \u201eEs n\u00fctzt nichts, f\u00fcr ein europ\u00e4isches Werk auf einen Zulieferer in Europa zu setzen, der seinerseits von asiatischen Vorprodukten abh\u00e4ngig ist\u201c, gibt sie ein konkretes Beispiel.\u00a0<\/p>\n<p>Sie r\u00e4t dazu, den im Zusammenhang mit der aktuellen EU-Regulatorik zur Lieferkette ohnehin anfallenden Aufwand zu nutzen, um nicht nur die vom Gesetzgeber geforderten Nachhaltigkeitsnachweise zu erbringen, sondern auch gleich, um die Resilienz der Lieferkette im Angesicht geopolitischer Spannungsfelder zu durchleuchten. \u201eF\u00fcr die Lieferkette gilt dasselbe wie f\u00fcr jeder Kette: Sie ist nur so haltbar wie ihr schw\u00e4chstes Glied\u201c, verweist die CEO auf \u201eeine Binsenweisheit, die im Management h\u00e4ufig zu wenig Beachtung findet.\u201c<\/p>\n<h3>Positive Beispiele von Bosch bis Hugo Boss<\/h3>\n<p>Im zweiten Schritt sollte die Verringerung der globalen Abh\u00e4ngigkeiten \u00fcber die Beschaffung hinaus\u00adgehend auf die Produktionsst\u00e4tten ausgeweitet werden. \u201eWas in Amerika verkauft wird, sollte in Amerika produziert werden. Was in Europa verkauft wird, in Europa\u201c, bringt es Jane Enny van Lambalgen auf den Punkt. So bewertet sie die seit einiger Zeit zunehmenden Produktionsverlagerungen von Deutschland nach Polen oder in andere osteurop\u00e4ische L\u00e4nder als \u201ebetriebswirt\u00adschaftlich unkritisch und h\u00e4ufig sinnvoll\u201c. Sie verweist beispielhaft auf Bosch, Miele, Viessmann \u201eund viele weitere Mittelst\u00e4ndler und Konzerne\u201c, die den Weg ins Nachbarland erfolgreich beschritten h\u00e4tten.<\/p>\n<p>\u201eDoch der Aufbau einer Fertigungsst\u00e4tte in Asien ist derzeit und wohl auf absehbare Zeit nur sinnvoll, wenn die dort produzierten Produkte auch prim\u00e4r in Asien Absatz finden\u201c, gibt sie klare Richtlinien f\u00fcr die Deglobalisierung vor. Ganz im Gegenteil r\u00e4t sie dazu, soweit wie m\u00f6glich Fertigungslinien aus Asien zur\u00fcck nach Europa zu holen. \u201eDas muss nicht zwangsl\u00e4ufig \u00fcber den Aufbau eigener europ\u00e4ischer Produktionsst\u00e4tten erfolgen. Die Auslagerung an Auftragsfertiger mit europ\u00e4ischer Fertigung stellt eine veritable Alternative dar\u201c, stellt sie klar, \u201esolange sichergestellt ist, dass der Auftragsfertiger seinerseits nicht in der Lieferkettenfalle steckt.\u201c Als gutes Beispiel f\u00fcr dieses Modell nennt sie das Vorgehen des Modekonzerns Hugo Boss.<\/p>\n<h3>Haupth\u00fcrde: Kastendenken in Kostenkategorien<\/h3>\n<p>Als eine Haupth\u00fcrde f\u00fcr die St\u00e4rkung der Resilienz durch Deglobalisierung bezeichnet Jane Enny van Lambalgen \u201edas Kastendenken in Kostenkategorien\u201c in weiten Teilen der Wirtschaft. Sie gesteht den \u201eKostenreitern im Management\u201c zu: \u201eNat\u00fcrlich ist es hier und heute preiswerter, Vorprodukte aus Asien zu beziehen bzw. dort eine Produktionsst\u00e4tte zu betreiben als etwa in Europa. Doch das mit dieser Abh\u00e4ngigkeit verbundene Risiko steigt st\u00e4ndig und wird immer unkalkulierbarer.\u201c Das gilt erst recht f\u00fcr den Schutz von spezifischem Knowhow wie Software, gibt sie zu bedenken.<\/p>\n<h3>Das n\u00e4chste Corona k\u00f6nnte Taiwan heissen<\/h3>\n<p>Jane Enny von Lambalgen wundert sich: \u201eIn vielen Managementetagen sind die Lehren aus Corona offenbar schon wieder verblasst. Doch man muss sich klar machen: Corona kann jederzeit wieder\u00adkommen, nur dass es diesmal vielleicht Taiwan heisst.\u201c Als \u201ekluge Massnahme\u201c lobt sie den Gang des deutschen Mittelst\u00e4ndlers Stihl in die Schweiz. \u201eEin gutes Beispiel f\u00fcr eine gelungene Flucht vor der \u00fcberbordenden Regulatorik in der EU und den ausufernden Betriebskosten f\u00fcr eine Fertigung in Deutschland\u201c, urteilt Jane Enny van Lambalgen.<\/p>\n<p><em>Weitere Informationen: <a href=\"http:\/\/www.planetie.ch\" target=\"_blank\" rel=\"noopener\">www.planetie.ch<\/a>\u00a0und <a href=\"http:\/\/www.diplomatic-council.org\/vanlambalgen\" target=\"_blank\" rel=\"noopener\">www.diplomatic-council.org\/vanlambalgen<\/a><\/em><\/p>\n","protected":false},"excerpt":{"rendered":"<p>Der G\u00fctertransport im grossem Stil \u00fcber Kontinente hinweg sei angesichts der zunehmenden geopolitischen Spannungen nicht mehr zeitgem\u00e4ss, sagt die Wirtschafts-Expertin Jane Enny van Lambalgen, Founding Partner und Gesch\u00e4ftsf\u00fchrerin der Firma Planet Industrial Excellence. Sie r\u00e4t deshalb zur Deglobalisierung.<\/p>\n","protected":false},"author":4,"featured_media":28625,"comment_status":"closed","ping_status":"closed","sticky":false,"template":"","format":"standard","meta":{"_acf_changed":false,"_yoast_wpseo_focuskw":"Deglobalisierung","_yoast_wpseo_metadesc":"Wirtschafts-Experting Jane Enny van Lambalgen von der Firma Planet Industrial Excellence ruft zur Deglobalisierung auf.","articlekey":"","footnotes":""},"categories":[28],"tags":[4325,335,462,2861],"class_list":["post-28624","post","type-post","status-publish","format-standard","has-post-thumbnail","hentry","category-management","tag-deglobalisierung","tag-management-und-unternehmensfuehrung","tag-supply-chain-management","tag-weltwirtschaft"],"acf":[],"yoast_head":"<!-- This site is optimized with the Yoast SEO plugin v27.4 - https:\/\/yoast.com\/product\/yoast-seo-wordpress\/ -->\n<title>Deglobalisierung als Gebot der Stunde - Organisator<\/title>\n<meta name=\"description\" content=\"Wirtschafts-Experting Jane Enny van Lambalgen von der Firma Planet Industrial Excellence ruft zur Deglobalisierung auf.\" \/>\n<meta name=\"robots\" content=\"index, follow, max-snippet:-1, max-image-preview:large, max-video-preview:-1\" \/>\n<link rel=\"canonical\" href=\"https:\/\/www.organisator.ch\/de\/management\/2024-08-05\/deglobalisierung-als-gebot-der-stunde\/\" \/>\n<meta property=\"og:locale\" content=\"de_DE\" \/>\n<meta property=\"og:type\" content=\"article\" \/>\n<meta property=\"og:title\" content=\"Deglobalisierung als Gebot der Stunde - Organisator\" \/>\n<meta property=\"og:description\" content=\"Wirtschafts-Experting Jane Enny van Lambalgen von der Firma Planet Industrial Excellence ruft zur Deglobalisierung auf.\" \/>\n<meta property=\"og:url\" content=\"https:\/\/www.organisator.ch\/de\/management\/2024-08-05\/deglobalisierung-als-gebot-der-stunde\/\" \/>\n<meta property=\"og:site_name\" content=\"Organisator\" \/>\n<meta property=\"article:publisher\" content=\"https:\/\/www.facebook.com\/OrganisatorFachmagazin\" \/>\n<meta property=\"article:published_time\" content=\"2024-08-05T07:03:20+00:00\" \/>\n<meta property=\"og:image\" content=\"https:\/\/www.organisator.ch\/wp-content\/uploads\/2024\/08\/Deglobalisierung-als-Gebot-der-Stunde_Organisator.jpg\" \/>\n\t<meta property=\"og:image:width\" content=\"680\" \/>\n\t<meta property=\"og:image:height\" content=\"508\" \/>\n\t<meta property=\"og:image:type\" content=\"image\/jpeg\" \/>\n<meta name=\"author\" content=\"thomas.berner\" \/>\n<meta name=\"twitter:card\" content=\"summary_large_image\" \/>\n<script type=\"application\/ld+json\" class=\"yoast-schema-graph\">{\"@context\":\"https:\\\/\\\/schema.org\",\"@graph\":[{\"@type\":\"Article\",\"@id\":\"https:\\\/\\\/www.organisator.ch\\\/management\\\/2024-08-05\\\/deglobalisierung-als-gebot-der-stunde\\\/#article\",\"isPartOf\":{\"@id\":\"https:\\\/\\\/www.organisator.ch\\\/management\\\/2024-08-05\\\/deglobalisierung-als-gebot-der-stunde\\\/\"},\"author\":{\"name\":\"thomas.berner\",\"@id\":\"https:\\\/\\\/www.organisator.ch\\\/#\\\/schema\\\/person\\\/6f650f90b2842cd4c0cc334b4e36f67e\"},\"headline\":\"Deglobalisierung als Gebot der Stunde\",\"datePublished\":\"2024-08-05T07:03:20+00:00\",\"mainEntityOfPage\":{\"@id\":\"https:\\\/\\\/www.organisator.ch\\\/management\\\/2024-08-05\\\/deglobalisierung-als-gebot-der-stunde\\\/\"},\"wordCount\":996,\"publisher\":{\"@id\":\"https:\\\/\\\/www.organisator.ch\\\/#organization\"},\"image\":{\"@id\":\"https:\\\/\\\/www.organisator.ch\\\/management\\\/2024-08-05\\\/deglobalisierung-als-gebot-der-stunde\\\/#primaryimage\"},\"thumbnailUrl\":\"https:\\\/\\\/www.organisator.ch\\\/wp-content\\\/uploads\\\/2024\\\/08\\\/Deglobalisierung-als-Gebot-der-Stunde_Organisator.jpg\",\"keywords\":[\"Deglobalisierung\",\"Management und Unternehmensf\u00fchrung\",\"Supply Chain Management\",\"Weltwirtschaft\"],\"articleSection\":[\"MANAGEMENT\"],\"inLanguage\":\"de\"},{\"@type\":\"WebPage\",\"@id\":\"https:\\\/\\\/www.organisator.ch\\\/management\\\/2024-08-05\\\/deglobalisierung-als-gebot-der-stunde\\\/\",\"url\":\"https:\\\/\\\/www.organisator.ch\\\/management\\\/2024-08-05\\\/deglobalisierung-als-gebot-der-stunde\\\/\",\"name\":\"Deglobalisierung als Gebot der Stunde - Organisator\",\"isPartOf\":{\"@id\":\"https:\\\/\\\/www.organisator.ch\\\/#website\"},\"primaryImageOfPage\":{\"@id\":\"https:\\\/\\\/www.organisator.ch\\\/management\\\/2024-08-05\\\/deglobalisierung-als-gebot-der-stunde\\\/#primaryimage\"},\"image\":{\"@id\":\"https:\\\/\\\/www.organisator.ch\\\/management\\\/2024-08-05\\\/deglobalisierung-als-gebot-der-stunde\\\/#primaryimage\"},\"thumbnailUrl\":\"https:\\\/\\\/www.organisator.ch\\\/wp-content\\\/uploads\\\/2024\\\/08\\\/Deglobalisierung-als-Gebot-der-Stunde_Organisator.jpg\",\"datePublished\":\"2024-08-05T07:03:20+00:00\",\"description\":\"Wirtschafts-Experting Jane Enny van Lambalgen von der Firma Planet Industrial Excellence ruft zur Deglobalisierung auf.\",\"breadcrumb\":{\"@id\":\"https:\\\/\\\/www.organisator.ch\\\/management\\\/2024-08-05\\\/deglobalisierung-als-gebot-der-stunde\\\/#breadcrumb\"},\"inLanguage\":\"de\",\"potentialAction\":[{\"@type\":\"ReadAction\",\"target\":[\"https:\\\/\\\/www.organisator.ch\\\/management\\\/2024-08-05\\\/deglobalisierung-als-gebot-der-stunde\\\/\"]}]},{\"@type\":\"ImageObject\",\"inLanguage\":\"de\",\"@id\":\"https:\\\/\\\/www.organisator.ch\\\/management\\\/2024-08-05\\\/deglobalisierung-als-gebot-der-stunde\\\/#primaryimage\",\"url\":\"https:\\\/\\\/www.organisator.ch\\\/wp-content\\\/uploads\\\/2024\\\/08\\\/Deglobalisierung-als-Gebot-der-Stunde_Organisator.jpg\",\"contentUrl\":\"https:\\\/\\\/www.organisator.ch\\\/wp-content\\\/uploads\\\/2024\\\/08\\\/Deglobalisierung-als-Gebot-der-Stunde_Organisator.jpg\",\"width\":680,\"height\":508,\"caption\":\"Jane Enny van Lambalgen ist Founding Partner und Gesch\u00e4ftsf\u00fchrerin der Firma Planet Industrial Excellence sowie Mitglied bei United Interim, der f\u00fchrenden Community f\u00fcr Interim Manager im deutschsprachigen Raum, und im Diplomatic Council, einer globalen Denkfabrik mit Beraterstatus bei den Vereinten Nationen (UNO). Sie h\u00e4lt den G\u00fctertransport \u00fcber Kontinenten hinweg f\u00fcr \u00fcberholt und ruft zur Deglobalisierung auf. (Bild: zVg \\\/ Planet Industrial Excellence)\"},{\"@type\":\"BreadcrumbList\",\"@id\":\"https:\\\/\\\/www.organisator.ch\\\/management\\\/2024-08-05\\\/deglobalisierung-als-gebot-der-stunde\\\/#breadcrumb\",\"itemListElement\":[{\"@type\":\"ListItem\",\"position\":1,\"name\":\"Home\",\"item\":\"https:\\\/\\\/www.organisator.ch\\\/\"},{\"@type\":\"ListItem\",\"position\":2,\"name\":\"Deglobalisierung als Gebot der Stunde\"}]},{\"@type\":\"WebSite\",\"@id\":\"https:\\\/\\\/www.organisator.ch\\\/#website\",\"url\":\"https:\\\/\\\/www.organisator.ch\\\/\",\"name\":\"Organisator\",\"description\":\"Kompetent. Praxisnah. Der ORGANISATOR bereitet in 10 Ausgaben pro Jahr die wesentlichen Themen f\u00fcr F\u00fchrungskr\u00e4fte von KMU auf.\",\"publisher\":{\"@id\":\"https:\\\/\\\/www.organisator.ch\\\/#organization\"},\"potentialAction\":[{\"@type\":\"SearchAction\",\"target\":{\"@type\":\"EntryPoint\",\"urlTemplate\":\"https:\\\/\\\/www.organisator.ch\\\/?s={search_term_string}\"},\"query-input\":{\"@type\":\"PropertyValueSpecification\",\"valueRequired\":true,\"valueName\":\"search_term_string\"}}],\"inLanguage\":\"de\"},{\"@type\":\"Organization\",\"@id\":\"https:\\\/\\\/www.organisator.ch\\\/#organization\",\"name\":\"Organisator\",\"url\":\"https:\\\/\\\/www.organisator.ch\\\/\",\"logo\":{\"@type\":\"ImageObject\",\"inLanguage\":\"de\",\"@id\":\"https:\\\/\\\/www.organisator.ch\\\/#\\\/schema\\\/logo\\\/image\\\/\",\"url\":\"https:\\\/\\\/www.organisator.ch\\\/wp-content\\\/uploads\\\/2022\\\/01\\\/Logo_Organisator_Website.png\",\"contentUrl\":\"https:\\\/\\\/www.organisator.ch\\\/wp-content\\\/uploads\\\/2022\\\/01\\\/Logo_Organisator_Website.png\",\"width\":800,\"height\":77,\"caption\":\"Organisator\"},\"image\":{\"@id\":\"https:\\\/\\\/www.organisator.ch\\\/#\\\/schema\\\/logo\\\/image\\\/\"},\"sameAs\":[\"https:\\\/\\\/www.facebook.com\\\/OrganisatorFachmagazin\",\"https:\\\/\\\/www.linkedin.com\\\/showcase\\\/organisator-das-magazin-fr-kmu\",\"https:\\\/\\\/www.xing.com\\\/news\\\/pages\\\/organisator-ch-695\",\"https:\\\/\\\/www.youtube.com\\\/channel\\\/UCGP2Sq0iWaZwT3BdIAQFYpw\"]},{\"@type\":\"Person\",\"@id\":\"https:\\\/\\\/www.organisator.ch\\\/#\\\/schema\\\/person\\\/6f650f90b2842cd4c0cc334b4e36f67e\",\"name\":\"thomas.berner\",\"image\":{\"@type\":\"ImageObject\",\"inLanguage\":\"de\",\"@id\":\"https:\\\/\\\/secure.gravatar.com\\\/avatar\\\/ac5001d2a36cb6c6cd3e50789007ffca834b477b74a2144564522e944eabff61?s=96&d=mm&r=g\",\"url\":\"https:\\\/\\\/secure.gravatar.com\\\/avatar\\\/ac5001d2a36cb6c6cd3e50789007ffca834b477b74a2144564522e944eabff61?s=96&d=mm&r=g\",\"contentUrl\":\"https:\\\/\\\/secure.gravatar.com\\\/avatar\\\/ac5001d2a36cb6c6cd3e50789007ffca834b477b74a2144564522e944eabff61?s=96&d=mm&r=g\",\"caption\":\"thomas.berner\"},\"url\":\"https:\\\/\\\/www.organisator.ch\\\/de\\\/author\\\/thomas-berner\\\/\"}]}<\/script>\n<!-- \/ Yoast SEO plugin. -->","yoast_head_json":{"title":"Deglobalisierung als Gebot der Stunde - Organisator","description":"Wirtschafts-Experting Jane Enny van Lambalgen von der Firma Planet Industrial Excellence ruft zur Deglobalisierung auf.","robots":{"index":"index","follow":"follow","max-snippet":"max-snippet:-1","max-image-preview":"max-image-preview:large","max-video-preview":"max-video-preview:-1"},"canonical":"https:\/\/www.organisator.ch\/de\/management\/2024-08-05\/deglobalisierung-als-gebot-der-stunde\/","og_locale":"de_DE","og_type":"article","og_title":"Deglobalisierung als Gebot der Stunde - Organisator","og_description":"Wirtschafts-Experting Jane Enny van Lambalgen von der Firma Planet Industrial Excellence ruft zur Deglobalisierung auf.","og_url":"https:\/\/www.organisator.ch\/de\/management\/2024-08-05\/deglobalisierung-als-gebot-der-stunde\/","og_site_name":"Organisator","article_publisher":"https:\/\/www.facebook.com\/OrganisatorFachmagazin","article_published_time":"2024-08-05T07:03:20+00:00","og_image":[{"width":680,"height":508,"url":"https:\/\/www.organisator.ch\/wp-content\/uploads\/2024\/08\/Deglobalisierung-als-Gebot-der-Stunde_Organisator.jpg","type":"image\/jpeg"}],"author":"thomas.berner","twitter_card":"summary_large_image","schema":{"@context":"https:\/\/schema.org","@graph":[{"@type":"Article","@id":"https:\/\/www.organisator.ch\/management\/2024-08-05\/deglobalisierung-als-gebot-der-stunde\/#article","isPartOf":{"@id":"https:\/\/www.organisator.ch\/management\/2024-08-05\/deglobalisierung-als-gebot-der-stunde\/"},"author":{"name":"thomas.berner","@id":"https:\/\/www.organisator.ch\/#\/schema\/person\/6f650f90b2842cd4c0cc334b4e36f67e"},"headline":"Deglobalisierung als Gebot der Stunde","datePublished":"2024-08-05T07:03:20+00:00","mainEntityOfPage":{"@id":"https:\/\/www.organisator.ch\/management\/2024-08-05\/deglobalisierung-als-gebot-der-stunde\/"},"wordCount":996,"publisher":{"@id":"https:\/\/www.organisator.ch\/#organization"},"image":{"@id":"https:\/\/www.organisator.ch\/management\/2024-08-05\/deglobalisierung-als-gebot-der-stunde\/#primaryimage"},"thumbnailUrl":"https:\/\/www.organisator.ch\/wp-content\/uploads\/2024\/08\/Deglobalisierung-als-Gebot-der-Stunde_Organisator.jpg","keywords":["Deglobalisierung","Management und Unternehmensf\u00fchrung","Supply Chain Management","Weltwirtschaft"],"articleSection":["MANAGEMENT"],"inLanguage":"de"},{"@type":"WebPage","@id":"https:\/\/www.organisator.ch\/management\/2024-08-05\/deglobalisierung-als-gebot-der-stunde\/","url":"https:\/\/www.organisator.ch\/management\/2024-08-05\/deglobalisierung-als-gebot-der-stunde\/","name":"Deglobalisierung als Gebot der Stunde - Organisator","isPartOf":{"@id":"https:\/\/www.organisator.ch\/#website"},"primaryImageOfPage":{"@id":"https:\/\/www.organisator.ch\/management\/2024-08-05\/deglobalisierung-als-gebot-der-stunde\/#primaryimage"},"image":{"@id":"https:\/\/www.organisator.ch\/management\/2024-08-05\/deglobalisierung-als-gebot-der-stunde\/#primaryimage"},"thumbnailUrl":"https:\/\/www.organisator.ch\/wp-content\/uploads\/2024\/08\/Deglobalisierung-als-Gebot-der-Stunde_Organisator.jpg","datePublished":"2024-08-05T07:03:20+00:00","description":"Wirtschafts-Experting Jane Enny van Lambalgen von der Firma Planet Industrial Excellence ruft zur Deglobalisierung auf.","breadcrumb":{"@id":"https:\/\/www.organisator.ch\/management\/2024-08-05\/deglobalisierung-als-gebot-der-stunde\/#breadcrumb"},"inLanguage":"de","potentialAction":[{"@type":"ReadAction","target":["https:\/\/www.organisator.ch\/management\/2024-08-05\/deglobalisierung-als-gebot-der-stunde\/"]}]},{"@type":"ImageObject","inLanguage":"de","@id":"https:\/\/www.organisator.ch\/management\/2024-08-05\/deglobalisierung-als-gebot-der-stunde\/#primaryimage","url":"https:\/\/www.organisator.ch\/wp-content\/uploads\/2024\/08\/Deglobalisierung-als-Gebot-der-Stunde_Organisator.jpg","contentUrl":"https:\/\/www.organisator.ch\/wp-content\/uploads\/2024\/08\/Deglobalisierung-als-Gebot-der-Stunde_Organisator.jpg","width":680,"height":508,"caption":"Jane Enny van Lambalgen ist Founding Partner und Gesch\u00e4ftsf\u00fchrerin der Firma Planet Industrial Excellence sowie Mitglied bei United Interim, der f\u00fchrenden Community f\u00fcr Interim Manager im deutschsprachigen Raum, und im Diplomatic Council, einer globalen Denkfabrik mit Beraterstatus bei den Vereinten Nationen (UNO). Sie h\u00e4lt den G\u00fctertransport \u00fcber Kontinenten hinweg f\u00fcr \u00fcberholt und ruft zur Deglobalisierung auf. (Bild: zVg \/ Planet Industrial Excellence)"},{"@type":"BreadcrumbList","@id":"https:\/\/www.organisator.ch\/management\/2024-08-05\/deglobalisierung-als-gebot-der-stunde\/#breadcrumb","itemListElement":[{"@type":"ListItem","position":1,"name":"Home","item":"https:\/\/www.organisator.ch\/"},{"@type":"ListItem","position":2,"name":"Deglobalisierung als Gebot der Stunde"}]},{"@type":"WebSite","@id":"https:\/\/www.organisator.ch\/#website","url":"https:\/\/www.organisator.ch\/","name":"Organisator","description":"Kompetent. Praxisnah. Der ORGANISATOR bereitet in 10 Ausgaben pro Jahr die wesentlichen Themen f\u00fcr F\u00fchrungskr\u00e4fte von KMU auf.","publisher":{"@id":"https:\/\/www.organisator.ch\/#organization"},"potentialAction":[{"@type":"SearchAction","target":{"@type":"EntryPoint","urlTemplate":"https:\/\/www.organisator.ch\/?s={search_term_string}"},"query-input":{"@type":"PropertyValueSpecification","valueRequired":true,"valueName":"search_term_string"}}],"inLanguage":"de"},{"@type":"Organization","@id":"https:\/\/www.organisator.ch\/#organization","name":"Organisator","url":"https:\/\/www.organisator.ch\/","logo":{"@type":"ImageObject","inLanguage":"de","@id":"https:\/\/www.organisator.ch\/#\/schema\/logo\/image\/","url":"https:\/\/www.organisator.ch\/wp-content\/uploads\/2022\/01\/Logo_Organisator_Website.png","contentUrl":"https:\/\/www.organisator.ch\/wp-content\/uploads\/2022\/01\/Logo_Organisator_Website.png","width":800,"height":77,"caption":"Organisator"},"image":{"@id":"https:\/\/www.organisator.ch\/#\/schema\/logo\/image\/"},"sameAs":["https:\/\/www.facebook.com\/OrganisatorFachmagazin","https:\/\/www.linkedin.com\/showcase\/organisator-das-magazin-fr-kmu","https:\/\/www.xing.com\/news\/pages\/organisator-ch-695","https:\/\/www.youtube.com\/channel\/UCGP2Sq0iWaZwT3BdIAQFYpw"]},{"@type":"Person","@id":"https:\/\/www.organisator.ch\/#\/schema\/person\/6f650f90b2842cd4c0cc334b4e36f67e","name":"thomas.berner","image":{"@type":"ImageObject","inLanguage":"de","@id":"https:\/\/secure.gravatar.com\/avatar\/ac5001d2a36cb6c6cd3e50789007ffca834b477b74a2144564522e944eabff61?s=96&d=mm&r=g","url":"https:\/\/secure.gravatar.com\/avatar\/ac5001d2a36cb6c6cd3e50789007ffca834b477b74a2144564522e944eabff61?s=96&d=mm&r=g","contentUrl":"https:\/\/secure.gravatar.com\/avatar\/ac5001d2a36cb6c6cd3e50789007ffca834b477b74a2144564522e944eabff61?s=96&d=mm&r=g","caption":"thomas.berner"},"url":"https:\/\/www.organisator.ch\/de\/author\/thomas-berner\/"}]}},"_links":{"self":[{"href":"https:\/\/www.organisator.ch\/de\/wp-json\/wp\/v2\/posts\/28624","targetHints":{"allow":["GET"]}}],"collection":[{"href":"https:\/\/www.organisator.ch\/de\/wp-json\/wp\/v2\/posts"}],"about":[{"href":"https:\/\/www.organisator.ch\/de\/wp-json\/wp\/v2\/types\/post"}],"author":[{"embeddable":true,"href":"https:\/\/www.organisator.ch\/de\/wp-json\/wp\/v2\/users\/4"}],"replies":[{"embeddable":true,"href":"https:\/\/www.organisator.ch\/de\/wp-json\/wp\/v2\/comments?post=28624"}],"version-history":[{"count":3,"href":"https:\/\/www.organisator.ch\/de\/wp-json\/wp\/v2\/posts\/28624\/revisions"}],"predecessor-version":[{"id":28668,"href":"https:\/\/www.organisator.ch\/de\/wp-json\/wp\/v2\/posts\/28624\/revisions\/28668"}],"wp:featuredmedia":[{"embeddable":true,"href":"https:\/\/www.organisator.ch\/de\/wp-json\/wp\/v2\/media\/28625"}],"wp:attachment":[{"href":"https:\/\/www.organisator.ch\/de\/wp-json\/wp\/v2\/media?parent=28624"}],"wp:term":[{"taxonomy":"category","embeddable":true,"href":"https:\/\/www.organisator.ch\/de\/wp-json\/wp\/v2\/categories?post=28624"},{"taxonomy":"post_tag","embeddable":true,"href":"https:\/\/www.organisator.ch\/de\/wp-json\/wp\/v2\/tags?post=28624"}],"curies":[{"name":"wp","href":"https:\/\/api.w.org\/{rel}","templated":true}]}}