{"id":28679,"date":"2024-08-06T09:20:53","date_gmt":"2024-08-06T07:20:53","guid":{"rendered":"https:\/\/www.organisator.ch\/?p=28679"},"modified":"2024-08-06T09:20:53","modified_gmt":"2024-08-06T07:20:53","slug":"gemeinsam-konflikte-loesen-vorschau-auf-das-12-swiss-green-economy-symposium","status":"publish","type":"post","link":"https:\/\/www.organisator.ch\/de\/sustainability\/2024-08-06\/gemeinsam-konflikte-loesen-vorschau-auf-das-12-swiss-green-economy-symposium\/","title":{"rendered":"Gemeinsam Konflikte l\u00f6sen: Vorschau auf das 12. Swiss Green Economy Symposium"},"content":{"rendered":"<figure id=\"attachment_28680\" aria-describedby=\"caption-attachment-28680\" style=\"width: 680px\" class=\"wp-caption alignnone\"><img loading=\"lazy\" decoding=\"async\" class=\"size-full wp-image-28680\" src=\"https:\/\/www.organisator.ch\/wp-content\/uploads\/2024\/08\/Gemeinsam-Konflikte-loesen-Vorschau-auf-das-12.-Swiss-Green-Economy-Symposium_Organisator.jpg\" alt=\"\" width=\"680\" height=\"376\" srcset=\"https:\/\/www.organisator.ch\/wp-content\/uploads\/2024\/08\/Gemeinsam-Konflikte-loesen-Vorschau-auf-das-12.-Swiss-Green-Economy-Symposium_Organisator.jpg 680w, https:\/\/www.organisator.ch\/wp-content\/uploads\/2024\/08\/Gemeinsam-Konflikte-loesen-Vorschau-auf-das-12.-Swiss-Green-Economy-Symposium_Organisator-18x10.jpg 18w, https:\/\/www.organisator.ch\/wp-content\/uploads\/2024\/08\/Gemeinsam-Konflikte-loesen-Vorschau-auf-das-12.-Swiss-Green-Economy-Symposium_Organisator-375x207.jpg 375w, https:\/\/www.organisator.ch\/wp-content\/uploads\/2024\/08\/Gemeinsam-Konflikte-loesen-Vorschau-auf-das-12.-Swiss-Green-Economy-Symposium_Organisator-633x350.jpg 633w\" sizes=\"auto, (max-width: 680px) 100vw, 680px\" \/><figcaption id=\"caption-attachment-28680\" class=\"wp-caption-text\">Am 12. Swiss Green Economy Symposium werden wiederum gut 2000 Besucher\/-innen erwartet. (Bild: Thomas Berner)<\/figcaption><\/figure>\n<p>Das Swiss Green Economy Symposium zeigt seit 2013 an konkreten Beispielen, wie die Zusammenarbeit von Wirtschaft, Politik, Wissenschaft und NGOs zu mehr Wohlstand, zum Schutz der Umwelt und zu einem friedlicheren Zusammenleben beitragen kann. L\u00f6sungen werden diskutiert und Erfolgsrezepte geteilt. Das Symposium inspiriert seine Teilnehmenden &#8211; Entscheider, Umsetzer und Innovatoren &#8211; zu konkretem Handeln. In diesem Jahr konzentriert sich das SGES auf die entscheidende Frage: Wie k\u00f6nnen wir durch eine verbesserte Zusammenarbeit Konflikte schneller und effektiver zugunsten der Menschen und der Umwelt nachhaltig l\u00f6sen? Der Anlass bietet eine Plattform, um diese Fragen zu diskutieren, Ideen auszutauschen und Partnerschaften zu f\u00f6rdern.<\/p>\n<p>Das SGES startet bereits am Nachmittag des Dienstags, 27. August, mit den SGEXperience (Firmenbesuche). Die Unternehmen Burckhardt Compression, Stadler Rail und Zimmer Biomet \u00f6ffnen ihre T\u00fcren f\u00fcr die Teilnehmenden und pr\u00e4sentieren ihre Bem\u00fchungen f\u00fcr eine nachhaltigere Zukunft. Beim Innovationslabor Gr\u00fcze der Stadt Winterthur gibt es einen gemeinsamen Schlusspunkt<br \/>\nbeim Networking-Ap\u00e9ro. Am Abend wird am Internationalen Vorabendevent zum Thema Nachhaltige Lieferketten diskutiert.<\/p>\n<p>Am Mittwoch, 28. August, werden nach dem Grusswort der Stadt Winterthur und der Er\u00f6ffnungsbotschaft von Daniel Dubas, Delegierter des Bundesrates f\u00fcr die Agenda 2030 und Leiter Sektion Nachhaltige Entwicklung im Bundesamt f\u00fcr Raumentwicklung (ARE), in Keynotes und Podiumsdiskussionen folgende wichtige Fragen diskutiert: Welche Chancen und Herausforderungen bietet<br \/>\ndie Biodiversit\u00e4t? Wie k\u00f6nnen wir die Kreislaufwirtschaft umsetzen, z.B. bei Batterien? Wie sichert man Lieferketten gegen Risiken ab? Am Nachmittag werden in acht Fachkonferenzen (Innovationsforen) zentrale Nachhaltigkeitsthemen vertieft und diskutiert, z.B. Digitalisierung des Gesundheitswesens, Klimaschutz in Unternehmen, oder Kreislaufwirtschaft beim Bauen.<\/p>\n<p>Am Donnerstag, 29. August, werden im Hauptprogramm hochkar\u00e4tige Fachexperten folgende Themen diskutieren: Wie k\u00f6nnen wir nachhaltig und gesund bauen und wohnen? Wie schaffen wir ein wirksames \u00d6kosystem f\u00fcr Carbon Capture? Wie k\u00f6nnen wir Konflikte gemeinsam l\u00f6sen? Am Nachmittag werden in sieben Innovationsforen wiederum brennende Nachhaltigkeitsthemen vertieft diskutiert. Beispiele hierf\u00fcr sind: Wie k\u00f6nnen wir N\u00e4hrstoffkreisl\u00e4ufe intelligenter managen? Wie k\u00f6nnen wir die erneuerbaren Energien rasch ausbauen und die Energieeffizienz sicherstellen? Wie k\u00f6nnen wir die Kreislaufwirtschaft bei den Kunststoffen umsetzen?<\/p>\n<p>Am Donnerstag wird das Swiss Green Economy Symposiums wie bereits am Mittwoch mit einem Networking-Ap\u00e9ro ab 17 Uhr ausklingen. Denn mit Lebensfreude k\u00f6nnen wir uns viel besser f\u00fcr Nachhaltigkeit engagieren.\u00a0<\/p>\n<p><em>Programm: <a href=\"https:\/\/sges.ch\/programm\/\">sges.ch\/programm<\/a><\/em><\/p>\n","protected":false},"excerpt":{"rendered":"<p>Zweieinhalb Tage, 2000 motivierte Teilnehmende, 250 hochkar\u00e4tige Referenten, zwei Hauptprogramme, 15 Innovationsforen und drei Firmenbesuche vor Ort: Vom 27. bis 29. August 2024 findet in Winterthur das 12. Swiss Green Economy Symposium SGES statt. Es ist die umfassendste Konferenz zu Wirtschaft und Nachhaltigkeit in der Schweiz.<\/p>\n","protected":false},"author":4,"featured_media":28680,"comment_status":"closed","ping_status":"closed","sticky":false,"template":"","format":"standard","meta":{"_acf_changed":false,"_yoast_wpseo_focuskw":"Konflikte l\u00f6sen","_yoast_wpseo_metadesc":"Vom 27. bis 29. August 2024 findet in Winterthur das 12. Swiss Green Economy Symposium SGES statt. Das Motto: Gemeinsam Konflikte l\u00f6sen.","articlekey":"","footnotes":""},"categories":[580],"tags":[193,335,358,4338,502],"class_list":["post-28679","post","type-post","status-publish","format-standard","has-post-thumbnail","hentry","category-sustainability","tag-fachkongressfachmesse","tag-management-und-unternehmensfuehrung","tag-nachhaltige-wirtschaft","tag-swiss-green-economy-symposium","tag-veranstaltungen"],"acf":[],"yoast_head":"<!-- This site is optimized with the Yoast SEO plugin v27.4 - https:\/\/yoast.com\/product\/yoast-seo-wordpress\/ -->\n<title>Gemeinsam Konflikte l\u00f6sen: Vorschau auf das 12. Swiss Green Economy Symposium - Organisator<\/title>\n<meta name=\"description\" content=\"Vom 27. bis 29. August 2024 findet in Winterthur das 12. Swiss Green Economy Symposium SGES statt. Das Motto: Gemeinsam Konflikte l\u00f6sen.\" \/>\n<meta name=\"robots\" content=\"index, follow, max-snippet:-1, max-image-preview:large, max-video-preview:-1\" \/>\n<link rel=\"canonical\" href=\"https:\/\/www.organisator.ch\/de\/sustainability\/2024-08-06\/gemeinsam-konflikte-loesen-vorschau-auf-das-12-swiss-green-economy-symposium\/\" \/>\n<meta property=\"og:locale\" content=\"de_DE\" \/>\n<meta property=\"og:type\" content=\"article\" \/>\n<meta property=\"og:title\" content=\"Gemeinsam Konflikte l\u00f6sen: Vorschau auf das 12. Swiss Green Economy Symposium\" \/>\n<meta property=\"og:description\" content=\"Vom 27. bis 29. August 2024 findet in Winterthur das 12. Swiss Green Economy Symposium SGES statt. Das Motto: Gemeinsam Konflikte l\u00f6sen.\" \/>\n<meta property=\"og:url\" content=\"https:\/\/www.organisator.ch\/de\/sustainability\/2024-08-06\/gemeinsam-konflikte-loesen-vorschau-auf-das-12-swiss-green-economy-symposium\/\" \/>\n<meta property=\"og:site_name\" content=\"Organisator\" \/>\n<meta property=\"article:publisher\" content=\"https:\/\/www.facebook.com\/OrganisatorFachmagazin\" \/>\n<meta property=\"article:published_time\" content=\"2024-08-06T07:20:53+00:00\" \/>\n<meta property=\"og:image\" content=\"https:\/\/www.organisator.ch\/wp-content\/uploads\/2024\/08\/Gemeinsam-Konflikte-loesen-Vorschau-auf-das-12.-Swiss-Green-Economy-Symposium_Organisator.jpg\" \/>\n\t<meta property=\"og:image:width\" content=\"680\" \/>\n\t<meta property=\"og:image:height\" content=\"376\" \/>\n\t<meta property=\"og:image:type\" content=\"image\/jpeg\" \/>\n<meta name=\"author\" content=\"thomas.berner\" \/>\n<meta name=\"twitter:card\" content=\"summary_large_image\" \/>\n<meta name=\"twitter:title\" content=\"Gemeinsam #Konflikte l\u00f6sen: Vorschau auf das 12. Swiss Green #Economy #Symposium\" \/>\n<meta name=\"twitter:description\" content=\"Vom 27. bis 29. August 2024 findet in Winterthur das 12. Swiss Green Economy Symposium #SGES statt. Das Motto: Gemeinsam #Konflikte l\u00f6sen.\" \/>\n<meta name=\"twitter:image\" content=\"https:\/\/www.organisator.ch\/wp-content\/uploads\/2024\/08\/Gemeinsam-Konflikte-loesen-Vorschau-auf-das-12.-Swiss-Green-Economy-Symposium_Organisator.jpg\" \/>\n<script type=\"application\/ld+json\" class=\"yoast-schema-graph\">{\"@context\":\"https:\\\/\\\/schema.org\",\"@graph\":[{\"@type\":\"Article\",\"@id\":\"https:\\\/\\\/www.organisator.ch\\\/sustainability\\\/2024-08-06\\\/gemeinsam-konflikte-loesen-vorschau-auf-das-12-swiss-green-economy-symposium\\\/#article\",\"isPartOf\":{\"@id\":\"https:\\\/\\\/www.organisator.ch\\\/sustainability\\\/2024-08-06\\\/gemeinsam-konflikte-loesen-vorschau-auf-das-12-swiss-green-economy-symposium\\\/\"},\"author\":{\"name\":\"thomas.berner\",\"@id\":\"https:\\\/\\\/www.organisator.ch\\\/#\\\/schema\\\/person\\\/6f650f90b2842cd4c0cc334b4e36f67e\"},\"headline\":\"Gemeinsam Konflikte l\u00f6sen: Vorschau auf das 12. Swiss Green Economy Symposium\",\"datePublished\":\"2024-08-06T07:20:53+00:00\",\"mainEntityOfPage\":{\"@id\":\"https:\\\/\\\/www.organisator.ch\\\/sustainability\\\/2024-08-06\\\/gemeinsam-konflikte-loesen-vorschau-auf-das-12-swiss-green-economy-symposium\\\/\"},\"wordCount\":418,\"publisher\":{\"@id\":\"https:\\\/\\\/www.organisator.ch\\\/#organization\"},\"image\":{\"@id\":\"https:\\\/\\\/www.organisator.ch\\\/sustainability\\\/2024-08-06\\\/gemeinsam-konflikte-loesen-vorschau-auf-das-12-swiss-green-economy-symposium\\\/#primaryimage\"},\"thumbnailUrl\":\"https:\\\/\\\/www.organisator.ch\\\/wp-content\\\/uploads\\\/2024\\\/08\\\/Gemeinsam-Konflikte-loesen-Vorschau-auf-das-12.-Swiss-Green-Economy-Symposium_Organisator.jpg\",\"keywords\":[\"Fachkongress\\\/Fachmesse\",\"Management und Unternehmensf\u00fchrung\",\"Nachhaltige Wirtschaft\",\"Swiss Green Economy Symposium\",\"Veranstaltungen\"],\"articleSection\":[\"SUSTAINABILITY\"],\"inLanguage\":\"de\"},{\"@type\":\"WebPage\",\"@id\":\"https:\\\/\\\/www.organisator.ch\\\/sustainability\\\/2024-08-06\\\/gemeinsam-konflikte-loesen-vorschau-auf-das-12-swiss-green-economy-symposium\\\/\",\"url\":\"https:\\\/\\\/www.organisator.ch\\\/sustainability\\\/2024-08-06\\\/gemeinsam-konflikte-loesen-vorschau-auf-das-12-swiss-green-economy-symposium\\\/\",\"name\":\"Gemeinsam Konflikte l\u00f6sen: Vorschau auf das 12. Swiss Green Economy Symposium - Organisator\",\"isPartOf\":{\"@id\":\"https:\\\/\\\/www.organisator.ch\\\/#website\"},\"primaryImageOfPage\":{\"@id\":\"https:\\\/\\\/www.organisator.ch\\\/sustainability\\\/2024-08-06\\\/gemeinsam-konflikte-loesen-vorschau-auf-das-12-swiss-green-economy-symposium\\\/#primaryimage\"},\"image\":{\"@id\":\"https:\\\/\\\/www.organisator.ch\\\/sustainability\\\/2024-08-06\\\/gemeinsam-konflikte-loesen-vorschau-auf-das-12-swiss-green-economy-symposium\\\/#primaryimage\"},\"thumbnailUrl\":\"https:\\\/\\\/www.organisator.ch\\\/wp-content\\\/uploads\\\/2024\\\/08\\\/Gemeinsam-Konflikte-loesen-Vorschau-auf-das-12.-Swiss-Green-Economy-Symposium_Organisator.jpg\",\"datePublished\":\"2024-08-06T07:20:53+00:00\",\"description\":\"Vom 27. bis 29. August 2024 findet in Winterthur das 12. Swiss Green Economy Symposium SGES statt. Das Motto: Gemeinsam Konflikte l\u00f6sen.\",\"breadcrumb\":{\"@id\":\"https:\\\/\\\/www.organisator.ch\\\/sustainability\\\/2024-08-06\\\/gemeinsam-konflikte-loesen-vorschau-auf-das-12-swiss-green-economy-symposium\\\/#breadcrumb\"},\"inLanguage\":\"de\",\"potentialAction\":[{\"@type\":\"ReadAction\",\"target\":[\"https:\\\/\\\/www.organisator.ch\\\/sustainability\\\/2024-08-06\\\/gemeinsam-konflikte-loesen-vorschau-auf-das-12-swiss-green-economy-symposium\\\/\"]}]},{\"@type\":\"ImageObject\",\"inLanguage\":\"de\",\"@id\":\"https:\\\/\\\/www.organisator.ch\\\/sustainability\\\/2024-08-06\\\/gemeinsam-konflikte-loesen-vorschau-auf-das-12-swiss-green-economy-symposium\\\/#primaryimage\",\"url\":\"https:\\\/\\\/www.organisator.ch\\\/wp-content\\\/uploads\\\/2024\\\/08\\\/Gemeinsam-Konflikte-loesen-Vorschau-auf-das-12.-Swiss-Green-Economy-Symposium_Organisator.jpg\",\"contentUrl\":\"https:\\\/\\\/www.organisator.ch\\\/wp-content\\\/uploads\\\/2024\\\/08\\\/Gemeinsam-Konflikte-loesen-Vorschau-auf-das-12.-Swiss-Green-Economy-Symposium_Organisator.jpg\",\"width\":680,\"height\":376,\"caption\":\"Am 12. Swiss Green Economy Symposium werden wiederum gut 2000 Besucher\\\/-innen erwartet. (Bild: Thomas Berner)\"},{\"@type\":\"BreadcrumbList\",\"@id\":\"https:\\\/\\\/www.organisator.ch\\\/sustainability\\\/2024-08-06\\\/gemeinsam-konflikte-loesen-vorschau-auf-das-12-swiss-green-economy-symposium\\\/#breadcrumb\",\"itemListElement\":[{\"@type\":\"ListItem\",\"position\":1,\"name\":\"Home\",\"item\":\"https:\\\/\\\/www.organisator.ch\\\/\"},{\"@type\":\"ListItem\",\"position\":2,\"name\":\"Gemeinsam Konflikte l\u00f6sen: Vorschau auf das 12. Swiss Green Economy Symposium\"}]},{\"@type\":\"WebSite\",\"@id\":\"https:\\\/\\\/www.organisator.ch\\\/#website\",\"url\":\"https:\\\/\\\/www.organisator.ch\\\/\",\"name\":\"Organisator\",\"description\":\"Kompetent. Praxisnah. Der ORGANISATOR bereitet in 10 Ausgaben pro Jahr die wesentlichen Themen f\u00fcr F\u00fchrungskr\u00e4fte von KMU auf.\",\"publisher\":{\"@id\":\"https:\\\/\\\/www.organisator.ch\\\/#organization\"},\"potentialAction\":[{\"@type\":\"SearchAction\",\"target\":{\"@type\":\"EntryPoint\",\"urlTemplate\":\"https:\\\/\\\/www.organisator.ch\\\/?s={search_term_string}\"},\"query-input\":{\"@type\":\"PropertyValueSpecification\",\"valueRequired\":true,\"valueName\":\"search_term_string\"}}],\"inLanguage\":\"de\"},{\"@type\":\"Organization\",\"@id\":\"https:\\\/\\\/www.organisator.ch\\\/#organization\",\"name\":\"Organisator\",\"url\":\"https:\\\/\\\/www.organisator.ch\\\/\",\"logo\":{\"@type\":\"ImageObject\",\"inLanguage\":\"de\",\"@id\":\"https:\\\/\\\/www.organisator.ch\\\/#\\\/schema\\\/logo\\\/image\\\/\",\"url\":\"https:\\\/\\\/www.organisator.ch\\\/wp-content\\\/uploads\\\/2022\\\/01\\\/Logo_Organisator_Website.png\",\"contentUrl\":\"https:\\\/\\\/www.organisator.ch\\\/wp-content\\\/uploads\\\/2022\\\/01\\\/Logo_Organisator_Website.png\",\"width\":800,\"height\":77,\"caption\":\"Organisator\"},\"image\":{\"@id\":\"https:\\\/\\\/www.organisator.ch\\\/#\\\/schema\\\/logo\\\/image\\\/\"},\"sameAs\":[\"https:\\\/\\\/www.facebook.com\\\/OrganisatorFachmagazin\",\"https:\\\/\\\/www.linkedin.com\\\/showcase\\\/organisator-das-magazin-fr-kmu\",\"https:\\\/\\\/www.xing.com\\\/news\\\/pages\\\/organisator-ch-695\",\"https:\\\/\\\/www.youtube.com\\\/channel\\\/UCGP2Sq0iWaZwT3BdIAQFYpw\"]},{\"@type\":\"Person\",\"@id\":\"https:\\\/\\\/www.organisator.ch\\\/#\\\/schema\\\/person\\\/6f650f90b2842cd4c0cc334b4e36f67e\",\"name\":\"thomas.berner\",\"image\":{\"@type\":\"ImageObject\",\"inLanguage\":\"de\",\"@id\":\"https:\\\/\\\/secure.gravatar.com\\\/avatar\\\/ac5001d2a36cb6c6cd3e50789007ffca834b477b74a2144564522e944eabff61?s=96&d=mm&r=g\",\"url\":\"https:\\\/\\\/secure.gravatar.com\\\/avatar\\\/ac5001d2a36cb6c6cd3e50789007ffca834b477b74a2144564522e944eabff61?s=96&d=mm&r=g\",\"contentUrl\":\"https:\\\/\\\/secure.gravatar.com\\\/avatar\\\/ac5001d2a36cb6c6cd3e50789007ffca834b477b74a2144564522e944eabff61?s=96&d=mm&r=g\",\"caption\":\"thomas.berner\"},\"url\":\"https:\\\/\\\/www.organisator.ch\\\/de\\\/author\\\/thomas-berner\\\/\"}]}<\/script>\n<!-- \/ Yoast SEO plugin. -->","yoast_head_json":{"title":"Gemeinsam Konflikte l\u00f6sen: Vorschau auf das 12. Swiss Green Economy Symposium - Organisator","description":"Vom 27. bis 29. August 2024 findet in Winterthur das 12. Swiss Green Economy Symposium SGES statt. Das Motto: Gemeinsam Konflikte l\u00f6sen.","robots":{"index":"index","follow":"follow","max-snippet":"max-snippet:-1","max-image-preview":"max-image-preview:large","max-video-preview":"max-video-preview:-1"},"canonical":"https:\/\/www.organisator.ch\/de\/sustainability\/2024-08-06\/gemeinsam-konflikte-loesen-vorschau-auf-das-12-swiss-green-economy-symposium\/","og_locale":"de_DE","og_type":"article","og_title":"Gemeinsam Konflikte l\u00f6sen: Vorschau auf das 12. Swiss Green Economy Symposium","og_description":"Vom 27. bis 29. August 2024 findet in Winterthur das 12. Swiss Green Economy Symposium SGES statt. Das Motto: Gemeinsam Konflikte l\u00f6sen.","og_url":"https:\/\/www.organisator.ch\/de\/sustainability\/2024-08-06\/gemeinsam-konflikte-loesen-vorschau-auf-das-12-swiss-green-economy-symposium\/","og_site_name":"Organisator","article_publisher":"https:\/\/www.facebook.com\/OrganisatorFachmagazin","article_published_time":"2024-08-06T07:20:53+00:00","og_image":[{"width":680,"height":376,"url":"https:\/\/www.organisator.ch\/wp-content\/uploads\/2024\/08\/Gemeinsam-Konflikte-loesen-Vorschau-auf-das-12.-Swiss-Green-Economy-Symposium_Organisator.jpg","type":"image\/jpeg"}],"author":"thomas.berner","twitter_card":"summary_large_image","twitter_title":"Gemeinsam #Konflikte l\u00f6sen: Vorschau auf das 12. Swiss Green #Economy #Symposium","twitter_description":"Vom 27. bis 29. August 2024 findet in Winterthur das 12. Swiss Green Economy Symposium #SGES statt. Das Motto: Gemeinsam #Konflikte l\u00f6sen.","twitter_image":"https:\/\/www.organisator.ch\/wp-content\/uploads\/2024\/08\/Gemeinsam-Konflikte-loesen-Vorschau-auf-das-12.-Swiss-Green-Economy-Symposium_Organisator.jpg","schema":{"@context":"https:\/\/schema.org","@graph":[{"@type":"Article","@id":"https:\/\/www.organisator.ch\/sustainability\/2024-08-06\/gemeinsam-konflikte-loesen-vorschau-auf-das-12-swiss-green-economy-symposium\/#article","isPartOf":{"@id":"https:\/\/www.organisator.ch\/sustainability\/2024-08-06\/gemeinsam-konflikte-loesen-vorschau-auf-das-12-swiss-green-economy-symposium\/"},"author":{"name":"thomas.berner","@id":"https:\/\/www.organisator.ch\/#\/schema\/person\/6f650f90b2842cd4c0cc334b4e36f67e"},"headline":"Gemeinsam Konflikte l\u00f6sen: Vorschau auf das 12. Swiss Green Economy Symposium","datePublished":"2024-08-06T07:20:53+00:00","mainEntityOfPage":{"@id":"https:\/\/www.organisator.ch\/sustainability\/2024-08-06\/gemeinsam-konflikte-loesen-vorschau-auf-das-12-swiss-green-economy-symposium\/"},"wordCount":418,"publisher":{"@id":"https:\/\/www.organisator.ch\/#organization"},"image":{"@id":"https:\/\/www.organisator.ch\/sustainability\/2024-08-06\/gemeinsam-konflikte-loesen-vorschau-auf-das-12-swiss-green-economy-symposium\/#primaryimage"},"thumbnailUrl":"https:\/\/www.organisator.ch\/wp-content\/uploads\/2024\/08\/Gemeinsam-Konflikte-loesen-Vorschau-auf-das-12.-Swiss-Green-Economy-Symposium_Organisator.jpg","keywords":["Fachkongress\/Fachmesse","Management und Unternehmensf\u00fchrung","Nachhaltige Wirtschaft","Swiss Green Economy Symposium","Veranstaltungen"],"articleSection":["SUSTAINABILITY"],"inLanguage":"de"},{"@type":"WebPage","@id":"https:\/\/www.organisator.ch\/sustainability\/2024-08-06\/gemeinsam-konflikte-loesen-vorschau-auf-das-12-swiss-green-economy-symposium\/","url":"https:\/\/www.organisator.ch\/sustainability\/2024-08-06\/gemeinsam-konflikte-loesen-vorschau-auf-das-12-swiss-green-economy-symposium\/","name":"Gemeinsam Konflikte l\u00f6sen: Vorschau auf das 12. Swiss Green Economy Symposium - Organisator","isPartOf":{"@id":"https:\/\/www.organisator.ch\/#website"},"primaryImageOfPage":{"@id":"https:\/\/www.organisator.ch\/sustainability\/2024-08-06\/gemeinsam-konflikte-loesen-vorschau-auf-das-12-swiss-green-economy-symposium\/#primaryimage"},"image":{"@id":"https:\/\/www.organisator.ch\/sustainability\/2024-08-06\/gemeinsam-konflikte-loesen-vorschau-auf-das-12-swiss-green-economy-symposium\/#primaryimage"},"thumbnailUrl":"https:\/\/www.organisator.ch\/wp-content\/uploads\/2024\/08\/Gemeinsam-Konflikte-loesen-Vorschau-auf-das-12.-Swiss-Green-Economy-Symposium_Organisator.jpg","datePublished":"2024-08-06T07:20:53+00:00","description":"Vom 27. bis 29. August 2024 findet in Winterthur das 12. Swiss Green Economy Symposium SGES statt. Das Motto: Gemeinsam Konflikte l\u00f6sen.","breadcrumb":{"@id":"https:\/\/www.organisator.ch\/sustainability\/2024-08-06\/gemeinsam-konflikte-loesen-vorschau-auf-das-12-swiss-green-economy-symposium\/#breadcrumb"},"inLanguage":"de","potentialAction":[{"@type":"ReadAction","target":["https:\/\/www.organisator.ch\/sustainability\/2024-08-06\/gemeinsam-konflikte-loesen-vorschau-auf-das-12-swiss-green-economy-symposium\/"]}]},{"@type":"ImageObject","inLanguage":"de","@id":"https:\/\/www.organisator.ch\/sustainability\/2024-08-06\/gemeinsam-konflikte-loesen-vorschau-auf-das-12-swiss-green-economy-symposium\/#primaryimage","url":"https:\/\/www.organisator.ch\/wp-content\/uploads\/2024\/08\/Gemeinsam-Konflikte-loesen-Vorschau-auf-das-12.-Swiss-Green-Economy-Symposium_Organisator.jpg","contentUrl":"https:\/\/www.organisator.ch\/wp-content\/uploads\/2024\/08\/Gemeinsam-Konflikte-loesen-Vorschau-auf-das-12.-Swiss-Green-Economy-Symposium_Organisator.jpg","width":680,"height":376,"caption":"Am 12. Swiss Green Economy Symposium werden wiederum gut 2000 Besucher\/-innen erwartet. (Bild: Thomas Berner)"},{"@type":"BreadcrumbList","@id":"https:\/\/www.organisator.ch\/sustainability\/2024-08-06\/gemeinsam-konflikte-loesen-vorschau-auf-das-12-swiss-green-economy-symposium\/#breadcrumb","itemListElement":[{"@type":"ListItem","position":1,"name":"Home","item":"https:\/\/www.organisator.ch\/"},{"@type":"ListItem","position":2,"name":"Gemeinsam Konflikte l\u00f6sen: Vorschau auf das 12. Swiss Green Economy Symposium"}]},{"@type":"WebSite","@id":"https:\/\/www.organisator.ch\/#website","url":"https:\/\/www.organisator.ch\/","name":"Organisator","description":"Kompetent. Praxisnah. Der ORGANISATOR bereitet in 10 Ausgaben pro Jahr die wesentlichen Themen f\u00fcr F\u00fchrungskr\u00e4fte von KMU auf.","publisher":{"@id":"https:\/\/www.organisator.ch\/#organization"},"potentialAction":[{"@type":"SearchAction","target":{"@type":"EntryPoint","urlTemplate":"https:\/\/www.organisator.ch\/?s={search_term_string}"},"query-input":{"@type":"PropertyValueSpecification","valueRequired":true,"valueName":"search_term_string"}}],"inLanguage":"de"},{"@type":"Organization","@id":"https:\/\/www.organisator.ch\/#organization","name":"Organisator","url":"https:\/\/www.organisator.ch\/","logo":{"@type":"ImageObject","inLanguage":"de","@id":"https:\/\/www.organisator.ch\/#\/schema\/logo\/image\/","url":"https:\/\/www.organisator.ch\/wp-content\/uploads\/2022\/01\/Logo_Organisator_Website.png","contentUrl":"https:\/\/www.organisator.ch\/wp-content\/uploads\/2022\/01\/Logo_Organisator_Website.png","width":800,"height":77,"caption":"Organisator"},"image":{"@id":"https:\/\/www.organisator.ch\/#\/schema\/logo\/image\/"},"sameAs":["https:\/\/www.facebook.com\/OrganisatorFachmagazin","https:\/\/www.linkedin.com\/showcase\/organisator-das-magazin-fr-kmu","https:\/\/www.xing.com\/news\/pages\/organisator-ch-695","https:\/\/www.youtube.com\/channel\/UCGP2Sq0iWaZwT3BdIAQFYpw"]},{"@type":"Person","@id":"https:\/\/www.organisator.ch\/#\/schema\/person\/6f650f90b2842cd4c0cc334b4e36f67e","name":"thomas.berner","image":{"@type":"ImageObject","inLanguage":"de","@id":"https:\/\/secure.gravatar.com\/avatar\/ac5001d2a36cb6c6cd3e50789007ffca834b477b74a2144564522e944eabff61?s=96&d=mm&r=g","url":"https:\/\/secure.gravatar.com\/avatar\/ac5001d2a36cb6c6cd3e50789007ffca834b477b74a2144564522e944eabff61?s=96&d=mm&r=g","contentUrl":"https:\/\/secure.gravatar.com\/avatar\/ac5001d2a36cb6c6cd3e50789007ffca834b477b74a2144564522e944eabff61?s=96&d=mm&r=g","caption":"thomas.berner"},"url":"https:\/\/www.organisator.ch\/de\/author\/thomas-berner\/"}]}},"_links":{"self":[{"href":"https:\/\/www.organisator.ch\/de\/wp-json\/wp\/v2\/posts\/28679","targetHints":{"allow":["GET"]}}],"collection":[{"href":"https:\/\/www.organisator.ch\/de\/wp-json\/wp\/v2\/posts"}],"about":[{"href":"https:\/\/www.organisator.ch\/de\/wp-json\/wp\/v2\/types\/post"}],"author":[{"embeddable":true,"href":"https:\/\/www.organisator.ch\/de\/wp-json\/wp\/v2\/users\/4"}],"replies":[{"embeddable":true,"href":"https:\/\/www.organisator.ch\/de\/wp-json\/wp\/v2\/comments?post=28679"}],"version-history":[{"count":3,"href":"https:\/\/www.organisator.ch\/de\/wp-json\/wp\/v2\/posts\/28679\/revisions"}],"predecessor-version":[{"id":28695,"href":"https:\/\/www.organisator.ch\/de\/wp-json\/wp\/v2\/posts\/28679\/revisions\/28695"}],"wp:featuredmedia":[{"embeddable":true,"href":"https:\/\/www.organisator.ch\/de\/wp-json\/wp\/v2\/media\/28680"}],"wp:attachment":[{"href":"https:\/\/www.organisator.ch\/de\/wp-json\/wp\/v2\/media?parent=28679"}],"wp:term":[{"taxonomy":"category","embeddable":true,"href":"https:\/\/www.organisator.ch\/de\/wp-json\/wp\/v2\/categories?post=28679"},{"taxonomy":"post_tag","embeddable":true,"href":"https:\/\/www.organisator.ch\/de\/wp-json\/wp\/v2\/tags?post=28679"}],"curies":[{"name":"wp","href":"https:\/\/api.w.org\/{rel}","templated":true}]}}