{"id":28719,"date":"2024-08-09T09:35:37","date_gmt":"2024-08-09T07:35:37","guid":{"rendered":"https:\/\/www.organisator.ch\/?p=28719"},"modified":"2024-08-09T09:35:37","modified_gmt":"2024-08-09T07:35:37","slug":"empa-stellt-neuen-forschungscampus-fertig","status":"publish","type":"post","link":"https:\/\/www.organisator.ch\/de\/sustainability\/2024-08-09\/empa-stellt-neuen-forschungscampus-fertig\/","title":{"rendered":"Empa stellt neuen Forschungscampus fertig"},"content":{"rendered":"<div class=\"std-paragraph-block\">\n<div class=\"std-art-paragraph\">\n<figure id=\"attachment_28723\" aria-describedby=\"caption-attachment-28723\" style=\"width: 680px\" class=\"wp-caption alignnone\"><img loading=\"lazy\" decoding=\"async\" class=\"size-full wp-image-28723\" src=\"https:\/\/www.organisator.ch\/wp-content\/uploads\/2024\/08\/Empa-stellt-neuen-Forschungscampus-fertig_Organisator.jpg\" alt=\"\" width=\"680\" height=\"453\" srcset=\"https:\/\/www.organisator.ch\/wp-content\/uploads\/2024\/08\/Empa-stellt-neuen-Forschungscampus-fertig_Organisator.jpg 680w, https:\/\/www.organisator.ch\/wp-content\/uploads\/2024\/08\/Empa-stellt-neuen-Forschungscampus-fertig_Organisator-18x12.jpg 18w, https:\/\/www.organisator.ch\/wp-content\/uploads\/2024\/08\/Empa-stellt-neuen-Forschungscampus-fertig_Organisator-375x250.jpg 375w, https:\/\/www.organisator.ch\/wp-content\/uploads\/2024\/08\/Empa-stellt-neuen-Forschungscampus-fertig_Organisator-525x350.jpg 525w\" sizes=\"auto, (max-width: 680px) 100vw, 680px\" \/><figcaption id=\"caption-attachment-28723\" class=\"wp-caption-text\">Der Forschungscampus \u00abco-operate\u00bb wurde im Juni 2024 er\u00f6ffnet. (Bild: Empa)<\/figcaption><\/figure><\/p>\n<p>Der neue Forschungscampus mit der Bezeichnung \u00abco-operate\u00bb Platz f\u00fcr neue Ideen bieten: Die Weiterentwicklung des Campus in D\u00fcbendorf sei wichtig, um in der Forschung vorne mit dabei zu bleiben, wie es in der Mitteilung an die Medien heisst. Mit Er\u00f6ffnung im Juli 2024 ist der Ausbau vorerst abgeschlossen.<\/p>\n<h3>Modern, gr\u00fcn und nahezu verkehrsfrei<\/h3>\n<p>Zum Campus geh\u00f6ren ein neues, topmodernes Laborgeb\u00e4ude sowie ein Multifunktionsgeb\u00e4ude und ein Parkhaus. Die Neubauten erlauben nun die Sanierung des bestehenden Laborgeb\u00e4udes aus den 1960er-Jahren ohne dabei grosse Unterbr\u00fcche im Tagesgesch\u00e4ft in Kauf nehmen zu m\u00fcssen. Das neue Laborgeb\u00e4ude beherbergt rund 30 neue Labors und ebenso viele B\u00fcros in einem kompakten Bau. Das Geb\u00e4udevolumen betr\u00e4gt inklusive der Multifunktionsfl\u00e4chen im Erdgeschoss nach Angaben der Empa knapp 40\u2018000 Kubikmeter. Das neue Parkhaus bietet 260 Parkpl\u00e4tze f\u00fcr Mitarbeitende und Besucher\/-innen, im Gegenzug wurden die auf dem ganzen Gel\u00e4nde verteilten Parkpl\u00e4tze nach und nach aufgehoben, was den Autoverkehr auf dem Gel\u00e4nde reduziert. Das neue Multifunktionsgeb\u00e4ude wiederum bietet rund 1\u2018000 Quadratmeter B\u00fcrofl\u00e4che. Im Erdgeschoss befindet sich das Bistro \u00abFlair\u00bb mit einer zum Campus-Platz gewandten Loggia. Alle Neubauten sind Minergie-P-Eco zertifiziert.<\/p>\n<\/div>\n<\/div>\n<div class=\"std-paragraph-block\">\n<h3>Innovationen aus den Empa-Labors f\u00fcr die Praxis<\/h3>\n<div class=\"std-art-paragraph\">\n<p>Im neuen Campus wurden auch Entwicklungen und Innovationen aus den Empa-Labors realisiert, vor allem im Energie- und Geb\u00e4udebereich. Von nun an wird also nicht nur in, sondern auch an und mit den neuen Geb\u00e4uden geforscht. So speichert etwa ein Feld mit 144 Erdsonden, die bis 100 Meter in die Tiefe reichen, die Abw\u00e4rme der Geb\u00e4ude. Im Winter wird diese W\u00e4rme dem Erdreich wieder entzogen und \u00fcber eine W\u00e4rmepumpe angehoben, um sie zum Heizen zu nutzen.<\/p>\n<p>Doch damit nicht genug: anstelle eines \u00abkonventionellen\u00bb Niedertemperatur-Erdsondenfelds ist ein neuartiger, experimenteller Hochtemperatur-Erdsondenspeicher gebaut worden. Die Abw\u00e4rme der K\u00e4ltemaschinen wird im Sommer \u00fcber die Erdsonden ins Erdreich geleitet. Der saisonale Erdw\u00e4rmespeicher wird so \u00abgeladen\u00bb. Im Winter wird die Energie dem Erdreich zum Heizen wieder entzogen; der saisonale Erdw\u00e4rmespeicher wird \u00abentladen\u00bb. Dieser saisonale Zyklus wiederholt sich dann immer wieder. Im Rahmen eines Forschungsprojektes wird diese Innovation in den n\u00e4chsten Jahren nun eingehend untersucht, um zu erfahren, wie sie die Energieversorgung des Campus, den Betrieb und die Versorgungssicherheit beeinflusst.<\/p>\n<p>Die Eawag untersucht ausserdem, wie sich der Einsatz von Hochtemperatur-Erdsonden-W\u00e4rmespeichern auf das umliegende Erdreich, das Grundwasser und die darin lebenden Mikroorganismen auswirkt. Die Schweiz verf\u00fcgt heute schon \u00fcber die h\u00f6chste Dichte an Erdw\u00e4rmesonden in ganz Europa, daher st\u00f6sst das Projekt bei Bund und Kantonen auf reges Interesse. Zudem wird im neuen Laborgeb\u00e4ude dank spezieller Trenntoiletten der Urin gesammelt und zum \u00abWater Hub\u00bb der Eawag im NEST geleitet. Im dortigen Labor wird er zu Pflanzend\u00fcnger verarbeitet.<\/p>\n<p><em>Quelle: <a href=\"http:\/\/www.empa.ch\">Empa<\/a><\/em><\/p>\n<\/div>\n<\/div>\n","protected":false},"excerpt":{"rendered":"<p>Der gemeinsame Campus der Empa und der Eawag in D\u00fcbendorf ist von 2021 bis 2024 um drei moderne Geb\u00e4ude angewachsen. Diese bieten Mitarbeitenden und G\u00e4sten mehr Raum f\u00fcr Forschung und Innovation. Beim Bau sind auch Innovationen aus den Labors der Empa und der Eawag realisiert worden. <\/p>\n","protected":false},"author":4,"featured_media":28723,"comment_status":"closed","ping_status":"closed","sticky":false,"template":"","format":"standard","meta":{"_acf_changed":false,"_yoast_wpseo_focuskw":"Forschungscampus","_yoast_wpseo_metadesc":"Der gemeinsame Forschungscampus der Empa und der Eawag in D\u00fcbendorf ist von 2021 bis 2024 um drei moderne Geb\u00e4ude angewachsen.","articlekey":"","footnotes":""},"categories":[580],"tags":[1052,2812,1247,358],"class_list":["post-28719","post","type-post","status-publish","format-standard","has-post-thumbnail","hentry","category-sustainability","tag-empa","tag-forschung-wissenschaft","tag-gebaeude","tag-nachhaltige-wirtschaft"],"acf":[],"yoast_head":"<!-- This site is optimized with the Yoast SEO plugin v27.5 - https:\/\/yoast.com\/product\/yoast-seo-wordpress\/ -->\n<title>Empa stellt neuen Forschungscampus fertig - Organisator<\/title>\n<meta name=\"description\" content=\"Der gemeinsame Forschungscampus der Empa und der Eawag in D\u00fcbendorf ist von 2021 bis 2024 um drei moderne Geb\u00e4ude angewachsen.\" \/>\n<meta name=\"robots\" content=\"index, follow, max-snippet:-1, max-image-preview:large, max-video-preview:-1\" \/>\n<link rel=\"canonical\" href=\"https:\/\/www.organisator.ch\/de\/sustainability\/2024-08-09\/empa-stellt-neuen-forschungscampus-fertig\/\" \/>\n<meta property=\"og:locale\" content=\"de_DE\" \/>\n<meta property=\"og:type\" content=\"article\" \/>\n<meta property=\"og:title\" content=\"Empa stellt neuen Forschungscampus fertig\" \/>\n<meta property=\"og:description\" content=\"Der gemeinsame Forschungscampus der Empa und der Eawag in D\u00fcbendorf ist von 2021 bis 2024 um drei moderne Geb\u00e4ude angewachsen.\" \/>\n<meta property=\"og:url\" content=\"https:\/\/www.organisator.ch\/de\/sustainability\/2024-08-09\/empa-stellt-neuen-forschungscampus-fertig\/\" \/>\n<meta property=\"og:site_name\" content=\"Organisator\" \/>\n<meta property=\"article:publisher\" content=\"https:\/\/www.facebook.com\/OrganisatorFachmagazin\" \/>\n<meta property=\"article:published_time\" content=\"2024-08-09T07:35:37+00:00\" \/>\n<meta property=\"og:image\" content=\"https:\/\/www.organisator.ch\/wp-content\/uploads\/2024\/08\/Empa-stellt-neuen-Forschungscampus-fertig_Organisator.jpg\" \/>\n\t<meta property=\"og:image:width\" content=\"680\" \/>\n\t<meta property=\"og:image:height\" content=\"453\" \/>\n\t<meta property=\"og:image:type\" content=\"image\/jpeg\" \/>\n<meta name=\"author\" content=\"thomas.berner\" \/>\n<meta name=\"twitter:card\" content=\"summary_large_image\" \/>\n<meta name=\"twitter:title\" content=\"#Empa stellt neuen #Forschungscampus fertig\" \/>\n<meta name=\"twitter:description\" content=\"Der gemeinsame #Forschungscampus der #Empa und der #Eawag in D\u00fcbendorf ist von 2021 bis 2024 um drei moderne Geb\u00e4ude angewachsen.\" \/>\n<meta name=\"twitter:image\" content=\"https:\/\/www.organisator.ch\/wp-content\/uploads\/2024\/08\/Empa-stellt-neuen-Forschungscampus-fertig_Organisator.jpg\" \/>\n<script type=\"application\/ld+json\" class=\"yoast-schema-graph\">{\"@context\":\"https:\\\/\\\/schema.org\",\"@graph\":[{\"@type\":\"Article\",\"@id\":\"https:\\\/\\\/www.organisator.ch\\\/sustainability\\\/2024-08-09\\\/empa-stellt-neuen-forschungscampus-fertig\\\/#article\",\"isPartOf\":{\"@id\":\"https:\\\/\\\/www.organisator.ch\\\/sustainability\\\/2024-08-09\\\/empa-stellt-neuen-forschungscampus-fertig\\\/\"},\"author\":{\"name\":\"thomas.berner\",\"@id\":\"https:\\\/\\\/www.organisator.ch\\\/#\\\/schema\\\/person\\\/6f650f90b2842cd4c0cc334b4e36f67e\"},\"headline\":\"Empa stellt neuen Forschungscampus fertig\",\"datePublished\":\"2024-08-09T07:35:37+00:00\",\"mainEntityOfPage\":{\"@id\":\"https:\\\/\\\/www.organisator.ch\\\/sustainability\\\/2024-08-09\\\/empa-stellt-neuen-forschungscampus-fertig\\\/\"},\"wordCount\":483,\"publisher\":{\"@id\":\"https:\\\/\\\/www.organisator.ch\\\/#organization\"},\"image\":{\"@id\":\"https:\\\/\\\/www.organisator.ch\\\/sustainability\\\/2024-08-09\\\/empa-stellt-neuen-forschungscampus-fertig\\\/#primaryimage\"},\"thumbnailUrl\":\"https:\\\/\\\/www.organisator.ch\\\/wp-content\\\/uploads\\\/2024\\\/08\\\/Empa-stellt-neuen-Forschungscampus-fertig_Organisator.jpg\",\"keywords\":[\"Empa\",\"Forschung\\\/Wissenschaft\",\"Geb\u00e4ude\",\"Nachhaltige Wirtschaft\"],\"articleSection\":[\"SUSTAINABILITY\"],\"inLanguage\":\"de\"},{\"@type\":\"WebPage\",\"@id\":\"https:\\\/\\\/www.organisator.ch\\\/sustainability\\\/2024-08-09\\\/empa-stellt-neuen-forschungscampus-fertig\\\/\",\"url\":\"https:\\\/\\\/www.organisator.ch\\\/sustainability\\\/2024-08-09\\\/empa-stellt-neuen-forschungscampus-fertig\\\/\",\"name\":\"Empa stellt neuen Forschungscampus fertig - Organisator\",\"isPartOf\":{\"@id\":\"https:\\\/\\\/www.organisator.ch\\\/#website\"},\"primaryImageOfPage\":{\"@id\":\"https:\\\/\\\/www.organisator.ch\\\/sustainability\\\/2024-08-09\\\/empa-stellt-neuen-forschungscampus-fertig\\\/#primaryimage\"},\"image\":{\"@id\":\"https:\\\/\\\/www.organisator.ch\\\/sustainability\\\/2024-08-09\\\/empa-stellt-neuen-forschungscampus-fertig\\\/#primaryimage\"},\"thumbnailUrl\":\"https:\\\/\\\/www.organisator.ch\\\/wp-content\\\/uploads\\\/2024\\\/08\\\/Empa-stellt-neuen-Forschungscampus-fertig_Organisator.jpg\",\"datePublished\":\"2024-08-09T07:35:37+00:00\",\"description\":\"Der gemeinsame Forschungscampus der Empa und der Eawag in D\u00fcbendorf ist von 2021 bis 2024 um drei moderne Geb\u00e4ude angewachsen.\",\"breadcrumb\":{\"@id\":\"https:\\\/\\\/www.organisator.ch\\\/sustainability\\\/2024-08-09\\\/empa-stellt-neuen-forschungscampus-fertig\\\/#breadcrumb\"},\"inLanguage\":\"de\",\"potentialAction\":[{\"@type\":\"ReadAction\",\"target\":[\"https:\\\/\\\/www.organisator.ch\\\/sustainability\\\/2024-08-09\\\/empa-stellt-neuen-forschungscampus-fertig\\\/\"]}]},{\"@type\":\"ImageObject\",\"inLanguage\":\"de\",\"@id\":\"https:\\\/\\\/www.organisator.ch\\\/sustainability\\\/2024-08-09\\\/empa-stellt-neuen-forschungscampus-fertig\\\/#primaryimage\",\"url\":\"https:\\\/\\\/www.organisator.ch\\\/wp-content\\\/uploads\\\/2024\\\/08\\\/Empa-stellt-neuen-Forschungscampus-fertig_Organisator.jpg\",\"contentUrl\":\"https:\\\/\\\/www.organisator.ch\\\/wp-content\\\/uploads\\\/2024\\\/08\\\/Empa-stellt-neuen-Forschungscampus-fertig_Organisator.jpg\",\"width\":680,\"height\":453,\"caption\":\"Der Forschungscampus \u00abco-operate\u00bb wurde im Juni 2024 er\u00f6ffnet. (Bild: Empa)\"},{\"@type\":\"BreadcrumbList\",\"@id\":\"https:\\\/\\\/www.organisator.ch\\\/sustainability\\\/2024-08-09\\\/empa-stellt-neuen-forschungscampus-fertig\\\/#breadcrumb\",\"itemListElement\":[{\"@type\":\"ListItem\",\"position\":1,\"name\":\"Home\",\"item\":\"https:\\\/\\\/www.organisator.ch\\\/\"},{\"@type\":\"ListItem\",\"position\":2,\"name\":\"Empa stellt neuen Forschungscampus fertig\"}]},{\"@type\":\"WebSite\",\"@id\":\"https:\\\/\\\/www.organisator.ch\\\/#website\",\"url\":\"https:\\\/\\\/www.organisator.ch\\\/\",\"name\":\"Organisator\",\"description\":\"Kompetent. Praxisnah. Der ORGANISATOR bereitet in 10 Ausgaben pro Jahr die wesentlichen Themen f\u00fcr F\u00fchrungskr\u00e4fte von KMU auf.\",\"publisher\":{\"@id\":\"https:\\\/\\\/www.organisator.ch\\\/#organization\"},\"potentialAction\":[{\"@type\":\"SearchAction\",\"target\":{\"@type\":\"EntryPoint\",\"urlTemplate\":\"https:\\\/\\\/www.organisator.ch\\\/?s={search_term_string}\"},\"query-input\":{\"@type\":\"PropertyValueSpecification\",\"valueRequired\":true,\"valueName\":\"search_term_string\"}}],\"inLanguage\":\"de\"},{\"@type\":\"Organization\",\"@id\":\"https:\\\/\\\/www.organisator.ch\\\/#organization\",\"name\":\"Organisator\",\"url\":\"https:\\\/\\\/www.organisator.ch\\\/\",\"logo\":{\"@type\":\"ImageObject\",\"inLanguage\":\"de\",\"@id\":\"https:\\\/\\\/www.organisator.ch\\\/#\\\/schema\\\/logo\\\/image\\\/\",\"url\":\"https:\\\/\\\/www.organisator.ch\\\/wp-content\\\/uploads\\\/2022\\\/01\\\/Logo_Organisator_Website.png\",\"contentUrl\":\"https:\\\/\\\/www.organisator.ch\\\/wp-content\\\/uploads\\\/2022\\\/01\\\/Logo_Organisator_Website.png\",\"width\":800,\"height\":77,\"caption\":\"Organisator\"},\"image\":{\"@id\":\"https:\\\/\\\/www.organisator.ch\\\/#\\\/schema\\\/logo\\\/image\\\/\"},\"sameAs\":[\"https:\\\/\\\/www.facebook.com\\\/OrganisatorFachmagazin\",\"https:\\\/\\\/www.linkedin.com\\\/showcase\\\/organisator-das-magazin-fr-kmu\",\"https:\\\/\\\/www.xing.com\\\/news\\\/pages\\\/organisator-ch-695\",\"https:\\\/\\\/www.youtube.com\\\/channel\\\/UCGP2Sq0iWaZwT3BdIAQFYpw\"]},{\"@type\":\"Person\",\"@id\":\"https:\\\/\\\/www.organisator.ch\\\/#\\\/schema\\\/person\\\/6f650f90b2842cd4c0cc334b4e36f67e\",\"name\":\"thomas.berner\",\"image\":{\"@type\":\"ImageObject\",\"inLanguage\":\"de\",\"@id\":\"https:\\\/\\\/secure.gravatar.com\\\/avatar\\\/ac5001d2a36cb6c6cd3e50789007ffca834b477b74a2144564522e944eabff61?s=96&d=mm&r=g\",\"url\":\"https:\\\/\\\/secure.gravatar.com\\\/avatar\\\/ac5001d2a36cb6c6cd3e50789007ffca834b477b74a2144564522e944eabff61?s=96&d=mm&r=g\",\"contentUrl\":\"https:\\\/\\\/secure.gravatar.com\\\/avatar\\\/ac5001d2a36cb6c6cd3e50789007ffca834b477b74a2144564522e944eabff61?s=96&d=mm&r=g\",\"caption\":\"thomas.berner\"},\"url\":\"https:\\\/\\\/www.organisator.ch\\\/de\\\/author\\\/thomas-berner\\\/\"}]}<\/script>\n<!-- \/ Yoast SEO plugin. -->","yoast_head_json":{"title":"Empa stellt neuen Forschungscampus fertig - Organisator","description":"Der gemeinsame Forschungscampus der Empa und der Eawag in D\u00fcbendorf ist von 2021 bis 2024 um drei moderne Geb\u00e4ude angewachsen.","robots":{"index":"index","follow":"follow","max-snippet":"max-snippet:-1","max-image-preview":"max-image-preview:large","max-video-preview":"max-video-preview:-1"},"canonical":"https:\/\/www.organisator.ch\/de\/sustainability\/2024-08-09\/empa-stellt-neuen-forschungscampus-fertig\/","og_locale":"de_DE","og_type":"article","og_title":"Empa stellt neuen Forschungscampus fertig","og_description":"Der gemeinsame Forschungscampus der Empa und der Eawag in D\u00fcbendorf ist von 2021 bis 2024 um drei moderne Geb\u00e4ude angewachsen.","og_url":"https:\/\/www.organisator.ch\/de\/sustainability\/2024-08-09\/empa-stellt-neuen-forschungscampus-fertig\/","og_site_name":"Organisator","article_publisher":"https:\/\/www.facebook.com\/OrganisatorFachmagazin","article_published_time":"2024-08-09T07:35:37+00:00","og_image":[{"width":680,"height":453,"url":"https:\/\/www.organisator.ch\/wp-content\/uploads\/2024\/08\/Empa-stellt-neuen-Forschungscampus-fertig_Organisator.jpg","type":"image\/jpeg"}],"author":"thomas.berner","twitter_card":"summary_large_image","twitter_title":"#Empa stellt neuen #Forschungscampus fertig","twitter_description":"Der gemeinsame #Forschungscampus der #Empa und der #Eawag in D\u00fcbendorf ist von 2021 bis 2024 um drei moderne Geb\u00e4ude angewachsen.","twitter_image":"https:\/\/www.organisator.ch\/wp-content\/uploads\/2024\/08\/Empa-stellt-neuen-Forschungscampus-fertig_Organisator.jpg","schema":{"@context":"https:\/\/schema.org","@graph":[{"@type":"Article","@id":"https:\/\/www.organisator.ch\/sustainability\/2024-08-09\/empa-stellt-neuen-forschungscampus-fertig\/#article","isPartOf":{"@id":"https:\/\/www.organisator.ch\/sustainability\/2024-08-09\/empa-stellt-neuen-forschungscampus-fertig\/"},"author":{"name":"thomas.berner","@id":"https:\/\/www.organisator.ch\/#\/schema\/person\/6f650f90b2842cd4c0cc334b4e36f67e"},"headline":"Empa stellt neuen Forschungscampus fertig","datePublished":"2024-08-09T07:35:37+00:00","mainEntityOfPage":{"@id":"https:\/\/www.organisator.ch\/sustainability\/2024-08-09\/empa-stellt-neuen-forschungscampus-fertig\/"},"wordCount":483,"publisher":{"@id":"https:\/\/www.organisator.ch\/#organization"},"image":{"@id":"https:\/\/www.organisator.ch\/sustainability\/2024-08-09\/empa-stellt-neuen-forschungscampus-fertig\/#primaryimage"},"thumbnailUrl":"https:\/\/www.organisator.ch\/wp-content\/uploads\/2024\/08\/Empa-stellt-neuen-Forschungscampus-fertig_Organisator.jpg","keywords":["Empa","Forschung\/Wissenschaft","Geb\u00e4ude","Nachhaltige Wirtschaft"],"articleSection":["SUSTAINABILITY"],"inLanguage":"de"},{"@type":"WebPage","@id":"https:\/\/www.organisator.ch\/sustainability\/2024-08-09\/empa-stellt-neuen-forschungscampus-fertig\/","url":"https:\/\/www.organisator.ch\/sustainability\/2024-08-09\/empa-stellt-neuen-forschungscampus-fertig\/","name":"Empa stellt neuen Forschungscampus fertig - Organisator","isPartOf":{"@id":"https:\/\/www.organisator.ch\/#website"},"primaryImageOfPage":{"@id":"https:\/\/www.organisator.ch\/sustainability\/2024-08-09\/empa-stellt-neuen-forschungscampus-fertig\/#primaryimage"},"image":{"@id":"https:\/\/www.organisator.ch\/sustainability\/2024-08-09\/empa-stellt-neuen-forschungscampus-fertig\/#primaryimage"},"thumbnailUrl":"https:\/\/www.organisator.ch\/wp-content\/uploads\/2024\/08\/Empa-stellt-neuen-Forschungscampus-fertig_Organisator.jpg","datePublished":"2024-08-09T07:35:37+00:00","description":"Der gemeinsame Forschungscampus der Empa und der Eawag in D\u00fcbendorf ist von 2021 bis 2024 um drei moderne Geb\u00e4ude angewachsen.","breadcrumb":{"@id":"https:\/\/www.organisator.ch\/sustainability\/2024-08-09\/empa-stellt-neuen-forschungscampus-fertig\/#breadcrumb"},"inLanguage":"de","potentialAction":[{"@type":"ReadAction","target":["https:\/\/www.organisator.ch\/sustainability\/2024-08-09\/empa-stellt-neuen-forschungscampus-fertig\/"]}]},{"@type":"ImageObject","inLanguage":"de","@id":"https:\/\/www.organisator.ch\/sustainability\/2024-08-09\/empa-stellt-neuen-forschungscampus-fertig\/#primaryimage","url":"https:\/\/www.organisator.ch\/wp-content\/uploads\/2024\/08\/Empa-stellt-neuen-Forschungscampus-fertig_Organisator.jpg","contentUrl":"https:\/\/www.organisator.ch\/wp-content\/uploads\/2024\/08\/Empa-stellt-neuen-Forschungscampus-fertig_Organisator.jpg","width":680,"height":453,"caption":"Der Forschungscampus \u00abco-operate\u00bb wurde im Juni 2024 er\u00f6ffnet. (Bild: Empa)"},{"@type":"BreadcrumbList","@id":"https:\/\/www.organisator.ch\/sustainability\/2024-08-09\/empa-stellt-neuen-forschungscampus-fertig\/#breadcrumb","itemListElement":[{"@type":"ListItem","position":1,"name":"Home","item":"https:\/\/www.organisator.ch\/"},{"@type":"ListItem","position":2,"name":"Empa stellt neuen Forschungscampus fertig"}]},{"@type":"WebSite","@id":"https:\/\/www.organisator.ch\/#website","url":"https:\/\/www.organisator.ch\/","name":"Organisator","description":"Kompetent. Praxisnah. Der ORGANISATOR bereitet in 10 Ausgaben pro Jahr die wesentlichen Themen f\u00fcr F\u00fchrungskr\u00e4fte von KMU auf.","publisher":{"@id":"https:\/\/www.organisator.ch\/#organization"},"potentialAction":[{"@type":"SearchAction","target":{"@type":"EntryPoint","urlTemplate":"https:\/\/www.organisator.ch\/?s={search_term_string}"},"query-input":{"@type":"PropertyValueSpecification","valueRequired":true,"valueName":"search_term_string"}}],"inLanguage":"de"},{"@type":"Organization","@id":"https:\/\/www.organisator.ch\/#organization","name":"Organisator","url":"https:\/\/www.organisator.ch\/","logo":{"@type":"ImageObject","inLanguage":"de","@id":"https:\/\/www.organisator.ch\/#\/schema\/logo\/image\/","url":"https:\/\/www.organisator.ch\/wp-content\/uploads\/2022\/01\/Logo_Organisator_Website.png","contentUrl":"https:\/\/www.organisator.ch\/wp-content\/uploads\/2022\/01\/Logo_Organisator_Website.png","width":800,"height":77,"caption":"Organisator"},"image":{"@id":"https:\/\/www.organisator.ch\/#\/schema\/logo\/image\/"},"sameAs":["https:\/\/www.facebook.com\/OrganisatorFachmagazin","https:\/\/www.linkedin.com\/showcase\/organisator-das-magazin-fr-kmu","https:\/\/www.xing.com\/news\/pages\/organisator-ch-695","https:\/\/www.youtube.com\/channel\/UCGP2Sq0iWaZwT3BdIAQFYpw"]},{"@type":"Person","@id":"https:\/\/www.organisator.ch\/#\/schema\/person\/6f650f90b2842cd4c0cc334b4e36f67e","name":"thomas.berner","image":{"@type":"ImageObject","inLanguage":"de","@id":"https:\/\/secure.gravatar.com\/avatar\/ac5001d2a36cb6c6cd3e50789007ffca834b477b74a2144564522e944eabff61?s=96&d=mm&r=g","url":"https:\/\/secure.gravatar.com\/avatar\/ac5001d2a36cb6c6cd3e50789007ffca834b477b74a2144564522e944eabff61?s=96&d=mm&r=g","contentUrl":"https:\/\/secure.gravatar.com\/avatar\/ac5001d2a36cb6c6cd3e50789007ffca834b477b74a2144564522e944eabff61?s=96&d=mm&r=g","caption":"thomas.berner"},"url":"https:\/\/www.organisator.ch\/de\/author\/thomas-berner\/"}]}},"_links":{"self":[{"href":"https:\/\/www.organisator.ch\/de\/wp-json\/wp\/v2\/posts\/28719","targetHints":{"allow":["GET"]}}],"collection":[{"href":"https:\/\/www.organisator.ch\/de\/wp-json\/wp\/v2\/posts"}],"about":[{"href":"https:\/\/www.organisator.ch\/de\/wp-json\/wp\/v2\/types\/post"}],"author":[{"embeddable":true,"href":"https:\/\/www.organisator.ch\/de\/wp-json\/wp\/v2\/users\/4"}],"replies":[{"embeddable":true,"href":"https:\/\/www.organisator.ch\/de\/wp-json\/wp\/v2\/comments?post=28719"}],"version-history":[{"count":4,"href":"https:\/\/www.organisator.ch\/de\/wp-json\/wp\/v2\/posts\/28719\/revisions"}],"predecessor-version":[{"id":28779,"href":"https:\/\/www.organisator.ch\/de\/wp-json\/wp\/v2\/posts\/28719\/revisions\/28779"}],"wp:featuredmedia":[{"embeddable":true,"href":"https:\/\/www.organisator.ch\/de\/wp-json\/wp\/v2\/media\/28723"}],"wp:attachment":[{"href":"https:\/\/www.organisator.ch\/de\/wp-json\/wp\/v2\/media?parent=28719"}],"wp:term":[{"taxonomy":"category","embeddable":true,"href":"https:\/\/www.organisator.ch\/de\/wp-json\/wp\/v2\/categories?post=28719"},{"taxonomy":"post_tag","embeddable":true,"href":"https:\/\/www.organisator.ch\/de\/wp-json\/wp\/v2\/tags?post=28719"}],"curies":[{"name":"wp","href":"https:\/\/api.w.org\/{rel}","templated":true}]}}