{"id":2874,"date":"2017-12-13T08:20:05","date_gmt":"2017-12-13T07:20:05","guid":{"rendered":"https:\/\/www.organisator.ch\/?p=2874"},"modified":"2017-12-13T08:20:05","modified_gmt":"2017-12-13T07:20:05","slug":"optimismus-auf-dem-schweizer-arbeitsmarkt-fuer-den-jahresanfang","status":"publish","type":"post","link":"https:\/\/www.organisator.ch\/de\/human-resources\/hrm\/2017-12-13\/optimismus-auf-dem-schweizer-arbeitsmarkt-fuer-den-jahresanfang\/","title":{"rendered":"Optimismus auf dem Schweizer Arbeitsmarkt f\u00fcr den Jahresanfang"},"content":{"rendered":"<p>Die Arbeitgeber der meisten Regionen, aber vor allem in Z\u00fcrich, dem Espace Mittelland und der Nordwestschweiz, rechnen im Laufe der ersten drei Monate des Jahres mit einer Erweiterung ihrer Belegschaften. In allen Unternehmenskategorien, insbesondere auch bei den kleinen und mittleren Unternehmen (KMU), wird mit einem Anstieg der Personalzahlen gerechnet. &#8222;Diese positiven Aussichten belegen, dass der Schweizer Arbeitsmarkt allm\u00e4hlich die wirtschaftliche Erholung widerspiegelt&#8220;, kommentiert Leif Agn\u00e9us, General Manager von Manpower Schweiz. &#8222;Die Festigung der weltweiten Konjunktur, das Wachstum in der Eurozone und die Abschw\u00e4chung des Schweizer Frankens scheinen die Schweizer Arbeitgeber positiv zu beeinflussen: Vor allem die exportorientierten Unternehmen zeigen sich wieder zuversichtlicher.&#8220;<\/p>\n<figure id=\"attachment_2875\" aria-describedby=\"caption-attachment-2875\" style=\"width: 480px\" class=\"wp-caption alignnone\"><img loading=\"lazy\" decoding=\"async\" class=\"size-full wp-image-2875\" src=\"https:\/\/www.organisator.ch\/wp-content\/uploads\/2017\/12\/Optimismus-auf-dem-Schweizer-Arbeitsmarkt-fuer-den-Jahresanfang-2_Organisator.jpg\" alt=\"\" width=\"480\" height=\"588\" srcset=\"https:\/\/www.organisator.ch\/wp-content\/uploads\/2017\/12\/Optimismus-auf-dem-Schweizer-Arbeitsmarkt-fuer-den-Jahresanfang-2_Organisator.jpg 480w, https:\/\/www.organisator.ch\/wp-content\/uploads\/2017\/12\/Optimismus-auf-dem-Schweizer-Arbeitsmarkt-fuer-den-Jahresanfang-2_Organisator-10x12.jpg 10w, https:\/\/www.organisator.ch\/wp-content\/uploads\/2017\/12\/Optimismus-auf-dem-Schweizer-Arbeitsmarkt-fuer-den-Jahresanfang-2_Organisator-143x175.jpg 143w, https:\/\/www.organisator.ch\/wp-content\/uploads\/2017\/12\/Optimismus-auf-dem-Schweizer-Arbeitsmarkt-fuer-den-Jahresanfang-2_Organisator-286x350.jpg 286w, https:\/\/www.organisator.ch\/wp-content\/uploads\/2017\/12\/Optimismus-auf-dem-Schweizer-Arbeitsmarkt-fuer-den-Jahresanfang-2_Organisator-300x368.jpg 300w\" sizes=\"auto, (max-width: 480px) 100vw, 480px\" \/><figcaption id=\"caption-attachment-2875\" class=\"wp-caption-text\">Manpower kommuniziert positive Aussichten f\u00fcr den Schweizer Arbeitsmarkt. (Grafik: Manpower Arbeitsmarktbarometer)<\/figcaption><\/figure>\n<h2>Zunehmend dynamischer Arbeitsmarkt im Espace Mittelland<\/h2>\n<p>F\u00fcnf der insgesamt sieben untersuchten Regionen gehen f\u00fcr die ersten drei Monate 2018 von positiven Besch\u00e4ftigungsaussichten aus. Optimistisch sind insbesondere die Arbeitgeber in der Region Z\u00fcrich (+7 %) und im Espace Mittelland (+6 %), wo die Einstellungsdynamik nach einem Jahr mit negativen Ergebnissen deutlich an Fahrt gewonnen hat, sowohl im Quartals- (10 Prozentpunkte) als auch im Jahresvergleich (11 Prozentpunkte). Die Arbeitgeber der Nordwestschweiz (+5 %) geben ihrerseits die optimistischsten Prognosen seit 2015 ab. Nur die Zentralschweiz (-4 %) verzeichnet negative Aussichten. Die Arbeitgeber der Genferseeregion (0 %) sind zur\u00fcckhaltend, auch wenn acht Unternehmen von zehn keinerlei Ver\u00e4nderung bei ihren Personalbest\u00e4nden vorsehen.<\/p>\n<h2>Aufw\u00e4rtstrend in mehr als der H\u00e4lfte der Sektoren<\/h2>\n<p>Die Arbeitgeber in sieben der insgesamt zehn an der Studie teilnehmenden Wirtschaftssektoren rechnen im Laufe des ersten Quartals 2018 mit einem Anstieg ihrer Personalzahlen. Dies gilt insbesondere f\u00fcr das Bank- und Versicherungswesen, Immobilien und den Dienstleistungssektor (+10 %) sowie f\u00fcr die verarbeitende Industrie (+9 %), die auch die st\u00e4rksten Verbesserungen gegen\u00fcber dem Vorquartal (26 Prozentpunkte) und dem Vorjahr (11 Prozentpunkte) verzeichnet. Das Gastgewerbe (+7 %) weist das beste Ergebnis seit nahezu drei Jahren auf. Bei drei Sektoren sind die Prognosen dagegen r\u00fcckl\u00e4ufig, insbesondere im Baugewerbe (-4 %), das auch im Quartals- und Jahresvergleich eine Abnahme aufweist (jeweils 5 Prozentpunkte). &#8222;Die optimistischen Besch\u00e4ftigungsaussichten in der verarbeitenden Industrie und dem Gastgewerbe sind eindeutig dem schw\u00e4cheren Franken zu verdanken&#8220;, betont Leif Agn\u00e9us.<\/p>\n<h2>Schweizer KMU beabsichtigen Anfang 2018 vermehrt zu rekrutieren<\/h2>\n<p>Unter den vier untersuchten Unternehmenskategorien planen die Grossunternehmen die meisten Neueinstellungen (+12 %) f\u00fcr das erste Quartal 2018, gefolgt von den kleinen und mittleren Unternehmen (jeweils +9 %). Damit erreichen die kleinen Unternehmen das beste Resultat seit \u00fcber drei Jahren und den st\u00e4rksten Zuwachs im Quartals- sowie Jahresvergleich (7, bzw. 12 Prozentpunkte). Einzig die Arbeitgeber der Kleinstunternehmen (+1 %) zeigen sich zur\u00fcckhaltender.<\/p>\n<h2>Schweiz erreicht \u00e4hnliches Niveau wie ihre europ\u00e4ischen Nachbarn<\/h2>\n<p>Die Besch\u00e4ftigungsaussichten der Schweizer Arbeitgeber (+3 %) erreichen einen Wert nahe an jenem der Nachbarl\u00e4nder: Die Arbeitgeber in Deutschland zeigen sich weiterhin zuversichtlich (+5 %), ebenso wie in Frankreich (+2 %). Italien und \u00d6sterreich erwarten keine Ver\u00e4nderungen (0 %).<\/p>\n<p><em>Quelle und weitere Informationen: <a href=\"http:\/\/www.manpowergroup.com\">Manpower<\/a><\/em><\/p>\n","protected":false},"excerpt":{"rendered":"<p>Die Arbeitgeber der meisten Regionen, aber vor allem in Z\u00fcrich, dem Espace Mittelland und der Nordwestschweiz, rechnen im Laufe der ersten drei Monate des Jahres mit einer Erweiterung ihrer Belegschaften. In allen Unternehmenskategorien, insbesondere auch bei den kleinen und mittleren Unternehmen (KMU), wird mit einem Anstieg der Personalzahlen gerechnet. &#8222;Diese positiven Aussichten belegen, dass der [&hellip;]<\/p>\n","protected":false},"author":4,"featured_media":2876,"comment_status":"open","ping_status":"open","sticky":false,"template":"","format":"standard","meta":{"_acf_changed":false,"_yoast_wpseo_focuskw":"Arbeitsmarkt","_yoast_wpseo_metadesc":"Den Ergebnissen des aktuellen Arbeitsmarktbarometers von Manpower zufolge d\u00fcrften die Neueinstellungen im ersten Quartal 2018 wieder st\u00e4rker zunehmen.","articlekey":"","footnotes":""},"categories":[26],"tags":[47,254,531],"class_list":["post-2874","post","type-post","status-publish","format-standard","has-post-thumbnail","hentry","category-hrm","tag-arbeitsmarkt","tag-hrm","tag-wirtschaftspolitik"],"acf":[],"yoast_head":"<!-- This site is optimized with the Yoast SEO plugin v27.5 - https:\/\/yoast.com\/product\/yoast-seo-wordpress\/ -->\n<title>Optimismus auf dem Schweizer Arbeitsmarkt f\u00fcr den Jahresanfang - Organisator<\/title>\n<meta name=\"description\" content=\"Den Ergebnissen des aktuellen Arbeitsmarktbarometers von Manpower zufolge d\u00fcrften die Neueinstellungen im ersten Quartal 2018 wieder st\u00e4rker zunehmen.\" \/>\n<meta name=\"robots\" content=\"index, follow, max-snippet:-1, max-image-preview:large, max-video-preview:-1\" \/>\n<link rel=\"canonical\" href=\"https:\/\/www.organisator.ch\/de\/human-resources\/hrm\/2017-12-13\/optimismus-auf-dem-schweizer-arbeitsmarkt-fuer-den-jahresanfang\/\" \/>\n<meta property=\"og:locale\" content=\"de_DE\" \/>\n<meta property=\"og:type\" content=\"article\" \/>\n<meta property=\"og:title\" content=\"Optimismus auf dem Schweizer Arbeitsmarkt f\u00fcr den Jahresanfang\" \/>\n<meta property=\"og:description\" content=\"Den Ergebnissen des aktuellen Arbeitsmarktbarometers von #Manpower zufolge d\u00fcrften die #Neueinstellungen im ersten Quartal 2018 wieder st\u00e4rker zunehmen.\" \/>\n<meta property=\"og:url\" content=\"https:\/\/www.organisator.ch\/de\/human-resources\/hrm\/2017-12-13\/optimismus-auf-dem-schweizer-arbeitsmarkt-fuer-den-jahresanfang\/\" \/>\n<meta property=\"og:site_name\" content=\"Organisator\" \/>\n<meta property=\"article:publisher\" content=\"https:\/\/www.facebook.com\/OrganisatorFachmagazin\" \/>\n<meta property=\"article:published_time\" content=\"2017-12-13T07:20:05+00:00\" \/>\n<meta property=\"og:image\" content=\"https:\/\/www.organisator.ch\/wp-content\/uploads\/2017\/12\/Optimismus-auf-dem-Schweizer-Arbeitsmarkt-fuer-den-Jahresanfang-1_Organisator.jpg\" \/>\n\t<meta property=\"og:image:width\" content=\"640\" \/>\n\t<meta property=\"og:image:height\" content=\"393\" \/>\n\t<meta property=\"og:image:type\" content=\"image\/jpeg\" \/>\n<meta name=\"author\" content=\"thomas.berner\" \/>\n<meta name=\"twitter:card\" content=\"summary_large_image\" \/>\n<meta name=\"twitter:title\" content=\"Optimismus auf dem Schweizer #Arbeitsmarkt f\u00fcr den Jahresanfang\" \/>\n<meta name=\"twitter:description\" content=\"Den Ergebnissen des aktuellen Arbeitsmarktbarometers von #Manpower zufolge d\u00fcrften die #Neueinstellungen im ersten Quartal 2018 wieder st\u00e4rker zunehmen.\" \/>\n<meta name=\"twitter:image\" content=\"https:\/\/www.organisator.ch\/wp-content\/uploads\/2017\/12\/Optimismus-auf-dem-Schweizer-Arbeitsmarkt-f\u00fcr-den-Jahresanfang-1_Organisator.jpg\" \/>\n<script type=\"application\/ld+json\" class=\"yoast-schema-graph\">{\"@context\":\"https:\\\/\\\/schema.org\",\"@graph\":[{\"@type\":\"Article\",\"@id\":\"https:\\\/\\\/www.organisator.ch\\\/human-resources\\\/hrm\\\/2017-12-13\\\/optimismus-auf-dem-schweizer-arbeitsmarkt-fuer-den-jahresanfang\\\/#article\",\"isPartOf\":{\"@id\":\"https:\\\/\\\/www.organisator.ch\\\/human-resources\\\/hrm\\\/2017-12-13\\\/optimismus-auf-dem-schweizer-arbeitsmarkt-fuer-den-jahresanfang\\\/\"},\"author\":{\"name\":\"thomas.berner\",\"@id\":\"https:\\\/\\\/www.organisator.ch\\\/#\\\/schema\\\/person\\\/6f650f90b2842cd4c0cc334b4e36f67e\"},\"headline\":\"Optimismus auf dem Schweizer Arbeitsmarkt f\u00fcr den Jahresanfang\",\"datePublished\":\"2017-12-13T07:20:05+00:00\",\"mainEntityOfPage\":{\"@id\":\"https:\\\/\\\/www.organisator.ch\\\/human-resources\\\/hrm\\\/2017-12-13\\\/optimismus-auf-dem-schweizer-arbeitsmarkt-fuer-den-jahresanfang\\\/\"},\"wordCount\":473,\"commentCount\":0,\"publisher\":{\"@id\":\"https:\\\/\\\/www.organisator.ch\\\/#organization\"},\"image\":{\"@id\":\"https:\\\/\\\/www.organisator.ch\\\/human-resources\\\/hrm\\\/2017-12-13\\\/optimismus-auf-dem-schweizer-arbeitsmarkt-fuer-den-jahresanfang\\\/#primaryimage\"},\"thumbnailUrl\":\"https:\\\/\\\/www.organisator.ch\\\/wp-content\\\/uploads\\\/2017\\\/12\\\/Optimismus-auf-dem-Schweizer-Arbeitsmarkt-fuer-den-Jahresanfang-1_Organisator.jpg\",\"keywords\":[\"Arbeitsmarkt\",\"HRM\",\"Wirtschaftspolitik\"],\"articleSection\":[\"HRM\"],\"inLanguage\":\"de\"},{\"@type\":\"WebPage\",\"@id\":\"https:\\\/\\\/www.organisator.ch\\\/human-resources\\\/hrm\\\/2017-12-13\\\/optimismus-auf-dem-schweizer-arbeitsmarkt-fuer-den-jahresanfang\\\/\",\"url\":\"https:\\\/\\\/www.organisator.ch\\\/human-resources\\\/hrm\\\/2017-12-13\\\/optimismus-auf-dem-schweizer-arbeitsmarkt-fuer-den-jahresanfang\\\/\",\"name\":\"Optimismus auf dem Schweizer Arbeitsmarkt f\u00fcr den Jahresanfang - Organisator\",\"isPartOf\":{\"@id\":\"https:\\\/\\\/www.organisator.ch\\\/#website\"},\"primaryImageOfPage\":{\"@id\":\"https:\\\/\\\/www.organisator.ch\\\/human-resources\\\/hrm\\\/2017-12-13\\\/optimismus-auf-dem-schweizer-arbeitsmarkt-fuer-den-jahresanfang\\\/#primaryimage\"},\"image\":{\"@id\":\"https:\\\/\\\/www.organisator.ch\\\/human-resources\\\/hrm\\\/2017-12-13\\\/optimismus-auf-dem-schweizer-arbeitsmarkt-fuer-den-jahresanfang\\\/#primaryimage\"},\"thumbnailUrl\":\"https:\\\/\\\/www.organisator.ch\\\/wp-content\\\/uploads\\\/2017\\\/12\\\/Optimismus-auf-dem-Schweizer-Arbeitsmarkt-fuer-den-Jahresanfang-1_Organisator.jpg\",\"datePublished\":\"2017-12-13T07:20:05+00:00\",\"description\":\"Den Ergebnissen des aktuellen Arbeitsmarktbarometers von Manpower zufolge d\u00fcrften die Neueinstellungen im ersten Quartal 2018 wieder st\u00e4rker zunehmen.\",\"breadcrumb\":{\"@id\":\"https:\\\/\\\/www.organisator.ch\\\/human-resources\\\/hrm\\\/2017-12-13\\\/optimismus-auf-dem-schweizer-arbeitsmarkt-fuer-den-jahresanfang\\\/#breadcrumb\"},\"inLanguage\":\"de\",\"potentialAction\":[{\"@type\":\"ReadAction\",\"target\":[\"https:\\\/\\\/www.organisator.ch\\\/human-resources\\\/hrm\\\/2017-12-13\\\/optimismus-auf-dem-schweizer-arbeitsmarkt-fuer-den-jahresanfang\\\/\"]}]},{\"@type\":\"ImageObject\",\"inLanguage\":\"de\",\"@id\":\"https:\\\/\\\/www.organisator.ch\\\/human-resources\\\/hrm\\\/2017-12-13\\\/optimismus-auf-dem-schweizer-arbeitsmarkt-fuer-den-jahresanfang\\\/#primaryimage\",\"url\":\"https:\\\/\\\/www.organisator.ch\\\/wp-content\\\/uploads\\\/2017\\\/12\\\/Optimismus-auf-dem-Schweizer-Arbeitsmarkt-fuer-den-Jahresanfang-1_Organisator.jpg\",\"contentUrl\":\"https:\\\/\\\/www.organisator.ch\\\/wp-content\\\/uploads\\\/2017\\\/12\\\/Optimismus-auf-dem-Schweizer-Arbeitsmarkt-fuer-den-Jahresanfang-1_Organisator.jpg\",\"width\":640,\"height\":393},{\"@type\":\"BreadcrumbList\",\"@id\":\"https:\\\/\\\/www.organisator.ch\\\/human-resources\\\/hrm\\\/2017-12-13\\\/optimismus-auf-dem-schweizer-arbeitsmarkt-fuer-den-jahresanfang\\\/#breadcrumb\",\"itemListElement\":[{\"@type\":\"ListItem\",\"position\":1,\"name\":\"Home\",\"item\":\"https:\\\/\\\/www.organisator.ch\\\/\"},{\"@type\":\"ListItem\",\"position\":2,\"name\":\"Optimismus auf dem Schweizer Arbeitsmarkt f\u00fcr den Jahresanfang\"}]},{\"@type\":\"WebSite\",\"@id\":\"https:\\\/\\\/www.organisator.ch\\\/#website\",\"url\":\"https:\\\/\\\/www.organisator.ch\\\/\",\"name\":\"Organisator\",\"description\":\"Kompetent. Praxisnah. Der ORGANISATOR bereitet in 10 Ausgaben pro Jahr die wesentlichen Themen f\u00fcr F\u00fchrungskr\u00e4fte von KMU auf.\",\"publisher\":{\"@id\":\"https:\\\/\\\/www.organisator.ch\\\/#organization\"},\"potentialAction\":[{\"@type\":\"SearchAction\",\"target\":{\"@type\":\"EntryPoint\",\"urlTemplate\":\"https:\\\/\\\/www.organisator.ch\\\/?s={search_term_string}\"},\"query-input\":{\"@type\":\"PropertyValueSpecification\",\"valueRequired\":true,\"valueName\":\"search_term_string\"}}],\"inLanguage\":\"de\"},{\"@type\":\"Organization\",\"@id\":\"https:\\\/\\\/www.organisator.ch\\\/#organization\",\"name\":\"Organisator\",\"url\":\"https:\\\/\\\/www.organisator.ch\\\/\",\"logo\":{\"@type\":\"ImageObject\",\"inLanguage\":\"de\",\"@id\":\"https:\\\/\\\/www.organisator.ch\\\/#\\\/schema\\\/logo\\\/image\\\/\",\"url\":\"https:\\\/\\\/www.organisator.ch\\\/wp-content\\\/uploads\\\/2022\\\/01\\\/Logo_Organisator_Website.png\",\"contentUrl\":\"https:\\\/\\\/www.organisator.ch\\\/wp-content\\\/uploads\\\/2022\\\/01\\\/Logo_Organisator_Website.png\",\"width\":800,\"height\":77,\"caption\":\"Organisator\"},\"image\":{\"@id\":\"https:\\\/\\\/www.organisator.ch\\\/#\\\/schema\\\/logo\\\/image\\\/\"},\"sameAs\":[\"https:\\\/\\\/www.facebook.com\\\/OrganisatorFachmagazin\",\"https:\\\/\\\/www.linkedin.com\\\/showcase\\\/organisator-das-magazin-fr-kmu\",\"https:\\\/\\\/www.xing.com\\\/news\\\/pages\\\/organisator-ch-695\",\"https:\\\/\\\/www.youtube.com\\\/channel\\\/UCGP2Sq0iWaZwT3BdIAQFYpw\"]},{\"@type\":\"Person\",\"@id\":\"https:\\\/\\\/www.organisator.ch\\\/#\\\/schema\\\/person\\\/6f650f90b2842cd4c0cc334b4e36f67e\",\"name\":\"thomas.berner\",\"image\":{\"@type\":\"ImageObject\",\"inLanguage\":\"de\",\"@id\":\"https:\\\/\\\/secure.gravatar.com\\\/avatar\\\/ac5001d2a36cb6c6cd3e50789007ffca834b477b74a2144564522e944eabff61?s=96&d=mm&r=g\",\"url\":\"https:\\\/\\\/secure.gravatar.com\\\/avatar\\\/ac5001d2a36cb6c6cd3e50789007ffca834b477b74a2144564522e944eabff61?s=96&d=mm&r=g\",\"contentUrl\":\"https:\\\/\\\/secure.gravatar.com\\\/avatar\\\/ac5001d2a36cb6c6cd3e50789007ffca834b477b74a2144564522e944eabff61?s=96&d=mm&r=g\",\"caption\":\"thomas.berner\"},\"url\":\"https:\\\/\\\/www.organisator.ch\\\/de\\\/author\\\/thomas-berner\\\/\"}]}<\/script>\n<!-- \/ Yoast SEO plugin. -->","yoast_head_json":{"title":"Optimismus auf dem Schweizer Arbeitsmarkt f\u00fcr den Jahresanfang - Organisator","description":"Den Ergebnissen des aktuellen Arbeitsmarktbarometers von Manpower zufolge d\u00fcrften die Neueinstellungen im ersten Quartal 2018 wieder st\u00e4rker zunehmen.","robots":{"index":"index","follow":"follow","max-snippet":"max-snippet:-1","max-image-preview":"max-image-preview:large","max-video-preview":"max-video-preview:-1"},"canonical":"https:\/\/www.organisator.ch\/de\/human-resources\/hrm\/2017-12-13\/optimismus-auf-dem-schweizer-arbeitsmarkt-fuer-den-jahresanfang\/","og_locale":"de_DE","og_type":"article","og_title":"Optimismus auf dem Schweizer Arbeitsmarkt f\u00fcr den Jahresanfang","og_description":"Den Ergebnissen des aktuellen Arbeitsmarktbarometers von #Manpower zufolge d\u00fcrften die #Neueinstellungen im ersten Quartal 2018 wieder st\u00e4rker zunehmen.","og_url":"https:\/\/www.organisator.ch\/de\/human-resources\/hrm\/2017-12-13\/optimismus-auf-dem-schweizer-arbeitsmarkt-fuer-den-jahresanfang\/","og_site_name":"Organisator","article_publisher":"https:\/\/www.facebook.com\/OrganisatorFachmagazin","article_published_time":"2017-12-13T07:20:05+00:00","og_image":[{"width":640,"height":393,"url":"https:\/\/www.organisator.ch\/wp-content\/uploads\/2017\/12\/Optimismus-auf-dem-Schweizer-Arbeitsmarkt-fuer-den-Jahresanfang-1_Organisator.jpg","type":"image\/jpeg"}],"author":"thomas.berner","twitter_card":"summary_large_image","twitter_title":"Optimismus auf dem Schweizer #Arbeitsmarkt f\u00fcr den Jahresanfang","twitter_description":"Den Ergebnissen des aktuellen Arbeitsmarktbarometers von #Manpower zufolge d\u00fcrften die #Neueinstellungen im ersten Quartal 2018 wieder st\u00e4rker zunehmen.","twitter_image":"https:\/\/www.organisator.ch\/wp-content\/uploads\/2017\/12\/Optimismus-auf-dem-Schweizer-Arbeitsmarkt-f\u00fcr-den-Jahresanfang-1_Organisator.jpg","schema":{"@context":"https:\/\/schema.org","@graph":[{"@type":"Article","@id":"https:\/\/www.organisator.ch\/human-resources\/hrm\/2017-12-13\/optimismus-auf-dem-schweizer-arbeitsmarkt-fuer-den-jahresanfang\/#article","isPartOf":{"@id":"https:\/\/www.organisator.ch\/human-resources\/hrm\/2017-12-13\/optimismus-auf-dem-schweizer-arbeitsmarkt-fuer-den-jahresanfang\/"},"author":{"name":"thomas.berner","@id":"https:\/\/www.organisator.ch\/#\/schema\/person\/6f650f90b2842cd4c0cc334b4e36f67e"},"headline":"Optimismus auf dem Schweizer Arbeitsmarkt f\u00fcr den Jahresanfang","datePublished":"2017-12-13T07:20:05+00:00","mainEntityOfPage":{"@id":"https:\/\/www.organisator.ch\/human-resources\/hrm\/2017-12-13\/optimismus-auf-dem-schweizer-arbeitsmarkt-fuer-den-jahresanfang\/"},"wordCount":473,"commentCount":0,"publisher":{"@id":"https:\/\/www.organisator.ch\/#organization"},"image":{"@id":"https:\/\/www.organisator.ch\/human-resources\/hrm\/2017-12-13\/optimismus-auf-dem-schweizer-arbeitsmarkt-fuer-den-jahresanfang\/#primaryimage"},"thumbnailUrl":"https:\/\/www.organisator.ch\/wp-content\/uploads\/2017\/12\/Optimismus-auf-dem-Schweizer-Arbeitsmarkt-fuer-den-Jahresanfang-1_Organisator.jpg","keywords":["Arbeitsmarkt","HRM","Wirtschaftspolitik"],"articleSection":["HRM"],"inLanguage":"de"},{"@type":"WebPage","@id":"https:\/\/www.organisator.ch\/human-resources\/hrm\/2017-12-13\/optimismus-auf-dem-schweizer-arbeitsmarkt-fuer-den-jahresanfang\/","url":"https:\/\/www.organisator.ch\/human-resources\/hrm\/2017-12-13\/optimismus-auf-dem-schweizer-arbeitsmarkt-fuer-den-jahresanfang\/","name":"Optimismus auf dem Schweizer Arbeitsmarkt f\u00fcr den Jahresanfang - Organisator","isPartOf":{"@id":"https:\/\/www.organisator.ch\/#website"},"primaryImageOfPage":{"@id":"https:\/\/www.organisator.ch\/human-resources\/hrm\/2017-12-13\/optimismus-auf-dem-schweizer-arbeitsmarkt-fuer-den-jahresanfang\/#primaryimage"},"image":{"@id":"https:\/\/www.organisator.ch\/human-resources\/hrm\/2017-12-13\/optimismus-auf-dem-schweizer-arbeitsmarkt-fuer-den-jahresanfang\/#primaryimage"},"thumbnailUrl":"https:\/\/www.organisator.ch\/wp-content\/uploads\/2017\/12\/Optimismus-auf-dem-Schweizer-Arbeitsmarkt-fuer-den-Jahresanfang-1_Organisator.jpg","datePublished":"2017-12-13T07:20:05+00:00","description":"Den Ergebnissen des aktuellen Arbeitsmarktbarometers von Manpower zufolge d\u00fcrften die Neueinstellungen im ersten Quartal 2018 wieder st\u00e4rker zunehmen.","breadcrumb":{"@id":"https:\/\/www.organisator.ch\/human-resources\/hrm\/2017-12-13\/optimismus-auf-dem-schweizer-arbeitsmarkt-fuer-den-jahresanfang\/#breadcrumb"},"inLanguage":"de","potentialAction":[{"@type":"ReadAction","target":["https:\/\/www.organisator.ch\/human-resources\/hrm\/2017-12-13\/optimismus-auf-dem-schweizer-arbeitsmarkt-fuer-den-jahresanfang\/"]}]},{"@type":"ImageObject","inLanguage":"de","@id":"https:\/\/www.organisator.ch\/human-resources\/hrm\/2017-12-13\/optimismus-auf-dem-schweizer-arbeitsmarkt-fuer-den-jahresanfang\/#primaryimage","url":"https:\/\/www.organisator.ch\/wp-content\/uploads\/2017\/12\/Optimismus-auf-dem-Schweizer-Arbeitsmarkt-fuer-den-Jahresanfang-1_Organisator.jpg","contentUrl":"https:\/\/www.organisator.ch\/wp-content\/uploads\/2017\/12\/Optimismus-auf-dem-Schweizer-Arbeitsmarkt-fuer-den-Jahresanfang-1_Organisator.jpg","width":640,"height":393},{"@type":"BreadcrumbList","@id":"https:\/\/www.organisator.ch\/human-resources\/hrm\/2017-12-13\/optimismus-auf-dem-schweizer-arbeitsmarkt-fuer-den-jahresanfang\/#breadcrumb","itemListElement":[{"@type":"ListItem","position":1,"name":"Home","item":"https:\/\/www.organisator.ch\/"},{"@type":"ListItem","position":2,"name":"Optimismus auf dem Schweizer Arbeitsmarkt f\u00fcr den Jahresanfang"}]},{"@type":"WebSite","@id":"https:\/\/www.organisator.ch\/#website","url":"https:\/\/www.organisator.ch\/","name":"Organisator","description":"Kompetent. Praxisnah. Der ORGANISATOR bereitet in 10 Ausgaben pro Jahr die wesentlichen Themen f\u00fcr F\u00fchrungskr\u00e4fte von KMU auf.","publisher":{"@id":"https:\/\/www.organisator.ch\/#organization"},"potentialAction":[{"@type":"SearchAction","target":{"@type":"EntryPoint","urlTemplate":"https:\/\/www.organisator.ch\/?s={search_term_string}"},"query-input":{"@type":"PropertyValueSpecification","valueRequired":true,"valueName":"search_term_string"}}],"inLanguage":"de"},{"@type":"Organization","@id":"https:\/\/www.organisator.ch\/#organization","name":"Organisator","url":"https:\/\/www.organisator.ch\/","logo":{"@type":"ImageObject","inLanguage":"de","@id":"https:\/\/www.organisator.ch\/#\/schema\/logo\/image\/","url":"https:\/\/www.organisator.ch\/wp-content\/uploads\/2022\/01\/Logo_Organisator_Website.png","contentUrl":"https:\/\/www.organisator.ch\/wp-content\/uploads\/2022\/01\/Logo_Organisator_Website.png","width":800,"height":77,"caption":"Organisator"},"image":{"@id":"https:\/\/www.organisator.ch\/#\/schema\/logo\/image\/"},"sameAs":["https:\/\/www.facebook.com\/OrganisatorFachmagazin","https:\/\/www.linkedin.com\/showcase\/organisator-das-magazin-fr-kmu","https:\/\/www.xing.com\/news\/pages\/organisator-ch-695","https:\/\/www.youtube.com\/channel\/UCGP2Sq0iWaZwT3BdIAQFYpw"]},{"@type":"Person","@id":"https:\/\/www.organisator.ch\/#\/schema\/person\/6f650f90b2842cd4c0cc334b4e36f67e","name":"thomas.berner","image":{"@type":"ImageObject","inLanguage":"de","@id":"https:\/\/secure.gravatar.com\/avatar\/ac5001d2a36cb6c6cd3e50789007ffca834b477b74a2144564522e944eabff61?s=96&d=mm&r=g","url":"https:\/\/secure.gravatar.com\/avatar\/ac5001d2a36cb6c6cd3e50789007ffca834b477b74a2144564522e944eabff61?s=96&d=mm&r=g","contentUrl":"https:\/\/secure.gravatar.com\/avatar\/ac5001d2a36cb6c6cd3e50789007ffca834b477b74a2144564522e944eabff61?s=96&d=mm&r=g","caption":"thomas.berner"},"url":"https:\/\/www.organisator.ch\/de\/author\/thomas-berner\/"}]}},"_links":{"self":[{"href":"https:\/\/www.organisator.ch\/de\/wp-json\/wp\/v2\/posts\/2874","targetHints":{"allow":["GET"]}}],"collection":[{"href":"https:\/\/www.organisator.ch\/de\/wp-json\/wp\/v2\/posts"}],"about":[{"href":"https:\/\/www.organisator.ch\/de\/wp-json\/wp\/v2\/types\/post"}],"author":[{"embeddable":true,"href":"https:\/\/www.organisator.ch\/de\/wp-json\/wp\/v2\/users\/4"}],"replies":[{"embeddable":true,"href":"https:\/\/www.organisator.ch\/de\/wp-json\/wp\/v2\/comments?post=2874"}],"version-history":[{"count":0,"href":"https:\/\/www.organisator.ch\/de\/wp-json\/wp\/v2\/posts\/2874\/revisions"}],"wp:featuredmedia":[{"embeddable":true,"href":"https:\/\/www.organisator.ch\/de\/wp-json\/wp\/v2\/media\/2876"}],"wp:attachment":[{"href":"https:\/\/www.organisator.ch\/de\/wp-json\/wp\/v2\/media?parent=2874"}],"wp:term":[{"taxonomy":"category","embeddable":true,"href":"https:\/\/www.organisator.ch\/de\/wp-json\/wp\/v2\/categories?post=2874"},{"taxonomy":"post_tag","embeddable":true,"href":"https:\/\/www.organisator.ch\/de\/wp-json\/wp\/v2\/tags?post=2874"}],"curies":[{"name":"wp","href":"https:\/\/api.w.org\/{rel}","templated":true}]}}