{"id":28741,"date":"2024-08-08T15:08:51","date_gmt":"2024-08-08T13:08:51","guid":{"rendered":"https:\/\/www.markt-kom.com\/?p=217926"},"modified":"2024-11-09T08:19:47","modified_gmt":"2024-11-09T07:19:47","slug":"swissquote-ist-wie-ein-aufzug-nach-oben-jan-de-schepper-im-interview","status":"publish","type":"post","link":"https:\/\/www.organisator.ch\/de\/marketing\/2024-08-08\/swissquote-ist-wie-ein-aufzug-nach-oben-jan-de-schepper-im-interview\/","title":{"rendered":"\u00abSwissquote ist wie ein Aufzug nach oben\u00bb \u2013 Jan De Schepper im Interview"},"content":{"rendered":"<p><span style=\"font-weight: 400\"><img class=\"aligncenter wp-image-221160 size-full\" src=\"https:\/\/www.markt-kom.com\/wp-content\/uploads\/2024\/07\/Jan-De-Schepper-4-3-CMO-of-The-Year.png\" alt=\"Jan De Schepper \" width=\"1024\" height=\"768\" \/><\/span><\/p>\r\n<p><span style=\"font-weight: 400\">Jan De Schepper hat seit seinem Eintritt bei Swissquote im Jahr 2015 beeindruckende Erfolge erzielt und das Unternehmen massgeblich gepr\u00e4gt. Zun\u00e4chst als Marketing Director und seit 2019 als Chief Sales and Marketing Officer hat er die Marke Swissquote transformiert. Unter seiner F\u00fchrung als CMO entwickelte sich Swissquote von einer f\u00fchrenden Schweizer Online-Banking- und -Trading-Plattform zur ersten digitalen Universalbank des Landes. \u00abDie Nominierung macht mich m\u00e4chtig stolz, denn sie ist eine Anerkennung unserer erfolgreichen Gesch\u00e4fts- und Marketingstrategie\u00bb, sagt De Schepper.<\/span><\/p>\r\n<p><\/p>\r\n<p><b>Die Bedeutung des \u00abCMO of the Year\u00bb-Titels<\/b><\/p>\r\n<p><span style=\"font-weight: 400\">Die Wahl zum \u00abCMO of the Year\u00bb betont die wachsende Bedeutung des Marketings in der Schweizer Wirtschaft. Mit der zunehmenden Relevanz von Digitalisierung, Nachhaltigkeit und der Sinnhaftigkeit von Produkten und Dienstleistungen hat sich die Rolle des Chief Marketing Officers gewandelt. Der oder die \u00abCMO of the Year\u00bb dient als Vorbild und Inspiration f\u00fcr die Branche und motiviert zuk\u00fcnftige Fachkr\u00e4fte. Dieses Jahr stehen f\u00fcnf Kandidat:innen im Rennen: Jos\u00e9phine Chamoulaud von Smile, Jan De Schepper von Swissquote, Christian Gut von St\u00f6ckli Swiss Sports, Nathalie No\u00ebl von V-Zug und Saskia von Moos von Intelligent Food.<\/span><\/p>\r\n<p><\/p>\r\n<p><b>Innovationskraft und Kundenzentrierung<\/b><\/p>\r\n<p><span style=\"font-weight: 400\">Unter der Leitung von De Schepper hat Swissquote innovative Produkte und Dienstleistungen eingef\u00fchrt. Die Kooperation mit Stableton zur Einf\u00fchrung der Morningstar Indexes als Abbildung des Unicorn-Indexes ist ein weltweit einzigartiges Privatmarktprodukt. Zudem bietet Swissquote einen umfassenden Zugang zu Krypto-Assets. \u00abSwissquote ist wie ein Aufzug nach oben. Unsere innovativen und sicheren Plattformen erm\u00f6glichen es unseren Kunden, ihre Ziele schneller und besser zu erreichen\u00bb, erkl\u00e4rt De Schepper. Diese Innovationskraft spiegelt sich auch im starken Kundenwachstum und einem Umsatzanstieg von \u00fcber 30 % wider.<\/span><\/p>\r\n<p><b>Nachhaltigkeit und Purpose als zentrale Werte<\/b><\/p>\r\n<p><span style=\"font-weight: 400\">Nachhaltigkeit ist ein zentraler Bestandteil der Unternehmensphilosophie von Swissquote. Das Unternehmen erm\u00f6glicht Investitionen basierend auf ESG-Scores und bietet umfassende Informationen zum nachhaltigen Investieren auf ihrer Website an. \u00abNachhaltigkeit liegt uns sehr am Herzen. Wir haben eine Funktionalit\u00e4t eingef\u00fchrt, die unseren Kunden erm\u00f6glicht, Aktien nach Nachhaltigkeitskriterien zu filtern und auszuw\u00e4hlen\u00bb, erl\u00e4utert De Schepper. Diese Funktionalit\u00e4t erlaubt es Kunden, Unternehmen anhand ihrer Umweltbilanz, sozialen Verantwortung und Governance zu bewerten und ihr Portfolio entsprechend zu optimieren. Zus\u00e4tzlich hat Swissquote eine Partnerschaft mit einer gemeinn\u00fctzigen Organisation geschlossen, um weitere nachhaltige Aktivit\u00e4ten zu f\u00f6rdern.<\/span><\/p>\r\n<p><b>Wer wird \u00abCMO of The Year 2024\u00bb?<\/b><\/p>\r\n<p><span style=\"font-weight: 400\">Jan De Scheppers beeindruckende Leistungen als Chief Sales and Marketing Officer bei Swissquote und seine innovativen Ans\u00e4tze im Marketing setzen Massst\u00e4be in der Branche. Mit einem klaren Fokus auf Kundenzentrierung, Innovation und Nachhaltigkeit hat er mit seinem Team Swissquote zur ersten digitalen Universalbank der Schweiz transformiert. Wer den Titel \u00abCMO of the Year\u00bb 2024 gewinnen wird, bleibt bis zur exklusiven Award-Night im Papiersaal spannend. Bis dahin zeigt De Schepper, wie eine erfolgreiche Marketingstrategie einen bedeutenden Einfluss auf die gesamte Unternehmensentwicklung haben kann.<\/span><\/p>","protected":false},"excerpt":{"rendered":"<p>Jan De Schepper, Chief Sales and Marketing Officer bei Swissquote, ist f\u00fcr den Titel \u00abCMO of the Year\u00bb 2024 nominiert. Im Interview spricht er \u00fcber seine Erfolge und die Ans\u00e4tze, die Swissquote zur ersten digitalen Universalbank gemacht haben. Die Jurierung fand im Clouds hoch \u00fcber den D\u00e4chern Z\u00fcrichs statt.<\/p>\n","protected":false},"author":8,"featured_media":0,"comment_status":"closed","ping_status":"closed","sticky":false,"template":"","format":"standard","meta":{"_acf_changed":false,"_yoast_wpseo_focuskw":"Jan De Schepper","_yoast_wpseo_metadesc":"Jan De Schepper: Transformative Erfolge bei Swissquote. Innovationskraft, Kundenzentrierung und Nachhaltigkeit im Fokus.","articlekey":"","footnotes":""},"categories":[29],"tags":[66,3733,4348],"class_list":["post-28741","post","type-post","status-publish","format-standard","hentry","category-marketing","tag-awards","tag-cmo-of-the-year","tag-mk-format"],"acf":[],"yoast_head":"<!-- This site is optimized with the Yoast SEO plugin v27.5 - https:\/\/yoast.com\/product\/yoast-seo-wordpress\/ -->\n<title>\u00abSwissquote ist wie ein Aufzug nach oben\u00bb \u2013 Jan De Schepper im Interview - Organisator<\/title>\n<meta name=\"description\" content=\"Jan De Schepper: Transformative Erfolge bei Swissquote. Innovationskraft, Kundenzentrierung und Nachhaltigkeit im Fokus.\" \/>\n<meta name=\"robots\" content=\"index, follow, max-snippet:-1, max-image-preview:large, max-video-preview:-1\" \/>\n<link rel=\"canonical\" href=\"https:\/\/www.organisator.ch\/de\/marketing\/2024-08-08\/swissquote-ist-wie-ein-aufzug-nach-oben-jan-de-schepper-im-interview\/\" \/>\n<meta property=\"og:locale\" content=\"de_DE\" \/>\n<meta property=\"og:type\" content=\"article\" \/>\n<meta property=\"og:title\" content=\"\u00abSwissquote ist wie ein Aufzug nach oben\u00bb \u2013 Jan De Schepper im Interview - Organisator\" \/>\n<meta property=\"og:description\" content=\"Jan De Schepper: Transformative Erfolge bei Swissquote. Innovationskraft, Kundenzentrierung und Nachhaltigkeit im Fokus.\" \/>\n<meta property=\"og:url\" content=\"https:\/\/www.organisator.ch\/de\/marketing\/2024-08-08\/swissquote-ist-wie-ein-aufzug-nach-oben-jan-de-schepper-im-interview\/\" \/>\n<meta property=\"og:site_name\" content=\"Organisator\" \/>\n<meta property=\"article:publisher\" content=\"https:\/\/www.facebook.com\/OrganisatorFachmagazin\" \/>\n<meta property=\"article:published_time\" content=\"2024-08-08T13:08:51+00:00\" \/>\n<meta property=\"article:modified_time\" content=\"2024-11-09T07:19:47+00:00\" \/>\n<meta property=\"og:image\" content=\"https:\/\/www.markt-kom.com\/wp-content\/uploads\/2024\/07\/Jan-De-Schepper-4-3-CMO-of-The-Year.png\" \/>\n<meta name=\"author\" content=\"galledia\" \/>\n<meta name=\"twitter:card\" content=\"summary_large_image\" \/>\n<meta name=\"twitter:creator\" content=\"@admin\" \/>\n<script type=\"application\/ld+json\" class=\"yoast-schema-graph\">{\"@context\":\"https:\\\/\\\/schema.org\",\"@graph\":[{\"@type\":\"Article\",\"@id\":\"https:\\\/\\\/www.organisator.ch\\\/marketing\\\/2024-08-08\\\/swissquote-ist-wie-ein-aufzug-nach-oben-jan-de-schepper-im-interview\\\/#article\",\"isPartOf\":{\"@id\":\"https:\\\/\\\/www.organisator.ch\\\/marketing\\\/2024-08-08\\\/swissquote-ist-wie-ein-aufzug-nach-oben-jan-de-schepper-im-interview\\\/\"},\"author\":{\"name\":\"galledia\",\"@id\":\"https:\\\/\\\/www.organisator.ch\\\/#\\\/schema\\\/person\\\/4e51799071cd2dd1232ac003643ef5f0\"},\"headline\":\"\u00abSwissquote ist wie ein Aufzug nach oben\u00bb \u2013 Jan De Schepper im Interview\",\"datePublished\":\"2024-08-08T13:08:51+00:00\",\"dateModified\":\"2024-11-09T07:19:47+00:00\",\"mainEntityOfPage\":{\"@id\":\"https:\\\/\\\/www.organisator.ch\\\/marketing\\\/2024-08-08\\\/swissquote-ist-wie-ein-aufzug-nach-oben-jan-de-schepper-im-interview\\\/\"},\"wordCount\":484,\"publisher\":{\"@id\":\"https:\\\/\\\/www.organisator.ch\\\/#organization\"},\"image\":{\"@id\":\"https:\\\/\\\/www.organisator.ch\\\/marketing\\\/2024-08-08\\\/swissquote-ist-wie-ein-aufzug-nach-oben-jan-de-schepper-im-interview\\\/#primaryimage\"},\"thumbnailUrl\":\"https:\\\/\\\/www.markt-kom.com\\\/wp-content\\\/uploads\\\/2024\\\/07\\\/Jan-De-Schepper-4-3-CMO-of-The-Year.png\",\"keywords\":[\"Awards\",\"CMO of the year\",\"m&amp;k FORMAT\"],\"articleSection\":[\"MARKETING\"],\"inLanguage\":\"de\"},{\"@type\":\"WebPage\",\"@id\":\"https:\\\/\\\/www.organisator.ch\\\/marketing\\\/2024-08-08\\\/swissquote-ist-wie-ein-aufzug-nach-oben-jan-de-schepper-im-interview\\\/\",\"url\":\"https:\\\/\\\/www.organisator.ch\\\/marketing\\\/2024-08-08\\\/swissquote-ist-wie-ein-aufzug-nach-oben-jan-de-schepper-im-interview\\\/\",\"name\":\"\u00abSwissquote ist wie ein Aufzug nach oben\u00bb \u2013 Jan De Schepper im Interview - Organisator\",\"isPartOf\":{\"@id\":\"https:\\\/\\\/www.organisator.ch\\\/#website\"},\"primaryImageOfPage\":{\"@id\":\"https:\\\/\\\/www.organisator.ch\\\/marketing\\\/2024-08-08\\\/swissquote-ist-wie-ein-aufzug-nach-oben-jan-de-schepper-im-interview\\\/#primaryimage\"},\"image\":{\"@id\":\"https:\\\/\\\/www.organisator.ch\\\/marketing\\\/2024-08-08\\\/swissquote-ist-wie-ein-aufzug-nach-oben-jan-de-schepper-im-interview\\\/#primaryimage\"},\"thumbnailUrl\":\"https:\\\/\\\/www.markt-kom.com\\\/wp-content\\\/uploads\\\/2024\\\/07\\\/Jan-De-Schepper-4-3-CMO-of-The-Year.png\",\"datePublished\":\"2024-08-08T13:08:51+00:00\",\"dateModified\":\"2024-11-09T07:19:47+00:00\",\"description\":\"Jan De Schepper: Transformative Erfolge bei Swissquote. Innovationskraft, Kundenzentrierung und Nachhaltigkeit im Fokus.\",\"breadcrumb\":{\"@id\":\"https:\\\/\\\/www.organisator.ch\\\/marketing\\\/2024-08-08\\\/swissquote-ist-wie-ein-aufzug-nach-oben-jan-de-schepper-im-interview\\\/#breadcrumb\"},\"inLanguage\":\"de\",\"potentialAction\":[{\"@type\":\"ReadAction\",\"target\":[\"https:\\\/\\\/www.organisator.ch\\\/marketing\\\/2024-08-08\\\/swissquote-ist-wie-ein-aufzug-nach-oben-jan-de-schepper-im-interview\\\/\"]}]},{\"@type\":\"ImageObject\",\"inLanguage\":\"de\",\"@id\":\"https:\\\/\\\/www.organisator.ch\\\/marketing\\\/2024-08-08\\\/swissquote-ist-wie-ein-aufzug-nach-oben-jan-de-schepper-im-interview\\\/#primaryimage\",\"url\":\"https:\\\/\\\/www.markt-kom.com\\\/wp-content\\\/uploads\\\/2024\\\/07\\\/Jan-De-Schepper-4-3-CMO-of-The-Year.png\",\"contentUrl\":\"https:\\\/\\\/www.markt-kom.com\\\/wp-content\\\/uploads\\\/2024\\\/07\\\/Jan-De-Schepper-4-3-CMO-of-The-Year.png\"},{\"@type\":\"BreadcrumbList\",\"@id\":\"https:\\\/\\\/www.organisator.ch\\\/marketing\\\/2024-08-08\\\/swissquote-ist-wie-ein-aufzug-nach-oben-jan-de-schepper-im-interview\\\/#breadcrumb\",\"itemListElement\":[{\"@type\":\"ListItem\",\"position\":1,\"name\":\"Home\",\"item\":\"https:\\\/\\\/www.organisator.ch\\\/\"},{\"@type\":\"ListItem\",\"position\":2,\"name\":\"\u00abSwissquote ist wie ein Aufzug nach oben\u00bb \u2013 Jan De Schepper im Interview\"}]},{\"@type\":\"WebSite\",\"@id\":\"https:\\\/\\\/www.organisator.ch\\\/#website\",\"url\":\"https:\\\/\\\/www.organisator.ch\\\/\",\"name\":\"Organisator\",\"description\":\"Kompetent. Praxisnah. Der ORGANISATOR bereitet in 10 Ausgaben pro Jahr die wesentlichen Themen f\u00fcr F\u00fchrungskr\u00e4fte von KMU auf.\",\"publisher\":{\"@id\":\"https:\\\/\\\/www.organisator.ch\\\/#organization\"},\"potentialAction\":[{\"@type\":\"SearchAction\",\"target\":{\"@type\":\"EntryPoint\",\"urlTemplate\":\"https:\\\/\\\/www.organisator.ch\\\/?s={search_term_string}\"},\"query-input\":{\"@type\":\"PropertyValueSpecification\",\"valueRequired\":true,\"valueName\":\"search_term_string\"}}],\"inLanguage\":\"de\"},{\"@type\":\"Organization\",\"@id\":\"https:\\\/\\\/www.organisator.ch\\\/#organization\",\"name\":\"Organisator\",\"url\":\"https:\\\/\\\/www.organisator.ch\\\/\",\"logo\":{\"@type\":\"ImageObject\",\"inLanguage\":\"de\",\"@id\":\"https:\\\/\\\/www.organisator.ch\\\/#\\\/schema\\\/logo\\\/image\\\/\",\"url\":\"https:\\\/\\\/www.organisator.ch\\\/wp-content\\\/uploads\\\/2022\\\/01\\\/Logo_Organisator_Website.png\",\"contentUrl\":\"https:\\\/\\\/www.organisator.ch\\\/wp-content\\\/uploads\\\/2022\\\/01\\\/Logo_Organisator_Website.png\",\"width\":800,\"height\":77,\"caption\":\"Organisator\"},\"image\":{\"@id\":\"https:\\\/\\\/www.organisator.ch\\\/#\\\/schema\\\/logo\\\/image\\\/\"},\"sameAs\":[\"https:\\\/\\\/www.facebook.com\\\/OrganisatorFachmagazin\",\"https:\\\/\\\/www.linkedin.com\\\/showcase\\\/organisator-das-magazin-fr-kmu\",\"https:\\\/\\\/www.xing.com\\\/news\\\/pages\\\/organisator-ch-695\",\"https:\\\/\\\/www.youtube.com\\\/channel\\\/UCGP2Sq0iWaZwT3BdIAQFYpw\"]},{\"@type\":\"Person\",\"@id\":\"https:\\\/\\\/www.organisator.ch\\\/#\\\/schema\\\/person\\\/4e51799071cd2dd1232ac003643ef5f0\",\"name\":\"galledia\",\"image\":{\"@type\":\"ImageObject\",\"inLanguage\":\"de\",\"@id\":\"https:\\\/\\\/secure.gravatar.com\\\/avatar\\\/78a7f90c01fc2bfc875782a0d4922b37cde2cf184ce347b91316d23cd7f69a36?s=96&d=mm&r=g\",\"url\":\"https:\\\/\\\/secure.gravatar.com\\\/avatar\\\/78a7f90c01fc2bfc875782a0d4922b37cde2cf184ce347b91316d23cd7f69a36?s=96&d=mm&r=g\",\"contentUrl\":\"https:\\\/\\\/secure.gravatar.com\\\/avatar\\\/78a7f90c01fc2bfc875782a0d4922b37cde2cf184ce347b91316d23cd7f69a36?s=96&d=mm&r=g\",\"caption\":\"galledia\"},\"sameAs\":[\"https:\\\/\\\/x.com\\\/admin\"],\"url\":\"https:\\\/\\\/www.organisator.ch\\\/de\\\/author\\\/galledia\\\/\"}]}<\/script>\n<!-- \/ Yoast SEO plugin. -->","yoast_head_json":{"title":"\u00abSwissquote ist wie ein Aufzug nach oben\u00bb \u2013 Jan De Schepper im Interview - Organisator","description":"Jan De Schepper: Transformative Erfolge bei Swissquote. Innovationskraft, Kundenzentrierung und Nachhaltigkeit im Fokus.","robots":{"index":"index","follow":"follow","max-snippet":"max-snippet:-1","max-image-preview":"max-image-preview:large","max-video-preview":"max-video-preview:-1"},"canonical":"https:\/\/www.organisator.ch\/de\/marketing\/2024-08-08\/swissquote-ist-wie-ein-aufzug-nach-oben-jan-de-schepper-im-interview\/","og_locale":"de_DE","og_type":"article","og_title":"\u00abSwissquote ist wie ein Aufzug nach oben\u00bb \u2013 Jan De Schepper im Interview - Organisator","og_description":"Jan De Schepper: Transformative Erfolge bei Swissquote. Innovationskraft, Kundenzentrierung und Nachhaltigkeit im Fokus.","og_url":"https:\/\/www.organisator.ch\/de\/marketing\/2024-08-08\/swissquote-ist-wie-ein-aufzug-nach-oben-jan-de-schepper-im-interview\/","og_site_name":"Organisator","article_publisher":"https:\/\/www.facebook.com\/OrganisatorFachmagazin","article_published_time":"2024-08-08T13:08:51+00:00","article_modified_time":"2024-11-09T07:19:47+00:00","og_image":[{"url":"https:\/\/www.markt-kom.com\/wp-content\/uploads\/2024\/07\/Jan-De-Schepper-4-3-CMO-of-The-Year.png","type":"","width":"","height":""}],"author":"galledia","twitter_card":"summary_large_image","twitter_creator":"@admin","schema":{"@context":"https:\/\/schema.org","@graph":[{"@type":"Article","@id":"https:\/\/www.organisator.ch\/marketing\/2024-08-08\/swissquote-ist-wie-ein-aufzug-nach-oben-jan-de-schepper-im-interview\/#article","isPartOf":{"@id":"https:\/\/www.organisator.ch\/marketing\/2024-08-08\/swissquote-ist-wie-ein-aufzug-nach-oben-jan-de-schepper-im-interview\/"},"author":{"name":"galledia","@id":"https:\/\/www.organisator.ch\/#\/schema\/person\/4e51799071cd2dd1232ac003643ef5f0"},"headline":"\u00abSwissquote ist wie ein Aufzug nach oben\u00bb \u2013 Jan De Schepper im Interview","datePublished":"2024-08-08T13:08:51+00:00","dateModified":"2024-11-09T07:19:47+00:00","mainEntityOfPage":{"@id":"https:\/\/www.organisator.ch\/marketing\/2024-08-08\/swissquote-ist-wie-ein-aufzug-nach-oben-jan-de-schepper-im-interview\/"},"wordCount":484,"publisher":{"@id":"https:\/\/www.organisator.ch\/#organization"},"image":{"@id":"https:\/\/www.organisator.ch\/marketing\/2024-08-08\/swissquote-ist-wie-ein-aufzug-nach-oben-jan-de-schepper-im-interview\/#primaryimage"},"thumbnailUrl":"https:\/\/www.markt-kom.com\/wp-content\/uploads\/2024\/07\/Jan-De-Schepper-4-3-CMO-of-The-Year.png","keywords":["Awards","CMO of the year","m&amp;k FORMAT"],"articleSection":["MARKETING"],"inLanguage":"de"},{"@type":"WebPage","@id":"https:\/\/www.organisator.ch\/marketing\/2024-08-08\/swissquote-ist-wie-ein-aufzug-nach-oben-jan-de-schepper-im-interview\/","url":"https:\/\/www.organisator.ch\/marketing\/2024-08-08\/swissquote-ist-wie-ein-aufzug-nach-oben-jan-de-schepper-im-interview\/","name":"\u00abSwissquote ist wie ein Aufzug nach oben\u00bb \u2013 Jan De Schepper im Interview - Organisator","isPartOf":{"@id":"https:\/\/www.organisator.ch\/#website"},"primaryImageOfPage":{"@id":"https:\/\/www.organisator.ch\/marketing\/2024-08-08\/swissquote-ist-wie-ein-aufzug-nach-oben-jan-de-schepper-im-interview\/#primaryimage"},"image":{"@id":"https:\/\/www.organisator.ch\/marketing\/2024-08-08\/swissquote-ist-wie-ein-aufzug-nach-oben-jan-de-schepper-im-interview\/#primaryimage"},"thumbnailUrl":"https:\/\/www.markt-kom.com\/wp-content\/uploads\/2024\/07\/Jan-De-Schepper-4-3-CMO-of-The-Year.png","datePublished":"2024-08-08T13:08:51+00:00","dateModified":"2024-11-09T07:19:47+00:00","description":"Jan De Schepper: Transformative Erfolge bei Swissquote. Innovationskraft, Kundenzentrierung und Nachhaltigkeit im Fokus.","breadcrumb":{"@id":"https:\/\/www.organisator.ch\/marketing\/2024-08-08\/swissquote-ist-wie-ein-aufzug-nach-oben-jan-de-schepper-im-interview\/#breadcrumb"},"inLanguage":"de","potentialAction":[{"@type":"ReadAction","target":["https:\/\/www.organisator.ch\/marketing\/2024-08-08\/swissquote-ist-wie-ein-aufzug-nach-oben-jan-de-schepper-im-interview\/"]}]},{"@type":"ImageObject","inLanguage":"de","@id":"https:\/\/www.organisator.ch\/marketing\/2024-08-08\/swissquote-ist-wie-ein-aufzug-nach-oben-jan-de-schepper-im-interview\/#primaryimage","url":"https:\/\/www.markt-kom.com\/wp-content\/uploads\/2024\/07\/Jan-De-Schepper-4-3-CMO-of-The-Year.png","contentUrl":"https:\/\/www.markt-kom.com\/wp-content\/uploads\/2024\/07\/Jan-De-Schepper-4-3-CMO-of-The-Year.png"},{"@type":"BreadcrumbList","@id":"https:\/\/www.organisator.ch\/marketing\/2024-08-08\/swissquote-ist-wie-ein-aufzug-nach-oben-jan-de-schepper-im-interview\/#breadcrumb","itemListElement":[{"@type":"ListItem","position":1,"name":"Home","item":"https:\/\/www.organisator.ch\/"},{"@type":"ListItem","position":2,"name":"\u00abSwissquote ist wie ein Aufzug nach oben\u00bb \u2013 Jan De Schepper im Interview"}]},{"@type":"WebSite","@id":"https:\/\/www.organisator.ch\/#website","url":"https:\/\/www.organisator.ch\/","name":"Organisator","description":"Kompetent. Praxisnah. Der ORGANISATOR bereitet in 10 Ausgaben pro Jahr die wesentlichen Themen f\u00fcr F\u00fchrungskr\u00e4fte von KMU auf.","publisher":{"@id":"https:\/\/www.organisator.ch\/#organization"},"potentialAction":[{"@type":"SearchAction","target":{"@type":"EntryPoint","urlTemplate":"https:\/\/www.organisator.ch\/?s={search_term_string}"},"query-input":{"@type":"PropertyValueSpecification","valueRequired":true,"valueName":"search_term_string"}}],"inLanguage":"de"},{"@type":"Organization","@id":"https:\/\/www.organisator.ch\/#organization","name":"Organisator","url":"https:\/\/www.organisator.ch\/","logo":{"@type":"ImageObject","inLanguage":"de","@id":"https:\/\/www.organisator.ch\/#\/schema\/logo\/image\/","url":"https:\/\/www.organisator.ch\/wp-content\/uploads\/2022\/01\/Logo_Organisator_Website.png","contentUrl":"https:\/\/www.organisator.ch\/wp-content\/uploads\/2022\/01\/Logo_Organisator_Website.png","width":800,"height":77,"caption":"Organisator"},"image":{"@id":"https:\/\/www.organisator.ch\/#\/schema\/logo\/image\/"},"sameAs":["https:\/\/www.facebook.com\/OrganisatorFachmagazin","https:\/\/www.linkedin.com\/showcase\/organisator-das-magazin-fr-kmu","https:\/\/www.xing.com\/news\/pages\/organisator-ch-695","https:\/\/www.youtube.com\/channel\/UCGP2Sq0iWaZwT3BdIAQFYpw"]},{"@type":"Person","@id":"https:\/\/www.organisator.ch\/#\/schema\/person\/4e51799071cd2dd1232ac003643ef5f0","name":"galledia","image":{"@type":"ImageObject","inLanguage":"de","@id":"https:\/\/secure.gravatar.com\/avatar\/78a7f90c01fc2bfc875782a0d4922b37cde2cf184ce347b91316d23cd7f69a36?s=96&d=mm&r=g","url":"https:\/\/secure.gravatar.com\/avatar\/78a7f90c01fc2bfc875782a0d4922b37cde2cf184ce347b91316d23cd7f69a36?s=96&d=mm&r=g","contentUrl":"https:\/\/secure.gravatar.com\/avatar\/78a7f90c01fc2bfc875782a0d4922b37cde2cf184ce347b91316d23cd7f69a36?s=96&d=mm&r=g","caption":"galledia"},"sameAs":["https:\/\/x.com\/admin"],"url":"https:\/\/www.organisator.ch\/de\/author\/galledia\/"}]}},"_links":{"self":[{"href":"https:\/\/www.organisator.ch\/de\/wp-json\/wp\/v2\/posts\/28741","targetHints":{"allow":["GET"]}}],"collection":[{"href":"https:\/\/www.organisator.ch\/de\/wp-json\/wp\/v2\/posts"}],"about":[{"href":"https:\/\/www.organisator.ch\/de\/wp-json\/wp\/v2\/types\/post"}],"author":[{"embeddable":true,"href":"https:\/\/www.organisator.ch\/de\/wp-json\/wp\/v2\/users\/8"}],"replies":[{"embeddable":true,"href":"https:\/\/www.organisator.ch\/de\/wp-json\/wp\/v2\/comments?post=28741"}],"version-history":[{"count":3,"href":"https:\/\/www.organisator.ch\/de\/wp-json\/wp\/v2\/posts\/28741\/revisions"}],"predecessor-version":[{"id":32078,"href":"https:\/\/www.organisator.ch\/de\/wp-json\/wp\/v2\/posts\/28741\/revisions\/32078"}],"wp:attachment":[{"href":"https:\/\/www.organisator.ch\/de\/wp-json\/wp\/v2\/media?parent=28741"}],"wp:term":[{"taxonomy":"category","embeddable":true,"href":"https:\/\/www.organisator.ch\/de\/wp-json\/wp\/v2\/categories?post=28741"},{"taxonomy":"post_tag","embeddable":true,"href":"https:\/\/www.organisator.ch\/de\/wp-json\/wp\/v2\/tags?post=28741"}],"curies":[{"name":"wp","href":"https:\/\/api.w.org\/{rel}","templated":true}]}}