{"id":28749,"date":"2024-08-07T12:42:35","date_gmt":"2024-08-07T10:42:35","guid":{"rendered":"https:\/\/www.markt-kom.com\/?p=221438"},"modified":"2024-11-09T08:41:44","modified_gmt":"2024-11-09T07:41:44","slug":"epsilon-felix-schmidt-wird-commercial-director-fuer-die-dach-region","status":"publish","type":"post","link":"https:\/\/www.organisator.ch\/de\/marketing\/2024-08-07\/epsilon-felix-schmidt-wird-commercial-director-fuer-die-dach-region\/","title":{"rendered":"Epsilon: Felix Schmidt wird Commercial Director f\u00fcr die DACH-Region"},"content":{"rendered":"<figure id=\"attachment_221439\" class=\"wp-caption aligncenter\" style=\"width: 1200px\" aria-describedby=\"caption-attachment-221439\"><img class=\"aligncenter wp-image-221439 size-full\" src=\"https:\/\/www.markt-kom.com\/wp-content\/uploads\/2024\/08\/Felix-Schmidt_Epsilon.jpg\" alt=\"Felix Schmidt \" width=\"1200\" height=\"900\" \/>\r\n<figcaption id=\"caption-attachment-221439\" class=\"wp-caption-text\">(Bild: zVg.)<\/figcaption>\r\n<\/figure>\r\n<p>Felix Schmidt verf\u00fcgt \u00fcber 13 Jahre Erfahrung in den Bereichen Technologie und digitales Marketing. Zuletzt war Schmidt als Country Manager DACH bei der Partnermanagement-Plattform Impact.com t\u00e4tig. Davor zeichnete er als Head of Key Account Management bei Webgears verantwortlich.<\/p>\r\n<p>In seiner neuen Rolle soll er die Expansionsbestrebungen von <a href=\"https:\/\/www.epsilon.com\/emea\" rel=\"noopener\">Epsilon<\/a> vorantreiben, wie es in einer Mitteilung heisst. Dar\u00fcber hinaus liegt sein Fokus auf der Etablierung des Namens Epsilon als f\u00fchrende Technologie f\u00fcr Marken, die ihre Sichtbarkeit und Performance \u00fcber alle Kan\u00e4le steigern wollen. Wichtige Bestandteile dieser Strategie werden der Ausbau von Epsilons CoreID, einer Technologie f\u00fcr einheitliche Kundenidentit\u00e4ten im personalisierten Marketing, sowie die Aussch\u00f6pfung des vollen Potenzials der All-in-One-Personalization-L\u00f6sung Yieldify.<\/p>\r\n<p>\u00abDie vielf\u00e4ltige Agenturlandschaft innerhalb der Publicis Groupe ist ein entscheidender Vorteil gegen\u00fcber Wettbewerbern, sowohl im Medien- als auch im Technologiebereich\u00bb, erkl\u00e4rt Felix Schmidt. \u00abProdukte wie Core-ID, intelligente Akquisitionen wie Yieldify und innovative Plattformen wie Unlimitail unterstreichen die Bedeutung von Technologie-\u00d6kosystemen f\u00fcr Werbetreibende im Vergleich zu den heutigen fragmentierten Tech-Stacks.\u00bb<\/p>","protected":false},"excerpt":{"rendered":"<p>Epslion, das global t\u00e4tige Unternehmen f\u00fcr Werbe- und Marketingtechnologie Epsilon und Teil der Publicis Groupe, gibt die Ernennung von Felix Schmidt zum neuen Commercial Director f\u00fcr die DACH-Region bekannt.<\/p>\n","protected":false},"author":8,"featured_media":0,"comment_status":"closed","ping_status":"closed","sticky":false,"template":"","format":"standard","meta":{"_acf_changed":false,"_yoast_wpseo_focuskw":"Felix Schmidt","_yoast_wpseo_metadesc":"Felix Schmidt leitet Epsilon-Expansion und etabliert CoreID-Technologie. Fokus auf kanal\u00fcbergreifende Sichtbarkeit und Performance.","articlekey":"","footnotes":""},"categories":[29],"tags":[4345,4351,4352,4353],"class_list":["post-28749","post","type-post","status-publish","format-standard","hentry","category-marketing","tag-business","tag-dexat","tag-epsilon","tag-publicis-groupe"],"acf":[],"yoast_head":"<!-- This site is optimized with the Yoast SEO plugin v27.5 - https:\/\/yoast.com\/product\/yoast-seo-wordpress\/ -->\n<title>Epsilon: Felix Schmidt wird Commercial Director f\u00fcr die DACH-Region - Organisator<\/title>\n<meta name=\"description\" content=\"Felix Schmidt leitet Epsilon-Expansion und etabliert CoreID-Technologie. Fokus auf kanal\u00fcbergreifende Sichtbarkeit und Performance.\" \/>\n<meta name=\"robots\" content=\"index, follow, max-snippet:-1, max-image-preview:large, max-video-preview:-1\" \/>\n<link rel=\"canonical\" href=\"https:\/\/www.organisator.ch\/de\/marketing\/2024-08-07\/epsilon-felix-schmidt-wird-commercial-director-fuer-die-dach-region\/\" \/>\n<meta property=\"og:locale\" content=\"de_DE\" \/>\n<meta property=\"og:type\" content=\"article\" \/>\n<meta property=\"og:title\" content=\"Epsilon: Felix Schmidt wird Commercial Director f\u00fcr die DACH-Region - Organisator\" \/>\n<meta property=\"og:description\" content=\"Felix Schmidt leitet Epsilon-Expansion und etabliert CoreID-Technologie. Fokus auf kanal\u00fcbergreifende Sichtbarkeit und Performance.\" \/>\n<meta property=\"og:url\" content=\"https:\/\/www.organisator.ch\/de\/marketing\/2024-08-07\/epsilon-felix-schmidt-wird-commercial-director-fuer-die-dach-region\/\" \/>\n<meta property=\"og:site_name\" content=\"Organisator\" \/>\n<meta property=\"article:publisher\" content=\"https:\/\/www.facebook.com\/OrganisatorFachmagazin\" \/>\n<meta property=\"article:published_time\" content=\"2024-08-07T10:42:35+00:00\" \/>\n<meta property=\"article:modified_time\" content=\"2024-11-09T07:41:44+00:00\" \/>\n<meta property=\"og:image\" content=\"https:\/\/www.markt-kom.com\/wp-content\/uploads\/2024\/08\/Felix-Schmidt_Epsilon.jpg\" \/>\n<meta name=\"author\" content=\"galledia\" \/>\n<meta name=\"twitter:card\" content=\"summary_large_image\" \/>\n<meta name=\"twitter:creator\" content=\"@admin\" \/>\n<script type=\"application\/ld+json\" class=\"yoast-schema-graph\">{\"@context\":\"https:\\\/\\\/schema.org\",\"@graph\":[{\"@type\":\"Article\",\"@id\":\"https:\\\/\\\/www.organisator.ch\\\/marketing\\\/2024-08-07\\\/epsilon-felix-schmidt-wird-commercial-director-fuer-die-dach-region\\\/#article\",\"isPartOf\":{\"@id\":\"https:\\\/\\\/www.organisator.ch\\\/marketing\\\/2024-08-07\\\/epsilon-felix-schmidt-wird-commercial-director-fuer-die-dach-region\\\/\"},\"author\":{\"name\":\"galledia\",\"@id\":\"https:\\\/\\\/www.organisator.ch\\\/#\\\/schema\\\/person\\\/4e51799071cd2dd1232ac003643ef5f0\"},\"headline\":\"Epsilon: Felix Schmidt wird Commercial Director f\u00fcr die DACH-Region\",\"datePublished\":\"2024-08-07T10:42:35+00:00\",\"dateModified\":\"2024-11-09T07:41:44+00:00\",\"mainEntityOfPage\":{\"@id\":\"https:\\\/\\\/www.organisator.ch\\\/marketing\\\/2024-08-07\\\/epsilon-felix-schmidt-wird-commercial-director-fuer-die-dach-region\\\/\"},\"wordCount\":184,\"publisher\":{\"@id\":\"https:\\\/\\\/www.organisator.ch\\\/#organization\"},\"image\":{\"@id\":\"https:\\\/\\\/www.organisator.ch\\\/marketing\\\/2024-08-07\\\/epsilon-felix-schmidt-wird-commercial-director-fuer-die-dach-region\\\/#primaryimage\"},\"thumbnailUrl\":\"https:\\\/\\\/www.markt-kom.com\\\/wp-content\\\/uploads\\\/2024\\\/08\\\/Felix-Schmidt_Epsilon.jpg\",\"keywords\":[\"Business\",\"DExAT\",\"Epsilon\",\"Publicis Groupe\"],\"articleSection\":[\"MARKETING\"],\"inLanguage\":\"de\"},{\"@type\":\"WebPage\",\"@id\":\"https:\\\/\\\/www.organisator.ch\\\/marketing\\\/2024-08-07\\\/epsilon-felix-schmidt-wird-commercial-director-fuer-die-dach-region\\\/\",\"url\":\"https:\\\/\\\/www.organisator.ch\\\/marketing\\\/2024-08-07\\\/epsilon-felix-schmidt-wird-commercial-director-fuer-die-dach-region\\\/\",\"name\":\"Epsilon: Felix Schmidt wird Commercial Director f\u00fcr die DACH-Region - Organisator\",\"isPartOf\":{\"@id\":\"https:\\\/\\\/www.organisator.ch\\\/#website\"},\"primaryImageOfPage\":{\"@id\":\"https:\\\/\\\/www.organisator.ch\\\/marketing\\\/2024-08-07\\\/epsilon-felix-schmidt-wird-commercial-director-fuer-die-dach-region\\\/#primaryimage\"},\"image\":{\"@id\":\"https:\\\/\\\/www.organisator.ch\\\/marketing\\\/2024-08-07\\\/epsilon-felix-schmidt-wird-commercial-director-fuer-die-dach-region\\\/#primaryimage\"},\"thumbnailUrl\":\"https:\\\/\\\/www.markt-kom.com\\\/wp-content\\\/uploads\\\/2024\\\/08\\\/Felix-Schmidt_Epsilon.jpg\",\"datePublished\":\"2024-08-07T10:42:35+00:00\",\"dateModified\":\"2024-11-09T07:41:44+00:00\",\"description\":\"Felix Schmidt leitet Epsilon-Expansion und etabliert CoreID-Technologie. Fokus auf kanal\u00fcbergreifende Sichtbarkeit und Performance.\",\"breadcrumb\":{\"@id\":\"https:\\\/\\\/www.organisator.ch\\\/marketing\\\/2024-08-07\\\/epsilon-felix-schmidt-wird-commercial-director-fuer-die-dach-region\\\/#breadcrumb\"},\"inLanguage\":\"de\",\"potentialAction\":[{\"@type\":\"ReadAction\",\"target\":[\"https:\\\/\\\/www.organisator.ch\\\/marketing\\\/2024-08-07\\\/epsilon-felix-schmidt-wird-commercial-director-fuer-die-dach-region\\\/\"]}]},{\"@type\":\"ImageObject\",\"inLanguage\":\"de\",\"@id\":\"https:\\\/\\\/www.organisator.ch\\\/marketing\\\/2024-08-07\\\/epsilon-felix-schmidt-wird-commercial-director-fuer-die-dach-region\\\/#primaryimage\",\"url\":\"https:\\\/\\\/www.markt-kom.com\\\/wp-content\\\/uploads\\\/2024\\\/08\\\/Felix-Schmidt_Epsilon.jpg\",\"contentUrl\":\"https:\\\/\\\/www.markt-kom.com\\\/wp-content\\\/uploads\\\/2024\\\/08\\\/Felix-Schmidt_Epsilon.jpg\"},{\"@type\":\"BreadcrumbList\",\"@id\":\"https:\\\/\\\/www.organisator.ch\\\/marketing\\\/2024-08-07\\\/epsilon-felix-schmidt-wird-commercial-director-fuer-die-dach-region\\\/#breadcrumb\",\"itemListElement\":[{\"@type\":\"ListItem\",\"position\":1,\"name\":\"Home\",\"item\":\"https:\\\/\\\/www.organisator.ch\\\/\"},{\"@type\":\"ListItem\",\"position\":2,\"name\":\"Epsilon: Felix Schmidt wird Commercial Director f\u00fcr die DACH-Region\"}]},{\"@type\":\"WebSite\",\"@id\":\"https:\\\/\\\/www.organisator.ch\\\/#website\",\"url\":\"https:\\\/\\\/www.organisator.ch\\\/\",\"name\":\"Organisator\",\"description\":\"Kompetent. Praxisnah. Der ORGANISATOR bereitet in 10 Ausgaben pro Jahr die wesentlichen Themen f\u00fcr F\u00fchrungskr\u00e4fte von KMU auf.\",\"publisher\":{\"@id\":\"https:\\\/\\\/www.organisator.ch\\\/#organization\"},\"potentialAction\":[{\"@type\":\"SearchAction\",\"target\":{\"@type\":\"EntryPoint\",\"urlTemplate\":\"https:\\\/\\\/www.organisator.ch\\\/?s={search_term_string}\"},\"query-input\":{\"@type\":\"PropertyValueSpecification\",\"valueRequired\":true,\"valueName\":\"search_term_string\"}}],\"inLanguage\":\"de\"},{\"@type\":\"Organization\",\"@id\":\"https:\\\/\\\/www.organisator.ch\\\/#organization\",\"name\":\"Organisator\",\"url\":\"https:\\\/\\\/www.organisator.ch\\\/\",\"logo\":{\"@type\":\"ImageObject\",\"inLanguage\":\"de\",\"@id\":\"https:\\\/\\\/www.organisator.ch\\\/#\\\/schema\\\/logo\\\/image\\\/\",\"url\":\"https:\\\/\\\/www.organisator.ch\\\/wp-content\\\/uploads\\\/2022\\\/01\\\/Logo_Organisator_Website.png\",\"contentUrl\":\"https:\\\/\\\/www.organisator.ch\\\/wp-content\\\/uploads\\\/2022\\\/01\\\/Logo_Organisator_Website.png\",\"width\":800,\"height\":77,\"caption\":\"Organisator\"},\"image\":{\"@id\":\"https:\\\/\\\/www.organisator.ch\\\/#\\\/schema\\\/logo\\\/image\\\/\"},\"sameAs\":[\"https:\\\/\\\/www.facebook.com\\\/OrganisatorFachmagazin\",\"https:\\\/\\\/www.linkedin.com\\\/showcase\\\/organisator-das-magazin-fr-kmu\",\"https:\\\/\\\/www.xing.com\\\/news\\\/pages\\\/organisator-ch-695\",\"https:\\\/\\\/www.youtube.com\\\/channel\\\/UCGP2Sq0iWaZwT3BdIAQFYpw\"]},{\"@type\":\"Person\",\"@id\":\"https:\\\/\\\/www.organisator.ch\\\/#\\\/schema\\\/person\\\/4e51799071cd2dd1232ac003643ef5f0\",\"name\":\"galledia\",\"image\":{\"@type\":\"ImageObject\",\"inLanguage\":\"de\",\"@id\":\"https:\\\/\\\/secure.gravatar.com\\\/avatar\\\/78a7f90c01fc2bfc875782a0d4922b37cde2cf184ce347b91316d23cd7f69a36?s=96&d=mm&r=g\",\"url\":\"https:\\\/\\\/secure.gravatar.com\\\/avatar\\\/78a7f90c01fc2bfc875782a0d4922b37cde2cf184ce347b91316d23cd7f69a36?s=96&d=mm&r=g\",\"contentUrl\":\"https:\\\/\\\/secure.gravatar.com\\\/avatar\\\/78a7f90c01fc2bfc875782a0d4922b37cde2cf184ce347b91316d23cd7f69a36?s=96&d=mm&r=g\",\"caption\":\"galledia\"},\"sameAs\":[\"https:\\\/\\\/x.com\\\/admin\"],\"url\":\"https:\\\/\\\/www.organisator.ch\\\/de\\\/author\\\/galledia\\\/\"}]}<\/script>\n<!-- \/ Yoast SEO plugin. -->","yoast_head_json":{"title":"Epsilon: Felix Schmidt wird Commercial Director f\u00fcr die DACH-Region - Organisator","description":"Felix Schmidt leitet Epsilon-Expansion und etabliert CoreID-Technologie. Fokus auf kanal\u00fcbergreifende Sichtbarkeit und Performance.","robots":{"index":"index","follow":"follow","max-snippet":"max-snippet:-1","max-image-preview":"max-image-preview:large","max-video-preview":"max-video-preview:-1"},"canonical":"https:\/\/www.organisator.ch\/de\/marketing\/2024-08-07\/epsilon-felix-schmidt-wird-commercial-director-fuer-die-dach-region\/","og_locale":"de_DE","og_type":"article","og_title":"Epsilon: Felix Schmidt wird Commercial Director f\u00fcr die DACH-Region - Organisator","og_description":"Felix Schmidt leitet Epsilon-Expansion und etabliert CoreID-Technologie. Fokus auf kanal\u00fcbergreifende Sichtbarkeit und Performance.","og_url":"https:\/\/www.organisator.ch\/de\/marketing\/2024-08-07\/epsilon-felix-schmidt-wird-commercial-director-fuer-die-dach-region\/","og_site_name":"Organisator","article_publisher":"https:\/\/www.facebook.com\/OrganisatorFachmagazin","article_published_time":"2024-08-07T10:42:35+00:00","article_modified_time":"2024-11-09T07:41:44+00:00","og_image":[{"url":"https:\/\/www.markt-kom.com\/wp-content\/uploads\/2024\/08\/Felix-Schmidt_Epsilon.jpg","type":"","width":"","height":""}],"author":"galledia","twitter_card":"summary_large_image","twitter_creator":"@admin","schema":{"@context":"https:\/\/schema.org","@graph":[{"@type":"Article","@id":"https:\/\/www.organisator.ch\/marketing\/2024-08-07\/epsilon-felix-schmidt-wird-commercial-director-fuer-die-dach-region\/#article","isPartOf":{"@id":"https:\/\/www.organisator.ch\/marketing\/2024-08-07\/epsilon-felix-schmidt-wird-commercial-director-fuer-die-dach-region\/"},"author":{"name":"galledia","@id":"https:\/\/www.organisator.ch\/#\/schema\/person\/4e51799071cd2dd1232ac003643ef5f0"},"headline":"Epsilon: Felix Schmidt wird Commercial Director f\u00fcr die DACH-Region","datePublished":"2024-08-07T10:42:35+00:00","dateModified":"2024-11-09T07:41:44+00:00","mainEntityOfPage":{"@id":"https:\/\/www.organisator.ch\/marketing\/2024-08-07\/epsilon-felix-schmidt-wird-commercial-director-fuer-die-dach-region\/"},"wordCount":184,"publisher":{"@id":"https:\/\/www.organisator.ch\/#organization"},"image":{"@id":"https:\/\/www.organisator.ch\/marketing\/2024-08-07\/epsilon-felix-schmidt-wird-commercial-director-fuer-die-dach-region\/#primaryimage"},"thumbnailUrl":"https:\/\/www.markt-kom.com\/wp-content\/uploads\/2024\/08\/Felix-Schmidt_Epsilon.jpg","keywords":["Business","DExAT","Epsilon","Publicis Groupe"],"articleSection":["MARKETING"],"inLanguage":"de"},{"@type":"WebPage","@id":"https:\/\/www.organisator.ch\/marketing\/2024-08-07\/epsilon-felix-schmidt-wird-commercial-director-fuer-die-dach-region\/","url":"https:\/\/www.organisator.ch\/marketing\/2024-08-07\/epsilon-felix-schmidt-wird-commercial-director-fuer-die-dach-region\/","name":"Epsilon: Felix Schmidt wird Commercial Director f\u00fcr die DACH-Region - Organisator","isPartOf":{"@id":"https:\/\/www.organisator.ch\/#website"},"primaryImageOfPage":{"@id":"https:\/\/www.organisator.ch\/marketing\/2024-08-07\/epsilon-felix-schmidt-wird-commercial-director-fuer-die-dach-region\/#primaryimage"},"image":{"@id":"https:\/\/www.organisator.ch\/marketing\/2024-08-07\/epsilon-felix-schmidt-wird-commercial-director-fuer-die-dach-region\/#primaryimage"},"thumbnailUrl":"https:\/\/www.markt-kom.com\/wp-content\/uploads\/2024\/08\/Felix-Schmidt_Epsilon.jpg","datePublished":"2024-08-07T10:42:35+00:00","dateModified":"2024-11-09T07:41:44+00:00","description":"Felix Schmidt leitet Epsilon-Expansion und etabliert CoreID-Technologie. Fokus auf kanal\u00fcbergreifende Sichtbarkeit und Performance.","breadcrumb":{"@id":"https:\/\/www.organisator.ch\/marketing\/2024-08-07\/epsilon-felix-schmidt-wird-commercial-director-fuer-die-dach-region\/#breadcrumb"},"inLanguage":"de","potentialAction":[{"@type":"ReadAction","target":["https:\/\/www.organisator.ch\/marketing\/2024-08-07\/epsilon-felix-schmidt-wird-commercial-director-fuer-die-dach-region\/"]}]},{"@type":"ImageObject","inLanguage":"de","@id":"https:\/\/www.organisator.ch\/marketing\/2024-08-07\/epsilon-felix-schmidt-wird-commercial-director-fuer-die-dach-region\/#primaryimage","url":"https:\/\/www.markt-kom.com\/wp-content\/uploads\/2024\/08\/Felix-Schmidt_Epsilon.jpg","contentUrl":"https:\/\/www.markt-kom.com\/wp-content\/uploads\/2024\/08\/Felix-Schmidt_Epsilon.jpg"},{"@type":"BreadcrumbList","@id":"https:\/\/www.organisator.ch\/marketing\/2024-08-07\/epsilon-felix-schmidt-wird-commercial-director-fuer-die-dach-region\/#breadcrumb","itemListElement":[{"@type":"ListItem","position":1,"name":"Home","item":"https:\/\/www.organisator.ch\/"},{"@type":"ListItem","position":2,"name":"Epsilon: Felix Schmidt wird Commercial Director f\u00fcr die DACH-Region"}]},{"@type":"WebSite","@id":"https:\/\/www.organisator.ch\/#website","url":"https:\/\/www.organisator.ch\/","name":"Organisator","description":"Kompetent. Praxisnah. Der ORGANISATOR bereitet in 10 Ausgaben pro Jahr die wesentlichen Themen f\u00fcr F\u00fchrungskr\u00e4fte von KMU auf.","publisher":{"@id":"https:\/\/www.organisator.ch\/#organization"},"potentialAction":[{"@type":"SearchAction","target":{"@type":"EntryPoint","urlTemplate":"https:\/\/www.organisator.ch\/?s={search_term_string}"},"query-input":{"@type":"PropertyValueSpecification","valueRequired":true,"valueName":"search_term_string"}}],"inLanguage":"de"},{"@type":"Organization","@id":"https:\/\/www.organisator.ch\/#organization","name":"Organisator","url":"https:\/\/www.organisator.ch\/","logo":{"@type":"ImageObject","inLanguage":"de","@id":"https:\/\/www.organisator.ch\/#\/schema\/logo\/image\/","url":"https:\/\/www.organisator.ch\/wp-content\/uploads\/2022\/01\/Logo_Organisator_Website.png","contentUrl":"https:\/\/www.organisator.ch\/wp-content\/uploads\/2022\/01\/Logo_Organisator_Website.png","width":800,"height":77,"caption":"Organisator"},"image":{"@id":"https:\/\/www.organisator.ch\/#\/schema\/logo\/image\/"},"sameAs":["https:\/\/www.facebook.com\/OrganisatorFachmagazin","https:\/\/www.linkedin.com\/showcase\/organisator-das-magazin-fr-kmu","https:\/\/www.xing.com\/news\/pages\/organisator-ch-695","https:\/\/www.youtube.com\/channel\/UCGP2Sq0iWaZwT3BdIAQFYpw"]},{"@type":"Person","@id":"https:\/\/www.organisator.ch\/#\/schema\/person\/4e51799071cd2dd1232ac003643ef5f0","name":"galledia","image":{"@type":"ImageObject","inLanguage":"de","@id":"https:\/\/secure.gravatar.com\/avatar\/78a7f90c01fc2bfc875782a0d4922b37cde2cf184ce347b91316d23cd7f69a36?s=96&d=mm&r=g","url":"https:\/\/secure.gravatar.com\/avatar\/78a7f90c01fc2bfc875782a0d4922b37cde2cf184ce347b91316d23cd7f69a36?s=96&d=mm&r=g","contentUrl":"https:\/\/secure.gravatar.com\/avatar\/78a7f90c01fc2bfc875782a0d4922b37cde2cf184ce347b91316d23cd7f69a36?s=96&d=mm&r=g","caption":"galledia"},"sameAs":["https:\/\/x.com\/admin"],"url":"https:\/\/www.organisator.ch\/de\/author\/galledia\/"}]}},"_links":{"self":[{"href":"https:\/\/www.organisator.ch\/de\/wp-json\/wp\/v2\/posts\/28749","targetHints":{"allow":["GET"]}}],"collection":[{"href":"https:\/\/www.organisator.ch\/de\/wp-json\/wp\/v2\/posts"}],"about":[{"href":"https:\/\/www.organisator.ch\/de\/wp-json\/wp\/v2\/types\/post"}],"author":[{"embeddable":true,"href":"https:\/\/www.organisator.ch\/de\/wp-json\/wp\/v2\/users\/8"}],"replies":[{"embeddable":true,"href":"https:\/\/www.organisator.ch\/de\/wp-json\/wp\/v2\/comments?post=28749"}],"version-history":[{"count":2,"href":"https:\/\/www.organisator.ch\/de\/wp-json\/wp\/v2\/posts\/28749\/revisions"}],"predecessor-version":[{"id":32087,"href":"https:\/\/www.organisator.ch\/de\/wp-json\/wp\/v2\/posts\/28749\/revisions\/32087"}],"wp:attachment":[{"href":"https:\/\/www.organisator.ch\/de\/wp-json\/wp\/v2\/media?parent=28749"}],"wp:term":[{"taxonomy":"category","embeddable":true,"href":"https:\/\/www.organisator.ch\/de\/wp-json\/wp\/v2\/categories?post=28749"},{"taxonomy":"post_tag","embeddable":true,"href":"https:\/\/www.organisator.ch\/de\/wp-json\/wp\/v2\/tags?post=28749"}],"curies":[{"name":"wp","href":"https:\/\/api.w.org\/{rel}","templated":true}]}}