{"id":28768,"date":"2024-08-11T14:43:06","date_gmt":"2024-08-11T12:43:06","guid":{"rendered":"https:\/\/www.markt-kom.com\/?p=217923"},"modified":"2024-11-09T07:52:03","modified_gmt":"2024-11-09T06:52:03","slug":"wenn-man-zu-den-besten-gehoeren-will-ist-ein-gutes-team-entscheidend-christian-gut","status":"publish","type":"post","link":"https:\/\/www.organisator.ch\/de\/marketing\/2024-08-11\/wenn-man-zu-den-besten-gehoeren-will-ist-ein-gutes-team-entscheidend-christian-gut\/","title":{"rendered":"\u00abWenn man zu den Besten geh\u00f6ren will, ist ein gutes Team entscheidend\u00bb \u2013 Christian Gut"},"content":{"rendered":"<p><img class=\"aligncenter wp-image-221158 size-full\" src=\"https:\/\/www.markt-kom.com\/wp-content\/uploads\/2024\/07\/Christian-Stoeckli-4-3-CMO-of-The-Year.png\" alt=\"Christian Gut St\u00f6ckli \" width=\"1024\" height=\"768\" \/><\/p>\r\n<h3><b>Mit dem Lift nach oben, auf Skis nach unten<\/b><\/h3>\r\n<p><span style=\"font-weight: 400\">Der Erfolg im Marketing ist wie eine Fahrt mit dem Lift nach oben \u2013 kontinuierlich, zielgerichtet und aufw\u00e4rtsstrebend. Christian Gut nutzt diese Metapher perfekt, um den beeindruckenden Aufstieg von St\u00f6ckli Swiss Sports im Elevator Pitch zu beschreiben. \u00abSt\u00f6ckli, das ist der Schweizer Ski. Das ist sichtbar in der Manufaktur, erleb- und testbar im Schnee und auf der Piste und beweisbar im Rennsport\u00bb, sagt Gut. Unter seiner F\u00fchrung wurde die Go-to-Market-Strategie von D2C (Direct-to-Consumer) perfekt auf den schnell wachsenden Bereich B2B2C (Business-to-Business-to-Consumer) abgestimmt, was das Unternehmen international st\u00e4rkte und Marktanteile gewinnen liess.<\/span><\/p>\r\n<p><\/p>\r\n<h3><b>Der \u00abMarco Odermatt Effekt\u00bb: Auf den Spuren des Siegers<\/b><\/h3>\r\n<p><span style=\"font-weight: 400\">W\u00e4hrend der Lift metaphorisch f\u00fcr den Erfolg nach oben steht, symbolisieren die Skis von St\u00f6ckli die rasante und meisterhafte Talfahrt. Der \u00abMarco Odermatt Effekt\u00bb ist ein Paradebeispiel daf\u00fcr. Odermatt, der dreimalige Gesamtweltcupsieger, ist nicht nur ein Aush\u00e4ngeschild, sondern auch ein lebendiger Beweis f\u00fcr die Spitzenqualit\u00e4t der St\u00f6ckli-Skis. \u00abIm letzten M\u00e4rz hat Marco Odermatt zum dritten Mal in Folge den Gesamtweltcup gewonnen, und wir haben dies mit einer Triple-Campaign entsprechend zelebriert,\u00bb erkl\u00e4rt Gut. Eine Guerilla-Marketing-Aktion auf dem Times Square in New York brachte nicht nur Aufmerksamkeit, sondern zeigte auch die globale Reichweite und den Einfluss der Marke.<\/span><\/p>\r\n<h3><b>Innovation und Nachhaltigkeit: Die St\u00f6ckli-Formel<\/b><\/h3>\r\n<p><span style=\"font-weight: 400\">St\u00f6ckli setzt nicht nur auf Geschwindigkeit und Sieg, sondern auch auf Nachhaltigkeit und Innovation. W\u00e4hrend die Skis die perfekte Abfahrt erm\u00f6glichen sollen, ist das Unternehmen bestrebt, in seiner Produktion und seinen Produkten den h\u00f6chsten Nachhaltigkeits-Standards zu entsprechen. \u00abQualit\u00e4t und Langlebigkeit der Produkte stehen im Fokus, was zur Strategie der Swissness passt und per se nachhaltig ist\u00bb, betont Gut. <\/span>Mit der Nutzung von 100\u00a0% erneuerbarer Energie in der Manufaktur in Malters sowie einem innovativen W\u00e4rmespeicher, der 30% Energie beim Herstellungsprozess einspart, setzt St\u00f6ckli neue Massst\u00e4be.<\/p>\r\n<h3><b>Kundenzentrierung: Der Schl\u00fcssel zum Erfolg<\/b><\/h3>\r\n<p><span style=\"font-weight: 400\">Die perfekte Abfahrt beginnt mit einer guten Vorbereitung und genauem Kundenverst\u00e4ndnis. \u00abNoch viel wichtiger als unser eigenes Bauchgef\u00fchl ist f\u00fcr uns das Bauchgef\u00fchl unserer Konsumenten\u00bb, erl\u00e4utert Gut. Skitests und Manufakturf\u00fchrungen sind essenzielle Bestandteile der Marketingstrategie, um die Interaktion mit den Kunden zu st\u00e4rken und ihnen ein unvergessliches Erlebnis zu bieten. Diese Strategie hat dazu beigetragen, dass St\u00f6ckli eine starke und loyale Kundenbasis aufgebaut hat.<\/span><\/p>\r\n<h3><b>Wer wird \u00abCMO of The Year 2024?\u00bb<\/b><\/h3>\r\n<p><span style=\"font-weight: 400\">Christian Guts herausragende Leistungen als Chief Sales &amp; Marketing Officer bei St\u00f6ckli Swiss Sports und seine innovativen Marketingstrategien setzen neue Massst\u00e4be in der Branche. W\u00e4hrend der Lift symbolisch f\u00fcr den stetigen Aufstieg im Marketing steht, verk\u00f6rpern die Skis von St\u00f6ckli die Perfektion der Abfahrt \u2013 schnell, elegant und meisterhaft. Wer den Titel \u00abCMO of the Year\u00bb 2024 gewinnen wird, bleibt bis zur exklusiven Award-Night im Papiersaal spannend. Bis dahin zeigt Gut, wie eine durchdachte und mutige Marketingstrategie langfristigen Erfolg und Wachstum bringen kann.<\/span><\/p>","protected":false},"excerpt":{"rendered":"<p>Christian Gut, Chief Sales &amp; Marketing Officer bei St\u00f6ckli Swiss Sports, ist f\u00fcr den Titel \u00abCMO of the Year\u00bb 2024 nominiert. Im Interview spricht er \u00fcber die Erfolge von St\u00f6ckli, die transformative Marketingstrategie und den \u00abMarco Odermatt Effekt\u00bb. Die Jurierung fand im Restaurant Clouds \u00fcber den D\u00e4chern Z\u00fcrichs statt.<\/p>\n","protected":false},"author":8,"featured_media":0,"comment_status":"closed","ping_status":"closed","sticky":false,"template":"","format":"standard","meta":{"_acf_changed":false,"_yoast_wpseo_focuskw":"Christian Gut St\u00f6ckli","_yoast_wpseo_metadesc":"Christian Gut von St\u00f6ckli Swiss Sports nutzt innovative Marketingstrategien f\u00fcr nachhaltigen Erfolg und globale Reichweite.","articlekey":"","footnotes":""},"categories":[29],"tags":[66,3733,4348,4358],"class_list":["post-28768","post","type-post","status-publish","format-standard","hentry","category-marketing","tag-awards","tag-cmo-of-the-year","tag-mk-format","tag-stoeckli"],"acf":[],"yoast_head":"<!-- This site is optimized with the Yoast SEO plugin v27.5 - https:\/\/yoast.com\/product\/yoast-seo-wordpress\/ -->\n<title>\u00abWenn man zu den Besten geh\u00f6ren will, ist ein gutes Team entscheidend\u00bb \u2013 Christian Gut - Organisator<\/title>\n<meta name=\"description\" content=\"Christian Gut von St\u00f6ckli Swiss Sports nutzt innovative Marketingstrategien f\u00fcr nachhaltigen Erfolg und globale Reichweite.\" \/>\n<meta name=\"robots\" content=\"index, follow, max-snippet:-1, max-image-preview:large, max-video-preview:-1\" \/>\n<link rel=\"canonical\" href=\"https:\/\/www.organisator.ch\/de\/marketing\/2024-08-11\/wenn-man-zu-den-besten-gehoeren-will-ist-ein-gutes-team-entscheidend-christian-gut\/\" \/>\n<meta property=\"og:locale\" content=\"de_DE\" \/>\n<meta property=\"og:type\" content=\"article\" \/>\n<meta property=\"og:title\" content=\"\u00abWenn man zu den Besten geh\u00f6ren will, ist ein gutes Team entscheidend\u00bb \u2013 Christian Gut - Organisator\" \/>\n<meta property=\"og:description\" content=\"Christian Gut von St\u00f6ckli Swiss Sports nutzt innovative Marketingstrategien f\u00fcr nachhaltigen Erfolg und globale Reichweite.\" \/>\n<meta property=\"og:url\" content=\"https:\/\/www.organisator.ch\/de\/marketing\/2024-08-11\/wenn-man-zu-den-besten-gehoeren-will-ist-ein-gutes-team-entscheidend-christian-gut\/\" \/>\n<meta property=\"og:site_name\" content=\"Organisator\" \/>\n<meta property=\"article:publisher\" content=\"https:\/\/www.facebook.com\/OrganisatorFachmagazin\" \/>\n<meta property=\"article:published_time\" content=\"2024-08-11T12:43:06+00:00\" \/>\n<meta property=\"article:modified_time\" content=\"2024-11-09T06:52:03+00:00\" \/>\n<meta property=\"og:image\" content=\"https:\/\/www.markt-kom.com\/wp-content\/uploads\/2024\/07\/Christian-Stoeckli-4-3-CMO-of-The-Year.png\" \/>\n<meta name=\"author\" content=\"galledia\" \/>\n<meta name=\"twitter:card\" content=\"summary_large_image\" \/>\n<meta name=\"twitter:creator\" content=\"@admin\" \/>\n<script type=\"application\/ld+json\" class=\"yoast-schema-graph\">{\"@context\":\"https:\\\/\\\/schema.org\",\"@graph\":[{\"@type\":\"Article\",\"@id\":\"https:\\\/\\\/www.organisator.ch\\\/marketing\\\/2024-08-11\\\/wenn-man-zu-den-besten-gehoeren-will-ist-ein-gutes-team-entscheidend-christian-gut\\\/#article\",\"isPartOf\":{\"@id\":\"https:\\\/\\\/www.organisator.ch\\\/marketing\\\/2024-08-11\\\/wenn-man-zu-den-besten-gehoeren-will-ist-ein-gutes-team-entscheidend-christian-gut\\\/\"},\"author\":{\"name\":\"galledia\",\"@id\":\"https:\\\/\\\/www.organisator.ch\\\/#\\\/schema\\\/person\\\/4e51799071cd2dd1232ac003643ef5f0\"},\"headline\":\"\u00abWenn man zu den Besten geh\u00f6ren will, ist ein gutes Team entscheidend\u00bb \u2013 Christian Gut\",\"datePublished\":\"2024-08-11T12:43:06+00:00\",\"dateModified\":\"2024-11-09T06:52:03+00:00\",\"mainEntityOfPage\":{\"@id\":\"https:\\\/\\\/www.organisator.ch\\\/marketing\\\/2024-08-11\\\/wenn-man-zu-den-besten-gehoeren-will-ist-ein-gutes-team-entscheidend-christian-gut\\\/\"},\"wordCount\":504,\"publisher\":{\"@id\":\"https:\\\/\\\/www.organisator.ch\\\/#organization\"},\"image\":{\"@id\":\"https:\\\/\\\/www.organisator.ch\\\/marketing\\\/2024-08-11\\\/wenn-man-zu-den-besten-gehoeren-will-ist-ein-gutes-team-entscheidend-christian-gut\\\/#primaryimage\"},\"thumbnailUrl\":\"https:\\\/\\\/www.markt-kom.com\\\/wp-content\\\/uploads\\\/2024\\\/07\\\/Christian-Stoeckli-4-3-CMO-of-The-Year.png\",\"keywords\":[\"Awards\",\"CMO of the year\",\"m&amp;k FORMAT\",\"St\u00f6ckli\"],\"articleSection\":[\"MARKETING\"],\"inLanguage\":\"de\"},{\"@type\":\"WebPage\",\"@id\":\"https:\\\/\\\/www.organisator.ch\\\/marketing\\\/2024-08-11\\\/wenn-man-zu-den-besten-gehoeren-will-ist-ein-gutes-team-entscheidend-christian-gut\\\/\",\"url\":\"https:\\\/\\\/www.organisator.ch\\\/marketing\\\/2024-08-11\\\/wenn-man-zu-den-besten-gehoeren-will-ist-ein-gutes-team-entscheidend-christian-gut\\\/\",\"name\":\"\u00abWenn man zu den Besten geh\u00f6ren will, ist ein gutes Team entscheidend\u00bb \u2013 Christian Gut - Organisator\",\"isPartOf\":{\"@id\":\"https:\\\/\\\/www.organisator.ch\\\/#website\"},\"primaryImageOfPage\":{\"@id\":\"https:\\\/\\\/www.organisator.ch\\\/marketing\\\/2024-08-11\\\/wenn-man-zu-den-besten-gehoeren-will-ist-ein-gutes-team-entscheidend-christian-gut\\\/#primaryimage\"},\"image\":{\"@id\":\"https:\\\/\\\/www.organisator.ch\\\/marketing\\\/2024-08-11\\\/wenn-man-zu-den-besten-gehoeren-will-ist-ein-gutes-team-entscheidend-christian-gut\\\/#primaryimage\"},\"thumbnailUrl\":\"https:\\\/\\\/www.markt-kom.com\\\/wp-content\\\/uploads\\\/2024\\\/07\\\/Christian-Stoeckli-4-3-CMO-of-The-Year.png\",\"datePublished\":\"2024-08-11T12:43:06+00:00\",\"dateModified\":\"2024-11-09T06:52:03+00:00\",\"description\":\"Christian Gut von St\u00f6ckli Swiss Sports nutzt innovative Marketingstrategien f\u00fcr nachhaltigen Erfolg und globale Reichweite.\",\"breadcrumb\":{\"@id\":\"https:\\\/\\\/www.organisator.ch\\\/marketing\\\/2024-08-11\\\/wenn-man-zu-den-besten-gehoeren-will-ist-ein-gutes-team-entscheidend-christian-gut\\\/#breadcrumb\"},\"inLanguage\":\"de\",\"potentialAction\":[{\"@type\":\"ReadAction\",\"target\":[\"https:\\\/\\\/www.organisator.ch\\\/marketing\\\/2024-08-11\\\/wenn-man-zu-den-besten-gehoeren-will-ist-ein-gutes-team-entscheidend-christian-gut\\\/\"]}]},{\"@type\":\"ImageObject\",\"inLanguage\":\"de\",\"@id\":\"https:\\\/\\\/www.organisator.ch\\\/marketing\\\/2024-08-11\\\/wenn-man-zu-den-besten-gehoeren-will-ist-ein-gutes-team-entscheidend-christian-gut\\\/#primaryimage\",\"url\":\"https:\\\/\\\/www.markt-kom.com\\\/wp-content\\\/uploads\\\/2024\\\/07\\\/Christian-Stoeckli-4-3-CMO-of-The-Year.png\",\"contentUrl\":\"https:\\\/\\\/www.markt-kom.com\\\/wp-content\\\/uploads\\\/2024\\\/07\\\/Christian-Stoeckli-4-3-CMO-of-The-Year.png\"},{\"@type\":\"BreadcrumbList\",\"@id\":\"https:\\\/\\\/www.organisator.ch\\\/marketing\\\/2024-08-11\\\/wenn-man-zu-den-besten-gehoeren-will-ist-ein-gutes-team-entscheidend-christian-gut\\\/#breadcrumb\",\"itemListElement\":[{\"@type\":\"ListItem\",\"position\":1,\"name\":\"Home\",\"item\":\"https:\\\/\\\/www.organisator.ch\\\/\"},{\"@type\":\"ListItem\",\"position\":2,\"name\":\"\u00abWenn man zu den Besten geh\u00f6ren will, ist ein gutes Team entscheidend\u00bb \u2013 Christian Gut\"}]},{\"@type\":\"WebSite\",\"@id\":\"https:\\\/\\\/www.organisator.ch\\\/#website\",\"url\":\"https:\\\/\\\/www.organisator.ch\\\/\",\"name\":\"Organisator\",\"description\":\"Kompetent. Praxisnah. Der ORGANISATOR bereitet in 10 Ausgaben pro Jahr die wesentlichen Themen f\u00fcr F\u00fchrungskr\u00e4fte von KMU auf.\",\"publisher\":{\"@id\":\"https:\\\/\\\/www.organisator.ch\\\/#organization\"},\"potentialAction\":[{\"@type\":\"SearchAction\",\"target\":{\"@type\":\"EntryPoint\",\"urlTemplate\":\"https:\\\/\\\/www.organisator.ch\\\/?s={search_term_string}\"},\"query-input\":{\"@type\":\"PropertyValueSpecification\",\"valueRequired\":true,\"valueName\":\"search_term_string\"}}],\"inLanguage\":\"de\"},{\"@type\":\"Organization\",\"@id\":\"https:\\\/\\\/www.organisator.ch\\\/#organization\",\"name\":\"Organisator\",\"url\":\"https:\\\/\\\/www.organisator.ch\\\/\",\"logo\":{\"@type\":\"ImageObject\",\"inLanguage\":\"de\",\"@id\":\"https:\\\/\\\/www.organisator.ch\\\/#\\\/schema\\\/logo\\\/image\\\/\",\"url\":\"https:\\\/\\\/www.organisator.ch\\\/wp-content\\\/uploads\\\/2022\\\/01\\\/Logo_Organisator_Website.png\",\"contentUrl\":\"https:\\\/\\\/www.organisator.ch\\\/wp-content\\\/uploads\\\/2022\\\/01\\\/Logo_Organisator_Website.png\",\"width\":800,\"height\":77,\"caption\":\"Organisator\"},\"image\":{\"@id\":\"https:\\\/\\\/www.organisator.ch\\\/#\\\/schema\\\/logo\\\/image\\\/\"},\"sameAs\":[\"https:\\\/\\\/www.facebook.com\\\/OrganisatorFachmagazin\",\"https:\\\/\\\/www.linkedin.com\\\/showcase\\\/organisator-das-magazin-fr-kmu\",\"https:\\\/\\\/www.xing.com\\\/news\\\/pages\\\/organisator-ch-695\",\"https:\\\/\\\/www.youtube.com\\\/channel\\\/UCGP2Sq0iWaZwT3BdIAQFYpw\"]},{\"@type\":\"Person\",\"@id\":\"https:\\\/\\\/www.organisator.ch\\\/#\\\/schema\\\/person\\\/4e51799071cd2dd1232ac003643ef5f0\",\"name\":\"galledia\",\"image\":{\"@type\":\"ImageObject\",\"inLanguage\":\"de\",\"@id\":\"https:\\\/\\\/secure.gravatar.com\\\/avatar\\\/78a7f90c01fc2bfc875782a0d4922b37cde2cf184ce347b91316d23cd7f69a36?s=96&d=mm&r=g\",\"url\":\"https:\\\/\\\/secure.gravatar.com\\\/avatar\\\/78a7f90c01fc2bfc875782a0d4922b37cde2cf184ce347b91316d23cd7f69a36?s=96&d=mm&r=g\",\"contentUrl\":\"https:\\\/\\\/secure.gravatar.com\\\/avatar\\\/78a7f90c01fc2bfc875782a0d4922b37cde2cf184ce347b91316d23cd7f69a36?s=96&d=mm&r=g\",\"caption\":\"galledia\"},\"sameAs\":[\"https:\\\/\\\/x.com\\\/admin\"],\"url\":\"https:\\\/\\\/www.organisator.ch\\\/de\\\/author\\\/galledia\\\/\"}]}<\/script>\n<!-- \/ Yoast SEO plugin. -->","yoast_head_json":{"title":"\u00abWenn man zu den Besten geh\u00f6ren will, ist ein gutes Team entscheidend\u00bb \u2013 Christian Gut - Organisator","description":"Christian Gut von St\u00f6ckli Swiss Sports nutzt innovative Marketingstrategien f\u00fcr nachhaltigen Erfolg und globale Reichweite.","robots":{"index":"index","follow":"follow","max-snippet":"max-snippet:-1","max-image-preview":"max-image-preview:large","max-video-preview":"max-video-preview:-1"},"canonical":"https:\/\/www.organisator.ch\/de\/marketing\/2024-08-11\/wenn-man-zu-den-besten-gehoeren-will-ist-ein-gutes-team-entscheidend-christian-gut\/","og_locale":"de_DE","og_type":"article","og_title":"\u00abWenn man zu den Besten geh\u00f6ren will, ist ein gutes Team entscheidend\u00bb \u2013 Christian Gut - Organisator","og_description":"Christian Gut von St\u00f6ckli Swiss Sports nutzt innovative Marketingstrategien f\u00fcr nachhaltigen Erfolg und globale Reichweite.","og_url":"https:\/\/www.organisator.ch\/de\/marketing\/2024-08-11\/wenn-man-zu-den-besten-gehoeren-will-ist-ein-gutes-team-entscheidend-christian-gut\/","og_site_name":"Organisator","article_publisher":"https:\/\/www.facebook.com\/OrganisatorFachmagazin","article_published_time":"2024-08-11T12:43:06+00:00","article_modified_time":"2024-11-09T06:52:03+00:00","og_image":[{"url":"https:\/\/www.markt-kom.com\/wp-content\/uploads\/2024\/07\/Christian-Stoeckli-4-3-CMO-of-The-Year.png","type":"","width":"","height":""}],"author":"galledia","twitter_card":"summary_large_image","twitter_creator":"@admin","schema":{"@context":"https:\/\/schema.org","@graph":[{"@type":"Article","@id":"https:\/\/www.organisator.ch\/marketing\/2024-08-11\/wenn-man-zu-den-besten-gehoeren-will-ist-ein-gutes-team-entscheidend-christian-gut\/#article","isPartOf":{"@id":"https:\/\/www.organisator.ch\/marketing\/2024-08-11\/wenn-man-zu-den-besten-gehoeren-will-ist-ein-gutes-team-entscheidend-christian-gut\/"},"author":{"name":"galledia","@id":"https:\/\/www.organisator.ch\/#\/schema\/person\/4e51799071cd2dd1232ac003643ef5f0"},"headline":"\u00abWenn man zu den Besten geh\u00f6ren will, ist ein gutes Team entscheidend\u00bb \u2013 Christian Gut","datePublished":"2024-08-11T12:43:06+00:00","dateModified":"2024-11-09T06:52:03+00:00","mainEntityOfPage":{"@id":"https:\/\/www.organisator.ch\/marketing\/2024-08-11\/wenn-man-zu-den-besten-gehoeren-will-ist-ein-gutes-team-entscheidend-christian-gut\/"},"wordCount":504,"publisher":{"@id":"https:\/\/www.organisator.ch\/#organization"},"image":{"@id":"https:\/\/www.organisator.ch\/marketing\/2024-08-11\/wenn-man-zu-den-besten-gehoeren-will-ist-ein-gutes-team-entscheidend-christian-gut\/#primaryimage"},"thumbnailUrl":"https:\/\/www.markt-kom.com\/wp-content\/uploads\/2024\/07\/Christian-Stoeckli-4-3-CMO-of-The-Year.png","keywords":["Awards","CMO of the year","m&amp;k FORMAT","St\u00f6ckli"],"articleSection":["MARKETING"],"inLanguage":"de"},{"@type":"WebPage","@id":"https:\/\/www.organisator.ch\/marketing\/2024-08-11\/wenn-man-zu-den-besten-gehoeren-will-ist-ein-gutes-team-entscheidend-christian-gut\/","url":"https:\/\/www.organisator.ch\/marketing\/2024-08-11\/wenn-man-zu-den-besten-gehoeren-will-ist-ein-gutes-team-entscheidend-christian-gut\/","name":"\u00abWenn man zu den Besten geh\u00f6ren will, ist ein gutes Team entscheidend\u00bb \u2013 Christian Gut - Organisator","isPartOf":{"@id":"https:\/\/www.organisator.ch\/#website"},"primaryImageOfPage":{"@id":"https:\/\/www.organisator.ch\/marketing\/2024-08-11\/wenn-man-zu-den-besten-gehoeren-will-ist-ein-gutes-team-entscheidend-christian-gut\/#primaryimage"},"image":{"@id":"https:\/\/www.organisator.ch\/marketing\/2024-08-11\/wenn-man-zu-den-besten-gehoeren-will-ist-ein-gutes-team-entscheidend-christian-gut\/#primaryimage"},"thumbnailUrl":"https:\/\/www.markt-kom.com\/wp-content\/uploads\/2024\/07\/Christian-Stoeckli-4-3-CMO-of-The-Year.png","datePublished":"2024-08-11T12:43:06+00:00","dateModified":"2024-11-09T06:52:03+00:00","description":"Christian Gut von St\u00f6ckli Swiss Sports nutzt innovative Marketingstrategien f\u00fcr nachhaltigen Erfolg und globale Reichweite.","breadcrumb":{"@id":"https:\/\/www.organisator.ch\/marketing\/2024-08-11\/wenn-man-zu-den-besten-gehoeren-will-ist-ein-gutes-team-entscheidend-christian-gut\/#breadcrumb"},"inLanguage":"de","potentialAction":[{"@type":"ReadAction","target":["https:\/\/www.organisator.ch\/marketing\/2024-08-11\/wenn-man-zu-den-besten-gehoeren-will-ist-ein-gutes-team-entscheidend-christian-gut\/"]}]},{"@type":"ImageObject","inLanguage":"de","@id":"https:\/\/www.organisator.ch\/marketing\/2024-08-11\/wenn-man-zu-den-besten-gehoeren-will-ist-ein-gutes-team-entscheidend-christian-gut\/#primaryimage","url":"https:\/\/www.markt-kom.com\/wp-content\/uploads\/2024\/07\/Christian-Stoeckli-4-3-CMO-of-The-Year.png","contentUrl":"https:\/\/www.markt-kom.com\/wp-content\/uploads\/2024\/07\/Christian-Stoeckli-4-3-CMO-of-The-Year.png"},{"@type":"BreadcrumbList","@id":"https:\/\/www.organisator.ch\/marketing\/2024-08-11\/wenn-man-zu-den-besten-gehoeren-will-ist-ein-gutes-team-entscheidend-christian-gut\/#breadcrumb","itemListElement":[{"@type":"ListItem","position":1,"name":"Home","item":"https:\/\/www.organisator.ch\/"},{"@type":"ListItem","position":2,"name":"\u00abWenn man zu den Besten geh\u00f6ren will, ist ein gutes Team entscheidend\u00bb \u2013 Christian Gut"}]},{"@type":"WebSite","@id":"https:\/\/www.organisator.ch\/#website","url":"https:\/\/www.organisator.ch\/","name":"Organisator","description":"Kompetent. Praxisnah. Der ORGANISATOR bereitet in 10 Ausgaben pro Jahr die wesentlichen Themen f\u00fcr F\u00fchrungskr\u00e4fte von KMU auf.","publisher":{"@id":"https:\/\/www.organisator.ch\/#organization"},"potentialAction":[{"@type":"SearchAction","target":{"@type":"EntryPoint","urlTemplate":"https:\/\/www.organisator.ch\/?s={search_term_string}"},"query-input":{"@type":"PropertyValueSpecification","valueRequired":true,"valueName":"search_term_string"}}],"inLanguage":"de"},{"@type":"Organization","@id":"https:\/\/www.organisator.ch\/#organization","name":"Organisator","url":"https:\/\/www.organisator.ch\/","logo":{"@type":"ImageObject","inLanguage":"de","@id":"https:\/\/www.organisator.ch\/#\/schema\/logo\/image\/","url":"https:\/\/www.organisator.ch\/wp-content\/uploads\/2022\/01\/Logo_Organisator_Website.png","contentUrl":"https:\/\/www.organisator.ch\/wp-content\/uploads\/2022\/01\/Logo_Organisator_Website.png","width":800,"height":77,"caption":"Organisator"},"image":{"@id":"https:\/\/www.organisator.ch\/#\/schema\/logo\/image\/"},"sameAs":["https:\/\/www.facebook.com\/OrganisatorFachmagazin","https:\/\/www.linkedin.com\/showcase\/organisator-das-magazin-fr-kmu","https:\/\/www.xing.com\/news\/pages\/organisator-ch-695","https:\/\/www.youtube.com\/channel\/UCGP2Sq0iWaZwT3BdIAQFYpw"]},{"@type":"Person","@id":"https:\/\/www.organisator.ch\/#\/schema\/person\/4e51799071cd2dd1232ac003643ef5f0","name":"galledia","image":{"@type":"ImageObject","inLanguage":"de","@id":"https:\/\/secure.gravatar.com\/avatar\/78a7f90c01fc2bfc875782a0d4922b37cde2cf184ce347b91316d23cd7f69a36?s=96&d=mm&r=g","url":"https:\/\/secure.gravatar.com\/avatar\/78a7f90c01fc2bfc875782a0d4922b37cde2cf184ce347b91316d23cd7f69a36?s=96&d=mm&r=g","contentUrl":"https:\/\/secure.gravatar.com\/avatar\/78a7f90c01fc2bfc875782a0d4922b37cde2cf184ce347b91316d23cd7f69a36?s=96&d=mm&r=g","caption":"galledia"},"sameAs":["https:\/\/x.com\/admin"],"url":"https:\/\/www.organisator.ch\/de\/author\/galledia\/"}]}},"_links":{"self":[{"href":"https:\/\/www.organisator.ch\/de\/wp-json\/wp\/v2\/posts\/28768","targetHints":{"allow":["GET"]}}],"collection":[{"href":"https:\/\/www.organisator.ch\/de\/wp-json\/wp\/v2\/posts"}],"about":[{"href":"https:\/\/www.organisator.ch\/de\/wp-json\/wp\/v2\/types\/post"}],"author":[{"embeddable":true,"href":"https:\/\/www.organisator.ch\/de\/wp-json\/wp\/v2\/users\/8"}],"replies":[{"embeddable":true,"href":"https:\/\/www.organisator.ch\/de\/wp-json\/wp\/v2\/comments?post=28768"}],"version-history":[{"count":3,"href":"https:\/\/www.organisator.ch\/de\/wp-json\/wp\/v2\/posts\/28768\/revisions"}],"predecessor-version":[{"id":32069,"href":"https:\/\/www.organisator.ch\/de\/wp-json\/wp\/v2\/posts\/28768\/revisions\/32069"}],"wp:attachment":[{"href":"https:\/\/www.organisator.ch\/de\/wp-json\/wp\/v2\/media?parent=28768"}],"wp:term":[{"taxonomy":"category","embeddable":true,"href":"https:\/\/www.organisator.ch\/de\/wp-json\/wp\/v2\/categories?post=28768"},{"taxonomy":"post_tag","embeddable":true,"href":"https:\/\/www.organisator.ch\/de\/wp-json\/wp\/v2\/tags?post=28768"}],"curies":[{"name":"wp","href":"https:\/\/api.w.org\/{rel}","templated":true}]}}