{"id":28823,"date":"2024-08-13T11:39:19","date_gmt":"2024-08-13T09:39:19","guid":{"rendered":"https:\/\/www.m-q.ch\/?p=20203"},"modified":"2024-11-09T07:42:05","modified_gmt":"2024-11-09T06:42:05","slug":"autonome-ki-nutzung-im-aufschwung-und-weniger-menschliche-kontrolle","status":"publish","type":"post","link":"https:\/\/www.organisator.ch\/de\/operational-excellence\/2024-08-13\/autonome-ki-nutzung-im-aufschwung-und-weniger-menschliche-kontrolle\/","title":{"rendered":"Autonome KI-Nutzung im Aufschwung und weniger menschliche Kontrolle"},"content":{"rendered":"<figure id=\"attachment_20204\" class=\"wp-caption alignnone\" style=\"width: 680px\" aria-describedby=\"caption-attachment-20204\"><img class=\"alignnone wp-image-20204 size-full\" src=\"https:\/\/www.m-q.ch\/wp-content\/uploads\/2024\/08\/Salesforce_Bild1_ps.jpg\" alt=\"KI am Arbeitsplatz Schweiz 2024\" width=\"680\" height=\"591\" \/>\r\n<figcaption id=\"caption-attachment-20204\" class=\"wp-caption-text\">Arbeitnehmer bevorzugen zwar die Zusammenarbeit zwischen KI und Mensch, beginnen aber, der KI zu vertrauen, um bestimmte Aufgaben allein zu erledigen. (Bild: www.salesforce.com)<\/figcaption>\r\n<\/figure>\r\n<p>Gleichzeitig sind die Arbeitnehmenden noch nicht bereit, alles der KI anzuvertrauen. Die Studie zeigt, dass sie Menschen bei der Erledigung von Aufgaben wie Einarbeitung, Schulung und Datensicherheit vorziehen. Dies k\u00f6nnte sich aber auch schnell wieder \u00e4ndern \u2013 die Daten deuten darauf hin, dass gezielte Investitionen in Wissen und Bildung das Vertrauen in eine autonome KI-Zukunft st\u00e4rken.<\/p>\r\n<h3><strong>Die Schweiz im L\u00e4ndervergleich eher offen gegen\u00fcber KI<\/strong><\/h3>\r\n<p>Hierzulande geben 28% der Befragten an, dass sie KI ohne Bedenken nutzen. Die Studie bezeichnet dieses Ergebnis als signifikant unterschiedlich zum n\u00f6rdlichen Nachbarn Deutschland (20%). Aber auch Grossbritannien (17%) oder Irland (15%) sehen mehr H\u00fcrden in der KI-Nutzung. Die Befragten in Indien haben das gr\u00f6sste Vertrauen in die KI, dort liegt der Wert bei 40%. Erstaunlicherweise sind fast gleich viele (24%) in der Schweiz \u00fcberhaupt nicht geneigt, am Arbeitsplatz KI einzusetzen, 25% sind nicht gewillt, Generative KI zu verwenden.<\/p>\r\n<h3><strong>Grosse Unterschiede zwischen den Branchen<\/strong><\/h3>\r\n<p>Ein tieferer Blick in die Branchen zeigt ebenfalls Unterschiede: Am meisten geneigt, Chat GPT, Gemini und Co zu verwenden, sind Menschen in der Kommunikationsbranche. Hier sind es 69%, die diese Tools ohne zu z\u00f6gern schon verwenden oder verwenden w\u00fcrden. Eine Erkl\u00e4rung daf\u00fcr ist die Natur der branchenspezifischen Aufgaben, welche der KI \u00fcbergeben werden k\u00f6nnen. Generell w\u00fcrden 19% der Arbeitnehmenden in der Schweiz Texte f\u00fcr die interne Kommunikation komplett der KI abgeben.<\/p>\r\n<p>Auf der anderen Seite steht der Forschungssektor (Life Sciences und Biotechnologie), rund drei Viertel der Befragten (72%) aus dieser Branche sind \u00fcberhaupt nicht bereit, diese Tools einzusetzen.<br \/>\r\n\u00a0<br \/>\r\nIm \u00f6ffentlichen Sektor zeigt sich wiederum eine grunds\u00e4tzliche Bereitschaft, wobei 56% der Befragten Vorbehalte haben. Gr\u00fcnde daf\u00fcr liegen vor allem im fehlenden Know-how und den nicht vorhandenen Richtlinien im Umgang mit generativer k\u00fcnstlicher Intelligenz seitens Arbeitgeber. 39% der Befragten in diesem Sektor sind dem Einsatz von KI-Tools gegen\u00fcber ganz abgeneigt und haben auch nicht vor, sie zuk\u00fcnftig f\u00fcr ihre pers\u00f6nlichen Aufgaben einzusetzen (78%).<\/p>\r\n<h3><strong>Millennials und Gen X Vorreiter im Verst\u00e4ndnis von KI<\/strong><\/h3>\r\n<p>Millennials und Gen X sind \u00fcber alle Generationen hinweg jene, die das gr\u00f6sste Know-how in der technischen Implementierung und dem Einsatz von KI im Arbeitsalltag haben. Gen Z geh\u00f6rt nicht zu den Generationen, die am meisten \u00fcber k\u00fcnstliche Intelligenz wissen und sie am h\u00e4ufigsten einsetzen. Die Gen Z scheint besonders kritisch gegen\u00fcber AI Assistants zu sein, denn 82% der Befragten dieser Generation nutzen Hilfen wie IBM Watson oder Microsoft Copilot nicht. Die Millennials sehen dies ganz anders, 39% experimentieren oder haben solche KI-Assistenzen schon g\u00e4nzlich in ihrem Arbeitsalltag eingebaut.<\/p>\r\n<p>\u00abDie Ergebnisse der Studie widerspiegeln unsere Kundenerfahrungen: K\u00fcnstliche Intelligenz kommt in Schweizer Unternehmen bereits f\u00fcr viele Aufgaben zum Einsatz, doch in den meisten F\u00e4llen geschieht das (noch) nicht ohne menschliches Zutun\u00bb, so Gregory Leproux, Senior Director, Solution Engineering bei Salesforce Schweiz. \u00abUm das volle Potenzial von vertrauensvoller KI auszusch\u00f6pfen, braucht es leistungsst\u00e4rkere Kontrollmechanismen und Richtlinien f\u00fcr verantwortungsvolle generative KI, die es Mitarbeitenden erm\u00f6glichen, den Output von KI-Anwendungen auf Systemebene statt von Prompt zu Prompt zu \u00fcberpr\u00fcfen. Wenn KI-Systeme durchdacht entwickelt werden, k\u00f6nnen wir das Beste aus menschlicher und maschineller Intelligenz f\u00fcr diese unglaubliche neue \u00c4ra kombinieren.\u00bb<\/p>\r\n<p>Salesforce hat in Zusammenarbeit mit YouGov vom 20. M\u00e4rz bis zum 3. April 2024 eine doppelt anonyme Umfrage durchgef\u00fchrt. An der Umfrage nahmen fast 6\u2019000 Vollzeitarbeitnehmende teil, die Unternehmen verschiedener Gr\u00f6ssen und Branchen in neun L\u00e4ndern vertreten, darunter die Vereinigten Staaten, das Vereinigte K\u00f6nigreich, Irland, Australien, Frankreich, Deutschland, Indien, Singapur und die Schweiz (265 Personen). Die Umfrage wurde online durchgef\u00fchrt.<\/p>\r\n<p><em>Quelle: <a href=\"http:\/\/www.salesforce.com\/\">www.salesforce.com<\/a><\/em><\/p>\n<p class=\"syndicated-attribution\">Dieser Beitrag erschien urspr\u00fcnglich auf m-q.ch - <a href=\"https:\/\/www.m-q.ch\/de\/autonome-ki-nutzung-im-aufschwung-und-weniger-menschliche-kontrolle\/\" target=\"_blank\">https:\/\/www.m-q.ch\/de\/autonome-ki-nutzung-im-aufschwung-und-weniger-menschliche-kontrolle\/<\/a><\/p>","protected":false},"excerpt":{"rendered":"<p>Laut einer neuen Salesforce-Studie vertraut knapp die H\u00e4lfte der Arbeitnehmer:innen in der Schweiz bereits heute auf KI oder experimentiert zumindest damit (46% der Befragten). Am wohlsten f\u00fchlen sie sich, wenn KI und Menschen zusammenarbeiten. Zeitaufwendige Aufgaben, wie das Schreiben von Code, das Aufdecken von Daten-Insights und das Verfassen schriftlicher Mitteilungen, geh\u00f6ren aber zu jenen Tasks, welche die KI fortschreitend autonom erledigen k\u00f6nne.<\/p>\n","protected":false},"author":58,"featured_media":0,"comment_status":"closed","ping_status":"closed","sticky":false,"template":"","format":"standard","meta":{"_acf_changed":false,"_yoast_wpseo_focuskw":"KI am Arbeitsplatz Schweiz 2024","_yoast_wpseo_metadesc":"28% der Schweizer Arbeitnehmenden nutzen KI bedenkenlos. Millennials und Gen X Vorreiter in KI-Verst\u00e4ndnis.","articlekey":"","footnotes":""},"categories":[582],"tags":[586,298,424,459,492],"class_list":["post-28823","post","type-post","status-publish","format-standard","hentry","category-operational-excellence","tag-allgemein","tag-ki","tag-schweiz","tag-studie","tag-unternehmen"],"acf":[],"yoast_head":"<!-- This site is optimized with the Yoast SEO plugin v27.4 - https:\/\/yoast.com\/product\/yoast-seo-wordpress\/ -->\n<title>Autonome KI-Nutzung im Aufschwung und weniger menschliche Kontrolle - Organisator<\/title>\n<meta name=\"description\" content=\"28% der Schweizer Arbeitnehmenden nutzen KI bedenkenlos. Millennials und Gen X Vorreiter in KI-Verst\u00e4ndnis.\" \/>\n<meta name=\"robots\" content=\"index, follow, max-snippet:-1, max-image-preview:large, max-video-preview:-1\" \/>\n<link rel=\"canonical\" href=\"https:\/\/www.organisator.ch\/de\/operational-excellence\/2024-08-13\/autonome-ki-nutzung-im-aufschwung-und-weniger-menschliche-kontrolle\/\" \/>\n<meta property=\"og:locale\" content=\"de_DE\" \/>\n<meta property=\"og:type\" content=\"article\" \/>\n<meta property=\"og:title\" content=\"Autonome KI-Nutzung im Aufschwung und weniger menschliche Kontrolle - Organisator\" \/>\n<meta property=\"og:description\" content=\"28% der Schweizer Arbeitnehmenden nutzen KI bedenkenlos. Millennials und Gen X Vorreiter in KI-Verst\u00e4ndnis.\" \/>\n<meta property=\"og:url\" content=\"https:\/\/www.organisator.ch\/de\/operational-excellence\/2024-08-13\/autonome-ki-nutzung-im-aufschwung-und-weniger-menschliche-kontrolle\/\" \/>\n<meta property=\"og:site_name\" content=\"Organisator\" \/>\n<meta property=\"article:publisher\" content=\"https:\/\/www.facebook.com\/OrganisatorFachmagazin\" \/>\n<meta property=\"article:published_time\" content=\"2024-08-13T09:39:19+00:00\" \/>\n<meta property=\"article:modified_time\" content=\"2024-11-09T06:42:05+00:00\" \/>\n<meta property=\"og:image\" content=\"https:\/\/www.m-q.ch\/wp-content\/uploads\/2024\/08\/Salesforce_Bild1_ps.jpg\" \/>\n<meta name=\"author\" content=\"Adelisa Kalajdzini\" \/>\n<meta name=\"twitter:card\" content=\"summary_large_image\" \/>\n<script type=\"application\/ld+json\" class=\"yoast-schema-graph\">{\"@context\":\"https:\\\/\\\/schema.org\",\"@graph\":[{\"@type\":\"Article\",\"@id\":\"https:\\\/\\\/www.organisator.ch\\\/operational-excellence\\\/2024-08-13\\\/autonome-ki-nutzung-im-aufschwung-und-weniger-menschliche-kontrolle\\\/#article\",\"isPartOf\":{\"@id\":\"https:\\\/\\\/www.organisator.ch\\\/operational-excellence\\\/2024-08-13\\\/autonome-ki-nutzung-im-aufschwung-und-weniger-menschliche-kontrolle\\\/\"},\"author\":{\"name\":\"Adelisa Kalajdzini\",\"@id\":\"https:\\\/\\\/www.organisator.ch\\\/#\\\/schema\\\/person\\\/2e1314a2172123f874db408d8911d3f3\"},\"headline\":\"Autonome KI-Nutzung im Aufschwung und weniger menschliche Kontrolle\",\"datePublished\":\"2024-08-13T09:39:19+00:00\",\"dateModified\":\"2024-11-09T06:42:05+00:00\",\"mainEntityOfPage\":{\"@id\":\"https:\\\/\\\/www.organisator.ch\\\/operational-excellence\\\/2024-08-13\\\/autonome-ki-nutzung-im-aufschwung-und-weniger-menschliche-kontrolle\\\/\"},\"wordCount\":624,\"publisher\":{\"@id\":\"https:\\\/\\\/www.organisator.ch\\\/#organization\"},\"image\":{\"@id\":\"https:\\\/\\\/www.organisator.ch\\\/operational-excellence\\\/2024-08-13\\\/autonome-ki-nutzung-im-aufschwung-und-weniger-menschliche-kontrolle\\\/#primaryimage\"},\"thumbnailUrl\":\"https:\\\/\\\/www.m-q.ch\\\/wp-content\\\/uploads\\\/2024\\\/08\\\/Salesforce_Bild1_ps.jpg\",\"keywords\":{\"1\":\"KI\",\"2\":\"Schweiz\",\"3\":\"Studie\",\"4\":\"Unternehmen\"},\"articleSection\":[\"OPERATIONAL EXCELLENCE\"],\"inLanguage\":\"de\"},{\"@type\":\"WebPage\",\"@id\":\"https:\\\/\\\/www.organisator.ch\\\/operational-excellence\\\/2024-08-13\\\/autonome-ki-nutzung-im-aufschwung-und-weniger-menschliche-kontrolle\\\/\",\"url\":\"https:\\\/\\\/www.organisator.ch\\\/operational-excellence\\\/2024-08-13\\\/autonome-ki-nutzung-im-aufschwung-und-weniger-menschliche-kontrolle\\\/\",\"name\":\"Autonome KI-Nutzung im Aufschwung und weniger menschliche Kontrolle - Organisator\",\"isPartOf\":{\"@id\":\"https:\\\/\\\/www.organisator.ch\\\/#website\"},\"primaryImageOfPage\":{\"@id\":\"https:\\\/\\\/www.organisator.ch\\\/operational-excellence\\\/2024-08-13\\\/autonome-ki-nutzung-im-aufschwung-und-weniger-menschliche-kontrolle\\\/#primaryimage\"},\"image\":{\"@id\":\"https:\\\/\\\/www.organisator.ch\\\/operational-excellence\\\/2024-08-13\\\/autonome-ki-nutzung-im-aufschwung-und-weniger-menschliche-kontrolle\\\/#primaryimage\"},\"thumbnailUrl\":\"https:\\\/\\\/www.m-q.ch\\\/wp-content\\\/uploads\\\/2024\\\/08\\\/Salesforce_Bild1_ps.jpg\",\"datePublished\":\"2024-08-13T09:39:19+00:00\",\"dateModified\":\"2024-11-09T06:42:05+00:00\",\"description\":\"28% der Schweizer Arbeitnehmenden nutzen KI bedenkenlos. Millennials und Gen X Vorreiter in KI-Verst\u00e4ndnis.\",\"breadcrumb\":{\"@id\":\"https:\\\/\\\/www.organisator.ch\\\/operational-excellence\\\/2024-08-13\\\/autonome-ki-nutzung-im-aufschwung-und-weniger-menschliche-kontrolle\\\/#breadcrumb\"},\"inLanguage\":\"de\",\"potentialAction\":[{\"@type\":\"ReadAction\",\"target\":[\"https:\\\/\\\/www.organisator.ch\\\/operational-excellence\\\/2024-08-13\\\/autonome-ki-nutzung-im-aufschwung-und-weniger-menschliche-kontrolle\\\/\"]}]},{\"@type\":\"ImageObject\",\"inLanguage\":\"de\",\"@id\":\"https:\\\/\\\/www.organisator.ch\\\/operational-excellence\\\/2024-08-13\\\/autonome-ki-nutzung-im-aufschwung-und-weniger-menschliche-kontrolle\\\/#primaryimage\",\"url\":\"https:\\\/\\\/www.m-q.ch\\\/wp-content\\\/uploads\\\/2024\\\/08\\\/Salesforce_Bild1_ps.jpg\",\"contentUrl\":\"https:\\\/\\\/www.m-q.ch\\\/wp-content\\\/uploads\\\/2024\\\/08\\\/Salesforce_Bild1_ps.jpg\"},{\"@type\":\"BreadcrumbList\",\"@id\":\"https:\\\/\\\/www.organisator.ch\\\/operational-excellence\\\/2024-08-13\\\/autonome-ki-nutzung-im-aufschwung-und-weniger-menschliche-kontrolle\\\/#breadcrumb\",\"itemListElement\":[{\"@type\":\"ListItem\",\"position\":1,\"name\":\"Home\",\"item\":\"https:\\\/\\\/www.organisator.ch\\\/\"},{\"@type\":\"ListItem\",\"position\":2,\"name\":\"Autonome KI-Nutzung im Aufschwung und weniger menschliche Kontrolle\"}]},{\"@type\":\"WebSite\",\"@id\":\"https:\\\/\\\/www.organisator.ch\\\/#website\",\"url\":\"https:\\\/\\\/www.organisator.ch\\\/\",\"name\":\"Organisator\",\"description\":\"Kompetent. Praxisnah. Der ORGANISATOR bereitet in 10 Ausgaben pro Jahr die wesentlichen Themen f\u00fcr F\u00fchrungskr\u00e4fte von KMU auf.\",\"publisher\":{\"@id\":\"https:\\\/\\\/www.organisator.ch\\\/#organization\"},\"potentialAction\":[{\"@type\":\"SearchAction\",\"target\":{\"@type\":\"EntryPoint\",\"urlTemplate\":\"https:\\\/\\\/www.organisator.ch\\\/?s={search_term_string}\"},\"query-input\":{\"@type\":\"PropertyValueSpecification\",\"valueRequired\":true,\"valueName\":\"search_term_string\"}}],\"inLanguage\":\"de\"},{\"@type\":\"Organization\",\"@id\":\"https:\\\/\\\/www.organisator.ch\\\/#organization\",\"name\":\"Organisator\",\"url\":\"https:\\\/\\\/www.organisator.ch\\\/\",\"logo\":{\"@type\":\"ImageObject\",\"inLanguage\":\"de\",\"@id\":\"https:\\\/\\\/www.organisator.ch\\\/#\\\/schema\\\/logo\\\/image\\\/\",\"url\":\"https:\\\/\\\/www.organisator.ch\\\/wp-content\\\/uploads\\\/2022\\\/01\\\/Logo_Organisator_Website.png\",\"contentUrl\":\"https:\\\/\\\/www.organisator.ch\\\/wp-content\\\/uploads\\\/2022\\\/01\\\/Logo_Organisator_Website.png\",\"width\":800,\"height\":77,\"caption\":\"Organisator\"},\"image\":{\"@id\":\"https:\\\/\\\/www.organisator.ch\\\/#\\\/schema\\\/logo\\\/image\\\/\"},\"sameAs\":[\"https:\\\/\\\/www.facebook.com\\\/OrganisatorFachmagazin\",\"https:\\\/\\\/www.linkedin.com\\\/showcase\\\/organisator-das-magazin-fr-kmu\",\"https:\\\/\\\/www.xing.com\\\/news\\\/pages\\\/organisator-ch-695\",\"https:\\\/\\\/www.youtube.com\\\/channel\\\/UCGP2Sq0iWaZwT3BdIAQFYpw\"]},{\"@type\":\"Person\",\"@id\":\"https:\\\/\\\/www.organisator.ch\\\/#\\\/schema\\\/person\\\/2e1314a2172123f874db408d8911d3f3\",\"name\":\"Adelisa Kalajdzini\",\"image\":{\"@type\":\"ImageObject\",\"inLanguage\":\"de\",\"@id\":\"https:\\\/\\\/secure.gravatar.com\\\/avatar\\\/09a397c22ac58cad6f160ee8306348599df9df58a8ede73696226897b9fa4b24?s=96&d=mm&r=g\",\"url\":\"https:\\\/\\\/secure.gravatar.com\\\/avatar\\\/09a397c22ac58cad6f160ee8306348599df9df58a8ede73696226897b9fa4b24?s=96&d=mm&r=g\",\"contentUrl\":\"https:\\\/\\\/secure.gravatar.com\\\/avatar\\\/09a397c22ac58cad6f160ee8306348599df9df58a8ede73696226897b9fa4b24?s=96&d=mm&r=g\",\"caption\":\"Adelisa Kalajdzini\"},\"url\":\"https:\\\/\\\/www.organisator.ch\\\/de\\\/author\\\/adelisa-kalajdzini\\\/\"}]}<\/script>\n<!-- \/ Yoast SEO plugin. -->","yoast_head_json":{"title":"Autonome KI-Nutzung im Aufschwung und weniger menschliche Kontrolle - Organisator","description":"28% der Schweizer Arbeitnehmenden nutzen KI bedenkenlos. Millennials und Gen X Vorreiter in KI-Verst\u00e4ndnis.","robots":{"index":"index","follow":"follow","max-snippet":"max-snippet:-1","max-image-preview":"max-image-preview:large","max-video-preview":"max-video-preview:-1"},"canonical":"https:\/\/www.organisator.ch\/de\/operational-excellence\/2024-08-13\/autonome-ki-nutzung-im-aufschwung-und-weniger-menschliche-kontrolle\/","og_locale":"de_DE","og_type":"article","og_title":"Autonome KI-Nutzung im Aufschwung und weniger menschliche Kontrolle - Organisator","og_description":"28% der Schweizer Arbeitnehmenden nutzen KI bedenkenlos. Millennials und Gen X Vorreiter in KI-Verst\u00e4ndnis.","og_url":"https:\/\/www.organisator.ch\/de\/operational-excellence\/2024-08-13\/autonome-ki-nutzung-im-aufschwung-und-weniger-menschliche-kontrolle\/","og_site_name":"Organisator","article_publisher":"https:\/\/www.facebook.com\/OrganisatorFachmagazin","article_published_time":"2024-08-13T09:39:19+00:00","article_modified_time":"2024-11-09T06:42:05+00:00","og_image":[{"url":"https:\/\/www.m-q.ch\/wp-content\/uploads\/2024\/08\/Salesforce_Bild1_ps.jpg","type":"","width":"","height":""}],"author":"Adelisa Kalajdzini","twitter_card":"summary_large_image","schema":{"@context":"https:\/\/schema.org","@graph":[{"@type":"Article","@id":"https:\/\/www.organisator.ch\/operational-excellence\/2024-08-13\/autonome-ki-nutzung-im-aufschwung-und-weniger-menschliche-kontrolle\/#article","isPartOf":{"@id":"https:\/\/www.organisator.ch\/operational-excellence\/2024-08-13\/autonome-ki-nutzung-im-aufschwung-und-weniger-menschliche-kontrolle\/"},"author":{"name":"Adelisa Kalajdzini","@id":"https:\/\/www.organisator.ch\/#\/schema\/person\/2e1314a2172123f874db408d8911d3f3"},"headline":"Autonome KI-Nutzung im Aufschwung und weniger menschliche Kontrolle","datePublished":"2024-08-13T09:39:19+00:00","dateModified":"2024-11-09T06:42:05+00:00","mainEntityOfPage":{"@id":"https:\/\/www.organisator.ch\/operational-excellence\/2024-08-13\/autonome-ki-nutzung-im-aufschwung-und-weniger-menschliche-kontrolle\/"},"wordCount":624,"publisher":{"@id":"https:\/\/www.organisator.ch\/#organization"},"image":{"@id":"https:\/\/www.organisator.ch\/operational-excellence\/2024-08-13\/autonome-ki-nutzung-im-aufschwung-und-weniger-menschliche-kontrolle\/#primaryimage"},"thumbnailUrl":"https:\/\/www.m-q.ch\/wp-content\/uploads\/2024\/08\/Salesforce_Bild1_ps.jpg","keywords":{"1":"KI","2":"Schweiz","3":"Studie","4":"Unternehmen"},"articleSection":["OPERATIONAL EXCELLENCE"],"inLanguage":"de"},{"@type":"WebPage","@id":"https:\/\/www.organisator.ch\/operational-excellence\/2024-08-13\/autonome-ki-nutzung-im-aufschwung-und-weniger-menschliche-kontrolle\/","url":"https:\/\/www.organisator.ch\/operational-excellence\/2024-08-13\/autonome-ki-nutzung-im-aufschwung-und-weniger-menschliche-kontrolle\/","name":"Autonome KI-Nutzung im Aufschwung und weniger menschliche Kontrolle - Organisator","isPartOf":{"@id":"https:\/\/www.organisator.ch\/#website"},"primaryImageOfPage":{"@id":"https:\/\/www.organisator.ch\/operational-excellence\/2024-08-13\/autonome-ki-nutzung-im-aufschwung-und-weniger-menschliche-kontrolle\/#primaryimage"},"image":{"@id":"https:\/\/www.organisator.ch\/operational-excellence\/2024-08-13\/autonome-ki-nutzung-im-aufschwung-und-weniger-menschliche-kontrolle\/#primaryimage"},"thumbnailUrl":"https:\/\/www.m-q.ch\/wp-content\/uploads\/2024\/08\/Salesforce_Bild1_ps.jpg","datePublished":"2024-08-13T09:39:19+00:00","dateModified":"2024-11-09T06:42:05+00:00","description":"28% der Schweizer Arbeitnehmenden nutzen KI bedenkenlos. Millennials und Gen X Vorreiter in KI-Verst\u00e4ndnis.","breadcrumb":{"@id":"https:\/\/www.organisator.ch\/operational-excellence\/2024-08-13\/autonome-ki-nutzung-im-aufschwung-und-weniger-menschliche-kontrolle\/#breadcrumb"},"inLanguage":"de","potentialAction":[{"@type":"ReadAction","target":["https:\/\/www.organisator.ch\/operational-excellence\/2024-08-13\/autonome-ki-nutzung-im-aufschwung-und-weniger-menschliche-kontrolle\/"]}]},{"@type":"ImageObject","inLanguage":"de","@id":"https:\/\/www.organisator.ch\/operational-excellence\/2024-08-13\/autonome-ki-nutzung-im-aufschwung-und-weniger-menschliche-kontrolle\/#primaryimage","url":"https:\/\/www.m-q.ch\/wp-content\/uploads\/2024\/08\/Salesforce_Bild1_ps.jpg","contentUrl":"https:\/\/www.m-q.ch\/wp-content\/uploads\/2024\/08\/Salesforce_Bild1_ps.jpg"},{"@type":"BreadcrumbList","@id":"https:\/\/www.organisator.ch\/operational-excellence\/2024-08-13\/autonome-ki-nutzung-im-aufschwung-und-weniger-menschliche-kontrolle\/#breadcrumb","itemListElement":[{"@type":"ListItem","position":1,"name":"Home","item":"https:\/\/www.organisator.ch\/"},{"@type":"ListItem","position":2,"name":"Autonome KI-Nutzung im Aufschwung und weniger menschliche Kontrolle"}]},{"@type":"WebSite","@id":"https:\/\/www.organisator.ch\/#website","url":"https:\/\/www.organisator.ch\/","name":"Organisator","description":"Kompetent. Praxisnah. Der ORGANISATOR bereitet in 10 Ausgaben pro Jahr die wesentlichen Themen f\u00fcr F\u00fchrungskr\u00e4fte von KMU auf.","publisher":{"@id":"https:\/\/www.organisator.ch\/#organization"},"potentialAction":[{"@type":"SearchAction","target":{"@type":"EntryPoint","urlTemplate":"https:\/\/www.organisator.ch\/?s={search_term_string}"},"query-input":{"@type":"PropertyValueSpecification","valueRequired":true,"valueName":"search_term_string"}}],"inLanguage":"de"},{"@type":"Organization","@id":"https:\/\/www.organisator.ch\/#organization","name":"Organisator","url":"https:\/\/www.organisator.ch\/","logo":{"@type":"ImageObject","inLanguage":"de","@id":"https:\/\/www.organisator.ch\/#\/schema\/logo\/image\/","url":"https:\/\/www.organisator.ch\/wp-content\/uploads\/2022\/01\/Logo_Organisator_Website.png","contentUrl":"https:\/\/www.organisator.ch\/wp-content\/uploads\/2022\/01\/Logo_Organisator_Website.png","width":800,"height":77,"caption":"Organisator"},"image":{"@id":"https:\/\/www.organisator.ch\/#\/schema\/logo\/image\/"},"sameAs":["https:\/\/www.facebook.com\/OrganisatorFachmagazin","https:\/\/www.linkedin.com\/showcase\/organisator-das-magazin-fr-kmu","https:\/\/www.xing.com\/news\/pages\/organisator-ch-695","https:\/\/www.youtube.com\/channel\/UCGP2Sq0iWaZwT3BdIAQFYpw"]},{"@type":"Person","@id":"https:\/\/www.organisator.ch\/#\/schema\/person\/2e1314a2172123f874db408d8911d3f3","name":"Adelisa Kalajdzini","image":{"@type":"ImageObject","inLanguage":"de","@id":"https:\/\/secure.gravatar.com\/avatar\/09a397c22ac58cad6f160ee8306348599df9df58a8ede73696226897b9fa4b24?s=96&d=mm&r=g","url":"https:\/\/secure.gravatar.com\/avatar\/09a397c22ac58cad6f160ee8306348599df9df58a8ede73696226897b9fa4b24?s=96&d=mm&r=g","contentUrl":"https:\/\/secure.gravatar.com\/avatar\/09a397c22ac58cad6f160ee8306348599df9df58a8ede73696226897b9fa4b24?s=96&d=mm&r=g","caption":"Adelisa Kalajdzini"},"url":"https:\/\/www.organisator.ch\/de\/author\/adelisa-kalajdzini\/"}]}},"_links":{"self":[{"href":"https:\/\/www.organisator.ch\/de\/wp-json\/wp\/v2\/posts\/28823","targetHints":{"allow":["GET"]}}],"collection":[{"href":"https:\/\/www.organisator.ch\/de\/wp-json\/wp\/v2\/posts"}],"about":[{"href":"https:\/\/www.organisator.ch\/de\/wp-json\/wp\/v2\/types\/post"}],"author":[{"embeddable":true,"href":"https:\/\/www.organisator.ch\/de\/wp-json\/wp\/v2\/users\/58"}],"replies":[{"embeddable":true,"href":"https:\/\/www.organisator.ch\/de\/wp-json\/wp\/v2\/comments?post=28823"}],"version-history":[{"count":7,"href":"https:\/\/www.organisator.ch\/de\/wp-json\/wp\/v2\/posts\/28823\/revisions"}],"predecessor-version":[{"id":32064,"href":"https:\/\/www.organisator.ch\/de\/wp-json\/wp\/v2\/posts\/28823\/revisions\/32064"}],"wp:attachment":[{"href":"https:\/\/www.organisator.ch\/de\/wp-json\/wp\/v2\/media?parent=28823"}],"wp:term":[{"taxonomy":"category","embeddable":true,"href":"https:\/\/www.organisator.ch\/de\/wp-json\/wp\/v2\/categories?post=28823"},{"taxonomy":"post_tag","embeddable":true,"href":"https:\/\/www.organisator.ch\/de\/wp-json\/wp\/v2\/tags?post=28823"}],"curies":[{"name":"wp","href":"https:\/\/api.w.org\/{rel}","templated":true}]}}