{"id":28853,"date":"2024-08-27T21:20:29","date_gmt":"2024-08-27T19:20:29","guid":{"rendered":"https:\/\/www.organisator.ch\/de\/?p=28853"},"modified":"2024-08-13T14:51:41","modified_gmt":"2024-08-13T12:51:41","slug":"was-ist-oekologischer-print-oder-digital","status":"publish","type":"post","link":"https:\/\/www.organisator.ch\/de\/sustainability\/2024-08-27\/was-ist-oekologischer-print-oder-digital\/","title":{"rendered":"Was ist \u00f6kologischer: Print oder digital?"},"content":{"rendered":"<div class=\"swpm-post-not-logged-in-msg\">You need to be logged in to view this content. Bitte <a class=\"swpm-login-link\" href=\"https:\/\/www.organisator.ch\/login\/\">Log In<\/a>. Kein Mitglied? <a href=\"https:\/\/www.organisator.ch\/shop\/\">Werden Sie Mitglied bei uns<\/a><\/div>","protected":false},"excerpt":{"rendered":"<p>Die Herstellung von Druckerzeugnissen wie Zeitungen, Zeitschriften, B&#xFC;chern oder auch bedruckten Verpackungen ben&#xF6;tigt viele Ressourcen. Dass digitale Medien hier zu mehr Ressourcenschonung verhelfen, ist eine h&#xE4;ufig aufgestellte These. Doch Druckerzeugnisse wird es auch in Zukunft immer noch geben &#x2013; und die Druckindustrie kann auch &#xAB;klimafreundlich&#xBB;, wie das Beispiel der Schellenberg-Gruppe zeigt.<\/p>\n","protected":false},"author":1,"featured_media":28852,"comment_status":"closed","ping_status":"closed","sticky":false,"template":"","format":"standard","meta":{"_acf_changed":false,"_yoast_wpseo_focuskw":"Print","_yoast_wpseo_metadesc":"Die Herstellung von Druckerzeugnissen wie Zeitungen, Zeitschriften, B\u00fcchern oder auchbedruckten Verpackungen ben\u00f6tigt viele Ressourcen.","articlekey":"109689","footnotes":""},"categories":[578,580],"tags":[4365,602,4364,2246],"class_list":["post-28853","post","type-post","status-publish","format-standard","has-post-thumbnail","hentry","category-abo","category-sustainability","tag-druckindustrie","tag-netto-null-ziel","tag-oekologisch","tag-sustainability"],"acf":[],"yoast_head":"<!-- This site is optimized with the Yoast SEO plugin v27.4 - https:\/\/yoast.com\/product\/yoast-seo-wordpress\/ -->\n<title>Was ist \u00f6kologischer: Print oder digital? - Organisator<\/title>\n<meta name=\"description\" content=\"Die Herstellung von Druckerzeugnissen wie Zeitungen, Zeitschriften, B\u00fcchern oder auchbedruckten Verpackungen ben\u00f6tigt viele Ressourcen.\" \/>\n<meta name=\"robots\" content=\"index, follow, max-snippet:-1, max-image-preview:large, max-video-preview:-1\" \/>\n<link rel=\"canonical\" href=\"https:\/\/www.organisator.ch\/de\/sustainability\/2024-08-27\/was-ist-oekologischer-print-oder-digital\/\" \/>\n<meta property=\"og:locale\" content=\"de_DE\" \/>\n<meta property=\"og:type\" content=\"article\" \/>\n<meta property=\"og:title\" content=\"Was ist \u00f6kologischer: Print oder digital? - Organisator\" \/>\n<meta property=\"og:description\" content=\"Die Herstellung von Druckerzeugnissen wie Zeitungen, Zeitschriften, B\u00fcchern oder auchbedruckten Verpackungen ben\u00f6tigt viele Ressourcen.\" \/>\n<meta property=\"og:url\" content=\"https:\/\/www.organisator.ch\/de\/sustainability\/2024-08-27\/was-ist-oekologischer-print-oder-digital\/\" \/>\n<meta property=\"og:site_name\" content=\"Organisator\" \/>\n<meta property=\"article:publisher\" content=\"https:\/\/www.facebook.com\/OrganisatorFachmagazin\" \/>\n<meta property=\"article:published_time\" content=\"2024-08-27T19:20:29+00:00\" \/>\n<meta property=\"og:image\" content=\"https:\/\/www.organisator.ch\/wp-content\/uploads\/2024\/08\/Sustainability_SGES-Schellenberg_Bild4_NEU_organisator_112371-e1723553129239.jpg\" \/>\n\t<meta property=\"og:image:width\" content=\"994\" \/>\n\t<meta property=\"og:image:height\" content=\"1090\" \/>\n\t<meta property=\"og:image:type\" content=\"image\/jpeg\" \/>\n<meta name=\"author\" content=\"admin\" \/>\n<meta name=\"twitter:card\" content=\"summary_large_image\" \/>\n<script type=\"application\/ld+json\" class=\"yoast-schema-graph\">{\"@context\":\"https:\\\/\\\/schema.org\",\"@graph\":[{\"@type\":\"Article\",\"@id\":\"https:\\\/\\\/www.organisator.ch\\\/sustainability\\\/2024-08-27\\\/was-ist-oekologischer-print-oder-digital\\\/#article\",\"isPartOf\":{\"@id\":\"https:\\\/\\\/www.organisator.ch\\\/sustainability\\\/2024-08-27\\\/was-ist-oekologischer-print-oder-digital\\\/\"},\"author\":{\"name\":\"admin\",\"@id\":\"https:\\\/\\\/www.organisator.ch\\\/#\\\/schema\\\/person\\\/aa2bace6c5c5aad60102004a50c4eb1c\"},\"headline\":\"Was ist \u00f6kologischer: Print oder digital?\",\"datePublished\":\"2024-08-27T19:20:29+00:00\",\"mainEntityOfPage\":{\"@id\":\"https:\\\/\\\/www.organisator.ch\\\/sustainability\\\/2024-08-27\\\/was-ist-oekologischer-print-oder-digital\\\/\"},\"wordCount\":1662,\"publisher\":{\"@id\":\"https:\\\/\\\/www.organisator.ch\\\/#organization\"},\"image\":{\"@id\":\"https:\\\/\\\/www.organisator.ch\\\/sustainability\\\/2024-08-27\\\/was-ist-oekologischer-print-oder-digital\\\/#primaryimage\"},\"thumbnailUrl\":\"https:\\\/\\\/www.organisator.ch\\\/wp-content\\\/uploads\\\/2024\\\/08\\\/Sustainability_SGES-Schellenberg_Bild4_NEU_organisator_112371-e1723553129239.jpg\",\"keywords\":[\"Druckindustrie\",\"Netto-Null-Ziel\",\"\u00d6kologisch\",\"Sustainability\"],\"articleSection\":[\"ABO+\",\"SUSTAINABILITY\"],\"inLanguage\":\"de\"},{\"@type\":\"WebPage\",\"@id\":\"https:\\\/\\\/www.organisator.ch\\\/sustainability\\\/2024-08-27\\\/was-ist-oekologischer-print-oder-digital\\\/\",\"url\":\"https:\\\/\\\/www.organisator.ch\\\/sustainability\\\/2024-08-27\\\/was-ist-oekologischer-print-oder-digital\\\/\",\"name\":\"Was ist \u00f6kologischer: Print oder digital? - Organisator\",\"isPartOf\":{\"@id\":\"https:\\\/\\\/www.organisator.ch\\\/#website\"},\"primaryImageOfPage\":{\"@id\":\"https:\\\/\\\/www.organisator.ch\\\/sustainability\\\/2024-08-27\\\/was-ist-oekologischer-print-oder-digital\\\/#primaryimage\"},\"image\":{\"@id\":\"https:\\\/\\\/www.organisator.ch\\\/sustainability\\\/2024-08-27\\\/was-ist-oekologischer-print-oder-digital\\\/#primaryimage\"},\"thumbnailUrl\":\"https:\\\/\\\/www.organisator.ch\\\/wp-content\\\/uploads\\\/2024\\\/08\\\/Sustainability_SGES-Schellenberg_Bild4_NEU_organisator_112371-e1723553129239.jpg\",\"datePublished\":\"2024-08-27T19:20:29+00:00\",\"description\":\"Die Herstellung von Druckerzeugnissen wie Zeitungen, Zeitschriften, B\u00fcchern oder auchbedruckten Verpackungen ben\u00f6tigt viele Ressourcen.\",\"breadcrumb\":{\"@id\":\"https:\\\/\\\/www.organisator.ch\\\/sustainability\\\/2024-08-27\\\/was-ist-oekologischer-print-oder-digital\\\/#breadcrumb\"},\"inLanguage\":\"de\",\"potentialAction\":[{\"@type\":\"ReadAction\",\"target\":[\"https:\\\/\\\/www.organisator.ch\\\/sustainability\\\/2024-08-27\\\/was-ist-oekologischer-print-oder-digital\\\/\"]}]},{\"@type\":\"ImageObject\",\"inLanguage\":\"de\",\"@id\":\"https:\\\/\\\/www.organisator.ch\\\/sustainability\\\/2024-08-27\\\/was-ist-oekologischer-print-oder-digital\\\/#primaryimage\",\"url\":\"https:\\\/\\\/www.organisator.ch\\\/wp-content\\\/uploads\\\/2024\\\/08\\\/Sustainability_SGES-Schellenberg_Bild4_NEU_organisator_112371-e1723553129239.jpg\",\"contentUrl\":\"https:\\\/\\\/www.organisator.ch\\\/wp-content\\\/uploads\\\/2024\\\/08\\\/Sustainability_SGES-Schellenberg_Bild4_NEU_organisator_112371-e1723553129239.jpg\",\"width\":994,\"height\":1090,\"caption\":\"Philipp Wyss, Qualit\u00e4ts- und Umweltmanager und Sicherheitsbeauftragter bei der Schellenberg- Gruppe. \u00a9 Schellenberg Gruppe\"},{\"@type\":\"BreadcrumbList\",\"@id\":\"https:\\\/\\\/www.organisator.ch\\\/sustainability\\\/2024-08-27\\\/was-ist-oekologischer-print-oder-digital\\\/#breadcrumb\",\"itemListElement\":[{\"@type\":\"ListItem\",\"position\":1,\"name\":\"Home\",\"item\":\"https:\\\/\\\/www.organisator.ch\\\/\"},{\"@type\":\"ListItem\",\"position\":2,\"name\":\"Was ist \u00f6kologischer: Print oder digital?\"}]},{\"@type\":\"WebSite\",\"@id\":\"https:\\\/\\\/www.organisator.ch\\\/#website\",\"url\":\"https:\\\/\\\/www.organisator.ch\\\/\",\"name\":\"Organisator\",\"description\":\"Kompetent. Praxisnah. Der ORGANISATOR bereitet in 10 Ausgaben pro Jahr die wesentlichen Themen f\u00fcr F\u00fchrungskr\u00e4fte von KMU auf.\",\"publisher\":{\"@id\":\"https:\\\/\\\/www.organisator.ch\\\/#organization\"},\"potentialAction\":[{\"@type\":\"SearchAction\",\"target\":{\"@type\":\"EntryPoint\",\"urlTemplate\":\"https:\\\/\\\/www.organisator.ch\\\/?s={search_term_string}\"},\"query-input\":{\"@type\":\"PropertyValueSpecification\",\"valueRequired\":true,\"valueName\":\"search_term_string\"}}],\"inLanguage\":\"de\"},{\"@type\":\"Organization\",\"@id\":\"https:\\\/\\\/www.organisator.ch\\\/#organization\",\"name\":\"Organisator\",\"url\":\"https:\\\/\\\/www.organisator.ch\\\/\",\"logo\":{\"@type\":\"ImageObject\",\"inLanguage\":\"de\",\"@id\":\"https:\\\/\\\/www.organisator.ch\\\/#\\\/schema\\\/logo\\\/image\\\/\",\"url\":\"https:\\\/\\\/www.organisator.ch\\\/wp-content\\\/uploads\\\/2022\\\/01\\\/Logo_Organisator_Website.png\",\"contentUrl\":\"https:\\\/\\\/www.organisator.ch\\\/wp-content\\\/uploads\\\/2022\\\/01\\\/Logo_Organisator_Website.png\",\"width\":800,\"height\":77,\"caption\":\"Organisator\"},\"image\":{\"@id\":\"https:\\\/\\\/www.organisator.ch\\\/#\\\/schema\\\/logo\\\/image\\\/\"},\"sameAs\":[\"https:\\\/\\\/www.facebook.com\\\/OrganisatorFachmagazin\",\"https:\\\/\\\/www.linkedin.com\\\/showcase\\\/organisator-das-magazin-fr-kmu\",\"https:\\\/\\\/www.xing.com\\\/news\\\/pages\\\/organisator-ch-695\",\"https:\\\/\\\/www.youtube.com\\\/channel\\\/UCGP2Sq0iWaZwT3BdIAQFYpw\"]},{\"@type\":\"Person\",\"@id\":\"https:\\\/\\\/www.organisator.ch\\\/#\\\/schema\\\/person\\\/aa2bace6c5c5aad60102004a50c4eb1c\",\"name\":\"admin\",\"image\":{\"@type\":\"ImageObject\",\"inLanguage\":\"de\",\"@id\":\"https:\\\/\\\/secure.gravatar.com\\\/avatar\\\/ae2f4d718e6c49043e314ce431e7e645d646302a24a5ef5a8bc8e3f5a032e319?s=96&d=mm&r=g\",\"url\":\"https:\\\/\\\/secure.gravatar.com\\\/avatar\\\/ae2f4d718e6c49043e314ce431e7e645d646302a24a5ef5a8bc8e3f5a032e319?s=96&d=mm&r=g\",\"contentUrl\":\"https:\\\/\\\/secure.gravatar.com\\\/avatar\\\/ae2f4d718e6c49043e314ce431e7e645d646302a24a5ef5a8bc8e3f5a032e319?s=96&d=mm&r=g\",\"caption\":\"admin\"},\"sameAs\":[\"https:\\\/\\\/www.organisator.ch\"],\"url\":\"https:\\\/\\\/www.organisator.ch\\\/de\\\/author\\\/admin\\\/\"}]}<\/script>\n<!-- \/ Yoast SEO plugin. -->","yoast_head_json":{"title":"Was ist \u00f6kologischer: Print oder digital? - Organisator","description":"Die Herstellung von Druckerzeugnissen wie Zeitungen, Zeitschriften, B\u00fcchern oder auchbedruckten Verpackungen ben\u00f6tigt viele Ressourcen.","robots":{"index":"index","follow":"follow","max-snippet":"max-snippet:-1","max-image-preview":"max-image-preview:large","max-video-preview":"max-video-preview:-1"},"canonical":"https:\/\/www.organisator.ch\/de\/sustainability\/2024-08-27\/was-ist-oekologischer-print-oder-digital\/","og_locale":"de_DE","og_type":"article","og_title":"Was ist \u00f6kologischer: Print oder digital? - Organisator","og_description":"Die Herstellung von Druckerzeugnissen wie Zeitungen, Zeitschriften, B\u00fcchern oder auchbedruckten Verpackungen ben\u00f6tigt viele Ressourcen.","og_url":"https:\/\/www.organisator.ch\/de\/sustainability\/2024-08-27\/was-ist-oekologischer-print-oder-digital\/","og_site_name":"Organisator","article_publisher":"https:\/\/www.facebook.com\/OrganisatorFachmagazin","article_published_time":"2024-08-27T19:20:29+00:00","og_image":[{"width":994,"height":1090,"url":"https:\/\/www.organisator.ch\/wp-content\/uploads\/2024\/08\/Sustainability_SGES-Schellenberg_Bild4_NEU_organisator_112371-e1723553129239.jpg","type":"image\/jpeg"}],"author":"admin","twitter_card":"summary_large_image","schema":{"@context":"https:\/\/schema.org","@graph":[{"@type":"Article","@id":"https:\/\/www.organisator.ch\/sustainability\/2024-08-27\/was-ist-oekologischer-print-oder-digital\/#article","isPartOf":{"@id":"https:\/\/www.organisator.ch\/sustainability\/2024-08-27\/was-ist-oekologischer-print-oder-digital\/"},"author":{"name":"admin","@id":"https:\/\/www.organisator.ch\/#\/schema\/person\/aa2bace6c5c5aad60102004a50c4eb1c"},"headline":"Was ist \u00f6kologischer: Print oder digital?","datePublished":"2024-08-27T19:20:29+00:00","mainEntityOfPage":{"@id":"https:\/\/www.organisator.ch\/sustainability\/2024-08-27\/was-ist-oekologischer-print-oder-digital\/"},"wordCount":1662,"publisher":{"@id":"https:\/\/www.organisator.ch\/#organization"},"image":{"@id":"https:\/\/www.organisator.ch\/sustainability\/2024-08-27\/was-ist-oekologischer-print-oder-digital\/#primaryimage"},"thumbnailUrl":"https:\/\/www.organisator.ch\/wp-content\/uploads\/2024\/08\/Sustainability_SGES-Schellenberg_Bild4_NEU_organisator_112371-e1723553129239.jpg","keywords":["Druckindustrie","Netto-Null-Ziel","\u00d6kologisch","Sustainability"],"articleSection":["ABO+","SUSTAINABILITY"],"inLanguage":"de"},{"@type":"WebPage","@id":"https:\/\/www.organisator.ch\/sustainability\/2024-08-27\/was-ist-oekologischer-print-oder-digital\/","url":"https:\/\/www.organisator.ch\/sustainability\/2024-08-27\/was-ist-oekologischer-print-oder-digital\/","name":"Was ist \u00f6kologischer: Print oder digital? - Organisator","isPartOf":{"@id":"https:\/\/www.organisator.ch\/#website"},"primaryImageOfPage":{"@id":"https:\/\/www.organisator.ch\/sustainability\/2024-08-27\/was-ist-oekologischer-print-oder-digital\/#primaryimage"},"image":{"@id":"https:\/\/www.organisator.ch\/sustainability\/2024-08-27\/was-ist-oekologischer-print-oder-digital\/#primaryimage"},"thumbnailUrl":"https:\/\/www.organisator.ch\/wp-content\/uploads\/2024\/08\/Sustainability_SGES-Schellenberg_Bild4_NEU_organisator_112371-e1723553129239.jpg","datePublished":"2024-08-27T19:20:29+00:00","description":"Die Herstellung von Druckerzeugnissen wie Zeitungen, Zeitschriften, B\u00fcchern oder auchbedruckten Verpackungen ben\u00f6tigt viele Ressourcen.","breadcrumb":{"@id":"https:\/\/www.organisator.ch\/sustainability\/2024-08-27\/was-ist-oekologischer-print-oder-digital\/#breadcrumb"},"inLanguage":"de","potentialAction":[{"@type":"ReadAction","target":["https:\/\/www.organisator.ch\/sustainability\/2024-08-27\/was-ist-oekologischer-print-oder-digital\/"]}]},{"@type":"ImageObject","inLanguage":"de","@id":"https:\/\/www.organisator.ch\/sustainability\/2024-08-27\/was-ist-oekologischer-print-oder-digital\/#primaryimage","url":"https:\/\/www.organisator.ch\/wp-content\/uploads\/2024\/08\/Sustainability_SGES-Schellenberg_Bild4_NEU_organisator_112371-e1723553129239.jpg","contentUrl":"https:\/\/www.organisator.ch\/wp-content\/uploads\/2024\/08\/Sustainability_SGES-Schellenberg_Bild4_NEU_organisator_112371-e1723553129239.jpg","width":994,"height":1090,"caption":"Philipp Wyss, Qualit\u00e4ts- und Umweltmanager und Sicherheitsbeauftragter bei der Schellenberg- Gruppe. \u00a9 Schellenberg Gruppe"},{"@type":"BreadcrumbList","@id":"https:\/\/www.organisator.ch\/sustainability\/2024-08-27\/was-ist-oekologischer-print-oder-digital\/#breadcrumb","itemListElement":[{"@type":"ListItem","position":1,"name":"Home","item":"https:\/\/www.organisator.ch\/"},{"@type":"ListItem","position":2,"name":"Was ist \u00f6kologischer: Print oder digital?"}]},{"@type":"WebSite","@id":"https:\/\/www.organisator.ch\/#website","url":"https:\/\/www.organisator.ch\/","name":"Organisator","description":"Kompetent. Praxisnah. Der ORGANISATOR bereitet in 10 Ausgaben pro Jahr die wesentlichen Themen f\u00fcr F\u00fchrungskr\u00e4fte von KMU auf.","publisher":{"@id":"https:\/\/www.organisator.ch\/#organization"},"potentialAction":[{"@type":"SearchAction","target":{"@type":"EntryPoint","urlTemplate":"https:\/\/www.organisator.ch\/?s={search_term_string}"},"query-input":{"@type":"PropertyValueSpecification","valueRequired":true,"valueName":"search_term_string"}}],"inLanguage":"de"},{"@type":"Organization","@id":"https:\/\/www.organisator.ch\/#organization","name":"Organisator","url":"https:\/\/www.organisator.ch\/","logo":{"@type":"ImageObject","inLanguage":"de","@id":"https:\/\/www.organisator.ch\/#\/schema\/logo\/image\/","url":"https:\/\/www.organisator.ch\/wp-content\/uploads\/2022\/01\/Logo_Organisator_Website.png","contentUrl":"https:\/\/www.organisator.ch\/wp-content\/uploads\/2022\/01\/Logo_Organisator_Website.png","width":800,"height":77,"caption":"Organisator"},"image":{"@id":"https:\/\/www.organisator.ch\/#\/schema\/logo\/image\/"},"sameAs":["https:\/\/www.facebook.com\/OrganisatorFachmagazin","https:\/\/www.linkedin.com\/showcase\/organisator-das-magazin-fr-kmu","https:\/\/www.xing.com\/news\/pages\/organisator-ch-695","https:\/\/www.youtube.com\/channel\/UCGP2Sq0iWaZwT3BdIAQFYpw"]},{"@type":"Person","@id":"https:\/\/www.organisator.ch\/#\/schema\/person\/aa2bace6c5c5aad60102004a50c4eb1c","name":"admin","image":{"@type":"ImageObject","inLanguage":"de","@id":"https:\/\/secure.gravatar.com\/avatar\/ae2f4d718e6c49043e314ce431e7e645d646302a24a5ef5a8bc8e3f5a032e319?s=96&d=mm&r=g","url":"https:\/\/secure.gravatar.com\/avatar\/ae2f4d718e6c49043e314ce431e7e645d646302a24a5ef5a8bc8e3f5a032e319?s=96&d=mm&r=g","contentUrl":"https:\/\/secure.gravatar.com\/avatar\/ae2f4d718e6c49043e314ce431e7e645d646302a24a5ef5a8bc8e3f5a032e319?s=96&d=mm&r=g","caption":"admin"},"sameAs":["https:\/\/www.organisator.ch"],"url":"https:\/\/www.organisator.ch\/de\/author\/admin\/"}]}},"_links":{"self":[{"href":"https:\/\/www.organisator.ch\/de\/wp-json\/wp\/v2\/posts\/28853","targetHints":{"allow":["GET"]}}],"collection":[{"href":"https:\/\/www.organisator.ch\/de\/wp-json\/wp\/v2\/posts"}],"about":[{"href":"https:\/\/www.organisator.ch\/de\/wp-json\/wp\/v2\/types\/post"}],"author":[{"embeddable":true,"href":"https:\/\/www.organisator.ch\/de\/wp-json\/wp\/v2\/users\/1"}],"replies":[{"embeddable":true,"href":"https:\/\/www.organisator.ch\/de\/wp-json\/wp\/v2\/comments?post=28853"}],"version-history":[{"count":2,"href":"https:\/\/www.organisator.ch\/de\/wp-json\/wp\/v2\/posts\/28853\/revisions"}],"predecessor-version":[{"id":28901,"href":"https:\/\/www.organisator.ch\/de\/wp-json\/wp\/v2\/posts\/28853\/revisions\/28901"}],"wp:featuredmedia":[{"embeddable":true,"href":"https:\/\/www.organisator.ch\/de\/wp-json\/wp\/v2\/media\/28852"}],"wp:attachment":[{"href":"https:\/\/www.organisator.ch\/de\/wp-json\/wp\/v2\/media?parent=28853"}],"wp:term":[{"taxonomy":"category","embeddable":true,"href":"https:\/\/www.organisator.ch\/de\/wp-json\/wp\/v2\/categories?post=28853"},{"taxonomy":"post_tag","embeddable":true,"href":"https:\/\/www.organisator.ch\/de\/wp-json\/wp\/v2\/tags?post=28853"}],"curies":[{"name":"wp","href":"https:\/\/api.w.org\/{rel}","templated":true}]}}