{"id":28888,"date":"2024-08-28T00:06:28","date_gmt":"2024-08-27T22:06:28","guid":{"rendered":"https:\/\/www.organisator.ch\/de\/?p=28888"},"modified":"2024-08-13T16:06:40","modified_gmt":"2024-08-13T14:06:40","slug":"kosovo-als-innovationspark-interessant-auch-fuer-schweizer-kmu","status":"publish","type":"post","link":"https:\/\/www.organisator.ch\/de\/management\/2024-08-28\/kosovo-als-innovationspark-interessant-auch-fuer-schweizer-kmu\/","title":{"rendered":"Kosovo als Innovationspark \u2013 interessant auch f\u00fcr Schweizer KMU?"},"content":{"rendered":"<div class=\"swpm-post-not-logged-in-msg\">You need to be logged in to view this content. Bitte <a class=\"swpm-login-link\" href=\"https:\/\/www.organisator.ch\/login\/\">Log In<\/a>. Kein Mitglied? <a href=\"https:\/\/www.organisator.ch\/shop\/\">Werden Sie Mitglied bei uns<\/a><\/div>","protected":false},"excerpt":{"rendered":"<p>Viele Menschen aus dem Kosovo leben in der Schweiz und nehmen an unserem Wirtschaftsleben teil. Aber wie steht es um die wirtschaftliche Lage in ihrem Herkunftsland? Ein Blick auf die kosovarische Wirtschaft zeigt: Trotz der herausfordernden internationalen Lage verzeichnete das Kosovo im Jahr 2023 ein Wachstum von 3,3% und zeigte sich damit &#xFC;berraschend robust. <\/p>\n","protected":false},"author":1,"featured_media":28886,"comment_status":"closed","ping_status":"closed","sticky":false,"template":"","format":"standard","meta":{"_acf_changed":false,"_yoast_wpseo_focuskw":"Kosovo","_yoast_wpseo_metadesc":"Viele Menschen aus dem Kosovo leben in der Schweiz und nehmen an unserem Wirtschaftslebenteil. Aber wie steht es um die wirtschaftliche Lage in ihrem Herkunftsland?","articlekey":"112241","footnotes":""},"categories":[578,28],"tags":[274,301,334,2576],"class_list":["post-28888","post","type-post","status-publish","format-standard","has-post-thumbnail","hentry","category-abo","category-management","tag-innovation","tag-kmu","tag-management","tag-wirtschaft"],"acf":[],"yoast_head":"<!-- This site is optimized with the Yoast SEO plugin v27.4 - https:\/\/yoast.com\/product\/yoast-seo-wordpress\/ -->\n<title>Kosovo als Innovationspark \u2013 interessant auch f\u00fcr Schweizer KMU? - Organisator<\/title>\n<meta name=\"description\" content=\"Viele Menschen aus dem Kosovo leben in der Schweiz und nehmen an unserem Wirtschaftslebenteil. Aber wie steht es um die wirtschaftliche Lage in ihrem Herkunftsland?\" \/>\n<meta name=\"robots\" content=\"index, follow, max-snippet:-1, max-image-preview:large, max-video-preview:-1\" \/>\n<link rel=\"canonical\" href=\"https:\/\/www.organisator.ch\/de\/management\/2024-08-28\/kosovo-als-innovationspark-interessant-auch-fuer-schweizer-kmu\/\" \/>\n<meta property=\"og:locale\" content=\"de_DE\" \/>\n<meta property=\"og:type\" content=\"article\" \/>\n<meta property=\"og:title\" content=\"Kosovo als Innovationspark \u2013 interessant auch f\u00fcr Schweizer KMU? - Organisator\" \/>\n<meta property=\"og:description\" content=\"Viele Menschen aus dem Kosovo leben in der Schweiz und nehmen an unserem Wirtschaftslebenteil. Aber wie steht es um die wirtschaftliche Lage in ihrem Herkunftsland?\" \/>\n<meta property=\"og:url\" content=\"https:\/\/www.organisator.ch\/de\/management\/2024-08-28\/kosovo-als-innovationspark-interessant-auch-fuer-schweizer-kmu\/\" \/>\n<meta property=\"og:site_name\" content=\"Organisator\" \/>\n<meta property=\"article:publisher\" content=\"https:\/\/www.facebook.com\/OrganisatorFachmagazin\" \/>\n<meta property=\"article:published_time\" content=\"2024-08-27T22:06:28+00:00\" \/>\n<meta property=\"og:image\" content=\"https:\/\/www.organisator.ch\/wp-content\/uploads\/2024\/08\/NEU_Management_Kosovo_Wirtschaft_Bild1_organisator_112612-e1723557710390.jpg\" \/>\n\t<meta property=\"og:image:width\" content=\"990\" \/>\n\t<meta property=\"og:image:height\" content=\"936\" \/>\n\t<meta property=\"og:image:type\" content=\"image\/jpeg\" \/>\n<meta name=\"author\" content=\"admin\" \/>\n<meta name=\"twitter:card\" content=\"summary_large_image\" \/>\n<script type=\"application\/ld+json\" class=\"yoast-schema-graph\">{\"@context\":\"https:\\\/\\\/schema.org\",\"@graph\":[{\"@type\":\"Article\",\"@id\":\"https:\\\/\\\/www.organisator.ch\\\/management\\\/2024-08-28\\\/kosovo-als-innovationspark-interessant-auch-fuer-schweizer-kmu\\\/#article\",\"isPartOf\":{\"@id\":\"https:\\\/\\\/www.organisator.ch\\\/management\\\/2024-08-28\\\/kosovo-als-innovationspark-interessant-auch-fuer-schweizer-kmu\\\/\"},\"author\":{\"name\":\"admin\",\"@id\":\"https:\\\/\\\/www.organisator.ch\\\/#\\\/schema\\\/person\\\/aa2bace6c5c5aad60102004a50c4eb1c\"},\"headline\":\"Kosovo als Innovationspark \u2013 interessant auch f\u00fcr Schweizer KMU?\",\"datePublished\":\"2024-08-27T22:06:28+00:00\",\"mainEntityOfPage\":{\"@id\":\"https:\\\/\\\/www.organisator.ch\\\/management\\\/2024-08-28\\\/kosovo-als-innovationspark-interessant-auch-fuer-schweizer-kmu\\\/\"},\"wordCount\":727,\"publisher\":{\"@id\":\"https:\\\/\\\/www.organisator.ch\\\/#organization\"},\"image\":{\"@id\":\"https:\\\/\\\/www.organisator.ch\\\/management\\\/2024-08-28\\\/kosovo-als-innovationspark-interessant-auch-fuer-schweizer-kmu\\\/#primaryimage\"},\"thumbnailUrl\":\"https:\\\/\\\/www.organisator.ch\\\/wp-content\\\/uploads\\\/2024\\\/08\\\/NEU_Management_Kosovo_Wirtschaft_Bild1_organisator_112612-e1723557710390.jpg\",\"keywords\":[\"Innovation\",\"KMU\",\"Management\",\"Wirtschaft\"],\"articleSection\":[\"ABO+\",\"MANAGEMENT\"],\"inLanguage\":\"de\"},{\"@type\":\"WebPage\",\"@id\":\"https:\\\/\\\/www.organisator.ch\\\/management\\\/2024-08-28\\\/kosovo-als-innovationspark-interessant-auch-fuer-schweizer-kmu\\\/\",\"url\":\"https:\\\/\\\/www.organisator.ch\\\/management\\\/2024-08-28\\\/kosovo-als-innovationspark-interessant-auch-fuer-schweizer-kmu\\\/\",\"name\":\"Kosovo als Innovationspark \u2013 interessant auch f\u00fcr Schweizer KMU? - Organisator\",\"isPartOf\":{\"@id\":\"https:\\\/\\\/www.organisator.ch\\\/#website\"},\"primaryImageOfPage\":{\"@id\":\"https:\\\/\\\/www.organisator.ch\\\/management\\\/2024-08-28\\\/kosovo-als-innovationspark-interessant-auch-fuer-schweizer-kmu\\\/#primaryimage\"},\"image\":{\"@id\":\"https:\\\/\\\/www.organisator.ch\\\/management\\\/2024-08-28\\\/kosovo-als-innovationspark-interessant-auch-fuer-schweizer-kmu\\\/#primaryimage\"},\"thumbnailUrl\":\"https:\\\/\\\/www.organisator.ch\\\/wp-content\\\/uploads\\\/2024\\\/08\\\/NEU_Management_Kosovo_Wirtschaft_Bild1_organisator_112612-e1723557710390.jpg\",\"datePublished\":\"2024-08-27T22:06:28+00:00\",\"description\":\"Viele Menschen aus dem Kosovo leben in der Schweiz und nehmen an unserem Wirtschaftslebenteil. Aber wie steht es um die wirtschaftliche Lage in ihrem Herkunftsland?\",\"breadcrumb\":{\"@id\":\"https:\\\/\\\/www.organisator.ch\\\/management\\\/2024-08-28\\\/kosovo-als-innovationspark-interessant-auch-fuer-schweizer-kmu\\\/#breadcrumb\"},\"inLanguage\":\"de\",\"potentialAction\":[{\"@type\":\"ReadAction\",\"target\":[\"https:\\\/\\\/www.organisator.ch\\\/management\\\/2024-08-28\\\/kosovo-als-innovationspark-interessant-auch-fuer-schweizer-kmu\\\/\"]}]},{\"@type\":\"ImageObject\",\"inLanguage\":\"de\",\"@id\":\"https:\\\/\\\/www.organisator.ch\\\/management\\\/2024-08-28\\\/kosovo-als-innovationspark-interessant-auch-fuer-schweizer-kmu\\\/#primaryimage\",\"url\":\"https:\\\/\\\/www.organisator.ch\\\/wp-content\\\/uploads\\\/2024\\\/08\\\/NEU_Management_Kosovo_Wirtschaft_Bild1_organisator_112612-e1723557710390.jpg\",\"contentUrl\":\"https:\\\/\\\/www.organisator.ch\\\/wp-content\\\/uploads\\\/2024\\\/08\\\/NEU_Management_Kosovo_Wirtschaft_Bild1_organisator_112612-e1723557710390.jpg\",\"width\":990,\"height\":936,\"caption\":\"Die dynamische Stadt Prizren zeigt, dass die Wirtschaft im Kosovo funktioniert. \u00a9 Adelisa Salaji Kalajdzini\"},{\"@type\":\"BreadcrumbList\",\"@id\":\"https:\\\/\\\/www.organisator.ch\\\/management\\\/2024-08-28\\\/kosovo-als-innovationspark-interessant-auch-fuer-schweizer-kmu\\\/#breadcrumb\",\"itemListElement\":[{\"@type\":\"ListItem\",\"position\":1,\"name\":\"Home\",\"item\":\"https:\\\/\\\/www.organisator.ch\\\/\"},{\"@type\":\"ListItem\",\"position\":2,\"name\":\"Kosovo als Innovationspark \u2013 interessant auch f\u00fcr Schweizer KMU?\"}]},{\"@type\":\"WebSite\",\"@id\":\"https:\\\/\\\/www.organisator.ch\\\/#website\",\"url\":\"https:\\\/\\\/www.organisator.ch\\\/\",\"name\":\"Organisator\",\"description\":\"Kompetent. Praxisnah. Der ORGANISATOR bereitet in 10 Ausgaben pro Jahr die wesentlichen Themen f\u00fcr F\u00fchrungskr\u00e4fte von KMU auf.\",\"publisher\":{\"@id\":\"https:\\\/\\\/www.organisator.ch\\\/#organization\"},\"potentialAction\":[{\"@type\":\"SearchAction\",\"target\":{\"@type\":\"EntryPoint\",\"urlTemplate\":\"https:\\\/\\\/www.organisator.ch\\\/?s={search_term_string}\"},\"query-input\":{\"@type\":\"PropertyValueSpecification\",\"valueRequired\":true,\"valueName\":\"search_term_string\"}}],\"inLanguage\":\"de\"},{\"@type\":\"Organization\",\"@id\":\"https:\\\/\\\/www.organisator.ch\\\/#organization\",\"name\":\"Organisator\",\"url\":\"https:\\\/\\\/www.organisator.ch\\\/\",\"logo\":{\"@type\":\"ImageObject\",\"inLanguage\":\"de\",\"@id\":\"https:\\\/\\\/www.organisator.ch\\\/#\\\/schema\\\/logo\\\/image\\\/\",\"url\":\"https:\\\/\\\/www.organisator.ch\\\/wp-content\\\/uploads\\\/2022\\\/01\\\/Logo_Organisator_Website.png\",\"contentUrl\":\"https:\\\/\\\/www.organisator.ch\\\/wp-content\\\/uploads\\\/2022\\\/01\\\/Logo_Organisator_Website.png\",\"width\":800,\"height\":77,\"caption\":\"Organisator\"},\"image\":{\"@id\":\"https:\\\/\\\/www.organisator.ch\\\/#\\\/schema\\\/logo\\\/image\\\/\"},\"sameAs\":[\"https:\\\/\\\/www.facebook.com\\\/OrganisatorFachmagazin\",\"https:\\\/\\\/www.linkedin.com\\\/showcase\\\/organisator-das-magazin-fr-kmu\",\"https:\\\/\\\/www.xing.com\\\/news\\\/pages\\\/organisator-ch-695\",\"https:\\\/\\\/www.youtube.com\\\/channel\\\/UCGP2Sq0iWaZwT3BdIAQFYpw\"]},{\"@type\":\"Person\",\"@id\":\"https:\\\/\\\/www.organisator.ch\\\/#\\\/schema\\\/person\\\/aa2bace6c5c5aad60102004a50c4eb1c\",\"name\":\"admin\",\"image\":{\"@type\":\"ImageObject\",\"inLanguage\":\"de\",\"@id\":\"https:\\\/\\\/secure.gravatar.com\\\/avatar\\\/ae2f4d718e6c49043e314ce431e7e645d646302a24a5ef5a8bc8e3f5a032e319?s=96&d=mm&r=g\",\"url\":\"https:\\\/\\\/secure.gravatar.com\\\/avatar\\\/ae2f4d718e6c49043e314ce431e7e645d646302a24a5ef5a8bc8e3f5a032e319?s=96&d=mm&r=g\",\"contentUrl\":\"https:\\\/\\\/secure.gravatar.com\\\/avatar\\\/ae2f4d718e6c49043e314ce431e7e645d646302a24a5ef5a8bc8e3f5a032e319?s=96&d=mm&r=g\",\"caption\":\"admin\"},\"sameAs\":[\"https:\\\/\\\/www.organisator.ch\"],\"url\":\"https:\\\/\\\/www.organisator.ch\\\/de\\\/author\\\/admin\\\/\"}]}<\/script>\n<!-- \/ Yoast SEO plugin. -->","yoast_head_json":{"title":"Kosovo als Innovationspark \u2013 interessant auch f\u00fcr Schweizer KMU? - Organisator","description":"Viele Menschen aus dem Kosovo leben in der Schweiz und nehmen an unserem Wirtschaftslebenteil. Aber wie steht es um die wirtschaftliche Lage in ihrem Herkunftsland?","robots":{"index":"index","follow":"follow","max-snippet":"max-snippet:-1","max-image-preview":"max-image-preview:large","max-video-preview":"max-video-preview:-1"},"canonical":"https:\/\/www.organisator.ch\/de\/management\/2024-08-28\/kosovo-als-innovationspark-interessant-auch-fuer-schweizer-kmu\/","og_locale":"de_DE","og_type":"article","og_title":"Kosovo als Innovationspark \u2013 interessant auch f\u00fcr Schweizer KMU? - Organisator","og_description":"Viele Menschen aus dem Kosovo leben in der Schweiz und nehmen an unserem Wirtschaftslebenteil. Aber wie steht es um die wirtschaftliche Lage in ihrem Herkunftsland?","og_url":"https:\/\/www.organisator.ch\/de\/management\/2024-08-28\/kosovo-als-innovationspark-interessant-auch-fuer-schweizer-kmu\/","og_site_name":"Organisator","article_publisher":"https:\/\/www.facebook.com\/OrganisatorFachmagazin","article_published_time":"2024-08-27T22:06:28+00:00","og_image":[{"width":990,"height":936,"url":"https:\/\/www.organisator.ch\/wp-content\/uploads\/2024\/08\/NEU_Management_Kosovo_Wirtschaft_Bild1_organisator_112612-e1723557710390.jpg","type":"image\/jpeg"}],"author":"admin","twitter_card":"summary_large_image","schema":{"@context":"https:\/\/schema.org","@graph":[{"@type":"Article","@id":"https:\/\/www.organisator.ch\/management\/2024-08-28\/kosovo-als-innovationspark-interessant-auch-fuer-schweizer-kmu\/#article","isPartOf":{"@id":"https:\/\/www.organisator.ch\/management\/2024-08-28\/kosovo-als-innovationspark-interessant-auch-fuer-schweizer-kmu\/"},"author":{"name":"admin","@id":"https:\/\/www.organisator.ch\/#\/schema\/person\/aa2bace6c5c5aad60102004a50c4eb1c"},"headline":"Kosovo als Innovationspark \u2013 interessant auch f\u00fcr Schweizer KMU?","datePublished":"2024-08-27T22:06:28+00:00","mainEntityOfPage":{"@id":"https:\/\/www.organisator.ch\/management\/2024-08-28\/kosovo-als-innovationspark-interessant-auch-fuer-schweizer-kmu\/"},"wordCount":727,"publisher":{"@id":"https:\/\/www.organisator.ch\/#organization"},"image":{"@id":"https:\/\/www.organisator.ch\/management\/2024-08-28\/kosovo-als-innovationspark-interessant-auch-fuer-schweizer-kmu\/#primaryimage"},"thumbnailUrl":"https:\/\/www.organisator.ch\/wp-content\/uploads\/2024\/08\/NEU_Management_Kosovo_Wirtschaft_Bild1_organisator_112612-e1723557710390.jpg","keywords":["Innovation","KMU","Management","Wirtschaft"],"articleSection":["ABO+","MANAGEMENT"],"inLanguage":"de"},{"@type":"WebPage","@id":"https:\/\/www.organisator.ch\/management\/2024-08-28\/kosovo-als-innovationspark-interessant-auch-fuer-schweizer-kmu\/","url":"https:\/\/www.organisator.ch\/management\/2024-08-28\/kosovo-als-innovationspark-interessant-auch-fuer-schweizer-kmu\/","name":"Kosovo als Innovationspark \u2013 interessant auch f\u00fcr Schweizer KMU? - Organisator","isPartOf":{"@id":"https:\/\/www.organisator.ch\/#website"},"primaryImageOfPage":{"@id":"https:\/\/www.organisator.ch\/management\/2024-08-28\/kosovo-als-innovationspark-interessant-auch-fuer-schweizer-kmu\/#primaryimage"},"image":{"@id":"https:\/\/www.organisator.ch\/management\/2024-08-28\/kosovo-als-innovationspark-interessant-auch-fuer-schweizer-kmu\/#primaryimage"},"thumbnailUrl":"https:\/\/www.organisator.ch\/wp-content\/uploads\/2024\/08\/NEU_Management_Kosovo_Wirtschaft_Bild1_organisator_112612-e1723557710390.jpg","datePublished":"2024-08-27T22:06:28+00:00","description":"Viele Menschen aus dem Kosovo leben in der Schweiz und nehmen an unserem Wirtschaftslebenteil. Aber wie steht es um die wirtschaftliche Lage in ihrem Herkunftsland?","breadcrumb":{"@id":"https:\/\/www.organisator.ch\/management\/2024-08-28\/kosovo-als-innovationspark-interessant-auch-fuer-schweizer-kmu\/#breadcrumb"},"inLanguage":"de","potentialAction":[{"@type":"ReadAction","target":["https:\/\/www.organisator.ch\/management\/2024-08-28\/kosovo-als-innovationspark-interessant-auch-fuer-schweizer-kmu\/"]}]},{"@type":"ImageObject","inLanguage":"de","@id":"https:\/\/www.organisator.ch\/management\/2024-08-28\/kosovo-als-innovationspark-interessant-auch-fuer-schweizer-kmu\/#primaryimage","url":"https:\/\/www.organisator.ch\/wp-content\/uploads\/2024\/08\/NEU_Management_Kosovo_Wirtschaft_Bild1_organisator_112612-e1723557710390.jpg","contentUrl":"https:\/\/www.organisator.ch\/wp-content\/uploads\/2024\/08\/NEU_Management_Kosovo_Wirtschaft_Bild1_organisator_112612-e1723557710390.jpg","width":990,"height":936,"caption":"Die dynamische Stadt Prizren zeigt, dass die Wirtschaft im Kosovo funktioniert. \u00a9 Adelisa Salaji Kalajdzini"},{"@type":"BreadcrumbList","@id":"https:\/\/www.organisator.ch\/management\/2024-08-28\/kosovo-als-innovationspark-interessant-auch-fuer-schweizer-kmu\/#breadcrumb","itemListElement":[{"@type":"ListItem","position":1,"name":"Home","item":"https:\/\/www.organisator.ch\/"},{"@type":"ListItem","position":2,"name":"Kosovo als Innovationspark \u2013 interessant auch f\u00fcr Schweizer KMU?"}]},{"@type":"WebSite","@id":"https:\/\/www.organisator.ch\/#website","url":"https:\/\/www.organisator.ch\/","name":"Organisator","description":"Kompetent. Praxisnah. Der ORGANISATOR bereitet in 10 Ausgaben pro Jahr die wesentlichen Themen f\u00fcr F\u00fchrungskr\u00e4fte von KMU auf.","publisher":{"@id":"https:\/\/www.organisator.ch\/#organization"},"potentialAction":[{"@type":"SearchAction","target":{"@type":"EntryPoint","urlTemplate":"https:\/\/www.organisator.ch\/?s={search_term_string}"},"query-input":{"@type":"PropertyValueSpecification","valueRequired":true,"valueName":"search_term_string"}}],"inLanguage":"de"},{"@type":"Organization","@id":"https:\/\/www.organisator.ch\/#organization","name":"Organisator","url":"https:\/\/www.organisator.ch\/","logo":{"@type":"ImageObject","inLanguage":"de","@id":"https:\/\/www.organisator.ch\/#\/schema\/logo\/image\/","url":"https:\/\/www.organisator.ch\/wp-content\/uploads\/2022\/01\/Logo_Organisator_Website.png","contentUrl":"https:\/\/www.organisator.ch\/wp-content\/uploads\/2022\/01\/Logo_Organisator_Website.png","width":800,"height":77,"caption":"Organisator"},"image":{"@id":"https:\/\/www.organisator.ch\/#\/schema\/logo\/image\/"},"sameAs":["https:\/\/www.facebook.com\/OrganisatorFachmagazin","https:\/\/www.linkedin.com\/showcase\/organisator-das-magazin-fr-kmu","https:\/\/www.xing.com\/news\/pages\/organisator-ch-695","https:\/\/www.youtube.com\/channel\/UCGP2Sq0iWaZwT3BdIAQFYpw"]},{"@type":"Person","@id":"https:\/\/www.organisator.ch\/#\/schema\/person\/aa2bace6c5c5aad60102004a50c4eb1c","name":"admin","image":{"@type":"ImageObject","inLanguage":"de","@id":"https:\/\/secure.gravatar.com\/avatar\/ae2f4d718e6c49043e314ce431e7e645d646302a24a5ef5a8bc8e3f5a032e319?s=96&d=mm&r=g","url":"https:\/\/secure.gravatar.com\/avatar\/ae2f4d718e6c49043e314ce431e7e645d646302a24a5ef5a8bc8e3f5a032e319?s=96&d=mm&r=g","contentUrl":"https:\/\/secure.gravatar.com\/avatar\/ae2f4d718e6c49043e314ce431e7e645d646302a24a5ef5a8bc8e3f5a032e319?s=96&d=mm&r=g","caption":"admin"},"sameAs":["https:\/\/www.organisator.ch"],"url":"https:\/\/www.organisator.ch\/de\/author\/admin\/"}]}},"_links":{"self":[{"href":"https:\/\/www.organisator.ch\/de\/wp-json\/wp\/v2\/posts\/28888","targetHints":{"allow":["GET"]}}],"collection":[{"href":"https:\/\/www.organisator.ch\/de\/wp-json\/wp\/v2\/posts"}],"about":[{"href":"https:\/\/www.organisator.ch\/de\/wp-json\/wp\/v2\/types\/post"}],"author":[{"embeddable":true,"href":"https:\/\/www.organisator.ch\/de\/wp-json\/wp\/v2\/users\/1"}],"replies":[{"embeddable":true,"href":"https:\/\/www.organisator.ch\/de\/wp-json\/wp\/v2\/comments?post=28888"}],"version-history":[{"count":2,"href":"https:\/\/www.organisator.ch\/de\/wp-json\/wp\/v2\/posts\/28888\/revisions"}],"predecessor-version":[{"id":28934,"href":"https:\/\/www.organisator.ch\/de\/wp-json\/wp\/v2\/posts\/28888\/revisions\/28934"}],"wp:featuredmedia":[{"embeddable":true,"href":"https:\/\/www.organisator.ch\/de\/wp-json\/wp\/v2\/media\/28886"}],"wp:attachment":[{"href":"https:\/\/www.organisator.ch\/de\/wp-json\/wp\/v2\/media?parent=28888"}],"wp:term":[{"taxonomy":"category","embeddable":true,"href":"https:\/\/www.organisator.ch\/de\/wp-json\/wp\/v2\/categories?post=28888"},{"taxonomy":"post_tag","embeddable":true,"href":"https:\/\/www.organisator.ch\/de\/wp-json\/wp\/v2\/tags?post=28888"}],"curies":[{"name":"wp","href":"https:\/\/api.w.org\/{rel}","templated":true}]}}