{"id":28941,"date":"2024-08-13T16:28:57","date_gmt":"2024-08-13T14:28:57","guid":{"rendered":"https:\/\/www.markt-kom.com\/?p=221570"},"modified":"2024-11-08T13:06:07","modified_gmt":"2024-11-08T12:06:07","slug":"livio-hiltbrand-wird-markenbotschafter-von-aldi-suisse","status":"publish","type":"post","link":"https:\/\/www.organisator.ch\/de\/marketing\/2024-08-13\/livio-hiltbrand-wird-markenbotschafter-von-aldi-suisse\/","title":{"rendered":"Livio Hiltbrand wird Markenbotschafter von Aldi Suisse"},"content":{"rendered":"<figure id=\"attachment_221571\" class=\"wp-caption aligncenter\" style=\"width: 1200px\" aria-describedby=\"caption-attachment-221571\"><img class=\"aligncenter wp-image-221571 size-full\" src=\"https:\/\/www.markt-kom.com\/wp-content\/uploads\/2024\/08\/Markenbotschafter_Livio_Hiltbrand_Aldi-Suisse.jpg\" alt=\"Livio\" width=\"1200\" height=\"800\" \/>\r\n<figcaption id=\"caption-attachment-221571\" class=\"wp-caption-text\">(Bild: zVg.)<\/figcaption>\r\n<\/figure>\r\n<p>Der 20-j\u00e4hrige Ski-Alpin-Rennfahrer Livio Hiltbrand erh\u00e4lt ab der kommenden Saison Unterst\u00fctzung von Aldi Suisse. Der Schweizer Detailh\u00e4ndler wird bis zur Saison 2026\/27 Trinkflaschen-Sponsor sowie f\u00fcr dieses Jahr zweiter Helm-Sponsor des jungen Skitalents. Zus\u00e4tzlich \u00fcbernimmt Aldi Suisse das Sponsoring der Trainingsstartnummer f\u00fcr die kommende Saison.<\/p>\r\n<p>Mit dem Sponsoring von Livio Hiltbrand verst\u00e4rke Aldi Suisse sein soziales Engagement in der Sportf\u00f6rderung weiter, schreibt der Detailh\u00e4ndler in einer Mitteilung. \u00abMit Livio Hiltbrand haben wir den idealen Partner gefunden. Er verk\u00f6rpert mit seinem Tatendrang und seiner Leidenschaft die Werte, f\u00fcr die Aldi Suisse steht\u00bb, sagt J\u00e9r\u00f4me Meyer, Country Managing Director von Aldi Suisse. Im Rahmen der Partnerschaft wird der Skirennfahrer den Schweizer Detailh\u00e4ndler auch als Markenbotschafter vertreten. Wie bereits die Markenbotschafterin Salom\u00e9 Kora wird auch Livio Hiltbrand Aldi Suisse bei seinem Engagement f\u00fcr eine gesunde Lebensweise unterst\u00fctzen.<\/p>","protected":false},"excerpt":{"rendered":"<p>Livio Hiltbrand hat eine langfristige Sponsoring-Partnerschaft mit Aldi Suisse abgeschlossen. Der Detailh\u00e4ndler wird bis zur Saison 2026\/27 als Trinkflaschen-Sponsor und in der kommenden Saison als zweiter Helm- sowie Trainingsnummer-Sponsor des Ski-Alpin-Rennfahrers auftreten.<\/p>\n","protected":false},"author":8,"featured_media":0,"comment_status":"closed","ping_status":"closed","sticky":false,"template":"","format":"standard","meta":{"_acf_changed":false,"_yoast_wpseo_focuskw":"Livio","_yoast_wpseo_metadesc":"Aldi Suisse unterst\u00fctzt Ski-Alpin-Rennfahrer Livio Hiltbrand bis 2026\/27 als Sponsor und Markenbotschafter.","articlekey":"","footnotes":""},"categories":[29],"tags":[3451,2752,4343],"class_list":["post-28941","post","type-post","status-publish","format-standard","hentry","category-marketing","tag-aldi-suisse","tag-markenbotschafter","tag-markom"],"acf":[],"yoast_head":"<!-- This site is optimized with the Yoast SEO plugin v27.5 - https:\/\/yoast.com\/product\/yoast-seo-wordpress\/ -->\n<title>Livio Hiltbrand wird Markenbotschafter von Aldi Suisse - Organisator<\/title>\n<meta name=\"description\" content=\"Aldi Suisse unterst\u00fctzt Ski-Alpin-Rennfahrer Livio Hiltbrand bis 2026\/27 als Sponsor und Markenbotschafter.\" \/>\n<meta name=\"robots\" content=\"index, follow, max-snippet:-1, max-image-preview:large, max-video-preview:-1\" \/>\n<link rel=\"canonical\" href=\"https:\/\/www.organisator.ch\/de\/marketing\/2024-08-13\/livio-hiltbrand-wird-markenbotschafter-von-aldi-suisse\/\" \/>\n<meta property=\"og:locale\" content=\"de_DE\" \/>\n<meta property=\"og:type\" content=\"article\" \/>\n<meta property=\"og:title\" content=\"Livio Hiltbrand wird Markenbotschafter von Aldi Suisse - Organisator\" \/>\n<meta property=\"og:description\" content=\"Aldi Suisse unterst\u00fctzt Ski-Alpin-Rennfahrer Livio Hiltbrand bis 2026\/27 als Sponsor und Markenbotschafter.\" \/>\n<meta property=\"og:url\" content=\"https:\/\/www.organisator.ch\/de\/marketing\/2024-08-13\/livio-hiltbrand-wird-markenbotschafter-von-aldi-suisse\/\" \/>\n<meta property=\"og:site_name\" content=\"Organisator\" \/>\n<meta property=\"article:publisher\" content=\"https:\/\/www.facebook.com\/OrganisatorFachmagazin\" \/>\n<meta property=\"article:published_time\" content=\"2024-08-13T14:28:57+00:00\" \/>\n<meta property=\"article:modified_time\" content=\"2024-11-08T12:06:07+00:00\" \/>\n<meta property=\"og:image\" content=\"https:\/\/www.markt-kom.com\/wp-content\/uploads\/2024\/08\/Markenbotschafter_Livio_Hiltbrand_Aldi-Suisse.jpg\" \/>\n<meta name=\"author\" content=\"galledia\" \/>\n<meta name=\"twitter:card\" content=\"summary_large_image\" \/>\n<meta name=\"twitter:creator\" content=\"@admin\" \/>\n<script type=\"application\/ld+json\" class=\"yoast-schema-graph\">{\"@context\":\"https:\\\/\\\/schema.org\",\"@graph\":[{\"@type\":\"Article\",\"@id\":\"https:\\\/\\\/www.organisator.ch\\\/marketing\\\/2024-08-13\\\/livio-hiltbrand-wird-markenbotschafter-von-aldi-suisse\\\/#article\",\"isPartOf\":{\"@id\":\"https:\\\/\\\/www.organisator.ch\\\/marketing\\\/2024-08-13\\\/livio-hiltbrand-wird-markenbotschafter-von-aldi-suisse\\\/\"},\"author\":{\"name\":\"galledia\",\"@id\":\"https:\\\/\\\/www.organisator.ch\\\/#\\\/schema\\\/person\\\/4e51799071cd2dd1232ac003643ef5f0\"},\"headline\":\"Livio Hiltbrand wird Markenbotschafter von Aldi Suisse\",\"datePublished\":\"2024-08-13T14:28:57+00:00\",\"dateModified\":\"2024-11-08T12:06:07+00:00\",\"mainEntityOfPage\":{\"@id\":\"https:\\\/\\\/www.organisator.ch\\\/marketing\\\/2024-08-13\\\/livio-hiltbrand-wird-markenbotschafter-von-aldi-suisse\\\/\"},\"wordCount\":158,\"publisher\":{\"@id\":\"https:\\\/\\\/www.organisator.ch\\\/#organization\"},\"image\":{\"@id\":\"https:\\\/\\\/www.organisator.ch\\\/marketing\\\/2024-08-13\\\/livio-hiltbrand-wird-markenbotschafter-von-aldi-suisse\\\/#primaryimage\"},\"thumbnailUrl\":\"https:\\\/\\\/www.markt-kom.com\\\/wp-content\\\/uploads\\\/2024\\\/08\\\/Markenbotschafter_Livio_Hiltbrand_Aldi-Suisse.jpg\",\"keywords\":[\"Aldi Suisse\",\"Markenbotschafter\",\"MarKom\"],\"articleSection\":[\"MARKETING\"],\"inLanguage\":\"de\"},{\"@type\":\"WebPage\",\"@id\":\"https:\\\/\\\/www.organisator.ch\\\/marketing\\\/2024-08-13\\\/livio-hiltbrand-wird-markenbotschafter-von-aldi-suisse\\\/\",\"url\":\"https:\\\/\\\/www.organisator.ch\\\/marketing\\\/2024-08-13\\\/livio-hiltbrand-wird-markenbotschafter-von-aldi-suisse\\\/\",\"name\":\"Livio Hiltbrand wird Markenbotschafter von Aldi Suisse - Organisator\",\"isPartOf\":{\"@id\":\"https:\\\/\\\/www.organisator.ch\\\/#website\"},\"primaryImageOfPage\":{\"@id\":\"https:\\\/\\\/www.organisator.ch\\\/marketing\\\/2024-08-13\\\/livio-hiltbrand-wird-markenbotschafter-von-aldi-suisse\\\/#primaryimage\"},\"image\":{\"@id\":\"https:\\\/\\\/www.organisator.ch\\\/marketing\\\/2024-08-13\\\/livio-hiltbrand-wird-markenbotschafter-von-aldi-suisse\\\/#primaryimage\"},\"thumbnailUrl\":\"https:\\\/\\\/www.markt-kom.com\\\/wp-content\\\/uploads\\\/2024\\\/08\\\/Markenbotschafter_Livio_Hiltbrand_Aldi-Suisse.jpg\",\"datePublished\":\"2024-08-13T14:28:57+00:00\",\"dateModified\":\"2024-11-08T12:06:07+00:00\",\"description\":\"Aldi Suisse unterst\u00fctzt Ski-Alpin-Rennfahrer Livio Hiltbrand bis 2026\\\/27 als Sponsor und Markenbotschafter.\",\"breadcrumb\":{\"@id\":\"https:\\\/\\\/www.organisator.ch\\\/marketing\\\/2024-08-13\\\/livio-hiltbrand-wird-markenbotschafter-von-aldi-suisse\\\/#breadcrumb\"},\"inLanguage\":\"de\",\"potentialAction\":[{\"@type\":\"ReadAction\",\"target\":[\"https:\\\/\\\/www.organisator.ch\\\/marketing\\\/2024-08-13\\\/livio-hiltbrand-wird-markenbotschafter-von-aldi-suisse\\\/\"]}]},{\"@type\":\"ImageObject\",\"inLanguage\":\"de\",\"@id\":\"https:\\\/\\\/www.organisator.ch\\\/marketing\\\/2024-08-13\\\/livio-hiltbrand-wird-markenbotschafter-von-aldi-suisse\\\/#primaryimage\",\"url\":\"https:\\\/\\\/www.markt-kom.com\\\/wp-content\\\/uploads\\\/2024\\\/08\\\/Markenbotschafter_Livio_Hiltbrand_Aldi-Suisse.jpg\",\"contentUrl\":\"https:\\\/\\\/www.markt-kom.com\\\/wp-content\\\/uploads\\\/2024\\\/08\\\/Markenbotschafter_Livio_Hiltbrand_Aldi-Suisse.jpg\"},{\"@type\":\"BreadcrumbList\",\"@id\":\"https:\\\/\\\/www.organisator.ch\\\/marketing\\\/2024-08-13\\\/livio-hiltbrand-wird-markenbotschafter-von-aldi-suisse\\\/#breadcrumb\",\"itemListElement\":[{\"@type\":\"ListItem\",\"position\":1,\"name\":\"Home\",\"item\":\"https:\\\/\\\/www.organisator.ch\\\/\"},{\"@type\":\"ListItem\",\"position\":2,\"name\":\"Livio Hiltbrand wird Markenbotschafter von Aldi Suisse\"}]},{\"@type\":\"WebSite\",\"@id\":\"https:\\\/\\\/www.organisator.ch\\\/#website\",\"url\":\"https:\\\/\\\/www.organisator.ch\\\/\",\"name\":\"Organisator\",\"description\":\"Kompetent. Praxisnah. Der ORGANISATOR bereitet in 10 Ausgaben pro Jahr die wesentlichen Themen f\u00fcr F\u00fchrungskr\u00e4fte von KMU auf.\",\"publisher\":{\"@id\":\"https:\\\/\\\/www.organisator.ch\\\/#organization\"},\"potentialAction\":[{\"@type\":\"SearchAction\",\"target\":{\"@type\":\"EntryPoint\",\"urlTemplate\":\"https:\\\/\\\/www.organisator.ch\\\/?s={search_term_string}\"},\"query-input\":{\"@type\":\"PropertyValueSpecification\",\"valueRequired\":true,\"valueName\":\"search_term_string\"}}],\"inLanguage\":\"de\"},{\"@type\":\"Organization\",\"@id\":\"https:\\\/\\\/www.organisator.ch\\\/#organization\",\"name\":\"Organisator\",\"url\":\"https:\\\/\\\/www.organisator.ch\\\/\",\"logo\":{\"@type\":\"ImageObject\",\"inLanguage\":\"de\",\"@id\":\"https:\\\/\\\/www.organisator.ch\\\/#\\\/schema\\\/logo\\\/image\\\/\",\"url\":\"https:\\\/\\\/www.organisator.ch\\\/wp-content\\\/uploads\\\/2022\\\/01\\\/Logo_Organisator_Website.png\",\"contentUrl\":\"https:\\\/\\\/www.organisator.ch\\\/wp-content\\\/uploads\\\/2022\\\/01\\\/Logo_Organisator_Website.png\",\"width\":800,\"height\":77,\"caption\":\"Organisator\"},\"image\":{\"@id\":\"https:\\\/\\\/www.organisator.ch\\\/#\\\/schema\\\/logo\\\/image\\\/\"},\"sameAs\":[\"https:\\\/\\\/www.facebook.com\\\/OrganisatorFachmagazin\",\"https:\\\/\\\/www.linkedin.com\\\/showcase\\\/organisator-das-magazin-fr-kmu\",\"https:\\\/\\\/www.xing.com\\\/news\\\/pages\\\/organisator-ch-695\",\"https:\\\/\\\/www.youtube.com\\\/channel\\\/UCGP2Sq0iWaZwT3BdIAQFYpw\"]},{\"@type\":\"Person\",\"@id\":\"https:\\\/\\\/www.organisator.ch\\\/#\\\/schema\\\/person\\\/4e51799071cd2dd1232ac003643ef5f0\",\"name\":\"galledia\",\"image\":{\"@type\":\"ImageObject\",\"inLanguage\":\"de\",\"@id\":\"https:\\\/\\\/secure.gravatar.com\\\/avatar\\\/78a7f90c01fc2bfc875782a0d4922b37cde2cf184ce347b91316d23cd7f69a36?s=96&d=mm&r=g\",\"url\":\"https:\\\/\\\/secure.gravatar.com\\\/avatar\\\/78a7f90c01fc2bfc875782a0d4922b37cde2cf184ce347b91316d23cd7f69a36?s=96&d=mm&r=g\",\"contentUrl\":\"https:\\\/\\\/secure.gravatar.com\\\/avatar\\\/78a7f90c01fc2bfc875782a0d4922b37cde2cf184ce347b91316d23cd7f69a36?s=96&d=mm&r=g\",\"caption\":\"galledia\"},\"sameAs\":[\"https:\\\/\\\/x.com\\\/admin\"],\"url\":\"https:\\\/\\\/www.organisator.ch\\\/de\\\/author\\\/galledia\\\/\"}]}<\/script>\n<!-- \/ Yoast SEO plugin. -->","yoast_head_json":{"title":"Livio Hiltbrand wird Markenbotschafter von Aldi Suisse - Organisator","description":"Aldi Suisse unterst\u00fctzt Ski-Alpin-Rennfahrer Livio Hiltbrand bis 2026\/27 als Sponsor und Markenbotschafter.","robots":{"index":"index","follow":"follow","max-snippet":"max-snippet:-1","max-image-preview":"max-image-preview:large","max-video-preview":"max-video-preview:-1"},"canonical":"https:\/\/www.organisator.ch\/de\/marketing\/2024-08-13\/livio-hiltbrand-wird-markenbotschafter-von-aldi-suisse\/","og_locale":"de_DE","og_type":"article","og_title":"Livio Hiltbrand wird Markenbotschafter von Aldi Suisse - Organisator","og_description":"Aldi Suisse unterst\u00fctzt Ski-Alpin-Rennfahrer Livio Hiltbrand bis 2026\/27 als Sponsor und Markenbotschafter.","og_url":"https:\/\/www.organisator.ch\/de\/marketing\/2024-08-13\/livio-hiltbrand-wird-markenbotschafter-von-aldi-suisse\/","og_site_name":"Organisator","article_publisher":"https:\/\/www.facebook.com\/OrganisatorFachmagazin","article_published_time":"2024-08-13T14:28:57+00:00","article_modified_time":"2024-11-08T12:06:07+00:00","og_image":[{"url":"https:\/\/www.markt-kom.com\/wp-content\/uploads\/2024\/08\/Markenbotschafter_Livio_Hiltbrand_Aldi-Suisse.jpg","type":"","width":"","height":""}],"author":"galledia","twitter_card":"summary_large_image","twitter_creator":"@admin","schema":{"@context":"https:\/\/schema.org","@graph":[{"@type":"Article","@id":"https:\/\/www.organisator.ch\/marketing\/2024-08-13\/livio-hiltbrand-wird-markenbotschafter-von-aldi-suisse\/#article","isPartOf":{"@id":"https:\/\/www.organisator.ch\/marketing\/2024-08-13\/livio-hiltbrand-wird-markenbotschafter-von-aldi-suisse\/"},"author":{"name":"galledia","@id":"https:\/\/www.organisator.ch\/#\/schema\/person\/4e51799071cd2dd1232ac003643ef5f0"},"headline":"Livio Hiltbrand wird Markenbotschafter von Aldi Suisse","datePublished":"2024-08-13T14:28:57+00:00","dateModified":"2024-11-08T12:06:07+00:00","mainEntityOfPage":{"@id":"https:\/\/www.organisator.ch\/marketing\/2024-08-13\/livio-hiltbrand-wird-markenbotschafter-von-aldi-suisse\/"},"wordCount":158,"publisher":{"@id":"https:\/\/www.organisator.ch\/#organization"},"image":{"@id":"https:\/\/www.organisator.ch\/marketing\/2024-08-13\/livio-hiltbrand-wird-markenbotschafter-von-aldi-suisse\/#primaryimage"},"thumbnailUrl":"https:\/\/www.markt-kom.com\/wp-content\/uploads\/2024\/08\/Markenbotschafter_Livio_Hiltbrand_Aldi-Suisse.jpg","keywords":["Aldi Suisse","Markenbotschafter","MarKom"],"articleSection":["MARKETING"],"inLanguage":"de"},{"@type":"WebPage","@id":"https:\/\/www.organisator.ch\/marketing\/2024-08-13\/livio-hiltbrand-wird-markenbotschafter-von-aldi-suisse\/","url":"https:\/\/www.organisator.ch\/marketing\/2024-08-13\/livio-hiltbrand-wird-markenbotschafter-von-aldi-suisse\/","name":"Livio Hiltbrand wird Markenbotschafter von Aldi Suisse - Organisator","isPartOf":{"@id":"https:\/\/www.organisator.ch\/#website"},"primaryImageOfPage":{"@id":"https:\/\/www.organisator.ch\/marketing\/2024-08-13\/livio-hiltbrand-wird-markenbotschafter-von-aldi-suisse\/#primaryimage"},"image":{"@id":"https:\/\/www.organisator.ch\/marketing\/2024-08-13\/livio-hiltbrand-wird-markenbotschafter-von-aldi-suisse\/#primaryimage"},"thumbnailUrl":"https:\/\/www.markt-kom.com\/wp-content\/uploads\/2024\/08\/Markenbotschafter_Livio_Hiltbrand_Aldi-Suisse.jpg","datePublished":"2024-08-13T14:28:57+00:00","dateModified":"2024-11-08T12:06:07+00:00","description":"Aldi Suisse unterst\u00fctzt Ski-Alpin-Rennfahrer Livio Hiltbrand bis 2026\/27 als Sponsor und Markenbotschafter.","breadcrumb":{"@id":"https:\/\/www.organisator.ch\/marketing\/2024-08-13\/livio-hiltbrand-wird-markenbotschafter-von-aldi-suisse\/#breadcrumb"},"inLanguage":"de","potentialAction":[{"@type":"ReadAction","target":["https:\/\/www.organisator.ch\/marketing\/2024-08-13\/livio-hiltbrand-wird-markenbotschafter-von-aldi-suisse\/"]}]},{"@type":"ImageObject","inLanguage":"de","@id":"https:\/\/www.organisator.ch\/marketing\/2024-08-13\/livio-hiltbrand-wird-markenbotschafter-von-aldi-suisse\/#primaryimage","url":"https:\/\/www.markt-kom.com\/wp-content\/uploads\/2024\/08\/Markenbotschafter_Livio_Hiltbrand_Aldi-Suisse.jpg","contentUrl":"https:\/\/www.markt-kom.com\/wp-content\/uploads\/2024\/08\/Markenbotschafter_Livio_Hiltbrand_Aldi-Suisse.jpg"},{"@type":"BreadcrumbList","@id":"https:\/\/www.organisator.ch\/marketing\/2024-08-13\/livio-hiltbrand-wird-markenbotschafter-von-aldi-suisse\/#breadcrumb","itemListElement":[{"@type":"ListItem","position":1,"name":"Home","item":"https:\/\/www.organisator.ch\/"},{"@type":"ListItem","position":2,"name":"Livio Hiltbrand wird Markenbotschafter von Aldi Suisse"}]},{"@type":"WebSite","@id":"https:\/\/www.organisator.ch\/#website","url":"https:\/\/www.organisator.ch\/","name":"Organisator","description":"Kompetent. Praxisnah. Der ORGANISATOR bereitet in 10 Ausgaben pro Jahr die wesentlichen Themen f\u00fcr F\u00fchrungskr\u00e4fte von KMU auf.","publisher":{"@id":"https:\/\/www.organisator.ch\/#organization"},"potentialAction":[{"@type":"SearchAction","target":{"@type":"EntryPoint","urlTemplate":"https:\/\/www.organisator.ch\/?s={search_term_string}"},"query-input":{"@type":"PropertyValueSpecification","valueRequired":true,"valueName":"search_term_string"}}],"inLanguage":"de"},{"@type":"Organization","@id":"https:\/\/www.organisator.ch\/#organization","name":"Organisator","url":"https:\/\/www.organisator.ch\/","logo":{"@type":"ImageObject","inLanguage":"de","@id":"https:\/\/www.organisator.ch\/#\/schema\/logo\/image\/","url":"https:\/\/www.organisator.ch\/wp-content\/uploads\/2022\/01\/Logo_Organisator_Website.png","contentUrl":"https:\/\/www.organisator.ch\/wp-content\/uploads\/2022\/01\/Logo_Organisator_Website.png","width":800,"height":77,"caption":"Organisator"},"image":{"@id":"https:\/\/www.organisator.ch\/#\/schema\/logo\/image\/"},"sameAs":["https:\/\/www.facebook.com\/OrganisatorFachmagazin","https:\/\/www.linkedin.com\/showcase\/organisator-das-magazin-fr-kmu","https:\/\/www.xing.com\/news\/pages\/organisator-ch-695","https:\/\/www.youtube.com\/channel\/UCGP2Sq0iWaZwT3BdIAQFYpw"]},{"@type":"Person","@id":"https:\/\/www.organisator.ch\/#\/schema\/person\/4e51799071cd2dd1232ac003643ef5f0","name":"galledia","image":{"@type":"ImageObject","inLanguage":"de","@id":"https:\/\/secure.gravatar.com\/avatar\/78a7f90c01fc2bfc875782a0d4922b37cde2cf184ce347b91316d23cd7f69a36?s=96&d=mm&r=g","url":"https:\/\/secure.gravatar.com\/avatar\/78a7f90c01fc2bfc875782a0d4922b37cde2cf184ce347b91316d23cd7f69a36?s=96&d=mm&r=g","contentUrl":"https:\/\/secure.gravatar.com\/avatar\/78a7f90c01fc2bfc875782a0d4922b37cde2cf184ce347b91316d23cd7f69a36?s=96&d=mm&r=g","caption":"galledia"},"sameAs":["https:\/\/x.com\/admin"],"url":"https:\/\/www.organisator.ch\/de\/author\/galledia\/"}]}},"_links":{"self":[{"href":"https:\/\/www.organisator.ch\/de\/wp-json\/wp\/v2\/posts\/28941","targetHints":{"allow":["GET"]}}],"collection":[{"href":"https:\/\/www.organisator.ch\/de\/wp-json\/wp\/v2\/posts"}],"about":[{"href":"https:\/\/www.organisator.ch\/de\/wp-json\/wp\/v2\/types\/post"}],"author":[{"embeddable":true,"href":"https:\/\/www.organisator.ch\/de\/wp-json\/wp\/v2\/users\/8"}],"replies":[{"embeddable":true,"href":"https:\/\/www.organisator.ch\/de\/wp-json\/wp\/v2\/comments?post=28941"}],"version-history":[{"count":6,"href":"https:\/\/www.organisator.ch\/de\/wp-json\/wp\/v2\/posts\/28941\/revisions"}],"predecessor-version":[{"id":32051,"href":"https:\/\/www.organisator.ch\/de\/wp-json\/wp\/v2\/posts\/28941\/revisions\/32051"}],"wp:attachment":[{"href":"https:\/\/www.organisator.ch\/de\/wp-json\/wp\/v2\/media?parent=28941"}],"wp:term":[{"taxonomy":"category","embeddable":true,"href":"https:\/\/www.organisator.ch\/de\/wp-json\/wp\/v2\/categories?post=28941"},{"taxonomy":"post_tag","embeddable":true,"href":"https:\/\/www.organisator.ch\/de\/wp-json\/wp\/v2\/tags?post=28941"}],"curies":[{"name":"wp","href":"https:\/\/api.w.org\/{rel}","templated":true}]}}