{"id":28956,"date":"2024-08-14T13:10:38","date_gmt":"2024-08-14T11:10:38","guid":{"rendered":"https:\/\/www.organisator.ch\/?p=28956"},"modified":"2024-08-29T08:09:06","modified_gmt":"2024-08-29T06:09:06","slug":"countdown-laeuft-45-schweizer-berufstalente-bereit-fuer-worldskills-2024","status":"publish","type":"post","link":"https:\/\/www.organisator.ch\/de\/management\/2024-08-14\/countdown-laeuft-45-schweizer-berufstalente-bereit-fuer-worldskills-2024\/","title":{"rendered":"Countdown l\u00e4uft: 45 Schweizer Berufstalente bereit f\u00fcr WorldSkills 2024"},"content":{"rendered":"<figure id=\"attachment_28957\" aria-describedby=\"caption-attachment-28957\" style=\"width: 680px\" class=\"wp-caption alignnone\"><img loading=\"lazy\" decoding=\"async\" class=\"size-full wp-image-28957\" src=\"https:\/\/www.organisator.ch\/wp-content\/uploads\/2024\/08\/WorldSkills_Bild1_ps.jpg\" alt=\"\" width=\"680\" height=\"363\" srcset=\"https:\/\/www.organisator.ch\/wp-content\/uploads\/2024\/08\/WorldSkills_Bild1_ps.jpg 680w, https:\/\/www.organisator.ch\/wp-content\/uploads\/2024\/08\/WorldSkills_Bild1_ps-18x10.jpg 18w, https:\/\/www.organisator.ch\/wp-content\/uploads\/2024\/08\/WorldSkills_Bild1_ps-375x200.jpg 375w, https:\/\/www.organisator.ch\/wp-content\/uploads\/2024\/08\/WorldSkills_Bild1_ps-656x350.jpg 656w\" sizes=\"auto, (max-width: 680px) 100vw, 680px\" \/><figcaption id=\"caption-attachment-28957\" class=\"wp-caption-text\">Trainingsweekend in Nottwil 2024. (Bild: www.swiss-skills.ch)<\/figcaption><\/figure>\n<h3><strong>Champions League der Berufsbildung<\/strong><\/h3>\n<p>\u00dcber 1\u2019500 junge Talente aus 65 Nationen messen sich vom 10. bis 15. September an den WorldSkills 2024 in Lyon in packenden Wettk\u00e4mpfen gegen Berufskolleginnen und -kollegen und demonstrieren ihr geballtes K\u00f6nnen. Ob Floristik, Cyber Security, Schweissen, Metallbau, Kleidungsgestaltung oder Hotel Reception \u2013 insgesamt finden 59 verschiedene Wettk\u00e4mpfe statt. Und mittendrin pr\u00e4sentiert sich auch die Schweizer Berufsnationalmannschaft. In 41 Skills (Wettk\u00e4mpfen) werden die 45 jungen Talente an den Start gehen. Damit ist es die gr\u00f6sste Delegation, welche je an den WorldSkills teilnahm. Unterst\u00fctzt werden sie von 42 Expertinnen und Experten.\u00a0<\/p>\n<h3><strong>Bereit f\u00fcr den Wettkampf ihres Lebens<\/strong><\/h3>\n<p>Qualifiziert haben sich die Talente an den zentralen Berufsmeisterschaften SwissSkills. In den letzten Monaten folgten mit der grossen Unterst\u00fctzung ihrer Expertinnen und Experten, den Berufsverb\u00e4nden, Arbeitgebern und Teamleadern rund 1\u2019000 Stunden akribische Vorbereitung pro Teilnehmenden. Umrahmt wird dieses Vorbereitungsprogramm von mehreren gemeinsamen Trainingsweekends \u2013 so wie j\u00fcngst im luzernischen Nottwil. Dabei werden neben wettkampfspezifischen Aufgaben auch Teambildung, physische und mentale Aspekte sowie der Umgang mit Medien geschult. All das, um ab dem 10. September bereit f\u00fcr den Wettkampf ihres Lebens zu sein.<\/p>\n<h3><strong>Die Schweiz rechnet mit Medaillen<\/strong><\/h3>\n<p>Die ausgezeichneten Resultate der Vergangenheit setzen die Messlatte und die eigenen Erwartungen f\u00fcr die 45 Mitglieder des Schweizer Nationalkaders erneut sehr hoch an. Auch in Lyon werden sie alles daransetzen, um diese Erfolgsgeschichte fortzuschreiben. Dabei zeichnet sich ab, dass auch Vertreter der Bundesregierung die Schweizer Delegation in Lyon anfeuern werden. Ein starkes Zeichen der Wertsch\u00e4tzung f\u00fcr die Leistungen der jungen Berufsleute.<\/p>\n<h3><strong>\u00abMy Road to Lyon\u00bb<\/strong><\/h3>\n<p>Die Web-Dokumentarreihe \u00abMy Road to Lyon\u00bb portr\u00e4tiert f\u00fcnf dieser 45 jungen Menschen auf ihrer individuellen Reise zu den WorldSkills 2024. Alle standen vor grossen pers\u00f6nlichen und gesellschaftlichen Herausforderungen. Jeder Protagonist besticht dabei durch seine eigene Geschichte \u2013 etwa mangelndes Selbstvertrauen oder Mobbing-Erfahrungen. Aber letztendlich brachten genau diese Learnings sie bis an die Berufsweltmeisterschaften. Zur Web-Dokumentarreihe \u00abMy Road to Lyon\u00bb geht\u2019s <a href=\"https:\/\/nationalteam.swiss-skills.ch\/de\/webdoku\">hier<\/a>.<\/p>\n<p><em>Quelle:<a href=\"https:\/\/www.swiss-skills.ch\/de\"> www.swiss-skills.ch<\/a><\/em><\/p>\n","protected":false},"excerpt":{"rendered":"<p>In einem Monat ist es soweit! Vom 10. bis 15. September finden in Lyon die Berufsweltmeisterschaften \u00abWorldSkills 2024\u00bb statt. Mit dabei sind auch 45 junge Schweizerinnen und Schweizer \u2013 die gr\u00f6sste Delegation in der Geschichte \u2013 welche in 41 Berufen ihr K\u00f6nnen mit der internationalen Konkurrenz messen. Am letzten gemeinsamen Team-Weekend holte sich die Nationalmannschaft den Feinschliff, um f\u00fcr den Wettkampf ihres Lebens bereit zu sein. Die Schweiz strebt erneut eine Top-3-Platzierung in der Nationenwertung an.<\/p>\n","protected":false},"author":58,"featured_media":28957,"comment_status":"closed","ping_status":"closed","sticky":false,"template":"","format":"standard","meta":{"_acf_changed":false,"_yoast_wpseo_focuskw":"WorldSkills","_yoast_wpseo_metadesc":"In einem Monat ist es soweit! Vom 10. bis 15. September finden in Lyon die Berufsweltmeisterschaften \u00abWorldSkills 2024\u00bb statt.","articlekey":"","footnotes":""},"categories":[28],"tags":[4375,334,424,2709],"class_list":["post-28956","post","type-post","status-publish","format-standard","has-post-thumbnail","hentry","category-management","tag-berufstalente","tag-management","tag-schweiz","tag-worldskills"],"acf":[],"yoast_head":"<!-- This site is optimized with the Yoast SEO plugin v27.4 - https:\/\/yoast.com\/product\/yoast-seo-wordpress\/ -->\n<title>Countdown l\u00e4uft: 45 Schweizer Berufstalente bereit f\u00fcr WorldSkills 2024 - Organisator<\/title>\n<meta name=\"description\" content=\"In einem Monat ist es soweit! Vom 10. bis 15. September finden in Lyon die Berufsweltmeisterschaften \u00abWorldSkills 2024\u00bb statt.\" \/>\n<meta name=\"robots\" content=\"index, follow, max-snippet:-1, max-image-preview:large, max-video-preview:-1\" \/>\n<link rel=\"canonical\" href=\"https:\/\/www.organisator.ch\/de\/management\/2024-08-14\/countdown-laeuft-45-schweizer-berufstalente-bereit-fuer-worldskills-2024\/\" \/>\n<meta property=\"og:locale\" content=\"de_DE\" \/>\n<meta property=\"og:type\" content=\"article\" \/>\n<meta property=\"og:title\" content=\"Countdown l\u00e4uft: 45 Schweizer Berufstalente bereit f\u00fcr WorldSkills 2024\" \/>\n<meta property=\"og:description\" content=\"In einem Monat ist es soweit! Vom 10. bis 15. September finden in Lyon die Berufsweltmeisterschaften \u00abWorldSkills 2024\u00bb statt.\" \/>\n<meta property=\"og:url\" content=\"https:\/\/www.organisator.ch\/de\/management\/2024-08-14\/countdown-laeuft-45-schweizer-berufstalente-bereit-fuer-worldskills-2024\/\" \/>\n<meta property=\"og:site_name\" content=\"Organisator\" \/>\n<meta property=\"article:publisher\" content=\"https:\/\/www.facebook.com\/OrganisatorFachmagazin\" \/>\n<meta property=\"article:published_time\" content=\"2024-08-14T11:10:38+00:00\" \/>\n<meta property=\"article:modified_time\" content=\"2024-08-29T06:09:06+00:00\" \/>\n<meta property=\"og:image\" content=\"https:\/\/www.organisator.ch\/wp-content\/uploads\/2024\/08\/WorldSkills_Bild1_ps.jpg\" \/>\n\t<meta property=\"og:image:width\" content=\"680\" \/>\n\t<meta property=\"og:image:height\" content=\"363\" \/>\n\t<meta property=\"og:image:type\" content=\"image\/jpeg\" \/>\n<meta name=\"author\" content=\"Adelisa Kalajdzini\" \/>\n<meta name=\"twitter:card\" content=\"summary_large_image\" \/>\n<meta name=\"twitter:title\" content=\"Countdown l\u00e4uft: 45 Schweizer Berufstalente bereit f\u00fcr WorldSkills 2024\" \/>\n<meta name=\"twitter:description\" content=\"In einem Monat ist es soweit! Vom 10. bis 15. September finden in #Lyon die #Berufsweltmeisterschaften #\u00abWorldSkills 2024\u00bb statt.\" \/>\n<meta name=\"twitter:image\" content=\"https:\/\/www.organisator.ch\/wp-content\/uploads\/2024\/08\/WorldSkills_Bild1_ps.jpg\" \/>\n<script type=\"application\/ld+json\" class=\"yoast-schema-graph\">{\"@context\":\"https:\\\/\\\/schema.org\",\"@graph\":[{\"@type\":\"Article\",\"@id\":\"https:\\\/\\\/www.organisator.ch\\\/management\\\/2024-08-14\\\/countdown-laeuft-45-schweizer-berufstalente-bereit-fuer-worldskills-2024\\\/#article\",\"isPartOf\":{\"@id\":\"https:\\\/\\\/www.organisator.ch\\\/management\\\/2024-08-14\\\/countdown-laeuft-45-schweizer-berufstalente-bereit-fuer-worldskills-2024\\\/\"},\"author\":{\"name\":\"Adelisa Kalajdzini\",\"@id\":\"https:\\\/\\\/www.organisator.ch\\\/#\\\/schema\\\/person\\\/2e1314a2172123f874db408d8911d3f3\"},\"headline\":\"Countdown l\u00e4uft: 45 Schweizer Berufstalente bereit f\u00fcr WorldSkills 2024\",\"datePublished\":\"2024-08-14T11:10:38+00:00\",\"dateModified\":\"2024-08-29T06:09:06+00:00\",\"mainEntityOfPage\":{\"@id\":\"https:\\\/\\\/www.organisator.ch\\\/management\\\/2024-08-14\\\/countdown-laeuft-45-schweizer-berufstalente-bereit-fuer-worldskills-2024\\\/\"},\"wordCount\":342,\"publisher\":{\"@id\":\"https:\\\/\\\/www.organisator.ch\\\/#organization\"},\"image\":{\"@id\":\"https:\\\/\\\/www.organisator.ch\\\/management\\\/2024-08-14\\\/countdown-laeuft-45-schweizer-berufstalente-bereit-fuer-worldskills-2024\\\/#primaryimage\"},\"thumbnailUrl\":\"https:\\\/\\\/www.organisator.ch\\\/wp-content\\\/uploads\\\/2024\\\/08\\\/WorldSkills_Bild1_ps.jpg\",\"keywords\":[\"Berufstalente\",\"Management\",\"Schweiz\",\"WorldSkills\"],\"articleSection\":[\"MANAGEMENT\"],\"inLanguage\":\"de\"},{\"@type\":\"WebPage\",\"@id\":\"https:\\\/\\\/www.organisator.ch\\\/management\\\/2024-08-14\\\/countdown-laeuft-45-schweizer-berufstalente-bereit-fuer-worldskills-2024\\\/\",\"url\":\"https:\\\/\\\/www.organisator.ch\\\/management\\\/2024-08-14\\\/countdown-laeuft-45-schweizer-berufstalente-bereit-fuer-worldskills-2024\\\/\",\"name\":\"Countdown l\u00e4uft: 45 Schweizer Berufstalente bereit f\u00fcr WorldSkills 2024 - Organisator\",\"isPartOf\":{\"@id\":\"https:\\\/\\\/www.organisator.ch\\\/#website\"},\"primaryImageOfPage\":{\"@id\":\"https:\\\/\\\/www.organisator.ch\\\/management\\\/2024-08-14\\\/countdown-laeuft-45-schweizer-berufstalente-bereit-fuer-worldskills-2024\\\/#primaryimage\"},\"image\":{\"@id\":\"https:\\\/\\\/www.organisator.ch\\\/management\\\/2024-08-14\\\/countdown-laeuft-45-schweizer-berufstalente-bereit-fuer-worldskills-2024\\\/#primaryimage\"},\"thumbnailUrl\":\"https:\\\/\\\/www.organisator.ch\\\/wp-content\\\/uploads\\\/2024\\\/08\\\/WorldSkills_Bild1_ps.jpg\",\"datePublished\":\"2024-08-14T11:10:38+00:00\",\"dateModified\":\"2024-08-29T06:09:06+00:00\",\"description\":\"In einem Monat ist es soweit! Vom 10. bis 15. September finden in Lyon die Berufsweltmeisterschaften \u00abWorldSkills 2024\u00bb statt.\",\"breadcrumb\":{\"@id\":\"https:\\\/\\\/www.organisator.ch\\\/management\\\/2024-08-14\\\/countdown-laeuft-45-schweizer-berufstalente-bereit-fuer-worldskills-2024\\\/#breadcrumb\"},\"inLanguage\":\"de\",\"potentialAction\":[{\"@type\":\"ReadAction\",\"target\":[\"https:\\\/\\\/www.organisator.ch\\\/management\\\/2024-08-14\\\/countdown-laeuft-45-schweizer-berufstalente-bereit-fuer-worldskills-2024\\\/\"]}]},{\"@type\":\"ImageObject\",\"inLanguage\":\"de\",\"@id\":\"https:\\\/\\\/www.organisator.ch\\\/management\\\/2024-08-14\\\/countdown-laeuft-45-schweizer-berufstalente-bereit-fuer-worldskills-2024\\\/#primaryimage\",\"url\":\"https:\\\/\\\/www.organisator.ch\\\/wp-content\\\/uploads\\\/2024\\\/08\\\/WorldSkills_Bild1_ps.jpg\",\"contentUrl\":\"https:\\\/\\\/www.organisator.ch\\\/wp-content\\\/uploads\\\/2024\\\/08\\\/WorldSkills_Bild1_ps.jpg\",\"width\":680,\"height\":363,\"caption\":\"Trainingsweekend in Nottwil 2024. (Bild: www.swiss-skills.ch)\"},{\"@type\":\"BreadcrumbList\",\"@id\":\"https:\\\/\\\/www.organisator.ch\\\/management\\\/2024-08-14\\\/countdown-laeuft-45-schweizer-berufstalente-bereit-fuer-worldskills-2024\\\/#breadcrumb\",\"itemListElement\":[{\"@type\":\"ListItem\",\"position\":1,\"name\":\"Home\",\"item\":\"https:\\\/\\\/www.organisator.ch\\\/\"},{\"@type\":\"ListItem\",\"position\":2,\"name\":\"Countdown l\u00e4uft: 45 Schweizer Berufstalente bereit f\u00fcr WorldSkills 2024\"}]},{\"@type\":\"WebSite\",\"@id\":\"https:\\\/\\\/www.organisator.ch\\\/#website\",\"url\":\"https:\\\/\\\/www.organisator.ch\\\/\",\"name\":\"Organisator\",\"description\":\"Kompetent. Praxisnah. Der ORGANISATOR bereitet in 10 Ausgaben pro Jahr die wesentlichen Themen f\u00fcr F\u00fchrungskr\u00e4fte von KMU auf.\",\"publisher\":{\"@id\":\"https:\\\/\\\/www.organisator.ch\\\/#organization\"},\"potentialAction\":[{\"@type\":\"SearchAction\",\"target\":{\"@type\":\"EntryPoint\",\"urlTemplate\":\"https:\\\/\\\/www.organisator.ch\\\/?s={search_term_string}\"},\"query-input\":{\"@type\":\"PropertyValueSpecification\",\"valueRequired\":true,\"valueName\":\"search_term_string\"}}],\"inLanguage\":\"de\"},{\"@type\":\"Organization\",\"@id\":\"https:\\\/\\\/www.organisator.ch\\\/#organization\",\"name\":\"Organisator\",\"url\":\"https:\\\/\\\/www.organisator.ch\\\/\",\"logo\":{\"@type\":\"ImageObject\",\"inLanguage\":\"de\",\"@id\":\"https:\\\/\\\/www.organisator.ch\\\/#\\\/schema\\\/logo\\\/image\\\/\",\"url\":\"https:\\\/\\\/www.organisator.ch\\\/wp-content\\\/uploads\\\/2022\\\/01\\\/Logo_Organisator_Website.png\",\"contentUrl\":\"https:\\\/\\\/www.organisator.ch\\\/wp-content\\\/uploads\\\/2022\\\/01\\\/Logo_Organisator_Website.png\",\"width\":800,\"height\":77,\"caption\":\"Organisator\"},\"image\":{\"@id\":\"https:\\\/\\\/www.organisator.ch\\\/#\\\/schema\\\/logo\\\/image\\\/\"},\"sameAs\":[\"https:\\\/\\\/www.facebook.com\\\/OrganisatorFachmagazin\",\"https:\\\/\\\/www.linkedin.com\\\/showcase\\\/organisator-das-magazin-fr-kmu\",\"https:\\\/\\\/www.xing.com\\\/news\\\/pages\\\/organisator-ch-695\",\"https:\\\/\\\/www.youtube.com\\\/channel\\\/UCGP2Sq0iWaZwT3BdIAQFYpw\"]},{\"@type\":\"Person\",\"@id\":\"https:\\\/\\\/www.organisator.ch\\\/#\\\/schema\\\/person\\\/2e1314a2172123f874db408d8911d3f3\",\"name\":\"Adelisa Kalajdzini\",\"image\":{\"@type\":\"ImageObject\",\"inLanguage\":\"de\",\"@id\":\"https:\\\/\\\/secure.gravatar.com\\\/avatar\\\/09a397c22ac58cad6f160ee8306348599df9df58a8ede73696226897b9fa4b24?s=96&d=mm&r=g\",\"url\":\"https:\\\/\\\/secure.gravatar.com\\\/avatar\\\/09a397c22ac58cad6f160ee8306348599df9df58a8ede73696226897b9fa4b24?s=96&d=mm&r=g\",\"contentUrl\":\"https:\\\/\\\/secure.gravatar.com\\\/avatar\\\/09a397c22ac58cad6f160ee8306348599df9df58a8ede73696226897b9fa4b24?s=96&d=mm&r=g\",\"caption\":\"Adelisa Kalajdzini\"},\"url\":\"https:\\\/\\\/www.organisator.ch\\\/de\\\/author\\\/adelisa-kalajdzini\\\/\"}]}<\/script>\n<!-- \/ Yoast SEO plugin. -->","yoast_head_json":{"title":"Countdown l\u00e4uft: 45 Schweizer Berufstalente bereit f\u00fcr WorldSkills 2024 - Organisator","description":"In einem Monat ist es soweit! Vom 10. bis 15. September finden in Lyon die Berufsweltmeisterschaften \u00abWorldSkills 2024\u00bb statt.","robots":{"index":"index","follow":"follow","max-snippet":"max-snippet:-1","max-image-preview":"max-image-preview:large","max-video-preview":"max-video-preview:-1"},"canonical":"https:\/\/www.organisator.ch\/de\/management\/2024-08-14\/countdown-laeuft-45-schweizer-berufstalente-bereit-fuer-worldskills-2024\/","og_locale":"de_DE","og_type":"article","og_title":"Countdown l\u00e4uft: 45 Schweizer Berufstalente bereit f\u00fcr WorldSkills 2024","og_description":"In einem Monat ist es soweit! Vom 10. bis 15. September finden in Lyon die Berufsweltmeisterschaften \u00abWorldSkills 2024\u00bb statt.","og_url":"https:\/\/www.organisator.ch\/de\/management\/2024-08-14\/countdown-laeuft-45-schweizer-berufstalente-bereit-fuer-worldskills-2024\/","og_site_name":"Organisator","article_publisher":"https:\/\/www.facebook.com\/OrganisatorFachmagazin","article_published_time":"2024-08-14T11:10:38+00:00","article_modified_time":"2024-08-29T06:09:06+00:00","og_image":[{"width":680,"height":363,"url":"https:\/\/www.organisator.ch\/wp-content\/uploads\/2024\/08\/WorldSkills_Bild1_ps.jpg","type":"image\/jpeg"}],"author":"Adelisa Kalajdzini","twitter_card":"summary_large_image","twitter_title":"Countdown l\u00e4uft: 45 Schweizer Berufstalente bereit f\u00fcr WorldSkills 2024","twitter_description":"In einem Monat ist es soweit! Vom 10. bis 15. September finden in #Lyon die #Berufsweltmeisterschaften #\u00abWorldSkills 2024\u00bb statt.","twitter_image":"https:\/\/www.organisator.ch\/wp-content\/uploads\/2024\/08\/WorldSkills_Bild1_ps.jpg","schema":{"@context":"https:\/\/schema.org","@graph":[{"@type":"Article","@id":"https:\/\/www.organisator.ch\/management\/2024-08-14\/countdown-laeuft-45-schweizer-berufstalente-bereit-fuer-worldskills-2024\/#article","isPartOf":{"@id":"https:\/\/www.organisator.ch\/management\/2024-08-14\/countdown-laeuft-45-schweizer-berufstalente-bereit-fuer-worldskills-2024\/"},"author":{"name":"Adelisa Kalajdzini","@id":"https:\/\/www.organisator.ch\/#\/schema\/person\/2e1314a2172123f874db408d8911d3f3"},"headline":"Countdown l\u00e4uft: 45 Schweizer Berufstalente bereit f\u00fcr WorldSkills 2024","datePublished":"2024-08-14T11:10:38+00:00","dateModified":"2024-08-29T06:09:06+00:00","mainEntityOfPage":{"@id":"https:\/\/www.organisator.ch\/management\/2024-08-14\/countdown-laeuft-45-schweizer-berufstalente-bereit-fuer-worldskills-2024\/"},"wordCount":342,"publisher":{"@id":"https:\/\/www.organisator.ch\/#organization"},"image":{"@id":"https:\/\/www.organisator.ch\/management\/2024-08-14\/countdown-laeuft-45-schweizer-berufstalente-bereit-fuer-worldskills-2024\/#primaryimage"},"thumbnailUrl":"https:\/\/www.organisator.ch\/wp-content\/uploads\/2024\/08\/WorldSkills_Bild1_ps.jpg","keywords":["Berufstalente","Management","Schweiz","WorldSkills"],"articleSection":["MANAGEMENT"],"inLanguage":"de"},{"@type":"WebPage","@id":"https:\/\/www.organisator.ch\/management\/2024-08-14\/countdown-laeuft-45-schweizer-berufstalente-bereit-fuer-worldskills-2024\/","url":"https:\/\/www.organisator.ch\/management\/2024-08-14\/countdown-laeuft-45-schweizer-berufstalente-bereit-fuer-worldskills-2024\/","name":"Countdown l\u00e4uft: 45 Schweizer Berufstalente bereit f\u00fcr WorldSkills 2024 - Organisator","isPartOf":{"@id":"https:\/\/www.organisator.ch\/#website"},"primaryImageOfPage":{"@id":"https:\/\/www.organisator.ch\/management\/2024-08-14\/countdown-laeuft-45-schweizer-berufstalente-bereit-fuer-worldskills-2024\/#primaryimage"},"image":{"@id":"https:\/\/www.organisator.ch\/management\/2024-08-14\/countdown-laeuft-45-schweizer-berufstalente-bereit-fuer-worldskills-2024\/#primaryimage"},"thumbnailUrl":"https:\/\/www.organisator.ch\/wp-content\/uploads\/2024\/08\/WorldSkills_Bild1_ps.jpg","datePublished":"2024-08-14T11:10:38+00:00","dateModified":"2024-08-29T06:09:06+00:00","description":"In einem Monat ist es soweit! Vom 10. bis 15. September finden in Lyon die Berufsweltmeisterschaften \u00abWorldSkills 2024\u00bb statt.","breadcrumb":{"@id":"https:\/\/www.organisator.ch\/management\/2024-08-14\/countdown-laeuft-45-schweizer-berufstalente-bereit-fuer-worldskills-2024\/#breadcrumb"},"inLanguage":"de","potentialAction":[{"@type":"ReadAction","target":["https:\/\/www.organisator.ch\/management\/2024-08-14\/countdown-laeuft-45-schweizer-berufstalente-bereit-fuer-worldskills-2024\/"]}]},{"@type":"ImageObject","inLanguage":"de","@id":"https:\/\/www.organisator.ch\/management\/2024-08-14\/countdown-laeuft-45-schweizer-berufstalente-bereit-fuer-worldskills-2024\/#primaryimage","url":"https:\/\/www.organisator.ch\/wp-content\/uploads\/2024\/08\/WorldSkills_Bild1_ps.jpg","contentUrl":"https:\/\/www.organisator.ch\/wp-content\/uploads\/2024\/08\/WorldSkills_Bild1_ps.jpg","width":680,"height":363,"caption":"Trainingsweekend in Nottwil 2024. (Bild: www.swiss-skills.ch)"},{"@type":"BreadcrumbList","@id":"https:\/\/www.organisator.ch\/management\/2024-08-14\/countdown-laeuft-45-schweizer-berufstalente-bereit-fuer-worldskills-2024\/#breadcrumb","itemListElement":[{"@type":"ListItem","position":1,"name":"Home","item":"https:\/\/www.organisator.ch\/"},{"@type":"ListItem","position":2,"name":"Countdown l\u00e4uft: 45 Schweizer Berufstalente bereit f\u00fcr WorldSkills 2024"}]},{"@type":"WebSite","@id":"https:\/\/www.organisator.ch\/#website","url":"https:\/\/www.organisator.ch\/","name":"Organisator","description":"Kompetent. Praxisnah. Der ORGANISATOR bereitet in 10 Ausgaben pro Jahr die wesentlichen Themen f\u00fcr F\u00fchrungskr\u00e4fte von KMU auf.","publisher":{"@id":"https:\/\/www.organisator.ch\/#organization"},"potentialAction":[{"@type":"SearchAction","target":{"@type":"EntryPoint","urlTemplate":"https:\/\/www.organisator.ch\/?s={search_term_string}"},"query-input":{"@type":"PropertyValueSpecification","valueRequired":true,"valueName":"search_term_string"}}],"inLanguage":"de"},{"@type":"Organization","@id":"https:\/\/www.organisator.ch\/#organization","name":"Organisator","url":"https:\/\/www.organisator.ch\/","logo":{"@type":"ImageObject","inLanguage":"de","@id":"https:\/\/www.organisator.ch\/#\/schema\/logo\/image\/","url":"https:\/\/www.organisator.ch\/wp-content\/uploads\/2022\/01\/Logo_Organisator_Website.png","contentUrl":"https:\/\/www.organisator.ch\/wp-content\/uploads\/2022\/01\/Logo_Organisator_Website.png","width":800,"height":77,"caption":"Organisator"},"image":{"@id":"https:\/\/www.organisator.ch\/#\/schema\/logo\/image\/"},"sameAs":["https:\/\/www.facebook.com\/OrganisatorFachmagazin","https:\/\/www.linkedin.com\/showcase\/organisator-das-magazin-fr-kmu","https:\/\/www.xing.com\/news\/pages\/organisator-ch-695","https:\/\/www.youtube.com\/channel\/UCGP2Sq0iWaZwT3BdIAQFYpw"]},{"@type":"Person","@id":"https:\/\/www.organisator.ch\/#\/schema\/person\/2e1314a2172123f874db408d8911d3f3","name":"Adelisa Kalajdzini","image":{"@type":"ImageObject","inLanguage":"de","@id":"https:\/\/secure.gravatar.com\/avatar\/09a397c22ac58cad6f160ee8306348599df9df58a8ede73696226897b9fa4b24?s=96&d=mm&r=g","url":"https:\/\/secure.gravatar.com\/avatar\/09a397c22ac58cad6f160ee8306348599df9df58a8ede73696226897b9fa4b24?s=96&d=mm&r=g","contentUrl":"https:\/\/secure.gravatar.com\/avatar\/09a397c22ac58cad6f160ee8306348599df9df58a8ede73696226897b9fa4b24?s=96&d=mm&r=g","caption":"Adelisa Kalajdzini"},"url":"https:\/\/www.organisator.ch\/de\/author\/adelisa-kalajdzini\/"}]}},"_links":{"self":[{"href":"https:\/\/www.organisator.ch\/de\/wp-json\/wp\/v2\/posts\/28956","targetHints":{"allow":["GET"]}}],"collection":[{"href":"https:\/\/www.organisator.ch\/de\/wp-json\/wp\/v2\/posts"}],"about":[{"href":"https:\/\/www.organisator.ch\/de\/wp-json\/wp\/v2\/types\/post"}],"author":[{"embeddable":true,"href":"https:\/\/www.organisator.ch\/de\/wp-json\/wp\/v2\/users\/58"}],"replies":[{"embeddable":true,"href":"https:\/\/www.organisator.ch\/de\/wp-json\/wp\/v2\/comments?post=28956"}],"version-history":[{"count":4,"href":"https:\/\/www.organisator.ch\/de\/wp-json\/wp\/v2\/posts\/28956\/revisions"}],"predecessor-version":[{"id":29420,"href":"https:\/\/www.organisator.ch\/de\/wp-json\/wp\/v2\/posts\/28956\/revisions\/29420"}],"wp:featuredmedia":[{"embeddable":true,"href":"https:\/\/www.organisator.ch\/de\/wp-json\/wp\/v2\/media\/28957"}],"wp:attachment":[{"href":"https:\/\/www.organisator.ch\/de\/wp-json\/wp\/v2\/media?parent=28956"}],"wp:term":[{"taxonomy":"category","embeddable":true,"href":"https:\/\/www.organisator.ch\/de\/wp-json\/wp\/v2\/categories?post=28956"},{"taxonomy":"post_tag","embeddable":true,"href":"https:\/\/www.organisator.ch\/de\/wp-json\/wp\/v2\/tags?post=28956"}],"curies":[{"name":"wp","href":"https:\/\/api.w.org\/{rel}","templated":true}]}}