{"id":29024,"date":"2024-08-27T23:45:18","date_gmt":"2024-08-27T21:45:18","guid":{"rendered":"https:\/\/www.organisator.ch\/?p=29024"},"modified":"2024-08-15T08:49:15","modified_gmt":"2024-08-15T06:49:15","slug":"eventbericht-nachhaltigkeit-voneinander-lernen","status":"publish","type":"post","link":"https:\/\/www.organisator.ch\/de\/sustainability\/2024-08-27\/eventbericht-nachhaltigkeit-voneinander-lernen\/","title":{"rendered":"Eventbericht: Nachhaltigkeit \u2013 voneinander lernen"},"content":{"rendered":"<section class=\"placed focus\">\n<figure id=\"attachment_29025\" aria-describedby=\"caption-attachment-29025\" style=\"width: 680px\" class=\"wp-caption alignnone\"><img loading=\"lazy\" decoding=\"async\" class=\"size-full wp-image-29025\" src=\"https:\/\/www.organisator.ch\/wp-content\/uploads\/2024\/08\/Eventbericht-Nachhaltigkeit-voneinander-lernen_Organisator.jpg\" alt=\"\" width=\"680\" height=\"397\" srcset=\"https:\/\/www.organisator.ch\/wp-content\/uploads\/2024\/08\/Eventbericht-Nachhaltigkeit-voneinander-lernen_Organisator.jpg 680w, https:\/\/www.organisator.ch\/wp-content\/uploads\/2024\/08\/Eventbericht-Nachhaltigkeit-voneinander-lernen_Organisator-18x12.jpg 18w, https:\/\/www.organisator.ch\/wp-content\/uploads\/2024\/08\/Eventbericht-Nachhaltigkeit-voneinander-lernen_Organisator-375x219.jpg 375w, https:\/\/www.organisator.ch\/wp-content\/uploads\/2024\/08\/Eventbericht-Nachhaltigkeit-voneinander-lernen_Organisator-599x350.jpg 599w\" sizes=\"auto, (max-width: 680px) 100vw, 680px\" \/><figcaption id=\"caption-attachment-29025\" class=\"wp-caption-text\">Von links nach rechts: Marc Meier, Managing Director EMEA, Dachser Air &amp; Sea Logistics, Bernhard C. B\u00e4rtschi, Head International Markets, Member Executive Management, A. Vogel Group, Jochen Layer, Vice President Corporate Fulfillment, Ricola, Bea Jucker, Moderatorin, Newbury Media &amp; Communications GmbH, und Bukurim Selmani, Compliance Officer, CMS\/CSR Project Responsible, A. Vogel AG. (Bild: Marlies Beeler-Thurnheer)<\/figcaption><\/figure><\/p>\n<p>Nachhaltigkeit wird heute weltweit von vielen Kunden erwartet. Sie st\u00e4rkt die Werthaltigkeit des Markenimages. Um diesem strategischen Ziel n\u00e4herzukommen, braucht es viele kleine Schritte.<\/p>\n<p>Die Pr\u00e4sentationen der A. Vogel AG und der Ricola Schweiz AG boten den Teilnehmenden Informationen und Beispiele f\u00fcr ein m\u00f6gliches Vorgehen. Bernhard C. Baertschi, Head International Markets, Member Executive Management, A. Vogel AG (CH), und Jochen Layer, Vice President Corporate Fulfillment, Ricola (CH), erl\u00e4uterten anhand von Beispielen, welche konkreten Schritte in ihren Firmen bisher unternommen wurden, um umsetzbare und messbare L\u00f6sungen zu entwickeln, und welche Ziele f\u00fcr die Zukunft anvisiert werden.<\/p>\n<p>Beide Unternehmen sind bereits in Nachhaltigkeitsinitiativen im Bereich sozialer und \u00f6kologischer Verantwortung stark engagiert. Verbesserungen, insbesondere in der Logistik, werden in Kooperation mit Dachser kontinuierlich vorangetrieben, um eine langfristige, nachhaltige Wertsch\u00f6pfung zu gew\u00e4hrleisten. Ricola pr\u00fcft auch die \u00f6kologischen Standards in der Wertsch\u00f6pfungskette, um so z.B. mit Lieferanten, Dienstleistern und Partnerunternehmen optimale L\u00f6sungen zu finden. Denn um die eigenen strategischen Ziele zu erreichen, braucht es eine interdisziplin\u00e4re und betriebs\u00fcbergreifende Kooperation und eine \u00e4hnliche Firmenkultur bei den Partnern. Im Rahmen der Veranstaltung wurde ersichtlich, dass das Unternehmen Ricola in puncto Nachhaltigkeit in der Distribution bereits weit fortgeschritten ist.<\/p>\n<p>Durch mehr Transparenz und Kollaboration entlang der gesamten Lieferkette, einen offenen, intensiven Austausch von Erfahrungen, auch mit Beh\u00f6rden, durch umfassendes, vertrauensvolles Teilen von Daten und bessere Prozessintegration w\u00e4ren auf dem Feld der Nachhaltigkeit noch bedeutendere Fortschritte m\u00f6glich, erkl\u00e4rte Marc Meier, Managing Director Dachser Air &amp; Sea Logistics EMEA. Aber vielleicht m\u00fcssten auch manchmal ganz neue Ans\u00e4tze gefunden werden, um die Wettbewerbs- und Leistungsf\u00e4higkeit der Firmen \u00fcber kontinuierliche Verbesserungen hinaus nachhaltig zu steigern. Dachser versuche immer, mit massgeschneiderten, konkreten Massnahmen Kunden bei ihren Nachhaltigkeitsprojekten zu unterst\u00fctzen.<\/p>\n<p>Mit Networking-Veranstaltungen wie am 4.\u00a0Juni 2024 bei der A. Vogel AG wollen die Dachser-Niederlassungen in St.\u2009Gallen (CH), Baindt (DE) und Steisslingen (DE) den Dialog mit und zwischen ihren Kunden intensivieren. \u00abVoneinander lernen\u00bb ist dem Logistikdienstleister ein wichtiges Anliegen. Zudem m\u00f6chte das Unternehmen kritische Denkanst\u00f6sse geben und bedankt sich f\u00fcr solche von Kunden.<\/p>\n<p>&nbsp;<\/p>\n<\/section>\n<section class=\"placed\">\n<blockquote>\n<h3>\u00dcber Dachser Schweiz:<\/h3>\n<p>Die Dachser Spedition AG (Dachser Schweiz) ist eine Tochtergesellschaft des Transport- und Logistikdienstleisters Dachser mit Hauptsitz in Kempten, Deutschland. Die erste Niederlassung in der Schweiz wurde 1967 er\u00f6ffnet. Dachser Schweiz ist heute an sechs Standorten pr\u00e4sent, besch\u00e4ftigt 328 Mitarbeitende und erwirtschaftete im Jahr 2023 einen Nettoumsatz von 115,3 Millionen Schweizer Franken. Im Jahr 2023 transportierte Dachser Schweiz 622\u2009700 Sendungen mit einem Gewicht von 272\u2009900 Tonnen.<\/p>\n<p>Weitere Informationen finden Sie unter <a href=\"http:\/\/www.dachser.ch\">dachser.ch<\/a>.<\/p>\n<p>&nbsp;<\/p>\n<h3>\u00dcber Dachser:<\/h3>\n<p>Das <a href=\"http:\/\/www.dachser.de\">Familienunternehmen Dachser mit Hauptsitz in Kempten, Deutschland<\/a>, bietet Transportlogistik, Warehousing und kundenindividuelle Services innerhalb von zwei Business Fields: Dachser Air &amp; Sea Logistics und Dachser Road Logistics. Letzteres teilt sich in die beiden Business Lines Dachser European Logistics und Dachser Food Logistics auf. \u00dcbergreifende Kontraktlogistik-Services sowie branchenspezifische L\u00f6sungen erg\u00e4nzen das Angebot. Ein fl\u00e4chendeckendes europ\u00e4isches sowie ein interkontinentales Transportnetzwerk und komplett integrierte Informationssysteme sorgen weltweit f\u00fcr intelligente Logistikl\u00f6sungen.<\/p>\n<\/blockquote>\n<\/section>\n","protected":false},"excerpt":{"rendered":"<p>PUBLIREPORTAGE  Am 4. Juni veranstaltete Dachser Schweiz in Kooperation mit der A. Vogel AG einen gut besuchten, interaktiven Networking-Event unter dem Motto \u00abNachhaltigkeit \u2013 voneinander lernen\u00bb in Roggwil TG.<\/p>\n","protected":false},"author":4,"featured_media":29025,"comment_status":"closed","ping_status":"closed","sticky":false,"template":"","format":"standard","meta":{"_acf_changed":false,"_yoast_wpseo_focuskw":"Nachhaltigkeit","_yoast_wpseo_metadesc":"Am 4. Juni veranstaltete Dachser Schweiz mit der A. Vogel AG einen Networking-Event unter dem Motto \u00abNachhaltigkeit \u2013 voneinander lernen\u00bb.","articlekey":"","footnotes":""},"categories":[580],"tags":[4106,328,358],"class_list":["post-29024","post","type-post","status-publish","format-standard","has-post-thumbnail","hentry","category-sustainability","tag-business-events","tag-logistik","tag-nachhaltige-wirtschaft"],"acf":[],"yoast_head":"<!-- This site is optimized with the Yoast SEO plugin v27.5 - https:\/\/yoast.com\/product\/yoast-seo-wordpress\/ -->\n<title>Eventbericht: Nachhaltigkeit \u2013 voneinander lernen - Organisator<\/title>\n<meta name=\"description\" content=\"Am 4. Juni veranstaltete Dachser Schweiz mit der A. Vogel AG einen Networking-Event unter dem Motto \u00abNachhaltigkeit \u2013 voneinander lernen\u00bb.\" \/>\n<meta name=\"robots\" content=\"index, follow, max-snippet:-1, max-image-preview:large, max-video-preview:-1\" \/>\n<link rel=\"canonical\" href=\"https:\/\/www.organisator.ch\/de\/sustainability\/2024-08-27\/eventbericht-nachhaltigkeit-voneinander-lernen\/\" \/>\n<meta property=\"og:locale\" content=\"de_DE\" \/>\n<meta property=\"og:type\" content=\"article\" \/>\n<meta property=\"og:title\" content=\"Eventbericht: Nachhaltigkeit \u2013 voneinander lernen - Organisator\" \/>\n<meta property=\"og:description\" content=\"Am 4. Juni veranstaltete Dachser Schweiz mit der A. Vogel AG einen Networking-Event unter dem Motto \u00abNachhaltigkeit \u2013 voneinander lernen\u00bb.\" \/>\n<meta property=\"og:url\" content=\"https:\/\/www.organisator.ch\/de\/sustainability\/2024-08-27\/eventbericht-nachhaltigkeit-voneinander-lernen\/\" \/>\n<meta property=\"og:site_name\" content=\"Organisator\" \/>\n<meta property=\"article:publisher\" content=\"https:\/\/www.facebook.com\/OrganisatorFachmagazin\" \/>\n<meta property=\"article:published_time\" content=\"2024-08-27T21:45:18+00:00\" \/>\n<meta property=\"og:image\" content=\"https:\/\/www.organisator.ch\/wp-content\/uploads\/2024\/08\/Eventbericht-Nachhaltigkeit-voneinander-lernen_Organisator.jpg\" \/>\n\t<meta property=\"og:image:width\" content=\"680\" \/>\n\t<meta property=\"og:image:height\" content=\"397\" \/>\n\t<meta property=\"og:image:type\" content=\"image\/jpeg\" \/>\n<meta name=\"author\" content=\"thomas.berner\" \/>\n<meta name=\"twitter:card\" content=\"summary_large_image\" \/>\n<script type=\"application\/ld+json\" class=\"yoast-schema-graph\">{\"@context\":\"https:\\\/\\\/schema.org\",\"@graph\":[{\"@type\":\"Article\",\"@id\":\"https:\\\/\\\/www.organisator.ch\\\/sustainability\\\/2024-08-27\\\/eventbericht-nachhaltigkeit-voneinander-lernen\\\/#article\",\"isPartOf\":{\"@id\":\"https:\\\/\\\/www.organisator.ch\\\/sustainability\\\/2024-08-27\\\/eventbericht-nachhaltigkeit-voneinander-lernen\\\/\"},\"author\":{\"name\":\"thomas.berner\",\"@id\":\"https:\\\/\\\/www.organisator.ch\\\/#\\\/schema\\\/person\\\/6f650f90b2842cd4c0cc334b4e36f67e\"},\"headline\":\"Eventbericht: Nachhaltigkeit \u2013 voneinander lernen\",\"datePublished\":\"2024-08-27T21:45:18+00:00\",\"mainEntityOfPage\":{\"@id\":\"https:\\\/\\\/www.organisator.ch\\\/sustainability\\\/2024-08-27\\\/eventbericht-nachhaltigkeit-voneinander-lernen\\\/\"},\"wordCount\":572,\"publisher\":{\"@id\":\"https:\\\/\\\/www.organisator.ch\\\/#organization\"},\"image\":{\"@id\":\"https:\\\/\\\/www.organisator.ch\\\/sustainability\\\/2024-08-27\\\/eventbericht-nachhaltigkeit-voneinander-lernen\\\/#primaryimage\"},\"thumbnailUrl\":\"https:\\\/\\\/www.organisator.ch\\\/wp-content\\\/uploads\\\/2024\\\/08\\\/Eventbericht-Nachhaltigkeit-voneinander-lernen_Organisator.jpg\",\"keywords\":[\"Business-Events\",\"Logistik\",\"Nachhaltige Wirtschaft\"],\"articleSection\":[\"SUSTAINABILITY\"],\"inLanguage\":\"de\"},{\"@type\":\"WebPage\",\"@id\":\"https:\\\/\\\/www.organisator.ch\\\/sustainability\\\/2024-08-27\\\/eventbericht-nachhaltigkeit-voneinander-lernen\\\/\",\"url\":\"https:\\\/\\\/www.organisator.ch\\\/sustainability\\\/2024-08-27\\\/eventbericht-nachhaltigkeit-voneinander-lernen\\\/\",\"name\":\"Eventbericht: Nachhaltigkeit \u2013 voneinander lernen - Organisator\",\"isPartOf\":{\"@id\":\"https:\\\/\\\/www.organisator.ch\\\/#website\"},\"primaryImageOfPage\":{\"@id\":\"https:\\\/\\\/www.organisator.ch\\\/sustainability\\\/2024-08-27\\\/eventbericht-nachhaltigkeit-voneinander-lernen\\\/#primaryimage\"},\"image\":{\"@id\":\"https:\\\/\\\/www.organisator.ch\\\/sustainability\\\/2024-08-27\\\/eventbericht-nachhaltigkeit-voneinander-lernen\\\/#primaryimage\"},\"thumbnailUrl\":\"https:\\\/\\\/www.organisator.ch\\\/wp-content\\\/uploads\\\/2024\\\/08\\\/Eventbericht-Nachhaltigkeit-voneinander-lernen_Organisator.jpg\",\"datePublished\":\"2024-08-27T21:45:18+00:00\",\"description\":\"Am 4. Juni veranstaltete Dachser Schweiz mit der A. Vogel AG einen Networking-Event unter dem Motto \u00abNachhaltigkeit \u2013 voneinander lernen\u00bb.\",\"breadcrumb\":{\"@id\":\"https:\\\/\\\/www.organisator.ch\\\/sustainability\\\/2024-08-27\\\/eventbericht-nachhaltigkeit-voneinander-lernen\\\/#breadcrumb\"},\"inLanguage\":\"de\",\"potentialAction\":[{\"@type\":\"ReadAction\",\"target\":[\"https:\\\/\\\/www.organisator.ch\\\/sustainability\\\/2024-08-27\\\/eventbericht-nachhaltigkeit-voneinander-lernen\\\/\"]}]},{\"@type\":\"ImageObject\",\"inLanguage\":\"de\",\"@id\":\"https:\\\/\\\/www.organisator.ch\\\/sustainability\\\/2024-08-27\\\/eventbericht-nachhaltigkeit-voneinander-lernen\\\/#primaryimage\",\"url\":\"https:\\\/\\\/www.organisator.ch\\\/wp-content\\\/uploads\\\/2024\\\/08\\\/Eventbericht-Nachhaltigkeit-voneinander-lernen_Organisator.jpg\",\"contentUrl\":\"https:\\\/\\\/www.organisator.ch\\\/wp-content\\\/uploads\\\/2024\\\/08\\\/Eventbericht-Nachhaltigkeit-voneinander-lernen_Organisator.jpg\",\"width\":680,\"height\":397,\"caption\":\"Von links nach rechts: Marc Meier, Managing Director EMEA, Dachser Air & Sea Logistics, Bernhard C. B\u00e4rtschi, Head International Markets, Member Executive Management, A. Vogel Group, Jochen Layer, Vice President Corporate Fulfillment, Ricola, Bea Jucker, Moderatorin, Newbury Media & Communications GmbH, und Bukurim Selmani, Compliance Officer, CMS\\\/CSR Project Responsible, A. Vogel AG. (Bild: Marlies Beeler-Thurnheer)\"},{\"@type\":\"BreadcrumbList\",\"@id\":\"https:\\\/\\\/www.organisator.ch\\\/sustainability\\\/2024-08-27\\\/eventbericht-nachhaltigkeit-voneinander-lernen\\\/#breadcrumb\",\"itemListElement\":[{\"@type\":\"ListItem\",\"position\":1,\"name\":\"Home\",\"item\":\"https:\\\/\\\/www.organisator.ch\\\/\"},{\"@type\":\"ListItem\",\"position\":2,\"name\":\"Eventbericht: Nachhaltigkeit \u2013 voneinander lernen\"}]},{\"@type\":\"WebSite\",\"@id\":\"https:\\\/\\\/www.organisator.ch\\\/#website\",\"url\":\"https:\\\/\\\/www.organisator.ch\\\/\",\"name\":\"Organisator\",\"description\":\"Kompetent. Praxisnah. Der ORGANISATOR bereitet in 10 Ausgaben pro Jahr die wesentlichen Themen f\u00fcr F\u00fchrungskr\u00e4fte von KMU auf.\",\"publisher\":{\"@id\":\"https:\\\/\\\/www.organisator.ch\\\/#organization\"},\"potentialAction\":[{\"@type\":\"SearchAction\",\"target\":{\"@type\":\"EntryPoint\",\"urlTemplate\":\"https:\\\/\\\/www.organisator.ch\\\/?s={search_term_string}\"},\"query-input\":{\"@type\":\"PropertyValueSpecification\",\"valueRequired\":true,\"valueName\":\"search_term_string\"}}],\"inLanguage\":\"de\"},{\"@type\":\"Organization\",\"@id\":\"https:\\\/\\\/www.organisator.ch\\\/#organization\",\"name\":\"Organisator\",\"url\":\"https:\\\/\\\/www.organisator.ch\\\/\",\"logo\":{\"@type\":\"ImageObject\",\"inLanguage\":\"de\",\"@id\":\"https:\\\/\\\/www.organisator.ch\\\/#\\\/schema\\\/logo\\\/image\\\/\",\"url\":\"https:\\\/\\\/www.organisator.ch\\\/wp-content\\\/uploads\\\/2022\\\/01\\\/Logo_Organisator_Website.png\",\"contentUrl\":\"https:\\\/\\\/www.organisator.ch\\\/wp-content\\\/uploads\\\/2022\\\/01\\\/Logo_Organisator_Website.png\",\"width\":800,\"height\":77,\"caption\":\"Organisator\"},\"image\":{\"@id\":\"https:\\\/\\\/www.organisator.ch\\\/#\\\/schema\\\/logo\\\/image\\\/\"},\"sameAs\":[\"https:\\\/\\\/www.facebook.com\\\/OrganisatorFachmagazin\",\"https:\\\/\\\/www.linkedin.com\\\/showcase\\\/organisator-das-magazin-fr-kmu\",\"https:\\\/\\\/www.xing.com\\\/news\\\/pages\\\/organisator-ch-695\",\"https:\\\/\\\/www.youtube.com\\\/channel\\\/UCGP2Sq0iWaZwT3BdIAQFYpw\"]},{\"@type\":\"Person\",\"@id\":\"https:\\\/\\\/www.organisator.ch\\\/#\\\/schema\\\/person\\\/6f650f90b2842cd4c0cc334b4e36f67e\",\"name\":\"thomas.berner\",\"image\":{\"@type\":\"ImageObject\",\"inLanguage\":\"de\",\"@id\":\"https:\\\/\\\/secure.gravatar.com\\\/avatar\\\/ac5001d2a36cb6c6cd3e50789007ffca834b477b74a2144564522e944eabff61?s=96&d=mm&r=g\",\"url\":\"https:\\\/\\\/secure.gravatar.com\\\/avatar\\\/ac5001d2a36cb6c6cd3e50789007ffca834b477b74a2144564522e944eabff61?s=96&d=mm&r=g\",\"contentUrl\":\"https:\\\/\\\/secure.gravatar.com\\\/avatar\\\/ac5001d2a36cb6c6cd3e50789007ffca834b477b74a2144564522e944eabff61?s=96&d=mm&r=g\",\"caption\":\"thomas.berner\"},\"url\":\"https:\\\/\\\/www.organisator.ch\\\/de\\\/author\\\/thomas-berner\\\/\"}]}<\/script>\n<!-- \/ Yoast SEO plugin. -->","yoast_head_json":{"title":"Eventbericht: Nachhaltigkeit \u2013 voneinander lernen - Organisator","description":"Am 4. Juni veranstaltete Dachser Schweiz mit der A. Vogel AG einen Networking-Event unter dem Motto \u00abNachhaltigkeit \u2013 voneinander lernen\u00bb.","robots":{"index":"index","follow":"follow","max-snippet":"max-snippet:-1","max-image-preview":"max-image-preview:large","max-video-preview":"max-video-preview:-1"},"canonical":"https:\/\/www.organisator.ch\/de\/sustainability\/2024-08-27\/eventbericht-nachhaltigkeit-voneinander-lernen\/","og_locale":"de_DE","og_type":"article","og_title":"Eventbericht: Nachhaltigkeit \u2013 voneinander lernen - Organisator","og_description":"Am 4. Juni veranstaltete Dachser Schweiz mit der A. Vogel AG einen Networking-Event unter dem Motto \u00abNachhaltigkeit \u2013 voneinander lernen\u00bb.","og_url":"https:\/\/www.organisator.ch\/de\/sustainability\/2024-08-27\/eventbericht-nachhaltigkeit-voneinander-lernen\/","og_site_name":"Organisator","article_publisher":"https:\/\/www.facebook.com\/OrganisatorFachmagazin","article_published_time":"2024-08-27T21:45:18+00:00","og_image":[{"width":680,"height":397,"url":"https:\/\/www.organisator.ch\/wp-content\/uploads\/2024\/08\/Eventbericht-Nachhaltigkeit-voneinander-lernen_Organisator.jpg","type":"image\/jpeg"}],"author":"thomas.berner","twitter_card":"summary_large_image","schema":{"@context":"https:\/\/schema.org","@graph":[{"@type":"Article","@id":"https:\/\/www.organisator.ch\/sustainability\/2024-08-27\/eventbericht-nachhaltigkeit-voneinander-lernen\/#article","isPartOf":{"@id":"https:\/\/www.organisator.ch\/sustainability\/2024-08-27\/eventbericht-nachhaltigkeit-voneinander-lernen\/"},"author":{"name":"thomas.berner","@id":"https:\/\/www.organisator.ch\/#\/schema\/person\/6f650f90b2842cd4c0cc334b4e36f67e"},"headline":"Eventbericht: Nachhaltigkeit \u2013 voneinander lernen","datePublished":"2024-08-27T21:45:18+00:00","mainEntityOfPage":{"@id":"https:\/\/www.organisator.ch\/sustainability\/2024-08-27\/eventbericht-nachhaltigkeit-voneinander-lernen\/"},"wordCount":572,"publisher":{"@id":"https:\/\/www.organisator.ch\/#organization"},"image":{"@id":"https:\/\/www.organisator.ch\/sustainability\/2024-08-27\/eventbericht-nachhaltigkeit-voneinander-lernen\/#primaryimage"},"thumbnailUrl":"https:\/\/www.organisator.ch\/wp-content\/uploads\/2024\/08\/Eventbericht-Nachhaltigkeit-voneinander-lernen_Organisator.jpg","keywords":["Business-Events","Logistik","Nachhaltige Wirtschaft"],"articleSection":["SUSTAINABILITY"],"inLanguage":"de"},{"@type":"WebPage","@id":"https:\/\/www.organisator.ch\/sustainability\/2024-08-27\/eventbericht-nachhaltigkeit-voneinander-lernen\/","url":"https:\/\/www.organisator.ch\/sustainability\/2024-08-27\/eventbericht-nachhaltigkeit-voneinander-lernen\/","name":"Eventbericht: Nachhaltigkeit \u2013 voneinander lernen - Organisator","isPartOf":{"@id":"https:\/\/www.organisator.ch\/#website"},"primaryImageOfPage":{"@id":"https:\/\/www.organisator.ch\/sustainability\/2024-08-27\/eventbericht-nachhaltigkeit-voneinander-lernen\/#primaryimage"},"image":{"@id":"https:\/\/www.organisator.ch\/sustainability\/2024-08-27\/eventbericht-nachhaltigkeit-voneinander-lernen\/#primaryimage"},"thumbnailUrl":"https:\/\/www.organisator.ch\/wp-content\/uploads\/2024\/08\/Eventbericht-Nachhaltigkeit-voneinander-lernen_Organisator.jpg","datePublished":"2024-08-27T21:45:18+00:00","description":"Am 4. Juni veranstaltete Dachser Schweiz mit der A. Vogel AG einen Networking-Event unter dem Motto \u00abNachhaltigkeit \u2013 voneinander lernen\u00bb.","breadcrumb":{"@id":"https:\/\/www.organisator.ch\/sustainability\/2024-08-27\/eventbericht-nachhaltigkeit-voneinander-lernen\/#breadcrumb"},"inLanguage":"de","potentialAction":[{"@type":"ReadAction","target":["https:\/\/www.organisator.ch\/sustainability\/2024-08-27\/eventbericht-nachhaltigkeit-voneinander-lernen\/"]}]},{"@type":"ImageObject","inLanguage":"de","@id":"https:\/\/www.organisator.ch\/sustainability\/2024-08-27\/eventbericht-nachhaltigkeit-voneinander-lernen\/#primaryimage","url":"https:\/\/www.organisator.ch\/wp-content\/uploads\/2024\/08\/Eventbericht-Nachhaltigkeit-voneinander-lernen_Organisator.jpg","contentUrl":"https:\/\/www.organisator.ch\/wp-content\/uploads\/2024\/08\/Eventbericht-Nachhaltigkeit-voneinander-lernen_Organisator.jpg","width":680,"height":397,"caption":"Von links nach rechts: Marc Meier, Managing Director EMEA, Dachser Air & Sea Logistics, Bernhard C. B\u00e4rtschi, Head International Markets, Member Executive Management, A. Vogel Group, Jochen Layer, Vice President Corporate Fulfillment, Ricola, Bea Jucker, Moderatorin, Newbury Media & Communications GmbH, und Bukurim Selmani, Compliance Officer, CMS\/CSR Project Responsible, A. Vogel AG. (Bild: Marlies Beeler-Thurnheer)"},{"@type":"BreadcrumbList","@id":"https:\/\/www.organisator.ch\/sustainability\/2024-08-27\/eventbericht-nachhaltigkeit-voneinander-lernen\/#breadcrumb","itemListElement":[{"@type":"ListItem","position":1,"name":"Home","item":"https:\/\/www.organisator.ch\/"},{"@type":"ListItem","position":2,"name":"Eventbericht: Nachhaltigkeit \u2013 voneinander lernen"}]},{"@type":"WebSite","@id":"https:\/\/www.organisator.ch\/#website","url":"https:\/\/www.organisator.ch\/","name":"Organisator","description":"Kompetent. Praxisnah. Der ORGANISATOR bereitet in 10 Ausgaben pro Jahr die wesentlichen Themen f\u00fcr F\u00fchrungskr\u00e4fte von KMU auf.","publisher":{"@id":"https:\/\/www.organisator.ch\/#organization"},"potentialAction":[{"@type":"SearchAction","target":{"@type":"EntryPoint","urlTemplate":"https:\/\/www.organisator.ch\/?s={search_term_string}"},"query-input":{"@type":"PropertyValueSpecification","valueRequired":true,"valueName":"search_term_string"}}],"inLanguage":"de"},{"@type":"Organization","@id":"https:\/\/www.organisator.ch\/#organization","name":"Organisator","url":"https:\/\/www.organisator.ch\/","logo":{"@type":"ImageObject","inLanguage":"de","@id":"https:\/\/www.organisator.ch\/#\/schema\/logo\/image\/","url":"https:\/\/www.organisator.ch\/wp-content\/uploads\/2022\/01\/Logo_Organisator_Website.png","contentUrl":"https:\/\/www.organisator.ch\/wp-content\/uploads\/2022\/01\/Logo_Organisator_Website.png","width":800,"height":77,"caption":"Organisator"},"image":{"@id":"https:\/\/www.organisator.ch\/#\/schema\/logo\/image\/"},"sameAs":["https:\/\/www.facebook.com\/OrganisatorFachmagazin","https:\/\/www.linkedin.com\/showcase\/organisator-das-magazin-fr-kmu","https:\/\/www.xing.com\/news\/pages\/organisator-ch-695","https:\/\/www.youtube.com\/channel\/UCGP2Sq0iWaZwT3BdIAQFYpw"]},{"@type":"Person","@id":"https:\/\/www.organisator.ch\/#\/schema\/person\/6f650f90b2842cd4c0cc334b4e36f67e","name":"thomas.berner","image":{"@type":"ImageObject","inLanguage":"de","@id":"https:\/\/secure.gravatar.com\/avatar\/ac5001d2a36cb6c6cd3e50789007ffca834b477b74a2144564522e944eabff61?s=96&d=mm&r=g","url":"https:\/\/secure.gravatar.com\/avatar\/ac5001d2a36cb6c6cd3e50789007ffca834b477b74a2144564522e944eabff61?s=96&d=mm&r=g","contentUrl":"https:\/\/secure.gravatar.com\/avatar\/ac5001d2a36cb6c6cd3e50789007ffca834b477b74a2144564522e944eabff61?s=96&d=mm&r=g","caption":"thomas.berner"},"url":"https:\/\/www.organisator.ch\/de\/author\/thomas-berner\/"}]}},"_links":{"self":[{"href":"https:\/\/www.organisator.ch\/de\/wp-json\/wp\/v2\/posts\/29024","targetHints":{"allow":["GET"]}}],"collection":[{"href":"https:\/\/www.organisator.ch\/de\/wp-json\/wp\/v2\/posts"}],"about":[{"href":"https:\/\/www.organisator.ch\/de\/wp-json\/wp\/v2\/types\/post"}],"author":[{"embeddable":true,"href":"https:\/\/www.organisator.ch\/de\/wp-json\/wp\/v2\/users\/4"}],"replies":[{"embeddable":true,"href":"https:\/\/www.organisator.ch\/de\/wp-json\/wp\/v2\/comments?post=29024"}],"version-history":[{"count":4,"href":"https:\/\/www.organisator.ch\/de\/wp-json\/wp\/v2\/posts\/29024\/revisions"}],"predecessor-version":[{"id":29394,"href":"https:\/\/www.organisator.ch\/de\/wp-json\/wp\/v2\/posts\/29024\/revisions\/29394"}],"wp:featuredmedia":[{"embeddable":true,"href":"https:\/\/www.organisator.ch\/de\/wp-json\/wp\/v2\/media\/29025"}],"wp:attachment":[{"href":"https:\/\/www.organisator.ch\/de\/wp-json\/wp\/v2\/media?parent=29024"}],"wp:term":[{"taxonomy":"category","embeddable":true,"href":"https:\/\/www.organisator.ch\/de\/wp-json\/wp\/v2\/categories?post=29024"},{"taxonomy":"post_tag","embeddable":true,"href":"https:\/\/www.organisator.ch\/de\/wp-json\/wp\/v2\/tags?post=29024"}],"curies":[{"name":"wp","href":"https:\/\/api.w.org\/{rel}","templated":true}]}}