{"id":29032,"date":"2024-08-15T10:01:25","date_gmt":"2024-08-15T08:01:25","guid":{"rendered":"https:\/\/www.m-q.ch\/?p=20207"},"modified":"2024-11-08T12:54:21","modified_gmt":"2024-11-08T11:54:21","slug":"helvetia-ernennt-bernhard-kaufmann-zum-group-chief-risk-officer","status":"publish","type":"post","link":"https:\/\/www.organisator.ch\/de\/operational-excellence\/2024-08-15\/helvetia-ernennt-bernhard-kaufmann-zum-group-chief-risk-officer\/","title":{"rendered":"Helvetia ernennt Bernhard Kaufmann zum Group Chief Risk Officer"},"content":{"rendered":"<figure id=\"attachment_20209\" class=\"wp-caption alignnone\" style=\"width: 680px\" aria-describedby=\"caption-attachment-20209\"><img class=\"alignnone wp-image-20209 size-full\" src=\"https:\/\/www.m-q.ch\/wp-content\/uploads\/2024\/08\/BernhardKaufmann.jpg\" alt=\"Bernhard Kaufmann\" width=\"680\" height=\"444\" \/>\r\n<figcaption id=\"caption-attachment-20209\" class=\"wp-caption-text\">Bernhard Kaufmann wird Group Chief Risk Officer und Mitglied der Konzernleitung von Helvetia Versicherungen. (Bild: www.helvetia.ch)<\/figcaption>\r\n<\/figure>\r\n<p>Mitte Mai 2024 hat Helvetia angek\u00fcndigt, dass Group Risk Management als neuer Bereich Teil der Konzernleitung wird. Die F\u00fchrung dieses neuen Bereichs konnte nun mit Bernhard Kaufmann besetzt werden. Er st\u00f6sst per Anfang November als Group Chief Risk Officer und Mitglied der Konzernleitung zu Helvetia. Bernhard Kaufmann verf\u00fcgt \u00fcber langj\u00e4hrige F\u00fchrungserfahrung im Risk Management in einem internationalen Umfeld. Seit 2020 ist er Chief Risk Officer und Mitglied der Konzernleitung der niederl\u00e4ndischen NN Group. Davor hat er verschiedene Rollen bei Munich Re Group ausge\u00fcbt, zuletzt jene als Group Chief Risk Officer. Bernhard Kaufmann ist deutscher Staatsb\u00fcrger und hat an der Technischen Universit\u00e4t M\u00fcnchen in theoretischer Physik doktoriert.<\/p>\r\n<p>\u00abMit Bernhard Kaufmann gewinnt Helvetia einen ausgewiesenen Experten im Risk Management und eine F\u00fchrungspers\u00f6nlichkeit mit breiter internationaler Erfahrung. Ich freue mich, dass er unser Team verst\u00e4rkt\u00bb, erkl\u00e4rt Fabian Rupprecht, Group CEO von Helvetia. Er erg\u00e4nzt: \u00abMit der Integration des Risk Managements als eigenst\u00e4ndiger Teil in die Konzernleitung verbessern wir unsere Governance weiter und stellen sicher, dass Helvetia auch in Zeiten stetiger Ver\u00e4nderung f\u00fcr Kundinnen und Kunden, Mitarbeitende und Investoren eine zuverl\u00e4ssige Partnerin ist.\u00bb Der neue Konzernleitungsbereich Group Risk Management sch\u00e4tzt insbesondere alle Risiken inklusive strategischen, finanziellen und operationellen Risiken sowie Risiken bei grossen Projekten der Gruppe und der Markteinheiten ein, um diese gemeinsam mit den betroffenen Einheiten zu mitigieren. Zudem steuert dieser Bereich alle ESG-Aktivit\u00e4ten und b\u00fcndelt wesentliche Kontrollaufgaben auf Stufe Konzernleitung.<\/p>\r\n<p>Mit der Ernennung von Bernhard Kaufmann zum Group Chief Risk Officer ist die neu ausgerichtete Konzernleitung nun vollst\u00e4ndig besetzt. \u00abDie angepasste Konzernstruktur und die neuen Konzernleitungsmitglieder st\u00e4rken die internationale Dimension von Helvetia. Gleichzeitig entwickeln wir uns hinsichtlich Diversit\u00e4t in verschiedener Hinsicht weiter\u00bb, sagt Fabian Rupprecht.<\/p>\r\n<p><em>Quelle: <a href=\"http:\/\/www.helvetia.ch\/\">www.helvetia.ch<\/a><\/em><\/p>\n<p class=\"syndicated-attribution\">Dieser Beitrag erschien urspr\u00fcnglich auf m-q.ch - <a href=\"https:\/\/www.m-q.ch\/de\/helvetia-ernennt-bernhard-kaufmann-zum-group-chief-risk-officer\/\" target=\"_blank\">https:\/\/www.m-q.ch\/de\/helvetia-ernennt-bernhard-kaufmann-zum-group-chief-risk-officer\/<\/a><\/p>","protected":false},"excerpt":{"rendered":"<p>Bernhard Kaufmann wird Group Chief Risk Officer und Mitglied der Konzernleitung von Helvetia Versicherungen. Er verf\u00fcgt \u00fcber eine breite internationale F\u00fchrungserfahrung im Risk Management und wird per Anfang November bei Helvetia starten.<\/p>\n","protected":false},"author":58,"featured_media":0,"comment_status":"closed","ping_status":"closed","sticky":false,"template":"","format":"standard","meta":{"_acf_changed":false,"_yoast_wpseo_focuskw":"Bernhard Kaufmann","_yoast_wpseo_metadesc":"Bernhard Kaufmann wird Group Chief Risk Officer von Helvetia Versicherungen. St\u00e4rkung der Governance und Internationalit\u00e4t.","articlekey":"","footnotes":""},"categories":[582],"tags":[4389,4390,418,492],"class_list":["post-29032","post","type-post","status-publish","format-standard","hentry","category-operational-excellence","tag-chief-risk-officer","tag-helvetia","tag-risikomanagement","tag-unternehmen"],"acf":[],"yoast_head":"<!-- This site is optimized with the Yoast SEO plugin v27.5 - https:\/\/yoast.com\/product\/yoast-seo-wordpress\/ -->\n<title>Helvetia ernennt Bernhard Kaufmann zum Group Chief Risk Officer - Organisator<\/title>\n<meta name=\"description\" content=\"Bernhard Kaufmann wird Group Chief Risk Officer von Helvetia Versicherungen. St\u00e4rkung der Governance und Internationalit\u00e4t.\" \/>\n<meta name=\"robots\" content=\"index, follow, max-snippet:-1, max-image-preview:large, max-video-preview:-1\" \/>\n<link rel=\"canonical\" href=\"https:\/\/www.organisator.ch\/de\/operational-excellence\/2024-08-15\/helvetia-ernennt-bernhard-kaufmann-zum-group-chief-risk-officer\/\" \/>\n<meta property=\"og:locale\" content=\"de_DE\" \/>\n<meta property=\"og:type\" content=\"article\" \/>\n<meta property=\"og:title\" content=\"Helvetia ernennt Bernhard Kaufmann zum Group Chief Risk Officer - Organisator\" \/>\n<meta property=\"og:description\" content=\"Bernhard Kaufmann wird Group Chief Risk Officer von Helvetia Versicherungen. St\u00e4rkung der Governance und Internationalit\u00e4t.\" \/>\n<meta property=\"og:url\" content=\"https:\/\/www.organisator.ch\/de\/operational-excellence\/2024-08-15\/helvetia-ernennt-bernhard-kaufmann-zum-group-chief-risk-officer\/\" \/>\n<meta property=\"og:site_name\" content=\"Organisator\" \/>\n<meta property=\"article:publisher\" content=\"https:\/\/www.facebook.com\/OrganisatorFachmagazin\" \/>\n<meta property=\"article:published_time\" content=\"2024-08-15T08:01:25+00:00\" \/>\n<meta property=\"article:modified_time\" content=\"2024-11-08T11:54:21+00:00\" \/>\n<meta property=\"og:image\" content=\"https:\/\/www.m-q.ch\/wp-content\/uploads\/2024\/08\/BernhardKaufmann.jpg\" \/>\n<meta name=\"author\" content=\"Adelisa Kalajdzini\" \/>\n<meta name=\"twitter:card\" content=\"summary_large_image\" \/>\n<script type=\"application\/ld+json\" class=\"yoast-schema-graph\">{\"@context\":\"https:\\\/\\\/schema.org\",\"@graph\":[{\"@type\":\"Article\",\"@id\":\"https:\\\/\\\/www.organisator.ch\\\/operational-excellence\\\/2024-08-15\\\/helvetia-ernennt-bernhard-kaufmann-zum-group-chief-risk-officer\\\/#article\",\"isPartOf\":{\"@id\":\"https:\\\/\\\/www.organisator.ch\\\/operational-excellence\\\/2024-08-15\\\/helvetia-ernennt-bernhard-kaufmann-zum-group-chief-risk-officer\\\/\"},\"author\":{\"name\":\"Adelisa Kalajdzini\",\"@id\":\"https:\\\/\\\/www.organisator.ch\\\/#\\\/schema\\\/person\\\/2e1314a2172123f874db408d8911d3f3\"},\"headline\":\"Helvetia ernennt Bernhard Kaufmann zum Group Chief Risk Officer\",\"datePublished\":\"2024-08-15T08:01:25+00:00\",\"dateModified\":\"2024-11-08T11:54:21+00:00\",\"mainEntityOfPage\":{\"@id\":\"https:\\\/\\\/www.organisator.ch\\\/operational-excellence\\\/2024-08-15\\\/helvetia-ernennt-bernhard-kaufmann-zum-group-chief-risk-officer\\\/\"},\"wordCount\":328,\"publisher\":{\"@id\":\"https:\\\/\\\/www.organisator.ch\\\/#organization\"},\"image\":{\"@id\":\"https:\\\/\\\/www.organisator.ch\\\/operational-excellence\\\/2024-08-15\\\/helvetia-ernennt-bernhard-kaufmann-zum-group-chief-risk-officer\\\/#primaryimage\"},\"thumbnailUrl\":\"https:\\\/\\\/www.m-q.ch\\\/wp-content\\\/uploads\\\/2024\\\/08\\\/BernhardKaufmann.jpg\",\"keywords\":[\"Chief Risk Officer\",\"Helvetia\",\"Risikomanagement\",\"Unternehmen\"],\"articleSection\":[\"OPERATIONAL EXCELLENCE\"],\"inLanguage\":\"de\"},{\"@type\":\"WebPage\",\"@id\":\"https:\\\/\\\/www.organisator.ch\\\/operational-excellence\\\/2024-08-15\\\/helvetia-ernennt-bernhard-kaufmann-zum-group-chief-risk-officer\\\/\",\"url\":\"https:\\\/\\\/www.organisator.ch\\\/operational-excellence\\\/2024-08-15\\\/helvetia-ernennt-bernhard-kaufmann-zum-group-chief-risk-officer\\\/\",\"name\":\"Helvetia ernennt Bernhard Kaufmann zum Group Chief Risk Officer - Organisator\",\"isPartOf\":{\"@id\":\"https:\\\/\\\/www.organisator.ch\\\/#website\"},\"primaryImageOfPage\":{\"@id\":\"https:\\\/\\\/www.organisator.ch\\\/operational-excellence\\\/2024-08-15\\\/helvetia-ernennt-bernhard-kaufmann-zum-group-chief-risk-officer\\\/#primaryimage\"},\"image\":{\"@id\":\"https:\\\/\\\/www.organisator.ch\\\/operational-excellence\\\/2024-08-15\\\/helvetia-ernennt-bernhard-kaufmann-zum-group-chief-risk-officer\\\/#primaryimage\"},\"thumbnailUrl\":\"https:\\\/\\\/www.m-q.ch\\\/wp-content\\\/uploads\\\/2024\\\/08\\\/BernhardKaufmann.jpg\",\"datePublished\":\"2024-08-15T08:01:25+00:00\",\"dateModified\":\"2024-11-08T11:54:21+00:00\",\"description\":\"Bernhard Kaufmann wird Group Chief Risk Officer von Helvetia Versicherungen. St\u00e4rkung der Governance und Internationalit\u00e4t.\",\"breadcrumb\":{\"@id\":\"https:\\\/\\\/www.organisator.ch\\\/operational-excellence\\\/2024-08-15\\\/helvetia-ernennt-bernhard-kaufmann-zum-group-chief-risk-officer\\\/#breadcrumb\"},\"inLanguage\":\"de\",\"potentialAction\":[{\"@type\":\"ReadAction\",\"target\":[\"https:\\\/\\\/www.organisator.ch\\\/operational-excellence\\\/2024-08-15\\\/helvetia-ernennt-bernhard-kaufmann-zum-group-chief-risk-officer\\\/\"]}]},{\"@type\":\"ImageObject\",\"inLanguage\":\"de\",\"@id\":\"https:\\\/\\\/www.organisator.ch\\\/operational-excellence\\\/2024-08-15\\\/helvetia-ernennt-bernhard-kaufmann-zum-group-chief-risk-officer\\\/#primaryimage\",\"url\":\"https:\\\/\\\/www.m-q.ch\\\/wp-content\\\/uploads\\\/2024\\\/08\\\/BernhardKaufmann.jpg\",\"contentUrl\":\"https:\\\/\\\/www.m-q.ch\\\/wp-content\\\/uploads\\\/2024\\\/08\\\/BernhardKaufmann.jpg\"},{\"@type\":\"BreadcrumbList\",\"@id\":\"https:\\\/\\\/www.organisator.ch\\\/operational-excellence\\\/2024-08-15\\\/helvetia-ernennt-bernhard-kaufmann-zum-group-chief-risk-officer\\\/#breadcrumb\",\"itemListElement\":[{\"@type\":\"ListItem\",\"position\":1,\"name\":\"Home\",\"item\":\"https:\\\/\\\/www.organisator.ch\\\/\"},{\"@type\":\"ListItem\",\"position\":2,\"name\":\"Helvetia ernennt Bernhard Kaufmann zum Group Chief Risk Officer\"}]},{\"@type\":\"WebSite\",\"@id\":\"https:\\\/\\\/www.organisator.ch\\\/#website\",\"url\":\"https:\\\/\\\/www.organisator.ch\\\/\",\"name\":\"Organisator\",\"description\":\"Kompetent. Praxisnah. Der ORGANISATOR bereitet in 10 Ausgaben pro Jahr die wesentlichen Themen f\u00fcr F\u00fchrungskr\u00e4fte von KMU auf.\",\"publisher\":{\"@id\":\"https:\\\/\\\/www.organisator.ch\\\/#organization\"},\"potentialAction\":[{\"@type\":\"SearchAction\",\"target\":{\"@type\":\"EntryPoint\",\"urlTemplate\":\"https:\\\/\\\/www.organisator.ch\\\/?s={search_term_string}\"},\"query-input\":{\"@type\":\"PropertyValueSpecification\",\"valueRequired\":true,\"valueName\":\"search_term_string\"}}],\"inLanguage\":\"de\"},{\"@type\":\"Organization\",\"@id\":\"https:\\\/\\\/www.organisator.ch\\\/#organization\",\"name\":\"Organisator\",\"url\":\"https:\\\/\\\/www.organisator.ch\\\/\",\"logo\":{\"@type\":\"ImageObject\",\"inLanguage\":\"de\",\"@id\":\"https:\\\/\\\/www.organisator.ch\\\/#\\\/schema\\\/logo\\\/image\\\/\",\"url\":\"https:\\\/\\\/www.organisator.ch\\\/wp-content\\\/uploads\\\/2022\\\/01\\\/Logo_Organisator_Website.png\",\"contentUrl\":\"https:\\\/\\\/www.organisator.ch\\\/wp-content\\\/uploads\\\/2022\\\/01\\\/Logo_Organisator_Website.png\",\"width\":800,\"height\":77,\"caption\":\"Organisator\"},\"image\":{\"@id\":\"https:\\\/\\\/www.organisator.ch\\\/#\\\/schema\\\/logo\\\/image\\\/\"},\"sameAs\":[\"https:\\\/\\\/www.facebook.com\\\/OrganisatorFachmagazin\",\"https:\\\/\\\/www.linkedin.com\\\/showcase\\\/organisator-das-magazin-fr-kmu\",\"https:\\\/\\\/www.xing.com\\\/news\\\/pages\\\/organisator-ch-695\",\"https:\\\/\\\/www.youtube.com\\\/channel\\\/UCGP2Sq0iWaZwT3BdIAQFYpw\"]},{\"@type\":\"Person\",\"@id\":\"https:\\\/\\\/www.organisator.ch\\\/#\\\/schema\\\/person\\\/2e1314a2172123f874db408d8911d3f3\",\"name\":\"Adelisa Kalajdzini\",\"image\":{\"@type\":\"ImageObject\",\"inLanguage\":\"de\",\"@id\":\"https:\\\/\\\/secure.gravatar.com\\\/avatar\\\/09a397c22ac58cad6f160ee8306348599df9df58a8ede73696226897b9fa4b24?s=96&d=mm&r=g\",\"url\":\"https:\\\/\\\/secure.gravatar.com\\\/avatar\\\/09a397c22ac58cad6f160ee8306348599df9df58a8ede73696226897b9fa4b24?s=96&d=mm&r=g\",\"contentUrl\":\"https:\\\/\\\/secure.gravatar.com\\\/avatar\\\/09a397c22ac58cad6f160ee8306348599df9df58a8ede73696226897b9fa4b24?s=96&d=mm&r=g\",\"caption\":\"Adelisa Kalajdzini\"},\"url\":\"https:\\\/\\\/www.organisator.ch\\\/de\\\/author\\\/adelisa-kalajdzini\\\/\"}]}<\/script>\n<!-- \/ Yoast SEO plugin. -->","yoast_head_json":{"title":"Helvetia ernennt Bernhard Kaufmann zum Group Chief Risk Officer - Organisator","description":"Bernhard Kaufmann wird Group Chief Risk Officer von Helvetia Versicherungen. St\u00e4rkung der Governance und Internationalit\u00e4t.","robots":{"index":"index","follow":"follow","max-snippet":"max-snippet:-1","max-image-preview":"max-image-preview:large","max-video-preview":"max-video-preview:-1"},"canonical":"https:\/\/www.organisator.ch\/de\/operational-excellence\/2024-08-15\/helvetia-ernennt-bernhard-kaufmann-zum-group-chief-risk-officer\/","og_locale":"de_DE","og_type":"article","og_title":"Helvetia ernennt Bernhard Kaufmann zum Group Chief Risk Officer - Organisator","og_description":"Bernhard Kaufmann wird Group Chief Risk Officer von Helvetia Versicherungen. St\u00e4rkung der Governance und Internationalit\u00e4t.","og_url":"https:\/\/www.organisator.ch\/de\/operational-excellence\/2024-08-15\/helvetia-ernennt-bernhard-kaufmann-zum-group-chief-risk-officer\/","og_site_name":"Organisator","article_publisher":"https:\/\/www.facebook.com\/OrganisatorFachmagazin","article_published_time":"2024-08-15T08:01:25+00:00","article_modified_time":"2024-11-08T11:54:21+00:00","og_image":[{"url":"https:\/\/www.m-q.ch\/wp-content\/uploads\/2024\/08\/BernhardKaufmann.jpg","type":"","width":"","height":""}],"author":"Adelisa Kalajdzini","twitter_card":"summary_large_image","schema":{"@context":"https:\/\/schema.org","@graph":[{"@type":"Article","@id":"https:\/\/www.organisator.ch\/operational-excellence\/2024-08-15\/helvetia-ernennt-bernhard-kaufmann-zum-group-chief-risk-officer\/#article","isPartOf":{"@id":"https:\/\/www.organisator.ch\/operational-excellence\/2024-08-15\/helvetia-ernennt-bernhard-kaufmann-zum-group-chief-risk-officer\/"},"author":{"name":"Adelisa Kalajdzini","@id":"https:\/\/www.organisator.ch\/#\/schema\/person\/2e1314a2172123f874db408d8911d3f3"},"headline":"Helvetia ernennt Bernhard Kaufmann zum Group Chief Risk Officer","datePublished":"2024-08-15T08:01:25+00:00","dateModified":"2024-11-08T11:54:21+00:00","mainEntityOfPage":{"@id":"https:\/\/www.organisator.ch\/operational-excellence\/2024-08-15\/helvetia-ernennt-bernhard-kaufmann-zum-group-chief-risk-officer\/"},"wordCount":328,"publisher":{"@id":"https:\/\/www.organisator.ch\/#organization"},"image":{"@id":"https:\/\/www.organisator.ch\/operational-excellence\/2024-08-15\/helvetia-ernennt-bernhard-kaufmann-zum-group-chief-risk-officer\/#primaryimage"},"thumbnailUrl":"https:\/\/www.m-q.ch\/wp-content\/uploads\/2024\/08\/BernhardKaufmann.jpg","keywords":["Chief Risk Officer","Helvetia","Risikomanagement","Unternehmen"],"articleSection":["OPERATIONAL EXCELLENCE"],"inLanguage":"de"},{"@type":"WebPage","@id":"https:\/\/www.organisator.ch\/operational-excellence\/2024-08-15\/helvetia-ernennt-bernhard-kaufmann-zum-group-chief-risk-officer\/","url":"https:\/\/www.organisator.ch\/operational-excellence\/2024-08-15\/helvetia-ernennt-bernhard-kaufmann-zum-group-chief-risk-officer\/","name":"Helvetia ernennt Bernhard Kaufmann zum Group Chief Risk Officer - Organisator","isPartOf":{"@id":"https:\/\/www.organisator.ch\/#website"},"primaryImageOfPage":{"@id":"https:\/\/www.organisator.ch\/operational-excellence\/2024-08-15\/helvetia-ernennt-bernhard-kaufmann-zum-group-chief-risk-officer\/#primaryimage"},"image":{"@id":"https:\/\/www.organisator.ch\/operational-excellence\/2024-08-15\/helvetia-ernennt-bernhard-kaufmann-zum-group-chief-risk-officer\/#primaryimage"},"thumbnailUrl":"https:\/\/www.m-q.ch\/wp-content\/uploads\/2024\/08\/BernhardKaufmann.jpg","datePublished":"2024-08-15T08:01:25+00:00","dateModified":"2024-11-08T11:54:21+00:00","description":"Bernhard Kaufmann wird Group Chief Risk Officer von Helvetia Versicherungen. St\u00e4rkung der Governance und Internationalit\u00e4t.","breadcrumb":{"@id":"https:\/\/www.organisator.ch\/operational-excellence\/2024-08-15\/helvetia-ernennt-bernhard-kaufmann-zum-group-chief-risk-officer\/#breadcrumb"},"inLanguage":"de","potentialAction":[{"@type":"ReadAction","target":["https:\/\/www.organisator.ch\/operational-excellence\/2024-08-15\/helvetia-ernennt-bernhard-kaufmann-zum-group-chief-risk-officer\/"]}]},{"@type":"ImageObject","inLanguage":"de","@id":"https:\/\/www.organisator.ch\/operational-excellence\/2024-08-15\/helvetia-ernennt-bernhard-kaufmann-zum-group-chief-risk-officer\/#primaryimage","url":"https:\/\/www.m-q.ch\/wp-content\/uploads\/2024\/08\/BernhardKaufmann.jpg","contentUrl":"https:\/\/www.m-q.ch\/wp-content\/uploads\/2024\/08\/BernhardKaufmann.jpg"},{"@type":"BreadcrumbList","@id":"https:\/\/www.organisator.ch\/operational-excellence\/2024-08-15\/helvetia-ernennt-bernhard-kaufmann-zum-group-chief-risk-officer\/#breadcrumb","itemListElement":[{"@type":"ListItem","position":1,"name":"Home","item":"https:\/\/www.organisator.ch\/"},{"@type":"ListItem","position":2,"name":"Helvetia ernennt Bernhard Kaufmann zum Group Chief Risk Officer"}]},{"@type":"WebSite","@id":"https:\/\/www.organisator.ch\/#website","url":"https:\/\/www.organisator.ch\/","name":"Organisator","description":"Kompetent. Praxisnah. Der ORGANISATOR bereitet in 10 Ausgaben pro Jahr die wesentlichen Themen f\u00fcr F\u00fchrungskr\u00e4fte von KMU auf.","publisher":{"@id":"https:\/\/www.organisator.ch\/#organization"},"potentialAction":[{"@type":"SearchAction","target":{"@type":"EntryPoint","urlTemplate":"https:\/\/www.organisator.ch\/?s={search_term_string}"},"query-input":{"@type":"PropertyValueSpecification","valueRequired":true,"valueName":"search_term_string"}}],"inLanguage":"de"},{"@type":"Organization","@id":"https:\/\/www.organisator.ch\/#organization","name":"Organisator","url":"https:\/\/www.organisator.ch\/","logo":{"@type":"ImageObject","inLanguage":"de","@id":"https:\/\/www.organisator.ch\/#\/schema\/logo\/image\/","url":"https:\/\/www.organisator.ch\/wp-content\/uploads\/2022\/01\/Logo_Organisator_Website.png","contentUrl":"https:\/\/www.organisator.ch\/wp-content\/uploads\/2022\/01\/Logo_Organisator_Website.png","width":800,"height":77,"caption":"Organisator"},"image":{"@id":"https:\/\/www.organisator.ch\/#\/schema\/logo\/image\/"},"sameAs":["https:\/\/www.facebook.com\/OrganisatorFachmagazin","https:\/\/www.linkedin.com\/showcase\/organisator-das-magazin-fr-kmu","https:\/\/www.xing.com\/news\/pages\/organisator-ch-695","https:\/\/www.youtube.com\/channel\/UCGP2Sq0iWaZwT3BdIAQFYpw"]},{"@type":"Person","@id":"https:\/\/www.organisator.ch\/#\/schema\/person\/2e1314a2172123f874db408d8911d3f3","name":"Adelisa Kalajdzini","image":{"@type":"ImageObject","inLanguage":"de","@id":"https:\/\/secure.gravatar.com\/avatar\/09a397c22ac58cad6f160ee8306348599df9df58a8ede73696226897b9fa4b24?s=96&d=mm&r=g","url":"https:\/\/secure.gravatar.com\/avatar\/09a397c22ac58cad6f160ee8306348599df9df58a8ede73696226897b9fa4b24?s=96&d=mm&r=g","contentUrl":"https:\/\/secure.gravatar.com\/avatar\/09a397c22ac58cad6f160ee8306348599df9df58a8ede73696226897b9fa4b24?s=96&d=mm&r=g","caption":"Adelisa Kalajdzini"},"url":"https:\/\/www.organisator.ch\/de\/author\/adelisa-kalajdzini\/"}]}},"_links":{"self":[{"href":"https:\/\/www.organisator.ch\/de\/wp-json\/wp\/v2\/posts\/29032","targetHints":{"allow":["GET"]}}],"collection":[{"href":"https:\/\/www.organisator.ch\/de\/wp-json\/wp\/v2\/posts"}],"about":[{"href":"https:\/\/www.organisator.ch\/de\/wp-json\/wp\/v2\/types\/post"}],"author":[{"embeddable":true,"href":"https:\/\/www.organisator.ch\/de\/wp-json\/wp\/v2\/users\/58"}],"replies":[{"embeddable":true,"href":"https:\/\/www.organisator.ch\/de\/wp-json\/wp\/v2\/comments?post=29032"}],"version-history":[{"count":5,"href":"https:\/\/www.organisator.ch\/de\/wp-json\/wp\/v2\/posts\/29032\/revisions"}],"predecessor-version":[{"id":32045,"href":"https:\/\/www.organisator.ch\/de\/wp-json\/wp\/v2\/posts\/29032\/revisions\/32045"}],"wp:attachment":[{"href":"https:\/\/www.organisator.ch\/de\/wp-json\/wp\/v2\/media?parent=29032"}],"wp:term":[{"taxonomy":"category","embeddable":true,"href":"https:\/\/www.organisator.ch\/de\/wp-json\/wp\/v2\/categories?post=29032"},{"taxonomy":"post_tag","embeddable":true,"href":"https:\/\/www.organisator.ch\/de\/wp-json\/wp\/v2\/tags?post=29032"}],"curies":[{"name":"wp","href":"https:\/\/api.w.org\/{rel}","templated":true}]}}