{"id":29054,"date":"2024-08-15T16:12:48","date_gmt":"2024-08-15T14:12:48","guid":{"rendered":"https:\/\/www.markt-kom.com\/?p=221634"},"modified":"2024-11-08T12:52:17","modified_gmt":"2024-11-08T11:52:17","slug":"sommerferien-2024-wetterbedingt-durchzogene-bilanz","status":"publish","type":"post","link":"https:\/\/www.organisator.ch\/de\/marketing\/2024-08-15\/sommerferien-2024-wetterbedingt-durchzogene-bilanz\/","title":{"rendered":"Sommerferien 2024: wetterbedingt durchzogene Bilanz"},"content":{"rendered":"<p><img class=\"alignnone wp-image-221645 size-full\" src=\"https:\/\/www.markt-kom.com\/wp-content\/uploads\/2024\/08\/ST_3x2_Laufen-Rhine-Falls_32135_%C2%A9ST-AndreasGerth-1-scaled.jpg\" alt=\"Schweiz Tourismus\" width=\"1300\" height=\"866\" \/><\/p>\r\n<p>Anfang August f\u00fchlte ST den Puls bei der Tourismusbranche landesweit und bat um erste Eindr\u00fccke zum Verlauf der Sommerferien. Die R\u00fcckmeldungen stammen vor allem von Tourismusregionen und Destinationen sowohl im Berggebiet als auch in den St\u00e4dten.<\/p>\r\n<h3><strong>Wetter und Unwetter hatten grosse Auswirkungen<\/strong><\/h3>\r\n<p>Nasskaltes Wetter im Fr\u00fchsommer verhiess nichts Gutes f\u00fcr den Start der Sommersaison. Und die grossen Unwetter im Juni auf der Alpens\u00fcdseite sowie in vielen weiteren Berggebieten taten ihr \u00dcbriges. Vor allem das Tessin, aber auch Teile von Graub\u00fcnden und des Wallis, waren von Stornierungen und vor allem fehlenden Spontanbuchungen betroffen. Ebenso fanden viele Tagesausfl\u00fcge nicht statt, dies ist besonders verheerend in Regionen, wo der Heimmarkt Schweiz sowie die M\u00e4rkte in den Nachbarl\u00e4ndern gross sind. \u00abIm Vergleich zum Juni des letzten Jahres war der erwartete R\u00fcckgang sp\u00fcrbar, und auch f\u00fcr den Juli rechnen wir mit einem \u00e4hnlichen Ergebnis\u00bb, so Angelo Trotta, Direktor Ticino Tourismus.<em>\u00a0<\/em>Von einem anspruchsvollen Sommer spricht auch das Saisonmonitoring der Seilbahnen Schweiz f\u00fcr das Sommergesch\u00e4ft der Bergbahnen bis Ende Juli.<span style=\"text-decoration: line-through\"><br \/>\r\n<\/span><\/p>\r\n<p><a href=\"https:\/\/www.markt-kom.com\/de\/markom\/sommerferien-2024-wetterbedingt-durchzogene-bilanz\/attachment\/switzerland-summer-7\/\"><img class=\"attachment-full size-full\" src=\"https:\/\/www.markt-kom.com\/wp-content\/uploads\/2024\/08\/ST_3x2_Davos-Chinese-guests_52475_%C2%A9ST_Travelbyphoto-scaled.jpg\" alt=\"\" width=\"1300\" height=\"866\" \/><\/a> <a href=\"https:\/\/www.markt-kom.com\/de\/markom\/sommerferien-2024-wetterbedingt-durchzogene-bilanz\/attachment\/st_3x2_family-in-st-gallen_100434_silvanozeiter\/\"><img class=\"attachment-full size-full\" src=\"https:\/\/www.markt-kom.com\/wp-content\/uploads\/2024\/08\/ST_3x2_Family-in-St-Gallen_100434_%C2%A9SilvanoZeiter-scaled.jpg\" alt=\"\" width=\"1300\" height=\"866\" \/><\/a> <a href=\"https:\/\/www.markt-kom.com\/de\/markom\/sommerferien-2024-wetterbedingt-durchzogene-bilanz\/attachment\/switzerland-summer-8\/\"><img class=\"attachment-full size-full\" src=\"https:\/\/www.markt-kom.com\/wp-content\/uploads\/2024\/08\/ST_3x2_Glacier-Express-guests-from-China_52482_%C2%A9ST_Travelbyphoto-scaled.jpg\" alt=\"\" width=\"1300\" height=\"866\" \/><\/a> <a href=\"https:\/\/www.markt-kom.com\/de\/markom\/sommerferien-2024-wetterbedingt-durchzogene-bilanz\/attachment\/switzerland-summer-9\/\"><img class=\"attachment-full size-full\" src=\"https:\/\/www.markt-kom.com\/wp-content\/uploads\/2024\/08\/ST_3x2_Lake-Thun-Callum-Snape_66935_@ST_CallumSnape-scaled.jpg\" alt=\"\" width=\"1300\" height=\"866\" \/><\/a><\/p>\r\n<p>&nbsp;<\/p>\r\n<h3><strong>Wetterumschwung bringt gute Stimmung<\/strong><\/h3>\r\n<p>Mit der Wetterbesserung kam vielerorts rasch die Zuversicht zur\u00fcck. Monika K\u00f6nig, Leiterin Marketing &amp; Kommunikation Aletsch Arena AG (VS) bedauert zwar, dass zu Saisonbeginn schneebedingt noch einige Wanderwege geschlossen waren. Jedoch: \u00abDie aktuell hohen Temperaturen treiben immer mehr G\u00e4ste in die Berge \u2013 eine Chance f\u00fcr den Bergtourismus\u00bb.<br \/>\r\nEinzelne Destinationen pr\u00e4sentieren f\u00fcr Juli eine beinahe Vollauslastung und erwarten eine sehr gute Sommersaison. So etwa Marc Ungerer, Gesch\u00e4ftsf\u00fchrer Jungfrau Tourismus AG: \u00abDer Sommer ist grandios \u2013 mindestens auf Vorjahresniveau, wenn nicht sogar dr\u00fcber. Nicht nur in den gr\u00f6ssere Resorts Destinationen, sondern zum Beispiel auch in M\u00fcrren und im Haslital\u00bb. Dies gilt auch f\u00fcr das im Juni ebenfalls vom Unwetter betroffene Zermatt: \u00abIn Zermatt herrschen seit Wochen beste Sommersaison-Bedingungen und Normalbetrieb. Die Destination hat sich von der Delle der beiden Unwetter-Wochenenden Ende Juni rasch erholt und die Prognosen f\u00fcr die restliche Sommer-Saison sind verheissungsvoll\u00bb, meldet David Taugwalder, Leiter PR &amp; Kommunikation von Zermatt Tourismus.<br \/>\r\nDies alles nicht zuletzt auch dank den G\u00e4sten aus \u00dcbersee, deren Wichtigkeit sich im Rahmen der Wetterverh\u00e4ltnisse erneut zeigte: Fernmarkt-Reisen finden so oder so statt, mit gutem oder schlechtem Wetter.<\/p>\r\n<h3><strong>St\u00e4dtetourismus arbeitet wetterunabh\u00e4ngig<\/strong><\/h3>\r\n<p>Besonders die grossen St\u00e4dte wie Basel oder Z\u00fcrich melden \u2013 auch wegen ihrer \u00abwetterfesten\u00bb Attraktionen wie etwa Museen \u2013 keine Auswirkungen des Juniwetters. \u00abWir konnten den st\u00e4rksten Juni aller Zeiten verbuchen. Dank einer erfolgreichen Art Basel und auch dank vielen Schweizer G\u00e4sten \u2013 Basel konnte sich in den letzten Jahren speziell beim Schweizer Publikum als attraktive Freizeitdestination positionieren\u00bb, freut sich Letizia Elia, Direktorin Basel Tourismus. In Z\u00fcrich sorgten Grossevents wie die Taylor-Swift-Konzerte und die Streetparade f\u00fcr eine hohe und auch sehr diversifizierte Nachfrage. Und auch in Westschweizer St\u00e4dten ist man zufrieden \u2013 etwa in Montreux: \u00abdie Hotels arbeiten diesen Sommer besser als im letzten Sommer\u00bb, erkl\u00e4rt Gr\u00e9goire Chappuis, Leiter Marketing &amp; Kommunikation von Montreux Vevey Tourismus.<\/p>\r\n<p>&nbsp;<\/p>\r\n<h3><strong>Herausforderungen in \u00dcbersee <\/strong><\/h3>\r\n<p>Touristinnen und Touristen aus Nordamerika sind zwar aktuell immer noch landesweit zahlreich unterwegs, nur d\u00fcrfte sich dieser Trend langsam, aber sicher abschw\u00e4chen. \u00abInternationale und amerikanische Reiseveranstalter mahnen uns, die pandemiebedingt gef\u00fcllten Geldbeutel f\u00fcr \u00dcbersee-Ferien seien langsam auch bei US-Reisenden aufgebraucht\u00bb, gibt Martin Nydegger, ST-Direktor \u2013 trotz starken Zahlen aus Nordamerika \u2013 zu Bedenken.<\/p>\r\n<p>Und aus Asien fehlt auch diesen Sommer besonders China \u2013 bzw. etwa die H\u00e4lfte der Hotellogiern\u00e4chte von 2019 aus diesem Markt. Die Branche meldet f\u00fcr den Sommer kaum chinesische und auch generell eher weniger asiatische G\u00e4ste \u2013 es herrsche nach wie vor Zur\u00fcckhaltung aus Asien. Auch das trug dann mit dazu bei, dass es diesen Sommer zu keinen Engp\u00e4ssen an den beliebten Schweizer Tourismusattraktionen gekommen ist.<\/p>\r\n<p><a href=\"https:\/\/www.markt-kom.com\/de\/markom\/sommerferien-2024-wetterbedingt-durchzogene-bilanz\/attachment\/switzerland-tourism-4\/\"><img class=\"attachment-full size-full\" src=\"https:\/\/www.markt-kom.com\/wp-content\/uploads\/2024\/08\/ST_3x2_Leuenfall-Brewbee_115887_%C2%A9ST-scaled.jpg\" alt=\"\" width=\"1300\" height=\"866\" \/><\/a> <a href=\"https:\/\/www.markt-kom.com\/de\/markom\/sommerferien-2024-wetterbedingt-durchzogene-bilanz\/attachment\/switzerland-summer-4\/\"><img class=\"attachment-full size-full\" src=\"https:\/\/www.markt-kom.com\/wp-content\/uploads\/2024\/08\/ST_3x2_Lugano-guests-from-China_52521_%C2%A9ST_Travelbyphoto-scaled.jpg\" alt=\"\" width=\"1300\" height=\"866\" \/><\/a> <a href=\"https:\/\/www.markt-kom.com\/de\/markom\/sommerferien-2024-wetterbedingt-durchzogene-bilanz\/attachment\/switzerland-summer-5\/\"><img class=\"attachment-full size-full\" src=\"https:\/\/www.markt-kom.com\/wp-content\/uploads\/2024\/08\/ST_3x2_Zugerberg-families-Wandern_4_49220_%C2%A9ST_JasminFrei-scaled.jpg\" alt=\"\" width=\"1300\" height=\"866\" \/><\/a> <a href=\"https:\/\/www.markt-kom.com\/de\/markom\/sommerferien-2024-wetterbedingt-durchzogene-bilanz\/attachment\/switzerland-cities\/\"><img class=\"attachment-full size-full\" src=\"https:\/\/www.markt-kom.com\/wp-content\/uploads\/2024\/08\/ST_3x2_Basel-Rhine-Swimming_36286_%C2%A9ST_MarkusBuehler-scaled.jpg\" alt=\"\" width=\"1300\" height=\"868\" \/><\/a><\/p>\r\n<hr \/>\r\n<p><em>Schweiz Tourismus (ST)<\/em><\/p>\r\n<p><em>ST ist eine \u00f6ffentlich-rechtliche K\u00f6rperschaft des Bundes und ist mit der F\u00f6rderung der touristischen Nachfrage f\u00fcr das Ferien-, Reise- und Kongress\u00adland Schweiz im In- und Ausland beauftragt. Die Entwicklung und Umsetzung nachfragewirksamer Marketingprogramme und die Profilierung der starken, klassisch-modernen Tourismusmarke Schweiz landes- und weltweit stehen im Mittelpunkt. ST arbeitet in enger Zusammenarbeit mit der Tourismusbranche, welche ungef\u00e4hr die H\u00e4lfte des Budgets beisteuert. Die andere H\u00e4lfte besteht aus Bundesgeldern. Die Organisation arbeitet kunden- und marktorientiert und\u00a0wird nach betriebswirtschaftlichen Kriterien gef\u00fchrt. Weltweit ist ST mit rund 280\u00a0Mitarbeiterinnen und Mitarbeitern (255\u00a0FTEs), verteilt auf 36\u00a0B\u00fcros, in\u00a023\u00a0M\u00e4rkten pr\u00e4sent.<\/em><\/p>","protected":false},"excerpt":{"rendered":"<p>In der indikativen Pulsmessung wurde landesweit das im Juni und teilweise noch Juli schlechte Wetter als Herausforderung angegeben.\u00a0In den grossen St\u00e4dten vermelden die Tourismusfachleute ab Sommerbeginn dagegen einen erfolgreichen Verlauf.<\/p>\n","protected":false},"author":8,"featured_media":0,"comment_status":"closed","ping_status":"closed","sticky":false,"template":"","format":"standard","meta":{"_acf_changed":false,"_yoast_wpseo_focuskw":"Schweiz Tourismus","_yoast_wpseo_metadesc":"Schweiz Tourismus berichtet: Wetter beeinflusst Sommer 2024. Positive Trends in St\u00e4dten und Bergregionen.","articlekey":"","footnotes":""},"categories":[29],"tags":[4343,2854],"class_list":["post-29054","post","type-post","status-publish","format-standard","hentry","category-marketing","tag-markom","tag-schweiz-tourismus"],"acf":[],"yoast_head":"<!-- This site is optimized with the Yoast SEO plugin v27.5 - https:\/\/yoast.com\/product\/yoast-seo-wordpress\/ -->\n<title>Sommerferien 2024: wetterbedingt durchzogene Bilanz - Organisator<\/title>\n<meta name=\"description\" content=\"Schweiz Tourismus berichtet: Wetter beeinflusst Sommer 2024. Positive Trends in St\u00e4dten und Bergregionen.\" \/>\n<meta name=\"robots\" content=\"index, follow, max-snippet:-1, max-image-preview:large, max-video-preview:-1\" \/>\n<link rel=\"canonical\" href=\"https:\/\/www.organisator.ch\/de\/marketing\/2024-08-15\/sommerferien-2024-wetterbedingt-durchzogene-bilanz\/\" \/>\n<meta property=\"og:locale\" content=\"de_DE\" \/>\n<meta property=\"og:type\" content=\"article\" \/>\n<meta property=\"og:title\" content=\"Sommerferien 2024: wetterbedingt durchzogene Bilanz - Organisator\" \/>\n<meta property=\"og:description\" content=\"Schweiz Tourismus berichtet: Wetter beeinflusst Sommer 2024. Positive Trends in St\u00e4dten und Bergregionen.\" \/>\n<meta property=\"og:url\" content=\"https:\/\/www.organisator.ch\/de\/marketing\/2024-08-15\/sommerferien-2024-wetterbedingt-durchzogene-bilanz\/\" \/>\n<meta property=\"og:site_name\" content=\"Organisator\" \/>\n<meta property=\"article:publisher\" content=\"https:\/\/www.facebook.com\/OrganisatorFachmagazin\" \/>\n<meta property=\"article:published_time\" content=\"2024-08-15T14:12:48+00:00\" \/>\n<meta property=\"article:modified_time\" content=\"2024-11-08T11:52:17+00:00\" \/>\n<meta property=\"og:image\" content=\"https:\/\/www.markt-kom.com\/wp-content\/uploads\/2024\/08\/ST_3x2_Laufen-Rhine-Falls_32135_%C2%A9ST-AndreasGerth-1-scaled.jpg\" \/>\n<meta name=\"author\" content=\"galledia\" \/>\n<meta name=\"twitter:card\" content=\"summary_large_image\" \/>\n<meta name=\"twitter:creator\" content=\"@admin\" \/>\n<script type=\"application\/ld+json\" class=\"yoast-schema-graph\">{\"@context\":\"https:\\\/\\\/schema.org\",\"@graph\":[{\"@type\":\"Article\",\"@id\":\"https:\\\/\\\/www.organisator.ch\\\/marketing\\\/2024-08-15\\\/sommerferien-2024-wetterbedingt-durchzogene-bilanz\\\/#article\",\"isPartOf\":{\"@id\":\"https:\\\/\\\/www.organisator.ch\\\/marketing\\\/2024-08-15\\\/sommerferien-2024-wetterbedingt-durchzogene-bilanz\\\/\"},\"author\":{\"name\":\"galledia\",\"@id\":\"https:\\\/\\\/www.organisator.ch\\\/#\\\/schema\\\/person\\\/4e51799071cd2dd1232ac003643ef5f0\"},\"headline\":\"Sommerferien 2024: wetterbedingt durchzogene Bilanz\",\"datePublished\":\"2024-08-15T14:12:48+00:00\",\"dateModified\":\"2024-11-08T11:52:17+00:00\",\"mainEntityOfPage\":{\"@id\":\"https:\\\/\\\/www.organisator.ch\\\/marketing\\\/2024-08-15\\\/sommerferien-2024-wetterbedingt-durchzogene-bilanz\\\/\"},\"wordCount\":747,\"publisher\":{\"@id\":\"https:\\\/\\\/www.organisator.ch\\\/#organization\"},\"image\":{\"@id\":\"https:\\\/\\\/www.organisator.ch\\\/marketing\\\/2024-08-15\\\/sommerferien-2024-wetterbedingt-durchzogene-bilanz\\\/#primaryimage\"},\"thumbnailUrl\":\"https:\\\/\\\/www.markt-kom.com\\\/wp-content\\\/uploads\\\/2024\\\/08\\\/ST_3x2_Laufen-Rhine-Falls_32135_%C2%A9ST-AndreasGerth-1-scaled.jpg\",\"keywords\":[\"MarKom\",\"Schweiz Tourismus\"],\"articleSection\":[\"MARKETING\"],\"inLanguage\":\"de\"},{\"@type\":\"WebPage\",\"@id\":\"https:\\\/\\\/www.organisator.ch\\\/marketing\\\/2024-08-15\\\/sommerferien-2024-wetterbedingt-durchzogene-bilanz\\\/\",\"url\":\"https:\\\/\\\/www.organisator.ch\\\/marketing\\\/2024-08-15\\\/sommerferien-2024-wetterbedingt-durchzogene-bilanz\\\/\",\"name\":\"Sommerferien 2024: wetterbedingt durchzogene Bilanz - Organisator\",\"isPartOf\":{\"@id\":\"https:\\\/\\\/www.organisator.ch\\\/#website\"},\"primaryImageOfPage\":{\"@id\":\"https:\\\/\\\/www.organisator.ch\\\/marketing\\\/2024-08-15\\\/sommerferien-2024-wetterbedingt-durchzogene-bilanz\\\/#primaryimage\"},\"image\":{\"@id\":\"https:\\\/\\\/www.organisator.ch\\\/marketing\\\/2024-08-15\\\/sommerferien-2024-wetterbedingt-durchzogene-bilanz\\\/#primaryimage\"},\"thumbnailUrl\":\"https:\\\/\\\/www.markt-kom.com\\\/wp-content\\\/uploads\\\/2024\\\/08\\\/ST_3x2_Laufen-Rhine-Falls_32135_%C2%A9ST-AndreasGerth-1-scaled.jpg\",\"datePublished\":\"2024-08-15T14:12:48+00:00\",\"dateModified\":\"2024-11-08T11:52:17+00:00\",\"description\":\"Schweiz Tourismus berichtet: Wetter beeinflusst Sommer 2024. Positive Trends in St\u00e4dten und Bergregionen.\",\"breadcrumb\":{\"@id\":\"https:\\\/\\\/www.organisator.ch\\\/marketing\\\/2024-08-15\\\/sommerferien-2024-wetterbedingt-durchzogene-bilanz\\\/#breadcrumb\"},\"inLanguage\":\"de\",\"potentialAction\":[{\"@type\":\"ReadAction\",\"target\":[\"https:\\\/\\\/www.organisator.ch\\\/marketing\\\/2024-08-15\\\/sommerferien-2024-wetterbedingt-durchzogene-bilanz\\\/\"]}]},{\"@type\":\"ImageObject\",\"inLanguage\":\"de\",\"@id\":\"https:\\\/\\\/www.organisator.ch\\\/marketing\\\/2024-08-15\\\/sommerferien-2024-wetterbedingt-durchzogene-bilanz\\\/#primaryimage\",\"url\":\"https:\\\/\\\/www.markt-kom.com\\\/wp-content\\\/uploads\\\/2024\\\/08\\\/ST_3x2_Laufen-Rhine-Falls_32135_%C2%A9ST-AndreasGerth-1-scaled.jpg\",\"contentUrl\":\"https:\\\/\\\/www.markt-kom.com\\\/wp-content\\\/uploads\\\/2024\\\/08\\\/ST_3x2_Laufen-Rhine-Falls_32135_%C2%A9ST-AndreasGerth-1-scaled.jpg\"},{\"@type\":\"BreadcrumbList\",\"@id\":\"https:\\\/\\\/www.organisator.ch\\\/marketing\\\/2024-08-15\\\/sommerferien-2024-wetterbedingt-durchzogene-bilanz\\\/#breadcrumb\",\"itemListElement\":[{\"@type\":\"ListItem\",\"position\":1,\"name\":\"Home\",\"item\":\"https:\\\/\\\/www.organisator.ch\\\/\"},{\"@type\":\"ListItem\",\"position\":2,\"name\":\"Sommerferien 2024: wetterbedingt durchzogene Bilanz\"}]},{\"@type\":\"WebSite\",\"@id\":\"https:\\\/\\\/www.organisator.ch\\\/#website\",\"url\":\"https:\\\/\\\/www.organisator.ch\\\/\",\"name\":\"Organisator\",\"description\":\"Kompetent. Praxisnah. Der ORGANISATOR bereitet in 10 Ausgaben pro Jahr die wesentlichen Themen f\u00fcr F\u00fchrungskr\u00e4fte von KMU auf.\",\"publisher\":{\"@id\":\"https:\\\/\\\/www.organisator.ch\\\/#organization\"},\"potentialAction\":[{\"@type\":\"SearchAction\",\"target\":{\"@type\":\"EntryPoint\",\"urlTemplate\":\"https:\\\/\\\/www.organisator.ch\\\/?s={search_term_string}\"},\"query-input\":{\"@type\":\"PropertyValueSpecification\",\"valueRequired\":true,\"valueName\":\"search_term_string\"}}],\"inLanguage\":\"de\"},{\"@type\":\"Organization\",\"@id\":\"https:\\\/\\\/www.organisator.ch\\\/#organization\",\"name\":\"Organisator\",\"url\":\"https:\\\/\\\/www.organisator.ch\\\/\",\"logo\":{\"@type\":\"ImageObject\",\"inLanguage\":\"de\",\"@id\":\"https:\\\/\\\/www.organisator.ch\\\/#\\\/schema\\\/logo\\\/image\\\/\",\"url\":\"https:\\\/\\\/www.organisator.ch\\\/wp-content\\\/uploads\\\/2022\\\/01\\\/Logo_Organisator_Website.png\",\"contentUrl\":\"https:\\\/\\\/www.organisator.ch\\\/wp-content\\\/uploads\\\/2022\\\/01\\\/Logo_Organisator_Website.png\",\"width\":800,\"height\":77,\"caption\":\"Organisator\"},\"image\":{\"@id\":\"https:\\\/\\\/www.organisator.ch\\\/#\\\/schema\\\/logo\\\/image\\\/\"},\"sameAs\":[\"https:\\\/\\\/www.facebook.com\\\/OrganisatorFachmagazin\",\"https:\\\/\\\/www.linkedin.com\\\/showcase\\\/organisator-das-magazin-fr-kmu\",\"https:\\\/\\\/www.xing.com\\\/news\\\/pages\\\/organisator-ch-695\",\"https:\\\/\\\/www.youtube.com\\\/channel\\\/UCGP2Sq0iWaZwT3BdIAQFYpw\"]},{\"@type\":\"Person\",\"@id\":\"https:\\\/\\\/www.organisator.ch\\\/#\\\/schema\\\/person\\\/4e51799071cd2dd1232ac003643ef5f0\",\"name\":\"galledia\",\"image\":{\"@type\":\"ImageObject\",\"inLanguage\":\"de\",\"@id\":\"https:\\\/\\\/secure.gravatar.com\\\/avatar\\\/78a7f90c01fc2bfc875782a0d4922b37cde2cf184ce347b91316d23cd7f69a36?s=96&d=mm&r=g\",\"url\":\"https:\\\/\\\/secure.gravatar.com\\\/avatar\\\/78a7f90c01fc2bfc875782a0d4922b37cde2cf184ce347b91316d23cd7f69a36?s=96&d=mm&r=g\",\"contentUrl\":\"https:\\\/\\\/secure.gravatar.com\\\/avatar\\\/78a7f90c01fc2bfc875782a0d4922b37cde2cf184ce347b91316d23cd7f69a36?s=96&d=mm&r=g\",\"caption\":\"galledia\"},\"sameAs\":[\"https:\\\/\\\/x.com\\\/admin\"],\"url\":\"https:\\\/\\\/www.organisator.ch\\\/de\\\/author\\\/galledia\\\/\"}]}<\/script>\n<!-- \/ Yoast SEO plugin. -->","yoast_head_json":{"title":"Sommerferien 2024: wetterbedingt durchzogene Bilanz - Organisator","description":"Schweiz Tourismus berichtet: Wetter beeinflusst Sommer 2024. Positive Trends in St\u00e4dten und Bergregionen.","robots":{"index":"index","follow":"follow","max-snippet":"max-snippet:-1","max-image-preview":"max-image-preview:large","max-video-preview":"max-video-preview:-1"},"canonical":"https:\/\/www.organisator.ch\/de\/marketing\/2024-08-15\/sommerferien-2024-wetterbedingt-durchzogene-bilanz\/","og_locale":"de_DE","og_type":"article","og_title":"Sommerferien 2024: wetterbedingt durchzogene Bilanz - Organisator","og_description":"Schweiz Tourismus berichtet: Wetter beeinflusst Sommer 2024. Positive Trends in St\u00e4dten und Bergregionen.","og_url":"https:\/\/www.organisator.ch\/de\/marketing\/2024-08-15\/sommerferien-2024-wetterbedingt-durchzogene-bilanz\/","og_site_name":"Organisator","article_publisher":"https:\/\/www.facebook.com\/OrganisatorFachmagazin","article_published_time":"2024-08-15T14:12:48+00:00","article_modified_time":"2024-11-08T11:52:17+00:00","og_image":[{"url":"https:\/\/www.markt-kom.com\/wp-content\/uploads\/2024\/08\/ST_3x2_Laufen-Rhine-Falls_32135_%C2%A9ST-AndreasGerth-1-scaled.jpg","type":"","width":"","height":""}],"author":"galledia","twitter_card":"summary_large_image","twitter_creator":"@admin","schema":{"@context":"https:\/\/schema.org","@graph":[{"@type":"Article","@id":"https:\/\/www.organisator.ch\/marketing\/2024-08-15\/sommerferien-2024-wetterbedingt-durchzogene-bilanz\/#article","isPartOf":{"@id":"https:\/\/www.organisator.ch\/marketing\/2024-08-15\/sommerferien-2024-wetterbedingt-durchzogene-bilanz\/"},"author":{"name":"galledia","@id":"https:\/\/www.organisator.ch\/#\/schema\/person\/4e51799071cd2dd1232ac003643ef5f0"},"headline":"Sommerferien 2024: wetterbedingt durchzogene Bilanz","datePublished":"2024-08-15T14:12:48+00:00","dateModified":"2024-11-08T11:52:17+00:00","mainEntityOfPage":{"@id":"https:\/\/www.organisator.ch\/marketing\/2024-08-15\/sommerferien-2024-wetterbedingt-durchzogene-bilanz\/"},"wordCount":747,"publisher":{"@id":"https:\/\/www.organisator.ch\/#organization"},"image":{"@id":"https:\/\/www.organisator.ch\/marketing\/2024-08-15\/sommerferien-2024-wetterbedingt-durchzogene-bilanz\/#primaryimage"},"thumbnailUrl":"https:\/\/www.markt-kom.com\/wp-content\/uploads\/2024\/08\/ST_3x2_Laufen-Rhine-Falls_32135_%C2%A9ST-AndreasGerth-1-scaled.jpg","keywords":["MarKom","Schweiz Tourismus"],"articleSection":["MARKETING"],"inLanguage":"de"},{"@type":"WebPage","@id":"https:\/\/www.organisator.ch\/marketing\/2024-08-15\/sommerferien-2024-wetterbedingt-durchzogene-bilanz\/","url":"https:\/\/www.organisator.ch\/marketing\/2024-08-15\/sommerferien-2024-wetterbedingt-durchzogene-bilanz\/","name":"Sommerferien 2024: wetterbedingt durchzogene Bilanz - Organisator","isPartOf":{"@id":"https:\/\/www.organisator.ch\/#website"},"primaryImageOfPage":{"@id":"https:\/\/www.organisator.ch\/marketing\/2024-08-15\/sommerferien-2024-wetterbedingt-durchzogene-bilanz\/#primaryimage"},"image":{"@id":"https:\/\/www.organisator.ch\/marketing\/2024-08-15\/sommerferien-2024-wetterbedingt-durchzogene-bilanz\/#primaryimage"},"thumbnailUrl":"https:\/\/www.markt-kom.com\/wp-content\/uploads\/2024\/08\/ST_3x2_Laufen-Rhine-Falls_32135_%C2%A9ST-AndreasGerth-1-scaled.jpg","datePublished":"2024-08-15T14:12:48+00:00","dateModified":"2024-11-08T11:52:17+00:00","description":"Schweiz Tourismus berichtet: Wetter beeinflusst Sommer 2024. Positive Trends in St\u00e4dten und Bergregionen.","breadcrumb":{"@id":"https:\/\/www.organisator.ch\/marketing\/2024-08-15\/sommerferien-2024-wetterbedingt-durchzogene-bilanz\/#breadcrumb"},"inLanguage":"de","potentialAction":[{"@type":"ReadAction","target":["https:\/\/www.organisator.ch\/marketing\/2024-08-15\/sommerferien-2024-wetterbedingt-durchzogene-bilanz\/"]}]},{"@type":"ImageObject","inLanguage":"de","@id":"https:\/\/www.organisator.ch\/marketing\/2024-08-15\/sommerferien-2024-wetterbedingt-durchzogene-bilanz\/#primaryimage","url":"https:\/\/www.markt-kom.com\/wp-content\/uploads\/2024\/08\/ST_3x2_Laufen-Rhine-Falls_32135_%C2%A9ST-AndreasGerth-1-scaled.jpg","contentUrl":"https:\/\/www.markt-kom.com\/wp-content\/uploads\/2024\/08\/ST_3x2_Laufen-Rhine-Falls_32135_%C2%A9ST-AndreasGerth-1-scaled.jpg"},{"@type":"BreadcrumbList","@id":"https:\/\/www.organisator.ch\/marketing\/2024-08-15\/sommerferien-2024-wetterbedingt-durchzogene-bilanz\/#breadcrumb","itemListElement":[{"@type":"ListItem","position":1,"name":"Home","item":"https:\/\/www.organisator.ch\/"},{"@type":"ListItem","position":2,"name":"Sommerferien 2024: wetterbedingt durchzogene Bilanz"}]},{"@type":"WebSite","@id":"https:\/\/www.organisator.ch\/#website","url":"https:\/\/www.organisator.ch\/","name":"Organisator","description":"Kompetent. Praxisnah. Der ORGANISATOR bereitet in 10 Ausgaben pro Jahr die wesentlichen Themen f\u00fcr F\u00fchrungskr\u00e4fte von KMU auf.","publisher":{"@id":"https:\/\/www.organisator.ch\/#organization"},"potentialAction":[{"@type":"SearchAction","target":{"@type":"EntryPoint","urlTemplate":"https:\/\/www.organisator.ch\/?s={search_term_string}"},"query-input":{"@type":"PropertyValueSpecification","valueRequired":true,"valueName":"search_term_string"}}],"inLanguage":"de"},{"@type":"Organization","@id":"https:\/\/www.organisator.ch\/#organization","name":"Organisator","url":"https:\/\/www.organisator.ch\/","logo":{"@type":"ImageObject","inLanguage":"de","@id":"https:\/\/www.organisator.ch\/#\/schema\/logo\/image\/","url":"https:\/\/www.organisator.ch\/wp-content\/uploads\/2022\/01\/Logo_Organisator_Website.png","contentUrl":"https:\/\/www.organisator.ch\/wp-content\/uploads\/2022\/01\/Logo_Organisator_Website.png","width":800,"height":77,"caption":"Organisator"},"image":{"@id":"https:\/\/www.organisator.ch\/#\/schema\/logo\/image\/"},"sameAs":["https:\/\/www.facebook.com\/OrganisatorFachmagazin","https:\/\/www.linkedin.com\/showcase\/organisator-das-magazin-fr-kmu","https:\/\/www.xing.com\/news\/pages\/organisator-ch-695","https:\/\/www.youtube.com\/channel\/UCGP2Sq0iWaZwT3BdIAQFYpw"]},{"@type":"Person","@id":"https:\/\/www.organisator.ch\/#\/schema\/person\/4e51799071cd2dd1232ac003643ef5f0","name":"galledia","image":{"@type":"ImageObject","inLanguage":"de","@id":"https:\/\/secure.gravatar.com\/avatar\/78a7f90c01fc2bfc875782a0d4922b37cde2cf184ce347b91316d23cd7f69a36?s=96&d=mm&r=g","url":"https:\/\/secure.gravatar.com\/avatar\/78a7f90c01fc2bfc875782a0d4922b37cde2cf184ce347b91316d23cd7f69a36?s=96&d=mm&r=g","contentUrl":"https:\/\/secure.gravatar.com\/avatar\/78a7f90c01fc2bfc875782a0d4922b37cde2cf184ce347b91316d23cd7f69a36?s=96&d=mm&r=g","caption":"galledia"},"sameAs":["https:\/\/x.com\/admin"],"url":"https:\/\/www.organisator.ch\/de\/author\/galledia\/"}]}},"_links":{"self":[{"href":"https:\/\/www.organisator.ch\/de\/wp-json\/wp\/v2\/posts\/29054","targetHints":{"allow":["GET"]}}],"collection":[{"href":"https:\/\/www.organisator.ch\/de\/wp-json\/wp\/v2\/posts"}],"about":[{"href":"https:\/\/www.organisator.ch\/de\/wp-json\/wp\/v2\/types\/post"}],"author":[{"embeddable":true,"href":"https:\/\/www.organisator.ch\/de\/wp-json\/wp\/v2\/users\/8"}],"replies":[{"embeddable":true,"href":"https:\/\/www.organisator.ch\/de\/wp-json\/wp\/v2\/comments?post=29054"}],"version-history":[{"count":3,"href":"https:\/\/www.organisator.ch\/de\/wp-json\/wp\/v2\/posts\/29054\/revisions"}],"predecessor-version":[{"id":32043,"href":"https:\/\/www.organisator.ch\/de\/wp-json\/wp\/v2\/posts\/29054\/revisions\/32043"}],"wp:attachment":[{"href":"https:\/\/www.organisator.ch\/de\/wp-json\/wp\/v2\/media?parent=29054"}],"wp:term":[{"taxonomy":"category","embeddable":true,"href":"https:\/\/www.organisator.ch\/de\/wp-json\/wp\/v2\/categories?post=29054"},{"taxonomy":"post_tag","embeddable":true,"href":"https:\/\/www.organisator.ch\/de\/wp-json\/wp\/v2\/tags?post=29054"}],"curies":[{"name":"wp","href":"https:\/\/api.w.org\/{rel}","templated":true}]}}