{"id":29061,"date":"2024-08-15T17:15:56","date_gmt":"2024-08-15T15:15:56","guid":{"rendered":"https:\/\/www.markt-kom.com\/?p=221655"},"modified":"2024-11-08T12:55:57","modified_gmt":"2024-11-08T11:55:57","slug":"startup-creaitor-schliesst-erfolgreiche-pre-seed-finanzierungsrunde-ab","status":"publish","type":"post","link":"https:\/\/www.organisator.ch\/de\/marketing\/2024-08-15\/startup-creaitor-schliesst-erfolgreiche-pre-seed-finanzierungsrunde-ab\/","title":{"rendered":"Startup Creaitor schliesst erfolgreiche Pre-Seed- Finanzierungsrunde ab"},"content":{"rendered":"<figure id=\"attachment_221656\" class=\"wp-caption alignnone\" style=\"width: 1200px\" aria-describedby=\"caption-attachment-221656\"><img class=\"alignnone wp-image-221656 size-full\" src=\"https:\/\/www.markt-kom.com\/wp-content\/uploads\/2024\/08\/creaitor_founders.jpg\" alt=\"Creaitor Finanzierung\" width=\"1200\" height=\"1085\" \/>\r\n<figcaption id=\"caption-attachment-221656\" class=\"wp-caption-text\">Die Gr\u00fcnder Michael McCrae und Simon Funk.<\/figcaption>\r\n<\/figure>\r\n<p>Die Mittel werden verwendet, um die Entwicklung der fortschrittlichen Content- Generierungs- und Optimierungstools des Unternehmens\u00a0 weiter voranzutreiben und die Marktpr\u00e4senz sowohl in Europa und dar\u00fcber hinaus auszubauen.<\/p>\r\n<p>\u00abWir sind begeistert von dem Vertrauen, das unsere Investoren in unsere Vision setzen\u00bb, sagt Simon Funk, CEO von Creaitor. \u00abMit dieser Finanzierung k\u00f6nnen wir unsere Technologien weiterentwickeln und unseren Kunden weltweit noch leistungsf\u00e4higere L\u00f6sungen bieten.\u00bb Creaitor wurde 2022 von Simon Funk gegr\u00fcndet und hat sich auf die Entwicklung von KI-basierten L\u00f6sungen spezialisiert, die den Content-Erstellungsprozess revolutioniert.<\/p>\r\n<p>Michael McCrae, der dem F\u00fchrungsteam sp\u00e4ter beigetreten ist, bringt umfangreiche Erfahrung in der Skalierung von Start-ups mit und spielt eine entscheidende Rolle in der aktuellen Wachstumsphase des Unternehmens. Die Plattform bietet eine umfassende Suite von Tools, die von der Ideenfindung \u00fcber die Generierung bis hin zur Optimierung von Inhalten reicht und somit die Produktivit\u00e4t und Effizienz von Content-<br \/>\r\nErstellern erheblich steigert.<\/p>\r\n<hr \/>\r\n<p><em>Creaitor ist ein f\u00fchrendes Unternehmen im Bereich KI-gest\u00fctzte Content-Erstellung und \u2013 <\/em><em>Optimierung. Mit einer Vielzahl an KI-Assistenten und Unterst\u00fctzung f\u00fcr \u00fcber 40 Sprachen <\/em><em>erm\u00f6glicht die Plattform Unternehmen, hochwertige Inhalte effizient zu erstellen und zu <\/em><em>optimieren.<\/em><\/p>\r\n<p><em>Seit September 2022 investiert Backbone Ventures aus dem in Frankfurt ans\u00e4ssigen Backbone <\/em><em>Venture 5502 Fund (Backbone Ventures 5502 Fund GmbH &amp; Co. KG). Der Fund investiert <\/em><em>fr\u00fchphasig in unterrepr\u00e4sentierte Gr\u00fcnderteams haupts\u00e4chlich aus der DACH Region.<\/em><\/p>","protected":false},"excerpt":{"rendered":"<p>Die Investition wird von Backbone Ventures angef\u00fchrt, mit Beteiligung von Gentian Investments, SICTIC sowie mehreren Privatinvestoren.<\/p>\n","protected":false},"author":8,"featured_media":0,"comment_status":"closed","ping_status":"closed","sticky":false,"template":"","format":"standard","meta":{"_acf_changed":false,"_yoast_wpseo_focuskw":"Creaitor Finanzierung","_yoast_wpseo_metadesc":"Creaitor sichert Finanzierung f\u00fcr fortschrittliche KI-Content-Tools und globales Wachstum. Gegr\u00fcndet 2022 von Simon Funk.","articlekey":"","footnotes":""},"categories":[29],"tags":[4345,298,450],"class_list":["post-29061","post","type-post","status-publish","format-standard","hentry","category-marketing","tag-business","tag-ki","tag-start-ups"],"acf":[],"yoast_head":"<!-- This site is optimized with the Yoast SEO plugin v27.5 - https:\/\/yoast.com\/product\/yoast-seo-wordpress\/ -->\n<title>Startup Creaitor schliesst erfolgreiche Pre-Seed- Finanzierungsrunde ab - Organisator<\/title>\n<meta name=\"description\" content=\"Creaitor sichert Finanzierung f\u00fcr fortschrittliche KI-Content-Tools und globales Wachstum. Gegr\u00fcndet 2022 von Simon Funk.\" \/>\n<meta name=\"robots\" content=\"index, follow, max-snippet:-1, max-image-preview:large, max-video-preview:-1\" \/>\n<link rel=\"canonical\" href=\"https:\/\/www.organisator.ch\/de\/marketing\/2024-08-15\/startup-creaitor-schliesst-erfolgreiche-pre-seed-finanzierungsrunde-ab\/\" \/>\n<meta property=\"og:locale\" content=\"de_DE\" \/>\n<meta property=\"og:type\" content=\"article\" \/>\n<meta property=\"og:title\" content=\"Startup Creaitor schliesst erfolgreiche Pre-Seed- Finanzierungsrunde ab - Organisator\" \/>\n<meta property=\"og:description\" content=\"Creaitor sichert Finanzierung f\u00fcr fortschrittliche KI-Content-Tools und globales Wachstum. Gegr\u00fcndet 2022 von Simon Funk.\" \/>\n<meta property=\"og:url\" content=\"https:\/\/www.organisator.ch\/de\/marketing\/2024-08-15\/startup-creaitor-schliesst-erfolgreiche-pre-seed-finanzierungsrunde-ab\/\" \/>\n<meta property=\"og:site_name\" content=\"Organisator\" \/>\n<meta property=\"article:publisher\" content=\"https:\/\/www.facebook.com\/OrganisatorFachmagazin\" \/>\n<meta property=\"article:published_time\" content=\"2024-08-15T15:15:56+00:00\" \/>\n<meta property=\"article:modified_time\" content=\"2024-11-08T11:55:57+00:00\" \/>\n<meta property=\"og:image\" content=\"https:\/\/www.markt-kom.com\/wp-content\/uploads\/2024\/08\/creaitor_founders.jpg\" \/>\n<meta name=\"author\" content=\"galledia\" \/>\n<meta name=\"twitter:card\" content=\"summary_large_image\" \/>\n<meta name=\"twitter:creator\" content=\"@admin\" \/>\n<script type=\"application\/ld+json\" class=\"yoast-schema-graph\">{\"@context\":\"https:\\\/\\\/schema.org\",\"@graph\":[{\"@type\":\"Article\",\"@id\":\"https:\\\/\\\/www.organisator.ch\\\/marketing\\\/2024-08-15\\\/startup-creaitor-schliesst-erfolgreiche-pre-seed-finanzierungsrunde-ab\\\/#article\",\"isPartOf\":{\"@id\":\"https:\\\/\\\/www.organisator.ch\\\/marketing\\\/2024-08-15\\\/startup-creaitor-schliesst-erfolgreiche-pre-seed-finanzierungsrunde-ab\\\/\"},\"author\":{\"name\":\"galledia\",\"@id\":\"https:\\\/\\\/www.organisator.ch\\\/#\\\/schema\\\/person\\\/4e51799071cd2dd1232ac003643ef5f0\"},\"headline\":\"Startup Creaitor schliesst erfolgreiche Pre-Seed- Finanzierungsrunde ab\",\"datePublished\":\"2024-08-15T15:15:56+00:00\",\"dateModified\":\"2024-11-08T11:55:57+00:00\",\"mainEntityOfPage\":{\"@id\":\"https:\\\/\\\/www.organisator.ch\\\/marketing\\\/2024-08-15\\\/startup-creaitor-schliesst-erfolgreiche-pre-seed-finanzierungsrunde-ab\\\/\"},\"wordCount\":243,\"publisher\":{\"@id\":\"https:\\\/\\\/www.organisator.ch\\\/#organization\"},\"image\":{\"@id\":\"https:\\\/\\\/www.organisator.ch\\\/marketing\\\/2024-08-15\\\/startup-creaitor-schliesst-erfolgreiche-pre-seed-finanzierungsrunde-ab\\\/#primaryimage\"},\"thumbnailUrl\":\"https:\\\/\\\/www.markt-kom.com\\\/wp-content\\\/uploads\\\/2024\\\/08\\\/creaitor_founders.jpg\",\"keywords\":[\"Business\",\"KI\",\"Start-ups\"],\"articleSection\":[\"MARKETING\"],\"inLanguage\":\"de\"},{\"@type\":\"WebPage\",\"@id\":\"https:\\\/\\\/www.organisator.ch\\\/marketing\\\/2024-08-15\\\/startup-creaitor-schliesst-erfolgreiche-pre-seed-finanzierungsrunde-ab\\\/\",\"url\":\"https:\\\/\\\/www.organisator.ch\\\/marketing\\\/2024-08-15\\\/startup-creaitor-schliesst-erfolgreiche-pre-seed-finanzierungsrunde-ab\\\/\",\"name\":\"Startup Creaitor schliesst erfolgreiche Pre-Seed- Finanzierungsrunde ab - Organisator\",\"isPartOf\":{\"@id\":\"https:\\\/\\\/www.organisator.ch\\\/#website\"},\"primaryImageOfPage\":{\"@id\":\"https:\\\/\\\/www.organisator.ch\\\/marketing\\\/2024-08-15\\\/startup-creaitor-schliesst-erfolgreiche-pre-seed-finanzierungsrunde-ab\\\/#primaryimage\"},\"image\":{\"@id\":\"https:\\\/\\\/www.organisator.ch\\\/marketing\\\/2024-08-15\\\/startup-creaitor-schliesst-erfolgreiche-pre-seed-finanzierungsrunde-ab\\\/#primaryimage\"},\"thumbnailUrl\":\"https:\\\/\\\/www.markt-kom.com\\\/wp-content\\\/uploads\\\/2024\\\/08\\\/creaitor_founders.jpg\",\"datePublished\":\"2024-08-15T15:15:56+00:00\",\"dateModified\":\"2024-11-08T11:55:57+00:00\",\"description\":\"Creaitor sichert Finanzierung f\u00fcr fortschrittliche KI-Content-Tools und globales Wachstum. Gegr\u00fcndet 2022 von Simon Funk.\",\"breadcrumb\":{\"@id\":\"https:\\\/\\\/www.organisator.ch\\\/marketing\\\/2024-08-15\\\/startup-creaitor-schliesst-erfolgreiche-pre-seed-finanzierungsrunde-ab\\\/#breadcrumb\"},\"inLanguage\":\"de\",\"potentialAction\":[{\"@type\":\"ReadAction\",\"target\":[\"https:\\\/\\\/www.organisator.ch\\\/marketing\\\/2024-08-15\\\/startup-creaitor-schliesst-erfolgreiche-pre-seed-finanzierungsrunde-ab\\\/\"]}]},{\"@type\":\"ImageObject\",\"inLanguage\":\"de\",\"@id\":\"https:\\\/\\\/www.organisator.ch\\\/marketing\\\/2024-08-15\\\/startup-creaitor-schliesst-erfolgreiche-pre-seed-finanzierungsrunde-ab\\\/#primaryimage\",\"url\":\"https:\\\/\\\/www.markt-kom.com\\\/wp-content\\\/uploads\\\/2024\\\/08\\\/creaitor_founders.jpg\",\"contentUrl\":\"https:\\\/\\\/www.markt-kom.com\\\/wp-content\\\/uploads\\\/2024\\\/08\\\/creaitor_founders.jpg\"},{\"@type\":\"BreadcrumbList\",\"@id\":\"https:\\\/\\\/www.organisator.ch\\\/marketing\\\/2024-08-15\\\/startup-creaitor-schliesst-erfolgreiche-pre-seed-finanzierungsrunde-ab\\\/#breadcrumb\",\"itemListElement\":[{\"@type\":\"ListItem\",\"position\":1,\"name\":\"Home\",\"item\":\"https:\\\/\\\/www.organisator.ch\\\/\"},{\"@type\":\"ListItem\",\"position\":2,\"name\":\"Startup Creaitor schliesst erfolgreiche Pre-Seed- Finanzierungsrunde ab\"}]},{\"@type\":\"WebSite\",\"@id\":\"https:\\\/\\\/www.organisator.ch\\\/#website\",\"url\":\"https:\\\/\\\/www.organisator.ch\\\/\",\"name\":\"Organisator\",\"description\":\"Kompetent. Praxisnah. Der ORGANISATOR bereitet in 10 Ausgaben pro Jahr die wesentlichen Themen f\u00fcr F\u00fchrungskr\u00e4fte von KMU auf.\",\"publisher\":{\"@id\":\"https:\\\/\\\/www.organisator.ch\\\/#organization\"},\"potentialAction\":[{\"@type\":\"SearchAction\",\"target\":{\"@type\":\"EntryPoint\",\"urlTemplate\":\"https:\\\/\\\/www.organisator.ch\\\/?s={search_term_string}\"},\"query-input\":{\"@type\":\"PropertyValueSpecification\",\"valueRequired\":true,\"valueName\":\"search_term_string\"}}],\"inLanguage\":\"de\"},{\"@type\":\"Organization\",\"@id\":\"https:\\\/\\\/www.organisator.ch\\\/#organization\",\"name\":\"Organisator\",\"url\":\"https:\\\/\\\/www.organisator.ch\\\/\",\"logo\":{\"@type\":\"ImageObject\",\"inLanguage\":\"de\",\"@id\":\"https:\\\/\\\/www.organisator.ch\\\/#\\\/schema\\\/logo\\\/image\\\/\",\"url\":\"https:\\\/\\\/www.organisator.ch\\\/wp-content\\\/uploads\\\/2022\\\/01\\\/Logo_Organisator_Website.png\",\"contentUrl\":\"https:\\\/\\\/www.organisator.ch\\\/wp-content\\\/uploads\\\/2022\\\/01\\\/Logo_Organisator_Website.png\",\"width\":800,\"height\":77,\"caption\":\"Organisator\"},\"image\":{\"@id\":\"https:\\\/\\\/www.organisator.ch\\\/#\\\/schema\\\/logo\\\/image\\\/\"},\"sameAs\":[\"https:\\\/\\\/www.facebook.com\\\/OrganisatorFachmagazin\",\"https:\\\/\\\/www.linkedin.com\\\/showcase\\\/organisator-das-magazin-fr-kmu\",\"https:\\\/\\\/www.xing.com\\\/news\\\/pages\\\/organisator-ch-695\",\"https:\\\/\\\/www.youtube.com\\\/channel\\\/UCGP2Sq0iWaZwT3BdIAQFYpw\"]},{\"@type\":\"Person\",\"@id\":\"https:\\\/\\\/www.organisator.ch\\\/#\\\/schema\\\/person\\\/4e51799071cd2dd1232ac003643ef5f0\",\"name\":\"galledia\",\"image\":{\"@type\":\"ImageObject\",\"inLanguage\":\"de\",\"@id\":\"https:\\\/\\\/secure.gravatar.com\\\/avatar\\\/78a7f90c01fc2bfc875782a0d4922b37cde2cf184ce347b91316d23cd7f69a36?s=96&d=mm&r=g\",\"url\":\"https:\\\/\\\/secure.gravatar.com\\\/avatar\\\/78a7f90c01fc2bfc875782a0d4922b37cde2cf184ce347b91316d23cd7f69a36?s=96&d=mm&r=g\",\"contentUrl\":\"https:\\\/\\\/secure.gravatar.com\\\/avatar\\\/78a7f90c01fc2bfc875782a0d4922b37cde2cf184ce347b91316d23cd7f69a36?s=96&d=mm&r=g\",\"caption\":\"galledia\"},\"sameAs\":[\"https:\\\/\\\/x.com\\\/admin\"],\"url\":\"https:\\\/\\\/www.organisator.ch\\\/de\\\/author\\\/galledia\\\/\"}]}<\/script>\n<!-- \/ Yoast SEO plugin. -->","yoast_head_json":{"title":"Startup Creaitor schliesst erfolgreiche Pre-Seed- Finanzierungsrunde ab - Organisator","description":"Creaitor sichert Finanzierung f\u00fcr fortschrittliche KI-Content-Tools und globales Wachstum. Gegr\u00fcndet 2022 von Simon Funk.","robots":{"index":"index","follow":"follow","max-snippet":"max-snippet:-1","max-image-preview":"max-image-preview:large","max-video-preview":"max-video-preview:-1"},"canonical":"https:\/\/www.organisator.ch\/de\/marketing\/2024-08-15\/startup-creaitor-schliesst-erfolgreiche-pre-seed-finanzierungsrunde-ab\/","og_locale":"de_DE","og_type":"article","og_title":"Startup Creaitor schliesst erfolgreiche Pre-Seed- Finanzierungsrunde ab - Organisator","og_description":"Creaitor sichert Finanzierung f\u00fcr fortschrittliche KI-Content-Tools und globales Wachstum. Gegr\u00fcndet 2022 von Simon Funk.","og_url":"https:\/\/www.organisator.ch\/de\/marketing\/2024-08-15\/startup-creaitor-schliesst-erfolgreiche-pre-seed-finanzierungsrunde-ab\/","og_site_name":"Organisator","article_publisher":"https:\/\/www.facebook.com\/OrganisatorFachmagazin","article_published_time":"2024-08-15T15:15:56+00:00","article_modified_time":"2024-11-08T11:55:57+00:00","og_image":[{"url":"https:\/\/www.markt-kom.com\/wp-content\/uploads\/2024\/08\/creaitor_founders.jpg","type":"","width":"","height":""}],"author":"galledia","twitter_card":"summary_large_image","twitter_creator":"@admin","schema":{"@context":"https:\/\/schema.org","@graph":[{"@type":"Article","@id":"https:\/\/www.organisator.ch\/marketing\/2024-08-15\/startup-creaitor-schliesst-erfolgreiche-pre-seed-finanzierungsrunde-ab\/#article","isPartOf":{"@id":"https:\/\/www.organisator.ch\/marketing\/2024-08-15\/startup-creaitor-schliesst-erfolgreiche-pre-seed-finanzierungsrunde-ab\/"},"author":{"name":"galledia","@id":"https:\/\/www.organisator.ch\/#\/schema\/person\/4e51799071cd2dd1232ac003643ef5f0"},"headline":"Startup Creaitor schliesst erfolgreiche Pre-Seed- Finanzierungsrunde ab","datePublished":"2024-08-15T15:15:56+00:00","dateModified":"2024-11-08T11:55:57+00:00","mainEntityOfPage":{"@id":"https:\/\/www.organisator.ch\/marketing\/2024-08-15\/startup-creaitor-schliesst-erfolgreiche-pre-seed-finanzierungsrunde-ab\/"},"wordCount":243,"publisher":{"@id":"https:\/\/www.organisator.ch\/#organization"},"image":{"@id":"https:\/\/www.organisator.ch\/marketing\/2024-08-15\/startup-creaitor-schliesst-erfolgreiche-pre-seed-finanzierungsrunde-ab\/#primaryimage"},"thumbnailUrl":"https:\/\/www.markt-kom.com\/wp-content\/uploads\/2024\/08\/creaitor_founders.jpg","keywords":["Business","KI","Start-ups"],"articleSection":["MARKETING"],"inLanguage":"de"},{"@type":"WebPage","@id":"https:\/\/www.organisator.ch\/marketing\/2024-08-15\/startup-creaitor-schliesst-erfolgreiche-pre-seed-finanzierungsrunde-ab\/","url":"https:\/\/www.organisator.ch\/marketing\/2024-08-15\/startup-creaitor-schliesst-erfolgreiche-pre-seed-finanzierungsrunde-ab\/","name":"Startup Creaitor schliesst erfolgreiche Pre-Seed- Finanzierungsrunde ab - Organisator","isPartOf":{"@id":"https:\/\/www.organisator.ch\/#website"},"primaryImageOfPage":{"@id":"https:\/\/www.organisator.ch\/marketing\/2024-08-15\/startup-creaitor-schliesst-erfolgreiche-pre-seed-finanzierungsrunde-ab\/#primaryimage"},"image":{"@id":"https:\/\/www.organisator.ch\/marketing\/2024-08-15\/startup-creaitor-schliesst-erfolgreiche-pre-seed-finanzierungsrunde-ab\/#primaryimage"},"thumbnailUrl":"https:\/\/www.markt-kom.com\/wp-content\/uploads\/2024\/08\/creaitor_founders.jpg","datePublished":"2024-08-15T15:15:56+00:00","dateModified":"2024-11-08T11:55:57+00:00","description":"Creaitor sichert Finanzierung f\u00fcr fortschrittliche KI-Content-Tools und globales Wachstum. Gegr\u00fcndet 2022 von Simon Funk.","breadcrumb":{"@id":"https:\/\/www.organisator.ch\/marketing\/2024-08-15\/startup-creaitor-schliesst-erfolgreiche-pre-seed-finanzierungsrunde-ab\/#breadcrumb"},"inLanguage":"de","potentialAction":[{"@type":"ReadAction","target":["https:\/\/www.organisator.ch\/marketing\/2024-08-15\/startup-creaitor-schliesst-erfolgreiche-pre-seed-finanzierungsrunde-ab\/"]}]},{"@type":"ImageObject","inLanguage":"de","@id":"https:\/\/www.organisator.ch\/marketing\/2024-08-15\/startup-creaitor-schliesst-erfolgreiche-pre-seed-finanzierungsrunde-ab\/#primaryimage","url":"https:\/\/www.markt-kom.com\/wp-content\/uploads\/2024\/08\/creaitor_founders.jpg","contentUrl":"https:\/\/www.markt-kom.com\/wp-content\/uploads\/2024\/08\/creaitor_founders.jpg"},{"@type":"BreadcrumbList","@id":"https:\/\/www.organisator.ch\/marketing\/2024-08-15\/startup-creaitor-schliesst-erfolgreiche-pre-seed-finanzierungsrunde-ab\/#breadcrumb","itemListElement":[{"@type":"ListItem","position":1,"name":"Home","item":"https:\/\/www.organisator.ch\/"},{"@type":"ListItem","position":2,"name":"Startup Creaitor schliesst erfolgreiche Pre-Seed- Finanzierungsrunde ab"}]},{"@type":"WebSite","@id":"https:\/\/www.organisator.ch\/#website","url":"https:\/\/www.organisator.ch\/","name":"Organisator","description":"Kompetent. Praxisnah. Der ORGANISATOR bereitet in 10 Ausgaben pro Jahr die wesentlichen Themen f\u00fcr F\u00fchrungskr\u00e4fte von KMU auf.","publisher":{"@id":"https:\/\/www.organisator.ch\/#organization"},"potentialAction":[{"@type":"SearchAction","target":{"@type":"EntryPoint","urlTemplate":"https:\/\/www.organisator.ch\/?s={search_term_string}"},"query-input":{"@type":"PropertyValueSpecification","valueRequired":true,"valueName":"search_term_string"}}],"inLanguage":"de"},{"@type":"Organization","@id":"https:\/\/www.organisator.ch\/#organization","name":"Organisator","url":"https:\/\/www.organisator.ch\/","logo":{"@type":"ImageObject","inLanguage":"de","@id":"https:\/\/www.organisator.ch\/#\/schema\/logo\/image\/","url":"https:\/\/www.organisator.ch\/wp-content\/uploads\/2022\/01\/Logo_Organisator_Website.png","contentUrl":"https:\/\/www.organisator.ch\/wp-content\/uploads\/2022\/01\/Logo_Organisator_Website.png","width":800,"height":77,"caption":"Organisator"},"image":{"@id":"https:\/\/www.organisator.ch\/#\/schema\/logo\/image\/"},"sameAs":["https:\/\/www.facebook.com\/OrganisatorFachmagazin","https:\/\/www.linkedin.com\/showcase\/organisator-das-magazin-fr-kmu","https:\/\/www.xing.com\/news\/pages\/organisator-ch-695","https:\/\/www.youtube.com\/channel\/UCGP2Sq0iWaZwT3BdIAQFYpw"]},{"@type":"Person","@id":"https:\/\/www.organisator.ch\/#\/schema\/person\/4e51799071cd2dd1232ac003643ef5f0","name":"galledia","image":{"@type":"ImageObject","inLanguage":"de","@id":"https:\/\/secure.gravatar.com\/avatar\/78a7f90c01fc2bfc875782a0d4922b37cde2cf184ce347b91316d23cd7f69a36?s=96&d=mm&r=g","url":"https:\/\/secure.gravatar.com\/avatar\/78a7f90c01fc2bfc875782a0d4922b37cde2cf184ce347b91316d23cd7f69a36?s=96&d=mm&r=g","contentUrl":"https:\/\/secure.gravatar.com\/avatar\/78a7f90c01fc2bfc875782a0d4922b37cde2cf184ce347b91316d23cd7f69a36?s=96&d=mm&r=g","caption":"galledia"},"sameAs":["https:\/\/x.com\/admin"],"url":"https:\/\/www.organisator.ch\/de\/author\/galledia\/"}]}},"_links":{"self":[{"href":"https:\/\/www.organisator.ch\/de\/wp-json\/wp\/v2\/posts\/29061","targetHints":{"allow":["GET"]}}],"collection":[{"href":"https:\/\/www.organisator.ch\/de\/wp-json\/wp\/v2\/posts"}],"about":[{"href":"https:\/\/www.organisator.ch\/de\/wp-json\/wp\/v2\/types\/post"}],"author":[{"embeddable":true,"href":"https:\/\/www.organisator.ch\/de\/wp-json\/wp\/v2\/users\/8"}],"replies":[{"embeddable":true,"href":"https:\/\/www.organisator.ch\/de\/wp-json\/wp\/v2\/comments?post=29061"}],"version-history":[{"count":5,"href":"https:\/\/www.organisator.ch\/de\/wp-json\/wp\/v2\/posts\/29061\/revisions"}],"predecessor-version":[{"id":32046,"href":"https:\/\/www.organisator.ch\/de\/wp-json\/wp\/v2\/posts\/29061\/revisions\/32046"}],"wp:attachment":[{"href":"https:\/\/www.organisator.ch\/de\/wp-json\/wp\/v2\/media?parent=29061"}],"wp:term":[{"taxonomy":"category","embeddable":true,"href":"https:\/\/www.organisator.ch\/de\/wp-json\/wp\/v2\/categories?post=29061"},{"taxonomy":"post_tag","embeddable":true,"href":"https:\/\/www.organisator.ch\/de\/wp-json\/wp\/v2\/tags?post=29061"}],"curies":[{"name":"wp","href":"https:\/\/api.w.org\/{rel}","templated":true}]}}