{"id":29075,"date":"2024-08-16T07:25:09","date_gmt":"2024-08-16T05:25:09","guid":{"rendered":"https:\/\/www.m-q.ch\/?p=20214"},"modified":"2024-11-08T12:49:33","modified_gmt":"2024-11-08T11:49:33","slug":"lutz-holding-expandiert-in-der-schweiz","status":"publish","type":"post","link":"https:\/\/www.organisator.ch\/de\/operational-excellence\/2024-08-16\/lutz-holding-expandiert-in-der-schweiz\/","title":{"rendered":"Lutz Holding expandiert in der Schweiz"},"content":{"rendered":"<figure id=\"attachment_20215\" class=\"wp-caption alignnone\" style=\"width: 680px\" aria-describedby=\"caption-attachment-20215\"><img class=\"alignnone wp-image-20215 size-full\" src=\"https:\/\/www.m-q.ch\/wp-content\/uploads\/2024\/08\/Lutz_Jesco_Suisse_Bild1_ps.jpg\" alt=\"Lutz-Jesco Suisse\" width=\"680\" height=\"464\" \/>\r\n<figcaption id=\"caption-attachment-20215\" class=\"wp-caption-text\">Ab dem 15. August 2024 wird die Lutz-Jesco Suisse SA im Schweizer Markt aktiv sein und Elektromotoren, Pumpen sowie Dosiersysteme vertreiben. (Bild: www.lutz-pumpen.de)<\/figcaption>\r\n<\/figure>\r\n<p>Lutz-Jesco Suisse SA ist spezialisiert auf die Herstellung von Universal-Elektromotoren bis zu einer Leistung von 1,5 kW sowie Motorkomponenten wie Rotoren und Statoren. Das Produktportfolio des Unternehmens umfasst zuk\u00fcnftig auch Pumpen, Dosiersysteme und Anlagen zur Wasseraufbereitung, die f\u00fcr Kl\u00e4rwerke, Hallen- und Freib\u00e4der, die Chemie- und Pharmaindustrie, die Papier- und Zellstoffindustrie sowie die Agrarwirtschaft geeignet sind.<\/p>\r\n<p>\u201eDie Schweiz ist f\u00fcr uns nicht nur ein bedeutender Markt, sondern auch ein Knotenpunkt f\u00fcr Innovation und Qualit\u00e4t. Mit der Erweiterung der T\u00e4tigkeitsfelder der Lutz-Jesco Suisse SA st\u00e4rken wir die Pr\u00e4senz in der Schweiz und erreichen einen weiteren wichtigen Schritt in unserer internationalen Wachstumsstrategie\u201c, sagt Heinz Lutz, Gesch\u00e4ftsf\u00fchrer der Lutz Holding GmbH, ein globaler Firmenverbund, zu dem auch die Lutz Pumpen GmbH aus Wertheim und die Lutz-Jesco GmbH aus Wedemark geh\u00f6ren. \u201eCouvet bietet uns dabei nicht nur eine strategisch g\u00fcnstige Lage, sondern auch den Zugang zu einem Markt, der f\u00fcr seine hohen Anspr\u00fcche an Technologie und Zuverl\u00e4ssigkeit bekannt ist.\u201c<\/p>\r\n<h3><strong>Gr\u00f6ssere Kundenn\u00e4he und k\u00fcrzere Reaktionszeitenexpandiere<\/strong><\/h3>\r\n<p>Lutz-Jesco Suisse SA erf\u00fcllt den Wunsch der Schweizer Kunden nach einer verst\u00e4rkten N\u00e4he und k\u00fcrzeren Reaktionszeiten. \u201eHervorragende Technik ist f\u00fcr die meisten Kunden heute selbstverst\u00e4ndliche Grundlage einer guten Lieferanten-Kunden-Beziehung\u201c, erkl\u00e4rt Lutz. Daher seien Kundenn\u00e4he und Service die Schl\u00fcsselfaktoren f\u00fcr die Fortsetzung des Erfolgs. \u201eDurch unsere Pr\u00e4senz in Couvet k\u00f6nnen wir Kunden in der Schweiz eine noch schnellere und direktere Betreuung bieten, was uns einen entscheidenden Wettbewerbsvorteil verschafft.\u201c<\/p>\r\n<h3><strong>Moderne Industrie in einer historisch gepr\u00e4gten Region<\/strong><\/h3>\r\n<p>Couvet ist eine Ortschaft im franz\u00f6sischsprachigen Teil der Schweiz, gelegen im Val-de-Travers im Kanton Neuenburg. Die kleine Gemeinde ist bekannt f\u00fcr ihre historische Bedeutung in der Uhrenindustrie. Lutz erkl\u00e4rt: \u201eMit der Pr\u00e4senz der Lutz-Jesco Suisse SA in Couvet zeigen wir, dass auch moderne Industrien in dieser traditionsreichen Region aktiv sind.\u201c<\/p>\r\n<h3><strong>Pionier im Bereich Fluidmanagement seit 1954<\/strong><\/h3>\r\n<p>1954 gegr\u00fcndet, steht das international t\u00e4tige Familienunternehmen Lutz f\u00fcr professionelles Fluidmanagement. Zum Lutz-Firmenverbund geh\u00f6ren heute leistungsf\u00e4hige, mittelst\u00e4ndische Unternehmen mit Standorten im In- und Ausland, die sich im breiten Feld der Pumpentechnologie, Wasseraufbereitung und -desinfektion bewegen. Die Lutz Group hat 13 eigene Niederlassungen und wird durch Vertretungen in \u00fcber 80 L\u00e4ndern repr\u00e4sentiert.<\/p>\r\n<p><em>Quelle: <a href=\"https:\/\/www.lutz-pumpen.de\/lutz-firmenverbund\">www.lutz-pumpen.de\u00a0<\/a><\/em><\/p>\n<p class=\"syndicated-attribution\">Dieser Beitrag erschien urspr\u00fcnglich auf m-q.ch - <a href=\"https:\/\/www.m-q.ch\/de\/lutz-holding-expandiert-in-der-schweiz\/\" target=\"_blank\">https:\/\/www.m-q.ch\/de\/lutz-holding-expandiert-in-der-schweiz\/<\/a><\/p>","protected":false},"excerpt":{"rendered":"<p>Die Lutz Holding Tochtergesellschaft Lutz-Jesco Suisse SA in Couvet erweitert T\u00e4tigkeitsfeld und Produktportfolio ab 15. August 2024.<\/p>\n","protected":false},"author":58,"featured_media":0,"comment_status":"closed","ping_status":"closed","sticky":false,"template":"","format":"standard","meta":{"_acf_changed":false,"_yoast_wpseo_focuskw":"Lutz-Jesco Suisse","_yoast_wpseo_metadesc":"Lutz-Jesco Suisse SA startet am 15. August 2024 in der Schweiz mit Vertrieb von Elektromotoren, Pumpen und Dosiersystemen.","articlekey":"","footnotes":""},"categories":[582],"tags":[4391,605,424,492],"class_list":["post-29075","post","type-post","status-publish","format-standard","hentry","category-operational-excellence","tag-expandieren","tag-qualitaetsmanagement","tag-schweiz","tag-unternehmen"],"acf":[],"yoast_head":"<!-- This site is optimized with the Yoast SEO plugin v27.5 - https:\/\/yoast.com\/product\/yoast-seo-wordpress\/ -->\n<title>Lutz Holding expandiert in der Schweiz - Organisator<\/title>\n<meta name=\"description\" content=\"Lutz-Jesco Suisse SA startet am 15. August 2024 in der Schweiz mit Vertrieb von Elektromotoren, Pumpen und Dosiersystemen.\" \/>\n<meta name=\"robots\" content=\"index, follow, max-snippet:-1, max-image-preview:large, max-video-preview:-1\" \/>\n<link rel=\"canonical\" href=\"https:\/\/www.organisator.ch\/de\/operational-excellence\/2024-08-16\/lutz-holding-expandiert-in-der-schweiz\/\" \/>\n<meta property=\"og:locale\" content=\"de_DE\" \/>\n<meta property=\"og:type\" content=\"article\" \/>\n<meta property=\"og:title\" content=\"Lutz Holding expandiert in der Schweiz - Organisator\" \/>\n<meta property=\"og:description\" content=\"Lutz-Jesco Suisse SA startet am 15. August 2024 in der Schweiz mit Vertrieb von Elektromotoren, Pumpen und Dosiersystemen.\" \/>\n<meta property=\"og:url\" content=\"https:\/\/www.organisator.ch\/de\/operational-excellence\/2024-08-16\/lutz-holding-expandiert-in-der-schweiz\/\" \/>\n<meta property=\"og:site_name\" content=\"Organisator\" \/>\n<meta property=\"article:publisher\" content=\"https:\/\/www.facebook.com\/OrganisatorFachmagazin\" \/>\n<meta property=\"article:published_time\" content=\"2024-08-16T05:25:09+00:00\" \/>\n<meta property=\"article:modified_time\" content=\"2024-11-08T11:49:33+00:00\" \/>\n<meta property=\"og:image\" content=\"https:\/\/www.m-q.ch\/wp-content\/uploads\/2024\/08\/Lutz_Jesco_Suisse_Bild1_ps.jpg\" \/>\n<meta name=\"author\" content=\"Adelisa Kalajdzini\" \/>\n<meta name=\"twitter:card\" content=\"summary_large_image\" \/>\n<script type=\"application\/ld+json\" class=\"yoast-schema-graph\">{\"@context\":\"https:\\\/\\\/schema.org\",\"@graph\":[{\"@type\":\"Article\",\"@id\":\"https:\\\/\\\/www.organisator.ch\\\/operational-excellence\\\/2024-08-16\\\/lutz-holding-expandiert-in-der-schweiz\\\/#article\",\"isPartOf\":{\"@id\":\"https:\\\/\\\/www.organisator.ch\\\/operational-excellence\\\/2024-08-16\\\/lutz-holding-expandiert-in-der-schweiz\\\/\"},\"author\":{\"name\":\"Adelisa Kalajdzini\",\"@id\":\"https:\\\/\\\/www.organisator.ch\\\/#\\\/schema\\\/person\\\/2e1314a2172123f874db408d8911d3f3\"},\"headline\":\"Lutz Holding expandiert in der Schweiz\",\"datePublished\":\"2024-08-16T05:25:09+00:00\",\"dateModified\":\"2024-11-08T11:49:33+00:00\",\"mainEntityOfPage\":{\"@id\":\"https:\\\/\\\/www.organisator.ch\\\/operational-excellence\\\/2024-08-16\\\/lutz-holding-expandiert-in-der-schweiz\\\/\"},\"wordCount\":413,\"publisher\":{\"@id\":\"https:\\\/\\\/www.organisator.ch\\\/#organization\"},\"image\":{\"@id\":\"https:\\\/\\\/www.organisator.ch\\\/operational-excellence\\\/2024-08-16\\\/lutz-holding-expandiert-in-der-schweiz\\\/#primaryimage\"},\"thumbnailUrl\":\"https:\\\/\\\/www.m-q.ch\\\/wp-content\\\/uploads\\\/2024\\\/08\\\/Lutz_Jesco_Suisse_Bild1_ps.jpg\",\"keywords\":[\"Expandieren\",\"Qualit\u00e4tsmanagement\",\"Schweiz\",\"Unternehmen\"],\"articleSection\":[\"OPERATIONAL EXCELLENCE\"],\"inLanguage\":\"de\"},{\"@type\":\"WebPage\",\"@id\":\"https:\\\/\\\/www.organisator.ch\\\/operational-excellence\\\/2024-08-16\\\/lutz-holding-expandiert-in-der-schweiz\\\/\",\"url\":\"https:\\\/\\\/www.organisator.ch\\\/operational-excellence\\\/2024-08-16\\\/lutz-holding-expandiert-in-der-schweiz\\\/\",\"name\":\"Lutz Holding expandiert in der Schweiz - Organisator\",\"isPartOf\":{\"@id\":\"https:\\\/\\\/www.organisator.ch\\\/#website\"},\"primaryImageOfPage\":{\"@id\":\"https:\\\/\\\/www.organisator.ch\\\/operational-excellence\\\/2024-08-16\\\/lutz-holding-expandiert-in-der-schweiz\\\/#primaryimage\"},\"image\":{\"@id\":\"https:\\\/\\\/www.organisator.ch\\\/operational-excellence\\\/2024-08-16\\\/lutz-holding-expandiert-in-der-schweiz\\\/#primaryimage\"},\"thumbnailUrl\":\"https:\\\/\\\/www.m-q.ch\\\/wp-content\\\/uploads\\\/2024\\\/08\\\/Lutz_Jesco_Suisse_Bild1_ps.jpg\",\"datePublished\":\"2024-08-16T05:25:09+00:00\",\"dateModified\":\"2024-11-08T11:49:33+00:00\",\"description\":\"Lutz-Jesco Suisse SA startet am 15. August 2024 in der Schweiz mit Vertrieb von Elektromotoren, Pumpen und Dosiersystemen.\",\"breadcrumb\":{\"@id\":\"https:\\\/\\\/www.organisator.ch\\\/operational-excellence\\\/2024-08-16\\\/lutz-holding-expandiert-in-der-schweiz\\\/#breadcrumb\"},\"inLanguage\":\"de\",\"potentialAction\":[{\"@type\":\"ReadAction\",\"target\":[\"https:\\\/\\\/www.organisator.ch\\\/operational-excellence\\\/2024-08-16\\\/lutz-holding-expandiert-in-der-schweiz\\\/\"]}]},{\"@type\":\"ImageObject\",\"inLanguage\":\"de\",\"@id\":\"https:\\\/\\\/www.organisator.ch\\\/operational-excellence\\\/2024-08-16\\\/lutz-holding-expandiert-in-der-schweiz\\\/#primaryimage\",\"url\":\"https:\\\/\\\/www.m-q.ch\\\/wp-content\\\/uploads\\\/2024\\\/08\\\/Lutz_Jesco_Suisse_Bild1_ps.jpg\",\"contentUrl\":\"https:\\\/\\\/www.m-q.ch\\\/wp-content\\\/uploads\\\/2024\\\/08\\\/Lutz_Jesco_Suisse_Bild1_ps.jpg\"},{\"@type\":\"BreadcrumbList\",\"@id\":\"https:\\\/\\\/www.organisator.ch\\\/operational-excellence\\\/2024-08-16\\\/lutz-holding-expandiert-in-der-schweiz\\\/#breadcrumb\",\"itemListElement\":[{\"@type\":\"ListItem\",\"position\":1,\"name\":\"Home\",\"item\":\"https:\\\/\\\/www.organisator.ch\\\/\"},{\"@type\":\"ListItem\",\"position\":2,\"name\":\"Lutz Holding expandiert in der Schweiz\"}]},{\"@type\":\"WebSite\",\"@id\":\"https:\\\/\\\/www.organisator.ch\\\/#website\",\"url\":\"https:\\\/\\\/www.organisator.ch\\\/\",\"name\":\"Organisator\",\"description\":\"Kompetent. Praxisnah. Der ORGANISATOR bereitet in 10 Ausgaben pro Jahr die wesentlichen Themen f\u00fcr F\u00fchrungskr\u00e4fte von KMU auf.\",\"publisher\":{\"@id\":\"https:\\\/\\\/www.organisator.ch\\\/#organization\"},\"potentialAction\":[{\"@type\":\"SearchAction\",\"target\":{\"@type\":\"EntryPoint\",\"urlTemplate\":\"https:\\\/\\\/www.organisator.ch\\\/?s={search_term_string}\"},\"query-input\":{\"@type\":\"PropertyValueSpecification\",\"valueRequired\":true,\"valueName\":\"search_term_string\"}}],\"inLanguage\":\"de\"},{\"@type\":\"Organization\",\"@id\":\"https:\\\/\\\/www.organisator.ch\\\/#organization\",\"name\":\"Organisator\",\"url\":\"https:\\\/\\\/www.organisator.ch\\\/\",\"logo\":{\"@type\":\"ImageObject\",\"inLanguage\":\"de\",\"@id\":\"https:\\\/\\\/www.organisator.ch\\\/#\\\/schema\\\/logo\\\/image\\\/\",\"url\":\"https:\\\/\\\/www.organisator.ch\\\/wp-content\\\/uploads\\\/2022\\\/01\\\/Logo_Organisator_Website.png\",\"contentUrl\":\"https:\\\/\\\/www.organisator.ch\\\/wp-content\\\/uploads\\\/2022\\\/01\\\/Logo_Organisator_Website.png\",\"width\":800,\"height\":77,\"caption\":\"Organisator\"},\"image\":{\"@id\":\"https:\\\/\\\/www.organisator.ch\\\/#\\\/schema\\\/logo\\\/image\\\/\"},\"sameAs\":[\"https:\\\/\\\/www.facebook.com\\\/OrganisatorFachmagazin\",\"https:\\\/\\\/www.linkedin.com\\\/showcase\\\/organisator-das-magazin-fr-kmu\",\"https:\\\/\\\/www.xing.com\\\/news\\\/pages\\\/organisator-ch-695\",\"https:\\\/\\\/www.youtube.com\\\/channel\\\/UCGP2Sq0iWaZwT3BdIAQFYpw\"]},{\"@type\":\"Person\",\"@id\":\"https:\\\/\\\/www.organisator.ch\\\/#\\\/schema\\\/person\\\/2e1314a2172123f874db408d8911d3f3\",\"name\":\"Adelisa Kalajdzini\",\"image\":{\"@type\":\"ImageObject\",\"inLanguage\":\"de\",\"@id\":\"https:\\\/\\\/secure.gravatar.com\\\/avatar\\\/09a397c22ac58cad6f160ee8306348599df9df58a8ede73696226897b9fa4b24?s=96&d=mm&r=g\",\"url\":\"https:\\\/\\\/secure.gravatar.com\\\/avatar\\\/09a397c22ac58cad6f160ee8306348599df9df58a8ede73696226897b9fa4b24?s=96&d=mm&r=g\",\"contentUrl\":\"https:\\\/\\\/secure.gravatar.com\\\/avatar\\\/09a397c22ac58cad6f160ee8306348599df9df58a8ede73696226897b9fa4b24?s=96&d=mm&r=g\",\"caption\":\"Adelisa Kalajdzini\"},\"url\":\"https:\\\/\\\/www.organisator.ch\\\/de\\\/author\\\/adelisa-kalajdzini\\\/\"}]}<\/script>\n<!-- \/ Yoast SEO plugin. -->","yoast_head_json":{"title":"Lutz Holding expandiert in der Schweiz - Organisator","description":"Lutz-Jesco Suisse SA startet am 15. August 2024 in der Schweiz mit Vertrieb von Elektromotoren, Pumpen und Dosiersystemen.","robots":{"index":"index","follow":"follow","max-snippet":"max-snippet:-1","max-image-preview":"max-image-preview:large","max-video-preview":"max-video-preview:-1"},"canonical":"https:\/\/www.organisator.ch\/de\/operational-excellence\/2024-08-16\/lutz-holding-expandiert-in-der-schweiz\/","og_locale":"de_DE","og_type":"article","og_title":"Lutz Holding expandiert in der Schweiz - Organisator","og_description":"Lutz-Jesco Suisse SA startet am 15. August 2024 in der Schweiz mit Vertrieb von Elektromotoren, Pumpen und Dosiersystemen.","og_url":"https:\/\/www.organisator.ch\/de\/operational-excellence\/2024-08-16\/lutz-holding-expandiert-in-der-schweiz\/","og_site_name":"Organisator","article_publisher":"https:\/\/www.facebook.com\/OrganisatorFachmagazin","article_published_time":"2024-08-16T05:25:09+00:00","article_modified_time":"2024-11-08T11:49:33+00:00","og_image":[{"url":"https:\/\/www.m-q.ch\/wp-content\/uploads\/2024\/08\/Lutz_Jesco_Suisse_Bild1_ps.jpg","type":"","width":"","height":""}],"author":"Adelisa Kalajdzini","twitter_card":"summary_large_image","schema":{"@context":"https:\/\/schema.org","@graph":[{"@type":"Article","@id":"https:\/\/www.organisator.ch\/operational-excellence\/2024-08-16\/lutz-holding-expandiert-in-der-schweiz\/#article","isPartOf":{"@id":"https:\/\/www.organisator.ch\/operational-excellence\/2024-08-16\/lutz-holding-expandiert-in-der-schweiz\/"},"author":{"name":"Adelisa Kalajdzini","@id":"https:\/\/www.organisator.ch\/#\/schema\/person\/2e1314a2172123f874db408d8911d3f3"},"headline":"Lutz Holding expandiert in der Schweiz","datePublished":"2024-08-16T05:25:09+00:00","dateModified":"2024-11-08T11:49:33+00:00","mainEntityOfPage":{"@id":"https:\/\/www.organisator.ch\/operational-excellence\/2024-08-16\/lutz-holding-expandiert-in-der-schweiz\/"},"wordCount":413,"publisher":{"@id":"https:\/\/www.organisator.ch\/#organization"},"image":{"@id":"https:\/\/www.organisator.ch\/operational-excellence\/2024-08-16\/lutz-holding-expandiert-in-der-schweiz\/#primaryimage"},"thumbnailUrl":"https:\/\/www.m-q.ch\/wp-content\/uploads\/2024\/08\/Lutz_Jesco_Suisse_Bild1_ps.jpg","keywords":["Expandieren","Qualit\u00e4tsmanagement","Schweiz","Unternehmen"],"articleSection":["OPERATIONAL EXCELLENCE"],"inLanguage":"de"},{"@type":"WebPage","@id":"https:\/\/www.organisator.ch\/operational-excellence\/2024-08-16\/lutz-holding-expandiert-in-der-schweiz\/","url":"https:\/\/www.organisator.ch\/operational-excellence\/2024-08-16\/lutz-holding-expandiert-in-der-schweiz\/","name":"Lutz Holding expandiert in der Schweiz - Organisator","isPartOf":{"@id":"https:\/\/www.organisator.ch\/#website"},"primaryImageOfPage":{"@id":"https:\/\/www.organisator.ch\/operational-excellence\/2024-08-16\/lutz-holding-expandiert-in-der-schweiz\/#primaryimage"},"image":{"@id":"https:\/\/www.organisator.ch\/operational-excellence\/2024-08-16\/lutz-holding-expandiert-in-der-schweiz\/#primaryimage"},"thumbnailUrl":"https:\/\/www.m-q.ch\/wp-content\/uploads\/2024\/08\/Lutz_Jesco_Suisse_Bild1_ps.jpg","datePublished":"2024-08-16T05:25:09+00:00","dateModified":"2024-11-08T11:49:33+00:00","description":"Lutz-Jesco Suisse SA startet am 15. August 2024 in der Schweiz mit Vertrieb von Elektromotoren, Pumpen und Dosiersystemen.","breadcrumb":{"@id":"https:\/\/www.organisator.ch\/operational-excellence\/2024-08-16\/lutz-holding-expandiert-in-der-schweiz\/#breadcrumb"},"inLanguage":"de","potentialAction":[{"@type":"ReadAction","target":["https:\/\/www.organisator.ch\/operational-excellence\/2024-08-16\/lutz-holding-expandiert-in-der-schweiz\/"]}]},{"@type":"ImageObject","inLanguage":"de","@id":"https:\/\/www.organisator.ch\/operational-excellence\/2024-08-16\/lutz-holding-expandiert-in-der-schweiz\/#primaryimage","url":"https:\/\/www.m-q.ch\/wp-content\/uploads\/2024\/08\/Lutz_Jesco_Suisse_Bild1_ps.jpg","contentUrl":"https:\/\/www.m-q.ch\/wp-content\/uploads\/2024\/08\/Lutz_Jesco_Suisse_Bild1_ps.jpg"},{"@type":"BreadcrumbList","@id":"https:\/\/www.organisator.ch\/operational-excellence\/2024-08-16\/lutz-holding-expandiert-in-der-schweiz\/#breadcrumb","itemListElement":[{"@type":"ListItem","position":1,"name":"Home","item":"https:\/\/www.organisator.ch\/"},{"@type":"ListItem","position":2,"name":"Lutz Holding expandiert in der Schweiz"}]},{"@type":"WebSite","@id":"https:\/\/www.organisator.ch\/#website","url":"https:\/\/www.organisator.ch\/","name":"Organisator","description":"Kompetent. Praxisnah. Der ORGANISATOR bereitet in 10 Ausgaben pro Jahr die wesentlichen Themen f\u00fcr F\u00fchrungskr\u00e4fte von KMU auf.","publisher":{"@id":"https:\/\/www.organisator.ch\/#organization"},"potentialAction":[{"@type":"SearchAction","target":{"@type":"EntryPoint","urlTemplate":"https:\/\/www.organisator.ch\/?s={search_term_string}"},"query-input":{"@type":"PropertyValueSpecification","valueRequired":true,"valueName":"search_term_string"}}],"inLanguage":"de"},{"@type":"Organization","@id":"https:\/\/www.organisator.ch\/#organization","name":"Organisator","url":"https:\/\/www.organisator.ch\/","logo":{"@type":"ImageObject","inLanguage":"de","@id":"https:\/\/www.organisator.ch\/#\/schema\/logo\/image\/","url":"https:\/\/www.organisator.ch\/wp-content\/uploads\/2022\/01\/Logo_Organisator_Website.png","contentUrl":"https:\/\/www.organisator.ch\/wp-content\/uploads\/2022\/01\/Logo_Organisator_Website.png","width":800,"height":77,"caption":"Organisator"},"image":{"@id":"https:\/\/www.organisator.ch\/#\/schema\/logo\/image\/"},"sameAs":["https:\/\/www.facebook.com\/OrganisatorFachmagazin","https:\/\/www.linkedin.com\/showcase\/organisator-das-magazin-fr-kmu","https:\/\/www.xing.com\/news\/pages\/organisator-ch-695","https:\/\/www.youtube.com\/channel\/UCGP2Sq0iWaZwT3BdIAQFYpw"]},{"@type":"Person","@id":"https:\/\/www.organisator.ch\/#\/schema\/person\/2e1314a2172123f874db408d8911d3f3","name":"Adelisa Kalajdzini","image":{"@type":"ImageObject","inLanguage":"de","@id":"https:\/\/secure.gravatar.com\/avatar\/09a397c22ac58cad6f160ee8306348599df9df58a8ede73696226897b9fa4b24?s=96&d=mm&r=g","url":"https:\/\/secure.gravatar.com\/avatar\/09a397c22ac58cad6f160ee8306348599df9df58a8ede73696226897b9fa4b24?s=96&d=mm&r=g","contentUrl":"https:\/\/secure.gravatar.com\/avatar\/09a397c22ac58cad6f160ee8306348599df9df58a8ede73696226897b9fa4b24?s=96&d=mm&r=g","caption":"Adelisa Kalajdzini"},"url":"https:\/\/www.organisator.ch\/de\/author\/adelisa-kalajdzini\/"}]}},"_links":{"self":[{"href":"https:\/\/www.organisator.ch\/de\/wp-json\/wp\/v2\/posts\/29075","targetHints":{"allow":["GET"]}}],"collection":[{"href":"https:\/\/www.organisator.ch\/de\/wp-json\/wp\/v2\/posts"}],"about":[{"href":"https:\/\/www.organisator.ch\/de\/wp-json\/wp\/v2\/types\/post"}],"author":[{"embeddable":true,"href":"https:\/\/www.organisator.ch\/de\/wp-json\/wp\/v2\/users\/58"}],"replies":[{"embeddable":true,"href":"https:\/\/www.organisator.ch\/de\/wp-json\/wp\/v2\/comments?post=29075"}],"version-history":[{"count":5,"href":"https:\/\/www.organisator.ch\/de\/wp-json\/wp\/v2\/posts\/29075\/revisions"}],"predecessor-version":[{"id":32039,"href":"https:\/\/www.organisator.ch\/de\/wp-json\/wp\/v2\/posts\/29075\/revisions\/32039"}],"wp:attachment":[{"href":"https:\/\/www.organisator.ch\/de\/wp-json\/wp\/v2\/media?parent=29075"}],"wp:term":[{"taxonomy":"category","embeddable":true,"href":"https:\/\/www.organisator.ch\/de\/wp-json\/wp\/v2\/categories?post=29075"},{"taxonomy":"post_tag","embeddable":true,"href":"https:\/\/www.organisator.ch\/de\/wp-json\/wp\/v2\/tags?post=29075"}],"curies":[{"name":"wp","href":"https:\/\/api.w.org\/{rel}","templated":true}]}}