{"id":29088,"date":"2024-08-21T08:15:17","date_gmt":"2024-08-21T06:15:17","guid":{"rendered":"https:\/\/www.organisator.ch\/?p=29088"},"modified":"2024-08-19T10:15:31","modified_gmt":"2024-08-19T08:15:31","slug":"wifo-2025-das-jubilaeumsprogramm-ist-komplett","status":"publish","type":"post","link":"https:\/\/www.organisator.ch\/de\/management\/2024-08-21\/wifo-2025-das-jubilaeumsprogramm-ist-komplett\/","title":{"rendered":"Wifo 2025: Das Jubil\u00e4umsprogramm ist komplett"},"content":{"rendered":"<figure id=\"attachment_29089\" aria-describedby=\"caption-attachment-29089\" style=\"width: 680px\" class=\"wp-caption alignnone\"><img loading=\"lazy\" decoding=\"async\" class=\"size-full wp-image-29089\" src=\"https:\/\/www.organisator.ch\/wp-content\/uploads\/2024\/08\/Rheintaler-Wirtschaftsforum-2024_Rueckblick_Bild1_ps.jpg\" alt=\"\" width=\"680\" height=\"413\" srcset=\"https:\/\/www.organisator.ch\/wp-content\/uploads\/2024\/08\/Rheintaler-Wirtschaftsforum-2024_Rueckblick_Bild1_ps.jpg 680w, https:\/\/www.organisator.ch\/wp-content\/uploads\/2024\/08\/Rheintaler-Wirtschaftsforum-2024_Rueckblick_Bild1_ps-18x12.jpg 18w, https:\/\/www.organisator.ch\/wp-content\/uploads\/2024\/08\/Rheintaler-Wirtschaftsforum-2024_Rueckblick_Bild1_ps-375x228.jpg 375w, https:\/\/www.organisator.ch\/wp-content\/uploads\/2024\/08\/Rheintaler-Wirtschaftsforum-2024_Rueckblick_Bild1_ps-576x350.jpg 576w\" sizes=\"auto, (max-width: 680px) 100vw, 680px\" \/><figcaption id=\"caption-attachment-29089\" class=\"wp-caption-text\">Stimmungsbild vom Rheintaler Wirtschaftsforum 2024. (Bild: www.wifo.ch)<\/figcaption><\/figure>\n<p>Das diesj\u00e4hrige Rheintaler Wirtschaftsforum widmet sich drei zentralen Themen f\u00fcr die Zukunft von Unternehmen: Standort, Strategie und Stabs\u00fcbergabe. Diese Aspekte werden in Vortr\u00e4gen und Talkrunden mit f\u00fchrenden Pers\u00f6nlichkeiten und Experten behandelt.<\/p>\n<h3><strong>Standort und Strategie: Perspektiven f\u00fcr die Zukunft<\/strong><\/h3>\n<p>In der Talkrunde zur Zukunftssicherung nehmen neben Jahangir Doongaji, CEO der Hilti Gruppe, auch Alfred Felder, CEO der Zumtobel Group, und Franziska Tschudi Sauber, Verwaltungsratspr\u00e4sidentin der Weidmann Gruppe, teil. Alfred Felder bringt umfangreiche internationale Erfahrung aus seiner Zeit bei Siemens und seiner F\u00fchrung bei Zumtobel ein. Franziska Tschudi Sauber bereichert das Podium mit ihrer Expertise in Unternehmensentwicklung und ihren vielf\u00e4ltigen Mandaten in Verwaltungsr\u00e4ten bedeutender Unternehmen.<\/p>\n<h3><strong>Stabs\u00fcbergabe: Von der \u00dcbergabe zur Zukunft<\/strong><\/h3>\n<p>Die Talkrunde zum Thema \u00abStabs\u00fcbergabe &#8211; der Wechsel von einer Generation zur n\u00e4chsten\u00bb konzentriert sich darauf, wie die \u00dcbergabe der F\u00fchrung von einer Generation zur n\u00e4chsten erfolgte. Diana Gutjahr, Mitinhaberin und Pr\u00e4sidentin des Verwaltungsrates der Ernst Fischer AG, Philipp Lehner, CEO der ALPLA Group, und Antje von Dewitz, Gesch\u00e4ftsf\u00fchrerin von VAUDE, teilen ihre pers\u00f6nlichen Erfahrungen und Strategien in der \u00dcbernahme und F\u00fchrung in ihren Unternehmen. Sie berichten, wie sich die Stabs\u00fcbergabe gestaltet hat und wie sie die langfristige Zukunft ihrer Unternehmen sichern m\u00f6chten.\u00a0<\/p>\n<h3><strong>Bundesrat Guy Parmelin: Der Wirtschaftsstandort Schweiz<\/strong><\/h3>\n<p>Wie bereits in der ersten Medienmitteilung angek\u00fcndigt, wird Bundesrat Guy Parmelin zum Thema Standort sprechen und auf die Attraktivit\u00e4t des Wirtschaftsstandorts Schweiz f\u00fcr Unternehmen eingehen, besonders im Kontext der j\u00fcngsten Verhandlungen zwischen der Schweiz und der EU. Im Vorfeld wird auch der 31. Preis der Rheintaler Wirtschaft vergeben. Das Forum wird wiederum von Sonja Hasler, SRF moderiert. Zum Abschluss vom 30. Rheintaler Wirtschaftsforum wird auch dieses Jahr ein \u00dcberraschungsgast auftreten. Der \u00dcberraschungsgast wird zu einem sp\u00e4teren Zeitpunkt bekannt gegeben.<\/p>\n<p><em>Quelle und Anmeldung: <a href=\"http:\/\/www.wifo.ch\">www.wifo.ch<\/a><\/em><\/p>\n","protected":false},"excerpt":{"rendered":"<p>Das Rheintaler Wirtschaftsforum feiert am 17. Januar 2025 sein 30-j\u00e4hriges Jubil\u00e4um mit einem hochkar\u00e4tigen Programm und kompetenten Referenten: Nachdem einige dieser Referenten bereits bekannt sind, steht nun das vollst\u00e4ndige Programm. <\/p>\n","protected":false},"author":58,"featured_media":29089,"comment_status":"closed","ping_status":"closed","sticky":false,"template":"","format":"standard","meta":{"_acf_changed":false,"_yoast_wpseo_focuskw":"Wifo","_yoast_wpseo_metadesc":"Das Rheintaler Wirtschaftsforum feiert am 17. Januar 2025 sein 30-j\u00e4hriges Jubil\u00e4um mit einem hochkar\u00e4tigen Programm.","articlekey":"","footnotes":""},"categories":[28],"tags":[221,292,334,3348],"class_list":["post-29088","post","type-post","status-publish","format-standard","has-post-thumbnail","hentry","category-management","tag-forum","tag-jubilaeum","tag-management","tag-rheintaler-wirtschaftsforum"],"acf":[],"yoast_head":"<!-- This site is optimized with the Yoast SEO plugin v27.5 - https:\/\/yoast.com\/product\/yoast-seo-wordpress\/ -->\n<title>Wifo 2025: Das Jubil\u00e4umsprogramm ist komplett - Organisator<\/title>\n<meta name=\"description\" content=\"Das Rheintaler Wirtschaftsforum feiert am 17. Januar 2025 sein 30-j\u00e4hriges Jubil\u00e4um mit einem hochkar\u00e4tigen Programm.\" \/>\n<meta name=\"robots\" content=\"index, follow, max-snippet:-1, max-image-preview:large, max-video-preview:-1\" \/>\n<link rel=\"canonical\" href=\"https:\/\/www.organisator.ch\/de\/management\/2024-08-21\/wifo-2025-das-jubilaeumsprogramm-ist-komplett\/\" \/>\n<meta property=\"og:locale\" content=\"de_DE\" \/>\n<meta property=\"og:type\" content=\"article\" \/>\n<meta property=\"og:title\" content=\"Wifo 2025: Das Jubil\u00e4umsprogramm ist komplett\" \/>\n<meta property=\"og:description\" content=\"Das Rheintaler Wirtschaftsforum feiert am 17. Januar 2025 sein 30-j\u00e4hriges Jubil\u00e4um mit einem hochkar\u00e4tigen Programm.\" \/>\n<meta property=\"og:url\" content=\"https:\/\/www.organisator.ch\/de\/management\/2024-08-21\/wifo-2025-das-jubilaeumsprogramm-ist-komplett\/\" \/>\n<meta property=\"og:site_name\" content=\"Organisator\" \/>\n<meta property=\"article:publisher\" content=\"https:\/\/www.facebook.com\/OrganisatorFachmagazin\" \/>\n<meta property=\"article:published_time\" content=\"2024-08-21T06:15:17+00:00\" \/>\n<meta property=\"og:image\" content=\"https:\/\/www.organisator.ch\/wp-content\/uploads\/2024\/08\/Rheintaler-Wirtschaftsforum-2024_Rueckblick_Bild1_ps.jpg\" \/>\n\t<meta property=\"og:image:width\" content=\"680\" \/>\n\t<meta property=\"og:image:height\" content=\"413\" \/>\n\t<meta property=\"og:image:type\" content=\"image\/jpeg\" \/>\n<meta name=\"author\" content=\"Adelisa Kalajdzini\" \/>\n<meta name=\"twitter:card\" content=\"summary_large_image\" \/>\n<meta name=\"twitter:title\" content=\"Wifo 2025: Das Jubil\u00e4umsprogramm ist komplett\" \/>\n<meta name=\"twitter:description\" content=\"Das #Rheintaler #Wirtschaftsforum feiert am 17. Januar 2025 sein #30-j\u00e4hriges #Jubil\u00e4um mit einem hochkar\u00e4tigen #Programm.\" \/>\n<meta name=\"twitter:image\" content=\"https:\/\/www.organisator.ch\/wp-content\/uploads\/2024\/08\/Rheintaler-Wirtschaftsforum-2024_Rueckblick_Bild1_ps.jpg\" \/>\n<script type=\"application\/ld+json\" class=\"yoast-schema-graph\">{\"@context\":\"https:\\\/\\\/schema.org\",\"@graph\":[{\"@type\":\"Article\",\"@id\":\"https:\\\/\\\/www.organisator.ch\\\/management\\\/2024-08-21\\\/wifo-2025-das-jubilaeumsprogramm-ist-komplett\\\/#article\",\"isPartOf\":{\"@id\":\"https:\\\/\\\/www.organisator.ch\\\/management\\\/2024-08-21\\\/wifo-2025-das-jubilaeumsprogramm-ist-komplett\\\/\"},\"author\":{\"name\":\"Adelisa Kalajdzini\",\"@id\":\"https:\\\/\\\/www.organisator.ch\\\/#\\\/schema\\\/person\\\/2e1314a2172123f874db408d8911d3f3\"},\"headline\":\"Wifo 2025: Das Jubil\u00e4umsprogramm ist komplett\",\"datePublished\":\"2024-08-21T06:15:17+00:00\",\"mainEntityOfPage\":{\"@id\":\"https:\\\/\\\/www.organisator.ch\\\/management\\\/2024-08-21\\\/wifo-2025-das-jubilaeumsprogramm-ist-komplett\\\/\"},\"wordCount\":330,\"publisher\":{\"@id\":\"https:\\\/\\\/www.organisator.ch\\\/#organization\"},\"image\":{\"@id\":\"https:\\\/\\\/www.organisator.ch\\\/management\\\/2024-08-21\\\/wifo-2025-das-jubilaeumsprogramm-ist-komplett\\\/#primaryimage\"},\"thumbnailUrl\":\"https:\\\/\\\/www.organisator.ch\\\/wp-content\\\/uploads\\\/2024\\\/08\\\/Rheintaler-Wirtschaftsforum-2024_Rueckblick_Bild1_ps.jpg\",\"keywords\":[\"Forum\",\"Jubil\u00e4um\",\"Management\",\"Rheintaler Wirtschaftsforum\"],\"articleSection\":[\"MANAGEMENT\"],\"inLanguage\":\"de\"},{\"@type\":\"WebPage\",\"@id\":\"https:\\\/\\\/www.organisator.ch\\\/management\\\/2024-08-21\\\/wifo-2025-das-jubilaeumsprogramm-ist-komplett\\\/\",\"url\":\"https:\\\/\\\/www.organisator.ch\\\/management\\\/2024-08-21\\\/wifo-2025-das-jubilaeumsprogramm-ist-komplett\\\/\",\"name\":\"Wifo 2025: Das Jubil\u00e4umsprogramm ist komplett - Organisator\",\"isPartOf\":{\"@id\":\"https:\\\/\\\/www.organisator.ch\\\/#website\"},\"primaryImageOfPage\":{\"@id\":\"https:\\\/\\\/www.organisator.ch\\\/management\\\/2024-08-21\\\/wifo-2025-das-jubilaeumsprogramm-ist-komplett\\\/#primaryimage\"},\"image\":{\"@id\":\"https:\\\/\\\/www.organisator.ch\\\/management\\\/2024-08-21\\\/wifo-2025-das-jubilaeumsprogramm-ist-komplett\\\/#primaryimage\"},\"thumbnailUrl\":\"https:\\\/\\\/www.organisator.ch\\\/wp-content\\\/uploads\\\/2024\\\/08\\\/Rheintaler-Wirtschaftsforum-2024_Rueckblick_Bild1_ps.jpg\",\"datePublished\":\"2024-08-21T06:15:17+00:00\",\"description\":\"Das Rheintaler Wirtschaftsforum feiert am 17. Januar 2025 sein 30-j\u00e4hriges Jubil\u00e4um mit einem hochkar\u00e4tigen Programm.\",\"breadcrumb\":{\"@id\":\"https:\\\/\\\/www.organisator.ch\\\/management\\\/2024-08-21\\\/wifo-2025-das-jubilaeumsprogramm-ist-komplett\\\/#breadcrumb\"},\"inLanguage\":\"de\",\"potentialAction\":[{\"@type\":\"ReadAction\",\"target\":[\"https:\\\/\\\/www.organisator.ch\\\/management\\\/2024-08-21\\\/wifo-2025-das-jubilaeumsprogramm-ist-komplett\\\/\"]}]},{\"@type\":\"ImageObject\",\"inLanguage\":\"de\",\"@id\":\"https:\\\/\\\/www.organisator.ch\\\/management\\\/2024-08-21\\\/wifo-2025-das-jubilaeumsprogramm-ist-komplett\\\/#primaryimage\",\"url\":\"https:\\\/\\\/www.organisator.ch\\\/wp-content\\\/uploads\\\/2024\\\/08\\\/Rheintaler-Wirtschaftsforum-2024_Rueckblick_Bild1_ps.jpg\",\"contentUrl\":\"https:\\\/\\\/www.organisator.ch\\\/wp-content\\\/uploads\\\/2024\\\/08\\\/Rheintaler-Wirtschaftsforum-2024_Rueckblick_Bild1_ps.jpg\",\"width\":680,\"height\":413,\"caption\":\"Stimmungsbild vom Rheintaler Wirtschaftsforum 2024. (Bild: www.wifo.ch)\"},{\"@type\":\"BreadcrumbList\",\"@id\":\"https:\\\/\\\/www.organisator.ch\\\/management\\\/2024-08-21\\\/wifo-2025-das-jubilaeumsprogramm-ist-komplett\\\/#breadcrumb\",\"itemListElement\":[{\"@type\":\"ListItem\",\"position\":1,\"name\":\"Home\",\"item\":\"https:\\\/\\\/www.organisator.ch\\\/\"},{\"@type\":\"ListItem\",\"position\":2,\"name\":\"Wifo 2025: Das Jubil\u00e4umsprogramm ist komplett\"}]},{\"@type\":\"WebSite\",\"@id\":\"https:\\\/\\\/www.organisator.ch\\\/#website\",\"url\":\"https:\\\/\\\/www.organisator.ch\\\/\",\"name\":\"Organisator\",\"description\":\"Kompetent. Praxisnah. Der ORGANISATOR bereitet in 10 Ausgaben pro Jahr die wesentlichen Themen f\u00fcr F\u00fchrungskr\u00e4fte von KMU auf.\",\"publisher\":{\"@id\":\"https:\\\/\\\/www.organisator.ch\\\/#organization\"},\"potentialAction\":[{\"@type\":\"SearchAction\",\"target\":{\"@type\":\"EntryPoint\",\"urlTemplate\":\"https:\\\/\\\/www.organisator.ch\\\/?s={search_term_string}\"},\"query-input\":{\"@type\":\"PropertyValueSpecification\",\"valueRequired\":true,\"valueName\":\"search_term_string\"}}],\"inLanguage\":\"de\"},{\"@type\":\"Organization\",\"@id\":\"https:\\\/\\\/www.organisator.ch\\\/#organization\",\"name\":\"Organisator\",\"url\":\"https:\\\/\\\/www.organisator.ch\\\/\",\"logo\":{\"@type\":\"ImageObject\",\"inLanguage\":\"de\",\"@id\":\"https:\\\/\\\/www.organisator.ch\\\/#\\\/schema\\\/logo\\\/image\\\/\",\"url\":\"https:\\\/\\\/www.organisator.ch\\\/wp-content\\\/uploads\\\/2022\\\/01\\\/Logo_Organisator_Website.png\",\"contentUrl\":\"https:\\\/\\\/www.organisator.ch\\\/wp-content\\\/uploads\\\/2022\\\/01\\\/Logo_Organisator_Website.png\",\"width\":800,\"height\":77,\"caption\":\"Organisator\"},\"image\":{\"@id\":\"https:\\\/\\\/www.organisator.ch\\\/#\\\/schema\\\/logo\\\/image\\\/\"},\"sameAs\":[\"https:\\\/\\\/www.facebook.com\\\/OrganisatorFachmagazin\",\"https:\\\/\\\/www.linkedin.com\\\/showcase\\\/organisator-das-magazin-fr-kmu\",\"https:\\\/\\\/www.xing.com\\\/news\\\/pages\\\/organisator-ch-695\",\"https:\\\/\\\/www.youtube.com\\\/channel\\\/UCGP2Sq0iWaZwT3BdIAQFYpw\"]},{\"@type\":\"Person\",\"@id\":\"https:\\\/\\\/www.organisator.ch\\\/#\\\/schema\\\/person\\\/2e1314a2172123f874db408d8911d3f3\",\"name\":\"Adelisa Kalajdzini\",\"image\":{\"@type\":\"ImageObject\",\"inLanguage\":\"de\",\"@id\":\"https:\\\/\\\/secure.gravatar.com\\\/avatar\\\/09a397c22ac58cad6f160ee8306348599df9df58a8ede73696226897b9fa4b24?s=96&d=mm&r=g\",\"url\":\"https:\\\/\\\/secure.gravatar.com\\\/avatar\\\/09a397c22ac58cad6f160ee8306348599df9df58a8ede73696226897b9fa4b24?s=96&d=mm&r=g\",\"contentUrl\":\"https:\\\/\\\/secure.gravatar.com\\\/avatar\\\/09a397c22ac58cad6f160ee8306348599df9df58a8ede73696226897b9fa4b24?s=96&d=mm&r=g\",\"caption\":\"Adelisa Kalajdzini\"},\"url\":\"https:\\\/\\\/www.organisator.ch\\\/de\\\/author\\\/adelisa-kalajdzini\\\/\"}]}<\/script>\n<!-- \/ Yoast SEO plugin. -->","yoast_head_json":{"title":"Wifo 2025: Das Jubil\u00e4umsprogramm ist komplett - Organisator","description":"Das Rheintaler Wirtschaftsforum feiert am 17. Januar 2025 sein 30-j\u00e4hriges Jubil\u00e4um mit einem hochkar\u00e4tigen Programm.","robots":{"index":"index","follow":"follow","max-snippet":"max-snippet:-1","max-image-preview":"max-image-preview:large","max-video-preview":"max-video-preview:-1"},"canonical":"https:\/\/www.organisator.ch\/de\/management\/2024-08-21\/wifo-2025-das-jubilaeumsprogramm-ist-komplett\/","og_locale":"de_DE","og_type":"article","og_title":"Wifo 2025: Das Jubil\u00e4umsprogramm ist komplett","og_description":"Das Rheintaler Wirtschaftsforum feiert am 17. Januar 2025 sein 30-j\u00e4hriges Jubil\u00e4um mit einem hochkar\u00e4tigen Programm.","og_url":"https:\/\/www.organisator.ch\/de\/management\/2024-08-21\/wifo-2025-das-jubilaeumsprogramm-ist-komplett\/","og_site_name":"Organisator","article_publisher":"https:\/\/www.facebook.com\/OrganisatorFachmagazin","article_published_time":"2024-08-21T06:15:17+00:00","og_image":[{"width":680,"height":413,"url":"https:\/\/www.organisator.ch\/wp-content\/uploads\/2024\/08\/Rheintaler-Wirtschaftsforum-2024_Rueckblick_Bild1_ps.jpg","type":"image\/jpeg"}],"author":"Adelisa Kalajdzini","twitter_card":"summary_large_image","twitter_title":"Wifo 2025: Das Jubil\u00e4umsprogramm ist komplett","twitter_description":"Das #Rheintaler #Wirtschaftsforum feiert am 17. Januar 2025 sein #30-j\u00e4hriges #Jubil\u00e4um mit einem hochkar\u00e4tigen #Programm.","twitter_image":"https:\/\/www.organisator.ch\/wp-content\/uploads\/2024\/08\/Rheintaler-Wirtschaftsforum-2024_Rueckblick_Bild1_ps.jpg","schema":{"@context":"https:\/\/schema.org","@graph":[{"@type":"Article","@id":"https:\/\/www.organisator.ch\/management\/2024-08-21\/wifo-2025-das-jubilaeumsprogramm-ist-komplett\/#article","isPartOf":{"@id":"https:\/\/www.organisator.ch\/management\/2024-08-21\/wifo-2025-das-jubilaeumsprogramm-ist-komplett\/"},"author":{"name":"Adelisa Kalajdzini","@id":"https:\/\/www.organisator.ch\/#\/schema\/person\/2e1314a2172123f874db408d8911d3f3"},"headline":"Wifo 2025: Das Jubil\u00e4umsprogramm ist komplett","datePublished":"2024-08-21T06:15:17+00:00","mainEntityOfPage":{"@id":"https:\/\/www.organisator.ch\/management\/2024-08-21\/wifo-2025-das-jubilaeumsprogramm-ist-komplett\/"},"wordCount":330,"publisher":{"@id":"https:\/\/www.organisator.ch\/#organization"},"image":{"@id":"https:\/\/www.organisator.ch\/management\/2024-08-21\/wifo-2025-das-jubilaeumsprogramm-ist-komplett\/#primaryimage"},"thumbnailUrl":"https:\/\/www.organisator.ch\/wp-content\/uploads\/2024\/08\/Rheintaler-Wirtschaftsforum-2024_Rueckblick_Bild1_ps.jpg","keywords":["Forum","Jubil\u00e4um","Management","Rheintaler Wirtschaftsforum"],"articleSection":["MANAGEMENT"],"inLanguage":"de"},{"@type":"WebPage","@id":"https:\/\/www.organisator.ch\/management\/2024-08-21\/wifo-2025-das-jubilaeumsprogramm-ist-komplett\/","url":"https:\/\/www.organisator.ch\/management\/2024-08-21\/wifo-2025-das-jubilaeumsprogramm-ist-komplett\/","name":"Wifo 2025: Das Jubil\u00e4umsprogramm ist komplett - Organisator","isPartOf":{"@id":"https:\/\/www.organisator.ch\/#website"},"primaryImageOfPage":{"@id":"https:\/\/www.organisator.ch\/management\/2024-08-21\/wifo-2025-das-jubilaeumsprogramm-ist-komplett\/#primaryimage"},"image":{"@id":"https:\/\/www.organisator.ch\/management\/2024-08-21\/wifo-2025-das-jubilaeumsprogramm-ist-komplett\/#primaryimage"},"thumbnailUrl":"https:\/\/www.organisator.ch\/wp-content\/uploads\/2024\/08\/Rheintaler-Wirtschaftsforum-2024_Rueckblick_Bild1_ps.jpg","datePublished":"2024-08-21T06:15:17+00:00","description":"Das Rheintaler Wirtschaftsforum feiert am 17. Januar 2025 sein 30-j\u00e4hriges Jubil\u00e4um mit einem hochkar\u00e4tigen Programm.","breadcrumb":{"@id":"https:\/\/www.organisator.ch\/management\/2024-08-21\/wifo-2025-das-jubilaeumsprogramm-ist-komplett\/#breadcrumb"},"inLanguage":"de","potentialAction":[{"@type":"ReadAction","target":["https:\/\/www.organisator.ch\/management\/2024-08-21\/wifo-2025-das-jubilaeumsprogramm-ist-komplett\/"]}]},{"@type":"ImageObject","inLanguage":"de","@id":"https:\/\/www.organisator.ch\/management\/2024-08-21\/wifo-2025-das-jubilaeumsprogramm-ist-komplett\/#primaryimage","url":"https:\/\/www.organisator.ch\/wp-content\/uploads\/2024\/08\/Rheintaler-Wirtschaftsforum-2024_Rueckblick_Bild1_ps.jpg","contentUrl":"https:\/\/www.organisator.ch\/wp-content\/uploads\/2024\/08\/Rheintaler-Wirtschaftsforum-2024_Rueckblick_Bild1_ps.jpg","width":680,"height":413,"caption":"Stimmungsbild vom Rheintaler Wirtschaftsforum 2024. (Bild: www.wifo.ch)"},{"@type":"BreadcrumbList","@id":"https:\/\/www.organisator.ch\/management\/2024-08-21\/wifo-2025-das-jubilaeumsprogramm-ist-komplett\/#breadcrumb","itemListElement":[{"@type":"ListItem","position":1,"name":"Home","item":"https:\/\/www.organisator.ch\/"},{"@type":"ListItem","position":2,"name":"Wifo 2025: Das Jubil\u00e4umsprogramm ist komplett"}]},{"@type":"WebSite","@id":"https:\/\/www.organisator.ch\/#website","url":"https:\/\/www.organisator.ch\/","name":"Organisator","description":"Kompetent. Praxisnah. Der ORGANISATOR bereitet in 10 Ausgaben pro Jahr die wesentlichen Themen f\u00fcr F\u00fchrungskr\u00e4fte von KMU auf.","publisher":{"@id":"https:\/\/www.organisator.ch\/#organization"},"potentialAction":[{"@type":"SearchAction","target":{"@type":"EntryPoint","urlTemplate":"https:\/\/www.organisator.ch\/?s={search_term_string}"},"query-input":{"@type":"PropertyValueSpecification","valueRequired":true,"valueName":"search_term_string"}}],"inLanguage":"de"},{"@type":"Organization","@id":"https:\/\/www.organisator.ch\/#organization","name":"Organisator","url":"https:\/\/www.organisator.ch\/","logo":{"@type":"ImageObject","inLanguage":"de","@id":"https:\/\/www.organisator.ch\/#\/schema\/logo\/image\/","url":"https:\/\/www.organisator.ch\/wp-content\/uploads\/2022\/01\/Logo_Organisator_Website.png","contentUrl":"https:\/\/www.organisator.ch\/wp-content\/uploads\/2022\/01\/Logo_Organisator_Website.png","width":800,"height":77,"caption":"Organisator"},"image":{"@id":"https:\/\/www.organisator.ch\/#\/schema\/logo\/image\/"},"sameAs":["https:\/\/www.facebook.com\/OrganisatorFachmagazin","https:\/\/www.linkedin.com\/showcase\/organisator-das-magazin-fr-kmu","https:\/\/www.xing.com\/news\/pages\/organisator-ch-695","https:\/\/www.youtube.com\/channel\/UCGP2Sq0iWaZwT3BdIAQFYpw"]},{"@type":"Person","@id":"https:\/\/www.organisator.ch\/#\/schema\/person\/2e1314a2172123f874db408d8911d3f3","name":"Adelisa Kalajdzini","image":{"@type":"ImageObject","inLanguage":"de","@id":"https:\/\/secure.gravatar.com\/avatar\/09a397c22ac58cad6f160ee8306348599df9df58a8ede73696226897b9fa4b24?s=96&d=mm&r=g","url":"https:\/\/secure.gravatar.com\/avatar\/09a397c22ac58cad6f160ee8306348599df9df58a8ede73696226897b9fa4b24?s=96&d=mm&r=g","contentUrl":"https:\/\/secure.gravatar.com\/avatar\/09a397c22ac58cad6f160ee8306348599df9df58a8ede73696226897b9fa4b24?s=96&d=mm&r=g","caption":"Adelisa Kalajdzini"},"url":"https:\/\/www.organisator.ch\/de\/author\/adelisa-kalajdzini\/"}]}},"_links":{"self":[{"href":"https:\/\/www.organisator.ch\/de\/wp-json\/wp\/v2\/posts\/29088","targetHints":{"allow":["GET"]}}],"collection":[{"href":"https:\/\/www.organisator.ch\/de\/wp-json\/wp\/v2\/posts"}],"about":[{"href":"https:\/\/www.organisator.ch\/de\/wp-json\/wp\/v2\/types\/post"}],"author":[{"embeddable":true,"href":"https:\/\/www.organisator.ch\/de\/wp-json\/wp\/v2\/users\/58"}],"replies":[{"embeddable":true,"href":"https:\/\/www.organisator.ch\/de\/wp-json\/wp\/v2\/comments?post=29088"}],"version-history":[{"count":2,"href":"https:\/\/www.organisator.ch\/de\/wp-json\/wp\/v2\/posts\/29088\/revisions"}],"predecessor-version":[{"id":29185,"href":"https:\/\/www.organisator.ch\/de\/wp-json\/wp\/v2\/posts\/29088\/revisions\/29185"}],"wp:featuredmedia":[{"embeddable":true,"href":"https:\/\/www.organisator.ch\/de\/wp-json\/wp\/v2\/media\/29089"}],"wp:attachment":[{"href":"https:\/\/www.organisator.ch\/de\/wp-json\/wp\/v2\/media?parent=29088"}],"wp:term":[{"taxonomy":"category","embeddable":true,"href":"https:\/\/www.organisator.ch\/de\/wp-json\/wp\/v2\/categories?post=29088"},{"taxonomy":"post_tag","embeddable":true,"href":"https:\/\/www.organisator.ch\/de\/wp-json\/wp\/v2\/tags?post=29088"}],"curies":[{"name":"wp","href":"https:\/\/api.w.org\/{rel}","templated":true}]}}