{"id":29143,"date":"2024-08-21T13:01:38","date_gmt":"2024-08-21T11:01:38","guid":{"rendered":"https:\/\/www.organisator.ch\/?p=29143"},"modified":"2024-08-20T15:03:07","modified_gmt":"2024-08-20T13:03:07","slug":"green-business-award-2024-drei-nachhaltige-pioniere-im-finale","status":"publish","type":"post","link":"https:\/\/www.organisator.ch\/de\/sustainability\/2024-08-21\/green-business-award-2024-drei-nachhaltige-pioniere-im-finale\/","title":{"rendered":"Green Business Award 2024: Drei nachhaltige Pioniere im Finale"},"content":{"rendered":"<figure id=\"attachment_29145\" aria-describedby=\"caption-attachment-29145\" style=\"width: 680px\" class=\"wp-caption alignnone\"><img loading=\"lazy\" decoding=\"async\" class=\"size-full wp-image-29145\" src=\"https:\/\/www.organisator.ch\/wp-content\/uploads\/2024\/08\/Green-Business-Award_Bild1_ps.jpg\" alt=\"\" width=\"680\" height=\"459\" srcset=\"https:\/\/www.organisator.ch\/wp-content\/uploads\/2024\/08\/Green-Business-Award_Bild1_ps.jpg 680w, https:\/\/www.organisator.ch\/wp-content\/uploads\/2024\/08\/Green-Business-Award_Bild1_ps-18x12.jpg 18w, https:\/\/www.organisator.ch\/wp-content\/uploads\/2024\/08\/Green-Business-Award_Bild1_ps-375x253.jpg 375w, https:\/\/www.organisator.ch\/wp-content\/uploads\/2024\/08\/Green-Business-Award_Bild1_ps-519x350.jpg 519w\" sizes=\"auto, (max-width: 680px) 100vw, 680px\" \/><figcaption id=\"caption-attachment-29145\" class=\"wp-caption-text\">Einblick in die Jurysitzung v.l.n.r. C\u00e9dric Habermacher, Doris Leuthard und Reto Knutti. (Bild: www.greenbusiness.ch)<\/figcaption><\/figure>\n<p>Der Green Business Award wird am 14. Februar 2025 zum sechsten Mal verliehen und zeichnet Schweizer L\u00f6sungen aus, die \u00f6kologischen Impact mit \u00f6konomischem Erfolg verbinden. 36 Unternehmen waren in diesem Jahr f\u00fcr den Green Business Award nominiert. Die folgenden drei Unternehmen haben die renommierte Jury rund um Jurypr\u00e4sidentin und alt Bundesr\u00e4tin Doris Leuthard am meisten \u00fcberzeugt:<\/p>\n<h3><a href=\"https:\/\/u26141229.ct.sendgrid.net\/ls\/click?upn=u001.0m-2ByIoC1MUcI9WhvsU-2BXmmKaWCsUX8pgMRPojvtwWxY-3DwvrR_93BsojE-2BL5C-2BY5bA-2FpB2S5x4ASie2lf0OAH97LZOvRzt5D75qfMMOIGJGzLAWsXl43EB-2B3wOiImx3S8XavHqrkIPozTGIe2fiLMifZvFVsk-2BdSsFGgZYSi0H6-2FdE2YvjOfO6FmHidCmNfK39Oi85tzDbfDNeDypQhniiIsYJ-2FdU2o6NNjRjeC7BLvMXr-2BNuGS1mnYg0N2408nIxWUsnDVrvt8Bvy0aGD88MGmByFqovbc1HExmIiDLe8TIxw7OUTh-2Fr1H8XyirVj8MSCuKDvJBTomA725u0U6-2FOVwpH6jrr-2BOHN-2FJUop-2BdY4i1n6SFAcC0ajsFmFAr6O-2F8LTufrz6W0vZTnKDKb07LupCd-2FCUVZ-2BMh3XsdfX-2FbMaiLtrUBUrufQK3zDLrbyqJ1-2B4e1AyopaV6RMY2Dr4sIAGinh51LJFdRvW-2FrCOdlkBjEQVenRZ47b14heYG0LBYp5xQfSKyiB2LgEqAb-2FkXPvL-2B4Lk3xnqEDLyvoh0t7KPBxdVM-2BE-2F\"><strong>Algrano AG<\/strong><\/a><strong> aus Z\u00fcrich (ZH) \u2013 warum direkter Kaffeehandel den CO\u2082-Fussabdruck reduziert<\/strong><\/h3>\n<p><strong>\u200b<\/strong>Die Schweiz ist ein Kaffeeland: \u00dcber 50% des globalen Kaffeehandels laufen \u00fcber die Schweiz. Die Lieferkette bis zu den Kaffeeproduzent:innen zur\u00fcckzuverfolgen ist jedoch schwierig, da der Handel viele Zwischenstufen umfasst und meist dem sogenannten \u00abTrade Secret\u00bb unterliegt. Das Problem: 2\/3 der Kaffee-Emissionen entstehen im Herkunftsland. Denn Produzent:innen k\u00f6nnen sich einen nachhaltigen Anbau finanziell nicht leisten.\u00a0Das erkannte CEO und Gr\u00fcnder Raphael Studer vor rund zehn Jahren und gr\u00fcndete Algrano. Ihre Plattform erm\u00f6glicht den direkten Kontakt zwischen R\u00f6sterinnen und Kaffeeproduzenten. Dadurch verdienen die Produzent:innen 30-40% mehr und k\u00f6nnen so in nachhaltigen Anbau investieren. Der direkte Handel verdreifacht den Anteil an Fairtrade und zertifiziertem Kaffee. \u00abBei Algrano hat uns das Gesamtpaket \u00fcberzeugt \u2013 sie leisten einen wertvollen Beitrag f\u00fcr die Umwelt, vereinen aber auch die soziale und \u00f6konomische Nachhaltigkeit\u00bb, sagt Doris Leuthard \u00fcber den Entscheid der Jury.<\/p>\n<h3><a href=\"https:\/\/u26141229.ct.sendgrid.net\/ls\/click?upn=u001.0m-2ByIoC1MUcI9WhvsU-2BXmiBmd7axHiR0EBG-2BGuSEOI4-3Dsb5-_93BsojE-2BL5C-2BY5bA-2FpB2S5x4ASie2lf0OAH97LZOvRzt5D75qfMMOIGJGzLAWsXl43EB-2B3wOiImx3S8XavHqrkIPozTGIe2fiLMifZvFVsk-2BdSsFGgZYSi0H6-2FdE2YvjOfO6FmHidCmNfK39Oi85tzDbfDNeDypQhniiIsYJ-2FdU2o6NNjRjeC7BLvMXr-2BNuGS1mnYg0N2408nIxWUsnDVrvt8Bvy0aGD88MGmByFqovbc1HExmIiDLe8TIxw7OUTh-2Fr1H8XyirVj8MSCuKDvJBTomA725u0U6-2FOVwpH6jrr-2BOHN-2FJUop-2BdY4i1n6SFAcqI-2BCJaBDGSfKboL06QK7CE-2BJdBd-2BWoAyTU5ueSeI1p4cbNo9blvXdosdREUkYIZb4VD8-2Fy4YqNHBTZ2p40Vw7IP030SSecpvDN1K3e3ItrcfWrEmRpOg5BRhQkhL6-2BHKnRsSEgq3-2B1sQ2xkSmPe-2FzqsXaUAs11asilGkwPPjGD1t0q1Q0uoOyVBaYsnCN4S0\"><strong>New Roots AG<\/strong><\/a><strong> aus Oberdiessbach (BE) \u2013 K\u00e4sealternativen mit bis zu 60% weniger CO\u2082-Ausstoss als Kuhmilchprodukte<\/strong><\/h3>\n<p><strong>\u200b<\/strong>Schweizer:innen essen pro Kopf jedes Jahr rund 23 Kilo K\u00e4se. Dabei geh\u00f6ren tierische Produkte zu den Lebensmitteln mit dem gr\u00f6ssten \u00f6kologischen Fussabdruck: K\u00e4se aus Kuhmilch kommt gleich nach Rindfleisch. Doch der Verzicht f\u00e4llt vielen Menschen schwer \u2013 auch, weil schmackhafte Alternativen fehlen. So erging es auch Alice Fauconnet und Freddy Hunziker, als Hunziker nach einem Unfall auf vegane Ern\u00e4hrung umstellte. Also begannen sie, an pflanzlichen Alternativen zu t\u00fcfteln. Seit 2016 entwickelt, produziert und verkauft New Roots pflanzliche und proteinreiche K\u00e4se- und Molkereialternativen. Mit 60 Prozent weniger CO\u2082 und 40 Prozent weniger Wasserverbrauch im Vergleich zu Kuhmilchprodukten reduzieren sie den \u00f6kologischen Fussabdruck erheblich. New Roots setzt auf traditionelle Schweizer Herstellverfahren, um das K\u00e4sehandwerk beizubehalten und bestehende Infrastrukturen zu verwenden. C\u00e9dric Habermacher, Direktor von Green Business Switzerland, ist \u00fcberzeugt: \u00abDass Fleisch eine schlechte \u00d6kobilanz hat, ist den meisten bewusst. Viele untersch\u00e4tzen jedoch den negativen Umwelteinfluss von K\u00e4se. New Roots f\u00f6rdert dieses Umdenken aktiv und geht mutig voran.\u00bb<\/p>\n<h3><a href=\"https:\/\/u26141229.ct.sendgrid.net\/ls\/click?upn=u001.0m-2ByIoC1MUcI9WhvsU-2BXmpTPU2LaN-2B4MycDR5-2FIMKxyt8HD1hSCYRvkPgZS3nQdZzK5U_93BsojE-2BL5C-2BY5bA-2FpB2S5x4ASie2lf0OAH97LZOvRzt5D75qfMMOIGJGzLAWsXl43EB-2B3wOiImx3S8XavHqrkIPozTGIe2fiLMifZvFVsk-2BdSsFGgZYSi0H6-2FdE2YvjOfO6FmHidCmNfK39Oi85tzDbfDNeDypQhniiIsYJ-2FdU2o6NNjRjeC7BLvMXr-2BNuGS1mnYg0N2408nIxWUsnDVrvt8Bvy0aGD88MGmByFqovbc1HExmIiDLe8TIxw7OUTh-2Fr1H8XyirVj8MSCuKDvJBTomA725u0U6-2FOVwpH6jrr-2BOHN-2FJUop-2BdY4i1n6SFAciF3CUkcii1LeWppni7U7SzmKv1Lfiwsn7hIxxOpHAY2svtmpMfqigYnYOVOsvqPH9WjgeMvptmD6pSp1npwqtqaY8jrRDOWgh-2BhWUdogOZ07lNsnG28UlfX98wa4at9sG-2F265u-2BQL-2BnvB21KlWW8RWM5uzWqo5vgMCn2QLiDYwAtJIOvzkOEgGlCSZ-2F2u52t\"><strong>Selfrag AG<\/strong><\/a><strong> aus Kerzers (FR) \u2013 Kreislaufwirtschaft durch Transformation von Abfall in wertvolle Rohstoffe<\/strong><\/h3>\n<p><strong>\u200b<\/strong>Rund 800\u2018000 Tonnen Verbrennungsreste von Kehrichtverbrennungsanlagen fallen in der Schweiz j\u00e4hrlich an. Selfrag gewinnt mit ihrer Technologie aus der sogenannten Schlacke wertvolle Metalle und Mineralien. Aus einer Tonne Schlacke gewinnt Selfrag mehr Kupfer als aus einer Tonne Erz aus dem gr\u00f6ssten Kupferbergwerk der Welt. Selfrag hat eine R\u00fcckgewinnungsrate von 50%, was die H\u00f6chste der Branche ist. So reduzieren sie CO\u2082-Emissionen und helfen, die L\u00fccke zu einer vollst\u00e4ndig realisierten Kreislaufwirtschaft zu schliessen. Ihr Ziel: Mit vier bis sechs Anlagen j\u00e4hrlich die H\u00e4lfte der Verbrennungsr\u00fcckst\u00e4nde der Schweiz in den R\u00fcckgewinnungsprozess zur\u00fcckzuf\u00fchren. Damit l\u00f6sen sie gleichzeitig auch das Problem, dass der Deponieraum f\u00fcr Schlacke knapp ist. \u00abSelfrag zeigt eindrucksvoll, wie Kreislaufwirtschaft neue Werte schafft. Die Technologie birgt enormes Potenzial, da sie sowohl international als auch in andere Bereiche skalierbar ist\u00bb, erkl\u00e4rt Doris Leuthard.<\/p>\n<p>Das Finale des Green Business Award findet am 14. Februar 2025 anl\u00e4sslich des Impact Circle von Impact Gstaad statt.\u00a0Die Finalisten pr\u00e4sentieren ihre L\u00f6sungen dort vor potenziellen Investor:innen und erhalten so die M\u00f6glichkeit auf Wachstumsfinanzierungen. Denn nur wenn Schweizer L\u00f6sungen international skalieren k\u00f6nnen,\u00a0entsteht echter Impact f\u00fcr den Planeten.<\/p>\n<p><em>Quelle: <a href=\"http:\/\/www.greenbusiness.ch\">www.greenbusiness.ch<\/a><\/em><\/p>\n","protected":false},"excerpt":{"rendered":"<p>Drei Schweizer Unternehmen aus unterschiedlichen Branchen beweisen, dass Nachhaltigkeit und wirtschaftlicher Erfolg Hand in Hand gehen. Algrano, die mit ihrem Online-Marketplace f\u00fcr Rohkaffee den direkten Kaffeehandel f\u00f6rdern. New Roots, die pflanzliche K\u00e4se- und Molkereialternativen herstellen und Selfrag, die wertvolle Rohstoffe aus Schlacke von Kehrichtverbrennungsanlagen gewinnen. Diese drei Unternehmen stehen im Finale des Green Business Award 2024. <\/p>\n","protected":false},"author":58,"featured_media":29145,"comment_status":"closed","ping_status":"closed","sticky":false,"template":"","format":"standard","meta":{"_acf_changed":false,"_yoast_wpseo_focuskw":"Green Business Award","_yoast_wpseo_metadesc":"Drei Schweizer Unternehmen aus unterschiedlichen Branchen beweisen, dass Nachhaltigkeit und wirtschaftlicher Erfolg Hand in Hand gehen.","articlekey":"","footnotes":""},"categories":[580],"tags":[65,928,594,334,1787],"class_list":["post-29143","post","type-post","status-publish","format-standard","has-post-thumbnail","hentry","category-sustainability","tag-award","tag-co2","tag-kreislaufwirtschaft","tag-management","tag-nachhaltigkeit"],"acf":[],"yoast_head":"<!-- This site is optimized with the Yoast SEO plugin v27.4 - https:\/\/yoast.com\/product\/yoast-seo-wordpress\/ -->\n<title>Green Business Award 2024: Drei nachhaltige Pioniere im Finale - Organisator<\/title>\n<meta name=\"description\" content=\"Drei Schweizer Unternehmen aus unterschiedlichen Branchen beweisen, dass Nachhaltigkeit und wirtschaftlicher Erfolg Hand in Hand gehen.\" \/>\n<meta name=\"robots\" content=\"index, follow, max-snippet:-1, max-image-preview:large, max-video-preview:-1\" \/>\n<link rel=\"canonical\" href=\"https:\/\/www.organisator.ch\/de\/sustainability\/2024-08-21\/green-business-award-2024-drei-nachhaltige-pioniere-im-finale\/\" \/>\n<meta property=\"og:locale\" content=\"de_DE\" \/>\n<meta property=\"og:type\" content=\"article\" \/>\n<meta property=\"og:title\" content=\"Green Business Award 2024: Drei nachhaltige Pioniere im Finale\" \/>\n<meta property=\"og:description\" content=\"Drei Schweizer Unternehmen aus unterschiedlichen Branchen beweisen, dass Nachhaltigkeit und wirtschaftlicher Erfolg Hand in Hand gehen.\" \/>\n<meta property=\"og:url\" content=\"https:\/\/www.organisator.ch\/de\/sustainability\/2024-08-21\/green-business-award-2024-drei-nachhaltige-pioniere-im-finale\/\" \/>\n<meta property=\"og:site_name\" content=\"Organisator\" \/>\n<meta property=\"article:publisher\" content=\"https:\/\/www.facebook.com\/OrganisatorFachmagazin\" \/>\n<meta property=\"article:published_time\" content=\"2024-08-21T11:01:38+00:00\" \/>\n<meta property=\"og:image\" content=\"https:\/\/www.organisator.ch\/wp-content\/uploads\/2024\/08\/Green-Business-Award_Bild1_ps.jpg\" \/>\n\t<meta property=\"og:image:width\" content=\"680\" \/>\n\t<meta property=\"og:image:height\" content=\"459\" \/>\n\t<meta property=\"og:image:type\" content=\"image\/jpeg\" \/>\n<meta name=\"author\" content=\"Adelisa Kalajdzini\" \/>\n<meta name=\"twitter:card\" content=\"summary_large_image\" \/>\n<meta name=\"twitter:title\" content=\"Green Business Award 2024: Drei nachhaltige Pioniere im Finale\" \/>\n<meta name=\"twitter:description\" content=\"Drei #Schweizer #Unternehmen aus unterschiedlichen Branchen beweisen, dass #Nachhaltigkeit und #wirtschaftlicher #Erfolg Hand in Hand gehen.\" \/>\n<meta name=\"twitter:image\" content=\"https:\/\/www.organisator.ch\/wp-content\/uploads\/2024\/08\/Green-Business-Award_Bild1_ps.jpg\" \/>\n<script type=\"application\/ld+json\" class=\"yoast-schema-graph\">{\"@context\":\"https:\\\/\\\/schema.org\",\"@graph\":[{\"@type\":\"Article\",\"@id\":\"https:\\\/\\\/www.organisator.ch\\\/sustainability\\\/2024-08-21\\\/green-business-award-2024-drei-nachhaltige-pioniere-im-finale\\\/#article\",\"isPartOf\":{\"@id\":\"https:\\\/\\\/www.organisator.ch\\\/sustainability\\\/2024-08-21\\\/green-business-award-2024-drei-nachhaltige-pioniere-im-finale\\\/\"},\"author\":{\"name\":\"Adelisa Kalajdzini\",\"@id\":\"https:\\\/\\\/www.organisator.ch\\\/#\\\/schema\\\/person\\\/2e1314a2172123f874db408d8911d3f3\"},\"headline\":\"Green Business Award 2024: Drei nachhaltige Pioniere im Finale\",\"datePublished\":\"2024-08-21T11:01:38+00:00\",\"mainEntityOfPage\":{\"@id\":\"https:\\\/\\\/www.organisator.ch\\\/sustainability\\\/2024-08-21\\\/green-business-award-2024-drei-nachhaltige-pioniere-im-finale\\\/\"},\"wordCount\":645,\"publisher\":{\"@id\":\"https:\\\/\\\/www.organisator.ch\\\/#organization\"},\"image\":{\"@id\":\"https:\\\/\\\/www.organisator.ch\\\/sustainability\\\/2024-08-21\\\/green-business-award-2024-drei-nachhaltige-pioniere-im-finale\\\/#primaryimage\"},\"thumbnailUrl\":\"https:\\\/\\\/www.organisator.ch\\\/wp-content\\\/uploads\\\/2024\\\/08\\\/Green-Business-Award_Bild1_ps.jpg\",\"keywords\":[\"Award\",\"CO2\",\"Kreislaufwirtschaft\",\"Management\",\"Nachhaltigkeit\"],\"articleSection\":[\"SUSTAINABILITY\"],\"inLanguage\":\"de\"},{\"@type\":\"WebPage\",\"@id\":\"https:\\\/\\\/www.organisator.ch\\\/sustainability\\\/2024-08-21\\\/green-business-award-2024-drei-nachhaltige-pioniere-im-finale\\\/\",\"url\":\"https:\\\/\\\/www.organisator.ch\\\/sustainability\\\/2024-08-21\\\/green-business-award-2024-drei-nachhaltige-pioniere-im-finale\\\/\",\"name\":\"Green Business Award 2024: Drei nachhaltige Pioniere im Finale - Organisator\",\"isPartOf\":{\"@id\":\"https:\\\/\\\/www.organisator.ch\\\/#website\"},\"primaryImageOfPage\":{\"@id\":\"https:\\\/\\\/www.organisator.ch\\\/sustainability\\\/2024-08-21\\\/green-business-award-2024-drei-nachhaltige-pioniere-im-finale\\\/#primaryimage\"},\"image\":{\"@id\":\"https:\\\/\\\/www.organisator.ch\\\/sustainability\\\/2024-08-21\\\/green-business-award-2024-drei-nachhaltige-pioniere-im-finale\\\/#primaryimage\"},\"thumbnailUrl\":\"https:\\\/\\\/www.organisator.ch\\\/wp-content\\\/uploads\\\/2024\\\/08\\\/Green-Business-Award_Bild1_ps.jpg\",\"datePublished\":\"2024-08-21T11:01:38+00:00\",\"description\":\"Drei Schweizer Unternehmen aus unterschiedlichen Branchen beweisen, dass Nachhaltigkeit und wirtschaftlicher Erfolg Hand in Hand gehen.\",\"breadcrumb\":{\"@id\":\"https:\\\/\\\/www.organisator.ch\\\/sustainability\\\/2024-08-21\\\/green-business-award-2024-drei-nachhaltige-pioniere-im-finale\\\/#breadcrumb\"},\"inLanguage\":\"de\",\"potentialAction\":[{\"@type\":\"ReadAction\",\"target\":[\"https:\\\/\\\/www.organisator.ch\\\/sustainability\\\/2024-08-21\\\/green-business-award-2024-drei-nachhaltige-pioniere-im-finale\\\/\"]}]},{\"@type\":\"ImageObject\",\"inLanguage\":\"de\",\"@id\":\"https:\\\/\\\/www.organisator.ch\\\/sustainability\\\/2024-08-21\\\/green-business-award-2024-drei-nachhaltige-pioniere-im-finale\\\/#primaryimage\",\"url\":\"https:\\\/\\\/www.organisator.ch\\\/wp-content\\\/uploads\\\/2024\\\/08\\\/Green-Business-Award_Bild1_ps.jpg\",\"contentUrl\":\"https:\\\/\\\/www.organisator.ch\\\/wp-content\\\/uploads\\\/2024\\\/08\\\/Green-Business-Award_Bild1_ps.jpg\",\"width\":680,\"height\":459,\"caption\":\"Einblick in die Jurysitzung v.l.n.r. C\u00e9dric Habermacher, Doris Leuthard und Reto Knutti. (Bild: www.greenbusiness.ch)\"},{\"@type\":\"BreadcrumbList\",\"@id\":\"https:\\\/\\\/www.organisator.ch\\\/sustainability\\\/2024-08-21\\\/green-business-award-2024-drei-nachhaltige-pioniere-im-finale\\\/#breadcrumb\",\"itemListElement\":[{\"@type\":\"ListItem\",\"position\":1,\"name\":\"Home\",\"item\":\"https:\\\/\\\/www.organisator.ch\\\/\"},{\"@type\":\"ListItem\",\"position\":2,\"name\":\"Green Business Award 2024: Drei nachhaltige Pioniere im Finale\"}]},{\"@type\":\"WebSite\",\"@id\":\"https:\\\/\\\/www.organisator.ch\\\/#website\",\"url\":\"https:\\\/\\\/www.organisator.ch\\\/\",\"name\":\"Organisator\",\"description\":\"Kompetent. Praxisnah. Der ORGANISATOR bereitet in 10 Ausgaben pro Jahr die wesentlichen Themen f\u00fcr F\u00fchrungskr\u00e4fte von KMU auf.\",\"publisher\":{\"@id\":\"https:\\\/\\\/www.organisator.ch\\\/#organization\"},\"potentialAction\":[{\"@type\":\"SearchAction\",\"target\":{\"@type\":\"EntryPoint\",\"urlTemplate\":\"https:\\\/\\\/www.organisator.ch\\\/?s={search_term_string}\"},\"query-input\":{\"@type\":\"PropertyValueSpecification\",\"valueRequired\":true,\"valueName\":\"search_term_string\"}}],\"inLanguage\":\"de\"},{\"@type\":\"Organization\",\"@id\":\"https:\\\/\\\/www.organisator.ch\\\/#organization\",\"name\":\"Organisator\",\"url\":\"https:\\\/\\\/www.organisator.ch\\\/\",\"logo\":{\"@type\":\"ImageObject\",\"inLanguage\":\"de\",\"@id\":\"https:\\\/\\\/www.organisator.ch\\\/#\\\/schema\\\/logo\\\/image\\\/\",\"url\":\"https:\\\/\\\/www.organisator.ch\\\/wp-content\\\/uploads\\\/2022\\\/01\\\/Logo_Organisator_Website.png\",\"contentUrl\":\"https:\\\/\\\/www.organisator.ch\\\/wp-content\\\/uploads\\\/2022\\\/01\\\/Logo_Organisator_Website.png\",\"width\":800,\"height\":77,\"caption\":\"Organisator\"},\"image\":{\"@id\":\"https:\\\/\\\/www.organisator.ch\\\/#\\\/schema\\\/logo\\\/image\\\/\"},\"sameAs\":[\"https:\\\/\\\/www.facebook.com\\\/OrganisatorFachmagazin\",\"https:\\\/\\\/www.linkedin.com\\\/showcase\\\/organisator-das-magazin-fr-kmu\",\"https:\\\/\\\/www.xing.com\\\/news\\\/pages\\\/organisator-ch-695\",\"https:\\\/\\\/www.youtube.com\\\/channel\\\/UCGP2Sq0iWaZwT3BdIAQFYpw\"]},{\"@type\":\"Person\",\"@id\":\"https:\\\/\\\/www.organisator.ch\\\/#\\\/schema\\\/person\\\/2e1314a2172123f874db408d8911d3f3\",\"name\":\"Adelisa Kalajdzini\",\"image\":{\"@type\":\"ImageObject\",\"inLanguage\":\"de\",\"@id\":\"https:\\\/\\\/secure.gravatar.com\\\/avatar\\\/09a397c22ac58cad6f160ee8306348599df9df58a8ede73696226897b9fa4b24?s=96&d=mm&r=g\",\"url\":\"https:\\\/\\\/secure.gravatar.com\\\/avatar\\\/09a397c22ac58cad6f160ee8306348599df9df58a8ede73696226897b9fa4b24?s=96&d=mm&r=g\",\"contentUrl\":\"https:\\\/\\\/secure.gravatar.com\\\/avatar\\\/09a397c22ac58cad6f160ee8306348599df9df58a8ede73696226897b9fa4b24?s=96&d=mm&r=g\",\"caption\":\"Adelisa Kalajdzini\"},\"url\":\"https:\\\/\\\/www.organisator.ch\\\/de\\\/author\\\/adelisa-kalajdzini\\\/\"}]}<\/script>\n<!-- \/ Yoast SEO plugin. -->","yoast_head_json":{"title":"Green Business Award 2024: Drei nachhaltige Pioniere im Finale - Organisator","description":"Drei Schweizer Unternehmen aus unterschiedlichen Branchen beweisen, dass Nachhaltigkeit und wirtschaftlicher Erfolg Hand in Hand gehen.","robots":{"index":"index","follow":"follow","max-snippet":"max-snippet:-1","max-image-preview":"max-image-preview:large","max-video-preview":"max-video-preview:-1"},"canonical":"https:\/\/www.organisator.ch\/de\/sustainability\/2024-08-21\/green-business-award-2024-drei-nachhaltige-pioniere-im-finale\/","og_locale":"de_DE","og_type":"article","og_title":"Green Business Award 2024: Drei nachhaltige Pioniere im Finale","og_description":"Drei Schweizer Unternehmen aus unterschiedlichen Branchen beweisen, dass Nachhaltigkeit und wirtschaftlicher Erfolg Hand in Hand gehen.","og_url":"https:\/\/www.organisator.ch\/de\/sustainability\/2024-08-21\/green-business-award-2024-drei-nachhaltige-pioniere-im-finale\/","og_site_name":"Organisator","article_publisher":"https:\/\/www.facebook.com\/OrganisatorFachmagazin","article_published_time":"2024-08-21T11:01:38+00:00","og_image":[{"width":680,"height":459,"url":"https:\/\/www.organisator.ch\/wp-content\/uploads\/2024\/08\/Green-Business-Award_Bild1_ps.jpg","type":"image\/jpeg"}],"author":"Adelisa Kalajdzini","twitter_card":"summary_large_image","twitter_title":"Green Business Award 2024: Drei nachhaltige Pioniere im Finale","twitter_description":"Drei #Schweizer #Unternehmen aus unterschiedlichen Branchen beweisen, dass #Nachhaltigkeit und #wirtschaftlicher #Erfolg Hand in Hand gehen.","twitter_image":"https:\/\/www.organisator.ch\/wp-content\/uploads\/2024\/08\/Green-Business-Award_Bild1_ps.jpg","schema":{"@context":"https:\/\/schema.org","@graph":[{"@type":"Article","@id":"https:\/\/www.organisator.ch\/sustainability\/2024-08-21\/green-business-award-2024-drei-nachhaltige-pioniere-im-finale\/#article","isPartOf":{"@id":"https:\/\/www.organisator.ch\/sustainability\/2024-08-21\/green-business-award-2024-drei-nachhaltige-pioniere-im-finale\/"},"author":{"name":"Adelisa Kalajdzini","@id":"https:\/\/www.organisator.ch\/#\/schema\/person\/2e1314a2172123f874db408d8911d3f3"},"headline":"Green Business Award 2024: Drei nachhaltige Pioniere im Finale","datePublished":"2024-08-21T11:01:38+00:00","mainEntityOfPage":{"@id":"https:\/\/www.organisator.ch\/sustainability\/2024-08-21\/green-business-award-2024-drei-nachhaltige-pioniere-im-finale\/"},"wordCount":645,"publisher":{"@id":"https:\/\/www.organisator.ch\/#organization"},"image":{"@id":"https:\/\/www.organisator.ch\/sustainability\/2024-08-21\/green-business-award-2024-drei-nachhaltige-pioniere-im-finale\/#primaryimage"},"thumbnailUrl":"https:\/\/www.organisator.ch\/wp-content\/uploads\/2024\/08\/Green-Business-Award_Bild1_ps.jpg","keywords":["Award","CO2","Kreislaufwirtschaft","Management","Nachhaltigkeit"],"articleSection":["SUSTAINABILITY"],"inLanguage":"de"},{"@type":"WebPage","@id":"https:\/\/www.organisator.ch\/sustainability\/2024-08-21\/green-business-award-2024-drei-nachhaltige-pioniere-im-finale\/","url":"https:\/\/www.organisator.ch\/sustainability\/2024-08-21\/green-business-award-2024-drei-nachhaltige-pioniere-im-finale\/","name":"Green Business Award 2024: Drei nachhaltige Pioniere im Finale - Organisator","isPartOf":{"@id":"https:\/\/www.organisator.ch\/#website"},"primaryImageOfPage":{"@id":"https:\/\/www.organisator.ch\/sustainability\/2024-08-21\/green-business-award-2024-drei-nachhaltige-pioniere-im-finale\/#primaryimage"},"image":{"@id":"https:\/\/www.organisator.ch\/sustainability\/2024-08-21\/green-business-award-2024-drei-nachhaltige-pioniere-im-finale\/#primaryimage"},"thumbnailUrl":"https:\/\/www.organisator.ch\/wp-content\/uploads\/2024\/08\/Green-Business-Award_Bild1_ps.jpg","datePublished":"2024-08-21T11:01:38+00:00","description":"Drei Schweizer Unternehmen aus unterschiedlichen Branchen beweisen, dass Nachhaltigkeit und wirtschaftlicher Erfolg Hand in Hand gehen.","breadcrumb":{"@id":"https:\/\/www.organisator.ch\/sustainability\/2024-08-21\/green-business-award-2024-drei-nachhaltige-pioniere-im-finale\/#breadcrumb"},"inLanguage":"de","potentialAction":[{"@type":"ReadAction","target":["https:\/\/www.organisator.ch\/sustainability\/2024-08-21\/green-business-award-2024-drei-nachhaltige-pioniere-im-finale\/"]}]},{"@type":"ImageObject","inLanguage":"de","@id":"https:\/\/www.organisator.ch\/sustainability\/2024-08-21\/green-business-award-2024-drei-nachhaltige-pioniere-im-finale\/#primaryimage","url":"https:\/\/www.organisator.ch\/wp-content\/uploads\/2024\/08\/Green-Business-Award_Bild1_ps.jpg","contentUrl":"https:\/\/www.organisator.ch\/wp-content\/uploads\/2024\/08\/Green-Business-Award_Bild1_ps.jpg","width":680,"height":459,"caption":"Einblick in die Jurysitzung v.l.n.r. C\u00e9dric Habermacher, Doris Leuthard und Reto Knutti. (Bild: www.greenbusiness.ch)"},{"@type":"BreadcrumbList","@id":"https:\/\/www.organisator.ch\/sustainability\/2024-08-21\/green-business-award-2024-drei-nachhaltige-pioniere-im-finale\/#breadcrumb","itemListElement":[{"@type":"ListItem","position":1,"name":"Home","item":"https:\/\/www.organisator.ch\/"},{"@type":"ListItem","position":2,"name":"Green Business Award 2024: Drei nachhaltige Pioniere im Finale"}]},{"@type":"WebSite","@id":"https:\/\/www.organisator.ch\/#website","url":"https:\/\/www.organisator.ch\/","name":"Organisator","description":"Kompetent. Praxisnah. Der ORGANISATOR bereitet in 10 Ausgaben pro Jahr die wesentlichen Themen f\u00fcr F\u00fchrungskr\u00e4fte von KMU auf.","publisher":{"@id":"https:\/\/www.organisator.ch\/#organization"},"potentialAction":[{"@type":"SearchAction","target":{"@type":"EntryPoint","urlTemplate":"https:\/\/www.organisator.ch\/?s={search_term_string}"},"query-input":{"@type":"PropertyValueSpecification","valueRequired":true,"valueName":"search_term_string"}}],"inLanguage":"de"},{"@type":"Organization","@id":"https:\/\/www.organisator.ch\/#organization","name":"Organisator","url":"https:\/\/www.organisator.ch\/","logo":{"@type":"ImageObject","inLanguage":"de","@id":"https:\/\/www.organisator.ch\/#\/schema\/logo\/image\/","url":"https:\/\/www.organisator.ch\/wp-content\/uploads\/2022\/01\/Logo_Organisator_Website.png","contentUrl":"https:\/\/www.organisator.ch\/wp-content\/uploads\/2022\/01\/Logo_Organisator_Website.png","width":800,"height":77,"caption":"Organisator"},"image":{"@id":"https:\/\/www.organisator.ch\/#\/schema\/logo\/image\/"},"sameAs":["https:\/\/www.facebook.com\/OrganisatorFachmagazin","https:\/\/www.linkedin.com\/showcase\/organisator-das-magazin-fr-kmu","https:\/\/www.xing.com\/news\/pages\/organisator-ch-695","https:\/\/www.youtube.com\/channel\/UCGP2Sq0iWaZwT3BdIAQFYpw"]},{"@type":"Person","@id":"https:\/\/www.organisator.ch\/#\/schema\/person\/2e1314a2172123f874db408d8911d3f3","name":"Adelisa Kalajdzini","image":{"@type":"ImageObject","inLanguage":"de","@id":"https:\/\/secure.gravatar.com\/avatar\/09a397c22ac58cad6f160ee8306348599df9df58a8ede73696226897b9fa4b24?s=96&d=mm&r=g","url":"https:\/\/secure.gravatar.com\/avatar\/09a397c22ac58cad6f160ee8306348599df9df58a8ede73696226897b9fa4b24?s=96&d=mm&r=g","contentUrl":"https:\/\/secure.gravatar.com\/avatar\/09a397c22ac58cad6f160ee8306348599df9df58a8ede73696226897b9fa4b24?s=96&d=mm&r=g","caption":"Adelisa Kalajdzini"},"url":"https:\/\/www.organisator.ch\/de\/author\/adelisa-kalajdzini\/"}]}},"_links":{"self":[{"href":"https:\/\/www.organisator.ch\/de\/wp-json\/wp\/v2\/posts\/29143","targetHints":{"allow":["GET"]}}],"collection":[{"href":"https:\/\/www.organisator.ch\/de\/wp-json\/wp\/v2\/posts"}],"about":[{"href":"https:\/\/www.organisator.ch\/de\/wp-json\/wp\/v2\/types\/post"}],"author":[{"embeddable":true,"href":"https:\/\/www.organisator.ch\/de\/wp-json\/wp\/v2\/users\/58"}],"replies":[{"embeddable":true,"href":"https:\/\/www.organisator.ch\/de\/wp-json\/wp\/v2\/comments?post=29143"}],"version-history":[{"count":4,"href":"https:\/\/www.organisator.ch\/de\/wp-json\/wp\/v2\/posts\/29143\/revisions"}],"predecessor-version":[{"id":29201,"href":"https:\/\/www.organisator.ch\/de\/wp-json\/wp\/v2\/posts\/29143\/revisions\/29201"}],"wp:featuredmedia":[{"embeddable":true,"href":"https:\/\/www.organisator.ch\/de\/wp-json\/wp\/v2\/media\/29145"}],"wp:attachment":[{"href":"https:\/\/www.organisator.ch\/de\/wp-json\/wp\/v2\/media?parent=29143"}],"wp:term":[{"taxonomy":"category","embeddable":true,"href":"https:\/\/www.organisator.ch\/de\/wp-json\/wp\/v2\/categories?post=29143"},{"taxonomy":"post_tag","embeddable":true,"href":"https:\/\/www.organisator.ch\/de\/wp-json\/wp\/v2\/tags?post=29143"}],"curies":[{"name":"wp","href":"https:\/\/api.w.org\/{rel}","templated":true}]}}