{"id":29161,"date":"2024-08-21T09:20:27","date_gmt":"2024-08-21T07:20:27","guid":{"rendered":"https:\/\/www.organisator.ch\/?p=29161"},"modified":"2024-08-21T08:29:00","modified_gmt":"2024-08-21T06:29:00","slug":"neuer-coo-bei-kybun-joya-laeutet-die-expansion-der-unternehmung-ein","status":"publish","type":"post","link":"https:\/\/www.organisator.ch\/de\/management\/2024-08-21\/neuer-coo-bei-kybun-joya-laeutet-die-expansion-der-unternehmung-ein\/","title":{"rendered":"Neuer COO bei kybun Joya l\u00e4utet die Expansion der Unternehmung ein"},"content":{"rendered":"<figure id=\"attachment_29163\" aria-describedby=\"caption-attachment-29163\" style=\"width: 680px\" class=\"wp-caption alignnone\"><img loading=\"lazy\" decoding=\"async\" class=\"wp-image-29163 size-medium\" src=\"https:\/\/www.organisator.ch\/wp-content\/uploads\/2024\/08\/COO_Steffen_Breitschwerdt-scaled-e1724221448768-680x567.jpg\" alt=\"\" width=\"680\" height=\"567\" srcset=\"https:\/\/www.organisator.ch\/wp-content\/uploads\/2024\/08\/COO_Steffen_Breitschwerdt-scaled-e1724221448768-680x567.jpg 680w, https:\/\/www.organisator.ch\/wp-content\/uploads\/2024\/08\/COO_Steffen_Breitschwerdt-scaled-e1724221448768-768x640.jpg 768w, https:\/\/www.organisator.ch\/wp-content\/uploads\/2024\/08\/COO_Steffen_Breitschwerdt-scaled-e1724221448768-14x12.jpg 14w, https:\/\/www.organisator.ch\/wp-content\/uploads\/2024\/08\/COO_Steffen_Breitschwerdt-scaled-e1724221448768-360x300.jpg 360w, https:\/\/www.organisator.ch\/wp-content\/uploads\/2024\/08\/COO_Steffen_Breitschwerdt-scaled-e1724221448768-420x350.jpg 420w, https:\/\/www.organisator.ch\/wp-content\/uploads\/2024\/08\/COO_Steffen_Breitschwerdt-scaled-e1724221448768-959x800.jpg 959w, https:\/\/www.organisator.ch\/wp-content\/uploads\/2024\/08\/COO_Steffen_Breitschwerdt-scaled-e1724221448768.jpg 981w\" sizes=\"auto, (max-width: 680px) 100vw, 680px\" \/><figcaption id=\"caption-attachment-29163\" class=\"wp-caption-text\">Mit Steffen Breitschwerdt (45) gewinnt die kybun Joya Gruppe eine erfahrene F\u00fchrungspers\u00f6nlichkeit. (Bild: www.kybunjoya.swiss)<\/figcaption><\/figure>\n<p>Der neue Chief Operating Officer (COO) \u00fcbernimmt ab sofort die operative F\u00fchrung der Standorte in Roggwil, Schweiz und Konstanz, Deutschland. Die Gr\u00fcnder und CEOs der Gruppe, Karl M\u00fcller und Claudio Minder, werden dadurch entlastet, um sich k\u00fcnftig verst\u00e4rkt auf die weitere Expansion konzentrieren zu k\u00f6nnen.<\/p>\n<p>Mit Steffen Breitschwerdt (45) gewinnt die kybun Joya Gruppe eine erfahrene F\u00fchrungspers\u00f6nlichkeit, die sich durch fundiertes Know-how im Bereich Unternehmensf\u00fchrung und eine beeindruckende Erfolgsbilanz in der Leitung operativer Gesch\u00e4fte auszeichnet. Seine umfangreiche Expertise in der Modeindustrie wird eine entscheidende Rolle dabei spielen, die Wachstumsstrategie von kybun Joya voranzutreiben und die operative Effizienz weiter zu steigern.<\/p>\n<p>Wir sind begeistert, Steffen Breitschwerdt in unserem F\u00fchrungsteam willkommen zu heissen\u201c, erkl\u00e4rt Karl M\u00fcller, Gr\u00fcnder der kybun Joya Gruppe. \u201eMit seiner umfassenden Erfahrung und seinem klaren Fokus auf operative Exzellenz sind wir \u00fcberzeugt, dass er massgeblich dazu beitragen wird, unsere Position als f\u00fchrender Anbieter von Gesundheitsschuhen weiter auszubauen.\u201c Claudio Minder erg\u00e4nzt: \u201eDie Entlastung von Karl und mir durch Steffen erm\u00f6glicht es uns, uns vermehrt auf die Erschliessung neuer M\u00e4rkte zu konzentrieren und den weiteren Ausbau des kybun Joya Franchise-Netzwerks, welches mittlerweile knapp 100 Standorte z\u00e4hlt.\u201c<\/p>\n<p>Steffen Breitschwerdt bringt \u00fcber 24 Jahre F\u00fchrungserfahrung mit, zuletzt in leitender Position bei mehreren international t\u00e4tigen Konsum- und Luxusg\u00fcterunternehmen. Seine Leidenschaft f\u00fcr nachhaltiges Wachstum und seine F\u00e4higkeit, Teams zu H\u00f6chstleistungen zu f\u00fchren, machen ihn zur idealen Besetzung f\u00fcr die Rolle des COO.<\/p>\n<p>\u201eIch freue mich sehr auf die neue Herausforderung bei der kybun Joya Gruppe und darauf, die operativen Gesch\u00e4fte weiter zu optimieren\u201c, sagt Steffen Breitschwerdt. \u201eMein Ziel ist es, die Innovationskraft und den Kundenfokus des Unternehmens weiter zu st\u00e4rken und damit einen nachhaltigen Beitrag zum weiteren Erfolg der Gruppe zu leisten.\u201c<\/p>\n<p><em>Quelle: <a href=\"http:\/\/www.kybunjoya.swiss\">www.kybunjoya.swiss<\/a><\/em><\/p>\n","protected":false},"excerpt":{"rendered":"<p>Der Schweizer Gesundheitsschuhhersteller kybun Joya verst\u00e4rkt sein Team mit einer operativen Gesch\u00e4ftsf\u00fchrung, um die Phase der geplanten Expansion einzuleiten. Neu zum Team st\u00f6sst Steffen Breitschwerdt, der zuvor bei der Strellson AG, Holy Fashion Group in Kreuzlingen als Head of Central Brand Services f\u00fcr die Marken Strellson, JOOP und Windsor zust\u00e4ndig war.<\/p>\n","protected":false},"author":58,"featured_media":29163,"comment_status":"closed","ping_status":"closed","sticky":false,"template":"","format":"standard","meta":{"_acf_changed":false,"_yoast_wpseo_focuskw":"kybun Joya","_yoast_wpseo_metadesc":"Der Schweizer Gesundheitsschuhhersteller kybun Joya verst\u00e4rkt sein Team mit einer operativen Gesch\u00e4ftsf\u00fchrung.","articlekey":"","footnotes":""},"categories":[28],"tags":[4404,334,335,492],"class_list":["post-29161","post","type-post","status-publish","format-standard","has-post-thumbnail","hentry","category-management","tag-coo","tag-management","tag-management-und-unternehmensfuehrung","tag-unternehmen"],"acf":[],"yoast_head":"<!-- This site is optimized with the Yoast SEO plugin v27.4 - https:\/\/yoast.com\/product\/yoast-seo-wordpress\/ -->\n<title>Neuer COO bei kybun Joya l\u00e4utet die Expansion der Unternehmung ein - Organisator<\/title>\n<meta name=\"description\" content=\"Der Schweizer Gesundheitsschuhhersteller kybun Joya verst\u00e4rkt sein Team mit einer operativen Gesch\u00e4ftsf\u00fchrung.\" \/>\n<meta name=\"robots\" content=\"index, follow, max-snippet:-1, max-image-preview:large, max-video-preview:-1\" \/>\n<link rel=\"canonical\" href=\"https:\/\/www.organisator.ch\/de\/management\/2024-08-21\/neuer-coo-bei-kybun-joya-laeutet-die-expansion-der-unternehmung-ein\/\" \/>\n<meta property=\"og:locale\" content=\"de_DE\" \/>\n<meta property=\"og:type\" content=\"article\" \/>\n<meta property=\"og:title\" content=\"Neuer COO bei kybun Joya l\u00e4utet die Expansion der Unternehmung ein\" \/>\n<meta property=\"og:description\" content=\"Der Schweizer Gesundheitsschuhhersteller kybun Joya verst\u00e4rkt sein Team mit einer operativen Gesch\u00e4ftsf\u00fchrung.\" \/>\n<meta property=\"og:url\" content=\"https:\/\/www.organisator.ch\/de\/management\/2024-08-21\/neuer-coo-bei-kybun-joya-laeutet-die-expansion-der-unternehmung-ein\/\" \/>\n<meta property=\"og:site_name\" content=\"Organisator\" \/>\n<meta property=\"article:publisher\" content=\"https:\/\/www.facebook.com\/OrganisatorFachmagazin\" \/>\n<meta property=\"article:published_time\" content=\"2024-08-21T07:20:27+00:00\" \/>\n<meta property=\"og:image\" content=\"https:\/\/www.organisator.ch\/wp-content\/uploads\/2024\/08\/COO_Steffen_Breitschwerdt-scaled-e1724221448768.jpg\" \/>\n\t<meta property=\"og:image:width\" content=\"981\" \/>\n\t<meta property=\"og:image:height\" content=\"818\" \/>\n\t<meta property=\"og:image:type\" content=\"image\/jpeg\" \/>\n<meta name=\"author\" content=\"Adelisa Kalajdzini\" \/>\n<meta name=\"twitter:card\" content=\"summary_large_image\" \/>\n<meta name=\"twitter:title\" content=\"Neuer COO bei kybun Joya l\u00e4utet die Expansion der Unternehmung ein\" \/>\n<meta name=\"twitter:description\" content=\"Der Schweizer #Gesundheitsschuhhersteller #kybun #Joya verst\u00e4rkt sein #Team mit einer operativen #Gesch\u00e4ftsf\u00fchrung.\" \/>\n<meta name=\"twitter:image\" content=\"https:\/\/www.organisator.ch\/wp-content\/uploads\/2024\/08\/COO_Steffen_Breitschwerdt-scaled-e1724221448768.jpg\" \/>\n<script type=\"application\/ld+json\" class=\"yoast-schema-graph\">{\"@context\":\"https:\\\/\\\/schema.org\",\"@graph\":[{\"@type\":\"Article\",\"@id\":\"https:\\\/\\\/www.organisator.ch\\\/management\\\/2024-08-21\\\/neuer-coo-bei-kybun-joya-laeutet-die-expansion-der-unternehmung-ein\\\/#article\",\"isPartOf\":{\"@id\":\"https:\\\/\\\/www.organisator.ch\\\/management\\\/2024-08-21\\\/neuer-coo-bei-kybun-joya-laeutet-die-expansion-der-unternehmung-ein\\\/\"},\"author\":{\"name\":\"Adelisa Kalajdzini\",\"@id\":\"https:\\\/\\\/www.organisator.ch\\\/#\\\/schema\\\/person\\\/2e1314a2172123f874db408d8911d3f3\"},\"headline\":\"Neuer COO bei kybun Joya l\u00e4utet die Expansion der Unternehmung ein\",\"datePublished\":\"2024-08-21T07:20:27+00:00\",\"mainEntityOfPage\":{\"@id\":\"https:\\\/\\\/www.organisator.ch\\\/management\\\/2024-08-21\\\/neuer-coo-bei-kybun-joya-laeutet-die-expansion-der-unternehmung-ein\\\/\"},\"wordCount\":343,\"publisher\":{\"@id\":\"https:\\\/\\\/www.organisator.ch\\\/#organization\"},\"image\":{\"@id\":\"https:\\\/\\\/www.organisator.ch\\\/management\\\/2024-08-21\\\/neuer-coo-bei-kybun-joya-laeutet-die-expansion-der-unternehmung-ein\\\/#primaryimage\"},\"thumbnailUrl\":\"https:\\\/\\\/www.organisator.ch\\\/wp-content\\\/uploads\\\/2024\\\/08\\\/COO_Steffen_Breitschwerdt-scaled-e1724221448768.jpg\",\"keywords\":[\"COO\",\"Management\",\"Management und Unternehmensf\u00fchrung\",\"Unternehmen\"],\"articleSection\":[\"MANAGEMENT\"],\"inLanguage\":\"de\"},{\"@type\":\"WebPage\",\"@id\":\"https:\\\/\\\/www.organisator.ch\\\/management\\\/2024-08-21\\\/neuer-coo-bei-kybun-joya-laeutet-die-expansion-der-unternehmung-ein\\\/\",\"url\":\"https:\\\/\\\/www.organisator.ch\\\/management\\\/2024-08-21\\\/neuer-coo-bei-kybun-joya-laeutet-die-expansion-der-unternehmung-ein\\\/\",\"name\":\"Neuer COO bei kybun Joya l\u00e4utet die Expansion der Unternehmung ein - Organisator\",\"isPartOf\":{\"@id\":\"https:\\\/\\\/www.organisator.ch\\\/#website\"},\"primaryImageOfPage\":{\"@id\":\"https:\\\/\\\/www.organisator.ch\\\/management\\\/2024-08-21\\\/neuer-coo-bei-kybun-joya-laeutet-die-expansion-der-unternehmung-ein\\\/#primaryimage\"},\"image\":{\"@id\":\"https:\\\/\\\/www.organisator.ch\\\/management\\\/2024-08-21\\\/neuer-coo-bei-kybun-joya-laeutet-die-expansion-der-unternehmung-ein\\\/#primaryimage\"},\"thumbnailUrl\":\"https:\\\/\\\/www.organisator.ch\\\/wp-content\\\/uploads\\\/2024\\\/08\\\/COO_Steffen_Breitschwerdt-scaled-e1724221448768.jpg\",\"datePublished\":\"2024-08-21T07:20:27+00:00\",\"description\":\"Der Schweizer Gesundheitsschuhhersteller kybun Joya verst\u00e4rkt sein Team mit einer operativen Gesch\u00e4ftsf\u00fchrung.\",\"breadcrumb\":{\"@id\":\"https:\\\/\\\/www.organisator.ch\\\/management\\\/2024-08-21\\\/neuer-coo-bei-kybun-joya-laeutet-die-expansion-der-unternehmung-ein\\\/#breadcrumb\"},\"inLanguage\":\"de\",\"potentialAction\":[{\"@type\":\"ReadAction\",\"target\":[\"https:\\\/\\\/www.organisator.ch\\\/management\\\/2024-08-21\\\/neuer-coo-bei-kybun-joya-laeutet-die-expansion-der-unternehmung-ein\\\/\"]}]},{\"@type\":\"ImageObject\",\"inLanguage\":\"de\",\"@id\":\"https:\\\/\\\/www.organisator.ch\\\/management\\\/2024-08-21\\\/neuer-coo-bei-kybun-joya-laeutet-die-expansion-der-unternehmung-ein\\\/#primaryimage\",\"url\":\"https:\\\/\\\/www.organisator.ch\\\/wp-content\\\/uploads\\\/2024\\\/08\\\/COO_Steffen_Breitschwerdt-scaled-e1724221448768.jpg\",\"contentUrl\":\"https:\\\/\\\/www.organisator.ch\\\/wp-content\\\/uploads\\\/2024\\\/08\\\/COO_Steffen_Breitschwerdt-scaled-e1724221448768.jpg\",\"width\":981,\"height\":818,\"caption\":\"Mit Steffen Breitschwerdt (45) gewinnt die kybun Joya Gruppe eine erfahrene F\u00fchrungspers\u00f6nlichkeit. (Bild: www.kybunjoya.swiss)\"},{\"@type\":\"BreadcrumbList\",\"@id\":\"https:\\\/\\\/www.organisator.ch\\\/management\\\/2024-08-21\\\/neuer-coo-bei-kybun-joya-laeutet-die-expansion-der-unternehmung-ein\\\/#breadcrumb\",\"itemListElement\":[{\"@type\":\"ListItem\",\"position\":1,\"name\":\"Home\",\"item\":\"https:\\\/\\\/www.organisator.ch\\\/\"},{\"@type\":\"ListItem\",\"position\":2,\"name\":\"Neuer COO bei kybun Joya l\u00e4utet die Expansion der Unternehmung ein\"}]},{\"@type\":\"WebSite\",\"@id\":\"https:\\\/\\\/www.organisator.ch\\\/#website\",\"url\":\"https:\\\/\\\/www.organisator.ch\\\/\",\"name\":\"Organisator\",\"description\":\"Kompetent. Praxisnah. Der ORGANISATOR bereitet in 10 Ausgaben pro Jahr die wesentlichen Themen f\u00fcr F\u00fchrungskr\u00e4fte von KMU auf.\",\"publisher\":{\"@id\":\"https:\\\/\\\/www.organisator.ch\\\/#organization\"},\"potentialAction\":[{\"@type\":\"SearchAction\",\"target\":{\"@type\":\"EntryPoint\",\"urlTemplate\":\"https:\\\/\\\/www.organisator.ch\\\/?s={search_term_string}\"},\"query-input\":{\"@type\":\"PropertyValueSpecification\",\"valueRequired\":true,\"valueName\":\"search_term_string\"}}],\"inLanguage\":\"de\"},{\"@type\":\"Organization\",\"@id\":\"https:\\\/\\\/www.organisator.ch\\\/#organization\",\"name\":\"Organisator\",\"url\":\"https:\\\/\\\/www.organisator.ch\\\/\",\"logo\":{\"@type\":\"ImageObject\",\"inLanguage\":\"de\",\"@id\":\"https:\\\/\\\/www.organisator.ch\\\/#\\\/schema\\\/logo\\\/image\\\/\",\"url\":\"https:\\\/\\\/www.organisator.ch\\\/wp-content\\\/uploads\\\/2022\\\/01\\\/Logo_Organisator_Website.png\",\"contentUrl\":\"https:\\\/\\\/www.organisator.ch\\\/wp-content\\\/uploads\\\/2022\\\/01\\\/Logo_Organisator_Website.png\",\"width\":800,\"height\":77,\"caption\":\"Organisator\"},\"image\":{\"@id\":\"https:\\\/\\\/www.organisator.ch\\\/#\\\/schema\\\/logo\\\/image\\\/\"},\"sameAs\":[\"https:\\\/\\\/www.facebook.com\\\/OrganisatorFachmagazin\",\"https:\\\/\\\/www.linkedin.com\\\/showcase\\\/organisator-das-magazin-fr-kmu\",\"https:\\\/\\\/www.xing.com\\\/news\\\/pages\\\/organisator-ch-695\",\"https:\\\/\\\/www.youtube.com\\\/channel\\\/UCGP2Sq0iWaZwT3BdIAQFYpw\"]},{\"@type\":\"Person\",\"@id\":\"https:\\\/\\\/www.organisator.ch\\\/#\\\/schema\\\/person\\\/2e1314a2172123f874db408d8911d3f3\",\"name\":\"Adelisa Kalajdzini\",\"image\":{\"@type\":\"ImageObject\",\"inLanguage\":\"de\",\"@id\":\"https:\\\/\\\/secure.gravatar.com\\\/avatar\\\/09a397c22ac58cad6f160ee8306348599df9df58a8ede73696226897b9fa4b24?s=96&d=mm&r=g\",\"url\":\"https:\\\/\\\/secure.gravatar.com\\\/avatar\\\/09a397c22ac58cad6f160ee8306348599df9df58a8ede73696226897b9fa4b24?s=96&d=mm&r=g\",\"contentUrl\":\"https:\\\/\\\/secure.gravatar.com\\\/avatar\\\/09a397c22ac58cad6f160ee8306348599df9df58a8ede73696226897b9fa4b24?s=96&d=mm&r=g\",\"caption\":\"Adelisa Kalajdzini\"},\"url\":\"https:\\\/\\\/www.organisator.ch\\\/de\\\/author\\\/adelisa-kalajdzini\\\/\"}]}<\/script>\n<!-- \/ Yoast SEO plugin. -->","yoast_head_json":{"title":"Neuer COO bei kybun Joya l\u00e4utet die Expansion der Unternehmung ein - Organisator","description":"Der Schweizer Gesundheitsschuhhersteller kybun Joya verst\u00e4rkt sein Team mit einer operativen Gesch\u00e4ftsf\u00fchrung.","robots":{"index":"index","follow":"follow","max-snippet":"max-snippet:-1","max-image-preview":"max-image-preview:large","max-video-preview":"max-video-preview:-1"},"canonical":"https:\/\/www.organisator.ch\/de\/management\/2024-08-21\/neuer-coo-bei-kybun-joya-laeutet-die-expansion-der-unternehmung-ein\/","og_locale":"de_DE","og_type":"article","og_title":"Neuer COO bei kybun Joya l\u00e4utet die Expansion der Unternehmung ein","og_description":"Der Schweizer Gesundheitsschuhhersteller kybun Joya verst\u00e4rkt sein Team mit einer operativen Gesch\u00e4ftsf\u00fchrung.","og_url":"https:\/\/www.organisator.ch\/de\/management\/2024-08-21\/neuer-coo-bei-kybun-joya-laeutet-die-expansion-der-unternehmung-ein\/","og_site_name":"Organisator","article_publisher":"https:\/\/www.facebook.com\/OrganisatorFachmagazin","article_published_time":"2024-08-21T07:20:27+00:00","og_image":[{"width":981,"height":818,"url":"https:\/\/www.organisator.ch\/wp-content\/uploads\/2024\/08\/COO_Steffen_Breitschwerdt-scaled-e1724221448768.jpg","type":"image\/jpeg"}],"author":"Adelisa Kalajdzini","twitter_card":"summary_large_image","twitter_title":"Neuer COO bei kybun Joya l\u00e4utet die Expansion der Unternehmung ein","twitter_description":"Der Schweizer #Gesundheitsschuhhersteller #kybun #Joya verst\u00e4rkt sein #Team mit einer operativen #Gesch\u00e4ftsf\u00fchrung.","twitter_image":"https:\/\/www.organisator.ch\/wp-content\/uploads\/2024\/08\/COO_Steffen_Breitschwerdt-scaled-e1724221448768.jpg","schema":{"@context":"https:\/\/schema.org","@graph":[{"@type":"Article","@id":"https:\/\/www.organisator.ch\/management\/2024-08-21\/neuer-coo-bei-kybun-joya-laeutet-die-expansion-der-unternehmung-ein\/#article","isPartOf":{"@id":"https:\/\/www.organisator.ch\/management\/2024-08-21\/neuer-coo-bei-kybun-joya-laeutet-die-expansion-der-unternehmung-ein\/"},"author":{"name":"Adelisa Kalajdzini","@id":"https:\/\/www.organisator.ch\/#\/schema\/person\/2e1314a2172123f874db408d8911d3f3"},"headline":"Neuer COO bei kybun Joya l\u00e4utet die Expansion der Unternehmung ein","datePublished":"2024-08-21T07:20:27+00:00","mainEntityOfPage":{"@id":"https:\/\/www.organisator.ch\/management\/2024-08-21\/neuer-coo-bei-kybun-joya-laeutet-die-expansion-der-unternehmung-ein\/"},"wordCount":343,"publisher":{"@id":"https:\/\/www.organisator.ch\/#organization"},"image":{"@id":"https:\/\/www.organisator.ch\/management\/2024-08-21\/neuer-coo-bei-kybun-joya-laeutet-die-expansion-der-unternehmung-ein\/#primaryimage"},"thumbnailUrl":"https:\/\/www.organisator.ch\/wp-content\/uploads\/2024\/08\/COO_Steffen_Breitschwerdt-scaled-e1724221448768.jpg","keywords":["COO","Management","Management und Unternehmensf\u00fchrung","Unternehmen"],"articleSection":["MANAGEMENT"],"inLanguage":"de"},{"@type":"WebPage","@id":"https:\/\/www.organisator.ch\/management\/2024-08-21\/neuer-coo-bei-kybun-joya-laeutet-die-expansion-der-unternehmung-ein\/","url":"https:\/\/www.organisator.ch\/management\/2024-08-21\/neuer-coo-bei-kybun-joya-laeutet-die-expansion-der-unternehmung-ein\/","name":"Neuer COO bei kybun Joya l\u00e4utet die Expansion der Unternehmung ein - Organisator","isPartOf":{"@id":"https:\/\/www.organisator.ch\/#website"},"primaryImageOfPage":{"@id":"https:\/\/www.organisator.ch\/management\/2024-08-21\/neuer-coo-bei-kybun-joya-laeutet-die-expansion-der-unternehmung-ein\/#primaryimage"},"image":{"@id":"https:\/\/www.organisator.ch\/management\/2024-08-21\/neuer-coo-bei-kybun-joya-laeutet-die-expansion-der-unternehmung-ein\/#primaryimage"},"thumbnailUrl":"https:\/\/www.organisator.ch\/wp-content\/uploads\/2024\/08\/COO_Steffen_Breitschwerdt-scaled-e1724221448768.jpg","datePublished":"2024-08-21T07:20:27+00:00","description":"Der Schweizer Gesundheitsschuhhersteller kybun Joya verst\u00e4rkt sein Team mit einer operativen Gesch\u00e4ftsf\u00fchrung.","breadcrumb":{"@id":"https:\/\/www.organisator.ch\/management\/2024-08-21\/neuer-coo-bei-kybun-joya-laeutet-die-expansion-der-unternehmung-ein\/#breadcrumb"},"inLanguage":"de","potentialAction":[{"@type":"ReadAction","target":["https:\/\/www.organisator.ch\/management\/2024-08-21\/neuer-coo-bei-kybun-joya-laeutet-die-expansion-der-unternehmung-ein\/"]}]},{"@type":"ImageObject","inLanguage":"de","@id":"https:\/\/www.organisator.ch\/management\/2024-08-21\/neuer-coo-bei-kybun-joya-laeutet-die-expansion-der-unternehmung-ein\/#primaryimage","url":"https:\/\/www.organisator.ch\/wp-content\/uploads\/2024\/08\/COO_Steffen_Breitschwerdt-scaled-e1724221448768.jpg","contentUrl":"https:\/\/www.organisator.ch\/wp-content\/uploads\/2024\/08\/COO_Steffen_Breitschwerdt-scaled-e1724221448768.jpg","width":981,"height":818,"caption":"Mit Steffen Breitschwerdt (45) gewinnt die kybun Joya Gruppe eine erfahrene F\u00fchrungspers\u00f6nlichkeit. (Bild: www.kybunjoya.swiss)"},{"@type":"BreadcrumbList","@id":"https:\/\/www.organisator.ch\/management\/2024-08-21\/neuer-coo-bei-kybun-joya-laeutet-die-expansion-der-unternehmung-ein\/#breadcrumb","itemListElement":[{"@type":"ListItem","position":1,"name":"Home","item":"https:\/\/www.organisator.ch\/"},{"@type":"ListItem","position":2,"name":"Neuer COO bei kybun Joya l\u00e4utet die Expansion der Unternehmung ein"}]},{"@type":"WebSite","@id":"https:\/\/www.organisator.ch\/#website","url":"https:\/\/www.organisator.ch\/","name":"Organisator","description":"Kompetent. Praxisnah. Der ORGANISATOR bereitet in 10 Ausgaben pro Jahr die wesentlichen Themen f\u00fcr F\u00fchrungskr\u00e4fte von KMU auf.","publisher":{"@id":"https:\/\/www.organisator.ch\/#organization"},"potentialAction":[{"@type":"SearchAction","target":{"@type":"EntryPoint","urlTemplate":"https:\/\/www.organisator.ch\/?s={search_term_string}"},"query-input":{"@type":"PropertyValueSpecification","valueRequired":true,"valueName":"search_term_string"}}],"inLanguage":"de"},{"@type":"Organization","@id":"https:\/\/www.organisator.ch\/#organization","name":"Organisator","url":"https:\/\/www.organisator.ch\/","logo":{"@type":"ImageObject","inLanguage":"de","@id":"https:\/\/www.organisator.ch\/#\/schema\/logo\/image\/","url":"https:\/\/www.organisator.ch\/wp-content\/uploads\/2022\/01\/Logo_Organisator_Website.png","contentUrl":"https:\/\/www.organisator.ch\/wp-content\/uploads\/2022\/01\/Logo_Organisator_Website.png","width":800,"height":77,"caption":"Organisator"},"image":{"@id":"https:\/\/www.organisator.ch\/#\/schema\/logo\/image\/"},"sameAs":["https:\/\/www.facebook.com\/OrganisatorFachmagazin","https:\/\/www.linkedin.com\/showcase\/organisator-das-magazin-fr-kmu","https:\/\/www.xing.com\/news\/pages\/organisator-ch-695","https:\/\/www.youtube.com\/channel\/UCGP2Sq0iWaZwT3BdIAQFYpw"]},{"@type":"Person","@id":"https:\/\/www.organisator.ch\/#\/schema\/person\/2e1314a2172123f874db408d8911d3f3","name":"Adelisa Kalajdzini","image":{"@type":"ImageObject","inLanguage":"de","@id":"https:\/\/secure.gravatar.com\/avatar\/09a397c22ac58cad6f160ee8306348599df9df58a8ede73696226897b9fa4b24?s=96&d=mm&r=g","url":"https:\/\/secure.gravatar.com\/avatar\/09a397c22ac58cad6f160ee8306348599df9df58a8ede73696226897b9fa4b24?s=96&d=mm&r=g","contentUrl":"https:\/\/secure.gravatar.com\/avatar\/09a397c22ac58cad6f160ee8306348599df9df58a8ede73696226897b9fa4b24?s=96&d=mm&r=g","caption":"Adelisa Kalajdzini"},"url":"https:\/\/www.organisator.ch\/de\/author\/adelisa-kalajdzini\/"}]}},"_links":{"self":[{"href":"https:\/\/www.organisator.ch\/de\/wp-json\/wp\/v2\/posts\/29161","targetHints":{"allow":["GET"]}}],"collection":[{"href":"https:\/\/www.organisator.ch\/de\/wp-json\/wp\/v2\/posts"}],"about":[{"href":"https:\/\/www.organisator.ch\/de\/wp-json\/wp\/v2\/types\/post"}],"author":[{"embeddable":true,"href":"https:\/\/www.organisator.ch\/de\/wp-json\/wp\/v2\/users\/58"}],"replies":[{"embeddable":true,"href":"https:\/\/www.organisator.ch\/de\/wp-json\/wp\/v2\/comments?post=29161"}],"version-history":[{"count":4,"href":"https:\/\/www.organisator.ch\/de\/wp-json\/wp\/v2\/posts\/29161\/revisions"}],"predecessor-version":[{"id":29202,"href":"https:\/\/www.organisator.ch\/de\/wp-json\/wp\/v2\/posts\/29161\/revisions\/29202"}],"wp:featuredmedia":[{"embeddable":true,"href":"https:\/\/www.organisator.ch\/de\/wp-json\/wp\/v2\/media\/29163"}],"wp:attachment":[{"href":"https:\/\/www.organisator.ch\/de\/wp-json\/wp\/v2\/media?parent=29161"}],"wp:term":[{"taxonomy":"category","embeddable":true,"href":"https:\/\/www.organisator.ch\/de\/wp-json\/wp\/v2\/categories?post=29161"},{"taxonomy":"post_tag","embeddable":true,"href":"https:\/\/www.organisator.ch\/de\/wp-json\/wp\/v2\/tags?post=29161"}],"curies":[{"name":"wp","href":"https:\/\/api.w.org\/{rel}","templated":true}]}}