{"id":29188,"date":"2024-08-22T13:03:34","date_gmt":"2024-08-22T11:03:34","guid":{"rendered":"https:\/\/www.organisator.ch\/?p=29188"},"modified":"2024-08-21T15:33:48","modified_gmt":"2024-08-21T13:33:48","slug":"schwaches-geschaeftsklima-im-kmu-mem-sektor","status":"publish","type":"post","link":"https:\/\/www.organisator.ch\/de\/management\/2024-08-22\/schwaches-geschaeftsklima-im-kmu-mem-sektor\/","title":{"rendered":"Schwaches Gesch\u00e4ftsklima im KMU-MEM-Sektor"},"content":{"rendered":"<figure id=\"attachment_29190\" aria-describedby=\"caption-attachment-29190\" style=\"width: 680px\" class=\"wp-caption alignnone\"><img loading=\"lazy\" decoding=\"async\" class=\"size-full wp-image-29190\" src=\"https:\/\/www.organisator.ch\/wp-content\/uploads\/2024\/08\/DE_Geschaeftsklimaindex_Bild1_ps.jpg\" alt=\"\" width=\"680\" height=\"594\" srcset=\"https:\/\/www.organisator.ch\/wp-content\/uploads\/2024\/08\/DE_Geschaeftsklimaindex_Bild1_ps.jpg 680w, https:\/\/www.organisator.ch\/wp-content\/uploads\/2024\/08\/DE_Geschaeftsklimaindex_Bild1_ps-14x12.jpg 14w, https:\/\/www.organisator.ch\/wp-content\/uploads\/2024\/08\/DE_Geschaeftsklimaindex_Bild1_ps-343x300.jpg 343w, https:\/\/www.organisator.ch\/wp-content\/uploads\/2024\/08\/DE_Geschaeftsklimaindex_Bild1_ps-401x350.jpg 401w\" sizes=\"auto, (max-width: 680px) 100vw, 680px\" \/><figcaption id=\"caption-attachment-29190\" class=\"wp-caption-text\">(Bild: www.swissmechanic.ch)<\/figcaption><\/figure>\n<p>Die Stimmung in der Branche hat sich im Sommer weiter eingetr\u00fcbt: Mehr als zwei Drittel der befragten Unternehmen bewerten das Gesch\u00e4ftsklima als ung\u00fcnstig. Bereits seit \u00fcber einem Jahr liegt der Swissmechanic-Gesch\u00e4ftsklimaindex, der Pulsmesser der KMU-MEM, nun im negativen Bereich.\u00a0<\/p>\n<h3><strong>R\u00fcckgang der Auftr\u00e4ge bleibt gr\u00f6sste Herausforderung f\u00fcr KMU-MEM<\/strong><\/h3>\n<p>Der Mangel an Auftr\u00e4gen bleibt f\u00fcr die befragten Unternehmen nach wie vor die gr\u00f6sste Herausforderung. Im Juli 2024 berichtet etwa die H\u00e4lfte von sinkenden Auftragseing\u00e4ngen und Ums\u00e4tzen im Vergleich zum Vorjahreszeitraum. Rund ein Viertel der Befragten verf\u00fcgt \u00fcber eine gesicherte Produktion von maximal einem Monat. Blickten die KMU-MEM trotz schwierigem wirtschaftlichem Umfeld bisher verhalten optimistisch in die Zukunft, so ist der Ausblick auf das dritte Quartal 2024 nun tendenziell pessimistisch.\u00a0<\/p>\n<figure id=\"attachment_29189\" aria-describedby=\"caption-attachment-29189\" style=\"width: 680px\" class=\"wp-caption alignnone\"><img loading=\"lazy\" decoding=\"async\" class=\"size-full wp-image-29189\" src=\"https:\/\/www.organisator.ch\/wp-content\/uploads\/2024\/08\/DE_Herausforderungen_Bild2_ps.jpg\" alt=\"\" width=\"680\" height=\"652\" srcset=\"https:\/\/www.organisator.ch\/wp-content\/uploads\/2024\/08\/DE_Herausforderungen_Bild2_ps.jpg 680w, https:\/\/www.organisator.ch\/wp-content\/uploads\/2024\/08\/DE_Herausforderungen_Bild2_ps-13x12.jpg 13w, https:\/\/www.organisator.ch\/wp-content\/uploads\/2024\/08\/DE_Herausforderungen_Bild2_ps-313x300.jpg 313w, https:\/\/www.organisator.ch\/wp-content\/uploads\/2024\/08\/DE_Herausforderungen_Bild2_ps-365x350.jpg 365w\" sizes=\"auto, (max-width: 680px) 100vw, 680px\" \/><figcaption id=\"caption-attachment-29189\" class=\"wp-caption-text\">Der Mangel an Auftr\u00e4gen bleibt f\u00fcr die befragten Unternehmen nach wie vor die gr\u00f6sste Herausforderung. (Bild: www.swissmechanic.ch)<\/figcaption><\/figure>\n<h3><strong>Margenr\u00fcckgang belastet Unternehmen: Eigenkapital schwindet<\/strong><\/h3>\n<p>Ein weiteres Problem sind sinkende Margen. Bereits seit zwei Jahren meldet mehr als jedes dritte Unternehmen R\u00fcckg\u00e4nge. Im zweiten Quartal 2024 sanken die Margen bei mehr als 40 Prozent der Unternehmen gegen\u00fcber dem Vorjahresquartal.\u00a0In diesem Zusammenhang ist der Anstieg der Unternehmen, die angegeben haben, aufgrund von fehlenden Eigenmitteln nicht zu investieren, besorgniserregend. Deutet diese Tendenz doch darauf hin, dass den ersten, h\u00e4ufig mit Eigenmitteln finanzierten KMU-MEM langsam der Atem auszugehen droht.<\/p>\n<h3><strong>Leitzinssenkung k\u00f6nnte Nachfrage an Investitionsg\u00fctern ankurbeln<\/strong><\/h3>\n<p>Expertinnen und Experten rechnen angesichts der niedrigeren Inflation mit einer weiteren Leitzinssenkung bis Ende Jahr. Als Dachverband der KMU-MEM w\u00fcrde Swissmechanic eine solche Anpassung sehr begr\u00fcssen. Hatten doch die beiden 2024 bereits erfolgten Zinssenkungen jeweils sehr positive Impulse f\u00fcr die stark exportorientierte MEM-Industrie.\u00a0<\/p>\n<h3><strong>Rahmenbedingungen m\u00fcssen verbessert werden<\/strong><\/h3>\n<p>Zudem sieht Swissmechanic in Anbetracht der strukturellen Herausforderungen und der volatilen geopolitischen Lage die Politik in der Pflicht, die Rahmenbedingungen f\u00fcr die Schweizer KMU mit Priorit\u00e4t zu verbessern. Die KMU sind das R\u00fcckgrat der Schweizer Wirtschaft. Der Werkplatz Schweiz ist ein essenzieller Faktor f\u00fcr den Wohlstand der Schweiz. Swissmechanic setzt sich daf\u00fcr ein, die Regulierungsflut einzud\u00e4mmen. Denn b\u00fcrokratische Prozesse binden aktuell erhebliche 15% der Personalressourcen der KMU-MEM, dies hat der Swissmechanic Wirtschaftsbarometer vom Mai 2024 ergeben.\u00a0<\/p>\n<p><em>Quelle: <a href=\"http:\/\/www.swissmechanic.ch\">www.swissmechanic.ch<\/a><\/em><\/p>\n","protected":false},"excerpt":{"rendered":"<p>Der Swissmechanic KMU-MEM-Gesch\u00e4ftsklimaindex verharrt im Juli 2024 zum f\u00fcnften Mal in Folge im negativen Bereich. Eine schwache Industriekonjunktur belastet die KMU weiterhin schwer. Hinzu kommen strukturelle Herausforderungen. Besonders der Mangel an Auftr\u00e4gen fordert die KMU-MEM. <\/p>\n","protected":false},"author":58,"featured_media":29190,"comment_status":"closed","ping_status":"closed","sticky":false,"template":"","format":"standard","meta":{"_acf_changed":false,"_yoast_wpseo_focuskw":"KMU-MEM","_yoast_wpseo_metadesc":"Der Swissmechanic KMU-MEM-Gesch\u00e4ftsklimaindex verharrt im Juli 2024 zum f\u00fcnften Mal in Folge im negativen Bereich.","articlekey":"","footnotes":""},"categories":[28],"tags":[4406,334,424,3414,492],"class_list":["post-29188","post","type-post","status-publish","format-standard","has-post-thumbnail","hentry","category-management","tag-kmu-mem","tag-management","tag-schweiz","tag-swissmechanic","tag-unternehmen"],"acf":[],"yoast_head":"<!-- This site is optimized with the Yoast SEO plugin v27.4 - https:\/\/yoast.com\/product\/yoast-seo-wordpress\/ -->\n<title>Schwaches Gesch\u00e4ftsklima im KMU-MEM-Sektor - Organisator<\/title>\n<meta name=\"description\" content=\"Der Swissmechanic KMU-MEM-Gesch\u00e4ftsklimaindex verharrt im Juli 2024 zum f\u00fcnften Mal in Folge im negativen Bereich.\" \/>\n<meta name=\"robots\" content=\"index, follow, max-snippet:-1, max-image-preview:large, max-video-preview:-1\" \/>\n<link rel=\"canonical\" href=\"https:\/\/www.organisator.ch\/de\/management\/2024-08-22\/schwaches-geschaeftsklima-im-kmu-mem-sektor\/\" \/>\n<meta property=\"og:locale\" content=\"de_DE\" \/>\n<meta property=\"og:type\" content=\"article\" \/>\n<meta property=\"og:title\" content=\"Schwaches Gesch\u00e4ftsklima im KMU-MEM-Sektor\" \/>\n<meta property=\"og:description\" content=\"Der Swissmechanic KMU-MEM-Gesch\u00e4ftsklimaindex verharrt im Juli 2024 zum f\u00fcnften Mal in Folge im negativen Bereich.\" \/>\n<meta property=\"og:url\" content=\"https:\/\/www.organisator.ch\/de\/management\/2024-08-22\/schwaches-geschaeftsklima-im-kmu-mem-sektor\/\" \/>\n<meta property=\"og:site_name\" content=\"Organisator\" \/>\n<meta property=\"article:publisher\" content=\"https:\/\/www.facebook.com\/OrganisatorFachmagazin\" \/>\n<meta property=\"article:published_time\" content=\"2024-08-22T11:03:34+00:00\" \/>\n<meta property=\"og:image\" content=\"https:\/\/www.organisator.ch\/wp-content\/uploads\/2024\/08\/DE_Geschaeftsklimaindex_Bild1_ps.jpg\" \/>\n\t<meta property=\"og:image:width\" content=\"680\" \/>\n\t<meta property=\"og:image:height\" content=\"594\" \/>\n\t<meta property=\"og:image:type\" content=\"image\/jpeg\" \/>\n<meta name=\"author\" content=\"Adelisa Kalajdzini\" \/>\n<meta name=\"twitter:card\" content=\"summary_large_image\" \/>\n<meta name=\"twitter:title\" content=\"Schwaches Gesch\u00e4ftsklima im KMU-MEM-Sektor\" \/>\n<meta name=\"twitter:description\" content=\"Der #Swissmechanic #KMU-MEM-Gesch\u00e4ftsklimaindex verharrt im #Juli 2024 zum f\u00fcnften Mal in Folge im #negativen #Bereich.\" \/>\n<meta name=\"twitter:image\" content=\"https:\/\/www.organisator.ch\/wp-content\/uploads\/2024\/08\/DE_Geschaeftsklimaindex_Bild1_ps.jpg\" \/>\n<script type=\"application\/ld+json\" class=\"yoast-schema-graph\">{\"@context\":\"https:\\\/\\\/schema.org\",\"@graph\":[{\"@type\":\"Article\",\"@id\":\"https:\\\/\\\/www.organisator.ch\\\/management\\\/2024-08-22\\\/schwaches-geschaeftsklima-im-kmu-mem-sektor\\\/#article\",\"isPartOf\":{\"@id\":\"https:\\\/\\\/www.organisator.ch\\\/management\\\/2024-08-22\\\/schwaches-geschaeftsklima-im-kmu-mem-sektor\\\/\"},\"author\":{\"name\":\"Adelisa Kalajdzini\",\"@id\":\"https:\\\/\\\/www.organisator.ch\\\/#\\\/schema\\\/person\\\/2e1314a2172123f874db408d8911d3f3\"},\"headline\":\"Schwaches Gesch\u00e4ftsklima im KMU-MEM-Sektor\",\"datePublished\":\"2024-08-22T11:03:34+00:00\",\"mainEntityOfPage\":{\"@id\":\"https:\\\/\\\/www.organisator.ch\\\/management\\\/2024-08-22\\\/schwaches-geschaeftsklima-im-kmu-mem-sektor\\\/\"},\"wordCount\":398,\"publisher\":{\"@id\":\"https:\\\/\\\/www.organisator.ch\\\/#organization\"},\"image\":{\"@id\":\"https:\\\/\\\/www.organisator.ch\\\/management\\\/2024-08-22\\\/schwaches-geschaeftsklima-im-kmu-mem-sektor\\\/#primaryimage\"},\"thumbnailUrl\":\"https:\\\/\\\/www.organisator.ch\\\/wp-content\\\/uploads\\\/2024\\\/08\\\/DE_Geschaeftsklimaindex_Bild1_ps.jpg\",\"keywords\":[\"KMU-MEM\",\"Management\",\"Schweiz\",\"Swissmechanic\",\"Unternehmen\"],\"articleSection\":[\"MANAGEMENT\"],\"inLanguage\":\"de\"},{\"@type\":\"WebPage\",\"@id\":\"https:\\\/\\\/www.organisator.ch\\\/management\\\/2024-08-22\\\/schwaches-geschaeftsklima-im-kmu-mem-sektor\\\/\",\"url\":\"https:\\\/\\\/www.organisator.ch\\\/management\\\/2024-08-22\\\/schwaches-geschaeftsklima-im-kmu-mem-sektor\\\/\",\"name\":\"Schwaches Gesch\u00e4ftsklima im KMU-MEM-Sektor - Organisator\",\"isPartOf\":{\"@id\":\"https:\\\/\\\/www.organisator.ch\\\/#website\"},\"primaryImageOfPage\":{\"@id\":\"https:\\\/\\\/www.organisator.ch\\\/management\\\/2024-08-22\\\/schwaches-geschaeftsklima-im-kmu-mem-sektor\\\/#primaryimage\"},\"image\":{\"@id\":\"https:\\\/\\\/www.organisator.ch\\\/management\\\/2024-08-22\\\/schwaches-geschaeftsklima-im-kmu-mem-sektor\\\/#primaryimage\"},\"thumbnailUrl\":\"https:\\\/\\\/www.organisator.ch\\\/wp-content\\\/uploads\\\/2024\\\/08\\\/DE_Geschaeftsklimaindex_Bild1_ps.jpg\",\"datePublished\":\"2024-08-22T11:03:34+00:00\",\"description\":\"Der Swissmechanic KMU-MEM-Gesch\u00e4ftsklimaindex verharrt im Juli 2024 zum f\u00fcnften Mal in Folge im negativen Bereich.\",\"breadcrumb\":{\"@id\":\"https:\\\/\\\/www.organisator.ch\\\/management\\\/2024-08-22\\\/schwaches-geschaeftsklima-im-kmu-mem-sektor\\\/#breadcrumb\"},\"inLanguage\":\"de\",\"potentialAction\":[{\"@type\":\"ReadAction\",\"target\":[\"https:\\\/\\\/www.organisator.ch\\\/management\\\/2024-08-22\\\/schwaches-geschaeftsklima-im-kmu-mem-sektor\\\/\"]}]},{\"@type\":\"ImageObject\",\"inLanguage\":\"de\",\"@id\":\"https:\\\/\\\/www.organisator.ch\\\/management\\\/2024-08-22\\\/schwaches-geschaeftsklima-im-kmu-mem-sektor\\\/#primaryimage\",\"url\":\"https:\\\/\\\/www.organisator.ch\\\/wp-content\\\/uploads\\\/2024\\\/08\\\/DE_Geschaeftsklimaindex_Bild1_ps.jpg\",\"contentUrl\":\"https:\\\/\\\/www.organisator.ch\\\/wp-content\\\/uploads\\\/2024\\\/08\\\/DE_Geschaeftsklimaindex_Bild1_ps.jpg\",\"width\":680,\"height\":594,\"caption\":\"(Bild: www.swissmechanic.ch)\"},{\"@type\":\"BreadcrumbList\",\"@id\":\"https:\\\/\\\/www.organisator.ch\\\/management\\\/2024-08-22\\\/schwaches-geschaeftsklima-im-kmu-mem-sektor\\\/#breadcrumb\",\"itemListElement\":[{\"@type\":\"ListItem\",\"position\":1,\"name\":\"Home\",\"item\":\"https:\\\/\\\/www.organisator.ch\\\/\"},{\"@type\":\"ListItem\",\"position\":2,\"name\":\"Schwaches Gesch\u00e4ftsklima im KMU-MEM-Sektor\"}]},{\"@type\":\"WebSite\",\"@id\":\"https:\\\/\\\/www.organisator.ch\\\/#website\",\"url\":\"https:\\\/\\\/www.organisator.ch\\\/\",\"name\":\"Organisator\",\"description\":\"Kompetent. Praxisnah. Der ORGANISATOR bereitet in 10 Ausgaben pro Jahr die wesentlichen Themen f\u00fcr F\u00fchrungskr\u00e4fte von KMU auf.\",\"publisher\":{\"@id\":\"https:\\\/\\\/www.organisator.ch\\\/#organization\"},\"potentialAction\":[{\"@type\":\"SearchAction\",\"target\":{\"@type\":\"EntryPoint\",\"urlTemplate\":\"https:\\\/\\\/www.organisator.ch\\\/?s={search_term_string}\"},\"query-input\":{\"@type\":\"PropertyValueSpecification\",\"valueRequired\":true,\"valueName\":\"search_term_string\"}}],\"inLanguage\":\"de\"},{\"@type\":\"Organization\",\"@id\":\"https:\\\/\\\/www.organisator.ch\\\/#organization\",\"name\":\"Organisator\",\"url\":\"https:\\\/\\\/www.organisator.ch\\\/\",\"logo\":{\"@type\":\"ImageObject\",\"inLanguage\":\"de\",\"@id\":\"https:\\\/\\\/www.organisator.ch\\\/#\\\/schema\\\/logo\\\/image\\\/\",\"url\":\"https:\\\/\\\/www.organisator.ch\\\/wp-content\\\/uploads\\\/2022\\\/01\\\/Logo_Organisator_Website.png\",\"contentUrl\":\"https:\\\/\\\/www.organisator.ch\\\/wp-content\\\/uploads\\\/2022\\\/01\\\/Logo_Organisator_Website.png\",\"width\":800,\"height\":77,\"caption\":\"Organisator\"},\"image\":{\"@id\":\"https:\\\/\\\/www.organisator.ch\\\/#\\\/schema\\\/logo\\\/image\\\/\"},\"sameAs\":[\"https:\\\/\\\/www.facebook.com\\\/OrganisatorFachmagazin\",\"https:\\\/\\\/www.linkedin.com\\\/showcase\\\/organisator-das-magazin-fr-kmu\",\"https:\\\/\\\/www.xing.com\\\/news\\\/pages\\\/organisator-ch-695\",\"https:\\\/\\\/www.youtube.com\\\/channel\\\/UCGP2Sq0iWaZwT3BdIAQFYpw\"]},{\"@type\":\"Person\",\"@id\":\"https:\\\/\\\/www.organisator.ch\\\/#\\\/schema\\\/person\\\/2e1314a2172123f874db408d8911d3f3\",\"name\":\"Adelisa Kalajdzini\",\"image\":{\"@type\":\"ImageObject\",\"inLanguage\":\"de\",\"@id\":\"https:\\\/\\\/secure.gravatar.com\\\/avatar\\\/09a397c22ac58cad6f160ee8306348599df9df58a8ede73696226897b9fa4b24?s=96&d=mm&r=g\",\"url\":\"https:\\\/\\\/secure.gravatar.com\\\/avatar\\\/09a397c22ac58cad6f160ee8306348599df9df58a8ede73696226897b9fa4b24?s=96&d=mm&r=g\",\"contentUrl\":\"https:\\\/\\\/secure.gravatar.com\\\/avatar\\\/09a397c22ac58cad6f160ee8306348599df9df58a8ede73696226897b9fa4b24?s=96&d=mm&r=g\",\"caption\":\"Adelisa Kalajdzini\"},\"url\":\"https:\\\/\\\/www.organisator.ch\\\/de\\\/author\\\/adelisa-kalajdzini\\\/\"}]}<\/script>\n<!-- \/ Yoast SEO plugin. -->","yoast_head_json":{"title":"Schwaches Gesch\u00e4ftsklima im KMU-MEM-Sektor - Organisator","description":"Der Swissmechanic KMU-MEM-Gesch\u00e4ftsklimaindex verharrt im Juli 2024 zum f\u00fcnften Mal in Folge im negativen Bereich.","robots":{"index":"index","follow":"follow","max-snippet":"max-snippet:-1","max-image-preview":"max-image-preview:large","max-video-preview":"max-video-preview:-1"},"canonical":"https:\/\/www.organisator.ch\/de\/management\/2024-08-22\/schwaches-geschaeftsklima-im-kmu-mem-sektor\/","og_locale":"de_DE","og_type":"article","og_title":"Schwaches Gesch\u00e4ftsklima im KMU-MEM-Sektor","og_description":"Der Swissmechanic KMU-MEM-Gesch\u00e4ftsklimaindex verharrt im Juli 2024 zum f\u00fcnften Mal in Folge im negativen Bereich.","og_url":"https:\/\/www.organisator.ch\/de\/management\/2024-08-22\/schwaches-geschaeftsklima-im-kmu-mem-sektor\/","og_site_name":"Organisator","article_publisher":"https:\/\/www.facebook.com\/OrganisatorFachmagazin","article_published_time":"2024-08-22T11:03:34+00:00","og_image":[{"width":680,"height":594,"url":"https:\/\/www.organisator.ch\/wp-content\/uploads\/2024\/08\/DE_Geschaeftsklimaindex_Bild1_ps.jpg","type":"image\/jpeg"}],"author":"Adelisa Kalajdzini","twitter_card":"summary_large_image","twitter_title":"Schwaches Gesch\u00e4ftsklima im KMU-MEM-Sektor","twitter_description":"Der #Swissmechanic #KMU-MEM-Gesch\u00e4ftsklimaindex verharrt im #Juli 2024 zum f\u00fcnften Mal in Folge im #negativen #Bereich.","twitter_image":"https:\/\/www.organisator.ch\/wp-content\/uploads\/2024\/08\/DE_Geschaeftsklimaindex_Bild1_ps.jpg","schema":{"@context":"https:\/\/schema.org","@graph":[{"@type":"Article","@id":"https:\/\/www.organisator.ch\/management\/2024-08-22\/schwaches-geschaeftsklima-im-kmu-mem-sektor\/#article","isPartOf":{"@id":"https:\/\/www.organisator.ch\/management\/2024-08-22\/schwaches-geschaeftsklima-im-kmu-mem-sektor\/"},"author":{"name":"Adelisa Kalajdzini","@id":"https:\/\/www.organisator.ch\/#\/schema\/person\/2e1314a2172123f874db408d8911d3f3"},"headline":"Schwaches Gesch\u00e4ftsklima im KMU-MEM-Sektor","datePublished":"2024-08-22T11:03:34+00:00","mainEntityOfPage":{"@id":"https:\/\/www.organisator.ch\/management\/2024-08-22\/schwaches-geschaeftsklima-im-kmu-mem-sektor\/"},"wordCount":398,"publisher":{"@id":"https:\/\/www.organisator.ch\/#organization"},"image":{"@id":"https:\/\/www.organisator.ch\/management\/2024-08-22\/schwaches-geschaeftsklima-im-kmu-mem-sektor\/#primaryimage"},"thumbnailUrl":"https:\/\/www.organisator.ch\/wp-content\/uploads\/2024\/08\/DE_Geschaeftsklimaindex_Bild1_ps.jpg","keywords":["KMU-MEM","Management","Schweiz","Swissmechanic","Unternehmen"],"articleSection":["MANAGEMENT"],"inLanguage":"de"},{"@type":"WebPage","@id":"https:\/\/www.organisator.ch\/management\/2024-08-22\/schwaches-geschaeftsklima-im-kmu-mem-sektor\/","url":"https:\/\/www.organisator.ch\/management\/2024-08-22\/schwaches-geschaeftsklima-im-kmu-mem-sektor\/","name":"Schwaches Gesch\u00e4ftsklima im KMU-MEM-Sektor - Organisator","isPartOf":{"@id":"https:\/\/www.organisator.ch\/#website"},"primaryImageOfPage":{"@id":"https:\/\/www.organisator.ch\/management\/2024-08-22\/schwaches-geschaeftsklima-im-kmu-mem-sektor\/#primaryimage"},"image":{"@id":"https:\/\/www.organisator.ch\/management\/2024-08-22\/schwaches-geschaeftsklima-im-kmu-mem-sektor\/#primaryimage"},"thumbnailUrl":"https:\/\/www.organisator.ch\/wp-content\/uploads\/2024\/08\/DE_Geschaeftsklimaindex_Bild1_ps.jpg","datePublished":"2024-08-22T11:03:34+00:00","description":"Der Swissmechanic KMU-MEM-Gesch\u00e4ftsklimaindex verharrt im Juli 2024 zum f\u00fcnften Mal in Folge im negativen Bereich.","breadcrumb":{"@id":"https:\/\/www.organisator.ch\/management\/2024-08-22\/schwaches-geschaeftsklima-im-kmu-mem-sektor\/#breadcrumb"},"inLanguage":"de","potentialAction":[{"@type":"ReadAction","target":["https:\/\/www.organisator.ch\/management\/2024-08-22\/schwaches-geschaeftsklima-im-kmu-mem-sektor\/"]}]},{"@type":"ImageObject","inLanguage":"de","@id":"https:\/\/www.organisator.ch\/management\/2024-08-22\/schwaches-geschaeftsklima-im-kmu-mem-sektor\/#primaryimage","url":"https:\/\/www.organisator.ch\/wp-content\/uploads\/2024\/08\/DE_Geschaeftsklimaindex_Bild1_ps.jpg","contentUrl":"https:\/\/www.organisator.ch\/wp-content\/uploads\/2024\/08\/DE_Geschaeftsklimaindex_Bild1_ps.jpg","width":680,"height":594,"caption":"(Bild: www.swissmechanic.ch)"},{"@type":"BreadcrumbList","@id":"https:\/\/www.organisator.ch\/management\/2024-08-22\/schwaches-geschaeftsklima-im-kmu-mem-sektor\/#breadcrumb","itemListElement":[{"@type":"ListItem","position":1,"name":"Home","item":"https:\/\/www.organisator.ch\/"},{"@type":"ListItem","position":2,"name":"Schwaches Gesch\u00e4ftsklima im KMU-MEM-Sektor"}]},{"@type":"WebSite","@id":"https:\/\/www.organisator.ch\/#website","url":"https:\/\/www.organisator.ch\/","name":"Organisator","description":"Kompetent. Praxisnah. Der ORGANISATOR bereitet in 10 Ausgaben pro Jahr die wesentlichen Themen f\u00fcr F\u00fchrungskr\u00e4fte von KMU auf.","publisher":{"@id":"https:\/\/www.organisator.ch\/#organization"},"potentialAction":[{"@type":"SearchAction","target":{"@type":"EntryPoint","urlTemplate":"https:\/\/www.organisator.ch\/?s={search_term_string}"},"query-input":{"@type":"PropertyValueSpecification","valueRequired":true,"valueName":"search_term_string"}}],"inLanguage":"de"},{"@type":"Organization","@id":"https:\/\/www.organisator.ch\/#organization","name":"Organisator","url":"https:\/\/www.organisator.ch\/","logo":{"@type":"ImageObject","inLanguage":"de","@id":"https:\/\/www.organisator.ch\/#\/schema\/logo\/image\/","url":"https:\/\/www.organisator.ch\/wp-content\/uploads\/2022\/01\/Logo_Organisator_Website.png","contentUrl":"https:\/\/www.organisator.ch\/wp-content\/uploads\/2022\/01\/Logo_Organisator_Website.png","width":800,"height":77,"caption":"Organisator"},"image":{"@id":"https:\/\/www.organisator.ch\/#\/schema\/logo\/image\/"},"sameAs":["https:\/\/www.facebook.com\/OrganisatorFachmagazin","https:\/\/www.linkedin.com\/showcase\/organisator-das-magazin-fr-kmu","https:\/\/www.xing.com\/news\/pages\/organisator-ch-695","https:\/\/www.youtube.com\/channel\/UCGP2Sq0iWaZwT3BdIAQFYpw"]},{"@type":"Person","@id":"https:\/\/www.organisator.ch\/#\/schema\/person\/2e1314a2172123f874db408d8911d3f3","name":"Adelisa Kalajdzini","image":{"@type":"ImageObject","inLanguage":"de","@id":"https:\/\/secure.gravatar.com\/avatar\/09a397c22ac58cad6f160ee8306348599df9df58a8ede73696226897b9fa4b24?s=96&d=mm&r=g","url":"https:\/\/secure.gravatar.com\/avatar\/09a397c22ac58cad6f160ee8306348599df9df58a8ede73696226897b9fa4b24?s=96&d=mm&r=g","contentUrl":"https:\/\/secure.gravatar.com\/avatar\/09a397c22ac58cad6f160ee8306348599df9df58a8ede73696226897b9fa4b24?s=96&d=mm&r=g","caption":"Adelisa Kalajdzini"},"url":"https:\/\/www.organisator.ch\/de\/author\/adelisa-kalajdzini\/"}]}},"_links":{"self":[{"href":"https:\/\/www.organisator.ch\/de\/wp-json\/wp\/v2\/posts\/29188","targetHints":{"allow":["GET"]}}],"collection":[{"href":"https:\/\/www.organisator.ch\/de\/wp-json\/wp\/v2\/posts"}],"about":[{"href":"https:\/\/www.organisator.ch\/de\/wp-json\/wp\/v2\/types\/post"}],"author":[{"embeddable":true,"href":"https:\/\/www.organisator.ch\/de\/wp-json\/wp\/v2\/users\/58"}],"replies":[{"embeddable":true,"href":"https:\/\/www.organisator.ch\/de\/wp-json\/wp\/v2\/comments?post=29188"}],"version-history":[{"count":4,"href":"https:\/\/www.organisator.ch\/de\/wp-json\/wp\/v2\/posts\/29188\/revisions"}],"predecessor-version":[{"id":29258,"href":"https:\/\/www.organisator.ch\/de\/wp-json\/wp\/v2\/posts\/29188\/revisions\/29258"}],"wp:featuredmedia":[{"embeddable":true,"href":"https:\/\/www.organisator.ch\/de\/wp-json\/wp\/v2\/media\/29190"}],"wp:attachment":[{"href":"https:\/\/www.organisator.ch\/de\/wp-json\/wp\/v2\/media?parent=29188"}],"wp:term":[{"taxonomy":"category","embeddable":true,"href":"https:\/\/www.organisator.ch\/de\/wp-json\/wp\/v2\/categories?post=29188"},{"taxonomy":"post_tag","embeddable":true,"href":"https:\/\/www.organisator.ch\/de\/wp-json\/wp\/v2\/tags?post=29188"}],"curies":[{"name":"wp","href":"https:\/\/api.w.org\/{rel}","templated":true}]}}