{"id":2923,"date":"2020-03-16T15:01:00","date_gmt":"2020-03-16T14:01:00","guid":{"rendered":"https:\/\/www.umweltperspektiven.ch\/?p=2923"},"modified":"2022-02-09T11:06:50","modified_gmt":"2022-02-09T10:06:50","slug":"waldabholzungen-corona-und-fledermaeuse-zur-entstehung-einer-ansteckenden-epidemie","status":"publish","type":"post","link":"https:\/\/www.organisator.ch\/de\/sustainability\/2020-03-16\/waldabholzungen-corona-und-fledermaeuse-zur-entstehung-einer-ansteckenden-epidemie\/","title":{"rendered":"Waldabholzungen, Corona und Flederm\u00e4use: Zur Entstehung einer ansteckenden Epidemie"},"content":{"rendered":"<figure id=\"attachment_2924\" aria-describedby=\"caption-attachment-2924\" style=\"width: 680px\" class=\"wp-caption alignnone\"><img loading=\"lazy\" decoding=\"async\" class=\"size-medium wp-image-2924\" src=\"\/\/www.umweltperspektiven.ch\/wp-content\/uploads\/2020\/03\/Corona-Waldabholzungen-Flederm\u00e4use-UP_Umwelt-Perspektiven.jpg\" alt=\"\" width=\"680\" height=\"453\" \/><figcaption id=\"caption-attachment-2924\" class=\"wp-caption-text\">Wenn es darum geht, die Verbreitung von Coronaviren einzud\u00e4mmen, wird es noch wichtiger, die Menschen \u00fcber menschengemachte Umweltrisiken (z. B. zwischen Mensch und Tier) aufzukl\u00e4ren. Symbolbild: Unsplash<\/figcaption><\/figure>\n<p>Die COVID-19-Pandemie (umgangssprachlich auch \u00abCoronavirus-Pandemie\u00bb, \u00abCorona-Krise\u00bb beschrieben) ist ein <a href=\"\/\/de.wikipedia.org\/wiki\/Epidemiologie#Endemie,_Epidemie_und_Pandemie\">Ausbruch<\/a> der neuartigen <a href=\"\/\/de.wikipedia.org\/wiki\/Atemwegserkrankung\">Atemwegserkrankung<\/a> <a href=\"\/\/de.wikipedia.org\/wiki\/COVID-19\">COVID-19<\/a> (oder \u201eCovid-19\u201c, f\u00fcr <em>Corona virus disease 2019<\/em>). Bereits im Januar 2020 wurden erste Ansteckungen ausserhalb der Volksrepublik China gemeldet, doch erst seit dem 11. M\u00e4rz 2020 geht die Weltgesundheitsorganisation WHO offiziell von einer Pandemie (der ersten seit der Pandemie H1N1 2009\/10) aus.<\/p>\n<p>\u00ab1997, als Rauchwolken \u00fcber den Regenw\u00e4ldern Indonesiens hingen, weil ein Gebiet von etwa der Gr\u00f6sse Pennsylvanias verbrannt wurde um Platz f\u00fcr die Landwirtschaft zu schaffen &#8211; wobei die Br\u00e4nde durch die D\u00fcrre weiter verschlimmert wurden \u2013 konnten die im Dunst erstickten B\u00e4ume keine Fr\u00fcchte mehr produzieren. Hierdurch fanden die ans\u00e4ssigen Flederm\u00e4use f\u00fcr ihre Nahrungssuche keine andere M\u00f6glichkeit, anderswohin zu fliegen und eine t\u00f6dliche Krankheit mit sich zu tragen\u00bb, beginnt der Artikel der freischaffenden Wissenschaftsjournalistin Katarina Zimmer, welcher am 22. November 2019 \u00fcber National Geographic ver\u00f6ffentlicht wurde.<\/p>\n<p>Zimmer schreibt, dass sich darauf hin Flederm\u00e4use in malaysischen Orchideenb\u00e4umen versteckten. Schweine seien pl\u00f6tzlich krank geworden. M\u00f6glicherweise assen sie heruntergefallene, verdorrte Fr\u00fcchte, an denen die Flederm\u00e4use zuvor herumnibbelten. Malaysische Bauern h\u00e4tten von diesen Fr\u00fcchten probiert.1999 stellte man bei 265 Menschen eine gef\u00e4hrliche Hirnentz\u00fcndung fest, wobei 105 Menschen am so genannten Nipah Virus den Tod erlitten haben.<\/p>\n<p>Gleich mehrere Forscher weisen darauf hin, dass das Nipah Virus nur eine von vielen ansteckenden Krankheiten aus solchen Regionen darstellt, wo seit Jahrzehnten massiv gerodet wird. Diverse wissenschaftlich belegte Studien gehen von einem Kausalzusammenhang zwischen Waldabholzungen und einer komplexen Kaskade von Ereignissen aus, die schliesslich krankheitserregende Viren in jede Ecke der Welt bef\u00f6rdern.<\/p>\n<p><strong>Moskitostiche und menschengemachte \u00abMultiplikatoren\u00bb \u00a0\u00a0<\/strong><\/p>\n<p>In einer komplexen Analyse von Satelliten- und Gesundheitsdaten, die vor kurzem in der Zeitschrift \u00abProceedings of the National Academy of Sciences\u00bb ver\u00f6ffentlicht wurde, berichtete Erin Mordecai von der MacDonald und der Stanford Universit\u00e4t \u00fcber einen signifikanten Einfluss der Abholzung des Amazonasbeckens auf die \u00dcbertragung von Malaria &#8211; dies in \u00dcbereinstimmung mit einigen fr\u00fcheren Untersuchungen.<\/p>\n<p>Es sind zwar Hochsch\u00e4tzungen, doch die Ausmasse leuchten ein: Zwischen 2003 und 2015 registriert man einen j\u00e4hrlichen Anstieg des Waldverlustes um 10 Prozent. Die Malariaf\u00e4lle sind in dieser Zeit j\u00e4hrlich um 3 Prozent angestiegen. In einem Jahr der Studie wurde beispielsweise ein zus\u00e4tzliches St\u00fcck gerodeter Wald von 618 Quadratkilometern (1\u2019600 Quadratkilometer) &#8211; das entspricht fast 300\u2019000 Fussballfeldern &#8211; mit zus\u00e4tzlichen 10\u2019000 Malariaf\u00e4llen in Verbindung gebracht.<\/p>\n<p>Dieser Effekt war im Waldinneren am st\u00e4rksten ausgepr\u00e4gt gewesen. Hier seien die Waldfl\u00e4chen noch intakt, wobei an deren R\u00e4ndern die M\u00fccken einen feuchten Lebensraum besiedeln.<\/p>\n<blockquote><p>&#8222;Weil die von B\u00e4umen ges\u00e4umten M\u00fcckenlichtungen verschwinden, k\u00f6nnten Ansteckungen in urbanen Gebieten steigen.&#8220;<\/p><\/blockquote>\n<p>Andere Untersuchungen, so etwas jene der Epidmiologin Amy Vittor am Emerging Pathogens Institute der Universit\u00e4t von Florida, zeigen: Entlang der abgeholzten Waldr\u00e4nder bildet sich ein idealer Lebensraum f\u00fcr die Brut der M\u00fccke Anopheles darlingi, dem wichtigsten \u00dcbertr\u00e4ger der Malaria im Amazonasgebiet.<\/p>\n<p>Durch sorgf\u00e4ltige Untersuchungen im peruanischen Amazonasgebiet fand Vittor eine h\u00f6here Anzahl von Larven in warmen, teilweise schattigen T\u00fcmpeln, die sich neben in den Wald geschnittenen Strassen und Tr\u00fcmmern bildeten. &#8222;Das waren die Orte, an denen Anopheles darlingi sich wirklich gerne aufhalten&#8220;, erinnert sich die Forscherin.<\/p>\n<p>Angesichts des anhaltenden Brandes im Amazonasgebiet im Jahr 2019 liessen diese Ergebnisse nichts Gutes ahnen. Daten, die im November 2019 ver\u00f6ffentlicht wurden, zeigen, dass 2019 im Amazonasgebiet ein Fl\u00e4che zerst\u00f6rt wurde, das zw\u00f6lfmal so gross wie New York City ist. Allerdings kann an solchen niedergem\u00e4hten Orten kein Regenwasser von B\u00e4umen und Pflanzen regeneriert werden.<\/p>\n<p><strong>Konklusion: Fledertiere als \u00dcbertr\u00e4ger der CoV-Krankheit? \u00a0\u00a0<\/strong><\/p>\n<p>Die im April 2018 publizierte Arbeit mit dem Titel \u00abBats, Coronaviruses, and Deforestation: Toward the Emergence of Novel Infectious Diseases?\u00bb (Quelle: US National Library of Medicine \/ National Institutes of Health) von <a href=\"\/\/www.ncbi.nlm.nih.gov\/pubmed\/?term=Afelt%20A%5BAuthor%5D&amp;cauthor=true&amp;cauthor_uid=29696007\">Aneta Afelt<\/a>, <a href=\"\/\/www.ncbi.nlm.nih.gov\/pubmed\/?term=Frutos%20R%5BAuthor%5D&amp;cauthor=true&amp;cauthor_uid=29696007\">Roger Frutos<\/a> und <a href=\"\/\/www.ncbi.nlm.nih.gov\/pubmed\/?term=Devaux%20C%5BAuthor%5D&amp;cauthor=true&amp;cauthor_uid=29696007\">Christian Devaux<\/a> stellt einen klaren Bezug zwischen Flederm\u00e4usen, Waldrodungen und Coronaviren her. Aufgrund der sich entwickelnden Landnutzung siedeln sich Fledermauspopulationen in Gebieten an, die n\u00e4her an menschlichen Behausungen liegen (Reuter et al., 2016).<\/p>\n<p>Die Forscher differenzieren jedoch zwischen Mensch und Tier:<\/p>\n<p>\u00abObwohl menschliches Blut in der Nahrung von D. ecaudata-Flederm\u00e4usen in Brasilien gefunden wurde (Ito et al., 2016), was darauf hinweist, dass sich Flederm\u00e4use von Menschen ern\u00e4hren k\u00f6nnen, ist dies eine Ausnahme. Dar\u00fcber hinaus gibt es, vielleicht mit Ausnahme des Australischen Fledermaus-Lyssavirus (ABLV) und des Duvanhage-Virus, keinen eindeutigen Fall einer direkten \u00dcbertragung des Virus von Flederm\u00e4usen auf den Menschen (Tignor et al., 1977; Hanna et al., 2000; Paweska et al., 2006).\u00bb<\/p>\n<p>Die Experten meinen sogar, dass Flederm\u00e4use n\u00fctzlicher sind, als viele annehmen. Flederm\u00e4use helfen etwa, Obstb\u00e4ume zu best\u00e4uben (Whittnaker et al., 1992; Kelm et al., 2008) und sie w\u00fcrden auch die Insektenpopulationen eind\u00e4mmen helfen (Leelapaibul et al., 2005; Kalka et al., 2008). Heutzutage werden jedoch in Asien gegen 56 Fledermausarten von einkommensschwachen Populationen gejagt und verzehrt (Mildenstein et al., 2016). Sie werden auch in der traditionellen Medizin (Walker, 2005; Ashwell und Walston, 2008) und in landwirtschaftlichen Betrieben zur Herstellung von Guano D\u00fcnger verwendet (Chhay, 2012; Thi et al., 2014).<\/p>\n<p>&nbsp;<\/p>\n<p><img loading=\"lazy\" decoding=\"async\" class=\"alignnone size-medium wp-image-2925\" src=\"\/\/www.umweltperspektiven.ch\/wp-content\/uploads\/2020\/03\/Waldabholzungen-Corona-und-Flederm\u00e4use-Zur-Entstehung-einer-ansteckenden-Epidemie-UP_Umwelt-Perspektiven.jpg\" alt=\"\" width=\"680\" height=\"451\" \/><\/p>\n<p>Die Analysen der oben erw\u00e4hnten Forschenden unterstreichen jedoch, dass es bereits vor dem SARS-Ausbruch 2002 mehrere CoV-\u00dcbertragungsereignisse zwischen Flederm\u00e4usen, Zibetkatzen und Menschen stattgefunden h\u00e4tten (Zheng et al., 2004). In ihrer Publikation heisst es zum Beispiel: \u00abDas biologische Problem der Virusentstehung hat sich nicht grundlegend ge\u00e4ndert, jedoch steigt die Wahrscheinlichkeit des Auftretens des Risikos aufgrund von Umwelt-Belastungen und -Ver\u00e4nderungen.\u00bb<\/p>\n<p><strong>Anthropization und Auftretens von Krankheiten<\/strong><\/p>\n<p>Unter <strong>Anthropization<\/strong> oder Anthropisierung (aus dem Englischen \u00fcbersetzt) versteht man in der Geographie und \u00d6kologie die Umwandlung von Freifl\u00e4chen, Landschaften und nat\u00fcrlichen Umgebungen durch menschliches Handeln. Unter \u00abanthropische Erosion\u00bb wird etwa der Prozess menschlichen Handelns, welches das Terrain und den Boden verschlechtert, beschrieben.<\/p>\n<p>L\u00e4ndliche Gebiete sind durch eine grosse Vielfalt von Landschaften gekennzeichnet, die H\u00e4user, Scheunen, Felder, Obstg\u00e4rten und W\u00e4lder unterschiedlicher Dichte umfassen. Es wird allgemein angenommen, dass Entwaldung und Anthropisierung zum Verschwinden von Arten f\u00fchren k\u00f6nnen. Dies ist allerdings nicht immer wahr, wenn neue Umgebungen einen akzeptablen Lebensraum f\u00fcr eine grosse Anzahl von Tieren bieten und beispielsweise eine h\u00f6here Diversit\u00e4t von Flederm\u00e4usen beg\u00fcnstigen.<\/p>\n<p>Dar\u00fcber hinaus ziehen Hauslichter nachts eine grosse Anzahl von Insekten an, die eine leichte Beute f\u00fcr insektenfressende Flederm\u00e4use darstellen. H\u00e4user und Scheunen bieten h\u00f6hlenbewohnenden Flederm\u00e4usen Unterschlupf, w\u00e4hrend Obstg\u00e4rten und Felder frugivore Flederm\u00e4use anziehen. Dieser attraktive Effekt der anthropisierten Umgebung auf Flederm\u00e4use mit unterschiedlichen biologischen Bed\u00fcrfnissen f\u00fchrt zu einer h\u00f6heren Konzentration und Biodiversit\u00e4t von Fledermausviren (Han et al., 2015; Plowright et al., 2015; Reuter et al., 2016; Lacroix et al., 2017a,b; Walsh et al., 2017; Afelt et al., 2018).<\/p>\n<p>Dies erh\u00f6ht das Risiko der \u00dcbertragung von Viren durch direkten Kontakt, Haustierinfektionen oder Kontamination durch Urin oder Kot. Denn Flederm\u00e4use erzeugen ebenso Viren neben menschlichen Behausungen (Plowright et al., 2015; Afelt et al., 2018). Weil CoVs (siehe Infobox &#8222;<strong>Neuartige Fledermaus-CoV-Krankheit&#8220;<\/strong>) in erster Linie Erreger von Tierkrankheiten sind, besteht das Risiko des Auftretens von Krankheiten sowohl bei Haustierkrankheiten als auch bei Krankheiten des Menschen.<\/p>\n<p><strong>Tier-\u00fcbertragene Viren: ein historischer Feind mit einer gl\u00e4nzenden Zukunft<\/strong><\/p>\n<p>Das neuartige Coronavirus wird als <strong>SARS-CoV-2<\/strong> (Severe Acute Respiratory Syndrome Coronavirus 2) bezeichnet. Die von dem Virus ausgel\u00f6ste\u00a0Atemwegserkrankung heisst <strong>COVID-19 <\/strong>(Coronavirus disease 2019).<\/p>\n<p>In j\u00fcngster Zeit sind gr\u00f6ssere Infektionen des Menschen durch Fledermausviren dokumentiert worden, obwohl sie m\u00f6glicherweise schon fr\u00fcher in der Geschichte aufgetreten sind. Coronaviren (CoVs abgek\u00fcrzt) wurden meist mit Tierkrankheiten in Verbindung gebracht, wobei Vieh und Haustiere als Zwischentr\u00e4ger f\u00fcr die \u00dcbertragung auf den Menschen fungierten.<\/p>\n<p>Etwa 4,4 Prozent der Ratten, die auf drei Lebendm\u00e4rkten in der Region des Mekong-Deltas in Vietnam verkauft wurden, und 22 Prozent der Flederm\u00e4use, die in drei Fledermausfarmen beprobt wurden, trugen CoV, was ein hohes Mass an Tierkontamination darstellt (Berto et al., 2017). Bevor SARS-CoV und MERS-CoV beim Menschen auftraten, wurden die vier bekannten menschlichen CoVs (HCoV-HKU1, HCoV-229E, HCoV-NL63 und HCoV-OC43) als endemisch und verantwortlich f\u00fcr leichte bis mittlere Atemwegserkrankungen w\u00e4hrend mehr als drei Jahrzehnten gemeldet.<\/p>\n<p>Es gibt Hinweise darauf, dass Alpha-CoVs der Fledermaus Hipposideros caffer ruber gemeinsame Vorfahren mit menschlichem HCoV-229E haben (Pfefferle et al., 2009) und dass ein verwandtes Virus gefangene Alpakas (Vicugna pacos) infizierte, w\u00e4hrend ein anderes verwandtes Virus Kamele infizierte (Corman et al., 2016).<\/p>\n<p>Dar\u00fcber hinaus zeigt HCoV-NL63, das in 9,3 Prozent der Proben von Personen gefunden wurde, die wegen Atemwegserkrankungen ins Krankenhaus eingeliefert wurden. Es bestehen also Sequenz\u00e4hnlichkeiten zwischen Fledermaus (Perimyotis subflavus) CoV ARCoV.2 und angesteckten Menschen, w\u00e4hrend HCoV-NL63 sich in Zelllinien aus der Lunge von dreifarbigen Flederm\u00e4usen vermehren kann (Huynh et al., 2012).<\/p>\n<p>MERS-CoV ist sowohl mit Fledermaus-CoV HKU4 (bei Tylonycteris-Flederm\u00e4usen) als auch mit Fledermaus-CoV HKU5 (bei Pipistrellus-Flederm\u00e4usen) eng verwandt. Insgesamt veranschaulichen diese Daten die komplexe Dynamik der CoV-Zirkulation zwischen Flederm\u00e4usen und Wild- oder Haustieren (Rind, Schwein) vor der Kreuzung mit dem Menschen.<\/p>\n<p>Flederm\u00e4use m\u00fcssen jedoch nicht unbedingt an Prim\u00e4rinfektionen der Menschen beteiligt sein. Allerdings, so schreiben <a href=\"\/\/www.ncbi.nlm.nih.gov\/pubmed\/?term=Afelt%20A%5BAuthor%5D&amp;cauthor=true&amp;cauthor_uid=29696007\">Aneta Afelt<\/a>, <a href=\"\/\/www.ncbi.nlm.nih.gov\/pubmed\/?term=Frutos%20R%5BAuthor%5D&amp;cauthor=true&amp;cauthor_uid=29696007\">Roger Frutos<\/a> und <a href=\"\/\/www.ncbi.nlm.nih.gov\/pubmed\/?term=Devaux%20C%5BAuthor%5D&amp;cauthor=true&amp;cauthor_uid=29696007\">Christian Devaux<\/a> in ihrer 2018 ver\u00f6ffentlichten Studie mit dem Titel \u00abBats, Coronaviruses, and Deforestation: Toward the Emergence of Novel Infectious Diseases?\u00bb:<\/p>\n<p>\u00abAnders verh\u00e4lt es sich mit dem Auftreten eines neuartigen Erregers innerhalb der immunologisch aktiven menschlichen Population. In einem solchen Fall ist das Risiko grosser Epidemien bei gleichzeitig hoher Mortalit\u00e4t sehr hoch. Einmal an den Menschen angepasst, k\u00f6nnen CoVs sich weiterentwickeln, um einen effizienteren Intra-Spezies-\u00dcbertragungsmodus zu entwickeln. W\u00e4hrend der SARS-Ausbr\u00fcche in Taiwan und Toronto waren bestimmte Personen sehr effizient bei der \u00dcbertragung von SARS-CoV und wurden als &#8222;Superspreader&#8220; bezeichnet (McDonald et al., 2004).<\/p>\n<p>Insgesamt 83,2 Prozent der \u00dcbertragungsereignisse standen in epidemiologischem Zusammenhang mit f\u00fcnf &#8222;Superspreadern&#8220;, die alle eine bei der ersten medizinischen Konsultation diagnostizierte Lungenentz\u00fcndung hatten.<\/p>\n<p><strong>Resum\u00e9e (zur Verbreitung von Coronaviren) <\/strong><\/p>\n<p>Da der zunehmende Einfluss menschlicher Aktivit\u00e4ten auf die \u00d6kosysteme wahrscheinlich nicht nachlassen wird, ist es notwendig, die CoV-\u00dcberwachung bei Wildtieren, Rindern, Haustieren und Menschen zu verst\u00e4rken, um die Dynamik der \u00dcbertragung zwischen den Arten besser zu verstehen und die Risikobewertung, Fr\u00fchwarnung und Intervention zu verbessern (Devaux, 2012).<\/p>\n<p>Leider ist das Problem der durch Flederm\u00e4use \u00fcbertragenen Viren nicht auf CoVs beschr\u00e4nkt. Von den 60 Virusspezies, die mit Flederm\u00e4usen assoziiert sein sollen, sind 59 RNA-Viren, die m\u00f6glicherweise f\u00fcr das Auftreten und Wiederauftreten von Infektionskrankheiten beim Menschen verantwortlich sein k\u00f6nnten (Brook und Dobson, 2015).<\/p>\n<p>Steht nun jedoch das Risiko f\u00fcr das Auftreten von Krankheiten in direktem Zusammenhang in der Verbreitung von Fledermausarten? Mehrere Beispiele sind in anderen Virusfamilien zu finden. Das Hendra-Virus wurde 1994 nach dem Tod von 30 Pferden und 1 Mann in Hendra, Australien, nachgewiesen. Die wahrscheinlichste Art der Kontamination durch den Menschen waren Aerosole von kranken Pferden, die zun\u00e4chst durch Urin oder amniotische Fl\u00fcssigkeit von Pteropus-Flederm\u00e4usen kontaminiert wurden (Weatherman et al., 2017). Das Nipah-Virus ist ein weiteres Beispiel f\u00fcr die kombinierte Wirkung von Abholzung und Anziehung auf anthropisierte Umgebungen. Von der Abholzung betroffene Pteropus-Flederm\u00e4use siedelten sich in St\u00e4llen an, wo sie das Virus auf Schweine \u00fcbertrugen, die wiederum Menschen infizierten (Chadha et al., 2006).<\/p>\n<blockquote><p>&#8222;Es bleib offensichtlich, dass das Risiko, dass neue Viren entstehen, sehr hoch ist.&#8220;<\/p><\/blockquote>\n<p>Anthony und Kollegen haben gesch\u00e4tzt, dass 2018 mindestens 3\u2019204 CoVs in Flederm\u00e4usen im Umlauf sind (Anthony et al., 2017). Unabh\u00e4ngig von der Genauigkeit dieser Vorhersage bleibt es offensichtlich, dass das Risiko, dass neue Viren aus Flederm\u00e4usen entstehen, wahrscheinlich sehr hoch ist. Da nun vor allem der asiatische Kontinent \u2013 neben S\u00fcdamerika &#8211; zu den Regionen der Welt geh\u00f6rt, in denen das Bev\u00f6lkerungswachstum am st\u00e4rksten, hingegen die Entwaldungsrate extrem ist, erf\u00fcllt sie alle Voraussetzungen &#8211; siehe auch sanit\u00e4re Bedingen &#8211; um zum Ort des Auftretens oder Wiederauftretens von Infektionskrankheiten zu werden.<\/p>\n<p>Das &#8222;One Health&#8220;-Konzept erkennt an, dass die menschliche Gesundheit mit der Tiergesundheit und der Umwelt verbunden ist. Allerdings ist die Weltbev\u00f6lkerung mit so einigen Problemen konfrontiert, was die Zunahme der st\u00e4dtischen Population, die Abnahme der landwirtschaftlichen Nutzfl\u00e4chen und die vielerorts schlecht gesteuerte Urbanisierung anbetrifft.<\/p>\n<p>&nbsp;<\/p>\n<blockquote>\n<figure id=\"attachment_2926\" aria-describedby=\"caption-attachment-2926\" style=\"width: 680px\" class=\"wp-caption alignnone\"><img loading=\"lazy\" decoding=\"async\" class=\"size-medium wp-image-2926\" src=\"\/\/www.umweltperspektiven.ch\/wp-content\/uploads\/2020\/03\/Abrodung_Waldabholzungen-Corona-und-Flederm\u00e4use-Zur-Entstehung-einer-ansteckenden-Epidemie-UP_Umwelt-Perspektiven-.jpg\" alt=\"\" width=\"680\" height=\"453\" \/><figcaption id=\"caption-attachment-2926\" class=\"wp-caption-text\">Ein asiatischer Bauer l\u00f6scht in der N\u00e4he des Urwalds &#8222;Abfall&#8220;. Feuer und Rauch, aber auch ein im Staub enthaltener Kot von Flederm\u00e4usen k\u00f6nnte m\u00f6glicherweise durch die Luft verbreitet werden. (Bild: Unsplash)<\/figcaption><\/figure><\/blockquote>\n<p>&nbsp;<\/p>\n<p>Infobox:<\/p>\n<p><strong>Neuartige Fledermaus-CoV-Krankheit<\/strong><\/p>\n<p><em>Coronaviren (CoV) wurden schon l\u00e4ngere Zeit mit diversen Tierkrankheiten in Verbindung gebracht, so zum Beispiel zeigen V\u00f6gel infekti\u00f6se Corona-Ansteckungen, doch gibt es auch bei Rindern die Atemwegsinfektion (BRD-BCoV), K\u00e4lberdurchfall, bei Schweinen und Hunden SDCV, PEDV, SECD, bei Feline, bei Tieren aus der Familie der Katzen Darmerkrankungen oder die infektion\u00f6se Peritonitis (Saif, 2014).<\/em><\/p>\n<p><em>Bei den Menschen gab es schon immer Influenza-Wellen und gew\u00f6hnlichen Erk\u00e4ltungen. Allerdings trat 2002 in China SARS auf und verbreitete sich exponentiell in 29 weiteren L\u00e4ndern mit einer Sterblichkeitsrate von 10 Prozent. In j\u00fcngerer Zeit wies der MERS-CoV-Ausbruch in Saudi-Arabien im Jahr 2012 eine Sterblichkeitsrate von 38 Prozent auf. Das Auftreten dieser beiden Ereignisse mit hoch pathogenen CoVs wirft ein Licht auf die Bedrohung, die von Coronaviren f\u00fcr den Menschen ausgeht.<\/em><\/p>\n<p><em>Flederm\u00e4use beherbergen viele Viren (Calisher et al., 2006), insbesondere Coronaviren, die 31 Prozent ihres Viroms ausmachen (Chen et al., 2014). Dar\u00fcber hinaus zeigen Flederm\u00e4use eine bemerkenswerte Resistenz gegen Viren (Omatsu et al., 2007; Storm et al., 2018). Das Risiko des Auftretens einer neuartigen Fledermaus-CoV-Krankheit ist daher absehbar. (mm)<\/em><\/p>\n<p>&nbsp;<\/p>\n<p>Hinweis:<\/p>\n<p><em><strong>Forschende wiesen bereits vor Jahren auf die \u00abSuperspreader\u00bb hin \u00a0<\/strong><\/em><\/p>\n<p><em>Es wird sicherlich entscheidend sein, den &#8222;Superspreadern&#8220; besondere Aufmerksamkeit zu widmen, die sehr effizient CoVs durch die Exposition mit Atemtr\u00f6pfchen \u00fcbertragen, heisst es zum Beispiel in der Studie \u00abBats, Coronaviruses, and Deforestation: Toward the Emergence of Novel Infectious Diseases?\u00bb, die im April 2018 im US National Library of Medicine \/ National Institutes of Health publiziert wurde. So lautet ein Abschnitt hieraus:<\/em><\/p>\n<p><em>\u00abDie Entstehung einer Krankheit ist ein zuf\u00e4lliger Prozess, und es ist daher unm\u00f6glich, die Szenarien und die Dynamik neu auftretender Infektionskrankheiten vorherzusagen. Die attraktive Wirkung anthropisierter Umgebungen auf Flederm\u00e4use ist ein wichtiger Risikofaktor f\u00fcr das Auftreten neuartiger, von Flederm\u00e4usen \u00fcbertragener Krankheiten sowohl bei Menschen als auch bei Tieren. Angesichts des Anteils der beschriebenen CoVs bei Flederm\u00e4usen, d. h. 31 Prozent, sollte das Risiko neu auftretender CoV-assoziierter Krankheiten in der Zukunft ernsthaft in Betracht gezogen werden.\u00bb<\/em><\/p>\n<p><em>Wenn es vorrangig darum geht, therapeutische Optionen und Impfstoffe zu entdecken (Graham et al., 2013; Zumla et al., 2016), ist es noch wichtiger, an der Aufkl\u00e4rung und Sensibilisierung der Menschen f\u00fcr die mit der anthropisierten Umwelt verbundenen Risiken zu arbeiten.<\/em><\/p>\n<p><a href=\"\/\/www.ncbi.nlm.nih.gov\/pmc\/articles\/PMC5904276\/\"><em>Zur Referenzenliste<\/em> <\/a><\/p>\n<p id=\"__p13\"><em>The authors declare that the research was conducted in the absence of any commercial or financial relationships that could be construed as a potential conflict of interest.<\/em><\/p>\n<p>&nbsp;<\/p>\n<p>&nbsp;<\/p>\n<p>Copyright der oben ver\u00f6ffentlichten Texte:<\/p>\n<p>Michael Merz, UmweltPERSPEKTIVEN<\/p>\n<p>&nbsp;<\/p>\n<p>&nbsp;<\/p>\n<p>&nbsp;<\/p>\n","protected":false},"excerpt":{"rendered":"<p>Die COVID-19-Pandemie (umgangssprachlich auch \u00abCoronavirus-Pandemie\u00bb, \u00abCorona-Krise\u00bb beschrieben) ist ein Ausbruch der neuartigen Atemwegserkrankung COVID-19 (oder \u201eCovid-19\u201c, f\u00fcr Corona virus disease 2019). Bereits im Januar 2020 wurden erste Ansteckungen ausserhalb der Volksrepublik China gemeldet, doch erst seit dem 11. M\u00e4rz 2020 geht die Weltgesundheitsorganisation WHO offiziell von einer Pandemie (der ersten seit der Pandemie H1N1 2009\/10) [&hellip;]<\/p>\n","protected":false},"author":5,"featured_media":9686,"comment_status":"closed","ping_status":"closed","sticky":false,"template":"","format":"standard","meta":{"_acf_changed":false,"_yoast_wpseo_focuskw":"Corona","_yoast_wpseo_metadesc":"Waldabholzungen, Corona und Flederm\u00e4use: Seit die W\u00e4lder gerodet werden, warnen Experten vor Umweltrisiken wie CoV. Zur Entstehung einer Epidemie.","articlekey":"","footnotes":""},"categories":[580],"tags":[713,714,715,946,949,951,953,968,1190,460,2476],"class_list":["post-2923","post","type-post","status-publish","format-standard","has-post-thumbnail","hentry","category-sustainability","tag-ansteckende-krankheiten","tag-anthropisierung","tag-anthropization","tag-corona","tag-coronaviren","tag-cov","tag-covid-19","tag-deforestation","tag-fledermaeuse","tag-studien","tag-viren"],"acf":[],"yoast_head":"<!-- This site is optimized with the Yoast SEO plugin v27.4 - https:\/\/yoast.com\/product\/yoast-seo-wordpress\/ -->\n<title>Waldabholzungen, Corona und Flederm\u00e4use: Zur Entstehung einer ansteckenden Epidemie - Organisator<\/title>\n<meta name=\"description\" content=\"Waldabholzungen, Corona und Flederm\u00e4use: Seit die W\u00e4lder gerodet werden, warnen Experten vor Umweltrisiken wie CoV. Zur Entstehung einer Epidemie.\" \/>\n<meta name=\"robots\" content=\"index, follow, max-snippet:-1, max-image-preview:large, max-video-preview:-1\" \/>\n<link rel=\"canonical\" href=\"https:\/\/www.organisator.ch\/de\/sustainability\/2020-03-16\/waldabholzungen-corona-und-fledermaeuse-zur-entstehung-einer-ansteckenden-epidemie\/\" \/>\n<meta property=\"og:locale\" content=\"de_DE\" \/>\n<meta property=\"og:type\" content=\"article\" \/>\n<meta property=\"og:title\" content=\"Waldabholzungen, Corona und Flederm\u00e4use: Zur Entstehung einer ansteckenden Epidemie - Organisator\" \/>\n<meta property=\"og:description\" content=\"Waldabholzungen, Corona und Flederm\u00e4use: Seit die W\u00e4lder gerodet werden, warnen Experten vor Umweltrisiken wie CoV. Zur Entstehung einer Epidemie.\" \/>\n<meta property=\"og:url\" content=\"https:\/\/www.organisator.ch\/de\/sustainability\/2020-03-16\/waldabholzungen-corona-und-fledermaeuse-zur-entstehung-einer-ansteckenden-epidemie\/\" \/>\n<meta property=\"og:site_name\" content=\"Organisator\" \/>\n<meta property=\"article:publisher\" content=\"https:\/\/www.facebook.com\/OrganisatorFachmagazin\" \/>\n<meta property=\"article:published_time\" content=\"2020-03-16T14:01:00+00:00\" \/>\n<meta property=\"article:modified_time\" content=\"2022-02-09T10:06:50+00:00\" \/>\n<meta property=\"og:image\" content=\"https:\/\/www.organisator.ch\/wp-content\/uploads\/2020\/03\/Waldabholzungen-Corona-und-Fledermaeuse-Zur-Entstehung-einer-ansteckenden-Epidemie-UP_Umwelt-Perspektiven-scaled.jpg\" \/>\n\t<meta property=\"og:image:width\" content=\"2560\" \/>\n\t<meta property=\"og:image:height\" content=\"1700\" \/>\n\t<meta property=\"og:image:type\" content=\"image\/jpeg\" \/>\n<meta name=\"author\" content=\"michael.merz\" \/>\n<meta name=\"twitter:card\" content=\"summary_large_image\" \/>\n<script type=\"application\/ld+json\" class=\"yoast-schema-graph\">{\"@context\":\"https:\\\/\\\/schema.org\",\"@graph\":[{\"@type\":\"Article\",\"@id\":\"https:\\\/\\\/www.organisator.ch\\\/sustainability\\\/2020-03-16\\\/waldabholzungen-corona-und-fledermaeuse-zur-entstehung-einer-ansteckenden-epidemie\\\/#article\",\"isPartOf\":{\"@id\":\"https:\\\/\\\/www.organisator.ch\\\/sustainability\\\/2020-03-16\\\/waldabholzungen-corona-und-fledermaeuse-zur-entstehung-einer-ansteckenden-epidemie\\\/\"},\"author\":{\"name\":\"michael.merz\",\"@id\":\"https:\\\/\\\/www.organisator.ch\\\/#\\\/schema\\\/person\\\/134708ca9321c57b0362cceb7948ffbd\"},\"headline\":\"Waldabholzungen, Corona und Flederm\u00e4use: Zur Entstehung einer ansteckenden Epidemie\",\"datePublished\":\"2020-03-16T14:01:00+00:00\",\"dateModified\":\"2022-02-09T10:06:50+00:00\",\"mainEntityOfPage\":{\"@id\":\"https:\\\/\\\/www.organisator.ch\\\/sustainability\\\/2020-03-16\\\/waldabholzungen-corona-und-fledermaeuse-zur-entstehung-einer-ansteckenden-epidemie\\\/\"},\"wordCount\":2492,\"publisher\":{\"@id\":\"https:\\\/\\\/www.organisator.ch\\\/#organization\"},\"image\":{\"@id\":\"https:\\\/\\\/www.organisator.ch\\\/sustainability\\\/2020-03-16\\\/waldabholzungen-corona-und-fledermaeuse-zur-entstehung-einer-ansteckenden-epidemie\\\/#primaryimage\"},\"thumbnailUrl\":\"https:\\\/\\\/www.organisator.ch\\\/wp-content\\\/uploads\\\/2020\\\/03\\\/Waldabholzungen-Corona-und-Fledermaeuse-Zur-Entstehung-einer-ansteckenden-Epidemie-UP_Umwelt-Perspektiven-scaled.jpg\",\"keywords\":[\"ansteckende Krankheiten\",\"Anthropisierung\",\"Anthropization\",\"Corona\",\"Coronaviren\",\"Cov\",\"Covid-19\",\"Deforestation\",\"Flederm\u00e4use\",\"Studien\",\"Viren\"],\"articleSection\":[\"SUSTAINABILITY\"],\"inLanguage\":\"de\"},{\"@type\":\"WebPage\",\"@id\":\"https:\\\/\\\/www.organisator.ch\\\/sustainability\\\/2020-03-16\\\/waldabholzungen-corona-und-fledermaeuse-zur-entstehung-einer-ansteckenden-epidemie\\\/\",\"url\":\"https:\\\/\\\/www.organisator.ch\\\/sustainability\\\/2020-03-16\\\/waldabholzungen-corona-und-fledermaeuse-zur-entstehung-einer-ansteckenden-epidemie\\\/\",\"name\":\"Waldabholzungen, Corona und Flederm\u00e4use: Zur Entstehung einer ansteckenden Epidemie - Organisator\",\"isPartOf\":{\"@id\":\"https:\\\/\\\/www.organisator.ch\\\/#website\"},\"primaryImageOfPage\":{\"@id\":\"https:\\\/\\\/www.organisator.ch\\\/sustainability\\\/2020-03-16\\\/waldabholzungen-corona-und-fledermaeuse-zur-entstehung-einer-ansteckenden-epidemie\\\/#primaryimage\"},\"image\":{\"@id\":\"https:\\\/\\\/www.organisator.ch\\\/sustainability\\\/2020-03-16\\\/waldabholzungen-corona-und-fledermaeuse-zur-entstehung-einer-ansteckenden-epidemie\\\/#primaryimage\"},\"thumbnailUrl\":\"https:\\\/\\\/www.organisator.ch\\\/wp-content\\\/uploads\\\/2020\\\/03\\\/Waldabholzungen-Corona-und-Fledermaeuse-Zur-Entstehung-einer-ansteckenden-Epidemie-UP_Umwelt-Perspektiven-scaled.jpg\",\"datePublished\":\"2020-03-16T14:01:00+00:00\",\"dateModified\":\"2022-02-09T10:06:50+00:00\",\"description\":\"Waldabholzungen, Corona und Flederm\u00e4use: Seit die W\u00e4lder gerodet werden, warnen Experten vor Umweltrisiken wie CoV. Zur Entstehung einer Epidemie.\",\"breadcrumb\":{\"@id\":\"https:\\\/\\\/www.organisator.ch\\\/sustainability\\\/2020-03-16\\\/waldabholzungen-corona-und-fledermaeuse-zur-entstehung-einer-ansteckenden-epidemie\\\/#breadcrumb\"},\"inLanguage\":\"de\",\"potentialAction\":[{\"@type\":\"ReadAction\",\"target\":[\"https:\\\/\\\/www.organisator.ch\\\/sustainability\\\/2020-03-16\\\/waldabholzungen-corona-und-fledermaeuse-zur-entstehung-einer-ansteckenden-epidemie\\\/\"]}]},{\"@type\":\"ImageObject\",\"inLanguage\":\"de\",\"@id\":\"https:\\\/\\\/www.organisator.ch\\\/sustainability\\\/2020-03-16\\\/waldabholzungen-corona-und-fledermaeuse-zur-entstehung-einer-ansteckenden-epidemie\\\/#primaryimage\",\"url\":\"https:\\\/\\\/www.organisator.ch\\\/wp-content\\\/uploads\\\/2020\\\/03\\\/Waldabholzungen-Corona-und-Fledermaeuse-Zur-Entstehung-einer-ansteckenden-Epidemie-UP_Umwelt-Perspektiven-scaled.jpg\",\"contentUrl\":\"https:\\\/\\\/www.organisator.ch\\\/wp-content\\\/uploads\\\/2020\\\/03\\\/Waldabholzungen-Corona-und-Fledermaeuse-Zur-Entstehung-einer-ansteckenden-Epidemie-UP_Umwelt-Perspektiven-scaled.jpg\",\"width\":2560,\"height\":1700},{\"@type\":\"BreadcrumbList\",\"@id\":\"https:\\\/\\\/www.organisator.ch\\\/sustainability\\\/2020-03-16\\\/waldabholzungen-corona-und-fledermaeuse-zur-entstehung-einer-ansteckenden-epidemie\\\/#breadcrumb\",\"itemListElement\":[{\"@type\":\"ListItem\",\"position\":1,\"name\":\"Home\",\"item\":\"https:\\\/\\\/www.organisator.ch\\\/\"},{\"@type\":\"ListItem\",\"position\":2,\"name\":\"Waldabholzungen, Corona und Flederm\u00e4use: Zur Entstehung einer ansteckenden Epidemie\"}]},{\"@type\":\"WebSite\",\"@id\":\"https:\\\/\\\/www.organisator.ch\\\/#website\",\"url\":\"https:\\\/\\\/www.organisator.ch\\\/\",\"name\":\"Organisator\",\"description\":\"Kompetent. Praxisnah. Der ORGANISATOR bereitet in 10 Ausgaben pro Jahr die wesentlichen Themen f\u00fcr F\u00fchrungskr\u00e4fte von KMU auf.\",\"publisher\":{\"@id\":\"https:\\\/\\\/www.organisator.ch\\\/#organization\"},\"potentialAction\":[{\"@type\":\"SearchAction\",\"target\":{\"@type\":\"EntryPoint\",\"urlTemplate\":\"https:\\\/\\\/www.organisator.ch\\\/?s={search_term_string}\"},\"query-input\":{\"@type\":\"PropertyValueSpecification\",\"valueRequired\":true,\"valueName\":\"search_term_string\"}}],\"inLanguage\":\"de\"},{\"@type\":\"Organization\",\"@id\":\"https:\\\/\\\/www.organisator.ch\\\/#organization\",\"name\":\"Organisator\",\"url\":\"https:\\\/\\\/www.organisator.ch\\\/\",\"logo\":{\"@type\":\"ImageObject\",\"inLanguage\":\"de\",\"@id\":\"https:\\\/\\\/www.organisator.ch\\\/#\\\/schema\\\/logo\\\/image\\\/\",\"url\":\"https:\\\/\\\/www.organisator.ch\\\/wp-content\\\/uploads\\\/2022\\\/01\\\/Logo_Organisator_Website.png\",\"contentUrl\":\"https:\\\/\\\/www.organisator.ch\\\/wp-content\\\/uploads\\\/2022\\\/01\\\/Logo_Organisator_Website.png\",\"width\":800,\"height\":77,\"caption\":\"Organisator\"},\"image\":{\"@id\":\"https:\\\/\\\/www.organisator.ch\\\/#\\\/schema\\\/logo\\\/image\\\/\"},\"sameAs\":[\"https:\\\/\\\/www.facebook.com\\\/OrganisatorFachmagazin\",\"https:\\\/\\\/www.linkedin.com\\\/showcase\\\/organisator-das-magazin-fr-kmu\",\"https:\\\/\\\/www.xing.com\\\/news\\\/pages\\\/organisator-ch-695\",\"https:\\\/\\\/www.youtube.com\\\/channel\\\/UCGP2Sq0iWaZwT3BdIAQFYpw\"]},{\"@type\":\"Person\",\"@id\":\"https:\\\/\\\/www.organisator.ch\\\/#\\\/schema\\\/person\\\/134708ca9321c57b0362cceb7948ffbd\",\"name\":\"michael.merz\",\"image\":{\"@type\":\"ImageObject\",\"inLanguage\":\"de\",\"@id\":\"https:\\\/\\\/secure.gravatar.com\\\/avatar\\\/?s=96&d=mm&r=g\",\"url\":\"https:\\\/\\\/secure.gravatar.com\\\/avatar\\\/?s=96&d=mm&r=g\",\"contentUrl\":\"https:\\\/\\\/secure.gravatar.com\\\/avatar\\\/?s=96&d=mm&r=g\",\"caption\":\"michael.merz\"},\"url\":\"https:\\\/\\\/www.organisator.ch\\\/de\\\/author\\\/michael-merz\\\/\"}]}<\/script>\n<!-- \/ Yoast SEO plugin. -->","yoast_head_json":{"title":"Waldabholzungen, Corona und Flederm\u00e4use: Zur Entstehung einer ansteckenden Epidemie - Organisator","description":"Waldabholzungen, Corona und Flederm\u00e4use: Seit die W\u00e4lder gerodet werden, warnen Experten vor Umweltrisiken wie CoV. Zur Entstehung einer Epidemie.","robots":{"index":"index","follow":"follow","max-snippet":"max-snippet:-1","max-image-preview":"max-image-preview:large","max-video-preview":"max-video-preview:-1"},"canonical":"https:\/\/www.organisator.ch\/de\/sustainability\/2020-03-16\/waldabholzungen-corona-und-fledermaeuse-zur-entstehung-einer-ansteckenden-epidemie\/","og_locale":"de_DE","og_type":"article","og_title":"Waldabholzungen, Corona und Flederm\u00e4use: Zur Entstehung einer ansteckenden Epidemie - Organisator","og_description":"Waldabholzungen, Corona und Flederm\u00e4use: Seit die W\u00e4lder gerodet werden, warnen Experten vor Umweltrisiken wie CoV. Zur Entstehung einer Epidemie.","og_url":"https:\/\/www.organisator.ch\/de\/sustainability\/2020-03-16\/waldabholzungen-corona-und-fledermaeuse-zur-entstehung-einer-ansteckenden-epidemie\/","og_site_name":"Organisator","article_publisher":"https:\/\/www.facebook.com\/OrganisatorFachmagazin","article_published_time":"2020-03-16T14:01:00+00:00","article_modified_time":"2022-02-09T10:06:50+00:00","og_image":[{"width":2560,"height":1700,"url":"https:\/\/www.organisator.ch\/wp-content\/uploads\/2020\/03\/Waldabholzungen-Corona-und-Fledermaeuse-Zur-Entstehung-einer-ansteckenden-Epidemie-UP_Umwelt-Perspektiven-scaled.jpg","type":"image\/jpeg"}],"author":"michael.merz","twitter_card":"summary_large_image","schema":{"@context":"https:\/\/schema.org","@graph":[{"@type":"Article","@id":"https:\/\/www.organisator.ch\/sustainability\/2020-03-16\/waldabholzungen-corona-und-fledermaeuse-zur-entstehung-einer-ansteckenden-epidemie\/#article","isPartOf":{"@id":"https:\/\/www.organisator.ch\/sustainability\/2020-03-16\/waldabholzungen-corona-und-fledermaeuse-zur-entstehung-einer-ansteckenden-epidemie\/"},"author":{"name":"michael.merz","@id":"https:\/\/www.organisator.ch\/#\/schema\/person\/134708ca9321c57b0362cceb7948ffbd"},"headline":"Waldabholzungen, Corona und Flederm\u00e4use: Zur Entstehung einer ansteckenden Epidemie","datePublished":"2020-03-16T14:01:00+00:00","dateModified":"2022-02-09T10:06:50+00:00","mainEntityOfPage":{"@id":"https:\/\/www.organisator.ch\/sustainability\/2020-03-16\/waldabholzungen-corona-und-fledermaeuse-zur-entstehung-einer-ansteckenden-epidemie\/"},"wordCount":2492,"publisher":{"@id":"https:\/\/www.organisator.ch\/#organization"},"image":{"@id":"https:\/\/www.organisator.ch\/sustainability\/2020-03-16\/waldabholzungen-corona-und-fledermaeuse-zur-entstehung-einer-ansteckenden-epidemie\/#primaryimage"},"thumbnailUrl":"https:\/\/www.organisator.ch\/wp-content\/uploads\/2020\/03\/Waldabholzungen-Corona-und-Fledermaeuse-Zur-Entstehung-einer-ansteckenden-Epidemie-UP_Umwelt-Perspektiven-scaled.jpg","keywords":["ansteckende Krankheiten","Anthropisierung","Anthropization","Corona","Coronaviren","Cov","Covid-19","Deforestation","Flederm\u00e4use","Studien","Viren"],"articleSection":["SUSTAINABILITY"],"inLanguage":"de"},{"@type":"WebPage","@id":"https:\/\/www.organisator.ch\/sustainability\/2020-03-16\/waldabholzungen-corona-und-fledermaeuse-zur-entstehung-einer-ansteckenden-epidemie\/","url":"https:\/\/www.organisator.ch\/sustainability\/2020-03-16\/waldabholzungen-corona-und-fledermaeuse-zur-entstehung-einer-ansteckenden-epidemie\/","name":"Waldabholzungen, Corona und Flederm\u00e4use: Zur Entstehung einer ansteckenden Epidemie - Organisator","isPartOf":{"@id":"https:\/\/www.organisator.ch\/#website"},"primaryImageOfPage":{"@id":"https:\/\/www.organisator.ch\/sustainability\/2020-03-16\/waldabholzungen-corona-und-fledermaeuse-zur-entstehung-einer-ansteckenden-epidemie\/#primaryimage"},"image":{"@id":"https:\/\/www.organisator.ch\/sustainability\/2020-03-16\/waldabholzungen-corona-und-fledermaeuse-zur-entstehung-einer-ansteckenden-epidemie\/#primaryimage"},"thumbnailUrl":"https:\/\/www.organisator.ch\/wp-content\/uploads\/2020\/03\/Waldabholzungen-Corona-und-Fledermaeuse-Zur-Entstehung-einer-ansteckenden-Epidemie-UP_Umwelt-Perspektiven-scaled.jpg","datePublished":"2020-03-16T14:01:00+00:00","dateModified":"2022-02-09T10:06:50+00:00","description":"Waldabholzungen, Corona und Flederm\u00e4use: Seit die W\u00e4lder gerodet werden, warnen Experten vor Umweltrisiken wie CoV. Zur Entstehung einer Epidemie.","breadcrumb":{"@id":"https:\/\/www.organisator.ch\/sustainability\/2020-03-16\/waldabholzungen-corona-und-fledermaeuse-zur-entstehung-einer-ansteckenden-epidemie\/#breadcrumb"},"inLanguage":"de","potentialAction":[{"@type":"ReadAction","target":["https:\/\/www.organisator.ch\/sustainability\/2020-03-16\/waldabholzungen-corona-und-fledermaeuse-zur-entstehung-einer-ansteckenden-epidemie\/"]}]},{"@type":"ImageObject","inLanguage":"de","@id":"https:\/\/www.organisator.ch\/sustainability\/2020-03-16\/waldabholzungen-corona-und-fledermaeuse-zur-entstehung-einer-ansteckenden-epidemie\/#primaryimage","url":"https:\/\/www.organisator.ch\/wp-content\/uploads\/2020\/03\/Waldabholzungen-Corona-und-Fledermaeuse-Zur-Entstehung-einer-ansteckenden-Epidemie-UP_Umwelt-Perspektiven-scaled.jpg","contentUrl":"https:\/\/www.organisator.ch\/wp-content\/uploads\/2020\/03\/Waldabholzungen-Corona-und-Fledermaeuse-Zur-Entstehung-einer-ansteckenden-Epidemie-UP_Umwelt-Perspektiven-scaled.jpg","width":2560,"height":1700},{"@type":"BreadcrumbList","@id":"https:\/\/www.organisator.ch\/sustainability\/2020-03-16\/waldabholzungen-corona-und-fledermaeuse-zur-entstehung-einer-ansteckenden-epidemie\/#breadcrumb","itemListElement":[{"@type":"ListItem","position":1,"name":"Home","item":"https:\/\/www.organisator.ch\/"},{"@type":"ListItem","position":2,"name":"Waldabholzungen, Corona und Flederm\u00e4use: Zur Entstehung einer ansteckenden Epidemie"}]},{"@type":"WebSite","@id":"https:\/\/www.organisator.ch\/#website","url":"https:\/\/www.organisator.ch\/","name":"Organisator","description":"Kompetent. Praxisnah. Der ORGANISATOR bereitet in 10 Ausgaben pro Jahr die wesentlichen Themen f\u00fcr F\u00fchrungskr\u00e4fte von KMU auf.","publisher":{"@id":"https:\/\/www.organisator.ch\/#organization"},"potentialAction":[{"@type":"SearchAction","target":{"@type":"EntryPoint","urlTemplate":"https:\/\/www.organisator.ch\/?s={search_term_string}"},"query-input":{"@type":"PropertyValueSpecification","valueRequired":true,"valueName":"search_term_string"}}],"inLanguage":"de"},{"@type":"Organization","@id":"https:\/\/www.organisator.ch\/#organization","name":"Organisator","url":"https:\/\/www.organisator.ch\/","logo":{"@type":"ImageObject","inLanguage":"de","@id":"https:\/\/www.organisator.ch\/#\/schema\/logo\/image\/","url":"https:\/\/www.organisator.ch\/wp-content\/uploads\/2022\/01\/Logo_Organisator_Website.png","contentUrl":"https:\/\/www.organisator.ch\/wp-content\/uploads\/2022\/01\/Logo_Organisator_Website.png","width":800,"height":77,"caption":"Organisator"},"image":{"@id":"https:\/\/www.organisator.ch\/#\/schema\/logo\/image\/"},"sameAs":["https:\/\/www.facebook.com\/OrganisatorFachmagazin","https:\/\/www.linkedin.com\/showcase\/organisator-das-magazin-fr-kmu","https:\/\/www.xing.com\/news\/pages\/organisator-ch-695","https:\/\/www.youtube.com\/channel\/UCGP2Sq0iWaZwT3BdIAQFYpw"]},{"@type":"Person","@id":"https:\/\/www.organisator.ch\/#\/schema\/person\/134708ca9321c57b0362cceb7948ffbd","name":"michael.merz","image":{"@type":"ImageObject","inLanguage":"de","@id":"https:\/\/secure.gravatar.com\/avatar\/?s=96&d=mm&r=g","url":"https:\/\/secure.gravatar.com\/avatar\/?s=96&d=mm&r=g","contentUrl":"https:\/\/secure.gravatar.com\/avatar\/?s=96&d=mm&r=g","caption":"michael.merz"},"url":"https:\/\/www.organisator.ch\/de\/author\/michael-merz\/"}]}},"_links":{"self":[{"href":"https:\/\/www.organisator.ch\/de\/wp-json\/wp\/v2\/posts\/2923","targetHints":{"allow":["GET"]}}],"collection":[{"href":"https:\/\/www.organisator.ch\/de\/wp-json\/wp\/v2\/posts"}],"about":[{"href":"https:\/\/www.organisator.ch\/de\/wp-json\/wp\/v2\/types\/post"}],"author":[{"embeddable":true,"href":"https:\/\/www.organisator.ch\/de\/wp-json\/wp\/v2\/users\/5"}],"replies":[{"embeddable":true,"href":"https:\/\/www.organisator.ch\/de\/wp-json\/wp\/v2\/comments?post=2923"}],"version-history":[{"count":1,"href":"https:\/\/www.organisator.ch\/de\/wp-json\/wp\/v2\/posts\/2923\/revisions"}],"predecessor-version":[{"id":10681,"href":"https:\/\/www.organisator.ch\/de\/wp-json\/wp\/v2\/posts\/2923\/revisions\/10681"}],"wp:featuredmedia":[{"embeddable":true,"href":"https:\/\/www.organisator.ch\/de\/wp-json\/wp\/v2\/media\/9686"}],"wp:attachment":[{"href":"https:\/\/www.organisator.ch\/de\/wp-json\/wp\/v2\/media?parent=2923"}],"wp:term":[{"taxonomy":"category","embeddable":true,"href":"https:\/\/www.organisator.ch\/de\/wp-json\/wp\/v2\/categories?post=2923"},{"taxonomy":"post_tag","embeddable":true,"href":"https:\/\/www.organisator.ch\/de\/wp-json\/wp\/v2\/tags?post=2923"}],"curies":[{"name":"wp","href":"https:\/\/api.w.org\/{rel}","templated":true}]}}