{"id":29236,"date":"2024-08-23T09:19:42","date_gmt":"2024-08-23T07:19:42","guid":{"rendered":"https:\/\/www.organisator.ch\/?p=29236"},"modified":"2024-08-22T11:20:01","modified_gmt":"2024-08-22T09:20:01","slug":"die-schweiz-besitzt-eine-gigantische-rohstoffmine","status":"publish","type":"post","link":"https:\/\/www.organisator.ch\/de\/sustainability\/2024-08-23\/die-schweiz-besitzt-eine-gigantische-rohstoffmine\/","title":{"rendered":"Die Schweiz besitzt eine gigantische Rohstoffmine"},"content":{"rendered":"<figure id=\"attachment_29238\" aria-describedby=\"caption-attachment-29238\" style=\"width: 680px\" class=\"wp-caption alignnone\"><img loading=\"lazy\" decoding=\"async\" class=\"size-full wp-image-29238\" src=\"https:\/\/www.organisator.ch\/wp-content\/uploads\/2024\/08\/Swico_Bild1_ps.jpg\" alt=\"\" width=\"680\" height=\"453\" srcset=\"https:\/\/www.organisator.ch\/wp-content\/uploads\/2024\/08\/Swico_Bild1_ps.jpg 680w, https:\/\/www.organisator.ch\/wp-content\/uploads\/2024\/08\/Swico_Bild1_ps-18x12.jpg 18w, https:\/\/www.organisator.ch\/wp-content\/uploads\/2024\/08\/Swico_Bild1_ps-375x250.jpg 375w, https:\/\/www.organisator.ch\/wp-content\/uploads\/2024\/08\/Swico_Bild1_ps-525x350.jpg 525w\" sizes=\"auto, (max-width: 680px) 100vw, 680px\" \/><figcaption id=\"caption-attachment-29238\" class=\"wp-caption-text\">Durch das Swico Recyclingsystem gewinnt man j\u00e4hrlich rund 27&#8217;000 Tonnen Sekund\u00e4rrohstoffe aus Elektroaltger\u00e4ten zur\u00fcck. (Bild: www.swico.ch)<\/figcaption><\/figure>\n<p>Stoffkreisl\u00e4ufe schliessen heisst, die vorhandenen Rohstoffe effizient zu nutzen und deren Wertsch\u00f6pfung zu erweitern. Das Aufkommen an Rohstoffen in urbanen Gebieten ist enorm. Durch eine effiziente und zielgerichtete R\u00fcckgewinnung kann dieses Potenzial erheblich dazu beitragen, den umweltsch\u00e4dlichen Abbau in Minen zu reduzieren und die Industrie mit sekund\u00e4ren Rohstoffen zu versorgen.<\/p>\n<h3><strong>Wertvolle Sekund\u00e4rrohstoffe f\u00fcr die Industrie<\/strong><\/h3>\n<p>Durch das Swico Recyclingsystem gewinnt man j\u00e4hrlich rund 27&#8217;000 Tonnen Sekund\u00e4rrohstoffe aus Elektroaltger\u00e4ten zur\u00fcck. Diese umfassen sch\u00e4tzungsweise:<\/p>\n<ul>\n<li>21\u2019600 Tonnen Industriemetalle wie Eisen, Aluminium und Kupfer<\/li>\n<li>4&#8217;300 Tonnen Kunststoffe<\/li>\n<li>900 Kilogramm Edelmetalle wie Gold, Silber und Palladium.<\/li>\n<\/ul>\n<p>Allein die zur\u00fcckgewonnenen Edelmetalle reichen aus, um den Jahresbedarf an Laptops in der Schweiz vierfach zu decken. Dar\u00fcber hinaus w\u00fcrde das recycelte Kupfer aus Elektroaltger\u00e4ten ausreichen, um 14-mal mehr Smartphones zu produzieren, als in der Schweiz derzeit verkauft werden.<\/p>\n<h3><strong>Recycling f\u00f6rdert die Unabh\u00e4ngigkeit<\/strong><\/h3>\n<p>Rund 90 Prozent der Informatik-, Kommunikations- und Unterhaltungsger\u00e4ten, die auf den Schweizer Markt gebracht werden, finden nach Jahren den Weg zur\u00fcck ins Swico Recyclingsystem. Anders als nat\u00fcrliche Minen, die irgendwann ersch\u00f6pft sind, versiegt der Strom an entsorgten und gesammelten Elektronikger\u00e4ten niemals. Swicos zentrale Mission besteht darin, so viele Rohstoffe wie m\u00f6glich in reiner Form wieder in den globalen Wirtschaftskreislauf zu bringen. \u00abUnser Recyclingsystem ist eine urbane Mine und somit ein unsch\u00e4tzbarer Gewinn f\u00fcr die Kreislaufwirtschaft\u00bb, sagt Jon Fanzun, Gesch\u00e4ftsf\u00fchrer von Swico. \u00abUnsere Bem\u00fchungen verringern die Abh\u00e4ngigkeit von umweltsch\u00e4dlichem Rohstoffabbau und wir schaffen wertvolle Arbeitspl\u00e4tze.\u00bb<\/p>\n<h3><strong>Rasantes Wachstum der Elektronikger\u00e4te<\/strong><\/h3>\n<p>Das rasante Wachstum an Elektronikger\u00e4ten in den letzten Jahren verdeutlicht die Notwendigkeit eines effizienten Recyclingsystems. Die Zahl der zur\u00fcckgenommenen Ger\u00e4te stieg von etwa 7 Millionen im Jahr 2012 auf beeindruckende 10 Millionen im Jahr 2023 \u2013 ein j\u00e4hrlicher Anstieg von 28 Prozent. Dieses Wachstum beruht auf der steigenden Nachfrage nach neuen multifunktionalen Ger\u00e4ten.<\/p>\n<p>Urban Mining verdankt man einem ausgekl\u00fcgelten und filigranen Recyclingsystem: Seit 30 Jahren betreibt Swico ein fl\u00e4chendeckendes \u00d6kosystem von 600 Sammelstellen, 6&#8217;000 Abgabem\u00f6glichkeiten im Handel und 7 Recyclingpartnern. Diese sammeln, zerlegen und rezyklieren Ger\u00e4te aller Marken sorgf\u00e4ltig und nach h\u00f6chsten Standards \u2013 und zwar weitestgehend in der Schweiz. Aber nur dank den Konsumentinnen und Konsumenten, die gewissenhaft ihre Ger\u00e4te zur Entsorgung bringen, kommen j\u00e4hrlich etwa 40\u2019000 Tonnen Elektronikschrott zusammen.<\/p>\n<h3><strong>Innovation als zentraler Erfolgsfaktor<\/strong><\/h3>\n<p>Swico treibt kontinuierlich Innovation voran, um das Recyclingsystem immer effizienter und fortschrittlicher zu gestalten. Der Innovationsfonds von Swico Recycling, der zukunftsgerichtete Projekte mit bis zu CHF 300&#8217;000 unterst\u00fctzt, weist den Weg in eine nachhaltige Zukunft. Besonders die R\u00fcckgewinnung seltener Erden, die heute noch \u00f6konomisch herausfordernd ist, bleibt ein langfristiges Ziel.<\/p>\n<p><em>Quelle: <a href=\"http:\/\/www.swico.ch\">www.swico.ch<\/a><\/em><\/p>\n","protected":false},"excerpt":{"rendered":"<p>In den letzten 30 Jahren sammelte und recycelte Swico rund eine Million Tonnen Elektronikger\u00e4te \u2013 das entspricht dem doppelten Gewicht des Burj Khalifa, des h\u00f6chsten Geb\u00e4udes der Welt. Das Ergebnis? Eine Rohstoffmine, die j\u00e4hrlich fast eine Tonne Edelmetalle im Wert von etwa 12 Millionen Schweizer Franken liefert.<\/p>\n","protected":false},"author":58,"featured_media":0,"comment_status":"closed","ping_status":"closed","sticky":false,"template":"","format":"standard","meta":{"_acf_changed":false,"_yoast_wpseo_focuskw":"Rohstoffmine","_yoast_wpseo_metadesc":"In den letzten 30 Jahren sammelte und recycelte Swico rund eine Million Tonnen Elektronikger\u00e4t.","articlekey":"","footnotes":""},"categories":[580],"tags":[1787,1987,2026,424,492],"class_list":["post-29236","post","type-post","status-publish","format-standard","hentry","category-sustainability","tag-nachhaltigkeit","tag-recycling","tag-rohstoff","tag-schweiz","tag-unternehmen"],"acf":[],"yoast_head":"<!-- This site is optimized with the Yoast SEO plugin v27.4 - https:\/\/yoast.com\/product\/yoast-seo-wordpress\/ -->\n<title>Die Schweiz besitzt eine gigantische Rohstoffmine - Organisator<\/title>\n<meta name=\"description\" content=\"In den letzten 30 Jahren sammelte und recycelte Swico rund eine Million Tonnen Elektronikger\u00e4t.\" \/>\n<meta name=\"robots\" content=\"index, follow, max-snippet:-1, max-image-preview:large, max-video-preview:-1\" \/>\n<link rel=\"canonical\" href=\"https:\/\/www.organisator.ch\/de\/sustainability\/2024-08-23\/die-schweiz-besitzt-eine-gigantische-rohstoffmine\/\" \/>\n<meta property=\"og:locale\" content=\"de_DE\" \/>\n<meta property=\"og:type\" content=\"article\" \/>\n<meta property=\"og:title\" content=\"Die Schweiz besitzt eine gigantische Rohstoffmine\" \/>\n<meta property=\"og:description\" content=\"In den letzten 30 Jahren sammelte und recycelte Swico rund eine Million Tonnen Elektronikger\u00e4t.\" \/>\n<meta property=\"og:url\" content=\"https:\/\/www.organisator.ch\/de\/sustainability\/2024-08-23\/die-schweiz-besitzt-eine-gigantische-rohstoffmine\/\" \/>\n<meta property=\"og:site_name\" content=\"Organisator\" \/>\n<meta property=\"article:publisher\" content=\"https:\/\/www.facebook.com\/OrganisatorFachmagazin\" \/>\n<meta property=\"article:published_time\" content=\"2024-08-23T07:19:42+00:00\" \/>\n<meta property=\"og:image\" content=\"https:\/\/www.organisator.ch\/wp-content\/uploads\/2024\/08\/Swico_Bild1_ps.jpg\" \/>\n\t<meta property=\"og:image:width\" content=\"680\" \/>\n\t<meta property=\"og:image:height\" content=\"453\" \/>\n\t<meta property=\"og:image:type\" content=\"image\/jpeg\" \/>\n<meta name=\"author\" content=\"Adelisa Kalajdzini\" \/>\n<meta name=\"twitter:card\" content=\"summary_large_image\" \/>\n<meta name=\"twitter:title\" content=\"Die Schweiz besitzt eine gigantische Rohstoffmine\" \/>\n<meta name=\"twitter:description\" content=\"In den letzten #30 #Jahren sammelte und #recycelte #Swico rund eine #Million #Tonnen #Elektronikger\u00e4t.\" \/>\n<meta name=\"twitter:image\" content=\"https:\/\/www.organisator.ch\/wp-content\/uploads\/2024\/08\/Swico_Bild1_ps.jpg\" \/>\n<script type=\"application\/ld+json\" class=\"yoast-schema-graph\">{\"@context\":\"https:\\\/\\\/schema.org\",\"@graph\":[{\"@type\":\"Article\",\"@id\":\"https:\\\/\\\/www.organisator.ch\\\/sustainability\\\/2024-08-23\\\/die-schweiz-besitzt-eine-gigantische-rohstoffmine\\\/#article\",\"isPartOf\":{\"@id\":\"https:\\\/\\\/www.organisator.ch\\\/sustainability\\\/2024-08-23\\\/die-schweiz-besitzt-eine-gigantische-rohstoffmine\\\/\"},\"author\":{\"name\":\"Adelisa Kalajdzini\",\"@id\":\"https:\\\/\\\/www.organisator.ch\\\/#\\\/schema\\\/person\\\/2e1314a2172123f874db408d8911d3f3\"},\"headline\":\"Die Schweiz besitzt eine gigantische Rohstoffmine\",\"datePublished\":\"2024-08-23T07:19:42+00:00\",\"mainEntityOfPage\":{\"@id\":\"https:\\\/\\\/www.organisator.ch\\\/sustainability\\\/2024-08-23\\\/die-schweiz-besitzt-eine-gigantische-rohstoffmine\\\/\"},\"wordCount\":475,\"publisher\":{\"@id\":\"https:\\\/\\\/www.organisator.ch\\\/#organization\"},\"image\":{\"@id\":\"https:\\\/\\\/www.organisator.ch\\\/sustainability\\\/2024-08-23\\\/die-schweiz-besitzt-eine-gigantische-rohstoffmine\\\/#primaryimage\"},\"thumbnailUrl\":\"https:\\\/\\\/www.organisator.ch\\\/wp-content\\\/uploads\\\/2024\\\/08\\\/Swico_Bild1_ps.jpg\",\"keywords\":[\"Nachhaltigkeit\",\"Recycling\",\"Rohstoff\",\"Schweiz\",\"Unternehmen\"],\"articleSection\":[\"SUSTAINABILITY\"],\"inLanguage\":\"de\"},{\"@type\":\"WebPage\",\"@id\":\"https:\\\/\\\/www.organisator.ch\\\/sustainability\\\/2024-08-23\\\/die-schweiz-besitzt-eine-gigantische-rohstoffmine\\\/\",\"url\":\"https:\\\/\\\/www.organisator.ch\\\/sustainability\\\/2024-08-23\\\/die-schweiz-besitzt-eine-gigantische-rohstoffmine\\\/\",\"name\":\"Die Schweiz besitzt eine gigantische Rohstoffmine - Organisator\",\"isPartOf\":{\"@id\":\"https:\\\/\\\/www.organisator.ch\\\/#website\"},\"primaryImageOfPage\":{\"@id\":\"https:\\\/\\\/www.organisator.ch\\\/sustainability\\\/2024-08-23\\\/die-schweiz-besitzt-eine-gigantische-rohstoffmine\\\/#primaryimage\"},\"image\":{\"@id\":\"https:\\\/\\\/www.organisator.ch\\\/sustainability\\\/2024-08-23\\\/die-schweiz-besitzt-eine-gigantische-rohstoffmine\\\/#primaryimage\"},\"thumbnailUrl\":\"https:\\\/\\\/www.organisator.ch\\\/wp-content\\\/uploads\\\/2024\\\/08\\\/Swico_Bild1_ps.jpg\",\"datePublished\":\"2024-08-23T07:19:42+00:00\",\"description\":\"In den letzten 30 Jahren sammelte und recycelte Swico rund eine Million Tonnen Elektronikger\u00e4t.\",\"breadcrumb\":{\"@id\":\"https:\\\/\\\/www.organisator.ch\\\/sustainability\\\/2024-08-23\\\/die-schweiz-besitzt-eine-gigantische-rohstoffmine\\\/#breadcrumb\"},\"inLanguage\":\"de\",\"potentialAction\":[{\"@type\":\"ReadAction\",\"target\":[\"https:\\\/\\\/www.organisator.ch\\\/sustainability\\\/2024-08-23\\\/die-schweiz-besitzt-eine-gigantische-rohstoffmine\\\/\"]}]},{\"@type\":\"ImageObject\",\"inLanguage\":\"de\",\"@id\":\"https:\\\/\\\/www.organisator.ch\\\/sustainability\\\/2024-08-23\\\/die-schweiz-besitzt-eine-gigantische-rohstoffmine\\\/#primaryimage\",\"url\":\"https:\\\/\\\/www.organisator.ch\\\/wp-content\\\/uploads\\\/2024\\\/08\\\/Swico_Bild1_ps.jpg\",\"contentUrl\":\"https:\\\/\\\/www.organisator.ch\\\/wp-content\\\/uploads\\\/2024\\\/08\\\/Swico_Bild1_ps.jpg\"},{\"@type\":\"BreadcrumbList\",\"@id\":\"https:\\\/\\\/www.organisator.ch\\\/sustainability\\\/2024-08-23\\\/die-schweiz-besitzt-eine-gigantische-rohstoffmine\\\/#breadcrumb\",\"itemListElement\":[{\"@type\":\"ListItem\",\"position\":1,\"name\":\"Home\",\"item\":\"https:\\\/\\\/www.organisator.ch\\\/\"},{\"@type\":\"ListItem\",\"position\":2,\"name\":\"Die Schweiz besitzt eine gigantische Rohstoffmine\"}]},{\"@type\":\"WebSite\",\"@id\":\"https:\\\/\\\/www.organisator.ch\\\/#website\",\"url\":\"https:\\\/\\\/www.organisator.ch\\\/\",\"name\":\"Organisator\",\"description\":\"Kompetent. Praxisnah. Der ORGANISATOR bereitet in 10 Ausgaben pro Jahr die wesentlichen Themen f\u00fcr F\u00fchrungskr\u00e4fte von KMU auf.\",\"publisher\":{\"@id\":\"https:\\\/\\\/www.organisator.ch\\\/#organization\"},\"potentialAction\":[{\"@type\":\"SearchAction\",\"target\":{\"@type\":\"EntryPoint\",\"urlTemplate\":\"https:\\\/\\\/www.organisator.ch\\\/?s={search_term_string}\"},\"query-input\":{\"@type\":\"PropertyValueSpecification\",\"valueRequired\":true,\"valueName\":\"search_term_string\"}}],\"inLanguage\":\"de\"},{\"@type\":\"Organization\",\"@id\":\"https:\\\/\\\/www.organisator.ch\\\/#organization\",\"name\":\"Organisator\",\"url\":\"https:\\\/\\\/www.organisator.ch\\\/\",\"logo\":{\"@type\":\"ImageObject\",\"inLanguage\":\"de\",\"@id\":\"https:\\\/\\\/www.organisator.ch\\\/#\\\/schema\\\/logo\\\/image\\\/\",\"url\":\"https:\\\/\\\/www.organisator.ch\\\/wp-content\\\/uploads\\\/2022\\\/01\\\/Logo_Organisator_Website.png\",\"contentUrl\":\"https:\\\/\\\/www.organisator.ch\\\/wp-content\\\/uploads\\\/2022\\\/01\\\/Logo_Organisator_Website.png\",\"width\":800,\"height\":77,\"caption\":\"Organisator\"},\"image\":{\"@id\":\"https:\\\/\\\/www.organisator.ch\\\/#\\\/schema\\\/logo\\\/image\\\/\"},\"sameAs\":[\"https:\\\/\\\/www.facebook.com\\\/OrganisatorFachmagazin\",\"https:\\\/\\\/www.linkedin.com\\\/showcase\\\/organisator-das-magazin-fr-kmu\",\"https:\\\/\\\/www.xing.com\\\/news\\\/pages\\\/organisator-ch-695\",\"https:\\\/\\\/www.youtube.com\\\/channel\\\/UCGP2Sq0iWaZwT3BdIAQFYpw\"]},{\"@type\":\"Person\",\"@id\":\"https:\\\/\\\/www.organisator.ch\\\/#\\\/schema\\\/person\\\/2e1314a2172123f874db408d8911d3f3\",\"name\":\"Adelisa Kalajdzini\",\"image\":{\"@type\":\"ImageObject\",\"inLanguage\":\"de\",\"@id\":\"https:\\\/\\\/secure.gravatar.com\\\/avatar\\\/09a397c22ac58cad6f160ee8306348599df9df58a8ede73696226897b9fa4b24?s=96&d=mm&r=g\",\"url\":\"https:\\\/\\\/secure.gravatar.com\\\/avatar\\\/09a397c22ac58cad6f160ee8306348599df9df58a8ede73696226897b9fa4b24?s=96&d=mm&r=g\",\"contentUrl\":\"https:\\\/\\\/secure.gravatar.com\\\/avatar\\\/09a397c22ac58cad6f160ee8306348599df9df58a8ede73696226897b9fa4b24?s=96&d=mm&r=g\",\"caption\":\"Adelisa Kalajdzini\"},\"url\":\"https:\\\/\\\/www.organisator.ch\\\/de\\\/author\\\/adelisa-kalajdzini\\\/\"}]}<\/script>\n<!-- \/ Yoast SEO plugin. -->","yoast_head_json":{"title":"Die Schweiz besitzt eine gigantische Rohstoffmine - Organisator","description":"In den letzten 30 Jahren sammelte und recycelte Swico rund eine Million Tonnen Elektronikger\u00e4t.","robots":{"index":"index","follow":"follow","max-snippet":"max-snippet:-1","max-image-preview":"max-image-preview:large","max-video-preview":"max-video-preview:-1"},"canonical":"https:\/\/www.organisator.ch\/de\/sustainability\/2024-08-23\/die-schweiz-besitzt-eine-gigantische-rohstoffmine\/","og_locale":"de_DE","og_type":"article","og_title":"Die Schweiz besitzt eine gigantische Rohstoffmine","og_description":"In den letzten 30 Jahren sammelte und recycelte Swico rund eine Million Tonnen Elektronikger\u00e4t.","og_url":"https:\/\/www.organisator.ch\/de\/sustainability\/2024-08-23\/die-schweiz-besitzt-eine-gigantische-rohstoffmine\/","og_site_name":"Organisator","article_publisher":"https:\/\/www.facebook.com\/OrganisatorFachmagazin","article_published_time":"2024-08-23T07:19:42+00:00","og_image":[{"width":680,"height":453,"url":"https:\/\/www.organisator.ch\/wp-content\/uploads\/2024\/08\/Swico_Bild1_ps.jpg","type":"image\/jpeg"}],"author":"Adelisa Kalajdzini","twitter_card":"summary_large_image","twitter_title":"Die Schweiz besitzt eine gigantische Rohstoffmine","twitter_description":"In den letzten #30 #Jahren sammelte und #recycelte #Swico rund eine #Million #Tonnen #Elektronikger\u00e4t.","twitter_image":"https:\/\/www.organisator.ch\/wp-content\/uploads\/2024\/08\/Swico_Bild1_ps.jpg","schema":{"@context":"https:\/\/schema.org","@graph":[{"@type":"Article","@id":"https:\/\/www.organisator.ch\/sustainability\/2024-08-23\/die-schweiz-besitzt-eine-gigantische-rohstoffmine\/#article","isPartOf":{"@id":"https:\/\/www.organisator.ch\/sustainability\/2024-08-23\/die-schweiz-besitzt-eine-gigantische-rohstoffmine\/"},"author":{"name":"Adelisa Kalajdzini","@id":"https:\/\/www.organisator.ch\/#\/schema\/person\/2e1314a2172123f874db408d8911d3f3"},"headline":"Die Schweiz besitzt eine gigantische Rohstoffmine","datePublished":"2024-08-23T07:19:42+00:00","mainEntityOfPage":{"@id":"https:\/\/www.organisator.ch\/sustainability\/2024-08-23\/die-schweiz-besitzt-eine-gigantische-rohstoffmine\/"},"wordCount":475,"publisher":{"@id":"https:\/\/www.organisator.ch\/#organization"},"image":{"@id":"https:\/\/www.organisator.ch\/sustainability\/2024-08-23\/die-schweiz-besitzt-eine-gigantische-rohstoffmine\/#primaryimage"},"thumbnailUrl":"https:\/\/www.organisator.ch\/wp-content\/uploads\/2024\/08\/Swico_Bild1_ps.jpg","keywords":["Nachhaltigkeit","Recycling","Rohstoff","Schweiz","Unternehmen"],"articleSection":["SUSTAINABILITY"],"inLanguage":"de"},{"@type":"WebPage","@id":"https:\/\/www.organisator.ch\/sustainability\/2024-08-23\/die-schweiz-besitzt-eine-gigantische-rohstoffmine\/","url":"https:\/\/www.organisator.ch\/sustainability\/2024-08-23\/die-schweiz-besitzt-eine-gigantische-rohstoffmine\/","name":"Die Schweiz besitzt eine gigantische Rohstoffmine - Organisator","isPartOf":{"@id":"https:\/\/www.organisator.ch\/#website"},"primaryImageOfPage":{"@id":"https:\/\/www.organisator.ch\/sustainability\/2024-08-23\/die-schweiz-besitzt-eine-gigantische-rohstoffmine\/#primaryimage"},"image":{"@id":"https:\/\/www.organisator.ch\/sustainability\/2024-08-23\/die-schweiz-besitzt-eine-gigantische-rohstoffmine\/#primaryimage"},"thumbnailUrl":"https:\/\/www.organisator.ch\/wp-content\/uploads\/2024\/08\/Swico_Bild1_ps.jpg","datePublished":"2024-08-23T07:19:42+00:00","description":"In den letzten 30 Jahren sammelte und recycelte Swico rund eine Million Tonnen Elektronikger\u00e4t.","breadcrumb":{"@id":"https:\/\/www.organisator.ch\/sustainability\/2024-08-23\/die-schweiz-besitzt-eine-gigantische-rohstoffmine\/#breadcrumb"},"inLanguage":"de","potentialAction":[{"@type":"ReadAction","target":["https:\/\/www.organisator.ch\/sustainability\/2024-08-23\/die-schweiz-besitzt-eine-gigantische-rohstoffmine\/"]}]},{"@type":"ImageObject","inLanguage":"de","@id":"https:\/\/www.organisator.ch\/sustainability\/2024-08-23\/die-schweiz-besitzt-eine-gigantische-rohstoffmine\/#primaryimage","url":"https:\/\/www.organisator.ch\/wp-content\/uploads\/2024\/08\/Swico_Bild1_ps.jpg","contentUrl":"https:\/\/www.organisator.ch\/wp-content\/uploads\/2024\/08\/Swico_Bild1_ps.jpg"},{"@type":"BreadcrumbList","@id":"https:\/\/www.organisator.ch\/sustainability\/2024-08-23\/die-schweiz-besitzt-eine-gigantische-rohstoffmine\/#breadcrumb","itemListElement":[{"@type":"ListItem","position":1,"name":"Home","item":"https:\/\/www.organisator.ch\/"},{"@type":"ListItem","position":2,"name":"Die Schweiz besitzt eine gigantische Rohstoffmine"}]},{"@type":"WebSite","@id":"https:\/\/www.organisator.ch\/#website","url":"https:\/\/www.organisator.ch\/","name":"Organisator","description":"Kompetent. Praxisnah. Der ORGANISATOR bereitet in 10 Ausgaben pro Jahr die wesentlichen Themen f\u00fcr F\u00fchrungskr\u00e4fte von KMU auf.","publisher":{"@id":"https:\/\/www.organisator.ch\/#organization"},"potentialAction":[{"@type":"SearchAction","target":{"@type":"EntryPoint","urlTemplate":"https:\/\/www.organisator.ch\/?s={search_term_string}"},"query-input":{"@type":"PropertyValueSpecification","valueRequired":true,"valueName":"search_term_string"}}],"inLanguage":"de"},{"@type":"Organization","@id":"https:\/\/www.organisator.ch\/#organization","name":"Organisator","url":"https:\/\/www.organisator.ch\/","logo":{"@type":"ImageObject","inLanguage":"de","@id":"https:\/\/www.organisator.ch\/#\/schema\/logo\/image\/","url":"https:\/\/www.organisator.ch\/wp-content\/uploads\/2022\/01\/Logo_Organisator_Website.png","contentUrl":"https:\/\/www.organisator.ch\/wp-content\/uploads\/2022\/01\/Logo_Organisator_Website.png","width":800,"height":77,"caption":"Organisator"},"image":{"@id":"https:\/\/www.organisator.ch\/#\/schema\/logo\/image\/"},"sameAs":["https:\/\/www.facebook.com\/OrganisatorFachmagazin","https:\/\/www.linkedin.com\/showcase\/organisator-das-magazin-fr-kmu","https:\/\/www.xing.com\/news\/pages\/organisator-ch-695","https:\/\/www.youtube.com\/channel\/UCGP2Sq0iWaZwT3BdIAQFYpw"]},{"@type":"Person","@id":"https:\/\/www.organisator.ch\/#\/schema\/person\/2e1314a2172123f874db408d8911d3f3","name":"Adelisa Kalajdzini","image":{"@type":"ImageObject","inLanguage":"de","@id":"https:\/\/secure.gravatar.com\/avatar\/09a397c22ac58cad6f160ee8306348599df9df58a8ede73696226897b9fa4b24?s=96&d=mm&r=g","url":"https:\/\/secure.gravatar.com\/avatar\/09a397c22ac58cad6f160ee8306348599df9df58a8ede73696226897b9fa4b24?s=96&d=mm&r=g","contentUrl":"https:\/\/secure.gravatar.com\/avatar\/09a397c22ac58cad6f160ee8306348599df9df58a8ede73696226897b9fa4b24?s=96&d=mm&r=g","caption":"Adelisa Kalajdzini"},"url":"https:\/\/www.organisator.ch\/de\/author\/adelisa-kalajdzini\/"}]}},"_links":{"self":[{"href":"https:\/\/www.organisator.ch\/de\/wp-json\/wp\/v2\/posts\/29236","targetHints":{"allow":["GET"]}}],"collection":[{"href":"https:\/\/www.organisator.ch\/de\/wp-json\/wp\/v2\/posts"}],"about":[{"href":"https:\/\/www.organisator.ch\/de\/wp-json\/wp\/v2\/types\/post"}],"author":[{"embeddable":true,"href":"https:\/\/www.organisator.ch\/de\/wp-json\/wp\/v2\/users\/58"}],"replies":[{"embeddable":true,"href":"https:\/\/www.organisator.ch\/de\/wp-json\/wp\/v2\/comments?post=29236"}],"version-history":[{"count":5,"href":"https:\/\/www.organisator.ch\/de\/wp-json\/wp\/v2\/posts\/29236\/revisions"}],"predecessor-version":[{"id":29302,"href":"https:\/\/www.organisator.ch\/de\/wp-json\/wp\/v2\/posts\/29236\/revisions\/29302"}],"wp:attachment":[{"href":"https:\/\/www.organisator.ch\/de\/wp-json\/wp\/v2\/media?parent=29236"}],"wp:term":[{"taxonomy":"category","embeddable":true,"href":"https:\/\/www.organisator.ch\/de\/wp-json\/wp\/v2\/categories?post=29236"},{"taxonomy":"post_tag","embeddable":true,"href":"https:\/\/www.organisator.ch\/de\/wp-json\/wp\/v2\/tags?post=29236"}],"curies":[{"name":"wp","href":"https:\/\/api.w.org\/{rel}","templated":true}]}}