{"id":29282,"date":"2024-08-26T08:56:37","date_gmt":"2024-08-26T06:56:37","guid":{"rendered":"https:\/\/www.organisator.ch\/?p=29282"},"modified":"2024-08-26T08:56:37","modified_gmt":"2024-08-26T06:56:37","slug":"ssf-2024-austausch-und-impulse-fuer-die-nachhaltige-entwicklung-der-schweiz","status":"publish","type":"post","link":"https:\/\/www.organisator.ch\/de\/sustainability\/2024-08-26\/ssf-2024-austausch-und-impulse-fuer-die-nachhaltige-entwicklung-der-schweiz\/","title":{"rendered":"SSF 2024: Austausch und Impulse f\u00fcr die nachhaltige Entwicklung der Schweiz"},"content":{"rendered":"<figure id=\"attachment_29284\" aria-describedby=\"caption-attachment-29284\" style=\"width: 680px\" class=\"wp-caption alignnone\"><img loading=\"lazy\" decoding=\"async\" class=\"size-full wp-image-29284\" src=\"https:\/\/www.organisator.ch\/wp-content\/uploads\/2024\/08\/SSF_24_Bild1_ps.jpg\" alt=\"\" width=\"680\" height=\"481\" srcset=\"https:\/\/www.organisator.ch\/wp-content\/uploads\/2024\/08\/SSF_24_Bild1_ps.jpg 680w, https:\/\/www.organisator.ch\/wp-content\/uploads\/2024\/08\/SSF_24_Bild1_ps-18x12.jpg 18w, https:\/\/www.organisator.ch\/wp-content\/uploads\/2024\/08\/SSF_24_Bild1_ps-375x265.jpg 375w, https:\/\/www.organisator.ch\/wp-content\/uploads\/2024\/08\/SSF_24_Bild1_ps-495x350.jpg 495w\" sizes=\"auto, (max-width: 680px) 100vw, 680px\" \/><figcaption id=\"caption-attachment-29284\" class=\"wp-caption-text\">Das SSF 2024 versammelte am 22. August rund 750 Entscheidungstr\u00e4gerinnen und Entscheidungstr\u00e4ger aus Wirtschaft, Wissenschaft und Politik im Berner Kursaal.<\/figcaption><\/figure>\n<p>Das Sustainable Switzerland Forum 2024 versammelte am 22. August 2024 rund 750 Entscheidungstr\u00e4gerinnen und Entscheidungstr\u00e4ger aus Wirtschaft, Wissenschaft und Politik im Berner Kursaal. Bei der dritten Ausgabe der Konferenz unter dem Dach der Nachhaltigkeitsinitiative Sustainable Switzerland traten rund 40 nationale und internationale Referentinnen und Referenten auf.<\/p>\n<p>Zum Auftakt fand am Vorabend des Konferenztags das CEO-Dinner statt. 100 CEOs aus der Schweizer Wirtschaft waren zu der Abendveranstaltung mit Keynotes des Historikers und Autors Philipp Blom sowie von Peter Altmaier, dem ehemaligen deutschen Bundesminister f\u00fcr Wirtschaft und Energie, geladen. Blom kritisierte in seinem Beitrag das permanente Streben nach Wachstum: \u00abUnendliches Wachstum in einem endlichen System ist problematisch.\u00bb Altmaier wiederum betonte in Bezug auf die aktuellen Herausforderungen: \u00abWir brauchen Solidarit\u00e4t der Demokraten, denn was wir heute beschliessen, gilt f\u00fcr die n\u00e4chsten 20 Jahre.\u00bb<\/p>\n<p>Der Vormittag des Konferenztages bestand aus thematisch fokussierten Inhalten zu \u00abMobilit\u00e4t und Energie\u00bb, \u00abLebensraum Alpen und Biodiversit\u00e4t\u00bb sowie \u00abNachhaltige Unternehmensf\u00fchrung\u00bb. Hendrik Lang, Senior Vice President Strategy von BMW, sprach in seiner Keynote zur Mobilit\u00e4t \u00fcber die Notwendigkeit der Digitalisierung, um Lieferketten zu dekarbonisieren: \u00abWir werden die Datenmengen f\u00fcr Transparenz in der Lieferkette nur \u00fcber Digitalisierung bew\u00e4ltigen.\u00bb Simon Zadek, Co-CEO von NatureFinance, sagte in seiner Keynote zur Biodiversit\u00e4t, die Natur m\u00fcsse in finanzielle Risiken und Verm\u00f6genswerte \u00fcbersetzt werden: \u00abDies ver\u00e4ndert die Art und Weise, wie die Natur bewertet wird und wie finanzielle Entscheidungen getroffen werden.\u00bb Christine Antlanger-Winter, Country Director von Google Switzerland, betonte im Interview zur nachhaltigen Unternehmensf\u00fchrung die Bedeutung von Kooperationen: \u00abPartnerschaften sind wichtig. Nachhaltigkeit kann keiner allein schaffen.\u00bb<\/p>\n<p>Am Nachmittag der Konferenz wurden ausgew\u00e4hlte Aspekte der Nachhaltigkeit thematisiert. Der emeritierte Professor, Architekt und Bauingenieur Werner Sobek konstatierte in seiner Keynote zu den Interessen kommender Generationen: \u00abZum ersten Mal in der Geschichte geh\u00f6ren alle zu einer Gruppe \u2013 n\u00e4mlich zu der, der Betroffenen.\u00bb In einer Podiumsdiskussion wurde dar\u00fcber debattiert, wie sinnvoll Klimaneutralit\u00e4t durch Finanzierung von Klimaschutzprojekten ist. Unternehmerin Antoinette Hunziker-Ebner vertrat den Standpunkt, Emissionen vor Ort zu reduzieren: \u00abDer Fokus der Unternehmen muss auf der F\u00f6rderung der Kreislaufwirtschaft liegen \u2013 auf der Reduktion der Emissionen im eigenen Betrieb.\u00bb<\/p>\n<p>Corine Blesi, Managing Director von NZZ Connect, dem Veranstalter des Sustainable Switzerland Forum sagt: \u00abDas Sustainable Switzerland Forum 2024 hat erneut gezeigt, wie wichtig der Austausch zwischen den Akteuren der Wirtschaft, der Wissenschaft und der Politik f\u00fcr die nachhaltige Entwicklung der Schweiz ist. Mit den vielf\u00e4ltigen Diskussionen und praxisnahen Einblicken konnten wir den Teilnehmenden Impulse f\u00fcr die Nachhaltigkeit in ihren jeweiligen Bereichen liefern.\u00bb<\/p>\n<p>Das n\u00e4chste Sustainable Switzerland Forum findet am 2. September 2025 wieder in Bern statt.<\/p>\n<p><em>Quelle: <a href=\"http:\/\/www.sustainableswitzerland.ch\">www.sustainableswitzerland.ch<\/a><\/em><\/p>\n","protected":false},"excerpt":{"rendered":"<p>Mobilit\u00e4t und Energie, Lebensraum Alpen und Biodiversit\u00e4t sowie nachhaltige Unternehmensf\u00fchrung waren zentrale Themen, mit denen sich Akteure aus Wirtschaft, Wissenschaft und Politik am diesj\u00e4hrigen Sustainable Switzerland Forum befassten.<\/p>\n","protected":false},"author":58,"featured_media":29284,"comment_status":"closed","ping_status":"closed","sticky":false,"template":"","format":"standard","meta":{"_acf_changed":false,"_yoast_wpseo_focuskw":"SSF 2024","_yoast_wpseo_metadesc":"Mobilit\u00e4t und Energie, Lebensraum Alpen und Biodiversit\u00e4t sowie nachhaltige Unternehmensf\u00fchrung waren zentrale Themen des diesj\u00e4hrigen SSF.","articlekey":"","footnotes":""},"categories":[580],"tags":[221,334,1787,424,492],"class_list":["post-29282","post","type-post","status-publish","format-standard","has-post-thumbnail","hentry","category-sustainability","tag-forum","tag-management","tag-nachhaltigkeit","tag-schweiz","tag-unternehmen"],"acf":[],"yoast_head":"<!-- This site is optimized with the Yoast SEO plugin v27.4 - https:\/\/yoast.com\/product\/yoast-seo-wordpress\/ -->\n<title>SSF 2024: Austausch und Impulse f\u00fcr die nachhaltige Entwicklung der Schweiz - Organisator<\/title>\n<meta name=\"description\" content=\"Mobilit\u00e4t und Energie, Lebensraum Alpen und Biodiversit\u00e4t sowie nachhaltige Unternehmensf\u00fchrung waren zentrale Themen des diesj\u00e4hrigen SSF.\" \/>\n<meta name=\"robots\" content=\"index, follow, max-snippet:-1, max-image-preview:large, max-video-preview:-1\" \/>\n<link rel=\"canonical\" href=\"https:\/\/www.organisator.ch\/de\/sustainability\/2024-08-26\/ssf-2024-austausch-und-impulse-fuer-die-nachhaltige-entwicklung-der-schweiz\/\" \/>\n<meta property=\"og:locale\" content=\"de_DE\" \/>\n<meta property=\"og:type\" content=\"article\" \/>\n<meta property=\"og:title\" content=\"SSF 2024: Austausch und Impulse f\u00fcr die nachhaltige Entwicklung der Schweiz\" \/>\n<meta property=\"og:description\" content=\"Mobilit\u00e4t und Energie, Lebensraum Alpen und Biodiversit\u00e4t sowie nachhaltige Unternehmensf\u00fchrung waren zentrale Themen des diesj\u00e4hrigen SSF.\" \/>\n<meta property=\"og:url\" content=\"https:\/\/www.organisator.ch\/de\/sustainability\/2024-08-26\/ssf-2024-austausch-und-impulse-fuer-die-nachhaltige-entwicklung-der-schweiz\/\" \/>\n<meta property=\"og:site_name\" content=\"Organisator\" \/>\n<meta property=\"article:publisher\" content=\"https:\/\/www.facebook.com\/OrganisatorFachmagazin\" \/>\n<meta property=\"article:published_time\" content=\"2024-08-26T06:56:37+00:00\" \/>\n<meta property=\"og:image\" content=\"https:\/\/www.organisator.ch\/wp-content\/uploads\/2024\/08\/SSF_24_Bild1_ps.jpg\" \/>\n\t<meta property=\"og:image:width\" content=\"680\" \/>\n\t<meta property=\"og:image:height\" content=\"481\" \/>\n\t<meta property=\"og:image:type\" content=\"image\/jpeg\" \/>\n<meta name=\"author\" content=\"Adelisa Kalajdzini\" \/>\n<meta name=\"twitter:card\" content=\"summary_large_image\" \/>\n<meta name=\"twitter:title\" content=\"SSF 2024: Austausch und Impulse f\u00fcr die nachhaltige Entwicklung der Schweiz\" \/>\n<meta name=\"twitter:description\" content=\"#Mobilit\u00e4t und Energie, Lebensraum Alpen und #Biodiversit\u00e4t sowie #nachhaltige #Unternehmensf\u00fchrung waren zentrale Themen des diesj\u00e4hrigen #SSF.\" \/>\n<meta name=\"twitter:image\" content=\"https:\/\/www.organisator.ch\/wp-content\/uploads\/2024\/08\/SSF_24_Bild1_ps.jpg\" \/>\n<script type=\"application\/ld+json\" class=\"yoast-schema-graph\">{\"@context\":\"https:\\\/\\\/schema.org\",\"@graph\":[{\"@type\":\"Article\",\"@id\":\"https:\\\/\\\/www.organisator.ch\\\/sustainability\\\/2024-08-26\\\/ssf-2024-austausch-und-impulse-fuer-die-nachhaltige-entwicklung-der-schweiz\\\/#article\",\"isPartOf\":{\"@id\":\"https:\\\/\\\/www.organisator.ch\\\/sustainability\\\/2024-08-26\\\/ssf-2024-austausch-und-impulse-fuer-die-nachhaltige-entwicklung-der-schweiz\\\/\"},\"author\":{\"name\":\"Adelisa Kalajdzini\",\"@id\":\"https:\\\/\\\/www.organisator.ch\\\/#\\\/schema\\\/person\\\/2e1314a2172123f874db408d8911d3f3\"},\"headline\":\"SSF 2024: Austausch und Impulse f\u00fcr die nachhaltige Entwicklung der Schweiz\",\"datePublished\":\"2024-08-26T06:56:37+00:00\",\"mainEntityOfPage\":{\"@id\":\"https:\\\/\\\/www.organisator.ch\\\/sustainability\\\/2024-08-26\\\/ssf-2024-austausch-und-impulse-fuer-die-nachhaltige-entwicklung-der-schweiz\\\/\"},\"wordCount\":471,\"publisher\":{\"@id\":\"https:\\\/\\\/www.organisator.ch\\\/#organization\"},\"image\":{\"@id\":\"https:\\\/\\\/www.organisator.ch\\\/sustainability\\\/2024-08-26\\\/ssf-2024-austausch-und-impulse-fuer-die-nachhaltige-entwicklung-der-schweiz\\\/#primaryimage\"},\"thumbnailUrl\":\"https:\\\/\\\/www.organisator.ch\\\/wp-content\\\/uploads\\\/2024\\\/08\\\/SSF_24_Bild1_ps.jpg\",\"keywords\":[\"Forum\",\"Management\",\"Nachhaltigkeit\",\"Schweiz\",\"Unternehmen\"],\"articleSection\":[\"SUSTAINABILITY\"],\"inLanguage\":\"de\"},{\"@type\":\"WebPage\",\"@id\":\"https:\\\/\\\/www.organisator.ch\\\/sustainability\\\/2024-08-26\\\/ssf-2024-austausch-und-impulse-fuer-die-nachhaltige-entwicklung-der-schweiz\\\/\",\"url\":\"https:\\\/\\\/www.organisator.ch\\\/sustainability\\\/2024-08-26\\\/ssf-2024-austausch-und-impulse-fuer-die-nachhaltige-entwicklung-der-schweiz\\\/\",\"name\":\"SSF 2024: Austausch und Impulse f\u00fcr die nachhaltige Entwicklung der Schweiz - Organisator\",\"isPartOf\":{\"@id\":\"https:\\\/\\\/www.organisator.ch\\\/#website\"},\"primaryImageOfPage\":{\"@id\":\"https:\\\/\\\/www.organisator.ch\\\/sustainability\\\/2024-08-26\\\/ssf-2024-austausch-und-impulse-fuer-die-nachhaltige-entwicklung-der-schweiz\\\/#primaryimage\"},\"image\":{\"@id\":\"https:\\\/\\\/www.organisator.ch\\\/sustainability\\\/2024-08-26\\\/ssf-2024-austausch-und-impulse-fuer-die-nachhaltige-entwicklung-der-schweiz\\\/#primaryimage\"},\"thumbnailUrl\":\"https:\\\/\\\/www.organisator.ch\\\/wp-content\\\/uploads\\\/2024\\\/08\\\/SSF_24_Bild1_ps.jpg\",\"datePublished\":\"2024-08-26T06:56:37+00:00\",\"description\":\"Mobilit\u00e4t und Energie, Lebensraum Alpen und Biodiversit\u00e4t sowie nachhaltige Unternehmensf\u00fchrung waren zentrale Themen des diesj\u00e4hrigen SSF.\",\"breadcrumb\":{\"@id\":\"https:\\\/\\\/www.organisator.ch\\\/sustainability\\\/2024-08-26\\\/ssf-2024-austausch-und-impulse-fuer-die-nachhaltige-entwicklung-der-schweiz\\\/#breadcrumb\"},\"inLanguage\":\"de\",\"potentialAction\":[{\"@type\":\"ReadAction\",\"target\":[\"https:\\\/\\\/www.organisator.ch\\\/sustainability\\\/2024-08-26\\\/ssf-2024-austausch-und-impulse-fuer-die-nachhaltige-entwicklung-der-schweiz\\\/\"]}]},{\"@type\":\"ImageObject\",\"inLanguage\":\"de\",\"@id\":\"https:\\\/\\\/www.organisator.ch\\\/sustainability\\\/2024-08-26\\\/ssf-2024-austausch-und-impulse-fuer-die-nachhaltige-entwicklung-der-schweiz\\\/#primaryimage\",\"url\":\"https:\\\/\\\/www.organisator.ch\\\/wp-content\\\/uploads\\\/2024\\\/08\\\/SSF_24_Bild1_ps.jpg\",\"contentUrl\":\"https:\\\/\\\/www.organisator.ch\\\/wp-content\\\/uploads\\\/2024\\\/08\\\/SSF_24_Bild1_ps.jpg\",\"width\":680,\"height\":481,\"caption\":\"Das SSF 2024 versammelte am 22. August rund 750 Entscheidungstr\u00e4gerinnen und Entscheidungstr\u00e4ger aus Wirtschaft, Wissenschaft und Politik im Berner Kursaal.\"},{\"@type\":\"BreadcrumbList\",\"@id\":\"https:\\\/\\\/www.organisator.ch\\\/sustainability\\\/2024-08-26\\\/ssf-2024-austausch-und-impulse-fuer-die-nachhaltige-entwicklung-der-schweiz\\\/#breadcrumb\",\"itemListElement\":[{\"@type\":\"ListItem\",\"position\":1,\"name\":\"Home\",\"item\":\"https:\\\/\\\/www.organisator.ch\\\/\"},{\"@type\":\"ListItem\",\"position\":2,\"name\":\"SSF 2024: Austausch und Impulse f\u00fcr die nachhaltige Entwicklung der Schweiz\"}]},{\"@type\":\"WebSite\",\"@id\":\"https:\\\/\\\/www.organisator.ch\\\/#website\",\"url\":\"https:\\\/\\\/www.organisator.ch\\\/\",\"name\":\"Organisator\",\"description\":\"Kompetent. Praxisnah. Der ORGANISATOR bereitet in 10 Ausgaben pro Jahr die wesentlichen Themen f\u00fcr F\u00fchrungskr\u00e4fte von KMU auf.\",\"publisher\":{\"@id\":\"https:\\\/\\\/www.organisator.ch\\\/#organization\"},\"potentialAction\":[{\"@type\":\"SearchAction\",\"target\":{\"@type\":\"EntryPoint\",\"urlTemplate\":\"https:\\\/\\\/www.organisator.ch\\\/?s={search_term_string}\"},\"query-input\":{\"@type\":\"PropertyValueSpecification\",\"valueRequired\":true,\"valueName\":\"search_term_string\"}}],\"inLanguage\":\"de\"},{\"@type\":\"Organization\",\"@id\":\"https:\\\/\\\/www.organisator.ch\\\/#organization\",\"name\":\"Organisator\",\"url\":\"https:\\\/\\\/www.organisator.ch\\\/\",\"logo\":{\"@type\":\"ImageObject\",\"inLanguage\":\"de\",\"@id\":\"https:\\\/\\\/www.organisator.ch\\\/#\\\/schema\\\/logo\\\/image\\\/\",\"url\":\"https:\\\/\\\/www.organisator.ch\\\/wp-content\\\/uploads\\\/2022\\\/01\\\/Logo_Organisator_Website.png\",\"contentUrl\":\"https:\\\/\\\/www.organisator.ch\\\/wp-content\\\/uploads\\\/2022\\\/01\\\/Logo_Organisator_Website.png\",\"width\":800,\"height\":77,\"caption\":\"Organisator\"},\"image\":{\"@id\":\"https:\\\/\\\/www.organisator.ch\\\/#\\\/schema\\\/logo\\\/image\\\/\"},\"sameAs\":[\"https:\\\/\\\/www.facebook.com\\\/OrganisatorFachmagazin\",\"https:\\\/\\\/www.linkedin.com\\\/showcase\\\/organisator-das-magazin-fr-kmu\",\"https:\\\/\\\/www.xing.com\\\/news\\\/pages\\\/organisator-ch-695\",\"https:\\\/\\\/www.youtube.com\\\/channel\\\/UCGP2Sq0iWaZwT3BdIAQFYpw\"]},{\"@type\":\"Person\",\"@id\":\"https:\\\/\\\/www.organisator.ch\\\/#\\\/schema\\\/person\\\/2e1314a2172123f874db408d8911d3f3\",\"name\":\"Adelisa Kalajdzini\",\"image\":{\"@type\":\"ImageObject\",\"inLanguage\":\"de\",\"@id\":\"https:\\\/\\\/secure.gravatar.com\\\/avatar\\\/09a397c22ac58cad6f160ee8306348599df9df58a8ede73696226897b9fa4b24?s=96&d=mm&r=g\",\"url\":\"https:\\\/\\\/secure.gravatar.com\\\/avatar\\\/09a397c22ac58cad6f160ee8306348599df9df58a8ede73696226897b9fa4b24?s=96&d=mm&r=g\",\"contentUrl\":\"https:\\\/\\\/secure.gravatar.com\\\/avatar\\\/09a397c22ac58cad6f160ee8306348599df9df58a8ede73696226897b9fa4b24?s=96&d=mm&r=g\",\"caption\":\"Adelisa Kalajdzini\"},\"url\":\"https:\\\/\\\/www.organisator.ch\\\/de\\\/author\\\/adelisa-kalajdzini\\\/\"}]}<\/script>\n<!-- \/ Yoast SEO plugin. -->","yoast_head_json":{"title":"SSF 2024: Austausch und Impulse f\u00fcr die nachhaltige Entwicklung der Schweiz - Organisator","description":"Mobilit\u00e4t und Energie, Lebensraum Alpen und Biodiversit\u00e4t sowie nachhaltige Unternehmensf\u00fchrung waren zentrale Themen des diesj\u00e4hrigen SSF.","robots":{"index":"index","follow":"follow","max-snippet":"max-snippet:-1","max-image-preview":"max-image-preview:large","max-video-preview":"max-video-preview:-1"},"canonical":"https:\/\/www.organisator.ch\/de\/sustainability\/2024-08-26\/ssf-2024-austausch-und-impulse-fuer-die-nachhaltige-entwicklung-der-schweiz\/","og_locale":"de_DE","og_type":"article","og_title":"SSF 2024: Austausch und Impulse f\u00fcr die nachhaltige Entwicklung der Schweiz","og_description":"Mobilit\u00e4t und Energie, Lebensraum Alpen und Biodiversit\u00e4t sowie nachhaltige Unternehmensf\u00fchrung waren zentrale Themen des diesj\u00e4hrigen SSF.","og_url":"https:\/\/www.organisator.ch\/de\/sustainability\/2024-08-26\/ssf-2024-austausch-und-impulse-fuer-die-nachhaltige-entwicklung-der-schweiz\/","og_site_name":"Organisator","article_publisher":"https:\/\/www.facebook.com\/OrganisatorFachmagazin","article_published_time":"2024-08-26T06:56:37+00:00","og_image":[{"width":680,"height":481,"url":"https:\/\/www.organisator.ch\/wp-content\/uploads\/2024\/08\/SSF_24_Bild1_ps.jpg","type":"image\/jpeg"}],"author":"Adelisa Kalajdzini","twitter_card":"summary_large_image","twitter_title":"SSF 2024: Austausch und Impulse f\u00fcr die nachhaltige Entwicklung der Schweiz","twitter_description":"#Mobilit\u00e4t und Energie, Lebensraum Alpen und #Biodiversit\u00e4t sowie #nachhaltige #Unternehmensf\u00fchrung waren zentrale Themen des diesj\u00e4hrigen #SSF.","twitter_image":"https:\/\/www.organisator.ch\/wp-content\/uploads\/2024\/08\/SSF_24_Bild1_ps.jpg","schema":{"@context":"https:\/\/schema.org","@graph":[{"@type":"Article","@id":"https:\/\/www.organisator.ch\/sustainability\/2024-08-26\/ssf-2024-austausch-und-impulse-fuer-die-nachhaltige-entwicklung-der-schweiz\/#article","isPartOf":{"@id":"https:\/\/www.organisator.ch\/sustainability\/2024-08-26\/ssf-2024-austausch-und-impulse-fuer-die-nachhaltige-entwicklung-der-schweiz\/"},"author":{"name":"Adelisa Kalajdzini","@id":"https:\/\/www.organisator.ch\/#\/schema\/person\/2e1314a2172123f874db408d8911d3f3"},"headline":"SSF 2024: Austausch und Impulse f\u00fcr die nachhaltige Entwicklung der Schweiz","datePublished":"2024-08-26T06:56:37+00:00","mainEntityOfPage":{"@id":"https:\/\/www.organisator.ch\/sustainability\/2024-08-26\/ssf-2024-austausch-und-impulse-fuer-die-nachhaltige-entwicklung-der-schweiz\/"},"wordCount":471,"publisher":{"@id":"https:\/\/www.organisator.ch\/#organization"},"image":{"@id":"https:\/\/www.organisator.ch\/sustainability\/2024-08-26\/ssf-2024-austausch-und-impulse-fuer-die-nachhaltige-entwicklung-der-schweiz\/#primaryimage"},"thumbnailUrl":"https:\/\/www.organisator.ch\/wp-content\/uploads\/2024\/08\/SSF_24_Bild1_ps.jpg","keywords":["Forum","Management","Nachhaltigkeit","Schweiz","Unternehmen"],"articleSection":["SUSTAINABILITY"],"inLanguage":"de"},{"@type":"WebPage","@id":"https:\/\/www.organisator.ch\/sustainability\/2024-08-26\/ssf-2024-austausch-und-impulse-fuer-die-nachhaltige-entwicklung-der-schweiz\/","url":"https:\/\/www.organisator.ch\/sustainability\/2024-08-26\/ssf-2024-austausch-und-impulse-fuer-die-nachhaltige-entwicklung-der-schweiz\/","name":"SSF 2024: Austausch und Impulse f\u00fcr die nachhaltige Entwicklung der Schweiz - Organisator","isPartOf":{"@id":"https:\/\/www.organisator.ch\/#website"},"primaryImageOfPage":{"@id":"https:\/\/www.organisator.ch\/sustainability\/2024-08-26\/ssf-2024-austausch-und-impulse-fuer-die-nachhaltige-entwicklung-der-schweiz\/#primaryimage"},"image":{"@id":"https:\/\/www.organisator.ch\/sustainability\/2024-08-26\/ssf-2024-austausch-und-impulse-fuer-die-nachhaltige-entwicklung-der-schweiz\/#primaryimage"},"thumbnailUrl":"https:\/\/www.organisator.ch\/wp-content\/uploads\/2024\/08\/SSF_24_Bild1_ps.jpg","datePublished":"2024-08-26T06:56:37+00:00","description":"Mobilit\u00e4t und Energie, Lebensraum Alpen und Biodiversit\u00e4t sowie nachhaltige Unternehmensf\u00fchrung waren zentrale Themen des diesj\u00e4hrigen SSF.","breadcrumb":{"@id":"https:\/\/www.organisator.ch\/sustainability\/2024-08-26\/ssf-2024-austausch-und-impulse-fuer-die-nachhaltige-entwicklung-der-schweiz\/#breadcrumb"},"inLanguage":"de","potentialAction":[{"@type":"ReadAction","target":["https:\/\/www.organisator.ch\/sustainability\/2024-08-26\/ssf-2024-austausch-und-impulse-fuer-die-nachhaltige-entwicklung-der-schweiz\/"]}]},{"@type":"ImageObject","inLanguage":"de","@id":"https:\/\/www.organisator.ch\/sustainability\/2024-08-26\/ssf-2024-austausch-und-impulse-fuer-die-nachhaltige-entwicklung-der-schweiz\/#primaryimage","url":"https:\/\/www.organisator.ch\/wp-content\/uploads\/2024\/08\/SSF_24_Bild1_ps.jpg","contentUrl":"https:\/\/www.organisator.ch\/wp-content\/uploads\/2024\/08\/SSF_24_Bild1_ps.jpg","width":680,"height":481,"caption":"Das SSF 2024 versammelte am 22. August rund 750 Entscheidungstr\u00e4gerinnen und Entscheidungstr\u00e4ger aus Wirtschaft, Wissenschaft und Politik im Berner Kursaal."},{"@type":"BreadcrumbList","@id":"https:\/\/www.organisator.ch\/sustainability\/2024-08-26\/ssf-2024-austausch-und-impulse-fuer-die-nachhaltige-entwicklung-der-schweiz\/#breadcrumb","itemListElement":[{"@type":"ListItem","position":1,"name":"Home","item":"https:\/\/www.organisator.ch\/"},{"@type":"ListItem","position":2,"name":"SSF 2024: Austausch und Impulse f\u00fcr die nachhaltige Entwicklung der Schweiz"}]},{"@type":"WebSite","@id":"https:\/\/www.organisator.ch\/#website","url":"https:\/\/www.organisator.ch\/","name":"Organisator","description":"Kompetent. Praxisnah. Der ORGANISATOR bereitet in 10 Ausgaben pro Jahr die wesentlichen Themen f\u00fcr F\u00fchrungskr\u00e4fte von KMU auf.","publisher":{"@id":"https:\/\/www.organisator.ch\/#organization"},"potentialAction":[{"@type":"SearchAction","target":{"@type":"EntryPoint","urlTemplate":"https:\/\/www.organisator.ch\/?s={search_term_string}"},"query-input":{"@type":"PropertyValueSpecification","valueRequired":true,"valueName":"search_term_string"}}],"inLanguage":"de"},{"@type":"Organization","@id":"https:\/\/www.organisator.ch\/#organization","name":"Organisator","url":"https:\/\/www.organisator.ch\/","logo":{"@type":"ImageObject","inLanguage":"de","@id":"https:\/\/www.organisator.ch\/#\/schema\/logo\/image\/","url":"https:\/\/www.organisator.ch\/wp-content\/uploads\/2022\/01\/Logo_Organisator_Website.png","contentUrl":"https:\/\/www.organisator.ch\/wp-content\/uploads\/2022\/01\/Logo_Organisator_Website.png","width":800,"height":77,"caption":"Organisator"},"image":{"@id":"https:\/\/www.organisator.ch\/#\/schema\/logo\/image\/"},"sameAs":["https:\/\/www.facebook.com\/OrganisatorFachmagazin","https:\/\/www.linkedin.com\/showcase\/organisator-das-magazin-fr-kmu","https:\/\/www.xing.com\/news\/pages\/organisator-ch-695","https:\/\/www.youtube.com\/channel\/UCGP2Sq0iWaZwT3BdIAQFYpw"]},{"@type":"Person","@id":"https:\/\/www.organisator.ch\/#\/schema\/person\/2e1314a2172123f874db408d8911d3f3","name":"Adelisa Kalajdzini","image":{"@type":"ImageObject","inLanguage":"de","@id":"https:\/\/secure.gravatar.com\/avatar\/09a397c22ac58cad6f160ee8306348599df9df58a8ede73696226897b9fa4b24?s=96&d=mm&r=g","url":"https:\/\/secure.gravatar.com\/avatar\/09a397c22ac58cad6f160ee8306348599df9df58a8ede73696226897b9fa4b24?s=96&d=mm&r=g","contentUrl":"https:\/\/secure.gravatar.com\/avatar\/09a397c22ac58cad6f160ee8306348599df9df58a8ede73696226897b9fa4b24?s=96&d=mm&r=g","caption":"Adelisa Kalajdzini"},"url":"https:\/\/www.organisator.ch\/de\/author\/adelisa-kalajdzini\/"}]}},"_links":{"self":[{"href":"https:\/\/www.organisator.ch\/de\/wp-json\/wp\/v2\/posts\/29282","targetHints":{"allow":["GET"]}}],"collection":[{"href":"https:\/\/www.organisator.ch\/de\/wp-json\/wp\/v2\/posts"}],"about":[{"href":"https:\/\/www.organisator.ch\/de\/wp-json\/wp\/v2\/types\/post"}],"author":[{"embeddable":true,"href":"https:\/\/www.organisator.ch\/de\/wp-json\/wp\/v2\/users\/58"}],"replies":[{"embeddable":true,"href":"https:\/\/www.organisator.ch\/de\/wp-json\/wp\/v2\/comments?post=29282"}],"version-history":[{"count":3,"href":"https:\/\/www.organisator.ch\/de\/wp-json\/wp\/v2\/posts\/29282\/revisions"}],"predecessor-version":[{"id":29299,"href":"https:\/\/www.organisator.ch\/de\/wp-json\/wp\/v2\/posts\/29282\/revisions\/29299"}],"wp:featuredmedia":[{"embeddable":true,"href":"https:\/\/www.organisator.ch\/de\/wp-json\/wp\/v2\/media\/29284"}],"wp:attachment":[{"href":"https:\/\/www.organisator.ch\/de\/wp-json\/wp\/v2\/media?parent=29282"}],"wp:term":[{"taxonomy":"category","embeddable":true,"href":"https:\/\/www.organisator.ch\/de\/wp-json\/wp\/v2\/categories?post=29282"},{"taxonomy":"post_tag","embeddable":true,"href":"https:\/\/www.organisator.ch\/de\/wp-json\/wp\/v2\/tags?post=29282"}],"curies":[{"name":"wp","href":"https:\/\/api.w.org\/{rel}","templated":true}]}}