{"id":29293,"date":"2024-08-26T09:36:23","date_gmt":"2024-08-26T07:36:23","guid":{"rendered":"https:\/\/www.markt-kom.com\/?p=222078"},"modified":"2024-11-08T12:30:01","modified_gmt":"2024-11-08T11:30:01","slug":"arosa-tourismus-feiert-weiteren-erfolg-mit-ki-kampagne","status":"publish","type":"post","link":"https:\/\/www.organisator.ch\/de\/marketing\/2024-08-26\/arosa-tourismus-feiert-weiteren-erfolg-mit-ki-kampagne\/","title":{"rendered":"Arosa Tourismus feiert weiteren Erfolg mit KI-Kampagne"},"content":{"rendered":"<figure id=\"attachment_222083\" class=\"wp-caption alignnone\" style=\"width: 1400px\" aria-describedby=\"caption-attachment-222083\"><a href=\"https:\/\/www.markt-kom.com\/wp-content\/uploads\/2024\/08\/arosa-macht-traeume-wahr-wurde-an-den-sdv-awards-2024-ausgezeichnet-17763599-scaled.jpg\"><img class=\"alignnone wp-image-222083 size-full\" src=\"https:\/\/www.markt-kom.com\/wp-content\/uploads\/2024\/08\/arosa-macht-traeume-wahr-wurde-an-den-sdv-awards-2024-ausgezeichnet-17763599-scaled.jpg\" alt=\"Arosa\" width=\"1400\" height=\"932\" \/><\/a>\r\n<figcaption id=\"caption-attachment-222083\" class=\"wp-caption-text\">\u00abArosa macht Tr\u00e4ume wahr\u00bb wurde an den SDV Awards 2024 ausgezeichnet (Bild: Arosa Tourismus)<\/figcaption>\r\n<\/figure>\r\n<h3>Kreativit\u00e4t und Technik vereint: Die Erfolgsgeschichte von #Bergtraum<\/h3>\r\n<p>Arosa Tourismus hat 2024 mit einer einzigartigen Mischung aus Kreativit\u00e4t und Technik einen neuen Ma\u00dfstab gesetzt. Die erste Crowd-generierte KI-Kampagne der Schweiz verwandelte die W\u00fcnsche der G\u00e4ste in atemberaubende Kunstwerke, die sowohl digital als auch in Printmedien pr\u00e4sentiert wurden. \u00dcber 43\u2019000 Bilder entstanden in wenigen Wochen \u2013 ein beeindruckender Erfolg, der sich auch in der Marketingbranche widerspiegelte. Nach nationalen und internationalen Auszeichnungen wurde die Kampagne nun in Z\u00fcrich mit Gold in der Kategorie \u201eMultichannel \/ Crossmedia Kampagnen\u201c und Silber in \u201eCreative use of Data und \/ oder Marketing Automation\u201c ausgezeichnet.<\/p>\r\n<p>Marion Schmitz, Stellvertretende Tourismusdirektorin, freut sich \u00fcber den erneuten Erfolg: \u201eDie Resonanz auf die Bergtraum-Kampagne ist \u00fcberw\u00e4ltigend und motiviert uns, \u00fcber eine Fortsetzung nachzudenken.\u201c<\/p>\r\n<figure id=\"attachment_222081\" class=\"wp-caption alignnone\" style=\"width: 1400px\" aria-describedby=\"caption-attachment-222081\"><a href=\"https:\/\/www.markt-kom.com\/wp-content\/uploads\/2024\/08\/ueber-43-000-sujets-wurden-kreiert-und-mehr-als-100-traeume-der-teilnehmenden-verwirklicht-17763597-scaled.jpg\"><img class=\"size-full wp-image-222081\" src=\"https:\/\/www.markt-kom.com\/wp-content\/uploads\/2024\/08\/ueber-43-000-sujets-wurden-kreiert-und-mehr-als-100-traeume-der-teilnehmenden-verwirklicht-17763597-scaled.jpg\" alt=\"\" width=\"1400\" height=\"933\" \/><\/a>\r\n<figcaption id=\"caption-attachment-222081\" class=\"wp-caption-text\">\u00dcber 43\u2019000 Sujets wurden kreiert und mehr als 100 Tr\u00e4ume der Teilnehmenden verwirklicht (Bild: Arosa Tourismus)<\/figcaption>\r\n<\/figure>\r\n<h3>Tr\u00e4ume werden wahr: Arosa macht\u2019s m\u00f6glich<\/h3>\r\n<p>Ein Highlight der Kampagne war die Verwirklichung von \u00fcber 100 Tr\u00e4umen der Teilnehmer \u2013 sei es mit Skip\u00e4ssen, Wellness-Wochenenden oder speziellen Events. Die Bergtraum-Motive zierten nicht nur digitale und gedruckte Medien, sondern auch Merchandising-Produkte und sogar Gondeln, Busse und Briefmarken. Dank einer Kooperation mit Ifolor konnten die Teilnehmer ihre eigenen Kreationen auf Produkte drucken lassen.<\/p>\r\n<h3>SDV Awards: Die Auszeichnung im Dialogmarketing<\/h3>\r\n<p>Der SDV Award ist eine der h\u00f6chsten Auszeichnungen im Schweizer Dialogmarketing. Seit \u00fcber 20 Jahren bewertet eine Fachjury aus fast 100 Mitgliedern die besten Arbeiten der Branche nach Wirkung, Erfolg und Kreativit\u00e4t.<\/p>\r\n<p>&nbsp;<\/p>","protected":false},"excerpt":{"rendered":"<p>Die #Bergtraum-Kampagne von Arosa Tourismus setzt ihren Erfolgskurs fort: Nach mehreren Auszeichnungen erhielt die innovative, schweizweit erste KI-generierte Winterkampagne 2023\/24 nun auch Gold und Silber bei den SDV Awards 2024 des Schweizer Dialogmarketing Verbands.<\/p>\n","protected":false},"author":8,"featured_media":0,"comment_status":"closed","ping_status":"closed","sticky":false,"template":"","format":"standard","meta":{"_acf_changed":false,"_yoast_wpseo_focuskw":"Arosa","_yoast_wpseo_metadesc":"Arosa Tourismus gewinnt mit Bergtraum-Kampagne Gold und Silber bei SDV Awards 2024. Kreativit\u00e4t und Technik vereint.","articlekey":"","footnotes":""},"categories":[29],"tags":[727,66,4419],"class_list":["post-29293","post","type-post","status-publish","format-standard","hentry","category-marketing","tag-arosa","tag-awards","tag-sdv-award"],"acf":[],"yoast_head":"<!-- This site is optimized with the Yoast SEO plugin v27.5 - https:\/\/yoast.com\/product\/yoast-seo-wordpress\/ -->\n<title>Arosa Tourismus feiert weiteren Erfolg mit KI-Kampagne - Organisator<\/title>\n<meta name=\"description\" content=\"Arosa Tourismus gewinnt mit Bergtraum-Kampagne Gold und Silber bei SDV Awards 2024. Kreativit\u00e4t und Technik vereint.\" \/>\n<meta name=\"robots\" content=\"index, follow, max-snippet:-1, max-image-preview:large, max-video-preview:-1\" \/>\n<link rel=\"canonical\" href=\"https:\/\/www.organisator.ch\/de\/marketing\/2024-08-26\/arosa-tourismus-feiert-weiteren-erfolg-mit-ki-kampagne\/\" \/>\n<meta property=\"og:locale\" content=\"de_DE\" \/>\n<meta property=\"og:type\" content=\"article\" \/>\n<meta property=\"og:title\" content=\"Arosa Tourismus feiert weiteren Erfolg mit KI-Kampagne - Organisator\" \/>\n<meta property=\"og:description\" content=\"Arosa Tourismus gewinnt mit Bergtraum-Kampagne Gold und Silber bei SDV Awards 2024. Kreativit\u00e4t und Technik vereint.\" \/>\n<meta property=\"og:url\" content=\"https:\/\/www.organisator.ch\/de\/marketing\/2024-08-26\/arosa-tourismus-feiert-weiteren-erfolg-mit-ki-kampagne\/\" \/>\n<meta property=\"og:site_name\" content=\"Organisator\" \/>\n<meta property=\"article:publisher\" content=\"https:\/\/www.facebook.com\/OrganisatorFachmagazin\" \/>\n<meta property=\"article:published_time\" content=\"2024-08-26T07:36:23+00:00\" \/>\n<meta property=\"article:modified_time\" content=\"2024-11-08T11:30:01+00:00\" \/>\n<meta property=\"og:image\" content=\"https:\/\/www.markt-kom.com\/wp-content\/uploads\/2024\/08\/arosa-macht-traeume-wahr-wurde-an-den-sdv-awards-2024-ausgezeichnet-17763599-scaled.jpg\" \/>\n<meta name=\"author\" content=\"galledia\" \/>\n<meta name=\"twitter:card\" content=\"summary_large_image\" \/>\n<meta name=\"twitter:creator\" content=\"@admin\" \/>\n<script type=\"application\/ld+json\" class=\"yoast-schema-graph\">{\"@context\":\"https:\\\/\\\/schema.org\",\"@graph\":[{\"@type\":\"Article\",\"@id\":\"https:\\\/\\\/www.organisator.ch\\\/marketing\\\/2024-08-26\\\/arosa-tourismus-feiert-weiteren-erfolg-mit-ki-kampagne\\\/#article\",\"isPartOf\":{\"@id\":\"https:\\\/\\\/www.organisator.ch\\\/marketing\\\/2024-08-26\\\/arosa-tourismus-feiert-weiteren-erfolg-mit-ki-kampagne\\\/\"},\"author\":{\"name\":\"galledia\",\"@id\":\"https:\\\/\\\/www.organisator.ch\\\/#\\\/schema\\\/person\\\/4e51799071cd2dd1232ac003643ef5f0\"},\"headline\":\"Arosa Tourismus feiert weiteren Erfolg mit KI-Kampagne\",\"datePublished\":\"2024-08-26T07:36:23+00:00\",\"dateModified\":\"2024-11-08T11:30:01+00:00\",\"mainEntityOfPage\":{\"@id\":\"https:\\\/\\\/www.organisator.ch\\\/marketing\\\/2024-08-26\\\/arosa-tourismus-feiert-weiteren-erfolg-mit-ki-kampagne\\\/\"},\"wordCount\":264,\"publisher\":{\"@id\":\"https:\\\/\\\/www.organisator.ch\\\/#organization\"},\"image\":{\"@id\":\"https:\\\/\\\/www.organisator.ch\\\/marketing\\\/2024-08-26\\\/arosa-tourismus-feiert-weiteren-erfolg-mit-ki-kampagne\\\/#primaryimage\"},\"thumbnailUrl\":\"https:\\\/\\\/www.markt-kom.com\\\/wp-content\\\/uploads\\\/2024\\\/08\\\/arosa-macht-traeume-wahr-wurde-an-den-sdv-awards-2024-ausgezeichnet-17763599-scaled.jpg\",\"keywords\":[\"Arosa\",\"Awards\",\"SDV-Award\"],\"articleSection\":[\"MARKETING\"],\"inLanguage\":\"de\"},{\"@type\":\"WebPage\",\"@id\":\"https:\\\/\\\/www.organisator.ch\\\/marketing\\\/2024-08-26\\\/arosa-tourismus-feiert-weiteren-erfolg-mit-ki-kampagne\\\/\",\"url\":\"https:\\\/\\\/www.organisator.ch\\\/marketing\\\/2024-08-26\\\/arosa-tourismus-feiert-weiteren-erfolg-mit-ki-kampagne\\\/\",\"name\":\"Arosa Tourismus feiert weiteren Erfolg mit KI-Kampagne - Organisator\",\"isPartOf\":{\"@id\":\"https:\\\/\\\/www.organisator.ch\\\/#website\"},\"primaryImageOfPage\":{\"@id\":\"https:\\\/\\\/www.organisator.ch\\\/marketing\\\/2024-08-26\\\/arosa-tourismus-feiert-weiteren-erfolg-mit-ki-kampagne\\\/#primaryimage\"},\"image\":{\"@id\":\"https:\\\/\\\/www.organisator.ch\\\/marketing\\\/2024-08-26\\\/arosa-tourismus-feiert-weiteren-erfolg-mit-ki-kampagne\\\/#primaryimage\"},\"thumbnailUrl\":\"https:\\\/\\\/www.markt-kom.com\\\/wp-content\\\/uploads\\\/2024\\\/08\\\/arosa-macht-traeume-wahr-wurde-an-den-sdv-awards-2024-ausgezeichnet-17763599-scaled.jpg\",\"datePublished\":\"2024-08-26T07:36:23+00:00\",\"dateModified\":\"2024-11-08T11:30:01+00:00\",\"description\":\"Arosa Tourismus gewinnt mit Bergtraum-Kampagne Gold und Silber bei SDV Awards 2024. Kreativit\u00e4t und Technik vereint.\",\"breadcrumb\":{\"@id\":\"https:\\\/\\\/www.organisator.ch\\\/marketing\\\/2024-08-26\\\/arosa-tourismus-feiert-weiteren-erfolg-mit-ki-kampagne\\\/#breadcrumb\"},\"inLanguage\":\"de\",\"potentialAction\":[{\"@type\":\"ReadAction\",\"target\":[\"https:\\\/\\\/www.organisator.ch\\\/marketing\\\/2024-08-26\\\/arosa-tourismus-feiert-weiteren-erfolg-mit-ki-kampagne\\\/\"]}]},{\"@type\":\"ImageObject\",\"inLanguage\":\"de\",\"@id\":\"https:\\\/\\\/www.organisator.ch\\\/marketing\\\/2024-08-26\\\/arosa-tourismus-feiert-weiteren-erfolg-mit-ki-kampagne\\\/#primaryimage\",\"url\":\"https:\\\/\\\/www.markt-kom.com\\\/wp-content\\\/uploads\\\/2024\\\/08\\\/arosa-macht-traeume-wahr-wurde-an-den-sdv-awards-2024-ausgezeichnet-17763599-scaled.jpg\",\"contentUrl\":\"https:\\\/\\\/www.markt-kom.com\\\/wp-content\\\/uploads\\\/2024\\\/08\\\/arosa-macht-traeume-wahr-wurde-an-den-sdv-awards-2024-ausgezeichnet-17763599-scaled.jpg\"},{\"@type\":\"BreadcrumbList\",\"@id\":\"https:\\\/\\\/www.organisator.ch\\\/marketing\\\/2024-08-26\\\/arosa-tourismus-feiert-weiteren-erfolg-mit-ki-kampagne\\\/#breadcrumb\",\"itemListElement\":[{\"@type\":\"ListItem\",\"position\":1,\"name\":\"Home\",\"item\":\"https:\\\/\\\/www.organisator.ch\\\/\"},{\"@type\":\"ListItem\",\"position\":2,\"name\":\"Arosa Tourismus feiert weiteren Erfolg mit KI-Kampagne\"}]},{\"@type\":\"WebSite\",\"@id\":\"https:\\\/\\\/www.organisator.ch\\\/#website\",\"url\":\"https:\\\/\\\/www.organisator.ch\\\/\",\"name\":\"Organisator\",\"description\":\"Kompetent. Praxisnah. Der ORGANISATOR bereitet in 10 Ausgaben pro Jahr die wesentlichen Themen f\u00fcr F\u00fchrungskr\u00e4fte von KMU auf.\",\"publisher\":{\"@id\":\"https:\\\/\\\/www.organisator.ch\\\/#organization\"},\"potentialAction\":[{\"@type\":\"SearchAction\",\"target\":{\"@type\":\"EntryPoint\",\"urlTemplate\":\"https:\\\/\\\/www.organisator.ch\\\/?s={search_term_string}\"},\"query-input\":{\"@type\":\"PropertyValueSpecification\",\"valueRequired\":true,\"valueName\":\"search_term_string\"}}],\"inLanguage\":\"de\"},{\"@type\":\"Organization\",\"@id\":\"https:\\\/\\\/www.organisator.ch\\\/#organization\",\"name\":\"Organisator\",\"url\":\"https:\\\/\\\/www.organisator.ch\\\/\",\"logo\":{\"@type\":\"ImageObject\",\"inLanguage\":\"de\",\"@id\":\"https:\\\/\\\/www.organisator.ch\\\/#\\\/schema\\\/logo\\\/image\\\/\",\"url\":\"https:\\\/\\\/www.organisator.ch\\\/wp-content\\\/uploads\\\/2022\\\/01\\\/Logo_Organisator_Website.png\",\"contentUrl\":\"https:\\\/\\\/www.organisator.ch\\\/wp-content\\\/uploads\\\/2022\\\/01\\\/Logo_Organisator_Website.png\",\"width\":800,\"height\":77,\"caption\":\"Organisator\"},\"image\":{\"@id\":\"https:\\\/\\\/www.organisator.ch\\\/#\\\/schema\\\/logo\\\/image\\\/\"},\"sameAs\":[\"https:\\\/\\\/www.facebook.com\\\/OrganisatorFachmagazin\",\"https:\\\/\\\/www.linkedin.com\\\/showcase\\\/organisator-das-magazin-fr-kmu\",\"https:\\\/\\\/www.xing.com\\\/news\\\/pages\\\/organisator-ch-695\",\"https:\\\/\\\/www.youtube.com\\\/channel\\\/UCGP2Sq0iWaZwT3BdIAQFYpw\"]},{\"@type\":\"Person\",\"@id\":\"https:\\\/\\\/www.organisator.ch\\\/#\\\/schema\\\/person\\\/4e51799071cd2dd1232ac003643ef5f0\",\"name\":\"galledia\",\"image\":{\"@type\":\"ImageObject\",\"inLanguage\":\"de\",\"@id\":\"https:\\\/\\\/secure.gravatar.com\\\/avatar\\\/78a7f90c01fc2bfc875782a0d4922b37cde2cf184ce347b91316d23cd7f69a36?s=96&d=mm&r=g\",\"url\":\"https:\\\/\\\/secure.gravatar.com\\\/avatar\\\/78a7f90c01fc2bfc875782a0d4922b37cde2cf184ce347b91316d23cd7f69a36?s=96&d=mm&r=g\",\"contentUrl\":\"https:\\\/\\\/secure.gravatar.com\\\/avatar\\\/78a7f90c01fc2bfc875782a0d4922b37cde2cf184ce347b91316d23cd7f69a36?s=96&d=mm&r=g\",\"caption\":\"galledia\"},\"sameAs\":[\"https:\\\/\\\/x.com\\\/admin\"],\"url\":\"https:\\\/\\\/www.organisator.ch\\\/de\\\/author\\\/galledia\\\/\"}]}<\/script>\n<!-- \/ Yoast SEO plugin. -->","yoast_head_json":{"title":"Arosa Tourismus feiert weiteren Erfolg mit KI-Kampagne - Organisator","description":"Arosa Tourismus gewinnt mit Bergtraum-Kampagne Gold und Silber bei SDV Awards 2024. Kreativit\u00e4t und Technik vereint.","robots":{"index":"index","follow":"follow","max-snippet":"max-snippet:-1","max-image-preview":"max-image-preview:large","max-video-preview":"max-video-preview:-1"},"canonical":"https:\/\/www.organisator.ch\/de\/marketing\/2024-08-26\/arosa-tourismus-feiert-weiteren-erfolg-mit-ki-kampagne\/","og_locale":"de_DE","og_type":"article","og_title":"Arosa Tourismus feiert weiteren Erfolg mit KI-Kampagne - Organisator","og_description":"Arosa Tourismus gewinnt mit Bergtraum-Kampagne Gold und Silber bei SDV Awards 2024. Kreativit\u00e4t und Technik vereint.","og_url":"https:\/\/www.organisator.ch\/de\/marketing\/2024-08-26\/arosa-tourismus-feiert-weiteren-erfolg-mit-ki-kampagne\/","og_site_name":"Organisator","article_publisher":"https:\/\/www.facebook.com\/OrganisatorFachmagazin","article_published_time":"2024-08-26T07:36:23+00:00","article_modified_time":"2024-11-08T11:30:01+00:00","og_image":[{"url":"https:\/\/www.markt-kom.com\/wp-content\/uploads\/2024\/08\/arosa-macht-traeume-wahr-wurde-an-den-sdv-awards-2024-ausgezeichnet-17763599-scaled.jpg","type":"","width":"","height":""}],"author":"galledia","twitter_card":"summary_large_image","twitter_creator":"@admin","schema":{"@context":"https:\/\/schema.org","@graph":[{"@type":"Article","@id":"https:\/\/www.organisator.ch\/marketing\/2024-08-26\/arosa-tourismus-feiert-weiteren-erfolg-mit-ki-kampagne\/#article","isPartOf":{"@id":"https:\/\/www.organisator.ch\/marketing\/2024-08-26\/arosa-tourismus-feiert-weiteren-erfolg-mit-ki-kampagne\/"},"author":{"name":"galledia","@id":"https:\/\/www.organisator.ch\/#\/schema\/person\/4e51799071cd2dd1232ac003643ef5f0"},"headline":"Arosa Tourismus feiert weiteren Erfolg mit KI-Kampagne","datePublished":"2024-08-26T07:36:23+00:00","dateModified":"2024-11-08T11:30:01+00:00","mainEntityOfPage":{"@id":"https:\/\/www.organisator.ch\/marketing\/2024-08-26\/arosa-tourismus-feiert-weiteren-erfolg-mit-ki-kampagne\/"},"wordCount":264,"publisher":{"@id":"https:\/\/www.organisator.ch\/#organization"},"image":{"@id":"https:\/\/www.organisator.ch\/marketing\/2024-08-26\/arosa-tourismus-feiert-weiteren-erfolg-mit-ki-kampagne\/#primaryimage"},"thumbnailUrl":"https:\/\/www.markt-kom.com\/wp-content\/uploads\/2024\/08\/arosa-macht-traeume-wahr-wurde-an-den-sdv-awards-2024-ausgezeichnet-17763599-scaled.jpg","keywords":["Arosa","Awards","SDV-Award"],"articleSection":["MARKETING"],"inLanguage":"de"},{"@type":"WebPage","@id":"https:\/\/www.organisator.ch\/marketing\/2024-08-26\/arosa-tourismus-feiert-weiteren-erfolg-mit-ki-kampagne\/","url":"https:\/\/www.organisator.ch\/marketing\/2024-08-26\/arosa-tourismus-feiert-weiteren-erfolg-mit-ki-kampagne\/","name":"Arosa Tourismus feiert weiteren Erfolg mit KI-Kampagne - Organisator","isPartOf":{"@id":"https:\/\/www.organisator.ch\/#website"},"primaryImageOfPage":{"@id":"https:\/\/www.organisator.ch\/marketing\/2024-08-26\/arosa-tourismus-feiert-weiteren-erfolg-mit-ki-kampagne\/#primaryimage"},"image":{"@id":"https:\/\/www.organisator.ch\/marketing\/2024-08-26\/arosa-tourismus-feiert-weiteren-erfolg-mit-ki-kampagne\/#primaryimage"},"thumbnailUrl":"https:\/\/www.markt-kom.com\/wp-content\/uploads\/2024\/08\/arosa-macht-traeume-wahr-wurde-an-den-sdv-awards-2024-ausgezeichnet-17763599-scaled.jpg","datePublished":"2024-08-26T07:36:23+00:00","dateModified":"2024-11-08T11:30:01+00:00","description":"Arosa Tourismus gewinnt mit Bergtraum-Kampagne Gold und Silber bei SDV Awards 2024. Kreativit\u00e4t und Technik vereint.","breadcrumb":{"@id":"https:\/\/www.organisator.ch\/marketing\/2024-08-26\/arosa-tourismus-feiert-weiteren-erfolg-mit-ki-kampagne\/#breadcrumb"},"inLanguage":"de","potentialAction":[{"@type":"ReadAction","target":["https:\/\/www.organisator.ch\/marketing\/2024-08-26\/arosa-tourismus-feiert-weiteren-erfolg-mit-ki-kampagne\/"]}]},{"@type":"ImageObject","inLanguage":"de","@id":"https:\/\/www.organisator.ch\/marketing\/2024-08-26\/arosa-tourismus-feiert-weiteren-erfolg-mit-ki-kampagne\/#primaryimage","url":"https:\/\/www.markt-kom.com\/wp-content\/uploads\/2024\/08\/arosa-macht-traeume-wahr-wurde-an-den-sdv-awards-2024-ausgezeichnet-17763599-scaled.jpg","contentUrl":"https:\/\/www.markt-kom.com\/wp-content\/uploads\/2024\/08\/arosa-macht-traeume-wahr-wurde-an-den-sdv-awards-2024-ausgezeichnet-17763599-scaled.jpg"},{"@type":"BreadcrumbList","@id":"https:\/\/www.organisator.ch\/marketing\/2024-08-26\/arosa-tourismus-feiert-weiteren-erfolg-mit-ki-kampagne\/#breadcrumb","itemListElement":[{"@type":"ListItem","position":1,"name":"Home","item":"https:\/\/www.organisator.ch\/"},{"@type":"ListItem","position":2,"name":"Arosa Tourismus feiert weiteren Erfolg mit KI-Kampagne"}]},{"@type":"WebSite","@id":"https:\/\/www.organisator.ch\/#website","url":"https:\/\/www.organisator.ch\/","name":"Organisator","description":"Kompetent. Praxisnah. Der ORGANISATOR bereitet in 10 Ausgaben pro Jahr die wesentlichen Themen f\u00fcr F\u00fchrungskr\u00e4fte von KMU auf.","publisher":{"@id":"https:\/\/www.organisator.ch\/#organization"},"potentialAction":[{"@type":"SearchAction","target":{"@type":"EntryPoint","urlTemplate":"https:\/\/www.organisator.ch\/?s={search_term_string}"},"query-input":{"@type":"PropertyValueSpecification","valueRequired":true,"valueName":"search_term_string"}}],"inLanguage":"de"},{"@type":"Organization","@id":"https:\/\/www.organisator.ch\/#organization","name":"Organisator","url":"https:\/\/www.organisator.ch\/","logo":{"@type":"ImageObject","inLanguage":"de","@id":"https:\/\/www.organisator.ch\/#\/schema\/logo\/image\/","url":"https:\/\/www.organisator.ch\/wp-content\/uploads\/2022\/01\/Logo_Organisator_Website.png","contentUrl":"https:\/\/www.organisator.ch\/wp-content\/uploads\/2022\/01\/Logo_Organisator_Website.png","width":800,"height":77,"caption":"Organisator"},"image":{"@id":"https:\/\/www.organisator.ch\/#\/schema\/logo\/image\/"},"sameAs":["https:\/\/www.facebook.com\/OrganisatorFachmagazin","https:\/\/www.linkedin.com\/showcase\/organisator-das-magazin-fr-kmu","https:\/\/www.xing.com\/news\/pages\/organisator-ch-695","https:\/\/www.youtube.com\/channel\/UCGP2Sq0iWaZwT3BdIAQFYpw"]},{"@type":"Person","@id":"https:\/\/www.organisator.ch\/#\/schema\/person\/4e51799071cd2dd1232ac003643ef5f0","name":"galledia","image":{"@type":"ImageObject","inLanguage":"de","@id":"https:\/\/secure.gravatar.com\/avatar\/78a7f90c01fc2bfc875782a0d4922b37cde2cf184ce347b91316d23cd7f69a36?s=96&d=mm&r=g","url":"https:\/\/secure.gravatar.com\/avatar\/78a7f90c01fc2bfc875782a0d4922b37cde2cf184ce347b91316d23cd7f69a36?s=96&d=mm&r=g","contentUrl":"https:\/\/secure.gravatar.com\/avatar\/78a7f90c01fc2bfc875782a0d4922b37cde2cf184ce347b91316d23cd7f69a36?s=96&d=mm&r=g","caption":"galledia"},"sameAs":["https:\/\/x.com\/admin"],"url":"https:\/\/www.organisator.ch\/de\/author\/galledia\/"}]}},"_links":{"self":[{"href":"https:\/\/www.organisator.ch\/de\/wp-json\/wp\/v2\/posts\/29293","targetHints":{"allow":["GET"]}}],"collection":[{"href":"https:\/\/www.organisator.ch\/de\/wp-json\/wp\/v2\/posts"}],"about":[{"href":"https:\/\/www.organisator.ch\/de\/wp-json\/wp\/v2\/types\/post"}],"author":[{"embeddable":true,"href":"https:\/\/www.organisator.ch\/de\/wp-json\/wp\/v2\/users\/8"}],"replies":[{"embeddable":true,"href":"https:\/\/www.organisator.ch\/de\/wp-json\/wp\/v2\/comments?post=29293"}],"version-history":[{"count":3,"href":"https:\/\/www.organisator.ch\/de\/wp-json\/wp\/v2\/posts\/29293\/revisions"}],"predecessor-version":[{"id":32018,"href":"https:\/\/www.organisator.ch\/de\/wp-json\/wp\/v2\/posts\/29293\/revisions\/32018"}],"wp:attachment":[{"href":"https:\/\/www.organisator.ch\/de\/wp-json\/wp\/v2\/media?parent=29293"}],"wp:term":[{"taxonomy":"category","embeddable":true,"href":"https:\/\/www.organisator.ch\/de\/wp-json\/wp\/v2\/categories?post=29293"},{"taxonomy":"post_tag","embeddable":true,"href":"https:\/\/www.organisator.ch\/de\/wp-json\/wp\/v2\/tags?post=29293"}],"curies":[{"name":"wp","href":"https:\/\/api.w.org\/{rel}","templated":true}]}}