{"id":29304,"date":"2024-08-27T07:23:42","date_gmt":"2024-08-27T05:23:42","guid":{"rendered":"https:\/\/www.organisator.ch\/?p=29304"},"modified":"2024-08-26T13:41:44","modified_gmt":"2024-08-26T11:41:44","slug":"interiman-group-stabiler-umsatz-im-ersten-halbjahr-2024","status":"publish","type":"post","link":"https:\/\/www.organisator.ch\/de\/management\/2024-08-27\/interiman-group-stabiler-umsatz-im-ersten-halbjahr-2024\/","title":{"rendered":"Interiman Group: Stabiler Umsatz im ersten Halbjahr 2024"},"content":{"rendered":"<figure id=\"attachment_29306\" aria-describedby=\"caption-attachment-29306\" style=\"width: 680px\" class=\"wp-caption alignnone\"><img loading=\"lazy\" decoding=\"async\" class=\"size-full wp-image-29306\" src=\"https:\/\/www.organisator.ch\/wp-content\/uploads\/2024\/08\/Interiman-Group_Bild1_ps.jpg\" alt=\"\" width=\"680\" height=\"432\" srcset=\"https:\/\/www.organisator.ch\/wp-content\/uploads\/2024\/08\/Interiman-Group_Bild1_ps.jpg 680w, https:\/\/www.organisator.ch\/wp-content\/uploads\/2024\/08\/Interiman-Group_Bild1_ps-18x12.jpg 18w, https:\/\/www.organisator.ch\/wp-content\/uploads\/2024\/08\/Interiman-Group_Bild1_ps-375x238.jpg 375w, https:\/\/www.organisator.ch\/wp-content\/uploads\/2024\/08\/Interiman-Group_Bild1_ps-551x350.jpg 551w\" sizes=\"auto, (max-width: 680px) 100vw, 680px\" \/><figcaption id=\"caption-attachment-29306\" class=\"wp-caption-text\">Trotz wirtschaftlicher Unsicherheiten hat das Unternehmen mit der Er\u00f6ffnung zweier neuer Filialen seine Wachstumsf\u00e4higkeit unter Beweis gestellt. (Bild: www.depositphotos.com)<\/figcaption><\/figure>\n<p>Die Interiman Gruppe, der Schweizer Anbieter von Personaldienstleistungen und Personalvermittlung, weist f\u00fcr das erste Halbjahr 2024 einen konsolidierten Umsatz von CHF 275 Millionen aus, der gegen\u00fcber dem Vergleichszeitraum 2023 stabil bleibt.<\/p>\n<p>Trotz eines r\u00fcckl\u00e4ufigen Marktes, der durch einen durchschnittlichen Umsatzr\u00fcckgang von 4,9 % im Bereich der tempor\u00e4ren Arbeit und einen Einbruch von 20,8 % im Bereich der Festanstellungen (laut dem Swissstaffing-Index) gekennzeichnet ist, konnte das Unternehmen seine Leistung halten und seine Expansion fortsetzen.<\/p>\n<p>\u00abObwohl das wirtschaftliche Umfeld unsicher ist, zeigt unsere Gruppe weiterhin ihre Widerstands- und Wachstumsf\u00e4higkeit, insbesondere in der Deutschschweiz, wie die k\u00fcrzlich erfolgten Er\u00f6ffnungen unserer Niederlassungen in Pratteln und Schaffhausen belegen. Diese neuen Standorte st\u00e4rken unsere Pr\u00e4senz in der Schweiz und unterstreichen unser Engagement, unsere Kunden noch n\u00e4her und reaktionsschneller zu betreuen\u00bb, kommentierte Raymond Knigge, Gr\u00fcnder der Interiman Group.<\/p>\n<p>\u00abDie finanzielle Stabilit\u00e4t, die wir trotz eines r\u00fcckl\u00e4ufigen Marktes beibehalten haben, illustriert die Robustheit unseres Unternehmens und seine F\u00e4higkeit, sich in einem schwierigen wirtschaftlichen Umfeld zu behaupten, w\u00e4hrend wir strategisch die n\u00e4chsten Schritte unseres Wachstums planen\u00bb, erkl\u00e4rte Robin Gordon, Pr\u00e4sident des Verwaltungsrates.<\/p>\n<p><em>Quelle: <a href=\"http:\/\/www.interiman-group.ch\">www.interiman-group.ch<\/a><\/em><\/p>\n","protected":false},"excerpt":{"rendered":"<p>Obwohl sich die Schweizer Personalvermittlungsbranche in einer schwierigen Phase befindet, konnte die Interiman Gruppe ihr Gesch\u00e4ftsvolumen halten und damit ihre Position als Marktf\u00fchrerin best\u00e4tigen. <\/p>\n","protected":false},"author":58,"featured_media":0,"comment_status":"closed","ping_status":"closed","sticky":false,"template":"","format":"standard","meta":{"_acf_changed":false,"_yoast_wpseo_focuskw":"Interiman Group","_yoast_wpseo_metadesc":"Die Interiman Gruppe konnte ihr Gesch\u00e4ftsvolumen halten und damit ihre Position als Marktf\u00fchrerin best\u00e4tigen.","articlekey":"","footnotes":""},"categories":[28],"tags":[334,4421,4420,492],"class_list":["post-29304","post","type-post","status-publish","format-standard","hentry","category-management","tag-management","tag-marktfuehrer","tag-umsatz","tag-unternehmen"],"acf":[],"yoast_head":"<!-- This site is optimized with the Yoast SEO plugin v27.5 - https:\/\/yoast.com\/product\/yoast-seo-wordpress\/ -->\n<title>Interiman Group: Stabiler Umsatz im ersten Halbjahr 2024 - Organisator<\/title>\n<meta name=\"description\" content=\"Die Interiman Gruppe konnte ihr Gesch\u00e4ftsvolumen halten und damit ihre Position als Marktf\u00fchrerin best\u00e4tigen.\" \/>\n<meta name=\"robots\" content=\"index, follow, max-snippet:-1, max-image-preview:large, max-video-preview:-1\" \/>\n<link rel=\"canonical\" href=\"https:\/\/www.organisator.ch\/de\/management\/2024-08-27\/interiman-group-stabiler-umsatz-im-ersten-halbjahr-2024\/\" \/>\n<meta property=\"og:locale\" content=\"de_DE\" \/>\n<meta property=\"og:type\" content=\"article\" \/>\n<meta property=\"og:title\" content=\"Interiman Group: Stabiler Umsatz im ersten Halbjahr 2024\" \/>\n<meta property=\"og:description\" content=\"Die Interiman Gruppe konnte ihr Gesch\u00e4ftsvolumen halten und damit ihre Position als Marktf\u00fchrerin best\u00e4tigen.\" \/>\n<meta property=\"og:url\" content=\"https:\/\/www.organisator.ch\/de\/management\/2024-08-27\/interiman-group-stabiler-umsatz-im-ersten-halbjahr-2024\/\" \/>\n<meta property=\"og:site_name\" content=\"Organisator\" \/>\n<meta property=\"article:publisher\" content=\"https:\/\/www.facebook.com\/OrganisatorFachmagazin\" \/>\n<meta property=\"article:published_time\" content=\"2024-08-27T05:23:42+00:00\" \/>\n<meta property=\"og:image\" content=\"https:\/\/www.organisator.ch\/wp-content\/uploads\/2024\/08\/Interiman-Group_Bild1_ps.jpg\" \/>\n\t<meta property=\"og:image:width\" content=\"680\" \/>\n\t<meta property=\"og:image:height\" content=\"432\" \/>\n\t<meta property=\"og:image:type\" content=\"image\/jpeg\" \/>\n<meta name=\"author\" content=\"Adelisa Kalajdzini\" \/>\n<meta name=\"twitter:card\" content=\"summary_large_image\" \/>\n<meta name=\"twitter:title\" content=\"Interiman Group: Stabiler Umsatz im ersten Halbjahr 2024\" \/>\n<meta name=\"twitter:description\" content=\"Die #Interiman #Gruppe konnte ihr #Gesch\u00e4ftsvolumen halten und damit ihre #Position als #Marktf\u00fchrerin best\u00e4tigen.\" \/>\n<meta name=\"twitter:image\" content=\"https:\/\/www.organisator.ch\/wp-content\/uploads\/2024\/08\/Interiman-Group_Bild1_ps.jpg\" \/>\n<script type=\"application\/ld+json\" class=\"yoast-schema-graph\">{\"@context\":\"https:\\\/\\\/schema.org\",\"@graph\":[{\"@type\":\"Article\",\"@id\":\"https:\\\/\\\/www.organisator.ch\\\/management\\\/2024-08-27\\\/interiman-group-stabiler-umsatz-im-ersten-halbjahr-2024\\\/#article\",\"isPartOf\":{\"@id\":\"https:\\\/\\\/www.organisator.ch\\\/management\\\/2024-08-27\\\/interiman-group-stabiler-umsatz-im-ersten-halbjahr-2024\\\/\"},\"author\":{\"name\":\"Adelisa Kalajdzini\",\"@id\":\"https:\\\/\\\/www.organisator.ch\\\/#\\\/schema\\\/person\\\/2e1314a2172123f874db408d8911d3f3\"},\"headline\":\"Interiman Group: Stabiler Umsatz im ersten Halbjahr 2024\",\"datePublished\":\"2024-08-27T05:23:42+00:00\",\"mainEntityOfPage\":{\"@id\":\"https:\\\/\\\/www.organisator.ch\\\/management\\\/2024-08-27\\\/interiman-group-stabiler-umsatz-im-ersten-halbjahr-2024\\\/\"},\"wordCount\":228,\"publisher\":{\"@id\":\"https:\\\/\\\/www.organisator.ch\\\/#organization\"},\"image\":{\"@id\":\"https:\\\/\\\/www.organisator.ch\\\/management\\\/2024-08-27\\\/interiman-group-stabiler-umsatz-im-ersten-halbjahr-2024\\\/#primaryimage\"},\"thumbnailUrl\":\"https:\\\/\\\/www.organisator.ch\\\/wp-content\\\/uploads\\\/2024\\\/08\\\/Interiman-Group_Bild1_ps.jpg\",\"keywords\":[\"Management\",\"Marktf\u00fchrer\",\"Umsatz\",\"Unternehmen\"],\"articleSection\":[\"MANAGEMENT\"],\"inLanguage\":\"de\"},{\"@type\":\"WebPage\",\"@id\":\"https:\\\/\\\/www.organisator.ch\\\/management\\\/2024-08-27\\\/interiman-group-stabiler-umsatz-im-ersten-halbjahr-2024\\\/\",\"url\":\"https:\\\/\\\/www.organisator.ch\\\/management\\\/2024-08-27\\\/interiman-group-stabiler-umsatz-im-ersten-halbjahr-2024\\\/\",\"name\":\"Interiman Group: Stabiler Umsatz im ersten Halbjahr 2024 - Organisator\",\"isPartOf\":{\"@id\":\"https:\\\/\\\/www.organisator.ch\\\/#website\"},\"primaryImageOfPage\":{\"@id\":\"https:\\\/\\\/www.organisator.ch\\\/management\\\/2024-08-27\\\/interiman-group-stabiler-umsatz-im-ersten-halbjahr-2024\\\/#primaryimage\"},\"image\":{\"@id\":\"https:\\\/\\\/www.organisator.ch\\\/management\\\/2024-08-27\\\/interiman-group-stabiler-umsatz-im-ersten-halbjahr-2024\\\/#primaryimage\"},\"thumbnailUrl\":\"https:\\\/\\\/www.organisator.ch\\\/wp-content\\\/uploads\\\/2024\\\/08\\\/Interiman-Group_Bild1_ps.jpg\",\"datePublished\":\"2024-08-27T05:23:42+00:00\",\"description\":\"Die Interiman Gruppe konnte ihr Gesch\u00e4ftsvolumen halten und damit ihre Position als Marktf\u00fchrerin best\u00e4tigen.\",\"breadcrumb\":{\"@id\":\"https:\\\/\\\/www.organisator.ch\\\/management\\\/2024-08-27\\\/interiman-group-stabiler-umsatz-im-ersten-halbjahr-2024\\\/#breadcrumb\"},\"inLanguage\":\"de\",\"potentialAction\":[{\"@type\":\"ReadAction\",\"target\":[\"https:\\\/\\\/www.organisator.ch\\\/management\\\/2024-08-27\\\/interiman-group-stabiler-umsatz-im-ersten-halbjahr-2024\\\/\"]}]},{\"@type\":\"ImageObject\",\"inLanguage\":\"de\",\"@id\":\"https:\\\/\\\/www.organisator.ch\\\/management\\\/2024-08-27\\\/interiman-group-stabiler-umsatz-im-ersten-halbjahr-2024\\\/#primaryimage\",\"url\":\"https:\\\/\\\/www.organisator.ch\\\/wp-content\\\/uploads\\\/2024\\\/08\\\/Interiman-Group_Bild1_ps.jpg\",\"contentUrl\":\"https:\\\/\\\/www.organisator.ch\\\/wp-content\\\/uploads\\\/2024\\\/08\\\/Interiman-Group_Bild1_ps.jpg\"},{\"@type\":\"BreadcrumbList\",\"@id\":\"https:\\\/\\\/www.organisator.ch\\\/management\\\/2024-08-27\\\/interiman-group-stabiler-umsatz-im-ersten-halbjahr-2024\\\/#breadcrumb\",\"itemListElement\":[{\"@type\":\"ListItem\",\"position\":1,\"name\":\"Home\",\"item\":\"https:\\\/\\\/www.organisator.ch\\\/\"},{\"@type\":\"ListItem\",\"position\":2,\"name\":\"Interiman Group: Stabiler Umsatz im ersten Halbjahr 2024\"}]},{\"@type\":\"WebSite\",\"@id\":\"https:\\\/\\\/www.organisator.ch\\\/#website\",\"url\":\"https:\\\/\\\/www.organisator.ch\\\/\",\"name\":\"Organisator\",\"description\":\"Kompetent. Praxisnah. Der ORGANISATOR bereitet in 10 Ausgaben pro Jahr die wesentlichen Themen f\u00fcr F\u00fchrungskr\u00e4fte von KMU auf.\",\"publisher\":{\"@id\":\"https:\\\/\\\/www.organisator.ch\\\/#organization\"},\"potentialAction\":[{\"@type\":\"SearchAction\",\"target\":{\"@type\":\"EntryPoint\",\"urlTemplate\":\"https:\\\/\\\/www.organisator.ch\\\/?s={search_term_string}\"},\"query-input\":{\"@type\":\"PropertyValueSpecification\",\"valueRequired\":true,\"valueName\":\"search_term_string\"}}],\"inLanguage\":\"de\"},{\"@type\":\"Organization\",\"@id\":\"https:\\\/\\\/www.organisator.ch\\\/#organization\",\"name\":\"Organisator\",\"url\":\"https:\\\/\\\/www.organisator.ch\\\/\",\"logo\":{\"@type\":\"ImageObject\",\"inLanguage\":\"de\",\"@id\":\"https:\\\/\\\/www.organisator.ch\\\/#\\\/schema\\\/logo\\\/image\\\/\",\"url\":\"https:\\\/\\\/www.organisator.ch\\\/wp-content\\\/uploads\\\/2022\\\/01\\\/Logo_Organisator_Website.png\",\"contentUrl\":\"https:\\\/\\\/www.organisator.ch\\\/wp-content\\\/uploads\\\/2022\\\/01\\\/Logo_Organisator_Website.png\",\"width\":800,\"height\":77,\"caption\":\"Organisator\"},\"image\":{\"@id\":\"https:\\\/\\\/www.organisator.ch\\\/#\\\/schema\\\/logo\\\/image\\\/\"},\"sameAs\":[\"https:\\\/\\\/www.facebook.com\\\/OrganisatorFachmagazin\",\"https:\\\/\\\/www.linkedin.com\\\/showcase\\\/organisator-das-magazin-fr-kmu\",\"https:\\\/\\\/www.xing.com\\\/news\\\/pages\\\/organisator-ch-695\",\"https:\\\/\\\/www.youtube.com\\\/channel\\\/UCGP2Sq0iWaZwT3BdIAQFYpw\"]},{\"@type\":\"Person\",\"@id\":\"https:\\\/\\\/www.organisator.ch\\\/#\\\/schema\\\/person\\\/2e1314a2172123f874db408d8911d3f3\",\"name\":\"Adelisa Kalajdzini\",\"image\":{\"@type\":\"ImageObject\",\"inLanguage\":\"de\",\"@id\":\"https:\\\/\\\/secure.gravatar.com\\\/avatar\\\/09a397c22ac58cad6f160ee8306348599df9df58a8ede73696226897b9fa4b24?s=96&d=mm&r=g\",\"url\":\"https:\\\/\\\/secure.gravatar.com\\\/avatar\\\/09a397c22ac58cad6f160ee8306348599df9df58a8ede73696226897b9fa4b24?s=96&d=mm&r=g\",\"contentUrl\":\"https:\\\/\\\/secure.gravatar.com\\\/avatar\\\/09a397c22ac58cad6f160ee8306348599df9df58a8ede73696226897b9fa4b24?s=96&d=mm&r=g\",\"caption\":\"Adelisa Kalajdzini\"},\"url\":\"https:\\\/\\\/www.organisator.ch\\\/de\\\/author\\\/adelisa-kalajdzini\\\/\"}]}<\/script>\n<!-- \/ Yoast SEO plugin. -->","yoast_head_json":{"title":"Interiman Group: Stabiler Umsatz im ersten Halbjahr 2024 - Organisator","description":"Die Interiman Gruppe konnte ihr Gesch\u00e4ftsvolumen halten und damit ihre Position als Marktf\u00fchrerin best\u00e4tigen.","robots":{"index":"index","follow":"follow","max-snippet":"max-snippet:-1","max-image-preview":"max-image-preview:large","max-video-preview":"max-video-preview:-1"},"canonical":"https:\/\/www.organisator.ch\/de\/management\/2024-08-27\/interiman-group-stabiler-umsatz-im-ersten-halbjahr-2024\/","og_locale":"de_DE","og_type":"article","og_title":"Interiman Group: Stabiler Umsatz im ersten Halbjahr 2024","og_description":"Die Interiman Gruppe konnte ihr Gesch\u00e4ftsvolumen halten und damit ihre Position als Marktf\u00fchrerin best\u00e4tigen.","og_url":"https:\/\/www.organisator.ch\/de\/management\/2024-08-27\/interiman-group-stabiler-umsatz-im-ersten-halbjahr-2024\/","og_site_name":"Organisator","article_publisher":"https:\/\/www.facebook.com\/OrganisatorFachmagazin","article_published_time":"2024-08-27T05:23:42+00:00","og_image":[{"width":680,"height":432,"url":"https:\/\/www.organisator.ch\/wp-content\/uploads\/2024\/08\/Interiman-Group_Bild1_ps.jpg","type":"image\/jpeg"}],"author":"Adelisa Kalajdzini","twitter_card":"summary_large_image","twitter_title":"Interiman Group: Stabiler Umsatz im ersten Halbjahr 2024","twitter_description":"Die #Interiman #Gruppe konnte ihr #Gesch\u00e4ftsvolumen halten und damit ihre #Position als #Marktf\u00fchrerin best\u00e4tigen.","twitter_image":"https:\/\/www.organisator.ch\/wp-content\/uploads\/2024\/08\/Interiman-Group_Bild1_ps.jpg","schema":{"@context":"https:\/\/schema.org","@graph":[{"@type":"Article","@id":"https:\/\/www.organisator.ch\/management\/2024-08-27\/interiman-group-stabiler-umsatz-im-ersten-halbjahr-2024\/#article","isPartOf":{"@id":"https:\/\/www.organisator.ch\/management\/2024-08-27\/interiman-group-stabiler-umsatz-im-ersten-halbjahr-2024\/"},"author":{"name":"Adelisa Kalajdzini","@id":"https:\/\/www.organisator.ch\/#\/schema\/person\/2e1314a2172123f874db408d8911d3f3"},"headline":"Interiman Group: Stabiler Umsatz im ersten Halbjahr 2024","datePublished":"2024-08-27T05:23:42+00:00","mainEntityOfPage":{"@id":"https:\/\/www.organisator.ch\/management\/2024-08-27\/interiman-group-stabiler-umsatz-im-ersten-halbjahr-2024\/"},"wordCount":228,"publisher":{"@id":"https:\/\/www.organisator.ch\/#organization"},"image":{"@id":"https:\/\/www.organisator.ch\/management\/2024-08-27\/interiman-group-stabiler-umsatz-im-ersten-halbjahr-2024\/#primaryimage"},"thumbnailUrl":"https:\/\/www.organisator.ch\/wp-content\/uploads\/2024\/08\/Interiman-Group_Bild1_ps.jpg","keywords":["Management","Marktf\u00fchrer","Umsatz","Unternehmen"],"articleSection":["MANAGEMENT"],"inLanguage":"de"},{"@type":"WebPage","@id":"https:\/\/www.organisator.ch\/management\/2024-08-27\/interiman-group-stabiler-umsatz-im-ersten-halbjahr-2024\/","url":"https:\/\/www.organisator.ch\/management\/2024-08-27\/interiman-group-stabiler-umsatz-im-ersten-halbjahr-2024\/","name":"Interiman Group: Stabiler Umsatz im ersten Halbjahr 2024 - Organisator","isPartOf":{"@id":"https:\/\/www.organisator.ch\/#website"},"primaryImageOfPage":{"@id":"https:\/\/www.organisator.ch\/management\/2024-08-27\/interiman-group-stabiler-umsatz-im-ersten-halbjahr-2024\/#primaryimage"},"image":{"@id":"https:\/\/www.organisator.ch\/management\/2024-08-27\/interiman-group-stabiler-umsatz-im-ersten-halbjahr-2024\/#primaryimage"},"thumbnailUrl":"https:\/\/www.organisator.ch\/wp-content\/uploads\/2024\/08\/Interiman-Group_Bild1_ps.jpg","datePublished":"2024-08-27T05:23:42+00:00","description":"Die Interiman Gruppe konnte ihr Gesch\u00e4ftsvolumen halten und damit ihre Position als Marktf\u00fchrerin best\u00e4tigen.","breadcrumb":{"@id":"https:\/\/www.organisator.ch\/management\/2024-08-27\/interiman-group-stabiler-umsatz-im-ersten-halbjahr-2024\/#breadcrumb"},"inLanguage":"de","potentialAction":[{"@type":"ReadAction","target":["https:\/\/www.organisator.ch\/management\/2024-08-27\/interiman-group-stabiler-umsatz-im-ersten-halbjahr-2024\/"]}]},{"@type":"ImageObject","inLanguage":"de","@id":"https:\/\/www.organisator.ch\/management\/2024-08-27\/interiman-group-stabiler-umsatz-im-ersten-halbjahr-2024\/#primaryimage","url":"https:\/\/www.organisator.ch\/wp-content\/uploads\/2024\/08\/Interiman-Group_Bild1_ps.jpg","contentUrl":"https:\/\/www.organisator.ch\/wp-content\/uploads\/2024\/08\/Interiman-Group_Bild1_ps.jpg"},{"@type":"BreadcrumbList","@id":"https:\/\/www.organisator.ch\/management\/2024-08-27\/interiman-group-stabiler-umsatz-im-ersten-halbjahr-2024\/#breadcrumb","itemListElement":[{"@type":"ListItem","position":1,"name":"Home","item":"https:\/\/www.organisator.ch\/"},{"@type":"ListItem","position":2,"name":"Interiman Group: Stabiler Umsatz im ersten Halbjahr 2024"}]},{"@type":"WebSite","@id":"https:\/\/www.organisator.ch\/#website","url":"https:\/\/www.organisator.ch\/","name":"Organisator","description":"Kompetent. Praxisnah. Der ORGANISATOR bereitet in 10 Ausgaben pro Jahr die wesentlichen Themen f\u00fcr F\u00fchrungskr\u00e4fte von KMU auf.","publisher":{"@id":"https:\/\/www.organisator.ch\/#organization"},"potentialAction":[{"@type":"SearchAction","target":{"@type":"EntryPoint","urlTemplate":"https:\/\/www.organisator.ch\/?s={search_term_string}"},"query-input":{"@type":"PropertyValueSpecification","valueRequired":true,"valueName":"search_term_string"}}],"inLanguage":"de"},{"@type":"Organization","@id":"https:\/\/www.organisator.ch\/#organization","name":"Organisator","url":"https:\/\/www.organisator.ch\/","logo":{"@type":"ImageObject","inLanguage":"de","@id":"https:\/\/www.organisator.ch\/#\/schema\/logo\/image\/","url":"https:\/\/www.organisator.ch\/wp-content\/uploads\/2022\/01\/Logo_Organisator_Website.png","contentUrl":"https:\/\/www.organisator.ch\/wp-content\/uploads\/2022\/01\/Logo_Organisator_Website.png","width":800,"height":77,"caption":"Organisator"},"image":{"@id":"https:\/\/www.organisator.ch\/#\/schema\/logo\/image\/"},"sameAs":["https:\/\/www.facebook.com\/OrganisatorFachmagazin","https:\/\/www.linkedin.com\/showcase\/organisator-das-magazin-fr-kmu","https:\/\/www.xing.com\/news\/pages\/organisator-ch-695","https:\/\/www.youtube.com\/channel\/UCGP2Sq0iWaZwT3BdIAQFYpw"]},{"@type":"Person","@id":"https:\/\/www.organisator.ch\/#\/schema\/person\/2e1314a2172123f874db408d8911d3f3","name":"Adelisa Kalajdzini","image":{"@type":"ImageObject","inLanguage":"de","@id":"https:\/\/secure.gravatar.com\/avatar\/09a397c22ac58cad6f160ee8306348599df9df58a8ede73696226897b9fa4b24?s=96&d=mm&r=g","url":"https:\/\/secure.gravatar.com\/avatar\/09a397c22ac58cad6f160ee8306348599df9df58a8ede73696226897b9fa4b24?s=96&d=mm&r=g","contentUrl":"https:\/\/secure.gravatar.com\/avatar\/09a397c22ac58cad6f160ee8306348599df9df58a8ede73696226897b9fa4b24?s=96&d=mm&r=g","caption":"Adelisa Kalajdzini"},"url":"https:\/\/www.organisator.ch\/de\/author\/adelisa-kalajdzini\/"}]}},"_links":{"self":[{"href":"https:\/\/www.organisator.ch\/de\/wp-json\/wp\/v2\/posts\/29304","targetHints":{"allow":["GET"]}}],"collection":[{"href":"https:\/\/www.organisator.ch\/de\/wp-json\/wp\/v2\/posts"}],"about":[{"href":"https:\/\/www.organisator.ch\/de\/wp-json\/wp\/v2\/types\/post"}],"author":[{"embeddable":true,"href":"https:\/\/www.organisator.ch\/de\/wp-json\/wp\/v2\/users\/58"}],"replies":[{"embeddable":true,"href":"https:\/\/www.organisator.ch\/de\/wp-json\/wp\/v2\/comments?post=29304"}],"version-history":[{"count":4,"href":"https:\/\/www.organisator.ch\/de\/wp-json\/wp\/v2\/posts\/29304\/revisions"}],"predecessor-version":[{"id":29350,"href":"https:\/\/www.organisator.ch\/de\/wp-json\/wp\/v2\/posts\/29304\/revisions\/29350"}],"wp:attachment":[{"href":"https:\/\/www.organisator.ch\/de\/wp-json\/wp\/v2\/media?parent=29304"}],"wp:term":[{"taxonomy":"category","embeddable":true,"href":"https:\/\/www.organisator.ch\/de\/wp-json\/wp\/v2\/categories?post=29304"},{"taxonomy":"post_tag","embeddable":true,"href":"https:\/\/www.organisator.ch\/de\/wp-json\/wp\/v2\/tags?post=29304"}],"curies":[{"name":"wp","href":"https:\/\/api.w.org\/{rel}","templated":true}]}}