{"id":29340,"date":"2024-08-27T15:09:55","date_gmt":"2024-08-27T13:09:55","guid":{"rendered":"https:\/\/www.markt-kom.com\/?p=222180"},"modified":"2024-11-08T12:25:20","modified_gmt":"2024-11-08T11:25:20","slug":"forward-gewinnt-media-pitch-der-ostschweizer-fachhochschule-ost","status":"publish","type":"post","link":"https:\/\/www.organisator.ch\/de\/marketing\/2024-08-27\/forward-gewinnt-media-pitch-der-ostschweizer-fachhochschule-ost\/","title":{"rendered":"Forward gewinnt Media-Pitch der Ostschweizer Fachhochschule OST"},"content":{"rendered":"<p><img class=\"aligncenter wp-image-222181 size-full\" src=\"https:\/\/www.markt-kom.com\/wp-content\/uploads\/2024\/08\/Campus-OST.jpg\" alt=\"Fachhochschule\" width=\"1200\" height=\"900\" \/><\/p>\r\n<p>F\u00fcr das Mandat setzte die Ostschweizer Fachhochschule umfassende Kompetenzen in strategischer Mediaplanung, technologischer Expertise, Innovationsf\u00e4higkeit sowie hohe Prozesssicherheit voraus. Die Agentur Forward konnte das Beurteilungsgremium von OST mit einer fundierten Herangehensweise und strukturierten, innovativen Umsetzungsvorschl\u00e4gen \u00fcberzeugen.<\/p>\r\n<p>\u00abMit Forward haben wir einen Partner ausgew\u00e4hlt, der nicht nur unsere hohen Anspr\u00fcche an Mediaexpertise erf\u00fcllt, sondern uns auch durch seine datengetriebene und innovative Herangehensweise beeindruckt\u00bb, so OST-Marketingleiter Carlos Friedrich.<\/p>\r\n<p>Forward wird ab September 2024 die Planung und Umsetzung aller Media-Aktivit\u00e4ten der OST \u00fcbernehmen. Der Fokus liegt dabei auf der Steigerung der Effektivit\u00e4t und der Effizienz Media-Investitionen.<\/p>","protected":false},"excerpt":{"rendered":"<p>Forward konnte sich das Media-Mandat der OST sichern. Ausgeschrieben wurden Leistungen in den Bereichen Mediaberatung, -planung und -einkauf sowohl f\u00fcr Online- als auch Offline-Kampagnen.<\/p>\n","protected":false},"author":8,"featured_media":0,"comment_status":"closed","ping_status":"closed","sticky":false,"template":"","format":"standard","meta":{"_acf_changed":false,"_yoast_wpseo_focuskw":"Fachhochschule","_yoast_wpseo_metadesc":"Die Ostschweizer Fachhochschule w\u00e4hlt Forward als Partner f\u00fcr strategische Mediaplanung und technologische Innovation ab September 2024","articlekey":"","footnotes":""},"categories":[29],"tags":[814,2855,4423,4424],"class_list":["post-29340","post","type-post","status-publish","format-standard","hentry","category-marketing","tag-bildung","tag-etats","tag-forward","tag-ost"],"acf":[],"yoast_head":"<!-- This site is optimized with the Yoast SEO plugin v27.5 - https:\/\/yoast.com\/product\/yoast-seo-wordpress\/ -->\n<title>Forward gewinnt Media-Pitch der Ostschweizer Fachhochschule OST - Organisator<\/title>\n<meta name=\"description\" content=\"Die Ostschweizer Fachhochschule w\u00e4hlt Forward als Partner f\u00fcr strategische Mediaplanung und technologische Innovation ab September 2024\" \/>\n<meta name=\"robots\" content=\"index, follow, max-snippet:-1, max-image-preview:large, max-video-preview:-1\" \/>\n<link rel=\"canonical\" href=\"https:\/\/www.organisator.ch\/de\/marketing\/2024-08-27\/forward-gewinnt-media-pitch-der-ostschweizer-fachhochschule-ost\/\" \/>\n<meta property=\"og:locale\" content=\"de_DE\" \/>\n<meta property=\"og:type\" content=\"article\" \/>\n<meta property=\"og:title\" content=\"Forward gewinnt Media-Pitch der Ostschweizer Fachhochschule OST - Organisator\" \/>\n<meta property=\"og:description\" content=\"Die Ostschweizer Fachhochschule w\u00e4hlt Forward als Partner f\u00fcr strategische Mediaplanung und technologische Innovation ab September 2024\" \/>\n<meta property=\"og:url\" content=\"https:\/\/www.organisator.ch\/de\/marketing\/2024-08-27\/forward-gewinnt-media-pitch-der-ostschweizer-fachhochschule-ost\/\" \/>\n<meta property=\"og:site_name\" content=\"Organisator\" \/>\n<meta property=\"article:publisher\" content=\"https:\/\/www.facebook.com\/OrganisatorFachmagazin\" \/>\n<meta property=\"article:published_time\" content=\"2024-08-27T13:09:55+00:00\" \/>\n<meta property=\"article:modified_time\" content=\"2024-11-08T11:25:20+00:00\" \/>\n<meta property=\"og:image\" content=\"https:\/\/www.markt-kom.com\/wp-content\/uploads\/2024\/08\/Campus-OST.jpg\" \/>\n<meta name=\"author\" content=\"galledia\" \/>\n<meta name=\"twitter:card\" content=\"summary_large_image\" \/>\n<meta name=\"twitter:creator\" content=\"@admin\" \/>\n<script type=\"application\/ld+json\" class=\"yoast-schema-graph\">{\"@context\":\"https:\\\/\\\/schema.org\",\"@graph\":[{\"@type\":\"Article\",\"@id\":\"https:\\\/\\\/www.organisator.ch\\\/marketing\\\/2024-08-27\\\/forward-gewinnt-media-pitch-der-ostschweizer-fachhochschule-ost\\\/#article\",\"isPartOf\":{\"@id\":\"https:\\\/\\\/www.organisator.ch\\\/marketing\\\/2024-08-27\\\/forward-gewinnt-media-pitch-der-ostschweizer-fachhochschule-ost\\\/\"},\"author\":{\"name\":\"galledia\",\"@id\":\"https:\\\/\\\/www.organisator.ch\\\/#\\\/schema\\\/person\\\/4e51799071cd2dd1232ac003643ef5f0\"},\"headline\":\"Forward gewinnt Media-Pitch der Ostschweizer Fachhochschule OST\",\"datePublished\":\"2024-08-27T13:09:55+00:00\",\"dateModified\":\"2024-11-08T11:25:20+00:00\",\"mainEntityOfPage\":{\"@id\":\"https:\\\/\\\/www.organisator.ch\\\/marketing\\\/2024-08-27\\\/forward-gewinnt-media-pitch-der-ostschweizer-fachhochschule-ost\\\/\"},\"wordCount\":107,\"publisher\":{\"@id\":\"https:\\\/\\\/www.organisator.ch\\\/#organization\"},\"image\":{\"@id\":\"https:\\\/\\\/www.organisator.ch\\\/marketing\\\/2024-08-27\\\/forward-gewinnt-media-pitch-der-ostschweizer-fachhochschule-ost\\\/#primaryimage\"},\"thumbnailUrl\":\"https:\\\/\\\/www.markt-kom.com\\\/wp-content\\\/uploads\\\/2024\\\/08\\\/Campus-OST.jpg\",\"keywords\":[\"Bildung\",\"Etats\",\"Forward\",\"OST\"],\"articleSection\":[\"MARKETING\"],\"inLanguage\":\"de\"},{\"@type\":\"WebPage\",\"@id\":\"https:\\\/\\\/www.organisator.ch\\\/marketing\\\/2024-08-27\\\/forward-gewinnt-media-pitch-der-ostschweizer-fachhochschule-ost\\\/\",\"url\":\"https:\\\/\\\/www.organisator.ch\\\/marketing\\\/2024-08-27\\\/forward-gewinnt-media-pitch-der-ostschweizer-fachhochschule-ost\\\/\",\"name\":\"Forward gewinnt Media-Pitch der Ostschweizer Fachhochschule OST - Organisator\",\"isPartOf\":{\"@id\":\"https:\\\/\\\/www.organisator.ch\\\/#website\"},\"primaryImageOfPage\":{\"@id\":\"https:\\\/\\\/www.organisator.ch\\\/marketing\\\/2024-08-27\\\/forward-gewinnt-media-pitch-der-ostschweizer-fachhochschule-ost\\\/#primaryimage\"},\"image\":{\"@id\":\"https:\\\/\\\/www.organisator.ch\\\/marketing\\\/2024-08-27\\\/forward-gewinnt-media-pitch-der-ostschweizer-fachhochschule-ost\\\/#primaryimage\"},\"thumbnailUrl\":\"https:\\\/\\\/www.markt-kom.com\\\/wp-content\\\/uploads\\\/2024\\\/08\\\/Campus-OST.jpg\",\"datePublished\":\"2024-08-27T13:09:55+00:00\",\"dateModified\":\"2024-11-08T11:25:20+00:00\",\"description\":\"Die Ostschweizer Fachhochschule w\u00e4hlt Forward als Partner f\u00fcr strategische Mediaplanung und technologische Innovation ab September 2024\",\"breadcrumb\":{\"@id\":\"https:\\\/\\\/www.organisator.ch\\\/marketing\\\/2024-08-27\\\/forward-gewinnt-media-pitch-der-ostschweizer-fachhochschule-ost\\\/#breadcrumb\"},\"inLanguage\":\"de\",\"potentialAction\":[{\"@type\":\"ReadAction\",\"target\":[\"https:\\\/\\\/www.organisator.ch\\\/marketing\\\/2024-08-27\\\/forward-gewinnt-media-pitch-der-ostschweizer-fachhochschule-ost\\\/\"]}]},{\"@type\":\"ImageObject\",\"inLanguage\":\"de\",\"@id\":\"https:\\\/\\\/www.organisator.ch\\\/marketing\\\/2024-08-27\\\/forward-gewinnt-media-pitch-der-ostschweizer-fachhochschule-ost\\\/#primaryimage\",\"url\":\"https:\\\/\\\/www.markt-kom.com\\\/wp-content\\\/uploads\\\/2024\\\/08\\\/Campus-OST.jpg\",\"contentUrl\":\"https:\\\/\\\/www.markt-kom.com\\\/wp-content\\\/uploads\\\/2024\\\/08\\\/Campus-OST.jpg\"},{\"@type\":\"BreadcrumbList\",\"@id\":\"https:\\\/\\\/www.organisator.ch\\\/marketing\\\/2024-08-27\\\/forward-gewinnt-media-pitch-der-ostschweizer-fachhochschule-ost\\\/#breadcrumb\",\"itemListElement\":[{\"@type\":\"ListItem\",\"position\":1,\"name\":\"Home\",\"item\":\"https:\\\/\\\/www.organisator.ch\\\/\"},{\"@type\":\"ListItem\",\"position\":2,\"name\":\"Forward gewinnt Media-Pitch der Ostschweizer Fachhochschule OST\"}]},{\"@type\":\"WebSite\",\"@id\":\"https:\\\/\\\/www.organisator.ch\\\/#website\",\"url\":\"https:\\\/\\\/www.organisator.ch\\\/\",\"name\":\"Organisator\",\"description\":\"Kompetent. Praxisnah. Der ORGANISATOR bereitet in 10 Ausgaben pro Jahr die wesentlichen Themen f\u00fcr F\u00fchrungskr\u00e4fte von KMU auf.\",\"publisher\":{\"@id\":\"https:\\\/\\\/www.organisator.ch\\\/#organization\"},\"potentialAction\":[{\"@type\":\"SearchAction\",\"target\":{\"@type\":\"EntryPoint\",\"urlTemplate\":\"https:\\\/\\\/www.organisator.ch\\\/?s={search_term_string}\"},\"query-input\":{\"@type\":\"PropertyValueSpecification\",\"valueRequired\":true,\"valueName\":\"search_term_string\"}}],\"inLanguage\":\"de\"},{\"@type\":\"Organization\",\"@id\":\"https:\\\/\\\/www.organisator.ch\\\/#organization\",\"name\":\"Organisator\",\"url\":\"https:\\\/\\\/www.organisator.ch\\\/\",\"logo\":{\"@type\":\"ImageObject\",\"inLanguage\":\"de\",\"@id\":\"https:\\\/\\\/www.organisator.ch\\\/#\\\/schema\\\/logo\\\/image\\\/\",\"url\":\"https:\\\/\\\/www.organisator.ch\\\/wp-content\\\/uploads\\\/2022\\\/01\\\/Logo_Organisator_Website.png\",\"contentUrl\":\"https:\\\/\\\/www.organisator.ch\\\/wp-content\\\/uploads\\\/2022\\\/01\\\/Logo_Organisator_Website.png\",\"width\":800,\"height\":77,\"caption\":\"Organisator\"},\"image\":{\"@id\":\"https:\\\/\\\/www.organisator.ch\\\/#\\\/schema\\\/logo\\\/image\\\/\"},\"sameAs\":[\"https:\\\/\\\/www.facebook.com\\\/OrganisatorFachmagazin\",\"https:\\\/\\\/www.linkedin.com\\\/showcase\\\/organisator-das-magazin-fr-kmu\",\"https:\\\/\\\/www.xing.com\\\/news\\\/pages\\\/organisator-ch-695\",\"https:\\\/\\\/www.youtube.com\\\/channel\\\/UCGP2Sq0iWaZwT3BdIAQFYpw\"]},{\"@type\":\"Person\",\"@id\":\"https:\\\/\\\/www.organisator.ch\\\/#\\\/schema\\\/person\\\/4e51799071cd2dd1232ac003643ef5f0\",\"name\":\"galledia\",\"image\":{\"@type\":\"ImageObject\",\"inLanguage\":\"de\",\"@id\":\"https:\\\/\\\/secure.gravatar.com\\\/avatar\\\/78a7f90c01fc2bfc875782a0d4922b37cde2cf184ce347b91316d23cd7f69a36?s=96&d=mm&r=g\",\"url\":\"https:\\\/\\\/secure.gravatar.com\\\/avatar\\\/78a7f90c01fc2bfc875782a0d4922b37cde2cf184ce347b91316d23cd7f69a36?s=96&d=mm&r=g\",\"contentUrl\":\"https:\\\/\\\/secure.gravatar.com\\\/avatar\\\/78a7f90c01fc2bfc875782a0d4922b37cde2cf184ce347b91316d23cd7f69a36?s=96&d=mm&r=g\",\"caption\":\"galledia\"},\"sameAs\":[\"https:\\\/\\\/x.com\\\/admin\"],\"url\":\"https:\\\/\\\/www.organisator.ch\\\/de\\\/author\\\/galledia\\\/\"}]}<\/script>\n<!-- \/ Yoast SEO plugin. -->","yoast_head_json":{"title":"Forward gewinnt Media-Pitch der Ostschweizer Fachhochschule OST - Organisator","description":"Die Ostschweizer Fachhochschule w\u00e4hlt Forward als Partner f\u00fcr strategische Mediaplanung und technologische Innovation ab September 2024","robots":{"index":"index","follow":"follow","max-snippet":"max-snippet:-1","max-image-preview":"max-image-preview:large","max-video-preview":"max-video-preview:-1"},"canonical":"https:\/\/www.organisator.ch\/de\/marketing\/2024-08-27\/forward-gewinnt-media-pitch-der-ostschweizer-fachhochschule-ost\/","og_locale":"de_DE","og_type":"article","og_title":"Forward gewinnt Media-Pitch der Ostschweizer Fachhochschule OST - Organisator","og_description":"Die Ostschweizer Fachhochschule w\u00e4hlt Forward als Partner f\u00fcr strategische Mediaplanung und technologische Innovation ab September 2024","og_url":"https:\/\/www.organisator.ch\/de\/marketing\/2024-08-27\/forward-gewinnt-media-pitch-der-ostschweizer-fachhochschule-ost\/","og_site_name":"Organisator","article_publisher":"https:\/\/www.facebook.com\/OrganisatorFachmagazin","article_published_time":"2024-08-27T13:09:55+00:00","article_modified_time":"2024-11-08T11:25:20+00:00","og_image":[{"url":"https:\/\/www.markt-kom.com\/wp-content\/uploads\/2024\/08\/Campus-OST.jpg","type":"","width":"","height":""}],"author":"galledia","twitter_card":"summary_large_image","twitter_creator":"@admin","schema":{"@context":"https:\/\/schema.org","@graph":[{"@type":"Article","@id":"https:\/\/www.organisator.ch\/marketing\/2024-08-27\/forward-gewinnt-media-pitch-der-ostschweizer-fachhochschule-ost\/#article","isPartOf":{"@id":"https:\/\/www.organisator.ch\/marketing\/2024-08-27\/forward-gewinnt-media-pitch-der-ostschweizer-fachhochschule-ost\/"},"author":{"name":"galledia","@id":"https:\/\/www.organisator.ch\/#\/schema\/person\/4e51799071cd2dd1232ac003643ef5f0"},"headline":"Forward gewinnt Media-Pitch der Ostschweizer Fachhochschule OST","datePublished":"2024-08-27T13:09:55+00:00","dateModified":"2024-11-08T11:25:20+00:00","mainEntityOfPage":{"@id":"https:\/\/www.organisator.ch\/marketing\/2024-08-27\/forward-gewinnt-media-pitch-der-ostschweizer-fachhochschule-ost\/"},"wordCount":107,"publisher":{"@id":"https:\/\/www.organisator.ch\/#organization"},"image":{"@id":"https:\/\/www.organisator.ch\/marketing\/2024-08-27\/forward-gewinnt-media-pitch-der-ostschweizer-fachhochschule-ost\/#primaryimage"},"thumbnailUrl":"https:\/\/www.markt-kom.com\/wp-content\/uploads\/2024\/08\/Campus-OST.jpg","keywords":["Bildung","Etats","Forward","OST"],"articleSection":["MARKETING"],"inLanguage":"de"},{"@type":"WebPage","@id":"https:\/\/www.organisator.ch\/marketing\/2024-08-27\/forward-gewinnt-media-pitch-der-ostschweizer-fachhochschule-ost\/","url":"https:\/\/www.organisator.ch\/marketing\/2024-08-27\/forward-gewinnt-media-pitch-der-ostschweizer-fachhochschule-ost\/","name":"Forward gewinnt Media-Pitch der Ostschweizer Fachhochschule OST - Organisator","isPartOf":{"@id":"https:\/\/www.organisator.ch\/#website"},"primaryImageOfPage":{"@id":"https:\/\/www.organisator.ch\/marketing\/2024-08-27\/forward-gewinnt-media-pitch-der-ostschweizer-fachhochschule-ost\/#primaryimage"},"image":{"@id":"https:\/\/www.organisator.ch\/marketing\/2024-08-27\/forward-gewinnt-media-pitch-der-ostschweizer-fachhochschule-ost\/#primaryimage"},"thumbnailUrl":"https:\/\/www.markt-kom.com\/wp-content\/uploads\/2024\/08\/Campus-OST.jpg","datePublished":"2024-08-27T13:09:55+00:00","dateModified":"2024-11-08T11:25:20+00:00","description":"Die Ostschweizer Fachhochschule w\u00e4hlt Forward als Partner f\u00fcr strategische Mediaplanung und technologische Innovation ab September 2024","breadcrumb":{"@id":"https:\/\/www.organisator.ch\/marketing\/2024-08-27\/forward-gewinnt-media-pitch-der-ostschweizer-fachhochschule-ost\/#breadcrumb"},"inLanguage":"de","potentialAction":[{"@type":"ReadAction","target":["https:\/\/www.organisator.ch\/marketing\/2024-08-27\/forward-gewinnt-media-pitch-der-ostschweizer-fachhochschule-ost\/"]}]},{"@type":"ImageObject","inLanguage":"de","@id":"https:\/\/www.organisator.ch\/marketing\/2024-08-27\/forward-gewinnt-media-pitch-der-ostschweizer-fachhochschule-ost\/#primaryimage","url":"https:\/\/www.markt-kom.com\/wp-content\/uploads\/2024\/08\/Campus-OST.jpg","contentUrl":"https:\/\/www.markt-kom.com\/wp-content\/uploads\/2024\/08\/Campus-OST.jpg"},{"@type":"BreadcrumbList","@id":"https:\/\/www.organisator.ch\/marketing\/2024-08-27\/forward-gewinnt-media-pitch-der-ostschweizer-fachhochschule-ost\/#breadcrumb","itemListElement":[{"@type":"ListItem","position":1,"name":"Home","item":"https:\/\/www.organisator.ch\/"},{"@type":"ListItem","position":2,"name":"Forward gewinnt Media-Pitch der Ostschweizer Fachhochschule OST"}]},{"@type":"WebSite","@id":"https:\/\/www.organisator.ch\/#website","url":"https:\/\/www.organisator.ch\/","name":"Organisator","description":"Kompetent. Praxisnah. Der ORGANISATOR bereitet in 10 Ausgaben pro Jahr die wesentlichen Themen f\u00fcr F\u00fchrungskr\u00e4fte von KMU auf.","publisher":{"@id":"https:\/\/www.organisator.ch\/#organization"},"potentialAction":[{"@type":"SearchAction","target":{"@type":"EntryPoint","urlTemplate":"https:\/\/www.organisator.ch\/?s={search_term_string}"},"query-input":{"@type":"PropertyValueSpecification","valueRequired":true,"valueName":"search_term_string"}}],"inLanguage":"de"},{"@type":"Organization","@id":"https:\/\/www.organisator.ch\/#organization","name":"Organisator","url":"https:\/\/www.organisator.ch\/","logo":{"@type":"ImageObject","inLanguage":"de","@id":"https:\/\/www.organisator.ch\/#\/schema\/logo\/image\/","url":"https:\/\/www.organisator.ch\/wp-content\/uploads\/2022\/01\/Logo_Organisator_Website.png","contentUrl":"https:\/\/www.organisator.ch\/wp-content\/uploads\/2022\/01\/Logo_Organisator_Website.png","width":800,"height":77,"caption":"Organisator"},"image":{"@id":"https:\/\/www.organisator.ch\/#\/schema\/logo\/image\/"},"sameAs":["https:\/\/www.facebook.com\/OrganisatorFachmagazin","https:\/\/www.linkedin.com\/showcase\/organisator-das-magazin-fr-kmu","https:\/\/www.xing.com\/news\/pages\/organisator-ch-695","https:\/\/www.youtube.com\/channel\/UCGP2Sq0iWaZwT3BdIAQFYpw"]},{"@type":"Person","@id":"https:\/\/www.organisator.ch\/#\/schema\/person\/4e51799071cd2dd1232ac003643ef5f0","name":"galledia","image":{"@type":"ImageObject","inLanguage":"de","@id":"https:\/\/secure.gravatar.com\/avatar\/78a7f90c01fc2bfc875782a0d4922b37cde2cf184ce347b91316d23cd7f69a36?s=96&d=mm&r=g","url":"https:\/\/secure.gravatar.com\/avatar\/78a7f90c01fc2bfc875782a0d4922b37cde2cf184ce347b91316d23cd7f69a36?s=96&d=mm&r=g","contentUrl":"https:\/\/secure.gravatar.com\/avatar\/78a7f90c01fc2bfc875782a0d4922b37cde2cf184ce347b91316d23cd7f69a36?s=96&d=mm&r=g","caption":"galledia"},"sameAs":["https:\/\/x.com\/admin"],"url":"https:\/\/www.organisator.ch\/de\/author\/galledia\/"}]}},"_links":{"self":[{"href":"https:\/\/www.organisator.ch\/de\/wp-json\/wp\/v2\/posts\/29340","targetHints":{"allow":["GET"]}}],"collection":[{"href":"https:\/\/www.organisator.ch\/de\/wp-json\/wp\/v2\/posts"}],"about":[{"href":"https:\/\/www.organisator.ch\/de\/wp-json\/wp\/v2\/types\/post"}],"author":[{"embeddable":true,"href":"https:\/\/www.organisator.ch\/de\/wp-json\/wp\/v2\/users\/8"}],"replies":[{"embeddable":true,"href":"https:\/\/www.organisator.ch\/de\/wp-json\/wp\/v2\/comments?post=29340"}],"version-history":[{"count":5,"href":"https:\/\/www.organisator.ch\/de\/wp-json\/wp\/v2\/posts\/29340\/revisions"}],"predecessor-version":[{"id":32013,"href":"https:\/\/www.organisator.ch\/de\/wp-json\/wp\/v2\/posts\/29340\/revisions\/32013"}],"wp:attachment":[{"href":"https:\/\/www.organisator.ch\/de\/wp-json\/wp\/v2\/media?parent=29340"}],"wp:term":[{"taxonomy":"category","embeddable":true,"href":"https:\/\/www.organisator.ch\/de\/wp-json\/wp\/v2\/categories?post=29340"},{"taxonomy":"post_tag","embeddable":true,"href":"https:\/\/www.organisator.ch\/de\/wp-json\/wp\/v2\/tags?post=29340"}],"curies":[{"name":"wp","href":"https:\/\/api.w.org\/{rel}","templated":true}]}}