{"id":29374,"date":"2024-08-29T06:43:45","date_gmt":"2024-08-29T04:43:45","guid":{"rendered":"https:\/\/www.organisator.ch\/?p=29374"},"modified":"2024-08-28T11:44:09","modified_gmt":"2024-08-28T09:44:09","slug":"neuer-eidgenoessischer-ki-abschluss-staerkt-wirtschaft","status":"publish","type":"post","link":"https:\/\/www.organisator.ch\/de\/weiterbildung\/2024-08-29\/neuer-eidgenoessischer-ki-abschluss-staerkt-wirtschaft\/","title":{"rendered":"Neuer eidgen\u00f6ssischer KI-Abschluss st\u00e4rkt Wirtschaft"},"content":{"rendered":"<figure id=\"attachment_29376\" aria-describedby=\"caption-attachment-29376\" style=\"width: 680px\" class=\"wp-caption alignnone\"><img loading=\"lazy\" decoding=\"async\" class=\"size-full wp-image-29376\" src=\"https:\/\/www.organisator.ch\/wp-content\/uploads\/2024\/08\/KI-Abschluss_Bild1_ps.jpg\" alt=\"\" width=\"680\" height=\"454\" srcset=\"https:\/\/www.organisator.ch\/wp-content\/uploads\/2024\/08\/KI-Abschluss_Bild1_ps.jpg 680w, https:\/\/www.organisator.ch\/wp-content\/uploads\/2024\/08\/KI-Abschluss_Bild1_ps-18x12.jpg 18w, https:\/\/www.organisator.ch\/wp-content\/uploads\/2024\/08\/KI-Abschluss_Bild1_ps-375x250.jpg 375w, https:\/\/www.organisator.ch\/wp-content\/uploads\/2024\/08\/KI-Abschluss_Bild1_ps-524x350.jpg 524w\" sizes=\"auto, (max-width: 680px) 100vw, 680px\" \/><figcaption id=\"caption-attachment-29376\" class=\"wp-caption-text\">Die nationale Organisation der Arbeitswelt (OdA) ICT-Berufsbildung Schweiz lanciert in Zusammenarbeit mit Huawei ein Bildungsprojekt. (Bild: www.depositphotos.com)<\/figcaption><\/figure>\n<p>K\u00fcnstliche Intelligenz (KI) ist eine Schl\u00fcsseltechnologie f\u00fcr die Schweiz. Dies f\u00fchrt zu einer steigenden Nachfrage nach Spezialistinnen und Spezialisten auf dem Fachgebiet. Eine Berufsfeldanalyse von ICT-Berufsbildung Schweiz bei Unternehmen und der \u00f6ffentlichen Verwaltung sowie die Beurteilung durch ein Expertengremium haben deutlich gezeigt, dass ein eidgen\u00f6ssischer Abschluss im Bereich der KI gew\u00fcnscht ist. Die Befragten sehen darin eine M\u00f6glichkeit, die Effizienz in Unternehmen zu steigern, technologische Innovationen voranzutreiben, neue Gesch\u00e4ftschancen zu erkennen und zu nutzen, das Personal zu professionalisieren und Kosten zu senken. Das Staatssekretariat f\u00fcr Bildung, Forschung und Innovation SBFI hat die Lancierung des Projektes im August genehmigt. Die erste Pr\u00fcfung soll im Jahr 2026 durchgef\u00fchrt werden.<\/p>\n<h3><strong>Kein technisches Profil <\/strong><\/h3>\n<p>Die Analyse hat gezeigt, dass ein praxisorientiertes Profil an der Schnittstelle von Business und Informatik erforderlich ist, da ein solches bisher nicht formal ausgebildet wird. Das neue Profil im Bereich des KI-Produktmanagements kombiniert Methodenkompetenzen, technisches Grundwissen sowie tiefgehende Kenntnisse und einen \u00dcberblick \u00fcber KI-Technologien. Die bisherigen Abkl\u00e4rungen deuten auf die Entwicklung eines eidgen\u00f6ssischen Fachausweises hin. \u00abMit einem unabh\u00e4ngig gepr\u00fcften, eidgen\u00f6ssischen Abschluss m\u00f6chten wir Ruhe in den Weiterbildungsmarkt bringen, der zur Zeit von non-formalen Angeboten geflutet wird\u00bb, erkl\u00e4rt Serge Frech, Gesch\u00e4ftsf\u00fchrer von ICT-Berufsbildung Schweiz.<\/p>\n<h3><strong>Partnerschaft mit Huawei <\/strong><\/h3>\n<p>ICT-Berufsbildung Schweiz arbeitet bei der Entwicklung des neuen Abschlusses eng mit Vertretenden aus der Wirtschaft und \u00f6ffentlichen Verwaltung zusammen, insbesondere mit dem Partner Huawei. Der ICT-Anbieter geh\u00f6rt zu den weltweit f\u00fchrenden Unternehmen im Bereich KI und verfolgt eine klare KI-Strategie, die sich von der Grundlagenforschung \u00fcber das Produktportfolio bis hin zur Talentf\u00f6rderung erstreckt. Mit dem Ziel, ein umfassendes KI-\u00d6kosystem aufzubauen, investiert Huawei, etwa mit seinem globalen Digital-Intelligence-Talent-Development-Programm, in eine effiziente und beschleunigte Aus- und Weiterbildung in diesem Bereich. \u00abWir freuen uns, in diesem Projekt auf die Expertise von Huawei z\u00e4hlen zu d\u00fcrfen. Die Partnerschaft wird die internationale Anschlussf\u00e4higkeit des neuen eidgen\u00f6ssischen Abschlusses st\u00e4rken\u00bb, sagt Dietmar Eglseder, Leiter h\u00f6here Berufsbildung bei ICT-Berufsbildung Schweiz.<\/p>\n<p>Michael Yang, CEO von Huawei Schweiz, erg\u00e4nzt: \u00abWir sind immer wieder beeindruckt von der Innovationskraft der Schweiz, die die St\u00e4rke des Bildungssystems des Landes widerspiegelt. Daran mitzuwirken, dass auch in einem so wichtigen Zukunftsfeld wie KI die Schweizer Fachkr\u00e4fte deren volles Potenzial f\u00fcr Wettbewerbskraft in den Unternehmen der verschiedensten Branchen aussch\u00f6pfen k\u00f6nnen, erf\u00fcllt uns mit Stolz.\u00bb<\/p>\n<p><em>Quelle: <a href=\"http:\/\/www.ict-berufsbildung.ch\">www.ict-berufsbildung.ch<\/a><\/em><\/p>\n","protected":false},"excerpt":{"rendered":"<p>Die nationale Organisation der Arbeitswelt (OdA) ICT-Berufsbildung Schweiz lanciert in Zusammenarbeit mit Huawei ein Bildungsprojekt. Erarbeitet wird ein neuer eidgen\u00f6ssischer Abschluss der h\u00f6heren Berufsbildung im Bereich der k\u00fcnstlichen Intelligenz (KI). Ziel ist es, im Jahr 2026 die ersten Absolventinnen und Absolventen auf den Arbeitsmarkt zu bringen.<\/p>\n","protected":false},"author":58,"featured_media":29376,"comment_status":"closed","ping_status":"closed","sticky":false,"template":"","format":"standard","meta":{"_acf_changed":false,"_yoast_wpseo_focuskw":"KI-Abschluss","_yoast_wpseo_metadesc":"Die nationale Organisation der Arbeitswelt (OdA) ICT-Berufsbildung Schweiz lanciert in Zusammenarbeit mit Huawei ein Bildungsprojekt.","articlekey":"","footnotes":""},"categories":[30],"tags":[62,4429,4428,298,492],"class_list":["post-29374","post","type-post","status-publish","format-standard","has-post-thumbnail","hentry","category-weiterbildung","tag-aus-weiterbildung","tag-bildungsprojekt","tag-ict-berufsbildung","tag-ki","tag-unternehmen"],"acf":[],"yoast_head":"<!-- This site is optimized with the Yoast SEO plugin v27.4 - https:\/\/yoast.com\/product\/yoast-seo-wordpress\/ -->\n<title>Neuer eidgen\u00f6ssischer KI-Abschluss st\u00e4rkt Wirtschaft - Organisator<\/title>\n<meta name=\"description\" content=\"Die nationale Organisation der Arbeitswelt (OdA) ICT-Berufsbildung Schweiz lanciert in Zusammenarbeit mit Huawei ein Bildungsprojekt.\" \/>\n<meta name=\"robots\" content=\"index, follow, max-snippet:-1, max-image-preview:large, max-video-preview:-1\" \/>\n<link rel=\"canonical\" href=\"https:\/\/www.organisator.ch\/de\/weiterbildung\/2024-08-29\/neuer-eidgenoessischer-ki-abschluss-staerkt-wirtschaft\/\" \/>\n<meta property=\"og:locale\" content=\"de_DE\" \/>\n<meta property=\"og:type\" content=\"article\" \/>\n<meta property=\"og:title\" content=\"Neuer eidgen\u00f6ssischer KI-Abschluss st\u00e4rkt Wirtschaft\" \/>\n<meta property=\"og:description\" content=\"Die nationale Organisation der Arbeitswelt (OdA) ICT-Berufsbildung Schweiz lanciert in Zusammenarbeit mit Huawei ein Bildungsprojekt.\" \/>\n<meta property=\"og:url\" content=\"https:\/\/www.organisator.ch\/de\/weiterbildung\/2024-08-29\/neuer-eidgenoessischer-ki-abschluss-staerkt-wirtschaft\/\" \/>\n<meta property=\"og:site_name\" content=\"Organisator\" \/>\n<meta property=\"article:publisher\" content=\"https:\/\/www.facebook.com\/OrganisatorFachmagazin\" \/>\n<meta property=\"article:published_time\" content=\"2024-08-29T04:43:45+00:00\" \/>\n<meta property=\"og:image\" content=\"https:\/\/www.organisator.ch\/wp-content\/uploads\/2024\/08\/KI-Abschluss_Bild1_ps.jpg\" \/>\n\t<meta property=\"og:image:width\" content=\"680\" \/>\n\t<meta property=\"og:image:height\" content=\"454\" \/>\n\t<meta property=\"og:image:type\" content=\"image\/jpeg\" \/>\n<meta name=\"author\" content=\"Adelisa Kalajdzini\" \/>\n<meta name=\"twitter:card\" content=\"summary_large_image\" \/>\n<meta name=\"twitter:title\" content=\"Neuer eidgen\u00f6ssischer KI-Abschluss st\u00e4rkt Wirtschaft\" \/>\n<meta name=\"twitter:description\" content=\"Die nationale #Organisation der #Arbeitswelt (OdA) #ICT-Berufsbildung Schweiz lanciert in #Zusammenarbeit mit #Huawei ein #Bildungsprojekt.\" \/>\n<meta name=\"twitter:image\" content=\"https:\/\/www.organisator.ch\/wp-content\/uploads\/2024\/08\/KI-Abschluss_Bild1_ps.jpg\" \/>\n<script type=\"application\/ld+json\" class=\"yoast-schema-graph\">{\"@context\":\"https:\\\/\\\/schema.org\",\"@graph\":[{\"@type\":\"Article\",\"@id\":\"https:\\\/\\\/www.organisator.ch\\\/weiterbildung\\\/2024-08-29\\\/neuer-eidgenoessischer-ki-abschluss-staerkt-wirtschaft\\\/#article\",\"isPartOf\":{\"@id\":\"https:\\\/\\\/www.organisator.ch\\\/weiterbildung\\\/2024-08-29\\\/neuer-eidgenoessischer-ki-abschluss-staerkt-wirtschaft\\\/\"},\"author\":{\"name\":\"Adelisa Kalajdzini\",\"@id\":\"https:\\\/\\\/www.organisator.ch\\\/#\\\/schema\\\/person\\\/2e1314a2172123f874db408d8911d3f3\"},\"headline\":\"Neuer eidgen\u00f6ssischer KI-Abschluss st\u00e4rkt Wirtschaft\",\"datePublished\":\"2024-08-29T04:43:45+00:00\",\"mainEntityOfPage\":{\"@id\":\"https:\\\/\\\/www.organisator.ch\\\/weiterbildung\\\/2024-08-29\\\/neuer-eidgenoessischer-ki-abschluss-staerkt-wirtschaft\\\/\"},\"wordCount\":437,\"publisher\":{\"@id\":\"https:\\\/\\\/www.organisator.ch\\\/#organization\"},\"image\":{\"@id\":\"https:\\\/\\\/www.organisator.ch\\\/weiterbildung\\\/2024-08-29\\\/neuer-eidgenoessischer-ki-abschluss-staerkt-wirtschaft\\\/#primaryimage\"},\"thumbnailUrl\":\"https:\\\/\\\/www.organisator.ch\\\/wp-content\\\/uploads\\\/2024\\\/08\\\/KI-Abschluss_Bild1_ps.jpg\",\"keywords\":[\"Aus-\\\/Weiterbildung\",\"Bildungsprojekt\",\"ICT-Berufsbildung\",\"KI\",\"Unternehmen\"],\"articleSection\":[\"WEITERBILDUNG\"],\"inLanguage\":\"de\"},{\"@type\":\"WebPage\",\"@id\":\"https:\\\/\\\/www.organisator.ch\\\/weiterbildung\\\/2024-08-29\\\/neuer-eidgenoessischer-ki-abschluss-staerkt-wirtschaft\\\/\",\"url\":\"https:\\\/\\\/www.organisator.ch\\\/weiterbildung\\\/2024-08-29\\\/neuer-eidgenoessischer-ki-abschluss-staerkt-wirtschaft\\\/\",\"name\":\"Neuer eidgen\u00f6ssischer KI-Abschluss st\u00e4rkt Wirtschaft - Organisator\",\"isPartOf\":{\"@id\":\"https:\\\/\\\/www.organisator.ch\\\/#website\"},\"primaryImageOfPage\":{\"@id\":\"https:\\\/\\\/www.organisator.ch\\\/weiterbildung\\\/2024-08-29\\\/neuer-eidgenoessischer-ki-abschluss-staerkt-wirtschaft\\\/#primaryimage\"},\"image\":{\"@id\":\"https:\\\/\\\/www.organisator.ch\\\/weiterbildung\\\/2024-08-29\\\/neuer-eidgenoessischer-ki-abschluss-staerkt-wirtschaft\\\/#primaryimage\"},\"thumbnailUrl\":\"https:\\\/\\\/www.organisator.ch\\\/wp-content\\\/uploads\\\/2024\\\/08\\\/KI-Abschluss_Bild1_ps.jpg\",\"datePublished\":\"2024-08-29T04:43:45+00:00\",\"description\":\"Die nationale Organisation der Arbeitswelt (OdA) ICT-Berufsbildung Schweiz lanciert in Zusammenarbeit mit Huawei ein Bildungsprojekt.\",\"breadcrumb\":{\"@id\":\"https:\\\/\\\/www.organisator.ch\\\/weiterbildung\\\/2024-08-29\\\/neuer-eidgenoessischer-ki-abschluss-staerkt-wirtschaft\\\/#breadcrumb\"},\"inLanguage\":\"de\",\"potentialAction\":[{\"@type\":\"ReadAction\",\"target\":[\"https:\\\/\\\/www.organisator.ch\\\/weiterbildung\\\/2024-08-29\\\/neuer-eidgenoessischer-ki-abschluss-staerkt-wirtschaft\\\/\"]}]},{\"@type\":\"ImageObject\",\"inLanguage\":\"de\",\"@id\":\"https:\\\/\\\/www.organisator.ch\\\/weiterbildung\\\/2024-08-29\\\/neuer-eidgenoessischer-ki-abschluss-staerkt-wirtschaft\\\/#primaryimage\",\"url\":\"https:\\\/\\\/www.organisator.ch\\\/wp-content\\\/uploads\\\/2024\\\/08\\\/KI-Abschluss_Bild1_ps.jpg\",\"contentUrl\":\"https:\\\/\\\/www.organisator.ch\\\/wp-content\\\/uploads\\\/2024\\\/08\\\/KI-Abschluss_Bild1_ps.jpg\",\"width\":680,\"height\":454,\"caption\":\"Die nationale Organisation der Arbeitswelt (OdA) ICT-Berufsbildung Schweiz lanciert in Zusammenarbeit mit Huawei ein Bildungsprojekt. (Bild: www.depositphotos.com)\"},{\"@type\":\"BreadcrumbList\",\"@id\":\"https:\\\/\\\/www.organisator.ch\\\/weiterbildung\\\/2024-08-29\\\/neuer-eidgenoessischer-ki-abschluss-staerkt-wirtschaft\\\/#breadcrumb\",\"itemListElement\":[{\"@type\":\"ListItem\",\"position\":1,\"name\":\"Home\",\"item\":\"https:\\\/\\\/www.organisator.ch\\\/\"},{\"@type\":\"ListItem\",\"position\":2,\"name\":\"Neuer eidgen\u00f6ssischer KI-Abschluss st\u00e4rkt Wirtschaft\"}]},{\"@type\":\"WebSite\",\"@id\":\"https:\\\/\\\/www.organisator.ch\\\/#website\",\"url\":\"https:\\\/\\\/www.organisator.ch\\\/\",\"name\":\"Organisator\",\"description\":\"Kompetent. Praxisnah. Der ORGANISATOR bereitet in 10 Ausgaben pro Jahr die wesentlichen Themen f\u00fcr F\u00fchrungskr\u00e4fte von KMU auf.\",\"publisher\":{\"@id\":\"https:\\\/\\\/www.organisator.ch\\\/#organization\"},\"potentialAction\":[{\"@type\":\"SearchAction\",\"target\":{\"@type\":\"EntryPoint\",\"urlTemplate\":\"https:\\\/\\\/www.organisator.ch\\\/?s={search_term_string}\"},\"query-input\":{\"@type\":\"PropertyValueSpecification\",\"valueRequired\":true,\"valueName\":\"search_term_string\"}}],\"inLanguage\":\"de\"},{\"@type\":\"Organization\",\"@id\":\"https:\\\/\\\/www.organisator.ch\\\/#organization\",\"name\":\"Organisator\",\"url\":\"https:\\\/\\\/www.organisator.ch\\\/\",\"logo\":{\"@type\":\"ImageObject\",\"inLanguage\":\"de\",\"@id\":\"https:\\\/\\\/www.organisator.ch\\\/#\\\/schema\\\/logo\\\/image\\\/\",\"url\":\"https:\\\/\\\/www.organisator.ch\\\/wp-content\\\/uploads\\\/2022\\\/01\\\/Logo_Organisator_Website.png\",\"contentUrl\":\"https:\\\/\\\/www.organisator.ch\\\/wp-content\\\/uploads\\\/2022\\\/01\\\/Logo_Organisator_Website.png\",\"width\":800,\"height\":77,\"caption\":\"Organisator\"},\"image\":{\"@id\":\"https:\\\/\\\/www.organisator.ch\\\/#\\\/schema\\\/logo\\\/image\\\/\"},\"sameAs\":[\"https:\\\/\\\/www.facebook.com\\\/OrganisatorFachmagazin\",\"https:\\\/\\\/www.linkedin.com\\\/showcase\\\/organisator-das-magazin-fr-kmu\",\"https:\\\/\\\/www.xing.com\\\/news\\\/pages\\\/organisator-ch-695\",\"https:\\\/\\\/www.youtube.com\\\/channel\\\/UCGP2Sq0iWaZwT3BdIAQFYpw\"]},{\"@type\":\"Person\",\"@id\":\"https:\\\/\\\/www.organisator.ch\\\/#\\\/schema\\\/person\\\/2e1314a2172123f874db408d8911d3f3\",\"name\":\"Adelisa Kalajdzini\",\"image\":{\"@type\":\"ImageObject\",\"inLanguage\":\"de\",\"@id\":\"https:\\\/\\\/secure.gravatar.com\\\/avatar\\\/09a397c22ac58cad6f160ee8306348599df9df58a8ede73696226897b9fa4b24?s=96&d=mm&r=g\",\"url\":\"https:\\\/\\\/secure.gravatar.com\\\/avatar\\\/09a397c22ac58cad6f160ee8306348599df9df58a8ede73696226897b9fa4b24?s=96&d=mm&r=g\",\"contentUrl\":\"https:\\\/\\\/secure.gravatar.com\\\/avatar\\\/09a397c22ac58cad6f160ee8306348599df9df58a8ede73696226897b9fa4b24?s=96&d=mm&r=g\",\"caption\":\"Adelisa Kalajdzini\"},\"url\":\"https:\\\/\\\/www.organisator.ch\\\/de\\\/author\\\/adelisa-kalajdzini\\\/\"}]}<\/script>\n<!-- \/ Yoast SEO plugin. -->","yoast_head_json":{"title":"Neuer eidgen\u00f6ssischer KI-Abschluss st\u00e4rkt Wirtschaft - Organisator","description":"Die nationale Organisation der Arbeitswelt (OdA) ICT-Berufsbildung Schweiz lanciert in Zusammenarbeit mit Huawei ein Bildungsprojekt.","robots":{"index":"index","follow":"follow","max-snippet":"max-snippet:-1","max-image-preview":"max-image-preview:large","max-video-preview":"max-video-preview:-1"},"canonical":"https:\/\/www.organisator.ch\/de\/weiterbildung\/2024-08-29\/neuer-eidgenoessischer-ki-abschluss-staerkt-wirtschaft\/","og_locale":"de_DE","og_type":"article","og_title":"Neuer eidgen\u00f6ssischer KI-Abschluss st\u00e4rkt Wirtschaft","og_description":"Die nationale Organisation der Arbeitswelt (OdA) ICT-Berufsbildung Schweiz lanciert in Zusammenarbeit mit Huawei ein Bildungsprojekt.","og_url":"https:\/\/www.organisator.ch\/de\/weiterbildung\/2024-08-29\/neuer-eidgenoessischer-ki-abschluss-staerkt-wirtschaft\/","og_site_name":"Organisator","article_publisher":"https:\/\/www.facebook.com\/OrganisatorFachmagazin","article_published_time":"2024-08-29T04:43:45+00:00","og_image":[{"width":680,"height":454,"url":"https:\/\/www.organisator.ch\/wp-content\/uploads\/2024\/08\/KI-Abschluss_Bild1_ps.jpg","type":"image\/jpeg"}],"author":"Adelisa Kalajdzini","twitter_card":"summary_large_image","twitter_title":"Neuer eidgen\u00f6ssischer KI-Abschluss st\u00e4rkt Wirtschaft","twitter_description":"Die nationale #Organisation der #Arbeitswelt (OdA) #ICT-Berufsbildung Schweiz lanciert in #Zusammenarbeit mit #Huawei ein #Bildungsprojekt.","twitter_image":"https:\/\/www.organisator.ch\/wp-content\/uploads\/2024\/08\/KI-Abschluss_Bild1_ps.jpg","schema":{"@context":"https:\/\/schema.org","@graph":[{"@type":"Article","@id":"https:\/\/www.organisator.ch\/weiterbildung\/2024-08-29\/neuer-eidgenoessischer-ki-abschluss-staerkt-wirtschaft\/#article","isPartOf":{"@id":"https:\/\/www.organisator.ch\/weiterbildung\/2024-08-29\/neuer-eidgenoessischer-ki-abschluss-staerkt-wirtschaft\/"},"author":{"name":"Adelisa Kalajdzini","@id":"https:\/\/www.organisator.ch\/#\/schema\/person\/2e1314a2172123f874db408d8911d3f3"},"headline":"Neuer eidgen\u00f6ssischer KI-Abschluss st\u00e4rkt Wirtschaft","datePublished":"2024-08-29T04:43:45+00:00","mainEntityOfPage":{"@id":"https:\/\/www.organisator.ch\/weiterbildung\/2024-08-29\/neuer-eidgenoessischer-ki-abschluss-staerkt-wirtschaft\/"},"wordCount":437,"publisher":{"@id":"https:\/\/www.organisator.ch\/#organization"},"image":{"@id":"https:\/\/www.organisator.ch\/weiterbildung\/2024-08-29\/neuer-eidgenoessischer-ki-abschluss-staerkt-wirtschaft\/#primaryimage"},"thumbnailUrl":"https:\/\/www.organisator.ch\/wp-content\/uploads\/2024\/08\/KI-Abschluss_Bild1_ps.jpg","keywords":["Aus-\/Weiterbildung","Bildungsprojekt","ICT-Berufsbildung","KI","Unternehmen"],"articleSection":["WEITERBILDUNG"],"inLanguage":"de"},{"@type":"WebPage","@id":"https:\/\/www.organisator.ch\/weiterbildung\/2024-08-29\/neuer-eidgenoessischer-ki-abschluss-staerkt-wirtschaft\/","url":"https:\/\/www.organisator.ch\/weiterbildung\/2024-08-29\/neuer-eidgenoessischer-ki-abschluss-staerkt-wirtschaft\/","name":"Neuer eidgen\u00f6ssischer KI-Abschluss st\u00e4rkt Wirtschaft - Organisator","isPartOf":{"@id":"https:\/\/www.organisator.ch\/#website"},"primaryImageOfPage":{"@id":"https:\/\/www.organisator.ch\/weiterbildung\/2024-08-29\/neuer-eidgenoessischer-ki-abschluss-staerkt-wirtschaft\/#primaryimage"},"image":{"@id":"https:\/\/www.organisator.ch\/weiterbildung\/2024-08-29\/neuer-eidgenoessischer-ki-abschluss-staerkt-wirtschaft\/#primaryimage"},"thumbnailUrl":"https:\/\/www.organisator.ch\/wp-content\/uploads\/2024\/08\/KI-Abschluss_Bild1_ps.jpg","datePublished":"2024-08-29T04:43:45+00:00","description":"Die nationale Organisation der Arbeitswelt (OdA) ICT-Berufsbildung Schweiz lanciert in Zusammenarbeit mit Huawei ein Bildungsprojekt.","breadcrumb":{"@id":"https:\/\/www.organisator.ch\/weiterbildung\/2024-08-29\/neuer-eidgenoessischer-ki-abschluss-staerkt-wirtschaft\/#breadcrumb"},"inLanguage":"de","potentialAction":[{"@type":"ReadAction","target":["https:\/\/www.organisator.ch\/weiterbildung\/2024-08-29\/neuer-eidgenoessischer-ki-abschluss-staerkt-wirtschaft\/"]}]},{"@type":"ImageObject","inLanguage":"de","@id":"https:\/\/www.organisator.ch\/weiterbildung\/2024-08-29\/neuer-eidgenoessischer-ki-abschluss-staerkt-wirtschaft\/#primaryimage","url":"https:\/\/www.organisator.ch\/wp-content\/uploads\/2024\/08\/KI-Abschluss_Bild1_ps.jpg","contentUrl":"https:\/\/www.organisator.ch\/wp-content\/uploads\/2024\/08\/KI-Abschluss_Bild1_ps.jpg","width":680,"height":454,"caption":"Die nationale Organisation der Arbeitswelt (OdA) ICT-Berufsbildung Schweiz lanciert in Zusammenarbeit mit Huawei ein Bildungsprojekt. (Bild: www.depositphotos.com)"},{"@type":"BreadcrumbList","@id":"https:\/\/www.organisator.ch\/weiterbildung\/2024-08-29\/neuer-eidgenoessischer-ki-abschluss-staerkt-wirtschaft\/#breadcrumb","itemListElement":[{"@type":"ListItem","position":1,"name":"Home","item":"https:\/\/www.organisator.ch\/"},{"@type":"ListItem","position":2,"name":"Neuer eidgen\u00f6ssischer KI-Abschluss st\u00e4rkt Wirtschaft"}]},{"@type":"WebSite","@id":"https:\/\/www.organisator.ch\/#website","url":"https:\/\/www.organisator.ch\/","name":"Organisator","description":"Kompetent. Praxisnah. Der ORGANISATOR bereitet in 10 Ausgaben pro Jahr die wesentlichen Themen f\u00fcr F\u00fchrungskr\u00e4fte von KMU auf.","publisher":{"@id":"https:\/\/www.organisator.ch\/#organization"},"potentialAction":[{"@type":"SearchAction","target":{"@type":"EntryPoint","urlTemplate":"https:\/\/www.organisator.ch\/?s={search_term_string}"},"query-input":{"@type":"PropertyValueSpecification","valueRequired":true,"valueName":"search_term_string"}}],"inLanguage":"de"},{"@type":"Organization","@id":"https:\/\/www.organisator.ch\/#organization","name":"Organisator","url":"https:\/\/www.organisator.ch\/","logo":{"@type":"ImageObject","inLanguage":"de","@id":"https:\/\/www.organisator.ch\/#\/schema\/logo\/image\/","url":"https:\/\/www.organisator.ch\/wp-content\/uploads\/2022\/01\/Logo_Organisator_Website.png","contentUrl":"https:\/\/www.organisator.ch\/wp-content\/uploads\/2022\/01\/Logo_Organisator_Website.png","width":800,"height":77,"caption":"Organisator"},"image":{"@id":"https:\/\/www.organisator.ch\/#\/schema\/logo\/image\/"},"sameAs":["https:\/\/www.facebook.com\/OrganisatorFachmagazin","https:\/\/www.linkedin.com\/showcase\/organisator-das-magazin-fr-kmu","https:\/\/www.xing.com\/news\/pages\/organisator-ch-695","https:\/\/www.youtube.com\/channel\/UCGP2Sq0iWaZwT3BdIAQFYpw"]},{"@type":"Person","@id":"https:\/\/www.organisator.ch\/#\/schema\/person\/2e1314a2172123f874db408d8911d3f3","name":"Adelisa Kalajdzini","image":{"@type":"ImageObject","inLanguage":"de","@id":"https:\/\/secure.gravatar.com\/avatar\/09a397c22ac58cad6f160ee8306348599df9df58a8ede73696226897b9fa4b24?s=96&d=mm&r=g","url":"https:\/\/secure.gravatar.com\/avatar\/09a397c22ac58cad6f160ee8306348599df9df58a8ede73696226897b9fa4b24?s=96&d=mm&r=g","contentUrl":"https:\/\/secure.gravatar.com\/avatar\/09a397c22ac58cad6f160ee8306348599df9df58a8ede73696226897b9fa4b24?s=96&d=mm&r=g","caption":"Adelisa Kalajdzini"},"url":"https:\/\/www.organisator.ch\/de\/author\/adelisa-kalajdzini\/"}]}},"_links":{"self":[{"href":"https:\/\/www.organisator.ch\/de\/wp-json\/wp\/v2\/posts\/29374","targetHints":{"allow":["GET"]}}],"collection":[{"href":"https:\/\/www.organisator.ch\/de\/wp-json\/wp\/v2\/posts"}],"about":[{"href":"https:\/\/www.organisator.ch\/de\/wp-json\/wp\/v2\/types\/post"}],"author":[{"embeddable":true,"href":"https:\/\/www.organisator.ch\/de\/wp-json\/wp\/v2\/users\/58"}],"replies":[{"embeddable":true,"href":"https:\/\/www.organisator.ch\/de\/wp-json\/wp\/v2\/comments?post=29374"}],"version-history":[{"count":5,"href":"https:\/\/www.organisator.ch\/de\/wp-json\/wp\/v2\/posts\/29374\/revisions"}],"predecessor-version":[{"id":29432,"href":"https:\/\/www.organisator.ch\/de\/wp-json\/wp\/v2\/posts\/29374\/revisions\/29432"}],"wp:featuredmedia":[{"embeddable":true,"href":"https:\/\/www.organisator.ch\/de\/wp-json\/wp\/v2\/media\/29376"}],"wp:attachment":[{"href":"https:\/\/www.organisator.ch\/de\/wp-json\/wp\/v2\/media?parent=29374"}],"wp:term":[{"taxonomy":"category","embeddable":true,"href":"https:\/\/www.organisator.ch\/de\/wp-json\/wp\/v2\/categories?post=29374"},{"taxonomy":"post_tag","embeddable":true,"href":"https:\/\/www.organisator.ch\/de\/wp-json\/wp\/v2\/tags?post=29374"}],"curies":[{"name":"wp","href":"https:\/\/api.w.org\/{rel}","templated":true}]}}