{"id":29379,"date":"2024-08-28T10:52:15","date_gmt":"2024-08-28T08:52:15","guid":{"rendered":"https:\/\/www.m-q.ch\/?p=20262"},"modified":"2024-11-08T12:17:53","modified_gmt":"2024-11-08T11:17:53","slug":"die-e3-ag-erlangt-iso-zertifizierung-fuer-informationssicherheit","status":"publish","type":"post","link":"https:\/\/www.organisator.ch\/de\/operational-excellence\/2024-08-28\/die-e3-ag-erlangt-iso-zertifizierung-fuer-informationssicherheit\/","title":{"rendered":"Die e3 AG erlangt ISO-Zertifizierung f\u00fcr Informationssicherheit"},"content":{"rendered":"<figure id=\"attachment_20264\" class=\"wp-caption alignnone\" style=\"width: 680px\" aria-describedby=\"caption-attachment-20264\"><img class=\"alignnone wp-image-20264 size-full\" src=\"https:\/\/www.m-q.ch\/wp-content\/uploads\/2024\/08\/e3-AG_Bild1_ps.jpg\" alt=\"e3 AG \" width=\"680\" height=\"408\" \/>\r\n<figcaption id=\"caption-attachment-20264\" class=\"wp-caption-text\">Die e3 AG hat das Audit zur Zertifizierung der Informationssicherheit nach ISO 27001 erfolgreich absolviert. (Bild: www.depositphotos.com)<\/figcaption>\r\n<\/figure>\r\n<p>Die e3 AG, das renommierte Schweizer Unternehmen im Bereich der Cyber-Sicherheit, hat das Audit zur Zertifizierung der Informationssicherheit nach ISO 27001 erfolgreich absolviert. ISO 27001 ist der wichtigste und weltweit f\u00fchrende Standard im Bereich IT-Sicherheit. Die Zertifizierung ist f\u00fcr Kunden und Partner die Garantie, dass die e3 die Informationssicherheit ausnahmslos und jederzeit professionell ber\u00fccksichtigt \u2013 vom Sales Pitch \u00fcber die Projektabwicklung bis hin zu Support, Wartung und Betrieb von eigenen L\u00f6sungen und Kundensystemen.<\/p>\r\n<p>Die ISO-Zertifizierung der e3 umfasst nicht nur Datenschutz- und Sicherheitsprojekte f\u00fcr \u00fcber 100 Kunden, sondern auch die Software-Entwicklung f\u00fcr e3 DLP (Data Loss Prevention) und e3 Centraya. Sowohl die IT-Berater als auch die Entwickler der e3 arbeiten streng nach ISO-Vorgaben.<\/p>\r\n<p>Das Managementsystem der e3 definiert, steuert, \u00fcberwacht und verbessert kontinuierlich die Informationssicherheit. Die Zertifizierung nach dem internationalen Standard ISO 27001 ist der gepr\u00fcfte Nachweis, dass ein Unternehmen die vorgegebenen Richtlinien einh\u00e4lt und dies auch nachweisen kann.<\/p>\r\n<p>Der CEO der e3, Thomas F\u00fcrling, freut sich \u00fcber den Meilenstein in der bald 25-j\u00e4hrigen Firmenhistorie: \u00abWir arbeiten bereits seit Jahrzehnten nach den strengen Vorgaben einer auf Informationssicherheit spezialisierten Firma. Denn wir k\u00f6nnen unsere Kunden nur dann seri\u00f6s bei Datenschutz- und Security-Herausforderungen beraten, wenn wir uns selbst konsequent an die Richtlinien halten. Insofern ist die Zertifizierung nach ISO 27001 ein wichtiges Ziel, das wir nun erreicht haben.\u00bb<\/p>\r\n<p><em>Quelle: <a href=\"http:\/\/www.e3ag.ch\/\">www.e3ag.ch<\/a><\/em><\/p>\n<p class=\"syndicated-attribution\">Dieser Beitrag erschien urspr\u00fcnglich auf m-q.ch - <a href=\"https:\/\/www.m-q.ch\/de\/die-e3-ag-erlangt-iso-zertifizierung-fuer-informationssicherheit\/\" target=\"_blank\">https:\/\/www.m-q.ch\/de\/die-e3-ag-erlangt-iso-zertifizierung-fuer-informationssicherheit\/<\/a><\/p>","protected":false},"excerpt":{"rendered":"<p>Die Produkte und Dienstleistungen der e3 AG sind neu nach den strengen Vorgaben der internationalen Norm ISO 27001 zertifiziert. Das auf Datenschutz, Informationssicherheit, IT-Beratung und Digitalisierung spezialisierte Unternehmen hat den Audit erfolgreich bestanden.<\/p>\n","protected":false},"author":58,"featured_media":0,"comment_status":"closed","ping_status":"closed","sticky":false,"template":"","format":"standard","meta":{"_acf_changed":false,"_yoast_wpseo_focuskw":"e3 AG","_yoast_wpseo_metadesc":"e3 AG erh\u00e4lt ISO 27001 Zertifizierung, best\u00e4tigt ihre IT-Sicherheit und Datenschutzstandards f\u00fcr \u00fcber 100 Kundenprojekte.","articlekey":"","footnotes":""},"categories":[582],"tags":[269,3475,605,613],"class_list":["post-29379","post","type-post","status-publish","format-standard","hentry","category-operational-excellence","tag-informationssicherheit","tag-iso-27001","tag-qualitaetsmanagement","tag-zertifizierung"],"acf":[],"yoast_head":"<!-- This site is optimized with the Yoast SEO plugin v27.5 - https:\/\/yoast.com\/product\/yoast-seo-wordpress\/ -->\n<title>Die e3 AG erlangt ISO-Zertifizierung f\u00fcr Informationssicherheit - Organisator<\/title>\n<meta name=\"description\" content=\"e3 AG erh\u00e4lt ISO 27001 Zertifizierung, best\u00e4tigt ihre IT-Sicherheit und Datenschutzstandards f\u00fcr \u00fcber 100 Kundenprojekte.\" \/>\n<meta name=\"robots\" content=\"index, follow, max-snippet:-1, max-image-preview:large, max-video-preview:-1\" \/>\n<link rel=\"canonical\" href=\"https:\/\/www.organisator.ch\/de\/operational-excellence\/2024-08-28\/die-e3-ag-erlangt-iso-zertifizierung-fuer-informationssicherheit\/\" \/>\n<meta property=\"og:locale\" content=\"de_DE\" \/>\n<meta property=\"og:type\" content=\"article\" \/>\n<meta property=\"og:title\" content=\"Die e3 AG erlangt ISO-Zertifizierung f\u00fcr Informationssicherheit - Organisator\" \/>\n<meta property=\"og:description\" content=\"e3 AG erh\u00e4lt ISO 27001 Zertifizierung, best\u00e4tigt ihre IT-Sicherheit und Datenschutzstandards f\u00fcr \u00fcber 100 Kundenprojekte.\" \/>\n<meta property=\"og:url\" content=\"https:\/\/www.organisator.ch\/de\/operational-excellence\/2024-08-28\/die-e3-ag-erlangt-iso-zertifizierung-fuer-informationssicherheit\/\" \/>\n<meta property=\"og:site_name\" content=\"Organisator\" \/>\n<meta property=\"article:publisher\" content=\"https:\/\/www.facebook.com\/OrganisatorFachmagazin\" \/>\n<meta property=\"article:published_time\" content=\"2024-08-28T08:52:15+00:00\" \/>\n<meta property=\"article:modified_time\" content=\"2024-11-08T11:17:53+00:00\" \/>\n<meta property=\"og:image\" content=\"https:\/\/www.m-q.ch\/wp-content\/uploads\/2024\/08\/e3-AG_Bild1_ps.jpg\" \/>\n<meta name=\"author\" content=\"Adelisa Kalajdzini\" \/>\n<meta name=\"twitter:card\" content=\"summary_large_image\" \/>\n<script type=\"application\/ld+json\" class=\"yoast-schema-graph\">{\"@context\":\"https:\\\/\\\/schema.org\",\"@graph\":[{\"@type\":\"Article\",\"@id\":\"https:\\\/\\\/www.organisator.ch\\\/operational-excellence\\\/2024-08-28\\\/die-e3-ag-erlangt-iso-zertifizierung-fuer-informationssicherheit\\\/#article\",\"isPartOf\":{\"@id\":\"https:\\\/\\\/www.organisator.ch\\\/operational-excellence\\\/2024-08-28\\\/die-e3-ag-erlangt-iso-zertifizierung-fuer-informationssicherheit\\\/\"},\"author\":{\"name\":\"Adelisa Kalajdzini\",\"@id\":\"https:\\\/\\\/www.organisator.ch\\\/#\\\/schema\\\/person\\\/2e1314a2172123f874db408d8911d3f3\"},\"headline\":\"Die e3 AG erlangt ISO-Zertifizierung f\u00fcr Informationssicherheit\",\"datePublished\":\"2024-08-28T08:52:15+00:00\",\"dateModified\":\"2024-11-08T11:17:53+00:00\",\"mainEntityOfPage\":{\"@id\":\"https:\\\/\\\/www.organisator.ch\\\/operational-excellence\\\/2024-08-28\\\/die-e3-ag-erlangt-iso-zertifizierung-fuer-informationssicherheit\\\/\"},\"wordCount\":253,\"publisher\":{\"@id\":\"https:\\\/\\\/www.organisator.ch\\\/#organization\"},\"image\":{\"@id\":\"https:\\\/\\\/www.organisator.ch\\\/operational-excellence\\\/2024-08-28\\\/die-e3-ag-erlangt-iso-zertifizierung-fuer-informationssicherheit\\\/#primaryimage\"},\"thumbnailUrl\":\"https:\\\/\\\/www.m-q.ch\\\/wp-content\\\/uploads\\\/2024\\\/08\\\/e3-AG_Bild1_ps.jpg\",\"keywords\":[\"Informationssicherheit\",\"ISO 27001\",\"Qualit\u00e4tsmanagement\",\"Zertifizierung\"],\"articleSection\":[\"OPERATIONAL EXCELLENCE\"],\"inLanguage\":\"de\"},{\"@type\":\"WebPage\",\"@id\":\"https:\\\/\\\/www.organisator.ch\\\/operational-excellence\\\/2024-08-28\\\/die-e3-ag-erlangt-iso-zertifizierung-fuer-informationssicherheit\\\/\",\"url\":\"https:\\\/\\\/www.organisator.ch\\\/operational-excellence\\\/2024-08-28\\\/die-e3-ag-erlangt-iso-zertifizierung-fuer-informationssicherheit\\\/\",\"name\":\"Die e3 AG erlangt ISO-Zertifizierung f\u00fcr Informationssicherheit - Organisator\",\"isPartOf\":{\"@id\":\"https:\\\/\\\/www.organisator.ch\\\/#website\"},\"primaryImageOfPage\":{\"@id\":\"https:\\\/\\\/www.organisator.ch\\\/operational-excellence\\\/2024-08-28\\\/die-e3-ag-erlangt-iso-zertifizierung-fuer-informationssicherheit\\\/#primaryimage\"},\"image\":{\"@id\":\"https:\\\/\\\/www.organisator.ch\\\/operational-excellence\\\/2024-08-28\\\/die-e3-ag-erlangt-iso-zertifizierung-fuer-informationssicherheit\\\/#primaryimage\"},\"thumbnailUrl\":\"https:\\\/\\\/www.m-q.ch\\\/wp-content\\\/uploads\\\/2024\\\/08\\\/e3-AG_Bild1_ps.jpg\",\"datePublished\":\"2024-08-28T08:52:15+00:00\",\"dateModified\":\"2024-11-08T11:17:53+00:00\",\"description\":\"e3 AG erh\u00e4lt ISO 27001 Zertifizierung, best\u00e4tigt ihre IT-Sicherheit und Datenschutzstandards f\u00fcr \u00fcber 100 Kundenprojekte.\",\"breadcrumb\":{\"@id\":\"https:\\\/\\\/www.organisator.ch\\\/operational-excellence\\\/2024-08-28\\\/die-e3-ag-erlangt-iso-zertifizierung-fuer-informationssicherheit\\\/#breadcrumb\"},\"inLanguage\":\"de\",\"potentialAction\":[{\"@type\":\"ReadAction\",\"target\":[\"https:\\\/\\\/www.organisator.ch\\\/operational-excellence\\\/2024-08-28\\\/die-e3-ag-erlangt-iso-zertifizierung-fuer-informationssicherheit\\\/\"]}]},{\"@type\":\"ImageObject\",\"inLanguage\":\"de\",\"@id\":\"https:\\\/\\\/www.organisator.ch\\\/operational-excellence\\\/2024-08-28\\\/die-e3-ag-erlangt-iso-zertifizierung-fuer-informationssicherheit\\\/#primaryimage\",\"url\":\"https:\\\/\\\/www.m-q.ch\\\/wp-content\\\/uploads\\\/2024\\\/08\\\/e3-AG_Bild1_ps.jpg\",\"contentUrl\":\"https:\\\/\\\/www.m-q.ch\\\/wp-content\\\/uploads\\\/2024\\\/08\\\/e3-AG_Bild1_ps.jpg\"},{\"@type\":\"BreadcrumbList\",\"@id\":\"https:\\\/\\\/www.organisator.ch\\\/operational-excellence\\\/2024-08-28\\\/die-e3-ag-erlangt-iso-zertifizierung-fuer-informationssicherheit\\\/#breadcrumb\",\"itemListElement\":[{\"@type\":\"ListItem\",\"position\":1,\"name\":\"Home\",\"item\":\"https:\\\/\\\/www.organisator.ch\\\/\"},{\"@type\":\"ListItem\",\"position\":2,\"name\":\"Die e3 AG erlangt ISO-Zertifizierung f\u00fcr Informationssicherheit\"}]},{\"@type\":\"WebSite\",\"@id\":\"https:\\\/\\\/www.organisator.ch\\\/#website\",\"url\":\"https:\\\/\\\/www.organisator.ch\\\/\",\"name\":\"Organisator\",\"description\":\"Kompetent. Praxisnah. Der ORGANISATOR bereitet in 10 Ausgaben pro Jahr die wesentlichen Themen f\u00fcr F\u00fchrungskr\u00e4fte von KMU auf.\",\"publisher\":{\"@id\":\"https:\\\/\\\/www.organisator.ch\\\/#organization\"},\"potentialAction\":[{\"@type\":\"SearchAction\",\"target\":{\"@type\":\"EntryPoint\",\"urlTemplate\":\"https:\\\/\\\/www.organisator.ch\\\/?s={search_term_string}\"},\"query-input\":{\"@type\":\"PropertyValueSpecification\",\"valueRequired\":true,\"valueName\":\"search_term_string\"}}],\"inLanguage\":\"de\"},{\"@type\":\"Organization\",\"@id\":\"https:\\\/\\\/www.organisator.ch\\\/#organization\",\"name\":\"Organisator\",\"url\":\"https:\\\/\\\/www.organisator.ch\\\/\",\"logo\":{\"@type\":\"ImageObject\",\"inLanguage\":\"de\",\"@id\":\"https:\\\/\\\/www.organisator.ch\\\/#\\\/schema\\\/logo\\\/image\\\/\",\"url\":\"https:\\\/\\\/www.organisator.ch\\\/wp-content\\\/uploads\\\/2022\\\/01\\\/Logo_Organisator_Website.png\",\"contentUrl\":\"https:\\\/\\\/www.organisator.ch\\\/wp-content\\\/uploads\\\/2022\\\/01\\\/Logo_Organisator_Website.png\",\"width\":800,\"height\":77,\"caption\":\"Organisator\"},\"image\":{\"@id\":\"https:\\\/\\\/www.organisator.ch\\\/#\\\/schema\\\/logo\\\/image\\\/\"},\"sameAs\":[\"https:\\\/\\\/www.facebook.com\\\/OrganisatorFachmagazin\",\"https:\\\/\\\/www.linkedin.com\\\/showcase\\\/organisator-das-magazin-fr-kmu\",\"https:\\\/\\\/www.xing.com\\\/news\\\/pages\\\/organisator-ch-695\",\"https:\\\/\\\/www.youtube.com\\\/channel\\\/UCGP2Sq0iWaZwT3BdIAQFYpw\"]},{\"@type\":\"Person\",\"@id\":\"https:\\\/\\\/www.organisator.ch\\\/#\\\/schema\\\/person\\\/2e1314a2172123f874db408d8911d3f3\",\"name\":\"Adelisa Kalajdzini\",\"image\":{\"@type\":\"ImageObject\",\"inLanguage\":\"de\",\"@id\":\"https:\\\/\\\/secure.gravatar.com\\\/avatar\\\/09a397c22ac58cad6f160ee8306348599df9df58a8ede73696226897b9fa4b24?s=96&d=mm&r=g\",\"url\":\"https:\\\/\\\/secure.gravatar.com\\\/avatar\\\/09a397c22ac58cad6f160ee8306348599df9df58a8ede73696226897b9fa4b24?s=96&d=mm&r=g\",\"contentUrl\":\"https:\\\/\\\/secure.gravatar.com\\\/avatar\\\/09a397c22ac58cad6f160ee8306348599df9df58a8ede73696226897b9fa4b24?s=96&d=mm&r=g\",\"caption\":\"Adelisa Kalajdzini\"},\"url\":\"https:\\\/\\\/www.organisator.ch\\\/de\\\/author\\\/adelisa-kalajdzini\\\/\"}]}<\/script>\n<!-- \/ Yoast SEO plugin. -->","yoast_head_json":{"title":"Die e3 AG erlangt ISO-Zertifizierung f\u00fcr Informationssicherheit - Organisator","description":"e3 AG erh\u00e4lt ISO 27001 Zertifizierung, best\u00e4tigt ihre IT-Sicherheit und Datenschutzstandards f\u00fcr \u00fcber 100 Kundenprojekte.","robots":{"index":"index","follow":"follow","max-snippet":"max-snippet:-1","max-image-preview":"max-image-preview:large","max-video-preview":"max-video-preview:-1"},"canonical":"https:\/\/www.organisator.ch\/de\/operational-excellence\/2024-08-28\/die-e3-ag-erlangt-iso-zertifizierung-fuer-informationssicherheit\/","og_locale":"de_DE","og_type":"article","og_title":"Die e3 AG erlangt ISO-Zertifizierung f\u00fcr Informationssicherheit - Organisator","og_description":"e3 AG erh\u00e4lt ISO 27001 Zertifizierung, best\u00e4tigt ihre IT-Sicherheit und Datenschutzstandards f\u00fcr \u00fcber 100 Kundenprojekte.","og_url":"https:\/\/www.organisator.ch\/de\/operational-excellence\/2024-08-28\/die-e3-ag-erlangt-iso-zertifizierung-fuer-informationssicherheit\/","og_site_name":"Organisator","article_publisher":"https:\/\/www.facebook.com\/OrganisatorFachmagazin","article_published_time":"2024-08-28T08:52:15+00:00","article_modified_time":"2024-11-08T11:17:53+00:00","og_image":[{"url":"https:\/\/www.m-q.ch\/wp-content\/uploads\/2024\/08\/e3-AG_Bild1_ps.jpg","type":"","width":"","height":""}],"author":"Adelisa Kalajdzini","twitter_card":"summary_large_image","schema":{"@context":"https:\/\/schema.org","@graph":[{"@type":"Article","@id":"https:\/\/www.organisator.ch\/operational-excellence\/2024-08-28\/die-e3-ag-erlangt-iso-zertifizierung-fuer-informationssicherheit\/#article","isPartOf":{"@id":"https:\/\/www.organisator.ch\/operational-excellence\/2024-08-28\/die-e3-ag-erlangt-iso-zertifizierung-fuer-informationssicherheit\/"},"author":{"name":"Adelisa Kalajdzini","@id":"https:\/\/www.organisator.ch\/#\/schema\/person\/2e1314a2172123f874db408d8911d3f3"},"headline":"Die e3 AG erlangt ISO-Zertifizierung f\u00fcr Informationssicherheit","datePublished":"2024-08-28T08:52:15+00:00","dateModified":"2024-11-08T11:17:53+00:00","mainEntityOfPage":{"@id":"https:\/\/www.organisator.ch\/operational-excellence\/2024-08-28\/die-e3-ag-erlangt-iso-zertifizierung-fuer-informationssicherheit\/"},"wordCount":253,"publisher":{"@id":"https:\/\/www.organisator.ch\/#organization"},"image":{"@id":"https:\/\/www.organisator.ch\/operational-excellence\/2024-08-28\/die-e3-ag-erlangt-iso-zertifizierung-fuer-informationssicherheit\/#primaryimage"},"thumbnailUrl":"https:\/\/www.m-q.ch\/wp-content\/uploads\/2024\/08\/e3-AG_Bild1_ps.jpg","keywords":["Informationssicherheit","ISO 27001","Qualit\u00e4tsmanagement","Zertifizierung"],"articleSection":["OPERATIONAL EXCELLENCE"],"inLanguage":"de"},{"@type":"WebPage","@id":"https:\/\/www.organisator.ch\/operational-excellence\/2024-08-28\/die-e3-ag-erlangt-iso-zertifizierung-fuer-informationssicherheit\/","url":"https:\/\/www.organisator.ch\/operational-excellence\/2024-08-28\/die-e3-ag-erlangt-iso-zertifizierung-fuer-informationssicherheit\/","name":"Die e3 AG erlangt ISO-Zertifizierung f\u00fcr Informationssicherheit - Organisator","isPartOf":{"@id":"https:\/\/www.organisator.ch\/#website"},"primaryImageOfPage":{"@id":"https:\/\/www.organisator.ch\/operational-excellence\/2024-08-28\/die-e3-ag-erlangt-iso-zertifizierung-fuer-informationssicherheit\/#primaryimage"},"image":{"@id":"https:\/\/www.organisator.ch\/operational-excellence\/2024-08-28\/die-e3-ag-erlangt-iso-zertifizierung-fuer-informationssicherheit\/#primaryimage"},"thumbnailUrl":"https:\/\/www.m-q.ch\/wp-content\/uploads\/2024\/08\/e3-AG_Bild1_ps.jpg","datePublished":"2024-08-28T08:52:15+00:00","dateModified":"2024-11-08T11:17:53+00:00","description":"e3 AG erh\u00e4lt ISO 27001 Zertifizierung, best\u00e4tigt ihre IT-Sicherheit und Datenschutzstandards f\u00fcr \u00fcber 100 Kundenprojekte.","breadcrumb":{"@id":"https:\/\/www.organisator.ch\/operational-excellence\/2024-08-28\/die-e3-ag-erlangt-iso-zertifizierung-fuer-informationssicherheit\/#breadcrumb"},"inLanguage":"de","potentialAction":[{"@type":"ReadAction","target":["https:\/\/www.organisator.ch\/operational-excellence\/2024-08-28\/die-e3-ag-erlangt-iso-zertifizierung-fuer-informationssicherheit\/"]}]},{"@type":"ImageObject","inLanguage":"de","@id":"https:\/\/www.organisator.ch\/operational-excellence\/2024-08-28\/die-e3-ag-erlangt-iso-zertifizierung-fuer-informationssicherheit\/#primaryimage","url":"https:\/\/www.m-q.ch\/wp-content\/uploads\/2024\/08\/e3-AG_Bild1_ps.jpg","contentUrl":"https:\/\/www.m-q.ch\/wp-content\/uploads\/2024\/08\/e3-AG_Bild1_ps.jpg"},{"@type":"BreadcrumbList","@id":"https:\/\/www.organisator.ch\/operational-excellence\/2024-08-28\/die-e3-ag-erlangt-iso-zertifizierung-fuer-informationssicherheit\/#breadcrumb","itemListElement":[{"@type":"ListItem","position":1,"name":"Home","item":"https:\/\/www.organisator.ch\/"},{"@type":"ListItem","position":2,"name":"Die e3 AG erlangt ISO-Zertifizierung f\u00fcr Informationssicherheit"}]},{"@type":"WebSite","@id":"https:\/\/www.organisator.ch\/#website","url":"https:\/\/www.organisator.ch\/","name":"Organisator","description":"Kompetent. Praxisnah. Der ORGANISATOR bereitet in 10 Ausgaben pro Jahr die wesentlichen Themen f\u00fcr F\u00fchrungskr\u00e4fte von KMU auf.","publisher":{"@id":"https:\/\/www.organisator.ch\/#organization"},"potentialAction":[{"@type":"SearchAction","target":{"@type":"EntryPoint","urlTemplate":"https:\/\/www.organisator.ch\/?s={search_term_string}"},"query-input":{"@type":"PropertyValueSpecification","valueRequired":true,"valueName":"search_term_string"}}],"inLanguage":"de"},{"@type":"Organization","@id":"https:\/\/www.organisator.ch\/#organization","name":"Organisator","url":"https:\/\/www.organisator.ch\/","logo":{"@type":"ImageObject","inLanguage":"de","@id":"https:\/\/www.organisator.ch\/#\/schema\/logo\/image\/","url":"https:\/\/www.organisator.ch\/wp-content\/uploads\/2022\/01\/Logo_Organisator_Website.png","contentUrl":"https:\/\/www.organisator.ch\/wp-content\/uploads\/2022\/01\/Logo_Organisator_Website.png","width":800,"height":77,"caption":"Organisator"},"image":{"@id":"https:\/\/www.organisator.ch\/#\/schema\/logo\/image\/"},"sameAs":["https:\/\/www.facebook.com\/OrganisatorFachmagazin","https:\/\/www.linkedin.com\/showcase\/organisator-das-magazin-fr-kmu","https:\/\/www.xing.com\/news\/pages\/organisator-ch-695","https:\/\/www.youtube.com\/channel\/UCGP2Sq0iWaZwT3BdIAQFYpw"]},{"@type":"Person","@id":"https:\/\/www.organisator.ch\/#\/schema\/person\/2e1314a2172123f874db408d8911d3f3","name":"Adelisa Kalajdzini","image":{"@type":"ImageObject","inLanguage":"de","@id":"https:\/\/secure.gravatar.com\/avatar\/09a397c22ac58cad6f160ee8306348599df9df58a8ede73696226897b9fa4b24?s=96&d=mm&r=g","url":"https:\/\/secure.gravatar.com\/avatar\/09a397c22ac58cad6f160ee8306348599df9df58a8ede73696226897b9fa4b24?s=96&d=mm&r=g","contentUrl":"https:\/\/secure.gravatar.com\/avatar\/09a397c22ac58cad6f160ee8306348599df9df58a8ede73696226897b9fa4b24?s=96&d=mm&r=g","caption":"Adelisa Kalajdzini"},"url":"https:\/\/www.organisator.ch\/de\/author\/adelisa-kalajdzini\/"}]}},"_links":{"self":[{"href":"https:\/\/www.organisator.ch\/de\/wp-json\/wp\/v2\/posts\/29379","targetHints":{"allow":["GET"]}}],"collection":[{"href":"https:\/\/www.organisator.ch\/de\/wp-json\/wp\/v2\/posts"}],"about":[{"href":"https:\/\/www.organisator.ch\/de\/wp-json\/wp\/v2\/types\/post"}],"author":[{"embeddable":true,"href":"https:\/\/www.organisator.ch\/de\/wp-json\/wp\/v2\/users\/58"}],"replies":[{"embeddable":true,"href":"https:\/\/www.organisator.ch\/de\/wp-json\/wp\/v2\/comments?post=29379"}],"version-history":[{"count":2,"href":"https:\/\/www.organisator.ch\/de\/wp-json\/wp\/v2\/posts\/29379\/revisions"}],"predecessor-version":[{"id":32003,"href":"https:\/\/www.organisator.ch\/de\/wp-json\/wp\/v2\/posts\/29379\/revisions\/32003"}],"wp:attachment":[{"href":"https:\/\/www.organisator.ch\/de\/wp-json\/wp\/v2\/media?parent=29379"}],"wp:term":[{"taxonomy":"category","embeddable":true,"href":"https:\/\/www.organisator.ch\/de\/wp-json\/wp\/v2\/categories?post=29379"},{"taxonomy":"post_tag","embeddable":true,"href":"https:\/\/www.organisator.ch\/de\/wp-json\/wp\/v2\/tags?post=29379"}],"curies":[{"name":"wp","href":"https:\/\/api.w.org\/{rel}","templated":true}]}}