{"id":29421,"date":"2024-08-29T12:33:17","date_gmt":"2024-08-29T10:33:17","guid":{"rendered":"https:\/\/www.organisator.ch\/?p=29421"},"modified":"2024-08-29T08:23:41","modified_gmt":"2024-08-29T06:23:41","slug":"schweizer-verwaltungsraete-haben-zu-wenig-ki-kompetenz","status":"publish","type":"post","link":"https:\/\/www.organisator.ch\/de\/management\/2024-08-29\/schweizer-verwaltungsraete-haben-zu-wenig-ki-kompetenz\/","title":{"rendered":"Schweizer Verwaltungsr\u00e4te haben zu wenig KI-Kompetenz"},"content":{"rendered":"<figure id=\"attachment_29426\" aria-describedby=\"caption-attachment-29426\" style=\"width: 680px\" class=\"wp-caption alignnone\"><img loading=\"lazy\" decoding=\"async\" class=\"size-full wp-image-29426\" src=\"https:\/\/www.organisator.ch\/wp-content\/uploads\/2024\/08\/Deloitte-Verwaltungsraete_Bild1_ps.jpg\" alt=\"\" width=\"680\" height=\"268\" srcset=\"https:\/\/www.organisator.ch\/wp-content\/uploads\/2024\/08\/Deloitte-Verwaltungsraete_Bild1_ps.jpg 680w, https:\/\/www.organisator.ch\/wp-content\/uploads\/2024\/08\/Deloitte-Verwaltungsraete_Bild1_ps-18x7.jpg 18w, https:\/\/www.organisator.ch\/wp-content\/uploads\/2024\/08\/Deloitte-Verwaltungsraete_Bild1_ps-375x148.jpg 375w\" sizes=\"auto, (max-width: 680px) 100vw, 680px\" \/><figcaption id=\"caption-attachment-29426\" class=\"wp-caption-text\">Bedeutung von generativer KI f\u00fcr Unternehmen und Branchentransformation. (Bild: www.deloitte.com)<\/figcaption><\/figure>\n<p>Wie ein Unternehmen GenAI nutzt und mit den Risiken umgeht, h\u00e4ngt wesentlich von seinem Verwaltungsrat ab. Die meisten Schweizer Firmen nutzen das Potenzial derzeit noch nicht. Zwar besch\u00e4ftigt sich die Mehrheit der Verwaltungsr\u00e4te mit dem Thema, allerdings fehlt es h\u00e4ufig an Wissen und Kenntnissen \u00fcber die wichtigsten Herausforderungen und Risiken. Dies zeigt die halbj\u00e4hrlich von der Verwaltungsratsvereinigung swissVR in Kooperation mit dem Pr\u00fcfungs- und Beratungsunternehmen Deloitte Schweiz und der Hochschule Luzern durchgef\u00fchrte Befragung von knapp 400 Verwaltungsratsmitgliedern.<\/p>\n<p>Dabei ist es f\u00fcr Verwaltungsr\u00e4te wichtig, sich mit dem Thema auseinanderzusetzen und eine klare Strategie f\u00fcr die eigene Firma zu entwickeln. W\u00e4hrend etwa die H\u00e4lfte der befragten VR-Mitglieder der Meinung ist, GenAI sei in den vergangenen zwei Jahren nur etwas wichtiger f\u00fcr ihr Unternehmen geworden, geht ein Viertel von einer stark gestiegenen Bedeutung aus. Mit Blick auf die Zukunft erwarten deutlich weniger als die H\u00e4lfte (39%) der Befragten eine grundlegende Transformation ihrer Branche in den n\u00e4chsten ein bis drei Jahren. Fast ebenso viele (36%) rechnen damit erst in drei oder mehr Jahren.<\/p>\n<p>\u00abViele Verwaltungsr\u00e4te sind sich der zunehmenden Bedeutung von generativer KI bewusst, wie die Ergebnisse des swissVR Monitors deutlich zeigen. Umso wichtiger ist es, dass sich deren Mitglieder mit dieser Technologie und den Folgen f\u00fcr ihre Unternehmen auseinandersetzen\u00bb, sagt Reto Savoia, CEO von Deloitte Schweiz.<\/p>\n<p>Laut einer grossen Mehrheit der befragten VR-Mitglieder fokussieren sich ihre Firmen darauf, mithilfe von GenAI die Effizienz und Produktivit\u00e4t (79%) im Unternehmen zu steigern. Mit deutlichem Abstand folgen Kostenreduktion (43%) oder verbesserte Produkte und Dienstleistungen (40%). Strategische Vorteile wie die Generierung neuer Ideen und Erkenntnisse (34%) oder gesteigerte Innovation (durch neue Produkte) und Wachstum (31%) werden dagegen weniger h\u00e4ufig genannt.<\/p>\n<h3><strong>Besseres Risikomanagement in Kleinunternehmen <\/strong><\/h3>\n<p>F\u00fcr die meisten Befragten (60%) stellen potenziell fehlerhafte Ergebnisse von KI-generierten Inhalten \u2013 das heisst falsche oder verzerrte Informationen und Daten \u2013 die gr\u00f6sste Gefahr f\u00fcr ihre Firmen dar. Auch die Vertraulichkeit und der Schutz von Unternehmens- und Kundendaten beim Einsatz von GenAI sowie das Thema Cybersicherheit bereiten den meisten Verwaltungsratsmitgliedern Sorge.<\/p>\n<figure id=\"attachment_29427\" aria-describedby=\"caption-attachment-29427\" style=\"width: 680px\" class=\"wp-caption alignnone\"><img loading=\"lazy\" decoding=\"async\" class=\"size-full wp-image-29427\" src=\"https:\/\/www.organisator.ch\/wp-content\/uploads\/2024\/08\/Deloitte-Verwaltungsraete_Bild2_ps.jpg\" alt=\"\" width=\"680\" height=\"236\" srcset=\"https:\/\/www.organisator.ch\/wp-content\/uploads\/2024\/08\/Deloitte-Verwaltungsraete_Bild2_ps.jpg 680w, https:\/\/www.organisator.ch\/wp-content\/uploads\/2024\/08\/Deloitte-Verwaltungsraete_Bild2_ps-18x6.jpg 18w, https:\/\/www.organisator.ch\/wp-content\/uploads\/2024\/08\/Deloitte-Verwaltungsraete_Bild2_ps-375x130.jpg 375w\" sizes=\"auto, (max-width: 680px) 100vw, 680px\" \/><figcaption id=\"caption-attachment-29427\" class=\"wp-caption-text\">Herausforderungen und Risiken generativer KI f\u00fcr Unternehmen. (Bild: www.deloitte.com)<\/figcaption><\/figure>\n<p>Wie die Umfrage auch zeigt, nehmen die meisten Unternehmen die Risiken ernst und haben mit einer Reihe von Massnahmen darauf reagiert. So hat die grosse Mehrheit der befragten Unternehmen (86%) interne Audits durchgef\u00fchrt. Rund zwei Drittel (67%) haben Richtlinien erstellt und ihre Mitarbeitenden geschult (61%). Es f\u00e4llt dabei auf, dass wesentlich mehr Kleinunternehmen (77%) als Grossunternehmen (48%) Richtlinien, insbesondere im Hinblick auf die Risiken fehlerhafter Ergebnisse sowie Vertraulichkeit und Datenschutz, in ihren Firmen eingef\u00fchrt haben.<\/p>\n<h3><strong>Kaum menschliche Kontrolle <\/strong><\/h3>\n<p>Trotz des als sehr hoch eingesch\u00e4tzten Risikos fehlerhafter Ergebnisse lassen nur wenige Firmen (17%) alle durch KI generierten Inhalte von mindestens einer Person \u00fcberpr\u00fcfen \u2013 obwohl die menschliche Validierung das wirksamste Mittel w\u00e4re, um Fehler auszuschliessen.<\/p>\n<p>\u00abDie fehlende menschliche Kontrolle stellt eine erhebliche Schwachstelle im Umgang mit generativer KI in Unternehmen dar. Angesichts der Risiken, die KI mit sich bringt, ist es unerl\u00e4sslich, dass Firmen KI-generierte Inhalte durch Mitarbeitende \u00fcberpr\u00fcfen und validieren lassen und der KI nicht einfach blind vertrauen\u00bb, sagt Isabelle Amschwand, Pr\u00e4sidentin von swissVR.<\/p>\n<h3><strong>Verwaltungsr\u00e4te nutzen KI selbst nicht <\/strong><\/h3>\n<p>Die grosse Mehrheit (70%) der befragten Verwaltungsr\u00e4te hat sich zwar im vergangenen Jahr \u2013 meist im Rahmen des Gesamtgremiums \u2013 mit dem Thema besch\u00e4ftigt. Die Umfrage zeigt aber auch, dass die wenigsten VR-Mitglieder KI-Applikationen im Zusammenhang mit ihrem Mandat selbst nutzen \u2013 mehr als die H\u00e4lfte (55%) sogar selten bis nie. Erkl\u00e4ren l\u00e4sst sich dies teilweise durch die oben genannten Risiken. Verwaltungsr\u00e4tinnen und Verwaltungsr\u00e4te von Schweizer Firmen sind der neuen Technologie gegen\u00fcber demnach eher skeptisch eingestellt. Mit einer gr\u00f6sseren Vertrautheit und einem besseren Verst\u00e4ndnis der Technologie k\u00f6nnte sich das Nutzungsverhalten aber deutlich verbessern.<\/p>\n<p>Ein regelm\u00e4ssigeres Reporting der Gesch\u00e4ftsleitung \u00fcber den Einsatz generativer KI im eigenen Unternehmen w\u00fcrde das Verst\u00e4ndnis f\u00fcr die wichtigsten Herausforderungen und Risiken ebenfalls verbessern. Bislang erhalten jedoch drei Viertel der befragten VR-Mitglieder nur selten oder gar kein regelm\u00e4ssiges Reporting dazu.<\/p>\n<p>\u00abErfreulich ist, dass das Thema GenAI in den Verwaltungsr\u00e4ten angekommen ist. Damit diese Technologie zum Erfolg und nicht zur Gefahr wird, m\u00fcssen sie jetzt handeln. Unsere Umfrageergebnisse zeigen insbesondere in Bezug auf die Nutzung von KI-Tools im Rahmen ihres Mandats und im Hinblick auf das erforderliche Fachwissen Optimierungspotenzial\u00bb, betont Brigitte Maranghino-Singer, Dozentin an der Hochschule Luzern am Institut f\u00fcr Finanzdienstleistungen Zug IFZ.<\/p>\n<figure id=\"attachment_29428\" aria-describedby=\"caption-attachment-29428\" style=\"width: 680px\" class=\"wp-caption alignnone\"><img loading=\"lazy\" decoding=\"async\" class=\"size-full wp-image-29428\" src=\"https:\/\/www.organisator.ch\/wp-content\/uploads\/2024\/08\/Deloitte-Verwaltungsaerte_Bild3_ps.jpg\" alt=\"\" width=\"680\" height=\"241\" srcset=\"https:\/\/www.organisator.ch\/wp-content\/uploads\/2024\/08\/Deloitte-Verwaltungsaerte_Bild3_ps.jpg 680w, https:\/\/www.organisator.ch\/wp-content\/uploads\/2024\/08\/Deloitte-Verwaltungsaerte_Bild3_ps-18x6.jpg 18w, https:\/\/www.organisator.ch\/wp-content\/uploads\/2024\/08\/Deloitte-Verwaltungsaerte_Bild3_ps-375x133.jpg 375w\" sizes=\"auto, (max-width: 680px) 100vw, 680px\" \/><figcaption id=\"caption-attachment-29428\" class=\"wp-caption-text\">Einsatz generativer KI-Tools im Rahmen des VR-Mandats. (Bild: www.deloitte.com)<\/figcaption><\/figure>\n<p><em>Quelle: <a href=\"http:\/\/www.deloitte.com\">www.deloitte.com<\/a><\/em><\/p>\n","protected":false},"excerpt":{"rendered":"<p>Die meisten Schweizer Unternehmen und auch deren Verwaltungsr\u00e4te sch\u00f6pfen das Potenzial generativer k\u00fcnstlicher Intelligenz (GenAI) nicht voll aus. Der neue swissVR Monitor zeigt, dass das Thema in den obersten Firmengremien angekommen ist. Es fehlt jedoch nach wie vor an Fachwissen und an Kenntnis \u00fcber die wichtigsten Herausforderungen und Risiken f\u00fcr das eigene Unternehmen. <\/p>\n","protected":false},"author":58,"featured_media":29426,"comment_status":"closed","ping_status":"closed","sticky":false,"template":"","format":"standard","meta":{"_acf_changed":false,"_yoast_wpseo_focuskw":"Verwaltungsr\u00e4te","_yoast_wpseo_metadesc":"Die meisten Schweizer Unternehmen und auch deren Verwaltungsr\u00e4te sch\u00f6pfen das Potenzial generativer k\u00fcnstlicher Intelligenz nicht voll aus.","articlekey":"","footnotes":""},"categories":[28],"tags":[298,334,4436,492,513],"class_list":["post-29421","post","type-post","status-publish","format-standard","has-post-thumbnail","hentry","category-management","tag-ki","tag-management","tag-swissvr","tag-unternehmen","tag-verwaltungsraete"],"acf":[],"yoast_head":"<!-- This site is optimized with the Yoast SEO plugin v27.4 - https:\/\/yoast.com\/product\/yoast-seo-wordpress\/ -->\n<title>Schweizer Verwaltungsr\u00e4te haben zu wenig KI-Kompetenz - Organisator<\/title>\n<meta name=\"description\" content=\"Die meisten Schweizer Unternehmen und auch deren Verwaltungsr\u00e4te sch\u00f6pfen das Potenzial generativer k\u00fcnstlicher Intelligenz nicht voll aus.\" \/>\n<meta name=\"robots\" content=\"index, follow, max-snippet:-1, max-image-preview:large, max-video-preview:-1\" \/>\n<link rel=\"canonical\" href=\"https:\/\/www.organisator.ch\/de\/management\/2024-08-29\/schweizer-verwaltungsraete-haben-zu-wenig-ki-kompetenz\/\" \/>\n<meta property=\"og:locale\" content=\"de_DE\" \/>\n<meta property=\"og:type\" content=\"article\" \/>\n<meta property=\"og:title\" content=\"Schweizer Verwaltungsr\u00e4te haben zu wenig KI-Kompetenz\" \/>\n<meta property=\"og:description\" content=\"Die meisten Schweizer Unternehmen und auch deren Verwaltungsr\u00e4te sch\u00f6pfen das Potenzial generativer k\u00fcnstlicher Intelligenz nicht voll aus.\" \/>\n<meta property=\"og:url\" content=\"https:\/\/www.organisator.ch\/de\/management\/2024-08-29\/schweizer-verwaltungsraete-haben-zu-wenig-ki-kompetenz\/\" \/>\n<meta property=\"og:site_name\" content=\"Organisator\" \/>\n<meta property=\"article:publisher\" content=\"https:\/\/www.facebook.com\/OrganisatorFachmagazin\" \/>\n<meta property=\"article:published_time\" content=\"2024-08-29T10:33:17+00:00\" \/>\n<meta property=\"og:image\" content=\"https:\/\/www.organisator.ch\/wp-content\/uploads\/2024\/08\/Deloitte-Verwaltungsraete_Bild1_ps.jpg\" \/>\n\t<meta property=\"og:image:width\" content=\"680\" \/>\n\t<meta property=\"og:image:height\" content=\"268\" \/>\n\t<meta property=\"og:image:type\" content=\"image\/jpeg\" \/>\n<meta name=\"author\" content=\"Adelisa Kalajdzini\" \/>\n<meta name=\"twitter:card\" content=\"summary_large_image\" \/>\n<meta name=\"twitter:title\" content=\"Schweizer Verwaltungsr\u00e4te haben zu wenig KI-Kompetenz\" \/>\n<meta name=\"twitter:description\" content=\"Die meisten #Schweizer #Unternehmen und auch deren #Verwaltungsr\u00e4te sch\u00f6pfen das Potenzial #generativer #k\u00fcnstlicher #Intelligenz nicht voll aus.\" \/>\n<meta name=\"twitter:image\" content=\"https:\/\/www.organisator.ch\/wp-content\/uploads\/2024\/08\/Deloitte-Verwaltungsraete_Bild1_ps.jpg\" \/>\n<script type=\"application\/ld+json\" class=\"yoast-schema-graph\">{\"@context\":\"https:\\\/\\\/schema.org\",\"@graph\":[{\"@type\":\"Article\",\"@id\":\"https:\\\/\\\/www.organisator.ch\\\/management\\\/2024-08-29\\\/schweizer-verwaltungsraete-haben-zu-wenig-ki-kompetenz\\\/#article\",\"isPartOf\":{\"@id\":\"https:\\\/\\\/www.organisator.ch\\\/management\\\/2024-08-29\\\/schweizer-verwaltungsraete-haben-zu-wenig-ki-kompetenz\\\/\"},\"author\":{\"name\":\"Adelisa Kalajdzini\",\"@id\":\"https:\\\/\\\/www.organisator.ch\\\/#\\\/schema\\\/person\\\/2e1314a2172123f874db408d8911d3f3\"},\"headline\":\"Schweizer Verwaltungsr\u00e4te haben zu wenig KI-Kompetenz\",\"datePublished\":\"2024-08-29T10:33:17+00:00\",\"mainEntityOfPage\":{\"@id\":\"https:\\\/\\\/www.organisator.ch\\\/management\\\/2024-08-29\\\/schweizer-verwaltungsraete-haben-zu-wenig-ki-kompetenz\\\/\"},\"wordCount\":790,\"publisher\":{\"@id\":\"https:\\\/\\\/www.organisator.ch\\\/#organization\"},\"image\":{\"@id\":\"https:\\\/\\\/www.organisator.ch\\\/management\\\/2024-08-29\\\/schweizer-verwaltungsraete-haben-zu-wenig-ki-kompetenz\\\/#primaryimage\"},\"thumbnailUrl\":\"https:\\\/\\\/www.organisator.ch\\\/wp-content\\\/uploads\\\/2024\\\/08\\\/Deloitte-Verwaltungsraete_Bild1_ps.jpg\",\"keywords\":[\"KI\",\"Management\",\"SwissVR\",\"Unternehmen\",\"Verwaltungsr\u00e4te\"],\"articleSection\":[\"MANAGEMENT\"],\"inLanguage\":\"de\"},{\"@type\":\"WebPage\",\"@id\":\"https:\\\/\\\/www.organisator.ch\\\/management\\\/2024-08-29\\\/schweizer-verwaltungsraete-haben-zu-wenig-ki-kompetenz\\\/\",\"url\":\"https:\\\/\\\/www.organisator.ch\\\/management\\\/2024-08-29\\\/schweizer-verwaltungsraete-haben-zu-wenig-ki-kompetenz\\\/\",\"name\":\"Schweizer Verwaltungsr\u00e4te haben zu wenig KI-Kompetenz - Organisator\",\"isPartOf\":{\"@id\":\"https:\\\/\\\/www.organisator.ch\\\/#website\"},\"primaryImageOfPage\":{\"@id\":\"https:\\\/\\\/www.organisator.ch\\\/management\\\/2024-08-29\\\/schweizer-verwaltungsraete-haben-zu-wenig-ki-kompetenz\\\/#primaryimage\"},\"image\":{\"@id\":\"https:\\\/\\\/www.organisator.ch\\\/management\\\/2024-08-29\\\/schweizer-verwaltungsraete-haben-zu-wenig-ki-kompetenz\\\/#primaryimage\"},\"thumbnailUrl\":\"https:\\\/\\\/www.organisator.ch\\\/wp-content\\\/uploads\\\/2024\\\/08\\\/Deloitte-Verwaltungsraete_Bild1_ps.jpg\",\"datePublished\":\"2024-08-29T10:33:17+00:00\",\"description\":\"Die meisten Schweizer Unternehmen und auch deren Verwaltungsr\u00e4te sch\u00f6pfen das Potenzial generativer k\u00fcnstlicher Intelligenz nicht voll aus.\",\"breadcrumb\":{\"@id\":\"https:\\\/\\\/www.organisator.ch\\\/management\\\/2024-08-29\\\/schweizer-verwaltungsraete-haben-zu-wenig-ki-kompetenz\\\/#breadcrumb\"},\"inLanguage\":\"de\",\"potentialAction\":[{\"@type\":\"ReadAction\",\"target\":[\"https:\\\/\\\/www.organisator.ch\\\/management\\\/2024-08-29\\\/schweizer-verwaltungsraete-haben-zu-wenig-ki-kompetenz\\\/\"]}]},{\"@type\":\"ImageObject\",\"inLanguage\":\"de\",\"@id\":\"https:\\\/\\\/www.organisator.ch\\\/management\\\/2024-08-29\\\/schweizer-verwaltungsraete-haben-zu-wenig-ki-kompetenz\\\/#primaryimage\",\"url\":\"https:\\\/\\\/www.organisator.ch\\\/wp-content\\\/uploads\\\/2024\\\/08\\\/Deloitte-Verwaltungsraete_Bild1_ps.jpg\",\"contentUrl\":\"https:\\\/\\\/www.organisator.ch\\\/wp-content\\\/uploads\\\/2024\\\/08\\\/Deloitte-Verwaltungsraete_Bild1_ps.jpg\",\"width\":680,\"height\":268,\"caption\":\"Bedeutung von generativer KI f\u00fcr Unternehmen und Branchentransformation. (Bild: www.deloitte.com)\"},{\"@type\":\"BreadcrumbList\",\"@id\":\"https:\\\/\\\/www.organisator.ch\\\/management\\\/2024-08-29\\\/schweizer-verwaltungsraete-haben-zu-wenig-ki-kompetenz\\\/#breadcrumb\",\"itemListElement\":[{\"@type\":\"ListItem\",\"position\":1,\"name\":\"Home\",\"item\":\"https:\\\/\\\/www.organisator.ch\\\/\"},{\"@type\":\"ListItem\",\"position\":2,\"name\":\"Schweizer Verwaltungsr\u00e4te haben zu wenig KI-Kompetenz\"}]},{\"@type\":\"WebSite\",\"@id\":\"https:\\\/\\\/www.organisator.ch\\\/#website\",\"url\":\"https:\\\/\\\/www.organisator.ch\\\/\",\"name\":\"Organisator\",\"description\":\"Kompetent. Praxisnah. Der ORGANISATOR bereitet in 10 Ausgaben pro Jahr die wesentlichen Themen f\u00fcr F\u00fchrungskr\u00e4fte von KMU auf.\",\"publisher\":{\"@id\":\"https:\\\/\\\/www.organisator.ch\\\/#organization\"},\"potentialAction\":[{\"@type\":\"SearchAction\",\"target\":{\"@type\":\"EntryPoint\",\"urlTemplate\":\"https:\\\/\\\/www.organisator.ch\\\/?s={search_term_string}\"},\"query-input\":{\"@type\":\"PropertyValueSpecification\",\"valueRequired\":true,\"valueName\":\"search_term_string\"}}],\"inLanguage\":\"de\"},{\"@type\":\"Organization\",\"@id\":\"https:\\\/\\\/www.organisator.ch\\\/#organization\",\"name\":\"Organisator\",\"url\":\"https:\\\/\\\/www.organisator.ch\\\/\",\"logo\":{\"@type\":\"ImageObject\",\"inLanguage\":\"de\",\"@id\":\"https:\\\/\\\/www.organisator.ch\\\/#\\\/schema\\\/logo\\\/image\\\/\",\"url\":\"https:\\\/\\\/www.organisator.ch\\\/wp-content\\\/uploads\\\/2022\\\/01\\\/Logo_Organisator_Website.png\",\"contentUrl\":\"https:\\\/\\\/www.organisator.ch\\\/wp-content\\\/uploads\\\/2022\\\/01\\\/Logo_Organisator_Website.png\",\"width\":800,\"height\":77,\"caption\":\"Organisator\"},\"image\":{\"@id\":\"https:\\\/\\\/www.organisator.ch\\\/#\\\/schema\\\/logo\\\/image\\\/\"},\"sameAs\":[\"https:\\\/\\\/www.facebook.com\\\/OrganisatorFachmagazin\",\"https:\\\/\\\/www.linkedin.com\\\/showcase\\\/organisator-das-magazin-fr-kmu\",\"https:\\\/\\\/www.xing.com\\\/news\\\/pages\\\/organisator-ch-695\",\"https:\\\/\\\/www.youtube.com\\\/channel\\\/UCGP2Sq0iWaZwT3BdIAQFYpw\"]},{\"@type\":\"Person\",\"@id\":\"https:\\\/\\\/www.organisator.ch\\\/#\\\/schema\\\/person\\\/2e1314a2172123f874db408d8911d3f3\",\"name\":\"Adelisa Kalajdzini\",\"image\":{\"@type\":\"ImageObject\",\"inLanguage\":\"de\",\"@id\":\"https:\\\/\\\/secure.gravatar.com\\\/avatar\\\/09a397c22ac58cad6f160ee8306348599df9df58a8ede73696226897b9fa4b24?s=96&d=mm&r=g\",\"url\":\"https:\\\/\\\/secure.gravatar.com\\\/avatar\\\/09a397c22ac58cad6f160ee8306348599df9df58a8ede73696226897b9fa4b24?s=96&d=mm&r=g\",\"contentUrl\":\"https:\\\/\\\/secure.gravatar.com\\\/avatar\\\/09a397c22ac58cad6f160ee8306348599df9df58a8ede73696226897b9fa4b24?s=96&d=mm&r=g\",\"caption\":\"Adelisa Kalajdzini\"},\"url\":\"https:\\\/\\\/www.organisator.ch\\\/de\\\/author\\\/adelisa-kalajdzini\\\/\"}]}<\/script>\n<!-- \/ Yoast SEO plugin. -->","yoast_head_json":{"title":"Schweizer Verwaltungsr\u00e4te haben zu wenig KI-Kompetenz - Organisator","description":"Die meisten Schweizer Unternehmen und auch deren Verwaltungsr\u00e4te sch\u00f6pfen das Potenzial generativer k\u00fcnstlicher Intelligenz nicht voll aus.","robots":{"index":"index","follow":"follow","max-snippet":"max-snippet:-1","max-image-preview":"max-image-preview:large","max-video-preview":"max-video-preview:-1"},"canonical":"https:\/\/www.organisator.ch\/de\/management\/2024-08-29\/schweizer-verwaltungsraete-haben-zu-wenig-ki-kompetenz\/","og_locale":"de_DE","og_type":"article","og_title":"Schweizer Verwaltungsr\u00e4te haben zu wenig KI-Kompetenz","og_description":"Die meisten Schweizer Unternehmen und auch deren Verwaltungsr\u00e4te sch\u00f6pfen das Potenzial generativer k\u00fcnstlicher Intelligenz nicht voll aus.","og_url":"https:\/\/www.organisator.ch\/de\/management\/2024-08-29\/schweizer-verwaltungsraete-haben-zu-wenig-ki-kompetenz\/","og_site_name":"Organisator","article_publisher":"https:\/\/www.facebook.com\/OrganisatorFachmagazin","article_published_time":"2024-08-29T10:33:17+00:00","og_image":[{"width":680,"height":268,"url":"https:\/\/www.organisator.ch\/wp-content\/uploads\/2024\/08\/Deloitte-Verwaltungsraete_Bild1_ps.jpg","type":"image\/jpeg"}],"author":"Adelisa Kalajdzini","twitter_card":"summary_large_image","twitter_title":"Schweizer Verwaltungsr\u00e4te haben zu wenig KI-Kompetenz","twitter_description":"Die meisten #Schweizer #Unternehmen und auch deren #Verwaltungsr\u00e4te sch\u00f6pfen das Potenzial #generativer #k\u00fcnstlicher #Intelligenz nicht voll aus.","twitter_image":"https:\/\/www.organisator.ch\/wp-content\/uploads\/2024\/08\/Deloitte-Verwaltungsraete_Bild1_ps.jpg","schema":{"@context":"https:\/\/schema.org","@graph":[{"@type":"Article","@id":"https:\/\/www.organisator.ch\/management\/2024-08-29\/schweizer-verwaltungsraete-haben-zu-wenig-ki-kompetenz\/#article","isPartOf":{"@id":"https:\/\/www.organisator.ch\/management\/2024-08-29\/schweizer-verwaltungsraete-haben-zu-wenig-ki-kompetenz\/"},"author":{"name":"Adelisa Kalajdzini","@id":"https:\/\/www.organisator.ch\/#\/schema\/person\/2e1314a2172123f874db408d8911d3f3"},"headline":"Schweizer Verwaltungsr\u00e4te haben zu wenig KI-Kompetenz","datePublished":"2024-08-29T10:33:17+00:00","mainEntityOfPage":{"@id":"https:\/\/www.organisator.ch\/management\/2024-08-29\/schweizer-verwaltungsraete-haben-zu-wenig-ki-kompetenz\/"},"wordCount":790,"publisher":{"@id":"https:\/\/www.organisator.ch\/#organization"},"image":{"@id":"https:\/\/www.organisator.ch\/management\/2024-08-29\/schweizer-verwaltungsraete-haben-zu-wenig-ki-kompetenz\/#primaryimage"},"thumbnailUrl":"https:\/\/www.organisator.ch\/wp-content\/uploads\/2024\/08\/Deloitte-Verwaltungsraete_Bild1_ps.jpg","keywords":["KI","Management","SwissVR","Unternehmen","Verwaltungsr\u00e4te"],"articleSection":["MANAGEMENT"],"inLanguage":"de"},{"@type":"WebPage","@id":"https:\/\/www.organisator.ch\/management\/2024-08-29\/schweizer-verwaltungsraete-haben-zu-wenig-ki-kompetenz\/","url":"https:\/\/www.organisator.ch\/management\/2024-08-29\/schweizer-verwaltungsraete-haben-zu-wenig-ki-kompetenz\/","name":"Schweizer Verwaltungsr\u00e4te haben zu wenig KI-Kompetenz - Organisator","isPartOf":{"@id":"https:\/\/www.organisator.ch\/#website"},"primaryImageOfPage":{"@id":"https:\/\/www.organisator.ch\/management\/2024-08-29\/schweizer-verwaltungsraete-haben-zu-wenig-ki-kompetenz\/#primaryimage"},"image":{"@id":"https:\/\/www.organisator.ch\/management\/2024-08-29\/schweizer-verwaltungsraete-haben-zu-wenig-ki-kompetenz\/#primaryimage"},"thumbnailUrl":"https:\/\/www.organisator.ch\/wp-content\/uploads\/2024\/08\/Deloitte-Verwaltungsraete_Bild1_ps.jpg","datePublished":"2024-08-29T10:33:17+00:00","description":"Die meisten Schweizer Unternehmen und auch deren Verwaltungsr\u00e4te sch\u00f6pfen das Potenzial generativer k\u00fcnstlicher Intelligenz nicht voll aus.","breadcrumb":{"@id":"https:\/\/www.organisator.ch\/management\/2024-08-29\/schweizer-verwaltungsraete-haben-zu-wenig-ki-kompetenz\/#breadcrumb"},"inLanguage":"de","potentialAction":[{"@type":"ReadAction","target":["https:\/\/www.organisator.ch\/management\/2024-08-29\/schweizer-verwaltungsraete-haben-zu-wenig-ki-kompetenz\/"]}]},{"@type":"ImageObject","inLanguage":"de","@id":"https:\/\/www.organisator.ch\/management\/2024-08-29\/schweizer-verwaltungsraete-haben-zu-wenig-ki-kompetenz\/#primaryimage","url":"https:\/\/www.organisator.ch\/wp-content\/uploads\/2024\/08\/Deloitte-Verwaltungsraete_Bild1_ps.jpg","contentUrl":"https:\/\/www.organisator.ch\/wp-content\/uploads\/2024\/08\/Deloitte-Verwaltungsraete_Bild1_ps.jpg","width":680,"height":268,"caption":"Bedeutung von generativer KI f\u00fcr Unternehmen und Branchentransformation. (Bild: www.deloitte.com)"},{"@type":"BreadcrumbList","@id":"https:\/\/www.organisator.ch\/management\/2024-08-29\/schweizer-verwaltungsraete-haben-zu-wenig-ki-kompetenz\/#breadcrumb","itemListElement":[{"@type":"ListItem","position":1,"name":"Home","item":"https:\/\/www.organisator.ch\/"},{"@type":"ListItem","position":2,"name":"Schweizer Verwaltungsr\u00e4te haben zu wenig KI-Kompetenz"}]},{"@type":"WebSite","@id":"https:\/\/www.organisator.ch\/#website","url":"https:\/\/www.organisator.ch\/","name":"Organisator","description":"Kompetent. Praxisnah. Der ORGANISATOR bereitet in 10 Ausgaben pro Jahr die wesentlichen Themen f\u00fcr F\u00fchrungskr\u00e4fte von KMU auf.","publisher":{"@id":"https:\/\/www.organisator.ch\/#organization"},"potentialAction":[{"@type":"SearchAction","target":{"@type":"EntryPoint","urlTemplate":"https:\/\/www.organisator.ch\/?s={search_term_string}"},"query-input":{"@type":"PropertyValueSpecification","valueRequired":true,"valueName":"search_term_string"}}],"inLanguage":"de"},{"@type":"Organization","@id":"https:\/\/www.organisator.ch\/#organization","name":"Organisator","url":"https:\/\/www.organisator.ch\/","logo":{"@type":"ImageObject","inLanguage":"de","@id":"https:\/\/www.organisator.ch\/#\/schema\/logo\/image\/","url":"https:\/\/www.organisator.ch\/wp-content\/uploads\/2022\/01\/Logo_Organisator_Website.png","contentUrl":"https:\/\/www.organisator.ch\/wp-content\/uploads\/2022\/01\/Logo_Organisator_Website.png","width":800,"height":77,"caption":"Organisator"},"image":{"@id":"https:\/\/www.organisator.ch\/#\/schema\/logo\/image\/"},"sameAs":["https:\/\/www.facebook.com\/OrganisatorFachmagazin","https:\/\/www.linkedin.com\/showcase\/organisator-das-magazin-fr-kmu","https:\/\/www.xing.com\/news\/pages\/organisator-ch-695","https:\/\/www.youtube.com\/channel\/UCGP2Sq0iWaZwT3BdIAQFYpw"]},{"@type":"Person","@id":"https:\/\/www.organisator.ch\/#\/schema\/person\/2e1314a2172123f874db408d8911d3f3","name":"Adelisa Kalajdzini","image":{"@type":"ImageObject","inLanguage":"de","@id":"https:\/\/secure.gravatar.com\/avatar\/09a397c22ac58cad6f160ee8306348599df9df58a8ede73696226897b9fa4b24?s=96&d=mm&r=g","url":"https:\/\/secure.gravatar.com\/avatar\/09a397c22ac58cad6f160ee8306348599df9df58a8ede73696226897b9fa4b24?s=96&d=mm&r=g","contentUrl":"https:\/\/secure.gravatar.com\/avatar\/09a397c22ac58cad6f160ee8306348599df9df58a8ede73696226897b9fa4b24?s=96&d=mm&r=g","caption":"Adelisa Kalajdzini"},"url":"https:\/\/www.organisator.ch\/de\/author\/adelisa-kalajdzini\/"}]}},"_links":{"self":[{"href":"https:\/\/www.organisator.ch\/de\/wp-json\/wp\/v2\/posts\/29421","targetHints":{"allow":["GET"]}}],"collection":[{"href":"https:\/\/www.organisator.ch\/de\/wp-json\/wp\/v2\/posts"}],"about":[{"href":"https:\/\/www.organisator.ch\/de\/wp-json\/wp\/v2\/types\/post"}],"author":[{"embeddable":true,"href":"https:\/\/www.organisator.ch\/de\/wp-json\/wp\/v2\/users\/58"}],"replies":[{"embeddable":true,"href":"https:\/\/www.organisator.ch\/de\/wp-json\/wp\/v2\/comments?post=29421"}],"version-history":[{"count":3,"href":"https:\/\/www.organisator.ch\/de\/wp-json\/wp\/v2\/posts\/29421\/revisions"}],"predecessor-version":[{"id":29449,"href":"https:\/\/www.organisator.ch\/de\/wp-json\/wp\/v2\/posts\/29421\/revisions\/29449"}],"wp:featuredmedia":[{"embeddable":true,"href":"https:\/\/www.organisator.ch\/de\/wp-json\/wp\/v2\/media\/29426"}],"wp:attachment":[{"href":"https:\/\/www.organisator.ch\/de\/wp-json\/wp\/v2\/media?parent=29421"}],"wp:term":[{"taxonomy":"category","embeddable":true,"href":"https:\/\/www.organisator.ch\/de\/wp-json\/wp\/v2\/categories?post=29421"},{"taxonomy":"post_tag","embeddable":true,"href":"https:\/\/www.organisator.ch\/de\/wp-json\/wp\/v2\/tags?post=29421"}],"curies":[{"name":"wp","href":"https:\/\/api.w.org\/{rel}","templated":true}]}}