{"id":29461,"date":"2024-08-30T11:18:38","date_gmt":"2024-08-30T09:18:38","guid":{"rendered":"https:\/\/www.organisator.ch\/?p=29461"},"modified":"2024-08-30T11:18:38","modified_gmt":"2024-08-30T09:18:38","slug":"sges-2024-welche-konflikte-hinter-den-vielen-guten-absichten-lauern","status":"publish","type":"post","link":"https:\/\/www.organisator.ch\/de\/sustainability\/2024-08-30\/sges-2024-welche-konflikte-hinter-den-vielen-guten-absichten-lauern\/","title":{"rendered":"SGES 2024: Welche Konflikte hinter den vielen guten Absichten lauern"},"content":{"rendered":"<figure id=\"attachment_29462\" aria-describedby=\"caption-attachment-29462\" style=\"width: 680px\" class=\"wp-caption alignnone\"><img loading=\"lazy\" decoding=\"async\" class=\"size-full wp-image-29462\" src=\"https:\/\/www.organisator.ch\/wp-content\/uploads\/2024\/08\/SGES-2024-Welche-Konflikte-hinter-den-vielen-guten-Absichten-lauern-1_Organisator.jpg\" alt=\"\" width=\"680\" height=\"452\" srcset=\"https:\/\/www.organisator.ch\/wp-content\/uploads\/2024\/08\/SGES-2024-Welche-Konflikte-hinter-den-vielen-guten-Absichten-lauern-1_Organisator.jpg 680w, https:\/\/www.organisator.ch\/wp-content\/uploads\/2024\/08\/SGES-2024-Welche-Konflikte-hinter-den-vielen-guten-Absichten-lauern-1_Organisator-18x12.jpg 18w, https:\/\/www.organisator.ch\/wp-content\/uploads\/2024\/08\/SGES-2024-Welche-Konflikte-hinter-den-vielen-guten-Absichten-lauern-1_Organisator-375x249.jpg 375w, https:\/\/www.organisator.ch\/wp-content\/uploads\/2024\/08\/SGES-2024-Welche-Konflikte-hinter-den-vielen-guten-Absichten-lauern-1_Organisator-527x350.jpg 527w\" sizes=\"auto, (max-width: 680px) 100vw, 680px\" \/><figcaption id=\"caption-attachment-29462\" class=\"wp-caption-text\">Biodiversit\u00e4t im Fokus des SGES 2024: V.l.n.r. Marco Lambertini (Nature Positive Initiative, stehend), Stewart Maginnis (IUCN), Jay O&#8217;Nien (B\u00fchler Group), Prof. Dr. Michael Schaepman (Universit\u00e4t Z\u00fcrich) und Moderator Antonio Hautle (UN Global Compact Network, Moderation). (Bild: Thomas Berner)<\/figcaption><\/figure>\n<p>Kriege, Klimawandel, Verlust von Biodiversit\u00e4t, aber auch mehr Nachhaltigkeit und Impact: Diese Stichworte waren allgegenw\u00e4rtig am diesj\u00e4hrigen SGES. Die globalen Probleme, die es zu l\u00f6sen gilt, sind gewaltig, und allm\u00e4hlich scheint uns die Zeit davonzurennen. Die 17 Nachhaltigkeitsziele der UNO sind zwar immer noch Richtschnur f\u00fcr politische, wirtschaftliche und gesellschaftliche Akteure, doch bei der Umsetzung zeigen sich immer mehr auch Konfliktherde. Nur schon die Abstimmung \u00fcber die Biodiversit\u00e4ts-Initiative vom 22. September 2024 ist ein solches Beispiel. Gegner, wie etwa die Landwirtschaft, und Bef\u00fcrworter aus Wissenschafts- und Naturschutzkreisen \u00fcberbieten sich mit Argumenten pro oder contra. In einer Podiumsdiskussion zeigte Prof. Dr. Michael Schaepman von der Universit\u00e4t Z\u00fcrich ein weiteres Beispiel f\u00fcr einen (m\u00f6glichen) Konflikt hinter der Biodiversit\u00e4ts-Diskussion auf: Die Agrarpflanze Mais etwa ist nicht einheimisch, gilt aber trotzdem als nicht-invasiv, im Gegensatz etwa zum Kirschlorbeer, der als Gartenpflanze inzwischen mit einem Verkaufsverbot belegt wurde. Den Mais zu verbieten k\u00e4me hingegen wohl niemandem in den Sinn\u2026<\/p>\n<h3><strong>Biodiversit\u00e4t noch mehr in den Fokus r\u00fccken<\/strong><\/h3>\n<p>Das Thema Biodiversit\u00e4t lieferte am SGES 2024 neue Aspekte. Aufgezeigt wurde, dass man Klimaschutz und Biodiversit\u00e4t nicht isoliert voneinander betrachten darf. Marco Lambertini von der Nature Positive Initiative forderte die Abkehr von \u00abNet Zero\u00bb hin zu \u00abNet Positive\u00bb. Hinter seiner Initiative steht \u2013 wie f\u00fcr die CO2-Neutralit\u00e4t \u2013 ein zeitlich definiertes Ziel f\u00fcr die Natur, um den Artenverlust aufzuhalten und umzukehren, um die Klimaschutzmassnahmen und die Ziele f\u00fcr nachhaltige Entwicklung zu unterst\u00fctzen. Stewart Maginnis von der International Union for Conservation of Nature IUCN nahm dabei vor allem L\u00e4nder wie die Schweiz in die Pflicht: Denn trotz ihrer Bem\u00fchungen f\u00fcr den Erhalt von Biodiversit\u00e4t im eigenen Land bleibt der globale Fussabdruck immer noch gross. Es brauche einen Wechsel im Mindset und man m\u00fcsse die Natur noch mehr in den Fokus r\u00fccken, so die Haltung der Podiums-Teilnehmer. Man m\u00fcsse zun\u00e4chst aber noch besser verstehen, welchen Einfluss der Mensch auf die Biodiversit\u00e4t hat und darauf aufbauend einen Plan entwickeln, wie dieser Einfluss gesteuert werden k\u00f6nne. Da mag f\u00fcr den aussenstehenden Betrachter durchaus die Frage aufkommen: Haben wir noch die Zeit dazu? Und welche Konflikte m\u00fcssen wir da in Kauf nehmen? Denn ebenfalls aufgezeigt wurde in der Diskussion, dass jede Regulierung immer auch Auswirkungen hat, die zu Ungleichheiten in der Gesellschaft f\u00fchren k\u00f6nnen.<\/p>\n<h3><strong>Werkzeuge f\u00fcr die Agenda 2030<\/strong><\/h3>\n<p>Die Schweiz, die sich gerne als Vorbild sieht, wenn es um die Einhaltung von Menschenrechten oder den Schutz der Natur geht, steht allerdings auf dem Weg zur Erreichung der 17 UNO-Nachhaltigkeitszielen nicht da, wo sie stehen sollte. Dies zeigte Daniel Dubas, Delegierter des Bundesrates f\u00fcr die Agenda 2030. \u00abDie Richtung stimmt, aber die Geschwindigkeit nicht\u00bb, sagte er. Man habe zwar Fortschritte bei der Armutsbek\u00e4mpfung gemacht, doch bei anderen Zielen komme es zu Stagnation oder gar R\u00fcckschritten, so Dubas weiter. Der Bundesrat verfolgt aber weiter die Schwerpunkte Nachhaltiger Konsum, Biodiversit\u00e4t und Chancengleichheit. Daniel Dubas wies auch auf die wichtige Rolle der Wirtschaft hin. Um den Unternehmen Hilfestellung bei der Umsetzung der Agenda 2030 zu geben, wurde vom Bundesamt f\u00fcr Raumentwicklung zusammen mit Partnern eine Toolbox (<a href=\"https:\/\/toolbox-agenda2030.ch\/de\/\">https:\/\/toolbox-agenda2030.ch\/de\/<\/a>) entwickelt. Diese wurde 2023 lanciert und hat zum Ziel, vorhandenes Wissen unter Unternehmen zu teilen. Sie richtet sich in erster Linie an Unternehmen, die konkret mehr f\u00fcr den Klimaschutz tun wollen, dabei aber erst am Anfang stehen.<\/p>\n<figure id=\"attachment_29463\" aria-describedby=\"caption-attachment-29463\" style=\"width: 680px\" class=\"wp-caption alignnone\"><img loading=\"lazy\" decoding=\"async\" class=\"size-full wp-image-29463\" src=\"https:\/\/www.organisator.ch\/wp-content\/uploads\/2024\/08\/SGES-2024-Welche-Konflikte-hinter-den-vielen-guten-Absichten-lauern-2_Organisator.jpg\" alt=\"\" width=\"680\" height=\"394\" srcset=\"https:\/\/www.organisator.ch\/wp-content\/uploads\/2024\/08\/SGES-2024-Welche-Konflikte-hinter-den-vielen-guten-Absichten-lauern-2_Organisator.jpg 680w, https:\/\/www.organisator.ch\/wp-content\/uploads\/2024\/08\/SGES-2024-Welche-Konflikte-hinter-den-vielen-guten-Absichten-lauern-2_Organisator-18x10.jpg 18w, https:\/\/www.organisator.ch\/wp-content\/uploads\/2024\/08\/SGES-2024-Welche-Konflikte-hinter-den-vielen-guten-Absichten-lauern-2_Organisator-375x217.jpg 375w, https:\/\/www.organisator.ch\/wp-content\/uploads\/2024\/08\/SGES-2024-Welche-Konflikte-hinter-den-vielen-guten-Absichten-lauern-2_Organisator-604x350.jpg 604w\" sizes=\"auto, (max-width: 680px) 100vw, 680px\" \/><figcaption id=\"caption-attachment-29463\" class=\"wp-caption-text\">Noch gar nicht alles im &#8222;gr\u00fcnen Bereich&#8220; mit den Nachhaltigkeitszielen: Daniel Dubas, Delegierter des Bundesrates f\u00fcr Agenda 2030. (Bild: Thomas Berner)<\/figcaption><\/figure>\n<h3><strong>Kreislaufwirtschaft: Akzeptiert, doch es bleibt noch viel zu tun<\/strong><\/h3>\n<p>Nicht fehlen durfte am SGES 2024 auch das Thema Kreislaufwirtschaft, etwa im Zusammenhang mit dem Recycling von Batterien aus Elektrofahrzeugen. Julian Proelss von BASF rechnete vor, dass Elektrofahrzeuge \u2013 betrachtet \u00fcber den ganzen Lebenszyklus \u2013 70 Prozent weniger CO2 ausstossen als Verbrenner. Allerdings sind gerade die Batterien in der Herstellung grosse \u00abCO2-Schleudern\u00bb, weil sie viele aufw\u00e4ndig abzubauende Metalle ben\u00f6tigen. Mit dem Recycling dieser Materialien w\u00fcrde der CO2-Fussabdruck um 60 Prozent kleiner, so Proelss. Die anschliessende Podiumsdiskussion mit Nationalrat Matthias Jauslin, Rahel Galliker (Vizedirektorin BAFU), Pia Guggenb\u00fchl (Branchenverband scienceindustries) und Esther Laabs (WWF Deutschland) zeigte, dass die Kreislaufwirtschaft insgesamt wenig umstritten ist. Unter den Schweizer Unternehmen gibt es gem\u00e4ss einer vom BAFU und Seco in Auftrag gegebenen Studie diverse Pionier-Unternehmen in Sachen zirkul\u00e4rer Wirtschaft. Bei einem Grossteil der Unternehmen stehe man aber diesbez\u00fcglich erst am Anfang. Pia Guggenb\u00fchl: \u00abEs ist ein Aufbruch im Gange\u00bb &#8211; dies allein schon wegen dem wirtschaftlichen Druck infolge schwindender Ressourcen. Und besteht auch regulatorischer Druck? Ja, denn die EU bringt derzeit ein neues Kreislaufwirtschaftsgesetz auf den Weg. Julian Proelss bedauert aber, dass viele Regularien zum Teil technisch unrealistische Forderungen beinhalten. Umso wichtiger sei deshalb der Dialog zwischen den Anspruchsgruppen, so die einhellige Meinung der Podiumsteilnehmenden. \u00abDer Schutz der Umwelt und der Nutzen f\u00fcr Kunden sollen sich nicht ausschliessen\u00bb, so die Meinung von Matthias Jauslin hinsichtlich der sich h\u00e4ufig abzeichnenden Zielkonflikte.<\/p>\n<h3><strong>Lieferketten: Es geht nicht ohne Partnerschaften<\/strong><\/h3>\n<p>Ebenfalls f\u00fcr \u00abKonfliktstoff\u00bb sorgt die Frage nach nachhaltigeren Lieferketten. Das Beispiel von Pacific Jeans aus Bangladesh zeigte, verpackt in reichlich PR, dass Textilherstellung \u00f6kologisch, sozialvertr\u00e4glich und dabei gleichermassen \u00f6konomisch funktionieren kann. Das Unternehmen beliefert verschiedene bekannte Bekleidungsmarken, die ihrerseits immer mehr daran interessiert sind, der hiesigen Kundschaft nachhaltig produzierte Textilien anzubieten. Transparenz entlang der Lieferketten ist heute ein Schl\u00fcsselfaktor. Doch es gibt dabei auch Probleme, worauf etwa Fabian Waldmeier von Max Havelaar Schweiz hinwies: Viele kleine Kaffeebauern k\u00f6nnten die immer gr\u00f6sseren Anforderungen nur schwer erf\u00fcllen und laufen damit Gefahr, als Lieferanten nicht mehr ber\u00fccksichtigt zu werden. Gefordert sei deshalb eine inklusive Umsetzung von neuen Regulierungen. Und es gehe darum, solche Herausforderungen auch transparent zu machen. F\u00fcr Transparenz sorgen auch Lieferanten-Audits. Pierre Strub von amfori Switzerland, einem Wirtschaftsverband, der nachhaltige Lieferketten f\u00f6rdert, wies darauf hin, dass man diese auch vermehrt untereinander teilen sollte, um Doppelspurigkeiten zu vermeiden. Auch hier war als Fazit der Diskussion zu ziehen: Es geht nicht ohne starke Partnerschaften, und Nachhaltigkeit gibt es nicht zum Nulltarif. Doch hier besteht bis auf weiteres ein grosses Konfliktfeld: Noch sind nicht alle Konsumentinnen und Konsumenten bereit, diesen Preis zu bezahlen \u2013 oder sie sind gar nicht in der Lage dazu.<\/p>\n<h3><strong>SGES 2024 zeigt die vielen Facetten von Green Economy<\/strong><\/h3>\n<p>In den 17 Innovationsforen und an den St\u00e4nden der \u00fcber 20 ausstellenden Organisationen wurden viele Fragen, die an der Hauptveranstaltung zum Teil nur \u00abangetippt\u00bb werden konnten, vertieft er\u00f6rtert. Da ging es u.a. explizit um Klimaschutz in KMU und wie diese ihre Mitarbeitenden und Zulieferer davon besser \u00fcberzeugen k\u00f6nnen. Einen Schwerpunkt bildete auch die Bauwirtschaft. So standen am Donnerstag, 29. August, die Themen \u00abGesund und nachhaltig bauen und wohnen\u00bb sowie Carbon Capture Prozesse, also das Binden von CO2 etwa in Zement, im Fokus. Denn gerade die Baubranche hat viel Potenzial f\u00fcr die Kreislaufwirtschaft. Aber auch die Logistik, der Nahrungsmittelsektor sowie die Mobilit\u00e4t waren Gegenstand angeregter Diskussionen im \u00abkleinen Kreis\u00bb.<\/p>\n<p>Insgesamt vermochte das SGES 2024 einmal mehr zu zeigen, dass \u00abGreen Economy\u00bb viele Facetten hat, deren Zusammenh\u00e4nge zu begreifen aber nicht immer einfach ist. Deshalb besteht immer noch viel Konfliktpotenzial zwischen verschiedenen Anspruchsgruppen und Partikularinteressen. Diese \u2013 eben gemeinsam \u2013 zu l\u00f6sen bleibt nach wie vor ein grosses Ziel.<\/p>\n<p><em>Weitere Informationen: <a href=\"https:\/\/sges.ch\/\">www.sges.ch<\/a><\/em><\/p>\n","protected":false},"excerpt":{"rendered":"<p>Vom 27. bis 29. August fand in Winterthur das Swiss Green Economy Symposium SGES 2024 statt. Mehrere Hundert Besucherinnen und Besucher wohnten den Keynotes, Podiumsdiskussionen und Innovationsforen bei. Das Motto lautete: \u00abKonflikte gemeinsam l\u00f6sen\u00bb.<\/p>\n","protected":false},"author":4,"featured_media":29462,"comment_status":"closed","ping_status":"closed","sticky":false,"template":"","format":"standard","meta":{"_acf_changed":false,"_yoast_wpseo_focuskw":"SGES 2024","_yoast_wpseo_metadesc":"Vom 27. bis 29. August fand in Winterthur das Swiss Green Economy Symposium SGES 2024 statt. Das Motto lautete: \u00abKonflikte gemeinsam l\u00f6sen\u00bb.","articlekey":"","footnotes":""},"categories":[580],"tags":[193,358,4338,531],"class_list":["post-29461","post","type-post","status-publish","format-standard","has-post-thumbnail","hentry","category-sustainability","tag-fachkongressfachmesse","tag-nachhaltige-wirtschaft","tag-swiss-green-economy-symposium","tag-wirtschaftspolitik"],"acf":[],"yoast_head":"<!-- This site is optimized with the Yoast SEO plugin v27.5 - https:\/\/yoast.com\/product\/yoast-seo-wordpress\/ -->\n<title>SGES 2024: Welche Konflikte hinter den vielen guten Absichten lauern - Organisator<\/title>\n<meta name=\"description\" content=\"Vom 27. bis 29. August fand in Winterthur das Swiss Green Economy Symposium SGES 2024 statt. Das Motto lautete: \u00abKonflikte gemeinsam l\u00f6sen\u00bb.\" \/>\n<meta name=\"robots\" content=\"index, follow, max-snippet:-1, max-image-preview:large, max-video-preview:-1\" \/>\n<link rel=\"canonical\" href=\"https:\/\/www.organisator.ch\/de\/sustainability\/2024-08-30\/sges-2024-welche-konflikte-hinter-den-vielen-guten-absichten-lauern\/\" \/>\n<meta property=\"og:locale\" content=\"de_DE\" \/>\n<meta property=\"og:type\" content=\"article\" \/>\n<meta property=\"og:title\" content=\"SGES 2024: Welche Konflikte hinter den vielen guten Absichten lauern - Organisator\" \/>\n<meta property=\"og:description\" content=\"Vom 27. bis 29. August fand in Winterthur das Swiss Green Economy Symposium SGES 2024 statt. Das Motto lautete: \u00abKonflikte gemeinsam l\u00f6sen\u00bb.\" \/>\n<meta property=\"og:url\" content=\"https:\/\/www.organisator.ch\/de\/sustainability\/2024-08-30\/sges-2024-welche-konflikte-hinter-den-vielen-guten-absichten-lauern\/\" \/>\n<meta property=\"og:site_name\" content=\"Organisator\" \/>\n<meta property=\"article:publisher\" content=\"https:\/\/www.facebook.com\/OrganisatorFachmagazin\" \/>\n<meta property=\"article:published_time\" content=\"2024-08-30T09:18:38+00:00\" \/>\n<meta property=\"og:image\" content=\"https:\/\/www.organisator.ch\/wp-content\/uploads\/2024\/08\/SGES-2024-Welche-Konflikte-hinter-den-vielen-guten-Absichten-lauern-1_Organisator.jpg\" \/>\n\t<meta property=\"og:image:width\" content=\"680\" \/>\n\t<meta property=\"og:image:height\" content=\"452\" \/>\n\t<meta property=\"og:image:type\" content=\"image\/jpeg\" \/>\n<meta name=\"author\" content=\"thomas.berner\" \/>\n<meta name=\"twitter:card\" content=\"summary_large_image\" \/>\n<script type=\"application\/ld+json\" class=\"yoast-schema-graph\">{\"@context\":\"https:\\\/\\\/schema.org\",\"@graph\":[{\"@type\":\"Article\",\"@id\":\"https:\\\/\\\/www.organisator.ch\\\/sustainability\\\/2024-08-30\\\/sges-2024-welche-konflikte-hinter-den-vielen-guten-absichten-lauern\\\/#article\",\"isPartOf\":{\"@id\":\"https:\\\/\\\/www.organisator.ch\\\/sustainability\\\/2024-08-30\\\/sges-2024-welche-konflikte-hinter-den-vielen-guten-absichten-lauern\\\/\"},\"author\":{\"name\":\"thomas.berner\",\"@id\":\"https:\\\/\\\/www.organisator.ch\\\/#\\\/schema\\\/person\\\/6f650f90b2842cd4c0cc334b4e36f67e\"},\"headline\":\"SGES 2024: Welche Konflikte hinter den vielen guten Absichten lauern\",\"datePublished\":\"2024-08-30T09:18:38+00:00\",\"mainEntityOfPage\":{\"@id\":\"https:\\\/\\\/www.organisator.ch\\\/sustainability\\\/2024-08-30\\\/sges-2024-welche-konflikte-hinter-den-vielen-guten-absichten-lauern\\\/\"},\"wordCount\":1289,\"publisher\":{\"@id\":\"https:\\\/\\\/www.organisator.ch\\\/#organization\"},\"image\":{\"@id\":\"https:\\\/\\\/www.organisator.ch\\\/sustainability\\\/2024-08-30\\\/sges-2024-welche-konflikte-hinter-den-vielen-guten-absichten-lauern\\\/#primaryimage\"},\"thumbnailUrl\":\"https:\\\/\\\/www.organisator.ch\\\/wp-content\\\/uploads\\\/2024\\\/08\\\/SGES-2024-Welche-Konflikte-hinter-den-vielen-guten-Absichten-lauern-1_Organisator.jpg\",\"keywords\":[\"Fachkongress\\\/Fachmesse\",\"Nachhaltige Wirtschaft\",\"Swiss Green Economy Symposium\",\"Wirtschaftspolitik\"],\"articleSection\":[\"SUSTAINABILITY\"],\"inLanguage\":\"de\"},{\"@type\":\"WebPage\",\"@id\":\"https:\\\/\\\/www.organisator.ch\\\/sustainability\\\/2024-08-30\\\/sges-2024-welche-konflikte-hinter-den-vielen-guten-absichten-lauern\\\/\",\"url\":\"https:\\\/\\\/www.organisator.ch\\\/sustainability\\\/2024-08-30\\\/sges-2024-welche-konflikte-hinter-den-vielen-guten-absichten-lauern\\\/\",\"name\":\"SGES 2024: Welche Konflikte hinter den vielen guten Absichten lauern - Organisator\",\"isPartOf\":{\"@id\":\"https:\\\/\\\/www.organisator.ch\\\/#website\"},\"primaryImageOfPage\":{\"@id\":\"https:\\\/\\\/www.organisator.ch\\\/sustainability\\\/2024-08-30\\\/sges-2024-welche-konflikte-hinter-den-vielen-guten-absichten-lauern\\\/#primaryimage\"},\"image\":{\"@id\":\"https:\\\/\\\/www.organisator.ch\\\/sustainability\\\/2024-08-30\\\/sges-2024-welche-konflikte-hinter-den-vielen-guten-absichten-lauern\\\/#primaryimage\"},\"thumbnailUrl\":\"https:\\\/\\\/www.organisator.ch\\\/wp-content\\\/uploads\\\/2024\\\/08\\\/SGES-2024-Welche-Konflikte-hinter-den-vielen-guten-Absichten-lauern-1_Organisator.jpg\",\"datePublished\":\"2024-08-30T09:18:38+00:00\",\"description\":\"Vom 27. bis 29. August fand in Winterthur das Swiss Green Economy Symposium SGES 2024 statt. Das Motto lautete: \u00abKonflikte gemeinsam l\u00f6sen\u00bb.\",\"breadcrumb\":{\"@id\":\"https:\\\/\\\/www.organisator.ch\\\/sustainability\\\/2024-08-30\\\/sges-2024-welche-konflikte-hinter-den-vielen-guten-absichten-lauern\\\/#breadcrumb\"},\"inLanguage\":\"de\",\"potentialAction\":[{\"@type\":\"ReadAction\",\"target\":[\"https:\\\/\\\/www.organisator.ch\\\/sustainability\\\/2024-08-30\\\/sges-2024-welche-konflikte-hinter-den-vielen-guten-absichten-lauern\\\/\"]}]},{\"@type\":\"ImageObject\",\"inLanguage\":\"de\",\"@id\":\"https:\\\/\\\/www.organisator.ch\\\/sustainability\\\/2024-08-30\\\/sges-2024-welche-konflikte-hinter-den-vielen-guten-absichten-lauern\\\/#primaryimage\",\"url\":\"https:\\\/\\\/www.organisator.ch\\\/wp-content\\\/uploads\\\/2024\\\/08\\\/SGES-2024-Welche-Konflikte-hinter-den-vielen-guten-Absichten-lauern-1_Organisator.jpg\",\"contentUrl\":\"https:\\\/\\\/www.organisator.ch\\\/wp-content\\\/uploads\\\/2024\\\/08\\\/SGES-2024-Welche-Konflikte-hinter-den-vielen-guten-Absichten-lauern-1_Organisator.jpg\",\"width\":680,\"height\":452,\"caption\":\"Biodiversit\u00e4t im Fokus: Marco Lambertini (Nature Positive Initiative, stehend), Stewart Maginnis (IUCN), Jay O'Nien (B\u00fchler Group), Prof. Dr. Michael Schaepman (Universit\u00e4t Z\u00fcrich) und Moderator Antonio Hautle (UN Global Compact Network, Moderation). (Bild: Thomas Berner)\"},{\"@type\":\"BreadcrumbList\",\"@id\":\"https:\\\/\\\/www.organisator.ch\\\/sustainability\\\/2024-08-30\\\/sges-2024-welche-konflikte-hinter-den-vielen-guten-absichten-lauern\\\/#breadcrumb\",\"itemListElement\":[{\"@type\":\"ListItem\",\"position\":1,\"name\":\"Home\",\"item\":\"https:\\\/\\\/www.organisator.ch\\\/\"},{\"@type\":\"ListItem\",\"position\":2,\"name\":\"SGES 2024: Welche Konflikte hinter den vielen guten Absichten lauern\"}]},{\"@type\":\"WebSite\",\"@id\":\"https:\\\/\\\/www.organisator.ch\\\/#website\",\"url\":\"https:\\\/\\\/www.organisator.ch\\\/\",\"name\":\"Organisator\",\"description\":\"Kompetent. Praxisnah. Der ORGANISATOR bereitet in 10 Ausgaben pro Jahr die wesentlichen Themen f\u00fcr F\u00fchrungskr\u00e4fte von KMU auf.\",\"publisher\":{\"@id\":\"https:\\\/\\\/www.organisator.ch\\\/#organization\"},\"potentialAction\":[{\"@type\":\"SearchAction\",\"target\":{\"@type\":\"EntryPoint\",\"urlTemplate\":\"https:\\\/\\\/www.organisator.ch\\\/?s={search_term_string}\"},\"query-input\":{\"@type\":\"PropertyValueSpecification\",\"valueRequired\":true,\"valueName\":\"search_term_string\"}}],\"inLanguage\":\"de\"},{\"@type\":\"Organization\",\"@id\":\"https:\\\/\\\/www.organisator.ch\\\/#organization\",\"name\":\"Organisator\",\"url\":\"https:\\\/\\\/www.organisator.ch\\\/\",\"logo\":{\"@type\":\"ImageObject\",\"inLanguage\":\"de\",\"@id\":\"https:\\\/\\\/www.organisator.ch\\\/#\\\/schema\\\/logo\\\/image\\\/\",\"url\":\"https:\\\/\\\/www.organisator.ch\\\/wp-content\\\/uploads\\\/2022\\\/01\\\/Logo_Organisator_Website.png\",\"contentUrl\":\"https:\\\/\\\/www.organisator.ch\\\/wp-content\\\/uploads\\\/2022\\\/01\\\/Logo_Organisator_Website.png\",\"width\":800,\"height\":77,\"caption\":\"Organisator\"},\"image\":{\"@id\":\"https:\\\/\\\/www.organisator.ch\\\/#\\\/schema\\\/logo\\\/image\\\/\"},\"sameAs\":[\"https:\\\/\\\/www.facebook.com\\\/OrganisatorFachmagazin\",\"https:\\\/\\\/www.linkedin.com\\\/showcase\\\/organisator-das-magazin-fr-kmu\",\"https:\\\/\\\/www.xing.com\\\/news\\\/pages\\\/organisator-ch-695\",\"https:\\\/\\\/www.youtube.com\\\/channel\\\/UCGP2Sq0iWaZwT3BdIAQFYpw\"]},{\"@type\":\"Person\",\"@id\":\"https:\\\/\\\/www.organisator.ch\\\/#\\\/schema\\\/person\\\/6f650f90b2842cd4c0cc334b4e36f67e\",\"name\":\"thomas.berner\",\"image\":{\"@type\":\"ImageObject\",\"inLanguage\":\"de\",\"@id\":\"https:\\\/\\\/secure.gravatar.com\\\/avatar\\\/ac5001d2a36cb6c6cd3e50789007ffca834b477b74a2144564522e944eabff61?s=96&d=mm&r=g\",\"url\":\"https:\\\/\\\/secure.gravatar.com\\\/avatar\\\/ac5001d2a36cb6c6cd3e50789007ffca834b477b74a2144564522e944eabff61?s=96&d=mm&r=g\",\"contentUrl\":\"https:\\\/\\\/secure.gravatar.com\\\/avatar\\\/ac5001d2a36cb6c6cd3e50789007ffca834b477b74a2144564522e944eabff61?s=96&d=mm&r=g\",\"caption\":\"thomas.berner\"},\"url\":\"https:\\\/\\\/www.organisator.ch\\\/de\\\/author\\\/thomas-berner\\\/\"}]}<\/script>\n<!-- \/ Yoast SEO plugin. -->","yoast_head_json":{"title":"SGES 2024: Welche Konflikte hinter den vielen guten Absichten lauern - Organisator","description":"Vom 27. bis 29. August fand in Winterthur das Swiss Green Economy Symposium SGES 2024 statt. Das Motto lautete: \u00abKonflikte gemeinsam l\u00f6sen\u00bb.","robots":{"index":"index","follow":"follow","max-snippet":"max-snippet:-1","max-image-preview":"max-image-preview:large","max-video-preview":"max-video-preview:-1"},"canonical":"https:\/\/www.organisator.ch\/de\/sustainability\/2024-08-30\/sges-2024-welche-konflikte-hinter-den-vielen-guten-absichten-lauern\/","og_locale":"de_DE","og_type":"article","og_title":"SGES 2024: Welche Konflikte hinter den vielen guten Absichten lauern - Organisator","og_description":"Vom 27. bis 29. August fand in Winterthur das Swiss Green Economy Symposium SGES 2024 statt. Das Motto lautete: \u00abKonflikte gemeinsam l\u00f6sen\u00bb.","og_url":"https:\/\/www.organisator.ch\/de\/sustainability\/2024-08-30\/sges-2024-welche-konflikte-hinter-den-vielen-guten-absichten-lauern\/","og_site_name":"Organisator","article_publisher":"https:\/\/www.facebook.com\/OrganisatorFachmagazin","article_published_time":"2024-08-30T09:18:38+00:00","og_image":[{"width":680,"height":452,"url":"https:\/\/www.organisator.ch\/wp-content\/uploads\/2024\/08\/SGES-2024-Welche-Konflikte-hinter-den-vielen-guten-Absichten-lauern-1_Organisator.jpg","type":"image\/jpeg"}],"author":"thomas.berner","twitter_card":"summary_large_image","schema":{"@context":"https:\/\/schema.org","@graph":[{"@type":"Article","@id":"https:\/\/www.organisator.ch\/sustainability\/2024-08-30\/sges-2024-welche-konflikte-hinter-den-vielen-guten-absichten-lauern\/#article","isPartOf":{"@id":"https:\/\/www.organisator.ch\/sustainability\/2024-08-30\/sges-2024-welche-konflikte-hinter-den-vielen-guten-absichten-lauern\/"},"author":{"name":"thomas.berner","@id":"https:\/\/www.organisator.ch\/#\/schema\/person\/6f650f90b2842cd4c0cc334b4e36f67e"},"headline":"SGES 2024: Welche Konflikte hinter den vielen guten Absichten lauern","datePublished":"2024-08-30T09:18:38+00:00","mainEntityOfPage":{"@id":"https:\/\/www.organisator.ch\/sustainability\/2024-08-30\/sges-2024-welche-konflikte-hinter-den-vielen-guten-absichten-lauern\/"},"wordCount":1289,"publisher":{"@id":"https:\/\/www.organisator.ch\/#organization"},"image":{"@id":"https:\/\/www.organisator.ch\/sustainability\/2024-08-30\/sges-2024-welche-konflikte-hinter-den-vielen-guten-absichten-lauern\/#primaryimage"},"thumbnailUrl":"https:\/\/www.organisator.ch\/wp-content\/uploads\/2024\/08\/SGES-2024-Welche-Konflikte-hinter-den-vielen-guten-Absichten-lauern-1_Organisator.jpg","keywords":["Fachkongress\/Fachmesse","Nachhaltige Wirtschaft","Swiss Green Economy Symposium","Wirtschaftspolitik"],"articleSection":["SUSTAINABILITY"],"inLanguage":"de"},{"@type":"WebPage","@id":"https:\/\/www.organisator.ch\/sustainability\/2024-08-30\/sges-2024-welche-konflikte-hinter-den-vielen-guten-absichten-lauern\/","url":"https:\/\/www.organisator.ch\/sustainability\/2024-08-30\/sges-2024-welche-konflikte-hinter-den-vielen-guten-absichten-lauern\/","name":"SGES 2024: Welche Konflikte hinter den vielen guten Absichten lauern - Organisator","isPartOf":{"@id":"https:\/\/www.organisator.ch\/#website"},"primaryImageOfPage":{"@id":"https:\/\/www.organisator.ch\/sustainability\/2024-08-30\/sges-2024-welche-konflikte-hinter-den-vielen-guten-absichten-lauern\/#primaryimage"},"image":{"@id":"https:\/\/www.organisator.ch\/sustainability\/2024-08-30\/sges-2024-welche-konflikte-hinter-den-vielen-guten-absichten-lauern\/#primaryimage"},"thumbnailUrl":"https:\/\/www.organisator.ch\/wp-content\/uploads\/2024\/08\/SGES-2024-Welche-Konflikte-hinter-den-vielen-guten-Absichten-lauern-1_Organisator.jpg","datePublished":"2024-08-30T09:18:38+00:00","description":"Vom 27. bis 29. August fand in Winterthur das Swiss Green Economy Symposium SGES 2024 statt. Das Motto lautete: \u00abKonflikte gemeinsam l\u00f6sen\u00bb.","breadcrumb":{"@id":"https:\/\/www.organisator.ch\/sustainability\/2024-08-30\/sges-2024-welche-konflikte-hinter-den-vielen-guten-absichten-lauern\/#breadcrumb"},"inLanguage":"de","potentialAction":[{"@type":"ReadAction","target":["https:\/\/www.organisator.ch\/sustainability\/2024-08-30\/sges-2024-welche-konflikte-hinter-den-vielen-guten-absichten-lauern\/"]}]},{"@type":"ImageObject","inLanguage":"de","@id":"https:\/\/www.organisator.ch\/sustainability\/2024-08-30\/sges-2024-welche-konflikte-hinter-den-vielen-guten-absichten-lauern\/#primaryimage","url":"https:\/\/www.organisator.ch\/wp-content\/uploads\/2024\/08\/SGES-2024-Welche-Konflikte-hinter-den-vielen-guten-Absichten-lauern-1_Organisator.jpg","contentUrl":"https:\/\/www.organisator.ch\/wp-content\/uploads\/2024\/08\/SGES-2024-Welche-Konflikte-hinter-den-vielen-guten-Absichten-lauern-1_Organisator.jpg","width":680,"height":452,"caption":"Biodiversit\u00e4t im Fokus: Marco Lambertini (Nature Positive Initiative, stehend), Stewart Maginnis (IUCN), Jay O'Nien (B\u00fchler Group), Prof. Dr. Michael Schaepman (Universit\u00e4t Z\u00fcrich) und Moderator Antonio Hautle (UN Global Compact Network, Moderation). (Bild: Thomas Berner)"},{"@type":"BreadcrumbList","@id":"https:\/\/www.organisator.ch\/sustainability\/2024-08-30\/sges-2024-welche-konflikte-hinter-den-vielen-guten-absichten-lauern\/#breadcrumb","itemListElement":[{"@type":"ListItem","position":1,"name":"Home","item":"https:\/\/www.organisator.ch\/"},{"@type":"ListItem","position":2,"name":"SGES 2024: Welche Konflikte hinter den vielen guten Absichten lauern"}]},{"@type":"WebSite","@id":"https:\/\/www.organisator.ch\/#website","url":"https:\/\/www.organisator.ch\/","name":"Organisator","description":"Kompetent. Praxisnah. Der ORGANISATOR bereitet in 10 Ausgaben pro Jahr die wesentlichen Themen f\u00fcr F\u00fchrungskr\u00e4fte von KMU auf.","publisher":{"@id":"https:\/\/www.organisator.ch\/#organization"},"potentialAction":[{"@type":"SearchAction","target":{"@type":"EntryPoint","urlTemplate":"https:\/\/www.organisator.ch\/?s={search_term_string}"},"query-input":{"@type":"PropertyValueSpecification","valueRequired":true,"valueName":"search_term_string"}}],"inLanguage":"de"},{"@type":"Organization","@id":"https:\/\/www.organisator.ch\/#organization","name":"Organisator","url":"https:\/\/www.organisator.ch\/","logo":{"@type":"ImageObject","inLanguage":"de","@id":"https:\/\/www.organisator.ch\/#\/schema\/logo\/image\/","url":"https:\/\/www.organisator.ch\/wp-content\/uploads\/2022\/01\/Logo_Organisator_Website.png","contentUrl":"https:\/\/www.organisator.ch\/wp-content\/uploads\/2022\/01\/Logo_Organisator_Website.png","width":800,"height":77,"caption":"Organisator"},"image":{"@id":"https:\/\/www.organisator.ch\/#\/schema\/logo\/image\/"},"sameAs":["https:\/\/www.facebook.com\/OrganisatorFachmagazin","https:\/\/www.linkedin.com\/showcase\/organisator-das-magazin-fr-kmu","https:\/\/www.xing.com\/news\/pages\/organisator-ch-695","https:\/\/www.youtube.com\/channel\/UCGP2Sq0iWaZwT3BdIAQFYpw"]},{"@type":"Person","@id":"https:\/\/www.organisator.ch\/#\/schema\/person\/6f650f90b2842cd4c0cc334b4e36f67e","name":"thomas.berner","image":{"@type":"ImageObject","inLanguage":"de","@id":"https:\/\/secure.gravatar.com\/avatar\/ac5001d2a36cb6c6cd3e50789007ffca834b477b74a2144564522e944eabff61?s=96&d=mm&r=g","url":"https:\/\/secure.gravatar.com\/avatar\/ac5001d2a36cb6c6cd3e50789007ffca834b477b74a2144564522e944eabff61?s=96&d=mm&r=g","contentUrl":"https:\/\/secure.gravatar.com\/avatar\/ac5001d2a36cb6c6cd3e50789007ffca834b477b74a2144564522e944eabff61?s=96&d=mm&r=g","caption":"thomas.berner"},"url":"https:\/\/www.organisator.ch\/de\/author\/thomas-berner\/"}]}},"_links":{"self":[{"href":"https:\/\/www.organisator.ch\/de\/wp-json\/wp\/v2\/posts\/29461","targetHints":{"allow":["GET"]}}],"collection":[{"href":"https:\/\/www.organisator.ch\/de\/wp-json\/wp\/v2\/posts"}],"about":[{"href":"https:\/\/www.organisator.ch\/de\/wp-json\/wp\/v2\/types\/post"}],"author":[{"embeddable":true,"href":"https:\/\/www.organisator.ch\/de\/wp-json\/wp\/v2\/users\/4"}],"replies":[{"embeddable":true,"href":"https:\/\/www.organisator.ch\/de\/wp-json\/wp\/v2\/comments?post=29461"}],"version-history":[{"count":3,"href":"https:\/\/www.organisator.ch\/de\/wp-json\/wp\/v2\/posts\/29461\/revisions"}],"predecessor-version":[{"id":29482,"href":"https:\/\/www.organisator.ch\/de\/wp-json\/wp\/v2\/posts\/29461\/revisions\/29482"}],"wp:featuredmedia":[{"embeddable":true,"href":"https:\/\/www.organisator.ch\/de\/wp-json\/wp\/v2\/media\/29462"}],"wp:attachment":[{"href":"https:\/\/www.organisator.ch\/de\/wp-json\/wp\/v2\/media?parent=29461"}],"wp:term":[{"taxonomy":"category","embeddable":true,"href":"https:\/\/www.organisator.ch\/de\/wp-json\/wp\/v2\/categories?post=29461"},{"taxonomy":"post_tag","embeddable":true,"href":"https:\/\/www.organisator.ch\/de\/wp-json\/wp\/v2\/tags?post=29461"}],"curies":[{"name":"wp","href":"https:\/\/api.w.org\/{rel}","templated":true}]}}