{"id":2948,"date":"2018-01-08T09:01:33","date_gmt":"2018-01-08T08:01:33","guid":{"rendered":"https:\/\/www.organisator.ch\/?p=2948"},"modified":"2018-01-08T09:01:33","modified_gmt":"2018-01-08T08:01:33","slug":"must-have-funktionen-fuer-digitale-personalakten","status":"publish","type":"post","link":"https:\/\/www.organisator.ch\/de\/human-resources\/hrm\/2018-01-08\/must-have-funktionen-fuer-digitale-personalakten\/","title":{"rendered":"Must-Have-Funktionen f\u00fcr digitale Personalakten"},"content":{"rendered":"<figure id=\"attachment_2949\" aria-describedby=\"caption-attachment-2949\" style=\"width: 640px\" class=\"wp-caption alignnone\"><img loading=\"lazy\" decoding=\"async\" class=\"size-full wp-image-2949\" src=\"https:\/\/www.organisator.ch\/wp-content\/uploads\/2018\/01\/Must-Have-Funktionen-fuer-digitale-Personalakten_Organisator.jpg\" alt=\"\" width=\"640\" height=\"429\" srcset=\"https:\/\/www.organisator.ch\/wp-content\/uploads\/2018\/01\/Must-Have-Funktionen-fuer-digitale-Personalakten_Organisator.jpg 640w, https:\/\/www.organisator.ch\/wp-content\/uploads\/2018\/01\/Must-Have-Funktionen-fuer-digitale-Personalakten_Organisator-16x12.jpg 16w, https:\/\/www.organisator.ch\/wp-content\/uploads\/2018\/01\/Must-Have-Funktionen-fuer-digitale-Personalakten_Organisator-261x175.jpg 261w, https:\/\/www.organisator.ch\/wp-content\/uploads\/2018\/01\/Must-Have-Funktionen-fuer-digitale-Personalakten_Organisator-522x350.jpg 522w, https:\/\/www.organisator.ch\/wp-content\/uploads\/2018\/01\/Must-Have-Funktionen-fuer-digitale-Personalakten_Organisator-300x201.jpg 300w\" sizes=\"auto, (max-width: 640px) 100vw, 640px\" \/><figcaption id=\"caption-attachment-2949\" class=\"wp-caption-text\">Auch die Personalabteilungen werden immer digitaler: Elektronische Personalakten m\u00fcssen verschiedene Features umfassen. (Grafik: forcont business bechnology GmbH)<\/figcaption><\/figure>\n<p>Personalakten beinhalten alle f\u00fcr HR-Verantwortliche relevanten Daten zu einem Mitarbeiter: Anstellungsvertr\u00e4ge, Gespr\u00e4chsprotokolle, Lohn- und Gehaltsdaten und vieles mehr. Die sachgem\u00e4\u00dfe Lagerung dieser zahlreichen sensiblen Dokumente stellt f\u00fcr viele Unternehmen eine gro\u00dfe Herausforderung dar. Setzt das Unternehmen aber eine digitale Personalakten-L\u00f6sung ein, werden alle Daten elektronisch bereitgestellt: zentralisiert, zeit- sowie ortsunabh\u00e4ngig und leicht durchsuchbar. Die forcont business technology gmbh (<a href=\"http:\/\/www.forcont.de\/\">www.forcont.de<\/a>), ein auf Enterprise Content Management (ECM) spezialisiertes Softwarehaus, erkl\u00e4rt, welche Funktionen eine digitale Personalakten-L\u00f6sung mitbringen muss, damit sie HRM-Prozesse nachhaltig optimieren kann. Die folgenden sieben Funktionen sind demnach\u00a0f\u00fcr eine digitale Personalakte essenziell:<\/p>\n<ul>\n<li><strong>Vertragserstellung:<\/strong> Standardisierte Anstellungsvertr\u00e4ge werden am besten \u00fcber ein Tool zur Vertragserstellung gemanagt, mit vordefinierten Feldern und dynamischen Textbausteinen.<\/li>\n<li><strong>Dokumenterstellung:<\/strong> Dank einer integrierten Dokumenterstellung k\u00f6nnen Mitarbeiter eben nicht nur Vertr\u00e4ge, sondern beispielsweise auch Serienbriefe oder Mitarbeiter-Rundschreiben erstellen \u2013 direkt in den Personalakten, wo sie dann auch abgelegt werden. Der Personalverantwortliche kann seine Dokumente dann direkt aus dem System per E-Mail versenden.<\/li>\n<li><strong>Wiedervorlage:<\/strong> Der Vorteil einer Funktion zur Wiedervorlage ist, dass HR-Mitarbeiter wichtige Fristen nicht aus den Augen verlieren. Im Idealfall wird dies durch eine E-Mail-Benachrichtigungs-Funktion flankiert, die rechtzeitig an anstehende Termine erinnert. Bei befristeten Vertr\u00e4gen ist es beispielsweise sinnvoll, im System eine automatische Erinnerung bzw. Wiedervorlage einzurichten.<\/li>\n<li><strong>Freigabeprozesse:<\/strong> Zu etlichen HR-Vorg\u00e4ngen geh\u00f6ren interne Abstimmungs- und Freigabeprozesse. Die Personalakte sollte diese Prozesse umfassend unterst\u00fctzen. Nicht nur durch ein automatisches oder halbautomatisches Einholen der Freigaben, sondern auch durch die Speicherungen der \u2013 im Idealfall elektronisch \u2013 unterschriebenen Dokumente im System.<\/li>\n<li><strong>Aufgabenverwaltung:<\/strong> Stets gleiche Abl\u00e4ufe \u2013 etwa die R\u00fcckkehr eines Mitarbeiters aus der Elternzeit, ein Steuerklassenwechsel oder die Vorbereitung und Durchf\u00fchrung von Personalgespr\u00e4chen \u2013 sollten HR-Verantwortliche in der elektronischen Personalakte einfach \u00fcber Templates verwalten und tracken k\u00f6nnen. Der Verantwortliche kann solche Tasks dann auch direkt dem zust\u00e4ndigen Bearbeiter zuweisen.<\/li>\n<li><strong>Volltextsuche:<\/strong> Schriftst\u00fccke einzuscannen, ist das eine, sie durch eine OCR-Texterkennung dann auch gleich komfortabel durchsuchbar zu machen, ist das andere. Wenn dies automatisiert passiert, lassen sich alle Dokumente schnell nach den gew\u00fcnschten Schlagworten durchsuchen.<\/li>\n<li><strong>Datenl\u00f6schung:<\/strong> Gerade vor dem Hintergrund\u00a0neuer Regulierungen (wie etwa der\u00a0EU-Datenschutz-Grundverordnung DSGVO) ist f\u00fcr HR-Abteilungen ein gesetzlich einwandfreier Umgang mit Vertrags- oder Personalakten unerl\u00e4sslich. Eine elektronische Personalakte unterst\u00fctzt bei der Compliance, indem sie fristgerecht an die notwendige L\u00f6schung erinnert \u2013 ob es um alte Bewerbungen, Vertr\u00e4ge ehemaliger Mitarbeiter oder um Abmahnungen geht.<\/li>\n<\/ul>\n<p>Weitere Informationen \u00fcber die Erstellung\u00a0digitaler Personalakten erhalten Sie in einem <a href=\"https:\/\/www.forcont.de\/produkte\/forpeople-der-personalmanager\/ebook-bestellung\/whitepaper-aktiv-gestalten-statt-nur-verwalten-wie-eine-elektronische-personalakte-ihre-hrm-prozesse-digitalisieren-kann\/\">Whitepaper<\/a>\u00a0von forcont business technology gmbh.<\/p>\n","protected":false},"excerpt":{"rendered":"<p>Personalakten beinhalten alle f\u00fcr HR-Verantwortliche relevanten Daten zu einem Mitarbeiter: Anstellungsvertr\u00e4ge, Gespr\u00e4chsprotokolle, Lohn- und Gehaltsdaten und vieles mehr. Die sachgem\u00e4\u00dfe Lagerung dieser zahlreichen sensiblen Dokumente stellt f\u00fcr viele Unternehmen eine gro\u00dfe Herausforderung dar. Setzt das Unternehmen aber eine digitale Personalakten-L\u00f6sung ein, werden alle Daten elektronisch bereitgestellt: zentralisiert, zeit- sowie ortsunabh\u00e4ngig und leicht durchsuchbar. Die forcont [&hellip;]<\/p>\n","protected":false},"author":4,"featured_media":2949,"comment_status":"open","ping_status":"open","sticky":false,"template":"","format":"standard","meta":{"_acf_changed":false,"_yoast_wpseo_focuskw":"Personalakten","_yoast_wpseo_metadesc":"Die zunehmende Digitalisierung aller Lebensbereiche erfasst auch die Personalabteilung: Administrative Abl\u00e4ufe m\u00fcssen verschlankt werden.","articlekey":"","footnotes":""},"categories":[26],"tags":[115,254,496,508],"class_list":["post-2948","post","type-post","status-publish","format-standard","has-post-thumbnail","hentry","category-hrm","tag-checklisten","tag-hrm","tag-unternehmensfuehrung","tag-vermischtes"],"acf":[],"yoast_head":"<!-- This site is optimized with the Yoast SEO plugin v27.5 - https:\/\/yoast.com\/product\/yoast-seo-wordpress\/ -->\n<title>Must-Have-Funktionen f\u00fcr digitale Personalakten - Organisator<\/title>\n<meta name=\"description\" content=\"Die zunehmende Digitalisierung aller Lebensbereiche erfasst auch die Personalabteilung: Administrative Abl\u00e4ufe m\u00fcssen verschlankt werden.\" \/>\n<meta name=\"robots\" content=\"index, follow, max-snippet:-1, max-image-preview:large, max-video-preview:-1\" \/>\n<link rel=\"canonical\" href=\"https:\/\/www.organisator.ch\/de\/human-resources\/hrm\/2018-01-08\/must-have-funktionen-fuer-digitale-personalakten\/\" \/>\n<meta property=\"og:locale\" content=\"de_DE\" \/>\n<meta property=\"og:type\" content=\"article\" \/>\n<meta property=\"og:title\" content=\"Must-Have-Funktionen f\u00fcr digitale Personalakten\" \/>\n<meta property=\"og:description\" content=\"Die zunehmende #Digitalisierung aller Lebensbereiche erfasst auch die #Personalabteilung: Administrative Abl\u00e4ufe m\u00fcssen verschlankt werden.\" \/>\n<meta property=\"og:url\" content=\"https:\/\/www.organisator.ch\/de\/human-resources\/hrm\/2018-01-08\/must-have-funktionen-fuer-digitale-personalakten\/\" \/>\n<meta property=\"og:site_name\" content=\"Organisator\" \/>\n<meta property=\"article:publisher\" content=\"https:\/\/www.facebook.com\/OrganisatorFachmagazin\" \/>\n<meta property=\"article:published_time\" content=\"2018-01-08T08:01:33+00:00\" \/>\n<meta property=\"og:image\" content=\"https:\/\/www.organisator.ch\/wp-content\/uploads\/2018\/01\/Must-Have-Funktionen-fuer-digitale-Personalakten_Organisator.jpg\" \/>\n\t<meta property=\"og:image:width\" content=\"640\" \/>\n\t<meta property=\"og:image:height\" content=\"429\" \/>\n\t<meta property=\"og:image:type\" content=\"image\/jpeg\" \/>\n<meta name=\"author\" content=\"thomas.berner\" \/>\n<meta name=\"twitter:card\" content=\"summary_large_image\" \/>\n<meta name=\"twitter:title\" content=\"Must-Have-Funktionen f\u00fcr digitale #Personalakten\" \/>\n<meta name=\"twitter:description\" content=\"Die zunehmende #Digitalisierung aller Lebensbereiche erfasst auch die #Personalabteilung: Administrative Abl\u00e4ufe m\u00fcssen verschlankt werden.\" \/>\n<meta name=\"twitter:image\" content=\"https:\/\/www.organisator.ch\/wp-content\/uploads\/2018\/01\/Must-Have-Funktionen-f\u00fcr-digitale-Personalakten_Organisator.jpg\" \/>\n<script type=\"application\/ld+json\" class=\"yoast-schema-graph\">{\"@context\":\"https:\\\/\\\/schema.org\",\"@graph\":[{\"@type\":\"Article\",\"@id\":\"https:\\\/\\\/www.organisator.ch\\\/human-resources\\\/hrm\\\/2018-01-08\\\/must-have-funktionen-fuer-digitale-personalakten\\\/#article\",\"isPartOf\":{\"@id\":\"https:\\\/\\\/www.organisator.ch\\\/human-resources\\\/hrm\\\/2018-01-08\\\/must-have-funktionen-fuer-digitale-personalakten\\\/\"},\"author\":{\"name\":\"thomas.berner\",\"@id\":\"https:\\\/\\\/www.organisator.ch\\\/#\\\/schema\\\/person\\\/6f650f90b2842cd4c0cc334b4e36f67e\"},\"headline\":\"Must-Have-Funktionen f\u00fcr digitale Personalakten\",\"datePublished\":\"2018-01-08T08:01:33+00:00\",\"mainEntityOfPage\":{\"@id\":\"https:\\\/\\\/www.organisator.ch\\\/human-resources\\\/hrm\\\/2018-01-08\\\/must-have-funktionen-fuer-digitale-personalakten\\\/\"},\"wordCount\":448,\"commentCount\":0,\"publisher\":{\"@id\":\"https:\\\/\\\/www.organisator.ch\\\/#organization\"},\"image\":{\"@id\":\"https:\\\/\\\/www.organisator.ch\\\/human-resources\\\/hrm\\\/2018-01-08\\\/must-have-funktionen-fuer-digitale-personalakten\\\/#primaryimage\"},\"thumbnailUrl\":\"https:\\\/\\\/www.organisator.ch\\\/wp-content\\\/uploads\\\/2018\\\/01\\\/Must-Have-Funktionen-fuer-digitale-Personalakten_Organisator.jpg\",\"keywords\":[\"Checklisten\",\"HRM\",\"Unternehmensf\u00fchrung\",\"Vermischtes\"],\"articleSection\":[\"HRM\"],\"inLanguage\":\"de\"},{\"@type\":\"WebPage\",\"@id\":\"https:\\\/\\\/www.organisator.ch\\\/human-resources\\\/hrm\\\/2018-01-08\\\/must-have-funktionen-fuer-digitale-personalakten\\\/\",\"url\":\"https:\\\/\\\/www.organisator.ch\\\/human-resources\\\/hrm\\\/2018-01-08\\\/must-have-funktionen-fuer-digitale-personalakten\\\/\",\"name\":\"Must-Have-Funktionen f\u00fcr digitale Personalakten - Organisator\",\"isPartOf\":{\"@id\":\"https:\\\/\\\/www.organisator.ch\\\/#website\"},\"primaryImageOfPage\":{\"@id\":\"https:\\\/\\\/www.organisator.ch\\\/human-resources\\\/hrm\\\/2018-01-08\\\/must-have-funktionen-fuer-digitale-personalakten\\\/#primaryimage\"},\"image\":{\"@id\":\"https:\\\/\\\/www.organisator.ch\\\/human-resources\\\/hrm\\\/2018-01-08\\\/must-have-funktionen-fuer-digitale-personalakten\\\/#primaryimage\"},\"thumbnailUrl\":\"https:\\\/\\\/www.organisator.ch\\\/wp-content\\\/uploads\\\/2018\\\/01\\\/Must-Have-Funktionen-fuer-digitale-Personalakten_Organisator.jpg\",\"datePublished\":\"2018-01-08T08:01:33+00:00\",\"description\":\"Die zunehmende Digitalisierung aller Lebensbereiche erfasst auch die Personalabteilung: Administrative Abl\u00e4ufe m\u00fcssen verschlankt werden.\",\"breadcrumb\":{\"@id\":\"https:\\\/\\\/www.organisator.ch\\\/human-resources\\\/hrm\\\/2018-01-08\\\/must-have-funktionen-fuer-digitale-personalakten\\\/#breadcrumb\"},\"inLanguage\":\"de\",\"potentialAction\":[{\"@type\":\"ReadAction\",\"target\":[\"https:\\\/\\\/www.organisator.ch\\\/human-resources\\\/hrm\\\/2018-01-08\\\/must-have-funktionen-fuer-digitale-personalakten\\\/\"]}]},{\"@type\":\"ImageObject\",\"inLanguage\":\"de\",\"@id\":\"https:\\\/\\\/www.organisator.ch\\\/human-resources\\\/hrm\\\/2018-01-08\\\/must-have-funktionen-fuer-digitale-personalakten\\\/#primaryimage\",\"url\":\"https:\\\/\\\/www.organisator.ch\\\/wp-content\\\/uploads\\\/2018\\\/01\\\/Must-Have-Funktionen-fuer-digitale-Personalakten_Organisator.jpg\",\"contentUrl\":\"https:\\\/\\\/www.organisator.ch\\\/wp-content\\\/uploads\\\/2018\\\/01\\\/Must-Have-Funktionen-fuer-digitale-Personalakten_Organisator.jpg\",\"width\":640,\"height\":429,\"caption\":\"Auch die Personalabteilungen werden immer digitaler: Elektronische Personalakten m\u00fcssen verschiedene Features umfassen. (Grafik: forcont business bechnology gmbh)\"},{\"@type\":\"BreadcrumbList\",\"@id\":\"https:\\\/\\\/www.organisator.ch\\\/human-resources\\\/hrm\\\/2018-01-08\\\/must-have-funktionen-fuer-digitale-personalakten\\\/#breadcrumb\",\"itemListElement\":[{\"@type\":\"ListItem\",\"position\":1,\"name\":\"Home\",\"item\":\"https:\\\/\\\/www.organisator.ch\\\/\"},{\"@type\":\"ListItem\",\"position\":2,\"name\":\"Must-Have-Funktionen f\u00fcr digitale Personalakten\"}]},{\"@type\":\"WebSite\",\"@id\":\"https:\\\/\\\/www.organisator.ch\\\/#website\",\"url\":\"https:\\\/\\\/www.organisator.ch\\\/\",\"name\":\"Organisator\",\"description\":\"Kompetent. Praxisnah. Der ORGANISATOR bereitet in 10 Ausgaben pro Jahr die wesentlichen Themen f\u00fcr F\u00fchrungskr\u00e4fte von KMU auf.\",\"publisher\":{\"@id\":\"https:\\\/\\\/www.organisator.ch\\\/#organization\"},\"potentialAction\":[{\"@type\":\"SearchAction\",\"target\":{\"@type\":\"EntryPoint\",\"urlTemplate\":\"https:\\\/\\\/www.organisator.ch\\\/?s={search_term_string}\"},\"query-input\":{\"@type\":\"PropertyValueSpecification\",\"valueRequired\":true,\"valueName\":\"search_term_string\"}}],\"inLanguage\":\"de\"},{\"@type\":\"Organization\",\"@id\":\"https:\\\/\\\/www.organisator.ch\\\/#organization\",\"name\":\"Organisator\",\"url\":\"https:\\\/\\\/www.organisator.ch\\\/\",\"logo\":{\"@type\":\"ImageObject\",\"inLanguage\":\"de\",\"@id\":\"https:\\\/\\\/www.organisator.ch\\\/#\\\/schema\\\/logo\\\/image\\\/\",\"url\":\"https:\\\/\\\/www.organisator.ch\\\/wp-content\\\/uploads\\\/2022\\\/01\\\/Logo_Organisator_Website.png\",\"contentUrl\":\"https:\\\/\\\/www.organisator.ch\\\/wp-content\\\/uploads\\\/2022\\\/01\\\/Logo_Organisator_Website.png\",\"width\":800,\"height\":77,\"caption\":\"Organisator\"},\"image\":{\"@id\":\"https:\\\/\\\/www.organisator.ch\\\/#\\\/schema\\\/logo\\\/image\\\/\"},\"sameAs\":[\"https:\\\/\\\/www.facebook.com\\\/OrganisatorFachmagazin\",\"https:\\\/\\\/www.linkedin.com\\\/showcase\\\/organisator-das-magazin-fr-kmu\",\"https:\\\/\\\/www.xing.com\\\/news\\\/pages\\\/organisator-ch-695\",\"https:\\\/\\\/www.youtube.com\\\/channel\\\/UCGP2Sq0iWaZwT3BdIAQFYpw\"]},{\"@type\":\"Person\",\"@id\":\"https:\\\/\\\/www.organisator.ch\\\/#\\\/schema\\\/person\\\/6f650f90b2842cd4c0cc334b4e36f67e\",\"name\":\"thomas.berner\",\"image\":{\"@type\":\"ImageObject\",\"inLanguage\":\"de\",\"@id\":\"https:\\\/\\\/secure.gravatar.com\\\/avatar\\\/ac5001d2a36cb6c6cd3e50789007ffca834b477b74a2144564522e944eabff61?s=96&d=mm&r=g\",\"url\":\"https:\\\/\\\/secure.gravatar.com\\\/avatar\\\/ac5001d2a36cb6c6cd3e50789007ffca834b477b74a2144564522e944eabff61?s=96&d=mm&r=g\",\"contentUrl\":\"https:\\\/\\\/secure.gravatar.com\\\/avatar\\\/ac5001d2a36cb6c6cd3e50789007ffca834b477b74a2144564522e944eabff61?s=96&d=mm&r=g\",\"caption\":\"thomas.berner\"},\"url\":\"https:\\\/\\\/www.organisator.ch\\\/de\\\/author\\\/thomas-berner\\\/\"}]}<\/script>\n<!-- \/ Yoast SEO plugin. -->","yoast_head_json":{"title":"Must-Have-Funktionen f\u00fcr digitale Personalakten - Organisator","description":"Die zunehmende Digitalisierung aller Lebensbereiche erfasst auch die Personalabteilung: Administrative Abl\u00e4ufe m\u00fcssen verschlankt werden.","robots":{"index":"index","follow":"follow","max-snippet":"max-snippet:-1","max-image-preview":"max-image-preview:large","max-video-preview":"max-video-preview:-1"},"canonical":"https:\/\/www.organisator.ch\/de\/human-resources\/hrm\/2018-01-08\/must-have-funktionen-fuer-digitale-personalakten\/","og_locale":"de_DE","og_type":"article","og_title":"Must-Have-Funktionen f\u00fcr digitale Personalakten","og_description":"Die zunehmende #Digitalisierung aller Lebensbereiche erfasst auch die #Personalabteilung: Administrative Abl\u00e4ufe m\u00fcssen verschlankt werden.","og_url":"https:\/\/www.organisator.ch\/de\/human-resources\/hrm\/2018-01-08\/must-have-funktionen-fuer-digitale-personalakten\/","og_site_name":"Organisator","article_publisher":"https:\/\/www.facebook.com\/OrganisatorFachmagazin","article_published_time":"2018-01-08T08:01:33+00:00","og_image":[{"width":640,"height":429,"url":"https:\/\/www.organisator.ch\/wp-content\/uploads\/2018\/01\/Must-Have-Funktionen-fuer-digitale-Personalakten_Organisator.jpg","type":"image\/jpeg"}],"author":"thomas.berner","twitter_card":"summary_large_image","twitter_title":"Must-Have-Funktionen f\u00fcr digitale #Personalakten","twitter_description":"Die zunehmende #Digitalisierung aller Lebensbereiche erfasst auch die #Personalabteilung: Administrative Abl\u00e4ufe m\u00fcssen verschlankt werden.","twitter_image":"https:\/\/www.organisator.ch\/wp-content\/uploads\/2018\/01\/Must-Have-Funktionen-f\u00fcr-digitale-Personalakten_Organisator.jpg","schema":{"@context":"https:\/\/schema.org","@graph":[{"@type":"Article","@id":"https:\/\/www.organisator.ch\/human-resources\/hrm\/2018-01-08\/must-have-funktionen-fuer-digitale-personalakten\/#article","isPartOf":{"@id":"https:\/\/www.organisator.ch\/human-resources\/hrm\/2018-01-08\/must-have-funktionen-fuer-digitale-personalakten\/"},"author":{"name":"thomas.berner","@id":"https:\/\/www.organisator.ch\/#\/schema\/person\/6f650f90b2842cd4c0cc334b4e36f67e"},"headline":"Must-Have-Funktionen f\u00fcr digitale Personalakten","datePublished":"2018-01-08T08:01:33+00:00","mainEntityOfPage":{"@id":"https:\/\/www.organisator.ch\/human-resources\/hrm\/2018-01-08\/must-have-funktionen-fuer-digitale-personalakten\/"},"wordCount":448,"commentCount":0,"publisher":{"@id":"https:\/\/www.organisator.ch\/#organization"},"image":{"@id":"https:\/\/www.organisator.ch\/human-resources\/hrm\/2018-01-08\/must-have-funktionen-fuer-digitale-personalakten\/#primaryimage"},"thumbnailUrl":"https:\/\/www.organisator.ch\/wp-content\/uploads\/2018\/01\/Must-Have-Funktionen-fuer-digitale-Personalakten_Organisator.jpg","keywords":["Checklisten","HRM","Unternehmensf\u00fchrung","Vermischtes"],"articleSection":["HRM"],"inLanguage":"de"},{"@type":"WebPage","@id":"https:\/\/www.organisator.ch\/human-resources\/hrm\/2018-01-08\/must-have-funktionen-fuer-digitale-personalakten\/","url":"https:\/\/www.organisator.ch\/human-resources\/hrm\/2018-01-08\/must-have-funktionen-fuer-digitale-personalakten\/","name":"Must-Have-Funktionen f\u00fcr digitale Personalakten - Organisator","isPartOf":{"@id":"https:\/\/www.organisator.ch\/#website"},"primaryImageOfPage":{"@id":"https:\/\/www.organisator.ch\/human-resources\/hrm\/2018-01-08\/must-have-funktionen-fuer-digitale-personalakten\/#primaryimage"},"image":{"@id":"https:\/\/www.organisator.ch\/human-resources\/hrm\/2018-01-08\/must-have-funktionen-fuer-digitale-personalakten\/#primaryimage"},"thumbnailUrl":"https:\/\/www.organisator.ch\/wp-content\/uploads\/2018\/01\/Must-Have-Funktionen-fuer-digitale-Personalakten_Organisator.jpg","datePublished":"2018-01-08T08:01:33+00:00","description":"Die zunehmende Digitalisierung aller Lebensbereiche erfasst auch die Personalabteilung: Administrative Abl\u00e4ufe m\u00fcssen verschlankt werden.","breadcrumb":{"@id":"https:\/\/www.organisator.ch\/human-resources\/hrm\/2018-01-08\/must-have-funktionen-fuer-digitale-personalakten\/#breadcrumb"},"inLanguage":"de","potentialAction":[{"@type":"ReadAction","target":["https:\/\/www.organisator.ch\/human-resources\/hrm\/2018-01-08\/must-have-funktionen-fuer-digitale-personalakten\/"]}]},{"@type":"ImageObject","inLanguage":"de","@id":"https:\/\/www.organisator.ch\/human-resources\/hrm\/2018-01-08\/must-have-funktionen-fuer-digitale-personalakten\/#primaryimage","url":"https:\/\/www.organisator.ch\/wp-content\/uploads\/2018\/01\/Must-Have-Funktionen-fuer-digitale-Personalakten_Organisator.jpg","contentUrl":"https:\/\/www.organisator.ch\/wp-content\/uploads\/2018\/01\/Must-Have-Funktionen-fuer-digitale-Personalakten_Organisator.jpg","width":640,"height":429,"caption":"Auch die Personalabteilungen werden immer digitaler: Elektronische Personalakten m\u00fcssen verschiedene Features umfassen. (Grafik: forcont business bechnology gmbh)"},{"@type":"BreadcrumbList","@id":"https:\/\/www.organisator.ch\/human-resources\/hrm\/2018-01-08\/must-have-funktionen-fuer-digitale-personalakten\/#breadcrumb","itemListElement":[{"@type":"ListItem","position":1,"name":"Home","item":"https:\/\/www.organisator.ch\/"},{"@type":"ListItem","position":2,"name":"Must-Have-Funktionen f\u00fcr digitale Personalakten"}]},{"@type":"WebSite","@id":"https:\/\/www.organisator.ch\/#website","url":"https:\/\/www.organisator.ch\/","name":"Organisator","description":"Kompetent. Praxisnah. Der ORGANISATOR bereitet in 10 Ausgaben pro Jahr die wesentlichen Themen f\u00fcr F\u00fchrungskr\u00e4fte von KMU auf.","publisher":{"@id":"https:\/\/www.organisator.ch\/#organization"},"potentialAction":[{"@type":"SearchAction","target":{"@type":"EntryPoint","urlTemplate":"https:\/\/www.organisator.ch\/?s={search_term_string}"},"query-input":{"@type":"PropertyValueSpecification","valueRequired":true,"valueName":"search_term_string"}}],"inLanguage":"de"},{"@type":"Organization","@id":"https:\/\/www.organisator.ch\/#organization","name":"Organisator","url":"https:\/\/www.organisator.ch\/","logo":{"@type":"ImageObject","inLanguage":"de","@id":"https:\/\/www.organisator.ch\/#\/schema\/logo\/image\/","url":"https:\/\/www.organisator.ch\/wp-content\/uploads\/2022\/01\/Logo_Organisator_Website.png","contentUrl":"https:\/\/www.organisator.ch\/wp-content\/uploads\/2022\/01\/Logo_Organisator_Website.png","width":800,"height":77,"caption":"Organisator"},"image":{"@id":"https:\/\/www.organisator.ch\/#\/schema\/logo\/image\/"},"sameAs":["https:\/\/www.facebook.com\/OrganisatorFachmagazin","https:\/\/www.linkedin.com\/showcase\/organisator-das-magazin-fr-kmu","https:\/\/www.xing.com\/news\/pages\/organisator-ch-695","https:\/\/www.youtube.com\/channel\/UCGP2Sq0iWaZwT3BdIAQFYpw"]},{"@type":"Person","@id":"https:\/\/www.organisator.ch\/#\/schema\/person\/6f650f90b2842cd4c0cc334b4e36f67e","name":"thomas.berner","image":{"@type":"ImageObject","inLanguage":"de","@id":"https:\/\/secure.gravatar.com\/avatar\/ac5001d2a36cb6c6cd3e50789007ffca834b477b74a2144564522e944eabff61?s=96&d=mm&r=g","url":"https:\/\/secure.gravatar.com\/avatar\/ac5001d2a36cb6c6cd3e50789007ffca834b477b74a2144564522e944eabff61?s=96&d=mm&r=g","contentUrl":"https:\/\/secure.gravatar.com\/avatar\/ac5001d2a36cb6c6cd3e50789007ffca834b477b74a2144564522e944eabff61?s=96&d=mm&r=g","caption":"thomas.berner"},"url":"https:\/\/www.organisator.ch\/de\/author\/thomas-berner\/"}]}},"_links":{"self":[{"href":"https:\/\/www.organisator.ch\/de\/wp-json\/wp\/v2\/posts\/2948","targetHints":{"allow":["GET"]}}],"collection":[{"href":"https:\/\/www.organisator.ch\/de\/wp-json\/wp\/v2\/posts"}],"about":[{"href":"https:\/\/www.organisator.ch\/de\/wp-json\/wp\/v2\/types\/post"}],"author":[{"embeddable":true,"href":"https:\/\/www.organisator.ch\/de\/wp-json\/wp\/v2\/users\/4"}],"replies":[{"embeddable":true,"href":"https:\/\/www.organisator.ch\/de\/wp-json\/wp\/v2\/comments?post=2948"}],"version-history":[{"count":0,"href":"https:\/\/www.organisator.ch\/de\/wp-json\/wp\/v2\/posts\/2948\/revisions"}],"wp:featuredmedia":[{"embeddable":true,"href":"https:\/\/www.organisator.ch\/de\/wp-json\/wp\/v2\/media\/2949"}],"wp:attachment":[{"href":"https:\/\/www.organisator.ch\/de\/wp-json\/wp\/v2\/media?parent=2948"}],"wp:term":[{"taxonomy":"category","embeddable":true,"href":"https:\/\/www.organisator.ch\/de\/wp-json\/wp\/v2\/categories?post=2948"},{"taxonomy":"post_tag","embeddable":true,"href":"https:\/\/www.organisator.ch\/de\/wp-json\/wp\/v2\/tags?post=2948"}],"curies":[{"name":"wp","href":"https:\/\/api.w.org\/{rel}","templated":true}]}}