{"id":29545,"date":"2024-09-04T13:25:26","date_gmt":"2024-09-04T11:25:26","guid":{"rendered":"https:\/\/www.organisator.ch\/?p=29545"},"modified":"2024-09-27T07:47:28","modified_gmt":"2024-09-27T05:47:28","slug":"kmu-mem-sind-bereit-fuer-die-kuenstliche-intelligenz","status":"publish","type":"post","link":"https:\/\/www.organisator.ch\/de\/management\/2024-09-04\/kmu-mem-sind-bereit-fuer-die-kuenstliche-intelligenz\/","title":{"rendered":"KMU-MEM sind bereit f\u00fcr die k\u00fcnstliche Intelligenz"},"content":{"rendered":"<figure id=\"attachment_29547\" aria-describedby=\"caption-attachment-29547\" style=\"width: 680px\" class=\"wp-caption alignnone\"><img loading=\"lazy\" decoding=\"async\" class=\"size-full wp-image-29547\" src=\"https:\/\/www.organisator.ch\/wp-content\/uploads\/2024\/09\/Messe_KMU_MEM_Bild1_ps.jpg\" alt=\"\" width=\"680\" height=\"440\" srcset=\"https:\/\/www.organisator.ch\/wp-content\/uploads\/2024\/09\/Messe_KMU_MEM_Bild1_ps.jpg 680w, https:\/\/www.organisator.ch\/wp-content\/uploads\/2024\/09\/Messe_KMU_MEM_Bild1_ps-18x12.jpg 18w, https:\/\/www.organisator.ch\/wp-content\/uploads\/2024\/09\/Messe_KMU_MEM_Bild1_ps-375x243.jpg 375w, https:\/\/www.organisator.ch\/wp-content\/uploads\/2024\/09\/Messe_KMU_MEM_Bild1_ps-541x350.jpg 541w\" sizes=\"auto, (max-width: 680px) 100vw, 680px\" \/><figcaption id=\"caption-attachment-29547\" class=\"wp-caption-text\">Den ganzen Tag \u00fcber fand parallel zur Veranstaltung die Messe der KMU-MEM statt. (Bild: www.swissmechanic.ch)<\/figcaption><\/figure>\n<p>Die Maschinen-, Elektro- und Metallbranche (MEM) hat in den letzten Jahrzehnten eine bemerkenswerte Entwicklung durchlaufen &#8211; von der Mechanisierung \u00fcber die Automatisierung bis hin zur Digitalisierung. Aktuell steht sie am Beginn der \u00c4ra der k\u00fcnstlichen Intelligenz (KI). \u00abF\u00fcr kleine und mittlere Unternehmen (KMU) bietet KI enorme Chancen. Sie erm\u00f6glicht Effizienzsteigerungen und Flexibilit\u00e4t, um sich besser an Marktver\u00e4nderungen anzupassen. Das gibt den KMU die M\u00f6glichkeit, auch gegen\u00fcber gr\u00f6sseren Wettbewerbern zu bestehen\u00bb, so J\u00fcrg Marti, Direktor von Swissmechanic Schweiz. KI stellt die Industrie aber auch vor Herausforderungen, etwa wachsende Cybersecurity-Risiken. Diese Potenziale und Risiken beleuchtete die f\u00fcnfte Ausgabe des Swissmechanic Business Day.<\/p>\n<h3><strong>Wie KI die Zukunft der KMU-MEM pr\u00e4gt<\/strong><\/h3>\n<p>Drei herausragende Referate pr\u00e4gten den Anlass und gaben wertvolle Impulse: Dr. Stephan Sigrist, Gr\u00fcnder und Leiter des Think Tanks W.I.R.E., er\u00f6ffnete den Tag mit einem Blick in die Zukunft der k\u00fcnstlichen Intelligenz. Er beleuchtete die potenziellen Auswirkungen dieser Technologie auf Wirtschaft und Gesellschaft und zeigte auf, welche Chancen und Risiken damit verbunden sind. Michael Jungo vom Swiss AI Center konzentrierte sich auf konkrete Anwendungsbeispiele der k\u00fcnstlichen Intelligenz in der Industrie. Dabei wurden erfolgreiche Projekte vorgestellt, die aufzeigten, wie KMU von KI-L\u00f6sungen profitieren k\u00f6nnen, so zum Beispiel in der Anwendung von Digitalen Zwillingen. Antoine Verdon, Mitgr\u00fcnder von AI Bridge, schloss den Tag mit einem praxisorientierten Vortrag. Er erkl\u00e4rte, wie Unternehmen k\u00fcnstliche Intelligenz strategisch einsetzen k\u00f6nnen, um Wettbewerbsvorteile zu erzielen.<\/p>\n<h3><strong>Praxisnahes Wissen in Masterclasses<\/strong><\/h3>\n<p>Zus\u00e4tzlich zu den Referaten wurden zwei praxisnahe Masterclasses angeboten: In einer von Swisscom geleiteten Masterclass wurden die Teilnehmenden in das Thema Cyberresilienz eingef\u00fchrt. Sie lernten, wie sie ihre Unternehmen effektiv gegen digitale Bedrohungen sch\u00fctzen k\u00f6nnen, wenn sie ihre Mitarbeitenden als erste Verteidigungslinie einsetzen. Die zweite Masterclass, durchgef\u00fchrt von der Agentur KLAR, besch\u00e4ftigte sich mit dem Thema Employer Branding. Gerade im \u00abWar for Talents\u00bb ist eine starke Arbeitgebermarke entscheidend. Teilnehmende lernten, wie sie diese erfolgreich entwickeln und einsetzen k\u00f6nnen, um sich auf dem Arbeitsmarkt zu positionieren. Auch im Personalwesen ver\u00e4ndert KI viele bisher etablierte Prozesse.<\/p>\n<h3><strong>Plattform f\u00fcr Austausch und Innovation <\/strong><\/h3>\n<p>Den ganzen Tag \u00fcber fand parallel zur Veranstaltung die Messe der KMU-MEM statt. Hier pr\u00e4sentierten Ausstellende ihre neuesten Produkte und Dienstleistungen. Die Messe bot zudem eine ideale Plattform, um sich mit anderen Teilnehmenden auszutauschen und wertvolle Branchenkontakte zu kn\u00fcpfen. Gef\u00e4sse wie der Business Lunch erm\u00f6glichten es, Gespr\u00e4che in entspannter Atmosph\u00e4re zu vertiefen und neue Gesch\u00e4ftsbeziehungen aufzubauen. \u00abDer Swissmechanic Business Day 2024 unterstreicht einmal mehr die Bedeutung des Netzwerks in einer zunehmend digitalisierten und vernetzten Welt\u00bb, res\u00fcmiert Nicola Roberto Tettamanti, Pr\u00e4sident von Swissmechanic Schweiz.<\/p>\n<p><em>Quelle: <a href=\"http:\/\/www.swissmechanic.ch\">www.swissmechanic.ch<\/a><\/em><\/p>\n","protected":false},"excerpt":{"rendered":"<p>Der Swissmechanic Business Day 2024, der Netzwerkanlass der KMU-MEM, fand am 3. September 2024, in der Messe Luzern statt. Der alle zwei Jahre stattfindende Event war dieses Jahr dem Thema \u00abK\u00fcnstliche Intelligenz\u00bb gewidmet. Rund 200 Branchenvertreter\/-innen nahmen an der Veranstaltung teil, um gemeinsam die Herausforderungen und Chancen f\u00fcr die KMU-MEM zu er\u00f6rtern. <\/p>\n","protected":false},"author":58,"featured_media":29547,"comment_status":"closed","ping_status":"closed","sticky":false,"template":"","format":"standard","meta":{"_acf_changed":false,"_yoast_wpseo_focuskw":"KMU-MEM","_yoast_wpseo_metadesc":"Der Swissmechanic Business Day 2024, der Netzwerkanlass der KMU-MEM, fand am 3. September 2024, in der Messe Luzern statt.","articlekey":"","footnotes":""},"categories":[28],"tags":[712,298,4406,334,492],"class_list":["post-29545","post","type-post","status-publish","format-standard","has-post-thumbnail","hentry","category-management","tag-anlass","tag-ki","tag-kmu-mem","tag-management","tag-unternehmen"],"acf":[],"yoast_head":"<!-- This site is optimized with the Yoast SEO plugin v27.4 - https:\/\/yoast.com\/product\/yoast-seo-wordpress\/ -->\n<title>KMU-MEM sind bereit f\u00fcr die k\u00fcnstliche Intelligenz - Organisator<\/title>\n<meta name=\"description\" content=\"Der Swissmechanic Business Day 2024, der Netzwerkanlass der KMU-MEM, fand am 3. September 2024, in der Messe Luzern statt.\" \/>\n<meta name=\"robots\" content=\"index, follow, max-snippet:-1, max-image-preview:large, max-video-preview:-1\" \/>\n<link rel=\"canonical\" href=\"https:\/\/www.organisator.ch\/de\/management\/2024-09-04\/kmu-mem-sind-bereit-fuer-die-kuenstliche-intelligenz\/\" \/>\n<meta property=\"og:locale\" content=\"de_DE\" \/>\n<meta property=\"og:type\" content=\"article\" \/>\n<meta property=\"og:title\" content=\"KMU-MEM sind bereit f\u00fcr die k\u00fcnstliche Intelligenz\" \/>\n<meta property=\"og:description\" content=\"Der Swissmechanic Business Day 2024, der Netzwerkanlass der KMU-MEM, fand am 3. September 2024, in der Messe Luzern statt.\" \/>\n<meta property=\"og:url\" content=\"https:\/\/www.organisator.ch\/de\/management\/2024-09-04\/kmu-mem-sind-bereit-fuer-die-kuenstliche-intelligenz\/\" \/>\n<meta property=\"og:site_name\" content=\"Organisator\" \/>\n<meta property=\"article:publisher\" content=\"https:\/\/www.facebook.com\/OrganisatorFachmagazin\" \/>\n<meta property=\"article:published_time\" content=\"2024-09-04T11:25:26+00:00\" \/>\n<meta property=\"article:modified_time\" content=\"2024-09-27T05:47:28+00:00\" \/>\n<meta property=\"og:image\" content=\"https:\/\/www.organisator.ch\/wp-content\/uploads\/2024\/09\/Messe_KMU_MEM_Bild1_ps.jpg\" \/>\n\t<meta property=\"og:image:width\" content=\"680\" \/>\n\t<meta property=\"og:image:height\" content=\"440\" \/>\n\t<meta property=\"og:image:type\" content=\"image\/jpeg\" \/>\n<meta name=\"author\" content=\"Adelisa Kalajdzini\" \/>\n<meta name=\"twitter:card\" content=\"summary_large_image\" \/>\n<meta name=\"twitter:title\" content=\"KMU-MEM sind bereit f\u00fcr die k\u00fcnstliche Intelligenz\" \/>\n<meta name=\"twitter:description\" content=\"Der #Swissmechanic #Business #Day 2024, der #Netzwerkanlass der #KMU-MEM, fand am 3. September 2024, in der #Messe #Luzern statt.\" \/>\n<meta name=\"twitter:image\" content=\"https:\/\/www.organisator.ch\/wp-content\/uploads\/2024\/09\/Messe_KMU_MEM_Bild1_ps.jpg\" \/>\n<script type=\"application\/ld+json\" class=\"yoast-schema-graph\">{\"@context\":\"https:\\\/\\\/schema.org\",\"@graph\":[{\"@type\":\"Article\",\"@id\":\"https:\\\/\\\/www.organisator.ch\\\/management\\\/2024-09-04\\\/kmu-mem-sind-bereit-fuer-die-kuenstliche-intelligenz\\\/#article\",\"isPartOf\":{\"@id\":\"https:\\\/\\\/www.organisator.ch\\\/management\\\/2024-09-04\\\/kmu-mem-sind-bereit-fuer-die-kuenstliche-intelligenz\\\/\"},\"author\":{\"name\":\"Adelisa Kalajdzini\",\"@id\":\"https:\\\/\\\/www.organisator.ch\\\/#\\\/schema\\\/person\\\/2e1314a2172123f874db408d8911d3f3\"},\"headline\":\"KMU-MEM sind bereit f\u00fcr die k\u00fcnstliche Intelligenz\",\"datePublished\":\"2024-09-04T11:25:26+00:00\",\"dateModified\":\"2024-09-27T05:47:28+00:00\",\"mainEntityOfPage\":{\"@id\":\"https:\\\/\\\/www.organisator.ch\\\/management\\\/2024-09-04\\\/kmu-mem-sind-bereit-fuer-die-kuenstliche-intelligenz\\\/\"},\"wordCount\":490,\"publisher\":{\"@id\":\"https:\\\/\\\/www.organisator.ch\\\/#organization\"},\"image\":{\"@id\":\"https:\\\/\\\/www.organisator.ch\\\/management\\\/2024-09-04\\\/kmu-mem-sind-bereit-fuer-die-kuenstliche-intelligenz\\\/#primaryimage\"},\"thumbnailUrl\":\"https:\\\/\\\/www.organisator.ch\\\/wp-content\\\/uploads\\\/2024\\\/09\\\/Messe_KMU_MEM_Bild1_ps.jpg\",\"keywords\":[\"Anlass\",\"KI\",\"KMU-MEM\",\"Management\",\"Unternehmen\"],\"articleSection\":[\"MANAGEMENT\"],\"inLanguage\":\"de\"},{\"@type\":\"WebPage\",\"@id\":\"https:\\\/\\\/www.organisator.ch\\\/management\\\/2024-09-04\\\/kmu-mem-sind-bereit-fuer-die-kuenstliche-intelligenz\\\/\",\"url\":\"https:\\\/\\\/www.organisator.ch\\\/management\\\/2024-09-04\\\/kmu-mem-sind-bereit-fuer-die-kuenstliche-intelligenz\\\/\",\"name\":\"KMU-MEM sind bereit f\u00fcr die k\u00fcnstliche Intelligenz - Organisator\",\"isPartOf\":{\"@id\":\"https:\\\/\\\/www.organisator.ch\\\/#website\"},\"primaryImageOfPage\":{\"@id\":\"https:\\\/\\\/www.organisator.ch\\\/management\\\/2024-09-04\\\/kmu-mem-sind-bereit-fuer-die-kuenstliche-intelligenz\\\/#primaryimage\"},\"image\":{\"@id\":\"https:\\\/\\\/www.organisator.ch\\\/management\\\/2024-09-04\\\/kmu-mem-sind-bereit-fuer-die-kuenstliche-intelligenz\\\/#primaryimage\"},\"thumbnailUrl\":\"https:\\\/\\\/www.organisator.ch\\\/wp-content\\\/uploads\\\/2024\\\/09\\\/Messe_KMU_MEM_Bild1_ps.jpg\",\"datePublished\":\"2024-09-04T11:25:26+00:00\",\"dateModified\":\"2024-09-27T05:47:28+00:00\",\"description\":\"Der Swissmechanic Business Day 2024, der Netzwerkanlass der KMU-MEM, fand am 3. September 2024, in der Messe Luzern statt.\",\"breadcrumb\":{\"@id\":\"https:\\\/\\\/www.organisator.ch\\\/management\\\/2024-09-04\\\/kmu-mem-sind-bereit-fuer-die-kuenstliche-intelligenz\\\/#breadcrumb\"},\"inLanguage\":\"de\",\"potentialAction\":[{\"@type\":\"ReadAction\",\"target\":[\"https:\\\/\\\/www.organisator.ch\\\/management\\\/2024-09-04\\\/kmu-mem-sind-bereit-fuer-die-kuenstliche-intelligenz\\\/\"]}]},{\"@type\":\"ImageObject\",\"inLanguage\":\"de\",\"@id\":\"https:\\\/\\\/www.organisator.ch\\\/management\\\/2024-09-04\\\/kmu-mem-sind-bereit-fuer-die-kuenstliche-intelligenz\\\/#primaryimage\",\"url\":\"https:\\\/\\\/www.organisator.ch\\\/wp-content\\\/uploads\\\/2024\\\/09\\\/Messe_KMU_MEM_Bild1_ps.jpg\",\"contentUrl\":\"https:\\\/\\\/www.organisator.ch\\\/wp-content\\\/uploads\\\/2024\\\/09\\\/Messe_KMU_MEM_Bild1_ps.jpg\",\"width\":680,\"height\":440,\"caption\":\"Den ganzen Tag \u00fcber fand parallel zur Veranstaltung die Messe der KMU-MEM statt. (Bild: www.swissmechanic.ch)\"},{\"@type\":\"BreadcrumbList\",\"@id\":\"https:\\\/\\\/www.organisator.ch\\\/management\\\/2024-09-04\\\/kmu-mem-sind-bereit-fuer-die-kuenstliche-intelligenz\\\/#breadcrumb\",\"itemListElement\":[{\"@type\":\"ListItem\",\"position\":1,\"name\":\"Home\",\"item\":\"https:\\\/\\\/www.organisator.ch\\\/\"},{\"@type\":\"ListItem\",\"position\":2,\"name\":\"KMU-MEM sind bereit f\u00fcr die k\u00fcnstliche Intelligenz\"}]},{\"@type\":\"WebSite\",\"@id\":\"https:\\\/\\\/www.organisator.ch\\\/#website\",\"url\":\"https:\\\/\\\/www.organisator.ch\\\/\",\"name\":\"Organisator\",\"description\":\"Kompetent. Praxisnah. Der ORGANISATOR bereitet in 10 Ausgaben pro Jahr die wesentlichen Themen f\u00fcr F\u00fchrungskr\u00e4fte von KMU auf.\",\"publisher\":{\"@id\":\"https:\\\/\\\/www.organisator.ch\\\/#organization\"},\"potentialAction\":[{\"@type\":\"SearchAction\",\"target\":{\"@type\":\"EntryPoint\",\"urlTemplate\":\"https:\\\/\\\/www.organisator.ch\\\/?s={search_term_string}\"},\"query-input\":{\"@type\":\"PropertyValueSpecification\",\"valueRequired\":true,\"valueName\":\"search_term_string\"}}],\"inLanguage\":\"de\"},{\"@type\":\"Organization\",\"@id\":\"https:\\\/\\\/www.organisator.ch\\\/#organization\",\"name\":\"Organisator\",\"url\":\"https:\\\/\\\/www.organisator.ch\\\/\",\"logo\":{\"@type\":\"ImageObject\",\"inLanguage\":\"de\",\"@id\":\"https:\\\/\\\/www.organisator.ch\\\/#\\\/schema\\\/logo\\\/image\\\/\",\"url\":\"https:\\\/\\\/www.organisator.ch\\\/wp-content\\\/uploads\\\/2022\\\/01\\\/Logo_Organisator_Website.png\",\"contentUrl\":\"https:\\\/\\\/www.organisator.ch\\\/wp-content\\\/uploads\\\/2022\\\/01\\\/Logo_Organisator_Website.png\",\"width\":800,\"height\":77,\"caption\":\"Organisator\"},\"image\":{\"@id\":\"https:\\\/\\\/www.organisator.ch\\\/#\\\/schema\\\/logo\\\/image\\\/\"},\"sameAs\":[\"https:\\\/\\\/www.facebook.com\\\/OrganisatorFachmagazin\",\"https:\\\/\\\/www.linkedin.com\\\/showcase\\\/organisator-das-magazin-fr-kmu\",\"https:\\\/\\\/www.xing.com\\\/news\\\/pages\\\/organisator-ch-695\",\"https:\\\/\\\/www.youtube.com\\\/channel\\\/UCGP2Sq0iWaZwT3BdIAQFYpw\"]},{\"@type\":\"Person\",\"@id\":\"https:\\\/\\\/www.organisator.ch\\\/#\\\/schema\\\/person\\\/2e1314a2172123f874db408d8911d3f3\",\"name\":\"Adelisa Kalajdzini\",\"image\":{\"@type\":\"ImageObject\",\"inLanguage\":\"de\",\"@id\":\"https:\\\/\\\/secure.gravatar.com\\\/avatar\\\/09a397c22ac58cad6f160ee8306348599df9df58a8ede73696226897b9fa4b24?s=96&d=mm&r=g\",\"url\":\"https:\\\/\\\/secure.gravatar.com\\\/avatar\\\/09a397c22ac58cad6f160ee8306348599df9df58a8ede73696226897b9fa4b24?s=96&d=mm&r=g\",\"contentUrl\":\"https:\\\/\\\/secure.gravatar.com\\\/avatar\\\/09a397c22ac58cad6f160ee8306348599df9df58a8ede73696226897b9fa4b24?s=96&d=mm&r=g\",\"caption\":\"Adelisa Kalajdzini\"},\"url\":\"https:\\\/\\\/www.organisator.ch\\\/de\\\/author\\\/adelisa-kalajdzini\\\/\"}]}<\/script>\n<!-- \/ Yoast SEO plugin. -->","yoast_head_json":{"title":"KMU-MEM sind bereit f\u00fcr die k\u00fcnstliche Intelligenz - Organisator","description":"Der Swissmechanic Business Day 2024, der Netzwerkanlass der KMU-MEM, fand am 3. September 2024, in der Messe Luzern statt.","robots":{"index":"index","follow":"follow","max-snippet":"max-snippet:-1","max-image-preview":"max-image-preview:large","max-video-preview":"max-video-preview:-1"},"canonical":"https:\/\/www.organisator.ch\/de\/management\/2024-09-04\/kmu-mem-sind-bereit-fuer-die-kuenstliche-intelligenz\/","og_locale":"de_DE","og_type":"article","og_title":"KMU-MEM sind bereit f\u00fcr die k\u00fcnstliche Intelligenz","og_description":"Der Swissmechanic Business Day 2024, der Netzwerkanlass der KMU-MEM, fand am 3. September 2024, in der Messe Luzern statt.","og_url":"https:\/\/www.organisator.ch\/de\/management\/2024-09-04\/kmu-mem-sind-bereit-fuer-die-kuenstliche-intelligenz\/","og_site_name":"Organisator","article_publisher":"https:\/\/www.facebook.com\/OrganisatorFachmagazin","article_published_time":"2024-09-04T11:25:26+00:00","article_modified_time":"2024-09-27T05:47:28+00:00","og_image":[{"width":680,"height":440,"url":"https:\/\/www.organisator.ch\/wp-content\/uploads\/2024\/09\/Messe_KMU_MEM_Bild1_ps.jpg","type":"image\/jpeg"}],"author":"Adelisa Kalajdzini","twitter_card":"summary_large_image","twitter_title":"KMU-MEM sind bereit f\u00fcr die k\u00fcnstliche Intelligenz","twitter_description":"Der #Swissmechanic #Business #Day 2024, der #Netzwerkanlass der #KMU-MEM, fand am 3. September 2024, in der #Messe #Luzern statt.","twitter_image":"https:\/\/www.organisator.ch\/wp-content\/uploads\/2024\/09\/Messe_KMU_MEM_Bild1_ps.jpg","schema":{"@context":"https:\/\/schema.org","@graph":[{"@type":"Article","@id":"https:\/\/www.organisator.ch\/management\/2024-09-04\/kmu-mem-sind-bereit-fuer-die-kuenstliche-intelligenz\/#article","isPartOf":{"@id":"https:\/\/www.organisator.ch\/management\/2024-09-04\/kmu-mem-sind-bereit-fuer-die-kuenstliche-intelligenz\/"},"author":{"name":"Adelisa Kalajdzini","@id":"https:\/\/www.organisator.ch\/#\/schema\/person\/2e1314a2172123f874db408d8911d3f3"},"headline":"KMU-MEM sind bereit f\u00fcr die k\u00fcnstliche Intelligenz","datePublished":"2024-09-04T11:25:26+00:00","dateModified":"2024-09-27T05:47:28+00:00","mainEntityOfPage":{"@id":"https:\/\/www.organisator.ch\/management\/2024-09-04\/kmu-mem-sind-bereit-fuer-die-kuenstliche-intelligenz\/"},"wordCount":490,"publisher":{"@id":"https:\/\/www.organisator.ch\/#organization"},"image":{"@id":"https:\/\/www.organisator.ch\/management\/2024-09-04\/kmu-mem-sind-bereit-fuer-die-kuenstliche-intelligenz\/#primaryimage"},"thumbnailUrl":"https:\/\/www.organisator.ch\/wp-content\/uploads\/2024\/09\/Messe_KMU_MEM_Bild1_ps.jpg","keywords":["Anlass","KI","KMU-MEM","Management","Unternehmen"],"articleSection":["MANAGEMENT"],"inLanguage":"de"},{"@type":"WebPage","@id":"https:\/\/www.organisator.ch\/management\/2024-09-04\/kmu-mem-sind-bereit-fuer-die-kuenstliche-intelligenz\/","url":"https:\/\/www.organisator.ch\/management\/2024-09-04\/kmu-mem-sind-bereit-fuer-die-kuenstliche-intelligenz\/","name":"KMU-MEM sind bereit f\u00fcr die k\u00fcnstliche Intelligenz - Organisator","isPartOf":{"@id":"https:\/\/www.organisator.ch\/#website"},"primaryImageOfPage":{"@id":"https:\/\/www.organisator.ch\/management\/2024-09-04\/kmu-mem-sind-bereit-fuer-die-kuenstliche-intelligenz\/#primaryimage"},"image":{"@id":"https:\/\/www.organisator.ch\/management\/2024-09-04\/kmu-mem-sind-bereit-fuer-die-kuenstliche-intelligenz\/#primaryimage"},"thumbnailUrl":"https:\/\/www.organisator.ch\/wp-content\/uploads\/2024\/09\/Messe_KMU_MEM_Bild1_ps.jpg","datePublished":"2024-09-04T11:25:26+00:00","dateModified":"2024-09-27T05:47:28+00:00","description":"Der Swissmechanic Business Day 2024, der Netzwerkanlass der KMU-MEM, fand am 3. September 2024, in der Messe Luzern statt.","breadcrumb":{"@id":"https:\/\/www.organisator.ch\/management\/2024-09-04\/kmu-mem-sind-bereit-fuer-die-kuenstliche-intelligenz\/#breadcrumb"},"inLanguage":"de","potentialAction":[{"@type":"ReadAction","target":["https:\/\/www.organisator.ch\/management\/2024-09-04\/kmu-mem-sind-bereit-fuer-die-kuenstliche-intelligenz\/"]}]},{"@type":"ImageObject","inLanguage":"de","@id":"https:\/\/www.organisator.ch\/management\/2024-09-04\/kmu-mem-sind-bereit-fuer-die-kuenstliche-intelligenz\/#primaryimage","url":"https:\/\/www.organisator.ch\/wp-content\/uploads\/2024\/09\/Messe_KMU_MEM_Bild1_ps.jpg","contentUrl":"https:\/\/www.organisator.ch\/wp-content\/uploads\/2024\/09\/Messe_KMU_MEM_Bild1_ps.jpg","width":680,"height":440,"caption":"Den ganzen Tag \u00fcber fand parallel zur Veranstaltung die Messe der KMU-MEM statt. (Bild: www.swissmechanic.ch)"},{"@type":"BreadcrumbList","@id":"https:\/\/www.organisator.ch\/management\/2024-09-04\/kmu-mem-sind-bereit-fuer-die-kuenstliche-intelligenz\/#breadcrumb","itemListElement":[{"@type":"ListItem","position":1,"name":"Home","item":"https:\/\/www.organisator.ch\/"},{"@type":"ListItem","position":2,"name":"KMU-MEM sind bereit f\u00fcr die k\u00fcnstliche Intelligenz"}]},{"@type":"WebSite","@id":"https:\/\/www.organisator.ch\/#website","url":"https:\/\/www.organisator.ch\/","name":"Organisator","description":"Kompetent. Praxisnah. Der ORGANISATOR bereitet in 10 Ausgaben pro Jahr die wesentlichen Themen f\u00fcr F\u00fchrungskr\u00e4fte von KMU auf.","publisher":{"@id":"https:\/\/www.organisator.ch\/#organization"},"potentialAction":[{"@type":"SearchAction","target":{"@type":"EntryPoint","urlTemplate":"https:\/\/www.organisator.ch\/?s={search_term_string}"},"query-input":{"@type":"PropertyValueSpecification","valueRequired":true,"valueName":"search_term_string"}}],"inLanguage":"de"},{"@type":"Organization","@id":"https:\/\/www.organisator.ch\/#organization","name":"Organisator","url":"https:\/\/www.organisator.ch\/","logo":{"@type":"ImageObject","inLanguage":"de","@id":"https:\/\/www.organisator.ch\/#\/schema\/logo\/image\/","url":"https:\/\/www.organisator.ch\/wp-content\/uploads\/2022\/01\/Logo_Organisator_Website.png","contentUrl":"https:\/\/www.organisator.ch\/wp-content\/uploads\/2022\/01\/Logo_Organisator_Website.png","width":800,"height":77,"caption":"Organisator"},"image":{"@id":"https:\/\/www.organisator.ch\/#\/schema\/logo\/image\/"},"sameAs":["https:\/\/www.facebook.com\/OrganisatorFachmagazin","https:\/\/www.linkedin.com\/showcase\/organisator-das-magazin-fr-kmu","https:\/\/www.xing.com\/news\/pages\/organisator-ch-695","https:\/\/www.youtube.com\/channel\/UCGP2Sq0iWaZwT3BdIAQFYpw"]},{"@type":"Person","@id":"https:\/\/www.organisator.ch\/#\/schema\/person\/2e1314a2172123f874db408d8911d3f3","name":"Adelisa Kalajdzini","image":{"@type":"ImageObject","inLanguage":"de","@id":"https:\/\/secure.gravatar.com\/avatar\/09a397c22ac58cad6f160ee8306348599df9df58a8ede73696226897b9fa4b24?s=96&d=mm&r=g","url":"https:\/\/secure.gravatar.com\/avatar\/09a397c22ac58cad6f160ee8306348599df9df58a8ede73696226897b9fa4b24?s=96&d=mm&r=g","contentUrl":"https:\/\/secure.gravatar.com\/avatar\/09a397c22ac58cad6f160ee8306348599df9df58a8ede73696226897b9fa4b24?s=96&d=mm&r=g","caption":"Adelisa Kalajdzini"},"url":"https:\/\/www.organisator.ch\/de\/author\/adelisa-kalajdzini\/"}]}},"_links":{"self":[{"href":"https:\/\/www.organisator.ch\/de\/wp-json\/wp\/v2\/posts\/29545","targetHints":{"allow":["GET"]}}],"collection":[{"href":"https:\/\/www.organisator.ch\/de\/wp-json\/wp\/v2\/posts"}],"about":[{"href":"https:\/\/www.organisator.ch\/de\/wp-json\/wp\/v2\/types\/post"}],"author":[{"embeddable":true,"href":"https:\/\/www.organisator.ch\/de\/wp-json\/wp\/v2\/users\/58"}],"replies":[{"embeddable":true,"href":"https:\/\/www.organisator.ch\/de\/wp-json\/wp\/v2\/comments?post=29545"}],"version-history":[{"count":6,"href":"https:\/\/www.organisator.ch\/de\/wp-json\/wp\/v2\/posts\/29545\/revisions"}],"predecessor-version":[{"id":30176,"href":"https:\/\/www.organisator.ch\/de\/wp-json\/wp\/v2\/posts\/29545\/revisions\/30176"}],"wp:featuredmedia":[{"embeddable":true,"href":"https:\/\/www.organisator.ch\/de\/wp-json\/wp\/v2\/media\/29547"}],"wp:attachment":[{"href":"https:\/\/www.organisator.ch\/de\/wp-json\/wp\/v2\/media?parent=29545"}],"wp:term":[{"taxonomy":"category","embeddable":true,"href":"https:\/\/www.organisator.ch\/de\/wp-json\/wp\/v2\/categories?post=29545"},{"taxonomy":"post_tag","embeddable":true,"href":"https:\/\/www.organisator.ch\/de\/wp-json\/wp\/v2\/tags?post=29545"}],"curies":[{"name":"wp","href":"https:\/\/api.w.org\/{rel}","templated":true}]}}