{"id":29549,"date":"2024-09-05T07:17:51","date_gmt":"2024-09-05T05:17:51","guid":{"rendered":"https:\/\/www.organisator.ch\/?p=29549"},"modified":"2024-09-04T15:18:20","modified_gmt":"2024-09-04T13:18:20","slug":"svc-mitgliederversammlung-neue-vorstandsmitglieder-und-geschaeftsstelle","status":"publish","type":"post","link":"https:\/\/www.organisator.ch\/de\/management\/2024-09-05\/svc-mitgliederversammlung-neue-vorstandsmitglieder-und-geschaeftsstelle\/","title":{"rendered":"SVC Mitgliederversammlung: Neue Vorstandsmitglieder und Gesch\u00e4ftsstelle"},"content":{"rendered":"<figure id=\"attachment_29550\" aria-describedby=\"caption-attachment-29550\" style=\"width: 680px\" class=\"wp-caption alignnone\"><img loading=\"lazy\" decoding=\"async\" class=\"wp-image-29550 size-full\" src=\"https:\/\/www.organisator.ch\/wp-content\/uploads\/2024\/09\/SVC_Bild1_ps.jpg\" alt=\"\" width=\"680\" height=\"453\" srcset=\"https:\/\/www.organisator.ch\/wp-content\/uploads\/2024\/09\/SVC_Bild1_ps.jpg 680w, https:\/\/www.organisator.ch\/wp-content\/uploads\/2024\/09\/SVC_Bild1_ps-18x12.jpg 18w, https:\/\/www.organisator.ch\/wp-content\/uploads\/2024\/09\/SVC_Bild1_ps-375x250.jpg 375w, https:\/\/www.organisator.ch\/wp-content\/uploads\/2024\/09\/SVC_Bild1_ps-525x350.jpg 525w\" sizes=\"auto, (max-width: 680px) 100vw, 680px\" \/><figcaption id=\"caption-attachment-29550\" class=\"wp-caption-text\">Impressionen von der Mitgliederversammlung des Swiss Venture Clubs (SVC) 2024. (Bild: SVC\/KEYSTONE\/Manuel Lopez)<\/figcaption><\/figure>\n<p>Rund 300 Mitglieder fanden sich am 3. September 2024 zur j\u00e4hrlichen Mitgliederversammlung des SVC im Hotel Bellevue Palace in Bern ein. Nach einem R\u00fcckblick auf viele inspirierende Prix SVC Verleihungen und weitere KMU-Events im letzten Jahr, sowie der Abnahme der Jahres-rechnung standen als zentraler Punkt auch Vorstandswahlen und Verabschiedungen auf der Traktandenliste.<\/p>\n<h3><strong>Drei Neue und ein Comeback <\/strong><\/h3>\n<p>Die SVC Mitglieder w\u00e4hlten vier neue Pers\u00f6nlichkeiten in den Vorstand. Neben drei neuen Gesichtern (Judith Bellaiche, Kris Vietze und Thomas Sommerhalder) gibt mit Dr. Beat Brechb\u00fchl auch ein alter Bekannter sein Comeback im Vorstandsgremium.<\/p>\n<p>Die vier neu gew\u00e4hlten SVC Vorstandsmitglieder in der \u00dcbersicht:<\/p>\n<p>&#8211;<strong> Judith Bellaiche<\/strong>, ehemalige Nationalr\u00e4tin GLP und ehemalige Leiterin von Swico (Wirtschaftsverband f\u00fcr die digitale Schweiz), wird nach einer beruflichen Neuorientierung nun neue Mandate und Aktivit\u00e4ten aufnehmen, so unter anderem im SVC.<\/p>\n<p>&#8211; <strong>Kris Vietze<\/strong> ist Mitinhaberin der international t\u00e4tigen Schweizer Unternehmensgruppe Baumer, die in der Sensortechnik zu Hause ist. Zudem ist sie bekannt als Thurgauer Nationalr\u00e4tin und Pr\u00e4sidentin der Industrie und Handelskammer (IHK) Thurgau.<\/p>\n<p>&#8211; <strong>Thomas Sommerhalder<\/strong> wird als Vertreter des Premium Gold Partners UBS im Vorstand Einsitz nehmen. Er kennt den SVC bereits seit vielen Jahren und durfte in seiner Zeit als CEO bei Swisstulle auch als Preistr\u00e4ger auf der Prix SVC B\u00fchne stehen (2. Rang am Prix SVC Ostschweiz 2006).<\/p>\n<p>&#8211; <strong>Dr. Beat Brechb\u00fchl<\/strong>, Chairman\/Managing Partner von Kellerhals Carrard, kehrt in den SVC Vorstand zur\u00fcck. Der Wirtschaftsanwalt ist Mitgr\u00fcnder sowie Ehrenmitglied des SVC und geh\u00f6rte dem Vorstand bereits fr\u00fcher w\u00e4hrend 20 Jahren als aktives Mitglied an.<\/p>\n<p>Als SVC Vorstandsmitglieder zur\u00fcckgetreten sind Unternehmerin Nicole Herzog und der ehemalige SVC Pr\u00e4sident Andreas Gerber. Beide wurden von der Versammlung geb\u00fchrend verabschiedet.<\/p>\n<p>Vorerst keine Ver\u00e4nderung gibt es an der Spitze des SVC. Der bisherige Vizepr\u00e4sident, Hans Baumgartner, der den Vorstand seit Januar 2024 anf\u00fchrt, wurde f\u00fcr eine weitere Amtszeit von zwei Jahren wiedergew\u00e4hlt. Er wird weiterhin f\u00fcr die Gesch\u00e4fte des SVC verantwortlich bleiben, bis eine neue Person ins Pr\u00e4sidium berufen wird.<\/p>\n<h3><strong>Spannende Synergien im Bernapark in Deisswil <\/strong><\/h3>\n<p>Zudem wurde an der Mitgliederversammlung mitgeteilt, dass das Kernteam des SVC per Januar 2025 umzieht. Der neue Standort der Gesch\u00e4ftsstelle im ZID (Zentrum f\u00fcr Innovation &amp; Digitalisierung) im Bernapark bietet neben attraktiven B\u00fcros auch interessante Perspektiven f\u00fcr das KMU-Netzwerk. \u00abWir freuen uns auf unseren neuen Standort im ZID Bernapark und werden uns in diesem inspirierenden Umfeld rasch einleben\u00bb, zeigt sich Gesch\u00e4ftsf\u00fchrer Michael Fahrni \u00fcberzeugt.<\/p>\n<h3><strong>Inspirierender Talk mit Mark Streit <\/strong><\/h3>\n<p>Im Anschluss an die statutarischen Traktanden folgte als Highlight der Veranstaltung ein Talk mit Ex-Eishockeyprofi und Unternehmer Mark Streit. Der ehemalige NHL-All-Star und Kapit\u00e4n der Schweizer Nationalmannschaft zeigte eindr\u00fccklich auf, wie ihm seine Erfahrungen aus dem Spitzensport heute als Unternehmer helfen und welche Parallelen es zwischen den beiden Welten gibt.<\/p>\n<p><em>Quelle: <a href=\"http:\/\/www.svc.swiss\">www.svc.swiss<\/a><\/em><\/p>\n","protected":false},"excerpt":{"rendered":"<p>An der SVC Mitgliederversammlung am 3. September wurden die Weichen f\u00fcr die Zukunft des KMU-Netzwerks gestellt. Neben der Wahl von vier neuen Vorstandsmitgliedern wurde auch \u00fcber den Umzug der SVC Gesch\u00e4ftsstelle informiert. Der Verein bezieht seine neuen B\u00fcros im ZID Bernapark in Deisswil (Stettlen BE) auf Anfang 2025.<\/p>\n","protected":false},"author":58,"featured_media":29550,"comment_status":"closed","ping_status":"closed","sticky":false,"template":"","format":"standard","meta":{"_acf_changed":false,"_yoast_wpseo_focuskw":"SVC Mitgliederversammlung","_yoast_wpseo_metadesc":"An der SVC Mitgliederversammlung am 3. September wurden die Weichen f\u00fcr die Zukunft des KMU-Netzwerks gestellt.","articlekey":"","footnotes":""},"categories":[28],"tags":[334,4458,3149,492],"class_list":["post-29549","post","type-post","status-publish","format-standard","has-post-thumbnail","hentry","category-management","tag-management","tag-svc","tag-synergien","tag-unternehmen"],"acf":[],"yoast_head":"<!-- This site is optimized with the Yoast SEO plugin v27.5 - https:\/\/yoast.com\/product\/yoast-seo-wordpress\/ -->\n<title>SVC Mitgliederversammlung: Neue Vorstandsmitglieder und Gesch\u00e4ftsstelle - Organisator<\/title>\n<meta name=\"description\" content=\"An der SVC Mitgliederversammlung am 3. September wurden die Weichen f\u00fcr die Zukunft des KMU-Netzwerks gestellt.\" \/>\n<meta name=\"robots\" content=\"index, follow, max-snippet:-1, max-image-preview:large, max-video-preview:-1\" \/>\n<link rel=\"canonical\" href=\"https:\/\/www.organisator.ch\/de\/management\/2024-09-05\/svc-mitgliederversammlung-neue-vorstandsmitglieder-und-geschaeftsstelle\/\" \/>\n<meta property=\"og:locale\" content=\"de_DE\" \/>\n<meta property=\"og:type\" content=\"article\" \/>\n<meta property=\"og:title\" content=\"SVC Mitgliederversammlung: Neue Vorstandsmitglieder und Gesch\u00e4ftsstelle\" \/>\n<meta property=\"og:description\" content=\"An der SVC Mitgliederversammlung am 3. September wurden die Weichen f\u00fcr die Zukunft des KMU-Netzwerks gestellt.\" \/>\n<meta property=\"og:url\" content=\"https:\/\/www.organisator.ch\/de\/management\/2024-09-05\/svc-mitgliederversammlung-neue-vorstandsmitglieder-und-geschaeftsstelle\/\" \/>\n<meta property=\"og:site_name\" content=\"Organisator\" \/>\n<meta property=\"article:publisher\" content=\"https:\/\/www.facebook.com\/OrganisatorFachmagazin\" \/>\n<meta property=\"article:published_time\" content=\"2024-09-05T05:17:51+00:00\" \/>\n<meta property=\"og:image\" content=\"https:\/\/www.organisator.ch\/wp-content\/uploads\/2024\/09\/SVC_Bild1_ps.jpg\" \/>\n\t<meta property=\"og:image:width\" content=\"680\" \/>\n\t<meta property=\"og:image:height\" content=\"453\" \/>\n\t<meta property=\"og:image:type\" content=\"image\/jpeg\" \/>\n<meta name=\"author\" content=\"Adelisa Kalajdzini\" \/>\n<meta name=\"twitter:card\" content=\"summary_large_image\" \/>\n<meta name=\"twitter:title\" content=\"SVC Mitgliederversammlung: Neue Vorstandsmitglieder und Gesch\u00e4ftsstelle\" \/>\n<meta name=\"twitter:description\" content=\"An der #SVC #Mitgliederversammlung am 3. September wurden die Weichen f\u00fcr die #Zukunft des #KMU-Netzwerks gestellt.\" \/>\n<meta name=\"twitter:image\" content=\"https:\/\/www.organisator.ch\/wp-content\/uploads\/2024\/09\/SVC_Bild1_ps.jpg\" \/>\n<script type=\"application\/ld+json\" class=\"yoast-schema-graph\">{\"@context\":\"https:\\\/\\\/schema.org\",\"@graph\":[{\"@type\":\"Article\",\"@id\":\"https:\\\/\\\/www.organisator.ch\\\/management\\\/2024-09-05\\\/svc-mitgliederversammlung-neue-vorstandsmitglieder-und-geschaeftsstelle\\\/#article\",\"isPartOf\":{\"@id\":\"https:\\\/\\\/www.organisator.ch\\\/management\\\/2024-09-05\\\/svc-mitgliederversammlung-neue-vorstandsmitglieder-und-geschaeftsstelle\\\/\"},\"author\":{\"name\":\"Adelisa Kalajdzini\",\"@id\":\"https:\\\/\\\/www.organisator.ch\\\/#\\\/schema\\\/person\\\/2e1314a2172123f874db408d8911d3f3\"},\"headline\":\"SVC Mitgliederversammlung: Neue Vorstandsmitglieder und Gesch\u00e4ftsstelle\",\"datePublished\":\"2024-09-05T05:17:51+00:00\",\"mainEntityOfPage\":{\"@id\":\"https:\\\/\\\/www.organisator.ch\\\/management\\\/2024-09-05\\\/svc-mitgliederversammlung-neue-vorstandsmitglieder-und-geschaeftsstelle\\\/\"},\"wordCount\":509,\"publisher\":{\"@id\":\"https:\\\/\\\/www.organisator.ch\\\/#organization\"},\"image\":{\"@id\":\"https:\\\/\\\/www.organisator.ch\\\/management\\\/2024-09-05\\\/svc-mitgliederversammlung-neue-vorstandsmitglieder-und-geschaeftsstelle\\\/#primaryimage\"},\"thumbnailUrl\":\"https:\\\/\\\/www.organisator.ch\\\/wp-content\\\/uploads\\\/2024\\\/09\\\/SVC_Bild1_ps.jpg\",\"keywords\":[\"Management\",\"SVC\",\"Synergien\",\"Unternehmen\"],\"articleSection\":[\"MANAGEMENT\"],\"inLanguage\":\"de\"},{\"@type\":\"WebPage\",\"@id\":\"https:\\\/\\\/www.organisator.ch\\\/management\\\/2024-09-05\\\/svc-mitgliederversammlung-neue-vorstandsmitglieder-und-geschaeftsstelle\\\/\",\"url\":\"https:\\\/\\\/www.organisator.ch\\\/management\\\/2024-09-05\\\/svc-mitgliederversammlung-neue-vorstandsmitglieder-und-geschaeftsstelle\\\/\",\"name\":\"SVC Mitgliederversammlung: Neue Vorstandsmitglieder und Gesch\u00e4ftsstelle - Organisator\",\"isPartOf\":{\"@id\":\"https:\\\/\\\/www.organisator.ch\\\/#website\"},\"primaryImageOfPage\":{\"@id\":\"https:\\\/\\\/www.organisator.ch\\\/management\\\/2024-09-05\\\/svc-mitgliederversammlung-neue-vorstandsmitglieder-und-geschaeftsstelle\\\/#primaryimage\"},\"image\":{\"@id\":\"https:\\\/\\\/www.organisator.ch\\\/management\\\/2024-09-05\\\/svc-mitgliederversammlung-neue-vorstandsmitglieder-und-geschaeftsstelle\\\/#primaryimage\"},\"thumbnailUrl\":\"https:\\\/\\\/www.organisator.ch\\\/wp-content\\\/uploads\\\/2024\\\/09\\\/SVC_Bild1_ps.jpg\",\"datePublished\":\"2024-09-05T05:17:51+00:00\",\"description\":\"An der SVC Mitgliederversammlung am 3. September wurden die Weichen f\u00fcr die Zukunft des KMU-Netzwerks gestellt.\",\"breadcrumb\":{\"@id\":\"https:\\\/\\\/www.organisator.ch\\\/management\\\/2024-09-05\\\/svc-mitgliederversammlung-neue-vorstandsmitglieder-und-geschaeftsstelle\\\/#breadcrumb\"},\"inLanguage\":\"de\",\"potentialAction\":[{\"@type\":\"ReadAction\",\"target\":[\"https:\\\/\\\/www.organisator.ch\\\/management\\\/2024-09-05\\\/svc-mitgliederversammlung-neue-vorstandsmitglieder-und-geschaeftsstelle\\\/\"]}]},{\"@type\":\"ImageObject\",\"inLanguage\":\"de\",\"@id\":\"https:\\\/\\\/www.organisator.ch\\\/management\\\/2024-09-05\\\/svc-mitgliederversammlung-neue-vorstandsmitglieder-und-geschaeftsstelle\\\/#primaryimage\",\"url\":\"https:\\\/\\\/www.organisator.ch\\\/wp-content\\\/uploads\\\/2024\\\/09\\\/SVC_Bild1_ps.jpg\",\"contentUrl\":\"https:\\\/\\\/www.organisator.ch\\\/wp-content\\\/uploads\\\/2024\\\/09\\\/SVC_Bild1_ps.jpg\",\"width\":680,\"height\":453,\"caption\":\"Impressionen von der Mitgliederversammlung des Swiss Venture Clubs (SVC) 2024. (Bild: SVC\\\/KEYSTONE\\\/Manuel Lopez)\"},{\"@type\":\"BreadcrumbList\",\"@id\":\"https:\\\/\\\/www.organisator.ch\\\/management\\\/2024-09-05\\\/svc-mitgliederversammlung-neue-vorstandsmitglieder-und-geschaeftsstelle\\\/#breadcrumb\",\"itemListElement\":[{\"@type\":\"ListItem\",\"position\":1,\"name\":\"Home\",\"item\":\"https:\\\/\\\/www.organisator.ch\\\/\"},{\"@type\":\"ListItem\",\"position\":2,\"name\":\"SVC Mitgliederversammlung: Neue Vorstandsmitglieder und Gesch\u00e4ftsstelle\"}]},{\"@type\":\"WebSite\",\"@id\":\"https:\\\/\\\/www.organisator.ch\\\/#website\",\"url\":\"https:\\\/\\\/www.organisator.ch\\\/\",\"name\":\"Organisator\",\"description\":\"Kompetent. Praxisnah. Der ORGANISATOR bereitet in 10 Ausgaben pro Jahr die wesentlichen Themen f\u00fcr F\u00fchrungskr\u00e4fte von KMU auf.\",\"publisher\":{\"@id\":\"https:\\\/\\\/www.organisator.ch\\\/#organization\"},\"potentialAction\":[{\"@type\":\"SearchAction\",\"target\":{\"@type\":\"EntryPoint\",\"urlTemplate\":\"https:\\\/\\\/www.organisator.ch\\\/?s={search_term_string}\"},\"query-input\":{\"@type\":\"PropertyValueSpecification\",\"valueRequired\":true,\"valueName\":\"search_term_string\"}}],\"inLanguage\":\"de\"},{\"@type\":\"Organization\",\"@id\":\"https:\\\/\\\/www.organisator.ch\\\/#organization\",\"name\":\"Organisator\",\"url\":\"https:\\\/\\\/www.organisator.ch\\\/\",\"logo\":{\"@type\":\"ImageObject\",\"inLanguage\":\"de\",\"@id\":\"https:\\\/\\\/www.organisator.ch\\\/#\\\/schema\\\/logo\\\/image\\\/\",\"url\":\"https:\\\/\\\/www.organisator.ch\\\/wp-content\\\/uploads\\\/2022\\\/01\\\/Logo_Organisator_Website.png\",\"contentUrl\":\"https:\\\/\\\/www.organisator.ch\\\/wp-content\\\/uploads\\\/2022\\\/01\\\/Logo_Organisator_Website.png\",\"width\":800,\"height\":77,\"caption\":\"Organisator\"},\"image\":{\"@id\":\"https:\\\/\\\/www.organisator.ch\\\/#\\\/schema\\\/logo\\\/image\\\/\"},\"sameAs\":[\"https:\\\/\\\/www.facebook.com\\\/OrganisatorFachmagazin\",\"https:\\\/\\\/www.linkedin.com\\\/showcase\\\/organisator-das-magazin-fr-kmu\",\"https:\\\/\\\/www.xing.com\\\/news\\\/pages\\\/organisator-ch-695\",\"https:\\\/\\\/www.youtube.com\\\/channel\\\/UCGP2Sq0iWaZwT3BdIAQFYpw\"]},{\"@type\":\"Person\",\"@id\":\"https:\\\/\\\/www.organisator.ch\\\/#\\\/schema\\\/person\\\/2e1314a2172123f874db408d8911d3f3\",\"name\":\"Adelisa Kalajdzini\",\"image\":{\"@type\":\"ImageObject\",\"inLanguage\":\"de\",\"@id\":\"https:\\\/\\\/secure.gravatar.com\\\/avatar\\\/09a397c22ac58cad6f160ee8306348599df9df58a8ede73696226897b9fa4b24?s=96&d=mm&r=g\",\"url\":\"https:\\\/\\\/secure.gravatar.com\\\/avatar\\\/09a397c22ac58cad6f160ee8306348599df9df58a8ede73696226897b9fa4b24?s=96&d=mm&r=g\",\"contentUrl\":\"https:\\\/\\\/secure.gravatar.com\\\/avatar\\\/09a397c22ac58cad6f160ee8306348599df9df58a8ede73696226897b9fa4b24?s=96&d=mm&r=g\",\"caption\":\"Adelisa Kalajdzini\"},\"url\":\"https:\\\/\\\/www.organisator.ch\\\/de\\\/author\\\/adelisa-kalajdzini\\\/\"}]}<\/script>\n<!-- \/ Yoast SEO plugin. -->","yoast_head_json":{"title":"SVC Mitgliederversammlung: Neue Vorstandsmitglieder und Gesch\u00e4ftsstelle - Organisator","description":"An der SVC Mitgliederversammlung am 3. September wurden die Weichen f\u00fcr die Zukunft des KMU-Netzwerks gestellt.","robots":{"index":"index","follow":"follow","max-snippet":"max-snippet:-1","max-image-preview":"max-image-preview:large","max-video-preview":"max-video-preview:-1"},"canonical":"https:\/\/www.organisator.ch\/de\/management\/2024-09-05\/svc-mitgliederversammlung-neue-vorstandsmitglieder-und-geschaeftsstelle\/","og_locale":"de_DE","og_type":"article","og_title":"SVC Mitgliederversammlung: Neue Vorstandsmitglieder und Gesch\u00e4ftsstelle","og_description":"An der SVC Mitgliederversammlung am 3. September wurden die Weichen f\u00fcr die Zukunft des KMU-Netzwerks gestellt.","og_url":"https:\/\/www.organisator.ch\/de\/management\/2024-09-05\/svc-mitgliederversammlung-neue-vorstandsmitglieder-und-geschaeftsstelle\/","og_site_name":"Organisator","article_publisher":"https:\/\/www.facebook.com\/OrganisatorFachmagazin","article_published_time":"2024-09-05T05:17:51+00:00","og_image":[{"width":680,"height":453,"url":"https:\/\/www.organisator.ch\/wp-content\/uploads\/2024\/09\/SVC_Bild1_ps.jpg","type":"image\/jpeg"}],"author":"Adelisa Kalajdzini","twitter_card":"summary_large_image","twitter_title":"SVC Mitgliederversammlung: Neue Vorstandsmitglieder und Gesch\u00e4ftsstelle","twitter_description":"An der #SVC #Mitgliederversammlung am 3. September wurden die Weichen f\u00fcr die #Zukunft des #KMU-Netzwerks gestellt.","twitter_image":"https:\/\/www.organisator.ch\/wp-content\/uploads\/2024\/09\/SVC_Bild1_ps.jpg","schema":{"@context":"https:\/\/schema.org","@graph":[{"@type":"Article","@id":"https:\/\/www.organisator.ch\/management\/2024-09-05\/svc-mitgliederversammlung-neue-vorstandsmitglieder-und-geschaeftsstelle\/#article","isPartOf":{"@id":"https:\/\/www.organisator.ch\/management\/2024-09-05\/svc-mitgliederversammlung-neue-vorstandsmitglieder-und-geschaeftsstelle\/"},"author":{"name":"Adelisa Kalajdzini","@id":"https:\/\/www.organisator.ch\/#\/schema\/person\/2e1314a2172123f874db408d8911d3f3"},"headline":"SVC Mitgliederversammlung: Neue Vorstandsmitglieder und Gesch\u00e4ftsstelle","datePublished":"2024-09-05T05:17:51+00:00","mainEntityOfPage":{"@id":"https:\/\/www.organisator.ch\/management\/2024-09-05\/svc-mitgliederversammlung-neue-vorstandsmitglieder-und-geschaeftsstelle\/"},"wordCount":509,"publisher":{"@id":"https:\/\/www.organisator.ch\/#organization"},"image":{"@id":"https:\/\/www.organisator.ch\/management\/2024-09-05\/svc-mitgliederversammlung-neue-vorstandsmitglieder-und-geschaeftsstelle\/#primaryimage"},"thumbnailUrl":"https:\/\/www.organisator.ch\/wp-content\/uploads\/2024\/09\/SVC_Bild1_ps.jpg","keywords":["Management","SVC","Synergien","Unternehmen"],"articleSection":["MANAGEMENT"],"inLanguage":"de"},{"@type":"WebPage","@id":"https:\/\/www.organisator.ch\/management\/2024-09-05\/svc-mitgliederversammlung-neue-vorstandsmitglieder-und-geschaeftsstelle\/","url":"https:\/\/www.organisator.ch\/management\/2024-09-05\/svc-mitgliederversammlung-neue-vorstandsmitglieder-und-geschaeftsstelle\/","name":"SVC Mitgliederversammlung: Neue Vorstandsmitglieder und Gesch\u00e4ftsstelle - Organisator","isPartOf":{"@id":"https:\/\/www.organisator.ch\/#website"},"primaryImageOfPage":{"@id":"https:\/\/www.organisator.ch\/management\/2024-09-05\/svc-mitgliederversammlung-neue-vorstandsmitglieder-und-geschaeftsstelle\/#primaryimage"},"image":{"@id":"https:\/\/www.organisator.ch\/management\/2024-09-05\/svc-mitgliederversammlung-neue-vorstandsmitglieder-und-geschaeftsstelle\/#primaryimage"},"thumbnailUrl":"https:\/\/www.organisator.ch\/wp-content\/uploads\/2024\/09\/SVC_Bild1_ps.jpg","datePublished":"2024-09-05T05:17:51+00:00","description":"An der SVC Mitgliederversammlung am 3. September wurden die Weichen f\u00fcr die Zukunft des KMU-Netzwerks gestellt.","breadcrumb":{"@id":"https:\/\/www.organisator.ch\/management\/2024-09-05\/svc-mitgliederversammlung-neue-vorstandsmitglieder-und-geschaeftsstelle\/#breadcrumb"},"inLanguage":"de","potentialAction":[{"@type":"ReadAction","target":["https:\/\/www.organisator.ch\/management\/2024-09-05\/svc-mitgliederversammlung-neue-vorstandsmitglieder-und-geschaeftsstelle\/"]}]},{"@type":"ImageObject","inLanguage":"de","@id":"https:\/\/www.organisator.ch\/management\/2024-09-05\/svc-mitgliederversammlung-neue-vorstandsmitglieder-und-geschaeftsstelle\/#primaryimage","url":"https:\/\/www.organisator.ch\/wp-content\/uploads\/2024\/09\/SVC_Bild1_ps.jpg","contentUrl":"https:\/\/www.organisator.ch\/wp-content\/uploads\/2024\/09\/SVC_Bild1_ps.jpg","width":680,"height":453,"caption":"Impressionen von der Mitgliederversammlung des Swiss Venture Clubs (SVC) 2024. (Bild: SVC\/KEYSTONE\/Manuel Lopez)"},{"@type":"BreadcrumbList","@id":"https:\/\/www.organisator.ch\/management\/2024-09-05\/svc-mitgliederversammlung-neue-vorstandsmitglieder-und-geschaeftsstelle\/#breadcrumb","itemListElement":[{"@type":"ListItem","position":1,"name":"Home","item":"https:\/\/www.organisator.ch\/"},{"@type":"ListItem","position":2,"name":"SVC Mitgliederversammlung: Neue Vorstandsmitglieder und Gesch\u00e4ftsstelle"}]},{"@type":"WebSite","@id":"https:\/\/www.organisator.ch\/#website","url":"https:\/\/www.organisator.ch\/","name":"Organisator","description":"Kompetent. Praxisnah. Der ORGANISATOR bereitet in 10 Ausgaben pro Jahr die wesentlichen Themen f\u00fcr F\u00fchrungskr\u00e4fte von KMU auf.","publisher":{"@id":"https:\/\/www.organisator.ch\/#organization"},"potentialAction":[{"@type":"SearchAction","target":{"@type":"EntryPoint","urlTemplate":"https:\/\/www.organisator.ch\/?s={search_term_string}"},"query-input":{"@type":"PropertyValueSpecification","valueRequired":true,"valueName":"search_term_string"}}],"inLanguage":"de"},{"@type":"Organization","@id":"https:\/\/www.organisator.ch\/#organization","name":"Organisator","url":"https:\/\/www.organisator.ch\/","logo":{"@type":"ImageObject","inLanguage":"de","@id":"https:\/\/www.organisator.ch\/#\/schema\/logo\/image\/","url":"https:\/\/www.organisator.ch\/wp-content\/uploads\/2022\/01\/Logo_Organisator_Website.png","contentUrl":"https:\/\/www.organisator.ch\/wp-content\/uploads\/2022\/01\/Logo_Organisator_Website.png","width":800,"height":77,"caption":"Organisator"},"image":{"@id":"https:\/\/www.organisator.ch\/#\/schema\/logo\/image\/"},"sameAs":["https:\/\/www.facebook.com\/OrganisatorFachmagazin","https:\/\/www.linkedin.com\/showcase\/organisator-das-magazin-fr-kmu","https:\/\/www.xing.com\/news\/pages\/organisator-ch-695","https:\/\/www.youtube.com\/channel\/UCGP2Sq0iWaZwT3BdIAQFYpw"]},{"@type":"Person","@id":"https:\/\/www.organisator.ch\/#\/schema\/person\/2e1314a2172123f874db408d8911d3f3","name":"Adelisa Kalajdzini","image":{"@type":"ImageObject","inLanguage":"de","@id":"https:\/\/secure.gravatar.com\/avatar\/09a397c22ac58cad6f160ee8306348599df9df58a8ede73696226897b9fa4b24?s=96&d=mm&r=g","url":"https:\/\/secure.gravatar.com\/avatar\/09a397c22ac58cad6f160ee8306348599df9df58a8ede73696226897b9fa4b24?s=96&d=mm&r=g","contentUrl":"https:\/\/secure.gravatar.com\/avatar\/09a397c22ac58cad6f160ee8306348599df9df58a8ede73696226897b9fa4b24?s=96&d=mm&r=g","caption":"Adelisa Kalajdzini"},"url":"https:\/\/www.organisator.ch\/de\/author\/adelisa-kalajdzini\/"}]}},"_links":{"self":[{"href":"https:\/\/www.organisator.ch\/de\/wp-json\/wp\/v2\/posts\/29549","targetHints":{"allow":["GET"]}}],"collection":[{"href":"https:\/\/www.organisator.ch\/de\/wp-json\/wp\/v2\/posts"}],"about":[{"href":"https:\/\/www.organisator.ch\/de\/wp-json\/wp\/v2\/types\/post"}],"author":[{"embeddable":true,"href":"https:\/\/www.organisator.ch\/de\/wp-json\/wp\/v2\/users\/58"}],"replies":[{"embeddable":true,"href":"https:\/\/www.organisator.ch\/de\/wp-json\/wp\/v2\/comments?post=29549"}],"version-history":[{"count":6,"href":"https:\/\/www.organisator.ch\/de\/wp-json\/wp\/v2\/posts\/29549\/revisions"}],"predecessor-version":[{"id":29616,"href":"https:\/\/www.organisator.ch\/de\/wp-json\/wp\/v2\/posts\/29549\/revisions\/29616"}],"wp:featuredmedia":[{"embeddable":true,"href":"https:\/\/www.organisator.ch\/de\/wp-json\/wp\/v2\/media\/29550"}],"wp:attachment":[{"href":"https:\/\/www.organisator.ch\/de\/wp-json\/wp\/v2\/media?parent=29549"}],"wp:term":[{"taxonomy":"category","embeddable":true,"href":"https:\/\/www.organisator.ch\/de\/wp-json\/wp\/v2\/categories?post=29549"},{"taxonomy":"post_tag","embeddable":true,"href":"https:\/\/www.organisator.ch\/de\/wp-json\/wp\/v2\/tags?post=29549"}],"curies":[{"name":"wp","href":"https:\/\/api.w.org\/{rel}","templated":true}]}}