{"id":2957,"date":"2018-01-09T15:58:50","date_gmt":"2018-01-09T14:58:50","guid":{"rendered":"https:\/\/www.organisator.ch\/?p=2957"},"modified":"2018-01-09T15:58:50","modified_gmt":"2018-01-09T14:58:50","slug":"prognose-diese-trends-werden-2018-die-it-praegen","status":"publish","type":"post","link":"https:\/\/www.organisator.ch\/de\/management\/it\/2018-01-09\/prognose-diese-trends-werden-2018-die-it-praegen\/","title":{"rendered":"Prognose: Diese Trends werden 2018 die IT pr\u00e4gen"},"content":{"rendered":"<figure id=\"attachment_2958\" aria-describedby=\"caption-attachment-2958\" style=\"width: 640px\" class=\"wp-caption alignnone\"><img loading=\"lazy\" decoding=\"async\" class=\"size-full wp-image-2958\" src=\"https:\/\/www.organisator.ch\/wp-content\/uploads\/2018\/01\/Prognose-Diese-Trends-werden-2018-die-IT-praegen_Organisator.jpg\" alt=\"\" width=\"640\" height=\"405\" srcset=\"https:\/\/www.organisator.ch\/wp-content\/uploads\/2018\/01\/Prognose-Diese-Trends-werden-2018-die-IT-praegen_Organisator.jpg 640w, https:\/\/www.organisator.ch\/wp-content\/uploads\/2018\/01\/Prognose-Diese-Trends-werden-2018-die-IT-praegen_Organisator-16x10.jpg 16w, https:\/\/www.organisator.ch\/wp-content\/uploads\/2018\/01\/Prognose-Diese-Trends-werden-2018-die-IT-praegen_Organisator-277x175.jpg 277w, https:\/\/www.organisator.ch\/wp-content\/uploads\/2018\/01\/Prognose-Diese-Trends-werden-2018-die-IT-praegen_Organisator-553x350.jpg 553w, https:\/\/www.organisator.ch\/wp-content\/uploads\/2018\/01\/Prognose-Diese-Trends-werden-2018-die-IT-praegen_Organisator-300x190.jpg 300w\" sizes=\"auto, (max-width: 640px) 100vw, 640px\" \/><figcaption id=\"caption-attachment-2958\" class=\"wp-caption-text\">Was bringt 2018 f\u00fcr die IT? Eine Prognose scheint schwierig, doch ein Blick in die Kristallkugel zeigt ein paar eindeutige Trends. (Bild: BirgitH \/ pixelio.de)<\/figcaption><\/figure>\n<p>Das Jahr 2018 ist noch jung &#8211; also immer noch Zeit, um f\u00fcr eine Prognose\u00a0in die &#8222;Kristallkugel&#8220; zu blicken. Michael Rudnich von Riverbed hat sich ebenfalls Gedanken gemacht und pr\u00e4sentiert folgende IT-Trends und Predictions f\u00fcr 2018:<\/p>\n<h2>Das Internet of Things (IoT) und Hyper-Konnektivit\u00e4t werden traditionelle Security-Ma\u00dfnahmen grundlegend ver\u00e4ndern<\/h2>\n<p>Fr\u00fcher gab es nur wenige M\u00f6glichkeiten, Zugang zu einem System zu erhalten. Heutzutage steigt die Zahl der Ger\u00e4te und Access Points und damit die Zahl der Zug\u00e4nge rapide. Traditionelle Sicherheitsma\u00dfnahmen reichen deshalb nicht mehr aus. Die Vorstellung, dass das Netzwerk durch den Einsatz einer Firewall, die vertrauensw\u00fcrdigen und nicht-vertrauensw\u00fcrdigen Traffic trennt, gesch\u00fctzt wird, ist antiquiert. Stattdessen k\u00f6nnen Unternehmen die Sicherheit ihres Netzwerks sicherstellen, wenn sie es ganzheitlich betrachten und auf L\u00f6sungen setzen, die Anwenderverhalten \u00fcberwachen und diese Abweichungen erfassen.<\/p>\n<h2>Prognose: Service Provider werden f\u00fcr den Erfolg von IoT entscheidend sein<\/h2>\n<p>Das Internet of Things (IoT) setzt sich rasant durch: Bis zum Jahr 2020 ist mit 30 Milliarden IoT-Ger\u00e4ten weltweit zu rechnen. Die Ger\u00e4te m\u00fcssen alle mit dem Internet verbunden, verwaltet und gesichert werden, zugleich aber auch eine hohe Quality of Service f\u00fcr Endanwender liefern. Service Provider bieten das umfassendste Set an Kommunikationssystemen. Unternehmen wiederum sind auf Mobilit\u00e4tsservices, Bandbreite oder Netzwerkinfrastruktur angewiesen, wollen sie die ben\u00f6tigte Konnektivit\u00e4t bereitstellen. Die Verwaltung der Konnektivit\u00e4t der IoT-Ger\u00e4te stellt f\u00fcr die Unternehmen eine enorme Herausforderung dar, weshalb Service Provider davon profitieren werden, dementsprechende Dienstleistungen anzubieten.<\/p>\n<h2>F\u00fcr Service Provider wird das Benutzererlebnis zum Wettbewerbsvorteil<\/h2>\n<p>Heute bestimmen hohe Verf\u00fcgbarkeit, Sicherheit und Performance, wie wertvoll die von Service Providern erbrachten Dienstleistungen f\u00fcr Kunden sind. Dem Benutzererlebnis bez\u00fcglich dieser Services wird hingegen wenig Beachtung geschenkt, da es schwierig zu messen ist. Service Provider werden deshalb 2018 damit beginnen, die subjektive Stimmung der Anwender mittels Technologie f\u00fcr das Natural Language Processing zu bestimmen, so die Prognose. Diese Technologie kann menschliche Kommunikationskan\u00e4le interpretieren (z.B. Twitter, Facebook, Message Boards, etc.) und so die Zufriedenheit der Anwender messen. Diese Ergebnisse k\u00f6nnen dann herangezogen werden, um Probleme mit Anwendungen oder dem Netzwerk basierend auf der Stimmung der Anwender zu erkennen. Sie erg\u00e4nzen also traditionelle Monitoring-Technologien. Provider erhalten damit eine weitere Quelle, mit der sie bestimmen k\u00f6nnen, wie und wo sie Probleme angehen m\u00fcssen. Dies wiederum sorgt f\u00fcr einen Wettbewerbsvorteil, da sie auf die gro\u00dfe Zufriedenheit ihrer Kunden verweisen k\u00f6nnen.<\/p>\n<h2>Ein positives Benutzererlebnis ist nur mit Netzwerken der n\u00e4chsten Generation m\u00f6glich<\/h2>\n<p>Ein Unternehmen ist im Grunde genommen ein distribuiertes Netzwerk, das aus kleineren Workgroups besteht, die \u00fcber das Netzwerk miteinander verbunden sind. Die Nutzererfahrung bez\u00fcglich der wichtigsten Anwendungen und Services kann von Niederlassung zu Niederlassung und aus verschiedenen Gr\u00fcnden variieren. Die unterschiedlichen Erfahrungen, die Mitarbeiter mit Anwendungen machen, k\u00f6nnen allerdings negativ beeinflussen, wie diese Anwendungen und Services bewertet und wie h\u00e4ufig sie eingesetzt werden. Werden Anwendungen und Services wegen schlechter Nutzererfahrung nicht genutzt, stehen die erhofften Funktionalit\u00e4ten nicht zur Verf\u00fcgung, obwohl daf\u00fcr Budget investiert wurde. Das traditionelle Netzwerk ist hardwareabh\u00e4ngig und l\u00e4uft mit fragmentierten oder sogar ineffizienten Technologien, die schwankende Performance zur Folge haben. Das Performance Management der Anwendungen und Services ist f\u00fcr die IT des Unternehmens in solchen Netzwerken schwierig: Es gibt keinen ganzheitlichen Blick auf die Aktivit\u00e4ten und die Anforderungen an das Netzwerk, warum die n\u00f6tigen Schritte nicht unternommen werden k\u00f6nnen.<\/p>\n<p>Netzwerke der n\u00e4chsten Generation hingegen werden zum Gro\u00dfteil Software Defined sein. Damit kann die IT die optimalen Netzwerkpfade nutzen, Priorit\u00e4ten im Netzwerk-Traffic richtig setzen und die reibungslose Funktion des Netzwerks \u00fcberall sicherstellen. Diese Netzwerke bieten zudem integrierten, Ende-zu-Ende Einblick auf das Benutzererlebnis \u2013 vom Rechenzentrum bis zu den Endger\u00e4ten am Netzwerkrand. So k\u00f6nnen alle Faktoren identifiziert und behoben werden, die m\u00f6glicherweise die Performance beeinflussen und dies bevor die Anwender davon betroffen sind.<\/p>\n<p><em>Quelle: <a href=\"https:\/\/www.riverbed.com\/de\/index.html\">Riverbed<\/a><\/em><\/p>\n","protected":false},"excerpt":{"rendered":"<p>Das Jahr 2018 ist noch jung &#8211; also immer noch Zeit, um f\u00fcr eine Prognose\u00a0in die &#8222;Kristallkugel&#8220; zu blicken. Michael Rudnich von Riverbed hat sich ebenfalls Gedanken gemacht und pr\u00e4sentiert folgende IT-Trends und Predictions f\u00fcr 2018: Das Internet of Things (IoT) und Hyper-Konnektivit\u00e4t werden traditionelle Security-Ma\u00dfnahmen grundlegend ver\u00e4ndern Fr\u00fcher gab es nur wenige M\u00f6glichkeiten, Zugang [&hellip;]<\/p>\n","protected":false},"author":4,"featured_media":2958,"comment_status":"open","ping_status":"open","sticky":false,"template":"","format":"standard","meta":{"_acf_changed":false,"_yoast_wpseo_focuskw":"Prognose","_yoast_wpseo_metadesc":"Michael Rudrich, Regional Vice President DACH bei Riverbed, erkl\u00e4rt, welche Trends im Jahr 2018 die IT pr\u00e4gen werden.","articlekey":"","footnotes":""},"categories":[27],"tags":[156,282,286,485],"class_list":["post-2957","post","type-post","status-publish","format-standard","has-post-thumbnail","hentry","category-it","tag-digitalisierung","tag-internet-of-things","tag-it","tag-trends"],"acf":[],"yoast_head":"<!-- This site is optimized with the Yoast SEO plugin v27.5 - https:\/\/yoast.com\/product\/yoast-seo-wordpress\/ -->\n<title>Prognose: Diese Trends werden 2018 die IT pr\u00e4gen - Organisator<\/title>\n<meta name=\"description\" content=\"Michael Rudrich, Regional Vice President DACH bei Riverbed, erkl\u00e4rt, welche Trends im Jahr 2018 die IT pr\u00e4gen werden.\" \/>\n<meta name=\"robots\" content=\"index, follow, max-snippet:-1, max-image-preview:large, max-video-preview:-1\" \/>\n<link rel=\"canonical\" href=\"https:\/\/www.organisator.ch\/de\/management\/it\/2018-01-09\/prognose-diese-trends-werden-2018-die-it-praegen\/\" \/>\n<meta property=\"og:locale\" content=\"de_DE\" \/>\n<meta property=\"og:type\" content=\"article\" \/>\n<meta property=\"og:title\" content=\"Prognose: Diese Trends werden 2018 die IT pr\u00e4gen\" \/>\n<meta property=\"og:description\" content=\"Michael Rudrich, Regional Vice President DACH bei #Riverbed, erkl\u00e4rt, welche #Trends im Jahr 2018 die #IT pr\u00e4gen werden.\" \/>\n<meta property=\"og:url\" content=\"https:\/\/www.organisator.ch\/de\/management\/it\/2018-01-09\/prognose-diese-trends-werden-2018-die-it-praegen\/\" \/>\n<meta property=\"og:site_name\" content=\"Organisator\" \/>\n<meta property=\"article:publisher\" content=\"https:\/\/www.facebook.com\/OrganisatorFachmagazin\" \/>\n<meta property=\"article:published_time\" content=\"2018-01-09T14:58:50+00:00\" \/>\n<meta property=\"og:image\" content=\"https:\/\/www.organisator.ch\/wp-content\/uploads\/2018\/01\/Prognose-Diese-Trends-werden-2018-die-IT-praegen_Organisator.jpg\" \/>\n\t<meta property=\"og:image:width\" content=\"640\" \/>\n\t<meta property=\"og:image:height\" content=\"405\" \/>\n\t<meta property=\"og:image:type\" content=\"image\/jpeg\" \/>\n<meta name=\"author\" content=\"thomas.berner\" \/>\n<meta name=\"twitter:card\" content=\"summary_large_image\" \/>\n<meta name=\"twitter:title\" content=\"Prognose: Diese #Trends werden 2018 die #IT pr\u00e4gen\" \/>\n<meta name=\"twitter:description\" content=\"Michael Rudrich, Regional Vice President DACH bei #Riverbed, erkl\u00e4rt, welche Trends im Jahr 2018 die #IT pr\u00e4gen werden.\" \/>\n<meta name=\"twitter:image\" content=\"https:\/\/www.organisator.ch\/wp-content\/uploads\/2018\/01\/Prognose-Diese-Trends-werden-2018-die-IT-pr\u00e4gen_Organisator.jpg\" \/>\n<script type=\"application\/ld+json\" class=\"yoast-schema-graph\">{\"@context\":\"https:\\\/\\\/schema.org\",\"@graph\":[{\"@type\":\"Article\",\"@id\":\"https:\\\/\\\/www.organisator.ch\\\/management\\\/it\\\/2018-01-09\\\/prognose-diese-trends-werden-2018-die-it-praegen\\\/#article\",\"isPartOf\":{\"@id\":\"https:\\\/\\\/www.organisator.ch\\\/management\\\/it\\\/2018-01-09\\\/prognose-diese-trends-werden-2018-die-it-praegen\\\/\"},\"author\":{\"name\":\"thomas.berner\",\"@id\":\"https:\\\/\\\/www.organisator.ch\\\/#\\\/schema\\\/person\\\/6f650f90b2842cd4c0cc334b4e36f67e\"},\"headline\":\"Prognose: Diese Trends werden 2018 die IT pr\u00e4gen\",\"datePublished\":\"2018-01-09T14:58:50+00:00\",\"mainEntityOfPage\":{\"@id\":\"https:\\\/\\\/www.organisator.ch\\\/management\\\/it\\\/2018-01-09\\\/prognose-diese-trends-werden-2018-die-it-praegen\\\/\"},\"wordCount\":697,\"commentCount\":0,\"publisher\":{\"@id\":\"https:\\\/\\\/www.organisator.ch\\\/#organization\"},\"image\":{\"@id\":\"https:\\\/\\\/www.organisator.ch\\\/management\\\/it\\\/2018-01-09\\\/prognose-diese-trends-werden-2018-die-it-praegen\\\/#primaryimage\"},\"thumbnailUrl\":\"https:\\\/\\\/www.organisator.ch\\\/wp-content\\\/uploads\\\/2018\\\/01\\\/Prognose-Diese-Trends-werden-2018-die-IT-praegen_Organisator.jpg\",\"keywords\":[\"Digitalisierung\",\"Internet of Things\",\"IT\",\"Trends\"],\"articleSection\":[\"IT\"],\"inLanguage\":\"de\"},{\"@type\":\"WebPage\",\"@id\":\"https:\\\/\\\/www.organisator.ch\\\/management\\\/it\\\/2018-01-09\\\/prognose-diese-trends-werden-2018-die-it-praegen\\\/\",\"url\":\"https:\\\/\\\/www.organisator.ch\\\/management\\\/it\\\/2018-01-09\\\/prognose-diese-trends-werden-2018-die-it-praegen\\\/\",\"name\":\"Prognose: Diese Trends werden 2018 die IT pr\u00e4gen - Organisator\",\"isPartOf\":{\"@id\":\"https:\\\/\\\/www.organisator.ch\\\/#website\"},\"primaryImageOfPage\":{\"@id\":\"https:\\\/\\\/www.organisator.ch\\\/management\\\/it\\\/2018-01-09\\\/prognose-diese-trends-werden-2018-die-it-praegen\\\/#primaryimage\"},\"image\":{\"@id\":\"https:\\\/\\\/www.organisator.ch\\\/management\\\/it\\\/2018-01-09\\\/prognose-diese-trends-werden-2018-die-it-praegen\\\/#primaryimage\"},\"thumbnailUrl\":\"https:\\\/\\\/www.organisator.ch\\\/wp-content\\\/uploads\\\/2018\\\/01\\\/Prognose-Diese-Trends-werden-2018-die-IT-praegen_Organisator.jpg\",\"datePublished\":\"2018-01-09T14:58:50+00:00\",\"description\":\"Michael Rudrich, Regional Vice President DACH bei Riverbed, erkl\u00e4rt, welche Trends im Jahr 2018 die IT pr\u00e4gen werden.\",\"breadcrumb\":{\"@id\":\"https:\\\/\\\/www.organisator.ch\\\/management\\\/it\\\/2018-01-09\\\/prognose-diese-trends-werden-2018-die-it-praegen\\\/#breadcrumb\"},\"inLanguage\":\"de\",\"potentialAction\":[{\"@type\":\"ReadAction\",\"target\":[\"https:\\\/\\\/www.organisator.ch\\\/management\\\/it\\\/2018-01-09\\\/prognose-diese-trends-werden-2018-die-it-praegen\\\/\"]}]},{\"@type\":\"ImageObject\",\"inLanguage\":\"de\",\"@id\":\"https:\\\/\\\/www.organisator.ch\\\/management\\\/it\\\/2018-01-09\\\/prognose-diese-trends-werden-2018-die-it-praegen\\\/#primaryimage\",\"url\":\"https:\\\/\\\/www.organisator.ch\\\/wp-content\\\/uploads\\\/2018\\\/01\\\/Prognose-Diese-Trends-werden-2018-die-IT-praegen_Organisator.jpg\",\"contentUrl\":\"https:\\\/\\\/www.organisator.ch\\\/wp-content\\\/uploads\\\/2018\\\/01\\\/Prognose-Diese-Trends-werden-2018-die-IT-praegen_Organisator.jpg\",\"width\":640,\"height\":405,\"caption\":\"Was bringt 2018 f\u00fcr die IT? Eine Prognose scheint schwierig, doch ein Blick in die Kristallkugel zeigt ein paar eindeutige Trends. (Bild: BirgitH \\\/ pixelio.de)\"},{\"@type\":\"BreadcrumbList\",\"@id\":\"https:\\\/\\\/www.organisator.ch\\\/management\\\/it\\\/2018-01-09\\\/prognose-diese-trends-werden-2018-die-it-praegen\\\/#breadcrumb\",\"itemListElement\":[{\"@type\":\"ListItem\",\"position\":1,\"name\":\"Home\",\"item\":\"https:\\\/\\\/www.organisator.ch\\\/\"},{\"@type\":\"ListItem\",\"position\":2,\"name\":\"Prognose: Diese Trends werden 2018 die IT pr\u00e4gen\"}]},{\"@type\":\"WebSite\",\"@id\":\"https:\\\/\\\/www.organisator.ch\\\/#website\",\"url\":\"https:\\\/\\\/www.organisator.ch\\\/\",\"name\":\"Organisator\",\"description\":\"Kompetent. Praxisnah. Der ORGANISATOR bereitet in 10 Ausgaben pro Jahr die wesentlichen Themen f\u00fcr F\u00fchrungskr\u00e4fte von KMU auf.\",\"publisher\":{\"@id\":\"https:\\\/\\\/www.organisator.ch\\\/#organization\"},\"potentialAction\":[{\"@type\":\"SearchAction\",\"target\":{\"@type\":\"EntryPoint\",\"urlTemplate\":\"https:\\\/\\\/www.organisator.ch\\\/?s={search_term_string}\"},\"query-input\":{\"@type\":\"PropertyValueSpecification\",\"valueRequired\":true,\"valueName\":\"search_term_string\"}}],\"inLanguage\":\"de\"},{\"@type\":\"Organization\",\"@id\":\"https:\\\/\\\/www.organisator.ch\\\/#organization\",\"name\":\"Organisator\",\"url\":\"https:\\\/\\\/www.organisator.ch\\\/\",\"logo\":{\"@type\":\"ImageObject\",\"inLanguage\":\"de\",\"@id\":\"https:\\\/\\\/www.organisator.ch\\\/#\\\/schema\\\/logo\\\/image\\\/\",\"url\":\"https:\\\/\\\/www.organisator.ch\\\/wp-content\\\/uploads\\\/2022\\\/01\\\/Logo_Organisator_Website.png\",\"contentUrl\":\"https:\\\/\\\/www.organisator.ch\\\/wp-content\\\/uploads\\\/2022\\\/01\\\/Logo_Organisator_Website.png\",\"width\":800,\"height\":77,\"caption\":\"Organisator\"},\"image\":{\"@id\":\"https:\\\/\\\/www.organisator.ch\\\/#\\\/schema\\\/logo\\\/image\\\/\"},\"sameAs\":[\"https:\\\/\\\/www.facebook.com\\\/OrganisatorFachmagazin\",\"https:\\\/\\\/www.linkedin.com\\\/showcase\\\/organisator-das-magazin-fr-kmu\",\"https:\\\/\\\/www.xing.com\\\/news\\\/pages\\\/organisator-ch-695\",\"https:\\\/\\\/www.youtube.com\\\/channel\\\/UCGP2Sq0iWaZwT3BdIAQFYpw\"]},{\"@type\":\"Person\",\"@id\":\"https:\\\/\\\/www.organisator.ch\\\/#\\\/schema\\\/person\\\/6f650f90b2842cd4c0cc334b4e36f67e\",\"name\":\"thomas.berner\",\"image\":{\"@type\":\"ImageObject\",\"inLanguage\":\"de\",\"@id\":\"https:\\\/\\\/secure.gravatar.com\\\/avatar\\\/ac5001d2a36cb6c6cd3e50789007ffca834b477b74a2144564522e944eabff61?s=96&d=mm&r=g\",\"url\":\"https:\\\/\\\/secure.gravatar.com\\\/avatar\\\/ac5001d2a36cb6c6cd3e50789007ffca834b477b74a2144564522e944eabff61?s=96&d=mm&r=g\",\"contentUrl\":\"https:\\\/\\\/secure.gravatar.com\\\/avatar\\\/ac5001d2a36cb6c6cd3e50789007ffca834b477b74a2144564522e944eabff61?s=96&d=mm&r=g\",\"caption\":\"thomas.berner\"},\"url\":\"https:\\\/\\\/www.organisator.ch\\\/de\\\/author\\\/thomas-berner\\\/\"}]}<\/script>\n<!-- \/ Yoast SEO plugin. -->","yoast_head_json":{"title":"Prognose: Diese Trends werden 2018 die IT pr\u00e4gen - Organisator","description":"Michael Rudrich, Regional Vice President DACH bei Riverbed, erkl\u00e4rt, welche Trends im Jahr 2018 die IT pr\u00e4gen werden.","robots":{"index":"index","follow":"follow","max-snippet":"max-snippet:-1","max-image-preview":"max-image-preview:large","max-video-preview":"max-video-preview:-1"},"canonical":"https:\/\/www.organisator.ch\/de\/management\/it\/2018-01-09\/prognose-diese-trends-werden-2018-die-it-praegen\/","og_locale":"de_DE","og_type":"article","og_title":"Prognose: Diese Trends werden 2018 die IT pr\u00e4gen","og_description":"Michael Rudrich, Regional Vice President DACH bei #Riverbed, erkl\u00e4rt, welche #Trends im Jahr 2018 die #IT pr\u00e4gen werden.","og_url":"https:\/\/www.organisator.ch\/de\/management\/it\/2018-01-09\/prognose-diese-trends-werden-2018-die-it-praegen\/","og_site_name":"Organisator","article_publisher":"https:\/\/www.facebook.com\/OrganisatorFachmagazin","article_published_time":"2018-01-09T14:58:50+00:00","og_image":[{"width":640,"height":405,"url":"https:\/\/www.organisator.ch\/wp-content\/uploads\/2018\/01\/Prognose-Diese-Trends-werden-2018-die-IT-praegen_Organisator.jpg","type":"image\/jpeg"}],"author":"thomas.berner","twitter_card":"summary_large_image","twitter_title":"Prognose: Diese #Trends werden 2018 die #IT pr\u00e4gen","twitter_description":"Michael Rudrich, Regional Vice President DACH bei #Riverbed, erkl\u00e4rt, welche Trends im Jahr 2018 die #IT pr\u00e4gen werden.","twitter_image":"https:\/\/www.organisator.ch\/wp-content\/uploads\/2018\/01\/Prognose-Diese-Trends-werden-2018-die-IT-pr\u00e4gen_Organisator.jpg","schema":{"@context":"https:\/\/schema.org","@graph":[{"@type":"Article","@id":"https:\/\/www.organisator.ch\/management\/it\/2018-01-09\/prognose-diese-trends-werden-2018-die-it-praegen\/#article","isPartOf":{"@id":"https:\/\/www.organisator.ch\/management\/it\/2018-01-09\/prognose-diese-trends-werden-2018-die-it-praegen\/"},"author":{"name":"thomas.berner","@id":"https:\/\/www.organisator.ch\/#\/schema\/person\/6f650f90b2842cd4c0cc334b4e36f67e"},"headline":"Prognose: Diese Trends werden 2018 die IT pr\u00e4gen","datePublished":"2018-01-09T14:58:50+00:00","mainEntityOfPage":{"@id":"https:\/\/www.organisator.ch\/management\/it\/2018-01-09\/prognose-diese-trends-werden-2018-die-it-praegen\/"},"wordCount":697,"commentCount":0,"publisher":{"@id":"https:\/\/www.organisator.ch\/#organization"},"image":{"@id":"https:\/\/www.organisator.ch\/management\/it\/2018-01-09\/prognose-diese-trends-werden-2018-die-it-praegen\/#primaryimage"},"thumbnailUrl":"https:\/\/www.organisator.ch\/wp-content\/uploads\/2018\/01\/Prognose-Diese-Trends-werden-2018-die-IT-praegen_Organisator.jpg","keywords":["Digitalisierung","Internet of Things","IT","Trends"],"articleSection":["IT"],"inLanguage":"de"},{"@type":"WebPage","@id":"https:\/\/www.organisator.ch\/management\/it\/2018-01-09\/prognose-diese-trends-werden-2018-die-it-praegen\/","url":"https:\/\/www.organisator.ch\/management\/it\/2018-01-09\/prognose-diese-trends-werden-2018-die-it-praegen\/","name":"Prognose: Diese Trends werden 2018 die IT pr\u00e4gen - Organisator","isPartOf":{"@id":"https:\/\/www.organisator.ch\/#website"},"primaryImageOfPage":{"@id":"https:\/\/www.organisator.ch\/management\/it\/2018-01-09\/prognose-diese-trends-werden-2018-die-it-praegen\/#primaryimage"},"image":{"@id":"https:\/\/www.organisator.ch\/management\/it\/2018-01-09\/prognose-diese-trends-werden-2018-die-it-praegen\/#primaryimage"},"thumbnailUrl":"https:\/\/www.organisator.ch\/wp-content\/uploads\/2018\/01\/Prognose-Diese-Trends-werden-2018-die-IT-praegen_Organisator.jpg","datePublished":"2018-01-09T14:58:50+00:00","description":"Michael Rudrich, Regional Vice President DACH bei Riverbed, erkl\u00e4rt, welche Trends im Jahr 2018 die IT pr\u00e4gen werden.","breadcrumb":{"@id":"https:\/\/www.organisator.ch\/management\/it\/2018-01-09\/prognose-diese-trends-werden-2018-die-it-praegen\/#breadcrumb"},"inLanguage":"de","potentialAction":[{"@type":"ReadAction","target":["https:\/\/www.organisator.ch\/management\/it\/2018-01-09\/prognose-diese-trends-werden-2018-die-it-praegen\/"]}]},{"@type":"ImageObject","inLanguage":"de","@id":"https:\/\/www.organisator.ch\/management\/it\/2018-01-09\/prognose-diese-trends-werden-2018-die-it-praegen\/#primaryimage","url":"https:\/\/www.organisator.ch\/wp-content\/uploads\/2018\/01\/Prognose-Diese-Trends-werden-2018-die-IT-praegen_Organisator.jpg","contentUrl":"https:\/\/www.organisator.ch\/wp-content\/uploads\/2018\/01\/Prognose-Diese-Trends-werden-2018-die-IT-praegen_Organisator.jpg","width":640,"height":405,"caption":"Was bringt 2018 f\u00fcr die IT? Eine Prognose scheint schwierig, doch ein Blick in die Kristallkugel zeigt ein paar eindeutige Trends. (Bild: BirgitH \/ pixelio.de)"},{"@type":"BreadcrumbList","@id":"https:\/\/www.organisator.ch\/management\/it\/2018-01-09\/prognose-diese-trends-werden-2018-die-it-praegen\/#breadcrumb","itemListElement":[{"@type":"ListItem","position":1,"name":"Home","item":"https:\/\/www.organisator.ch\/"},{"@type":"ListItem","position":2,"name":"Prognose: Diese Trends werden 2018 die IT pr\u00e4gen"}]},{"@type":"WebSite","@id":"https:\/\/www.organisator.ch\/#website","url":"https:\/\/www.organisator.ch\/","name":"Organisator","description":"Kompetent. Praxisnah. Der ORGANISATOR bereitet in 10 Ausgaben pro Jahr die wesentlichen Themen f\u00fcr F\u00fchrungskr\u00e4fte von KMU auf.","publisher":{"@id":"https:\/\/www.organisator.ch\/#organization"},"potentialAction":[{"@type":"SearchAction","target":{"@type":"EntryPoint","urlTemplate":"https:\/\/www.organisator.ch\/?s={search_term_string}"},"query-input":{"@type":"PropertyValueSpecification","valueRequired":true,"valueName":"search_term_string"}}],"inLanguage":"de"},{"@type":"Organization","@id":"https:\/\/www.organisator.ch\/#organization","name":"Organisator","url":"https:\/\/www.organisator.ch\/","logo":{"@type":"ImageObject","inLanguage":"de","@id":"https:\/\/www.organisator.ch\/#\/schema\/logo\/image\/","url":"https:\/\/www.organisator.ch\/wp-content\/uploads\/2022\/01\/Logo_Organisator_Website.png","contentUrl":"https:\/\/www.organisator.ch\/wp-content\/uploads\/2022\/01\/Logo_Organisator_Website.png","width":800,"height":77,"caption":"Organisator"},"image":{"@id":"https:\/\/www.organisator.ch\/#\/schema\/logo\/image\/"},"sameAs":["https:\/\/www.facebook.com\/OrganisatorFachmagazin","https:\/\/www.linkedin.com\/showcase\/organisator-das-magazin-fr-kmu","https:\/\/www.xing.com\/news\/pages\/organisator-ch-695","https:\/\/www.youtube.com\/channel\/UCGP2Sq0iWaZwT3BdIAQFYpw"]},{"@type":"Person","@id":"https:\/\/www.organisator.ch\/#\/schema\/person\/6f650f90b2842cd4c0cc334b4e36f67e","name":"thomas.berner","image":{"@type":"ImageObject","inLanguage":"de","@id":"https:\/\/secure.gravatar.com\/avatar\/ac5001d2a36cb6c6cd3e50789007ffca834b477b74a2144564522e944eabff61?s=96&d=mm&r=g","url":"https:\/\/secure.gravatar.com\/avatar\/ac5001d2a36cb6c6cd3e50789007ffca834b477b74a2144564522e944eabff61?s=96&d=mm&r=g","contentUrl":"https:\/\/secure.gravatar.com\/avatar\/ac5001d2a36cb6c6cd3e50789007ffca834b477b74a2144564522e944eabff61?s=96&d=mm&r=g","caption":"thomas.berner"},"url":"https:\/\/www.organisator.ch\/de\/author\/thomas-berner\/"}]}},"_links":{"self":[{"href":"https:\/\/www.organisator.ch\/de\/wp-json\/wp\/v2\/posts\/2957","targetHints":{"allow":["GET"]}}],"collection":[{"href":"https:\/\/www.organisator.ch\/de\/wp-json\/wp\/v2\/posts"}],"about":[{"href":"https:\/\/www.organisator.ch\/de\/wp-json\/wp\/v2\/types\/post"}],"author":[{"embeddable":true,"href":"https:\/\/www.organisator.ch\/de\/wp-json\/wp\/v2\/users\/4"}],"replies":[{"embeddable":true,"href":"https:\/\/www.organisator.ch\/de\/wp-json\/wp\/v2\/comments?post=2957"}],"version-history":[{"count":0,"href":"https:\/\/www.organisator.ch\/de\/wp-json\/wp\/v2\/posts\/2957\/revisions"}],"wp:featuredmedia":[{"embeddable":true,"href":"https:\/\/www.organisator.ch\/de\/wp-json\/wp\/v2\/media\/2958"}],"wp:attachment":[{"href":"https:\/\/www.organisator.ch\/de\/wp-json\/wp\/v2\/media?parent=2957"}],"wp:term":[{"taxonomy":"category","embeddable":true,"href":"https:\/\/www.organisator.ch\/de\/wp-json\/wp\/v2\/categories?post=2957"},{"taxonomy":"post_tag","embeddable":true,"href":"https:\/\/www.organisator.ch\/de\/wp-json\/wp\/v2\/tags?post=2957"}],"curies":[{"name":"wp","href":"https:\/\/api.w.org\/{rel}","templated":true}]}}